{"id":74386,"date":"2025-07-21T18:25:57","date_gmt":"2025-07-21T21:25:57","guid":{"rendered":"https:\/\/noticiasribeiraopreto.com.br\/index.php\/2025\/07\/21\/equipe-de-polo-aquatico-de-ribeirao-conquista-titulo-internacional-e-mira-na-selecao-brasileira\/"},"modified":"2025-07-21T18:25:57","modified_gmt":"2025-07-21T21:25:57","slug":"equipe-de-polo-aquatico-de-ribeirao-conquista-titulo-internacional-e-mira-na-selecao-brasileira","status":"publish","type":"post","link":"https:\/\/noticiasribeiraopreto.com.br\/index.php\/2025\/07\/21\/equipe-de-polo-aquatico-de-ribeirao-conquista-titulo-internacional-e-mira-na-selecao-brasileira\/","title":{"rendered":"Equipe de polo aqu\u00e1tico de Ribeir\u00e3o conquista t\u00edtulo internacional e mira na Sele\u00e7\u00e3o Brasileira"},"content":{"rendered":"<div class='code-block code-block-1' style='margin: 8px 0 8px auto; text-align: right; display: block; clear: both;'>\n<p><a href=\"https:\/\/wa.link\/vpicfd\"><img data-recalc-dims=\"1\" class=\"wp-image-4922\" style=\"aspect-ratio: 2.0253164556962027; width: 561px; height: auto;\" src=\"https:\/\/i0.wp.com\/ismaelcolosi.com.br\/wp-content\/uploads\/2023\/11\/grupo-de-empregos-whatsapp-e-facebook-ismael-colosi-vagas.jpg?ssl=1\" alt=\"\" \/><\/a><\/p>\n<!-- \/wp:image -->\n<\/div>\n<p> <br \/>\n<\/p>\n<div>\n<p>Recentemente, a <strong>equipe de polo aqu\u00e1tico<\/strong> de Ribeir\u00e3o Preto, o <strong>Sesi Ribeir\u00e3o<\/strong>, conquistou, pela primeira vez, o t\u00edtulo do <strong>Campeonato Internacional Sub-15 <\/strong>ao derrotar a ABDA nos p\u00eanaltis, em Bauru. A conquista representa um marco para o polo aqu\u00e1tico local, que, h\u00e1 17 anos, forma atletas e abastece tanto equipes profissionais quanto sele\u00e7\u00f5es nacionais.<\/p>\n<p>Em conversa com o <em><strong>acidade on<\/strong><\/em>, o t\u00e9cnico Marcelo Freitas, que comanda o grupo, ressaltou o impacto da vit\u00f3ria na trajet\u00f3ria dos jovens atletas.<\/p>\n<figure class=\"wp-block-pullquote\">\n<blockquote>\n<p>Esse t\u00edtulo foi muito especial, pela dificuldade, pela emo\u00e7\u00e3o da final, pela supera\u00e7\u00e3o de v\u00e1rios atletas. Vencer nessa categoria mostra que em breve teremos mais atletas a representar nossas sele\u00e7\u00f5es<\/p>\n<p><cite>afirma Marcelo<\/cite><\/p><\/blockquote>\n<\/figure>\n<p><strong>A competi\u00e7\u00e3o internacional reuniu equipes de pa\u00edses como Argentina e Col\u00f4mbia.<\/strong> Al\u00e9m do ganho t\u00e9cnico proporcionado pela intensidade dos jogos e pela arbitragem mais rigorosa, o evento tamb\u00e9m ofereceu viv\u00eancias culturais \u2014 com troca de camisetas, contatos e integra\u00e7\u00e3o com jogadores estrangeiros.<\/p>\n<figure class=\"wp-block-gallery has-nested-images columns-default is-cropped wp-block-gallery-1 is-layout-flex wp-block-gallery-is-layout-flex\">\n<figure class=\"wp-block-image size-large\"><img data-recalc-dims=\"1\" fetchpriority=\"high\" decoding=\"async\" width=\"1024\" height=\"683\" data-id=\"123381\" src=\"https:\/\/i0.wp.com\/cdn.media-acidadeon.com.br\/ribeiraopreto\/wp-content\/uploads\/sites\/3\/2025\/07\/IMG-20250721-WA0182_2025-07-21_18-24-28-1024x683.webp?resize=1024%2C683&#038;ssl=1\" alt=\"\" class=\"wp-image-123381\" srcset=\"https:\/\/cdn.media-acidadeon.com.br\/ribeiraopreto\/wp-content\/uploads\/sites\/3\/2025\/07\/IMG-20250721-WA0182_2025-07-21_18-24-28-1024x683.webp 1024w, https:\/\/cdn.media-acidadeon.com.br\/ribeiraopreto\/wp-content\/uploads\/sites\/3\/2025\/07\/IMG-20250721-WA0182_2025-07-21_18-24-28-300x200.webp 300w, https:\/\/cdn.media-acidadeon.com.br\/ribeiraopreto\/wp-content\/uploads\/sites\/3\/2025\/07\/IMG-20250721-WA0182_2025-07-21_18-24-28-768x512.webp 768w, https:\/\/cdn.media-acidadeon.com.br\/ribeiraopreto\/wp-content\/uploads\/sites\/3\/2025\/07\/IMG-20250721-WA0182_2025-07-21_18-24-28-696x464.webp 696w, https:\/\/cdn.media-acidadeon.com.br\/ribeiraopreto\/wp-content\/uploads\/sites\/3\/2025\/07\/IMG-20250721-WA0182_2025-07-21_18-24-28-1068x712.webp 1068w, https:\/\/cdn.media-acidadeon.com.br\/ribeiraopreto\/wp-content\/uploads\/sites\/3\/2025\/07\/IMG-20250721-WA0182_2025-07-21_18-24-28.webp 1200w\" sizes=\"(max-width: 1024px) 100vw, 1024px\"\/><\/figure>\n<figure class=\"wp-block-image size-large\"><img data-recalc-dims=\"1\" loading=\"lazy\" decoding=\"async\" width=\"1024\" height=\"683\" data-id=\"123379\" src=\"https:\/\/i0.wp.com\/cdn.media-acidadeon.com.br\/ribeiraopreto\/wp-content\/uploads\/sites\/3\/2025\/07\/IMG-20250721-WA0185_2025-07-21_18-15-01-1024x683.webp?resize=1024%2C683&#038;ssl=1\" alt=\"\" class=\"wp-image-123379\" srcset=\"https:\/\/cdn.media-acidadeon.com.br\/ribeiraopreto\/wp-content\/uploads\/sites\/3\/2025\/07\/IMG-20250721-WA0185_2025-07-21_18-15-01-1024x683.webp 1024w, https:\/\/cdn.media-acidadeon.com.br\/ribeiraopreto\/wp-content\/uploads\/sites\/3\/2025\/07\/IMG-20250721-WA0185_2025-07-21_18-15-01-300x200.webp 300w, https:\/\/cdn.media-acidadeon.com.br\/ribeiraopreto\/wp-content\/uploads\/sites\/3\/2025\/07\/IMG-20250721-WA0185_2025-07-21_18-15-01-768x512.webp 768w, https:\/\/cdn.media-acidadeon.com.br\/ribeiraopreto\/wp-content\/uploads\/sites\/3\/2025\/07\/IMG-20250721-WA0185_2025-07-21_18-15-01-696x464.webp 696w, https:\/\/cdn.media-acidadeon.com.br\/ribeiraopreto\/wp-content\/uploads\/sites\/3\/2025\/07\/IMG-20250721-WA0185_2025-07-21_18-15-01-1068x712.webp 1068w, https:\/\/cdn.media-acidadeon.com.br\/ribeiraopreto\/wp-content\/uploads\/sites\/3\/2025\/07\/IMG-20250721-WA0185_2025-07-21_18-15-01.webp 1200w\" sizes=\"auto, (max-width: 1024px) 100vw, 1024px\"\/><\/figure>\n<\/figure>\n<p>Outro diferencial apontado por Marcelo Freitas est\u00e1 na base s\u00f3lida do grupo.<strong> A maioria dos atletas treina polo aqu\u00e1tico desde os 10 anos de idade e j\u00e1 atua tamb\u00e9m nas categorias Sub-16 e Sub-18.<\/strong> Esse hist\u00f3rico garante mais preparo t\u00e9cnico e mental, mesmo em uma categoria de base.<\/p>\n<figure class=\"wp-block-pullquote\">\n<blockquote>\n<p>Eles t\u00eam bastante experi\u00eancia para a idade que t\u00eam. Muitos j\u00e1 jogam no Sub-16 e at\u00e9 no Sub-18. E fora da \u00e1gua, s\u00e3o muito pr\u00f3ximos \u2014 estudam juntos, convivem bastante fora dos treinos. Isso reflete diretamente no entrosamento em jogo<\/p>\n<p><cite>explicou o t\u00e9cnico<\/cite><\/p><\/blockquote>\n<\/figure>\n<p>A conquista tamb\u00e9m impulsiona os planos para os pr\u00f3ximos desafios. Parte do elenco busca vaga na <strong>Sele\u00e7\u00e3o Brasileira Sub-15<\/strong>, que disputar\u00e1 os Jogos Pan-Americanos em setembro. Os treinos continuam em ritmo forte, mesmo nas f\u00e9rias escolares.<\/p>\n<figure class=\"wp-block-pullquote\">\n<blockquote>\n<p>Vencer d\u00e1 um g\u00e1s enorme. O calend\u00e1rio \u00e9 puxado, e essas vit\u00f3rias renovam a motiva\u00e7\u00e3o. Alguns atletas est\u00e3o treinando forte h\u00e1 meses<\/p>\n<p><cite>finaliza Freitas<\/cite><\/p><\/blockquote>\n<\/figure>\n<hr class=\"wp-block-separator has-alpha-channel-opacity\"\/>\n<p>SAIBA MAIS<\/p>\n<p>Passeio cultural gratuito transforma cemit\u00e9rio em museu a c\u00e9u aberto em Ribeir\u00e3o Preto<\/p>\n<h2 class=\"wp-block-heading\"><strong>FIQUE ON<\/strong><\/h2>\n<p>Quer ficar por dentro de tudo que acontece em Ribeir\u00e3o Preto e regi\u00e3o? Ent\u00e3o siga os perfis do\u202facidade on\u202fno\u202f<a href=\"https:\/\/www.instagram.com\/acidadeonribeirao\" target=\"_blank\" rel=\"noreferrer noopener\">Instagram<\/a>\u202fe no\u202f<a href=\"https:\/\/www.facebook.com\/acidadeonribeirao\/\" target=\"_blank\" rel=\"noreferrer noopener\">Facebook<\/a>.<\/p>\n<p>Al\u00e9m disso, voc\u00ea pode receber as principais not\u00edcias diretamente no WhatsApp. Para isso, basta\u00a0<a href=\"https:\/\/chat.whatsapp.com\/BjKQZ9oJwlz8VVT50NuePq\" target=\"_blank\" rel=\"noreferrer noopener\">entrar no grupo clicando aqui<\/a>. <mark style=\"background-color:#ffffff\" class=\"has-inline-color has-white-color\">, contudo<\/mark><\/p>\n<p>Por fim, se quiser fazer uma den\u00fancia ou sugerir uma reportagem sobre Ribeir\u00e3o Preto e regi\u00e3o, envie uma mensagem pelo WhatsApp: (16) 99117-7802.<mark style=\"background-color:#ffffff\" class=\"has-inline-color has-white-color\"> , contudo<\/mark><\/p>\n<p>VEJA TAMB\u00c9M<\/p>\n<p>Onde ver os locais de provas do concurso da PF?<\/p>\n<p><!-- AI CONTENT END 1 -->\n<\/div>\n<p><script async src=\"\/\/www.instagram.com\/embed.js\"><\/script><br \/>\n<br \/><br \/>\n<br \/><a href=\"https:\/\/www.acidadeon.com\/ribeiraopreto\/esportes\/equipe-depolo-aquatico-de-ribeirao-conquista-titulo-internacional-e-mira-na-selecao-brasileira\/\">Source link <\/a><\/p>\n<!-- CONTENT END 1 -->\n","protected":false},"excerpt":{"rendered":"<p>Recentemente, a equipe de polo aqu\u00e1tico de Ribeir\u00e3o Preto, o Sesi Ribeir\u00e3o, conquistou, pela primeira vez, o t\u00edtulo do Campeonato Internacional Sub-15 ao derrotar a&#8230;<\/p>\n","protected":false},"author":1,"featured_media":74387,"comment_status":"open","ping_status":"open","sticky":false,"template":"","format":"standard","meta":{"advanced_seo_description":"","jetpack_seo_html_title":"","jetpack_seo_noindex":false,"jetpack_post_was_ever_published":false,"_jetpack_newsletter_access":"","_jetpack_dont_email_post_to_subs":false,"_jetpack_newsletter_tier_id":0,"_jetpack_memberships_contains_paywalled_content":false,"_jetpack_memberships_contains_paid_content":false,"footnotes":"","jetpack_publicize_message":"","jetpack_publicize_feature_enabled":true,"jetpack_social_post_already_shared":true,"jetpack_social_options":{"image_generator_settings":{"template":"highway","default_image_id":0,"font":"","enabled":false},"version":2}},"categories":[11],"tags":[],"class_list":["post-74386","post","type-post","status-publish","format-standard","has-post-thumbnail","hentry","category-noticias-de-ribeirao-preto-sp-e-regiao-ismael-colosi"],"jetpack_publicize_connections":[],"jetpack_featured_media_url":"https:\/\/i0.wp.com\/noticiasribeiraopreto.com.br\/wp-content\/uploads\/2025\/07\/Copia-de-Copia-de-Copia-de-TAMANHO-EXATO-PARA-FOTOS-NO-SISTEMA-NOVO-2025-07-21T153011.052_2025-07-21_18-30-19.webp.webp?fit=1200%2C675&ssl=1","jetpack-related-posts":[{"id":61626,"url":"https:\/\/noticiasribeiraopreto.com.br\/index.php\/2024\/12\/17\/atleta-de-ribeirao-preto-conquista-a-copa-sao-paulo-de-ciclismo\/","url_meta":{"origin":74386,"position":0},"title":"Atleta de Ribeir\u00e3o Preto conquista a Copa S\u00e3o Paulo de Ciclismo","author":"noticiasribeiraopreto.com.br","date":"17 de December de 2024","format":false,"excerpt":"O ciclista Yuri Fontanesi, de 18 anos, que compete pela equipe de Ribeir\u00e3o Preto, conquistou o t\u00edtulo da categoria J\u00fanior da Copa S\u00e3o Paulo de Ciclismo, no \u00faltimo domingo (15). O atleta levou o t\u00edtulo ap\u00f3s completar a oitava e \u00faltima etapa, realizada em Buritizal, na segunda coloca\u00e7\u00e3o. Yuri totalizou\u2026","rel":"","context":"In &quot;Not\u00edcias de Ribeir\u00e3o Preto-SP e Regi\u00e3o&quot;","block_context":{"text":"Not\u00edcias de Ribeir\u00e3o Preto-SP e Regi\u00e3o","link":"https:\/\/noticiasribeiraopreto.com.br\/index.php\/category\/noticias-de-ribeirao-preto-sp-e-regiao-ismael-colosi\/"},"img":{"alt_text":"","src":"https:\/\/i0.wp.com\/noticiasribeiraopreto.com.br\/wp-content\/uploads\/2024\/12\/yuri_2024-12-17_20-51-35_jpg_2024-12-17_20-51-35.webp.webp?fit=1024%2C683&ssl=1&resize=350%2C200","width":350,"height":200,"srcset":"https:\/\/i0.wp.com\/noticiasribeiraopreto.com.br\/wp-content\/uploads\/2024\/12\/yuri_2024-12-17_20-51-35_jpg_2024-12-17_20-51-35.webp.webp?fit=1024%2C683&ssl=1&resize=350%2C200 1x, https:\/\/i0.wp.com\/noticiasribeiraopreto.com.br\/wp-content\/uploads\/2024\/12\/yuri_2024-12-17_20-51-35_jpg_2024-12-17_20-51-35.webp.webp?fit=1024%2C683&ssl=1&resize=525%2C300 1.5x, https:\/\/i0.wp.com\/noticiasribeiraopreto.com.br\/wp-content\/uploads\/2024\/12\/yuri_2024-12-17_20-51-35_jpg_2024-12-17_20-51-35.webp.webp?fit=1024%2C683&ssl=1&resize=700%2C400 2x"},"classes":[]},{"id":60907,"url":"https:\/\/noticiasribeiraopreto.com.br\/index.php\/2024\/11\/28\/goleira-da-regiao-de-ribeirao-preto-vence-premio-brasil-olimpico\/","url_meta":{"origin":74386,"position":1},"title":"Goleira da regi\u00e3o de Ribeir\u00e3o Preto vence Pr\u00eamio Brasil Ol\u00edmpico","author":"noticiasribeiraopreto.com.br","date":"28 de November de 2024","format":false,"excerpt":"A goleira da sele\u00e7\u00e3o brasileira feminina, Lorena, que defende o Gr\u00eamio-RS, mas \u00e9 natural de Ituverava, na regi\u00e3o de Ribeir\u00e3o Preto, foi anunciada pelo COB (Comit\u00ea Ol\u00edmpico do Brasil) como vencedora do Pr\u00eamio Brasil Ol\u00edmpico como melhor atleta do futebol em 2024. Lorena foi um dos destaques da sele\u00e7\u00e3o na\u2026","rel":"","context":"In &quot;Not\u00edcias de Ribeir\u00e3o Preto-SP e Regi\u00e3o&quot;","block_context":{"text":"Not\u00edcias de Ribeir\u00e3o Preto-SP e Regi\u00e3o","link":"https:\/\/noticiasribeiraopreto.com.br\/index.php\/category\/noticias-de-ribeirao-preto-sp-e-regiao-ismael-colosi\/"},"img":{"alt_text":"","src":"https:\/\/i0.wp.com\/noticiasribeiraopreto.com.br\/wp-content\/uploads\/2024\/11\/lorena-goleira-1_2024-11-28_18-38-57_jpg_2024-11-28_18-38-57.webp.webp?fit=1200%2C798&ssl=1&resize=350%2C200","width":350,"height":200,"srcset":"https:\/\/i0.wp.com\/noticiasribeiraopreto.com.br\/wp-content\/uploads\/2024\/11\/lorena-goleira-1_2024-11-28_18-38-57_jpg_2024-11-28_18-38-57.webp.webp?fit=1200%2C798&ssl=1&resize=350%2C200 1x, https:\/\/i0.wp.com\/noticiasribeiraopreto.com.br\/wp-content\/uploads\/2024\/11\/lorena-goleira-1_2024-11-28_18-38-57_jpg_2024-11-28_18-38-57.webp.webp?fit=1200%2C798&ssl=1&resize=525%2C300 1.5x, https:\/\/i0.wp.com\/noticiasribeiraopreto.com.br\/wp-content\/uploads\/2024\/11\/lorena-goleira-1_2024-11-28_18-38-57_jpg_2024-11-28_18-38-57.webp.webp?fit=1200%2C798&ssl=1&resize=700%2C400 2x, https:\/\/i0.wp.com\/noticiasribeiraopreto.com.br\/wp-content\/uploads\/2024\/11\/lorena-goleira-1_2024-11-28_18-38-57_jpg_2024-11-28_18-38-57.webp.webp?fit=1200%2C798&ssl=1&resize=1050%2C600 3x"},"classes":[]},{"id":65715,"url":"https:\/\/noticiasribeiraopreto.com.br\/index.php\/2025\/03\/23\/jornal-da-franca-time-jhonatan-conquista-o-titulo-do-jogo-das-estrelas-2025-sobre-jovens-atletas\/","url_meta":{"origin":74386,"position":2},"title":"Jornal da Franca &#8211; Time Jhonatan conquista o t\u00edtulo do Jogo das Estrelas 2025 sobre jovens atletas\u00a0","author":"noticiasribeiraopreto.com.br","date":"23 de March de 2025","format":false,"excerpt":"compartilhar no whatsapp compartilhar no telegram compartilhar no facebook compartilhar no linkedin Veteranos superam o Time Reynan e levam o trof\u00e9u do Jogo das Estrelas do NBB O Time Jhonatan, liderado pelo capit\u00e3o Jhonatan Luz, conquistou o t\u00edtulo do Jogo das Estrelas 2025, realizado neste s\u00e1bado (22\/03), na Arena UniBH,\u2026","rel":"","context":"In &quot;Not\u00edcias de Franca-SP&quot;","block_context":{"text":"Not\u00edcias de Franca-SP","link":"https:\/\/noticiasribeiraopreto.com.br\/index.php\/category\/noticias-de-ribeirao-preto-sp-e-regiao-ismael-colosi\/noticias-franca-sp\/"},"img":{"alt_text":"","src":"https:\/\/i0.wp.com\/noticiasribeiraopreto.com.br\/wp-content\/uploads\/2025\/03\/DM_4594-1200x800-1.jpg?fit=1200%2C800&ssl=1&resize=350%2C200","width":350,"height":200,"srcset":"https:\/\/i0.wp.com\/noticiasribeiraopreto.com.br\/wp-content\/uploads\/2025\/03\/DM_4594-1200x800-1.jpg?fit=1200%2C800&ssl=1&resize=350%2C200 1x, https:\/\/i0.wp.com\/noticiasribeiraopreto.com.br\/wp-content\/uploads\/2025\/03\/DM_4594-1200x800-1.jpg?fit=1200%2C800&ssl=1&resize=525%2C300 1.5x, https:\/\/i0.wp.com\/noticiasribeiraopreto.com.br\/wp-content\/uploads\/2025\/03\/DM_4594-1200x800-1.jpg?fit=1200%2C800&ssl=1&resize=700%2C400 2x, https:\/\/i0.wp.com\/noticiasribeiraopreto.com.br\/wp-content\/uploads\/2025\/03\/DM_4594-1200x800-1.jpg?fit=1200%2C800&ssl=1&resize=1050%2C600 3x"},"classes":[]},{"id":84770,"url":"https:\/\/noticiasribeiraopreto.com.br\/index.php\/2026\/04\/15\/ribeirao-preto-conquista-medalhas-no-paulista-de-karate-e-garante-vagas-no-brasileiro\/","url_meta":{"origin":74386,"position":3},"title":"Ribeir\u00e3o Preto conquista medalhas no Paulista de Karat\u00ea e garante vagas no Brasileiro","author":"noticiasribeiraopreto.com.br","date":"15 de April de 2026","format":false,"excerpt":"00:00 A+ A- Ler o resumo da not\u00edcia Ribeir\u00e3o Preto encerrou participa\u00e7\u00e3o no Campeonato Paulista de Karat\u00ea com 5 medalhas (3 ouros e 2 bronzes) em S\u00e3o Bernardo do Campo. A delega\u00e7\u00e3o garantiu vagas para a fase zonal do Campeonato Brasileiro. Pietro Finotti Rosa, 9 anos, venceu sua categoria e\u2026","rel":"","context":"In &quot;Not\u00edcias de Ribeir\u00e3o Preto-SP e Regi\u00e3o&quot;","block_context":{"text":"Not\u00edcias de Ribeir\u00e3o Preto-SP e Regi\u00e3o","link":"https:\/\/noticiasribeiraopreto.com.br\/index.php\/category\/noticias-de-ribeirao-preto-sp-e-regiao-ismael-colosi\/"},"img":{"alt_text":"","src":"https:\/\/i0.wp.com\/noticiasribeiraopreto.com.br\/wp-content\/uploads\/2026\/04\/domingo-35_2026-04-15_18-51-51.webp.webp?fit=1200%2C675&ssl=1&resize=350%2C200","width":350,"height":200,"srcset":"https:\/\/i0.wp.com\/noticiasribeiraopreto.com.br\/wp-content\/uploads\/2026\/04\/domingo-35_2026-04-15_18-51-51.webp.webp?fit=1200%2C675&ssl=1&resize=350%2C200 1x, https:\/\/i0.wp.com\/noticiasribeiraopreto.com.br\/wp-content\/uploads\/2026\/04\/domingo-35_2026-04-15_18-51-51.webp.webp?fit=1200%2C675&ssl=1&resize=525%2C300 1.5x, https:\/\/i0.wp.com\/noticiasribeiraopreto.com.br\/wp-content\/uploads\/2026\/04\/domingo-35_2026-04-15_18-51-51.webp.webp?fit=1200%2C675&ssl=1&resize=700%2C400 2x, https:\/\/i0.wp.com\/noticiasribeiraopreto.com.br\/wp-content\/uploads\/2026\/04\/domingo-35_2026-04-15_18-51-51.webp.webp?fit=1200%2C675&ssl=1&resize=1050%2C600 3x"},"classes":[]},{"id":80690,"url":"https:\/\/noticiasribeiraopreto.com.br\/index.php\/2025\/12\/11\/atleta-mirim-de-ribeirao-preto-conquista-ouro-em-campeonato-de-jiu-jitsu-nos-eua\/","url_meta":{"origin":74386,"position":4},"title":"Atleta mirim de Ribeir\u00e3o Preto conquista ouro em campeonato de jiu-jitsu nos EUA","author":"noticiasribeiraopreto.com.br","date":"11 de December de 2025","format":false,"excerpt":"O jovem atleta Jo\u00e3o Marcelo Migliaccio de Medeiros, de 8 anos, conquistou a medalha de ouro no campeonato organizado pela Jiu Jitsu World League (JJWL), uma das maiores ligas de jiu-jitsu dos Estados Unidos. A competi\u00e7\u00e3o aconteceu no \u00faltimo s\u00e1bado, 6 de dezembro, em San Diego, na Calif\u00f3rnia. Foto: Arquivo\u2026","rel":"","context":"In &quot;Not\u00edcias de Ribeir\u00e3o Preto-SP e Regi\u00e3o&quot;","block_context":{"text":"Not\u00edcias de Ribeir\u00e3o Preto-SP e Regi\u00e3o","link":"https:\/\/noticiasribeiraopreto.com.br\/index.php\/category\/noticias-de-ribeirao-preto-sp-e-regiao-ismael-colosi\/"},"img":{"alt_text":"","src":"https:\/\/i0.wp.com\/noticiasribeiraopreto.com.br\/wp-content\/uploads\/2025\/12\/597231343_1185688296423274_1887393361697969658_n_2025-12-10_21-03-17.webp.webp?fit=1144%2C720&ssl=1&resize=350%2C200","width":350,"height":200,"srcset":"https:\/\/i0.wp.com\/noticiasribeiraopreto.com.br\/wp-content\/uploads\/2025\/12\/597231343_1185688296423274_1887393361697969658_n_2025-12-10_21-03-17.webp.webp?fit=1144%2C720&ssl=1&resize=350%2C200 1x, https:\/\/i0.wp.com\/noticiasribeiraopreto.com.br\/wp-content\/uploads\/2025\/12\/597231343_1185688296423274_1887393361697969658_n_2025-12-10_21-03-17.webp.webp?fit=1144%2C720&ssl=1&resize=525%2C300 1.5x, https:\/\/i0.wp.com\/noticiasribeiraopreto.com.br\/wp-content\/uploads\/2025\/12\/597231343_1185688296423274_1887393361697969658_n_2025-12-10_21-03-17.webp.webp?fit=1144%2C720&ssl=1&resize=700%2C400 2x, https:\/\/i0.wp.com\/noticiasribeiraopreto.com.br\/wp-content\/uploads\/2025\/12\/597231343_1185688296423274_1887393361697969658_n_2025-12-10_21-03-17.webp.webp?fit=1144%2C720&ssl=1&resize=1050%2C600 3x"},"classes":[]},{"id":17746,"url":"https:\/\/noticiasribeiraopreto.com.br\/index.php\/2023\/12\/19\/volei-sub19-feminino-de-rp-conquista-mais-uma-medalha-de-ouro\/","url_meta":{"origin":74386,"position":5},"title":"V\u00f4lei sub19 feminino de RP conquista mais uma medalha de ouro","author":"noticiasribeiraopreto.com.br","date":"19 de December de 2023","format":false,"excerpt":"18 de dezembro de 2023 | 15:0018 de dezembro de 2023 | 14:02 0A equipe feminina de v\u00f4lei sub19 conquistou a Liga APV da categoria de maneira invicta. Foram quatorze vit\u00f3rias em quatorze partidas disputadas, com apenas dois sets perdidos. A grande final foi realizada na quadra da AABB, em\u2026","rel":"","context":"In &quot;Not\u00edcias de Ribeir\u00e3o Preto-SP e Regi\u00e3o&quot;","block_context":{"text":"Not\u00edcias de Ribeir\u00e3o Preto-SP e Regi\u00e3o","link":"https:\/\/noticiasribeiraopreto.com.br\/index.php\/category\/noticias-de-ribeirao-preto-sp-e-regiao-ismael-colosi\/"},"img":{"alt_text":"","src":"https:\/\/i0.wp.com\/noticiasribeiraopreto.com.br\/wp-content\/uploads\/2023\/12\/volei_sub19_1-scaled.jpeg?fit=860%2C645&ssl=1&resize=350%2C200","width":350,"height":200,"srcset":"https:\/\/i0.wp.com\/noticiasribeiraopreto.com.br\/wp-content\/uploads\/2023\/12\/volei_sub19_1-scaled.jpeg?fit=860%2C645&ssl=1&resize=350%2C200 1x, https:\/\/i0.wp.com\/noticiasribeiraopreto.com.br\/wp-content\/uploads\/2023\/12\/volei_sub19_1-scaled.jpeg?fit=860%2C645&ssl=1&resize=525%2C300 1.5x, https:\/\/i0.wp.com\/noticiasribeiraopreto.com.br\/wp-content\/uploads\/2023\/12\/volei_sub19_1-scaled.jpeg?fit=860%2C645&ssl=1&resize=700%2C400 2x"},"classes":[]}],"jetpack_sharing_enabled":true,"jetpack_shortlink":"https:\/\/wp.me\/peQAOb-jlM","_links":{"self":[{"href":"https:\/\/noticiasribeiraopreto.com.br\/index.php\/wp-json\/wp\/v2\/posts\/74386","targetHints":{"allow":["GET"]}}],"collection":[{"href":"https:\/\/noticiasribeiraopreto.com.br\/index.php\/wp-json\/wp\/v2\/posts"}],"about":[{"href":"https:\/\/noticiasribeiraopreto.com.br\/index.php\/wp-json\/wp\/v2\/types\/post"}],"author":[{"embeddable":true,"href":"https:\/\/noticiasribeiraopreto.com.br\/index.php\/wp-json\/wp\/v2\/users\/1"}],"replies":[{"embeddable":true,"href":"https:\/\/noticiasribeiraopreto.com.br\/index.php\/wp-json\/wp\/v2\/comments?post=74386"}],"version-history":[{"count":0,"href":"https:\/\/noticiasribeiraopreto.com.br\/index.php\/wp-json\/wp\/v2\/posts\/74386\/revisions"}],"wp:featuredmedia":[{"embeddable":true,"href":"https:\/\/noticiasribeiraopreto.com.br\/index.php\/wp-json\/wp\/v2\/media\/74387"}],"wp:attachment":[{"href":"https:\/\/noticiasribeiraopreto.com.br\/index.php\/wp-json\/wp\/v2\/media?parent=74386"}],"wp:term":[{"taxonomy":"category","embeddable":true,"href":"https:\/\/noticiasribeiraopreto.com.br\/index.php\/wp-json\/wp\/v2\/categories?post=74386"},{"taxonomy":"post_tag","embeddable":true,"href":"https:\/\/noticiasribeiraopreto.com.br\/index.php\/wp-json\/wp\/v2\/tags?post=74386"}],"curies":[{"name":"wp","href":"https:\/\/api.w.org\/{rel}","templated":true}]}}