{"id":74388,"date":"2025-07-21T20:56:24","date_gmt":"2025-07-21T23:56:24","guid":{"rendered":"https:\/\/noticiasribeiraopreto.com.br\/index.php\/2025\/07\/21\/jorge-e-mateus-em-ribeirao-ingressos-ja-estao-a-venda-e-precos-variam-de-r-80-a-r-12-mil\/"},"modified":"2025-07-21T20:56:24","modified_gmt":"2025-07-21T23:56:24","slug":"jorge-e-mateus-em-ribeirao-ingressos-ja-estao-a-venda-e-precos-variam-de-r-80-a-r-12-mil","status":"publish","type":"post","link":"https:\/\/noticiasribeiraopreto.com.br\/index.php\/2025\/07\/21\/jorge-e-mateus-em-ribeirao-ingressos-ja-estao-a-venda-e-precos-variam-de-r-80-a-r-12-mil\/","title":{"rendered":"Jorge e Mateus em Ribeir\u00e3o: Ingressos j\u00e1 est\u00e3o \u00e0 venda e pre\u00e7os variam de R$ 80 a R$ 1,2 mil"},"content":{"rendered":"<div class='code-block code-block-1' style='margin: 8px 0 8px auto; text-align: right; display: block; clear: both;'>\n<p><a href=\"https:\/\/wa.link\/vpicfd\"><img data-recalc-dims=\"1\" class=\"wp-image-4922\" style=\"aspect-ratio: 2.0253164556962027; width: 561px; height: auto;\" src=\"https:\/\/i0.wp.com\/ismaelcolosi.com.br\/wp-content\/uploads\/2023\/11\/grupo-de-empregos-whatsapp-e-facebook-ismael-colosi-vagas.jpg?ssl=1\" alt=\"\" \/><\/a><\/p>\n<!-- \/wp:image -->\n<\/div>\n<p> <br \/>\n<\/p>\n<div data-td-block-uid=\"tdi_95\">\n<div class=\"tdb-block-inner td-fix-index\">\n<p>A dupla <strong>Jorge e Mateus<\/strong> se apresenta em Ribeir\u00e3o Preto no dia <strong>20 de dezembro de 2025<\/strong>, no Est\u00e1dio Santa Cruz. O show faz parte da turn\u00ea comemorativa de 20 anos de carreira.<\/p>\n<p>A venda de ingressos come\u00e7ou nesta segunda-feira (21) e os <strong>pre\u00e7os variam entre R$ 80 e R$ 1,2 mil<\/strong>, de acordo com o setor e o lote. As op\u00e7\u00f5es incluem <strong>arquibancada<\/strong>, <strong>arena<\/strong>, <strong>cadeira ouro<\/strong>, <strong>frontstage <\/strong>e <strong>setor premium com open bar. <\/strong><\/p>\n<h3 class=\"wp-block-heading\"><strong>Confira os valores:<\/strong><\/h3>\n<p><strong>Arquibancada<\/strong><\/p>\n<ul class=\"wp-block-list\">\n<li>Meia\/Solid\u00e1ria (Lote 1): R$ 80,00 (+ R$ 12,00 taxa)<\/li>\n<li>Inteira (Lote 1): R$ 160,00 (+ R$ 24,00 taxa)<\/li>\n<\/ul>\n<p><strong>Arena<\/strong><\/p>\n<ul class=\"wp-block-list\">\n<li>Meia\/Solid\u00e1ria (Lote 1): R$ 90,00 (+ R$ 13,50 taxa)<\/li>\n<li>Inteira (Lote 1): R$ 180,00 (+ R$ 27,00 taxa)<\/li>\n<\/ul>\n<p><strong>Cadeira Ouro<\/strong><\/p>\n<ul class=\"wp-block-list\">\n<li>Meia\/Solid\u00e1ria \u2013 Sicoob (Lote 1): R$ 160,00 (+ R$ 24,00 taxa) \u2013 <em>esgotado<\/em><\/li>\n<li>Meia\/Solid\u00e1ria (Lote 2): R$ 210,00 (+ R$ 31,50 taxa)<\/li>\n<li>Inteira (Lote 2): R$ 420,00 (+ R$ 63,00 taxa)<\/li>\n<\/ul>\n<p><strong>Frontstage Open Bar<\/strong><\/p>\n<ul class=\"wp-block-list\">\n<li>Meia\/Solid\u00e1ria \u2013 Sicoob (Lote 1): R$ 260,00 (+ R$ 39,00 taxa) \u2013 <em>esgotado<\/em><\/li>\n<li>Inteira \u2013 Sicoob (Lote 1): R$ 520,00 (+ R$ 78,00 taxa) \u2013 <em>esgotado<\/em><\/li>\n<li>Meia\/Solid\u00e1ria (Lote 3): R$ 350,00 (+ R$ 52,50 taxa)<\/li>\n<li>Inteira (Lote 3): R$ 700,00 (+ R$ 105,00 taxa)<\/li>\n<\/ul>\n<p><strong>Premium 20 Anos Open Bar<\/strong><\/p>\n<ul class=\"wp-block-list\">\n<li>Meia\/Solid\u00e1ria (Lote 1): R$ 600,00 (+ R$ 90,00 taxa)<\/li>\n<li>Inteira (Lote 1): R$ 1.200,00 (+ R$ 180,00 taxa)<\/li>\n<\/ul>\n<p>A compra pode ser feita online por meio do site oficial do evento \u2013 <a href=\"https:\/\/q2ingressos.com.br\/events\/jorgeemateus-20anos-ribeiraopreto\">clique aqui.<\/a><\/p>\n<hr class=\"wp-block-separator has-alpha-channel-opacity\"\/>\n<p>SAIBA MAIS<\/p>\n<p>Passeio cultural gratuito transforma cemit\u00e9rio em museu a c\u00e9u aberto em Ribeir\u00e3o Preto<\/p>\n<h2 class=\"wp-block-heading\"><strong>FIQUE ON<\/strong><\/h2>\n<p>Quer ficar por dentro de tudo que acontece em Ribeir\u00e3o Preto e regi\u00e3o? Ent\u00e3o siga os perfis do\u202facidade on\u202fno\u202f<a href=\"https:\/\/www.instagram.com\/acidadeonribeirao\" target=\"_blank\" rel=\"noreferrer noopener\">Instagram<\/a>\u202fe no\u202f<a href=\"https:\/\/www.facebook.com\/acidadeonribeirao\/\" target=\"_blank\" rel=\"noreferrer noopener\">Facebook<\/a>.<\/p>\n<p>Al\u00e9m disso, voc\u00ea pode receber as principais not\u00edcias diretamente no WhatsApp. Para isso, basta\u00a0<a href=\"https:\/\/chat.whatsapp.com\/BjKQZ9oJwlz8VVT50NuePq\" target=\"_blank\" rel=\"noreferrer noopener\">entrar no grupo clicando aqui<\/a>. <mark style=\"background-color:#ffffff\" class=\"has-inline-color has-white-color\">, contudo<\/mark><\/p>\n<p>Por fim, se quiser fazer uma den\u00fancia ou sugerir uma reportagem sobre Ribeir\u00e3o Preto e regi\u00e3o, envie uma mensagem pelo WhatsApp: (16) 99117-7802.<mark style=\"background-color:#ffffff\" class=\"has-inline-color has-white-color\"> , contudo<\/mark><\/p>\n<p>VEJA TAMB\u00c9M<\/p>\n<p>Onde ver os locais de provas do concurso da PF?<\/p>\n<p><!-- AI CONTENT END 1 -->\n<\/div>\n<\/div>\n<p><script async src=\"\/\/www.instagram.com\/embed.js\"><\/script><br \/>\n<br \/><br \/>\n<br \/><a href=\"https:\/\/www.acidadeon.com\/ribeiraopreto\/lazer-e-cultura\/jorge-e-mateus-em-ribeirao-ingressos-ja-estao-a-venda-e-precos-variam-de-r-80-a-r-12-mil\/\">Source link <\/a><\/p>\n<!-- CONTENT END 1 -->\n","protected":false},"excerpt":{"rendered":"<p>A dupla Jorge e Mateus se apresenta em Ribeir\u00e3o Preto no dia 20 de dezembro de 2025, no Est\u00e1dio Santa Cruz. O show faz parte&#8230;<\/p>\n","protected":false},"author":1,"featured_media":74389,"comment_status":"open","ping_status":"open","sticky":false,"template":"","format":"standard","meta":{"advanced_seo_description":"","jetpack_seo_html_title":"","jetpack_seo_noindex":false,"jetpack_post_was_ever_published":false,"_jetpack_newsletter_access":"","_jetpack_dont_email_post_to_subs":false,"_jetpack_newsletter_tier_id":0,"_jetpack_memberships_contains_paywalled_content":false,"_jetpack_memberships_contains_paid_content":false,"footnotes":"","jetpack_publicize_message":"","jetpack_publicize_feature_enabled":true,"jetpack_social_post_already_shared":true,"jetpack_social_options":{"image_generator_settings":{"template":"highway","default_image_id":0,"font":"","enabled":false},"version":2}},"categories":[11],"tags":[],"class_list":["post-74388","post","type-post","status-publish","format-standard","has-post-thumbnail","hentry","category-noticias-de-ribeirao-preto-sp-e-regiao-ismael-colosi"],"jetpack_publicize_connections":[],"jetpack_featured_media_url":"https:\/\/i0.wp.com\/noticiasribeiraopreto.com.br\/wp-content\/uploads\/2025\/07\/WhatsApp-Image-2025-06-05-at-12.22.44_2025-06-05_15-45-13.webp.webp?fit=1200%2C801&ssl=1","jetpack-related-posts":[{"id":64706,"url":"https:\/\/noticiasribeiraopreto.com.br\/index.php\/2025\/03\/11\/gusttavo-lima-em-ribeirao-ingressos-ja-estao-a-venda-e-precos-variam-de-r-70-a-r-10-mil\/","url_meta":{"origin":74388,"position":0},"title":"Gusttavo Lima em Ribeir\u00e3o: Ingressos j\u00e1 est\u00e3o \u00e0 venda e pre\u00e7os variam de R$ 70 a R$ 10 mil","author":"noticiasribeiraopreto.com.br","date":"11 de March de 2025","format":false,"excerpt":"O cantor Gusttavo Lima se apresenta em Ribeir\u00e3o Preto no dia 28 de junho. Os ingressos come\u00e7aram a ser vendidos nesta ter\u00e7a-feira (11) e os pre\u00e7os variam de R$ 70 a R$ 10 mil. O projeto, denominado \u2018O Embaixador Classic\u2019, vai acontecer no Parque Permanente de Exposi\u00e7\u00f5es. Ao todo, s\u00e3o\u2026","rel":"","context":"In &quot;Not\u00edcias de Ribeir\u00e3o Preto-SP e Regi\u00e3o&quot;","block_context":{"text":"Not\u00edcias de Ribeir\u00e3o Preto-SP e Regi\u00e3o","link":"https:\/\/noticiasribeiraopreto.com.br\/index.php\/category\/noticias-de-ribeirao-preto-sp-e-regiao-ismael-colosi\/"},"img":{"alt_text":"","src":"https:\/\/i0.wp.com\/noticiasribeiraopreto.com.br\/wp-content\/uploads\/2025\/01\/IMG_9753-scaled-1_2025-01-21_15-41-41_jpg_2025-01-21_15-41-42.webp.webp?fit=1200%2C801&ssl=1&resize=350%2C200","width":350,"height":200,"srcset":"https:\/\/i0.wp.com\/noticiasribeiraopreto.com.br\/wp-content\/uploads\/2025\/01\/IMG_9753-scaled-1_2025-01-21_15-41-41_jpg_2025-01-21_15-41-42.webp.webp?fit=1200%2C801&ssl=1&resize=350%2C200 1x, https:\/\/i0.wp.com\/noticiasribeiraopreto.com.br\/wp-content\/uploads\/2025\/01\/IMG_9753-scaled-1_2025-01-21_15-41-41_jpg_2025-01-21_15-41-42.webp.webp?fit=1200%2C801&ssl=1&resize=525%2C300 1.5x, https:\/\/i0.wp.com\/noticiasribeiraopreto.com.br\/wp-content\/uploads\/2025\/01\/IMG_9753-scaled-1_2025-01-21_15-41-41_jpg_2025-01-21_15-41-42.webp.webp?fit=1200%2C801&ssl=1&resize=700%2C400 2x, https:\/\/i0.wp.com\/noticiasribeiraopreto.com.br\/wp-content\/uploads\/2025\/01\/IMG_9753-scaled-1_2025-01-21_15-41-41_jpg_2025-01-21_15-41-42.webp.webp?fit=1200%2C801&ssl=1&resize=1050%2C600 3x"},"classes":[]},{"id":73834,"url":"https:\/\/noticiasribeiraopreto.com.br\/index.php\/2025\/07\/10\/henrique-e-juliano-em-ribeirao-preto-ingressos-variam-de-r-70-a-r-760-veja-onde-comprar\/","url_meta":{"origin":74388,"position":1},"title":"Henrique e Juliano em Ribeir\u00e3o Preto: ingressos variam de R$ 70 a R$ 760; veja onde comprar","author":"noticiasribeiraopreto.com.br","date":"10 de July de 2025","format":false,"excerpt":"A dupla Henrique e Juliano confirmou um show em Ribeir\u00e3o Preto para o dia 13 de setembro de 2025. A apresenta\u00e7\u00e3o vai acontecer no Parque Permanente de Exposi\u00e7\u00f5es. O an\u00fancio foi feito na \u00faltima quinta-feira (3), por meio das redes sociais oficiais dos artistas. As vendas de ingressos come\u00e7aram nesta\u2026","rel":"","context":"In &quot;Not\u00edcias de Ribeir\u00e3o Preto-SP e Regi\u00e3o&quot;","block_context":{"text":"Not\u00edcias de Ribeir\u00e3o Preto-SP e Regi\u00e3o","link":"https:\/\/noticiasribeiraopreto.com.br\/index.php\/category\/noticias-de-ribeirao-preto-sp-e-regiao-ismael-colosi\/"},"img":{"alt_text":"","src":"https:\/\/i0.wp.com\/noticiasribeiraopreto.com.br\/wp-content\/uploads\/2025\/07\/Copia-de-Copia-de-Copia-de-TAMANHO-EXATO-PARA-FOTOS-NO-SISTEMA-NOVO-2025-07-10T145131.060_2025-07-10_17-51-51.webp.webp?fit=1200%2C675&ssl=1&resize=350%2C200","width":350,"height":200,"srcset":"https:\/\/i0.wp.com\/noticiasribeiraopreto.com.br\/wp-content\/uploads\/2025\/07\/Copia-de-Copia-de-Copia-de-TAMANHO-EXATO-PARA-FOTOS-NO-SISTEMA-NOVO-2025-07-10T145131.060_2025-07-10_17-51-51.webp.webp?fit=1200%2C675&ssl=1&resize=350%2C200 1x, https:\/\/i0.wp.com\/noticiasribeiraopreto.com.br\/wp-content\/uploads\/2025\/07\/Copia-de-Copia-de-Copia-de-TAMANHO-EXATO-PARA-FOTOS-NO-SISTEMA-NOVO-2025-07-10T145131.060_2025-07-10_17-51-51.webp.webp?fit=1200%2C675&ssl=1&resize=525%2C300 1.5x, https:\/\/i0.wp.com\/noticiasribeiraopreto.com.br\/wp-content\/uploads\/2025\/07\/Copia-de-Copia-de-Copia-de-TAMANHO-EXATO-PARA-FOTOS-NO-SISTEMA-NOVO-2025-07-10T145131.060_2025-07-10_17-51-51.webp.webp?fit=1200%2C675&ssl=1&resize=700%2C400 2x, https:\/\/i0.wp.com\/noticiasribeiraopreto.com.br\/wp-content\/uploads\/2025\/07\/Copia-de-Copia-de-Copia-de-TAMANHO-EXATO-PARA-FOTOS-NO-SISTEMA-NOVO-2025-07-10T145131.060_2025-07-10_17-51-51.webp.webp?fit=1200%2C675&ssl=1&resize=1050%2C600 3x"},"classes":[]},{"id":73061,"url":"https:\/\/noticiasribeiraopreto.com.br\/index.php\/2025\/06\/24\/gusttavo-lima-chega-a-ribeirao-preto-com-o-projeto-embaixador-classic-ainda-ha-ingressos\/","url_meta":{"origin":74388,"position":2},"title":"Gusttavo Lima chega a Ribeir\u00e3o Preto com o projeto Embaixador Classic; ainda h\u00e1 ingressos","author":"noticiasribeiraopreto.com.br","date":"24 de June de 2025","format":false,"excerpt":"O cantor Gusttavo Lima se apresenta neste s\u00e1bado (28), a partir das 17h, no Est\u00e1dio Santa Cruz, em Ribeir\u00e3o Preto. O show faz parte do projeto Embaixador Classic, que traz o artista acompanhado de uma orquestra ao vivo. Ainda h\u00e1 ingressos dispon\u00edveis; os valores variam conforme o setor escolhido, com\u2026","rel":"","context":"In &quot;Not\u00edcias de Ribeir\u00e3o Preto-SP e Regi\u00e3o&quot;","block_context":{"text":"Not\u00edcias de Ribeir\u00e3o Preto-SP e Regi\u00e3o","link":"https:\/\/noticiasribeiraopreto.com.br\/index.php\/category\/noticias-de-ribeirao-preto-sp-e-regiao-ismael-colosi\/"},"img":{"alt_text":"","src":"https:\/\/i0.wp.com\/noticiasribeiraopreto.com.br\/wp-content\/uploads\/2025\/06\/IMG_9753-scaled-1_2025-01-21_15-41-41_jpg_2025-01-21_15-41-42.webp.webp?fit=1200%2C801&ssl=1&resize=350%2C200","width":350,"height":200,"srcset":"https:\/\/i0.wp.com\/noticiasribeiraopreto.com.br\/wp-content\/uploads\/2025\/06\/IMG_9753-scaled-1_2025-01-21_15-41-41_jpg_2025-01-21_15-41-42.webp.webp?fit=1200%2C801&ssl=1&resize=350%2C200 1x, https:\/\/i0.wp.com\/noticiasribeiraopreto.com.br\/wp-content\/uploads\/2025\/06\/IMG_9753-scaled-1_2025-01-21_15-41-41_jpg_2025-01-21_15-41-42.webp.webp?fit=1200%2C801&ssl=1&resize=525%2C300 1.5x, https:\/\/i0.wp.com\/noticiasribeiraopreto.com.br\/wp-content\/uploads\/2025\/06\/IMG_9753-scaled-1_2025-01-21_15-41-41_jpg_2025-01-21_15-41-42.webp.webp?fit=1200%2C801&ssl=1&resize=700%2C400 2x, https:\/\/i0.wp.com\/noticiasribeiraopreto.com.br\/wp-content\/uploads\/2025\/06\/IMG_9753-scaled-1_2025-01-21_15-41-41_jpg_2025-01-21_15-41-42.webp.webp?fit=1200%2C801&ssl=1&resize=1050%2C600 3x"},"classes":[]},{"id":62892,"url":"https:\/\/noticiasribeiraopreto.com.br\/index.php\/2025\/01\/27\/joao-rock-anuncia-pre-venda-de-ingressos-com-lote-promocional-saiba-como-comprar\/","url_meta":{"origin":74388,"position":3},"title":"Jo\u00e3o Rock anuncia pr\u00e9-venda de ingressos com lote promocional; saiba como comprar","author":"noticiasribeiraopreto.com.br","date":"27 de January de 2025","format":false,"excerpt":"A 22\u00aa edi\u00e7\u00e3o do Jo\u00e3o Rock acontece no dia 14 de junho, em Ribeir\u00e3o Preto, e os f\u00e3s do festival j\u00e1 podem garantir seus ingressos durante o per\u00edodo de pr\u00e9-venda, que come\u00e7a nesta ter\u00e7a-feira (28), a partir das 12h. O lote promocional vai at\u00e9 o dia 3 de fevereiro, \u00e0s\u2026","rel":"","context":"In &quot;Not\u00edcias de Ribeir\u00e3o Preto-SP e Regi\u00e3o&quot;","block_context":{"text":"Not\u00edcias de Ribeir\u00e3o Preto-SP e Regi\u00e3o","link":"https:\/\/noticiasribeiraopreto.com.br\/index.php\/category\/noticias-de-ribeirao-preto-sp-e-regiao-ismael-colosi\/"},"img":{"alt_text":"","src":"https:\/\/i0.wp.com\/noticiasribeiraopreto.com.br\/wp-content\/uploads\/2025\/01\/Imagem-do-WhatsApp-de-2025-01-27-as-18.05.46_992e34a1_2025-01-27_21-19-54_jpg_2025-01-27_21-19-54.webp.webp?fit=800%2C450&ssl=1&resize=350%2C200","width":350,"height":200,"srcset":"https:\/\/i0.wp.com\/noticiasribeiraopreto.com.br\/wp-content\/uploads\/2025\/01\/Imagem-do-WhatsApp-de-2025-01-27-as-18.05.46_992e34a1_2025-01-27_21-19-54_jpg_2025-01-27_21-19-54.webp.webp?fit=800%2C450&ssl=1&resize=350%2C200 1x, https:\/\/i0.wp.com\/noticiasribeiraopreto.com.br\/wp-content\/uploads\/2025\/01\/Imagem-do-WhatsApp-de-2025-01-27-as-18.05.46_992e34a1_2025-01-27_21-19-54_jpg_2025-01-27_21-19-54.webp.webp?fit=800%2C450&ssl=1&resize=525%2C300 1.5x, https:\/\/i0.wp.com\/noticiasribeiraopreto.com.br\/wp-content\/uploads\/2025\/01\/Imagem-do-WhatsApp-de-2025-01-27-as-18.05.46_992e34a1_2025-01-27_21-19-54_jpg_2025-01-27_21-19-54.webp.webp?fit=800%2C450&ssl=1&resize=700%2C400 2x"},"classes":[]},{"id":27649,"url":"https:\/\/noticiasribeiraopreto.com.br\/index.php\/2024\/01\/12\/victor-e-leo-trazem-turne-para-ribeirao-preto-ingressos-ja-estao-disponiveis\/","url_meta":{"origin":74388,"position":4},"title":"Victor e Leo trazem turn\u00ea para Ribeir\u00e3o Preto; Ingressos j\u00e1 est\u00e3o dispon\u00edveis","author":"noticiasribeiraopreto.com.br","date":"12 de January de 2024","format":false,"excerpt":"A dupla sertaneja Victor e L\u00e9o se apresenta, no dia 06 de abril, na Arena Nicnet Eurobike, em Ribeir\u00e3o Preto. A apresenta\u00e7\u00e3o faz parte de uma turn\u00ea que marca o retorno da dupla aos palcos. Em 2018, os irm\u00e3os anunciaram uma pausa na carreira, ap\u00f3s 26 anos de estrada. No\u2026","rel":"","context":"In &quot;Not\u00edcias de Ribeir\u00e3o Preto-SP e Regi\u00e3o&quot;","block_context":{"text":"Not\u00edcias de Ribeir\u00e3o Preto-SP e Regi\u00e3o","link":"https:\/\/noticiasribeiraopreto.com.br\/index.php\/category\/noticias-de-ribeirao-preto-sp-e-regiao-ismael-colosi\/"},"img":{"alt_text":"","src":"https:\/\/i0.wp.com\/noticiasribeiraopreto.com.br\/wp-content\/uploads\/2024\/01\/387267941_857011422480642_5547308991292430978_n.jpg?fit=1080%2C720&ssl=1&resize=350%2C200","width":350,"height":200,"srcset":"https:\/\/i0.wp.com\/noticiasribeiraopreto.com.br\/wp-content\/uploads\/2024\/01\/387267941_857011422480642_5547308991292430978_n.jpg?fit=1080%2C720&ssl=1&resize=350%2C200 1x, https:\/\/i0.wp.com\/noticiasribeiraopreto.com.br\/wp-content\/uploads\/2024\/01\/387267941_857011422480642_5547308991292430978_n.jpg?fit=1080%2C720&ssl=1&resize=525%2C300 1.5x, https:\/\/i0.wp.com\/noticiasribeiraopreto.com.br\/wp-content\/uploads\/2024\/01\/387267941_857011422480642_5547308991292430978_n.jpg?fit=1080%2C720&ssl=1&resize=700%2C400 2x, https:\/\/i0.wp.com\/noticiasribeiraopreto.com.br\/wp-content\/uploads\/2024\/01\/387267941_857011422480642_5547308991292430978_n.jpg?fit=1080%2C720&ssl=1&resize=1050%2C600 3x"},"classes":[]},{"id":57790,"url":"https:\/\/noticiasribeiraopreto.com.br\/index.php\/2024\/09\/10\/ingressos-para-botafogo-x-santos-em-ribeirao-ja-estao-a-venda-veja-os-valores\/","url_meta":{"origin":74388,"position":5},"title":"Ingressos para Botafogo x Santos em Ribeir\u00e3o j\u00e1 est\u00e3o \u00e0 venda; Veja os valores","author":"noticiasribeiraopreto.com.br","date":"10 de September de 2024","format":false,"excerpt":"O Botafogo iniciou, nesta ter\u00e7a-feira (10), a venda de ingressos para a partida contra o Santos, marcada para a pr\u00f3xima quinta-feira, dia 19 de setembro, pela 27\u00aa rodada do Campeonato Brasileiro da S\u00e9rie B. A disputa acontece \u00e0s 21h30, no est\u00e1dio Santa Cruz\/Arena Nicnet, em Ribeir\u00e3o Preto. Os valores variam\u2026","rel":"","context":"In &quot;Not\u00edcias de Ribeir\u00e3o Preto-SP e Regi\u00e3o&quot;","block_context":{"text":"Not\u00edcias de Ribeir\u00e3o Preto-SP e Regi\u00e3o","link":"https:\/\/noticiasribeiraopreto.com.br\/index.php\/category\/noticias-de-ribeirao-preto-sp-e-regiao-ismael-colosi\/"},"img":{"alt_text":"","src":"https:\/\/i0.wp.com\/noticiasribeiraopreto.com.br\/wp-content\/uploads\/2024\/09\/WhatsApp-Image-2024-01-09-at-16.41.38.jpeg?fit=1200%2C675&ssl=1&resize=350%2C200","width":350,"height":200,"srcset":"https:\/\/i0.wp.com\/noticiasribeiraopreto.com.br\/wp-content\/uploads\/2024\/09\/WhatsApp-Image-2024-01-09-at-16.41.38.jpeg?fit=1200%2C675&ssl=1&resize=350%2C200 1x, https:\/\/i0.wp.com\/noticiasribeiraopreto.com.br\/wp-content\/uploads\/2024\/09\/WhatsApp-Image-2024-01-09-at-16.41.38.jpeg?fit=1200%2C675&ssl=1&resize=525%2C300 1.5x, https:\/\/i0.wp.com\/noticiasribeiraopreto.com.br\/wp-content\/uploads\/2024\/09\/WhatsApp-Image-2024-01-09-at-16.41.38.jpeg?fit=1200%2C675&ssl=1&resize=700%2C400 2x, https:\/\/i0.wp.com\/noticiasribeiraopreto.com.br\/wp-content\/uploads\/2024\/09\/WhatsApp-Image-2024-01-09-at-16.41.38.jpeg?fit=1200%2C675&ssl=1&resize=1050%2C600 3x"},"classes":[]}],"jetpack_sharing_enabled":true,"jetpack_shortlink":"https:\/\/wp.me\/peQAOb-jlO","_links":{"self":[{"href":"https:\/\/noticiasribeiraopreto.com.br\/index.php\/wp-json\/wp\/v2\/posts\/74388","targetHints":{"allow":["GET"]}}],"collection":[{"href":"https:\/\/noticiasribeiraopreto.com.br\/index.php\/wp-json\/wp\/v2\/posts"}],"about":[{"href":"https:\/\/noticiasribeiraopreto.com.br\/index.php\/wp-json\/wp\/v2\/types\/post"}],"author":[{"embeddable":true,"href":"https:\/\/noticiasribeiraopreto.com.br\/index.php\/wp-json\/wp\/v2\/users\/1"}],"replies":[{"embeddable":true,"href":"https:\/\/noticiasribeiraopreto.com.br\/index.php\/wp-json\/wp\/v2\/comments?post=74388"}],"version-history":[{"count":0,"href":"https:\/\/noticiasribeiraopreto.com.br\/index.php\/wp-json\/wp\/v2\/posts\/74388\/revisions"}],"wp:featuredmedia":[{"embeddable":true,"href":"https:\/\/noticiasribeiraopreto.com.br\/index.php\/wp-json\/wp\/v2\/media\/74389"}],"wp:attachment":[{"href":"https:\/\/noticiasribeiraopreto.com.br\/index.php\/wp-json\/wp\/v2\/media?parent=74388"}],"wp:term":[{"taxonomy":"category","embeddable":true,"href":"https:\/\/noticiasribeiraopreto.com.br\/index.php\/wp-json\/wp\/v2\/categories?post=74388"},{"taxonomy":"post_tag","embeddable":true,"href":"https:\/\/noticiasribeiraopreto.com.br\/index.php\/wp-json\/wp\/v2\/tags?post=74388"}],"curies":[{"name":"wp","href":"https:\/\/api.w.org\/{rel}","templated":true}]}}