{"id":74390,"date":"2025-07-21T23:56:35","date_gmt":"2025-07-22T02:56:35","guid":{"rendered":"https:\/\/noticiasribeiraopreto.com.br\/index.php\/2025\/07\/21\/mp-denuncia-dono-de-investidora-e-mais-quatro-por-golpe-de-r-40-milhoes-em-ribeirao\/"},"modified":"2025-07-21T23:56:35","modified_gmt":"2025-07-22T02:56:35","slug":"mp-denuncia-dono-de-investidora-e-mais-quatro-por-golpe-de-r-40-milhoes-em-ribeirao","status":"publish","type":"post","link":"https:\/\/noticiasribeiraopreto.com.br\/index.php\/2025\/07\/21\/mp-denuncia-dono-de-investidora-e-mais-quatro-por-golpe-de-r-40-milhoes-em-ribeirao\/","title":{"rendered":"MP denuncia dono de investidora e mais quatro por golpe de R$ 40 milh\u00f5es em Ribeir\u00e3o"},"content":{"rendered":"<div class='code-block code-block-1' style='margin: 8px 0 8px auto; text-align: right; display: block; clear: both;'>\n<p><a href=\"https:\/\/wa.link\/vpicfd\"><img data-recalc-dims=\"1\" class=\"wp-image-4922\" style=\"aspect-ratio: 2.0253164556962027; width: 561px; height: auto;\" src=\"https:\/\/i0.wp.com\/ismaelcolosi.com.br\/wp-content\/uploads\/2023\/11\/grupo-de-empregos-whatsapp-e-facebook-ismael-colosi-vagas.jpg?ssl=1\" alt=\"\" \/><\/a><\/p>\n<!-- \/wp:image -->\n<\/div>\n<p> <br \/>\n<\/p>\n<div>\n<p>O <strong>Minist\u00e9rio P\u00fablico denunciou Andr\u00e9 Luiz de Jesus da Rosa<\/strong>, dono da B&amp;B Investidora, e outros quatro envolvidos pelos crimes de <strong>estelionato e organiza\u00e7\u00e3o criminosa<\/strong>. O grupo \u00e9 acusado de aplicar um golpe que ultrapassa <strong>R$ 40 milh\u00f5es em preju\u00edzos<\/strong>, com v\u00edtimas espalhadas por diversas regi\u00f5es do pa\u00eds.<\/p>\n<p>Andr\u00e9 est\u00e1 <strong>foragido desde mar\u00e7o de 2023<\/strong>, quando o suposto esquema foi descoberto. A investiga\u00e7\u00e3o aponta que a B&amp;B oferecia <strong>rendimentos mensais de at\u00e9 10%<\/strong> \u2014 bem acima do praticado no mercado financeiro \u2014 para atrair investidores. No entanto, segundo o MP, o dinheiro captado <strong>nunca foi de fato investido<\/strong> e servia apenas para sustentar a opera\u00e7\u00e3o em formato de <strong>pir\u00e2mide financeira<\/strong>.<\/p>\n<p>Al\u00e9m de Andr\u00e9, foram denunciados o irm\u00e3o dele, <strong>Alex Sandro de Jesus da Rosa<\/strong>, e os ex-funcion\u00e1rios <strong>Pedro Eduardo Freitas Duarte, Paulo Rog\u00e9rio do Nascimento e Phelippe Christ\u00f3somo da Silva<\/strong>. Todos teriam recebido <strong>valores acima da m\u00e9dia salarial<\/strong> para esse tipo de atividade.<\/p>\n<div class=\"wp-block-image\">\n<figure class=\"aligncenter size-large is-resized\"><img data-recalc-dims=\"1\" fetchpriority=\"high\" decoding=\"async\" width=\"1024\" height=\"576\" src=\"https:\/\/i0.wp.com\/cdn.media-acidadeon.com.br\/ribeiraopreto\/wp-content\/uploads\/sites\/3\/2025\/07\/Copia-de-Copia-de-Copia-de-TAMANHO-EXATO-PARA-FOTOS-NO-SISTEMA-NOVO-2025-07-21T211147.789_2025-07-22_00-12-44-1024x576.webp?resize=1024%2C576&#038;ssl=1\" alt=\"\" class=\"wp-image-123404\" style=\"width:720px;height:auto\" srcset=\"https:\/\/cdn.media-acidadeon.com.br\/ribeiraopreto\/wp-content\/uploads\/sites\/3\/2025\/07\/Copia-de-Copia-de-Copia-de-TAMANHO-EXATO-PARA-FOTOS-NO-SISTEMA-NOVO-2025-07-21T211147.789_2025-07-22_00-12-44-1024x576.webp 1024w, https:\/\/cdn.media-acidadeon.com.br\/ribeiraopreto\/wp-content\/uploads\/sites\/3\/2025\/07\/Copia-de-Copia-de-Copia-de-TAMANHO-EXATO-PARA-FOTOS-NO-SISTEMA-NOVO-2025-07-21T211147.789_2025-07-22_00-12-44-300x169.webp 300w, https:\/\/cdn.media-acidadeon.com.br\/ribeiraopreto\/wp-content\/uploads\/sites\/3\/2025\/07\/Copia-de-Copia-de-Copia-de-TAMANHO-EXATO-PARA-FOTOS-NO-SISTEMA-NOVO-2025-07-21T211147.789_2025-07-22_00-12-44-768x432.webp 768w, https:\/\/cdn.media-acidadeon.com.br\/ribeiraopreto\/wp-content\/uploads\/sites\/3\/2025\/07\/Copia-de-Copia-de-Copia-de-TAMANHO-EXATO-PARA-FOTOS-NO-SISTEMA-NOVO-2025-07-21T211147.789_2025-07-22_00-12-44-696x392.webp 696w, https:\/\/cdn.media-acidadeon.com.br\/ribeiraopreto\/wp-content\/uploads\/sites\/3\/2025\/07\/Copia-de-Copia-de-Copia-de-TAMANHO-EXATO-PARA-FOTOS-NO-SISTEMA-NOVO-2025-07-21T211147.789_2025-07-22_00-12-44-1068x601.webp 1068w, https:\/\/cdn.media-acidadeon.com.br\/ribeiraopreto\/wp-content\/uploads\/sites\/3\/2025\/07\/Copia-de-Copia-de-Copia-de-TAMANHO-EXATO-PARA-FOTOS-NO-SISTEMA-NOVO-2025-07-21T211147.789_2025-07-22_00-12-44.webp 1200w\" sizes=\"(max-width: 1024px) 100vw, 1024px\"\/><\/figure>\n<\/div>\n<p>Apesar de o n\u00famero estimado de v\u00edtimas ultrapassar duas centenas, apenas <strong>237 pessoas formalizaram queixas \u00e0 Pol\u00edcia Civil<\/strong>.<\/p>\n<p>Durante a opera\u00e7\u00e3o, <strong>bens de Andr\u00e9 e da empresa foram confiscados<\/strong>. Na casa do empres\u00e1rio, na zona Sul de Ribeir\u00e3o Preto, foram encontrados <strong>dois carros e mais de 50 armas<\/strong>. Os itens passaram por leil\u00e3o, mas o valor arrecadado n\u00e3o passa de <strong>R$ 540 mil<\/strong> \u2014 menos de <strong>2% do preju\u00edzo declarado pelas v\u00edtimas<\/strong>.<\/p>\n<h3 class=\"wp-block-heading\"><strong>O que dizem as defesas?<\/strong><\/h3>\n<p><strong>Andr\u00e9 Luiz de Jesus Rosa<\/strong>, que est\u00e1 desaparecido, ainda <strong>n\u00e3o possui advogado constitu\u00eddo no processo<\/strong>. Por outro lado, as defesas de <strong>Alex Sandro de Jesus Rosa e Paulo Rog\u00e9rio do Nascimento informam n\u00e3o ter conhecimento da den\u00fancia<\/strong> apresentada pelo Minist\u00e9rio P\u00fablico. <\/p>\n<p>J\u00e1 o advogado de <strong>Phelippe Christ\u00f3somo da Silva declarou que seu cliente n\u00e3o \u00e9 s\u00f3cio da B&amp;B Investidora<\/strong>. <\/p>\n<p>Por fim, a defesa de <strong>Pedro Eduardo Freitas Duarte reconhece que ele fazia parte da sociedade, por\u00e9m ressalta que ele atuava apenas seguindo as orienta\u00e7\u00f5es de Andr\u00e9 Luiz de Jesus<\/strong>.<\/p>\n<hr class=\"wp-block-separator has-alpha-channel-opacity\"\/>\n<p>SAIBA MAIS<\/p>\n<p>Passeio cultural gratuito transforma cemit\u00e9rio em museu a c\u00e9u aberto em Ribeir\u00e3o Preto<\/p>\n<h2 class=\"wp-block-heading\"><strong>FIQUE ON<\/strong><\/h2>\n<p>Quer ficar por dentro de tudo que acontece em Ribeir\u00e3o Preto e regi\u00e3o? Ent\u00e3o siga os perfis do\u202facidade on\u202fno\u202f<a href=\"https:\/\/www.instagram.com\/acidadeonribeirao\" target=\"_blank\" rel=\"noreferrer noopener\">Instagram<\/a>\u202fe no\u202f<a href=\"https:\/\/www.facebook.com\/acidadeonribeirao\/\" target=\"_blank\" rel=\"noreferrer noopener\">Facebook<\/a>.<\/p>\n<p>Al\u00e9m disso, voc\u00ea pode receber as principais not\u00edcias diretamente no WhatsApp. Para isso, basta\u00a0<a href=\"https:\/\/chat.whatsapp.com\/BjKQZ9oJwlz8VVT50NuePq\" target=\"_blank\" rel=\"noreferrer noopener\">entrar no grupo clicando aqui<\/a>. <mark style=\"background-color:#ffffff\" class=\"has-inline-color has-white-color\">, contudo<\/mark><\/p>\n<p>Por fim, se quiser fazer uma den\u00fancia ou sugerir uma reportagem sobre Ribeir\u00e3o Preto e regi\u00e3o, envie uma mensagem pelo WhatsApp: (16) 99117-7802.<mark style=\"background-color:#ffffff\" class=\"has-inline-color has-white-color\"> , contudo<\/mark><\/p>\n<p>VEJA TAMB\u00c9M<\/p>\n<p>Onde ver os locais de provas do concurso da PF?<\/p>\n<p><!-- AI CONTENT END 1 -->\n<\/div>\n<p><script async src=\"\/\/www.instagram.com\/embed.js\"><\/script><br \/>\n<br \/><br \/>\n<br \/><a href=\"https:\/\/www.acidadeon.com\/ribeiraopreto\/cotidiano\/mp-denuncia-dono-de-investidora-e-mais-quatro-por-golpe-de-r-40-milhoes-em-ribeirao\/\">Source link <\/a><\/p>\n<!-- CONTENT END 1 -->\n","protected":false},"excerpt":{"rendered":"<p>O Minist\u00e9rio P\u00fablico denunciou Andr\u00e9 Luiz de Jesus da Rosa, dono da B&amp;B Investidora, e outros quatro envolvidos pelos crimes de estelionato e organiza\u00e7\u00e3o criminosa&#8230;.<\/p>\n","protected":false},"author":1,"featured_media":74391,"comment_status":"open","ping_status":"open","sticky":false,"template":"","format":"standard","meta":{"advanced_seo_description":"","jetpack_seo_html_title":"","jetpack_seo_noindex":false,"jetpack_post_was_ever_published":false,"_jetpack_newsletter_access":"","_jetpack_dont_email_post_to_subs":false,"_jetpack_newsletter_tier_id":0,"_jetpack_memberships_contains_paywalled_content":false,"_jetpack_memberships_contains_paid_content":false,"footnotes":"","jetpack_publicize_message":"","jetpack_publicize_feature_enabled":true,"jetpack_social_post_already_shared":true,"jetpack_social_options":{"image_generator_settings":{"template":"highway","default_image_id":0,"font":"","enabled":false},"version":2}},"categories":[11],"tags":[],"class_list":["post-74390","post","type-post","status-publish","format-standard","has-post-thumbnail","hentry","category-noticias-de-ribeirao-preto-sp-e-regiao-ismael-colosi"],"jetpack_publicize_connections":[],"jetpack_featured_media_url":"https:\/\/i0.wp.com\/noticiasribeiraopreto.com.br\/wp-content\/uploads\/2025\/07\/Copia-de-Copia-de-Copia-de-TAMANHO-EXATO-PARA-FOTOS-NO-SISTEMA-NOVO-2025-07-21T211619.600_2025-07-22_00-16-42.webp.webp?fit=1200%2C675&ssl=1","jetpack-related-posts":[{"id":74401,"url":"https:\/\/noticiasribeiraopreto.com.br\/index.php\/2025\/07\/22\/mp-denuncia-cinco-por-golpe-de-r-42-milhoes\/","url_meta":{"origin":74390,"position":0},"title":"MP denuncia cinco por golpe de R$ 42 milh\u00f5es","author":"noticiasribeiraopreto.com.br","date":"22 de July de 2025","format":false,"excerpt":"Por: Adalberto Luque O Minist\u00e9rio P\u00fablico denunciou, nesta segunda-feira (21), o empres\u00e1rio Andr\u00e9 Luiz de Jesus da Rosa e outros quatro s\u00f3cios da B&B Capital, empresa que atuou em Ribeir\u00e3o Preto, por organiza\u00e7\u00e3o criminosa e estelionato. Segundo a Promotoria, o grupo causou preju\u00edzo de R$ 42 milh\u00f5es a 237 v\u00edtimas\u2026","rel":"","context":"In &quot;Not\u00edcias de Ribeir\u00e3o Preto-SP e Regi\u00e3o&quot;","block_context":{"text":"Not\u00edcias de Ribeir\u00e3o Preto-SP e Regi\u00e3o","link":"https:\/\/noticiasribeiraopreto.com.br\/index.php\/category\/noticias-de-ribeirao-preto-sp-e-regiao-ismael-colosi\/"},"img":{"alt_text":"","src":"https:\/\/i0.wp.com\/noticiasribeiraopreto.com.br\/wp-content\/uploads\/2025\/07\/00-24-mar-2023-fachada-bb-capital-foto-google-street.jpg?fit=1154%2C713&ssl=1&resize=350%2C200","width":350,"height":200,"srcset":"https:\/\/i0.wp.com\/noticiasribeiraopreto.com.br\/wp-content\/uploads\/2025\/07\/00-24-mar-2023-fachada-bb-capital-foto-google-street.jpg?fit=1154%2C713&ssl=1&resize=350%2C200 1x, https:\/\/i0.wp.com\/noticiasribeiraopreto.com.br\/wp-content\/uploads\/2025\/07\/00-24-mar-2023-fachada-bb-capital-foto-google-street.jpg?fit=1154%2C713&ssl=1&resize=525%2C300 1.5x, https:\/\/i0.wp.com\/noticiasribeiraopreto.com.br\/wp-content\/uploads\/2025\/07\/00-24-mar-2023-fachada-bb-capital-foto-google-street.jpg?fit=1154%2C713&ssl=1&resize=700%2C400 2x, https:\/\/i0.wp.com\/noticiasribeiraopreto.com.br\/wp-content\/uploads\/2025\/07\/00-24-mar-2023-fachada-bb-capital-foto-google-street.jpg?fit=1154%2C713&ssl=1&resize=1050%2C600 3x"},"classes":[]},{"id":53890,"url":"https:\/\/noticiasribeiraopreto.com.br\/index.php\/2024\/06\/25\/vitima-de-golpe-diz-que-vendeu-apartamento-e-investiu-r-860-mil-em-empresa-de-ribeirao\/","url_meta":{"origin":74390,"position":1},"title":"V\u00edtima de golpe diz que vendeu apartamento e investiu R$ 860 mil em empresa de Ribeir\u00e3o","author":"noticiasribeiraopreto.com.br","date":"25 de June de 2024","format":false,"excerpt":"Uma das 227 v\u00edtimas que foram enganadas pela B&B Capital, de Ribeir\u00e3o Preto, investigada por aplicar um golpe financeiro de R$ 40 milh\u00f5es, disse que realizou a venda de um apartamento e investiu R$ 860 mil no neg\u00f3cio, que prometia rendimento m\u00ednimo de 2% ao m\u00eas. O caso foi descoberto\u2026","rel":"","context":"In &quot;Not\u00edcias de Ribeir\u00e3o Preto-SP e Regi\u00e3o&quot;","block_context":{"text":"Not\u00edcias de Ribeir\u00e3o Preto-SP e Regi\u00e3o","link":"https:\/\/noticiasribeiraopreto.com.br\/index.php\/category\/noticias-de-ribeirao-preto-sp-e-regiao-ismael-colosi\/"},"img":{"alt_text":"","src":"https:\/\/i0.wp.com\/noticiasribeiraopreto.com.br\/wp-content\/uploads\/2024\/06\/andre-luiz-rosa.jpg?fit=1200%2C934&ssl=1&resize=350%2C200","width":350,"height":200,"srcset":"https:\/\/i0.wp.com\/noticiasribeiraopreto.com.br\/wp-content\/uploads\/2024\/06\/andre-luiz-rosa.jpg?fit=1200%2C934&ssl=1&resize=350%2C200 1x, https:\/\/i0.wp.com\/noticiasribeiraopreto.com.br\/wp-content\/uploads\/2024\/06\/andre-luiz-rosa.jpg?fit=1200%2C934&ssl=1&resize=525%2C300 1.5x, https:\/\/i0.wp.com\/noticiasribeiraopreto.com.br\/wp-content\/uploads\/2024\/06\/andre-luiz-rosa.jpg?fit=1200%2C934&ssl=1&resize=700%2C400 2x, https:\/\/i0.wp.com\/noticiasribeiraopreto.com.br\/wp-content\/uploads\/2024\/06\/andre-luiz-rosa.jpg?fit=1200%2C934&ssl=1&resize=1050%2C600 3x"},"classes":[]},{"id":2821,"url":"https:\/\/noticiasribeiraopreto.com.br\/index.php\/2023\/11\/16\/policia-pede-prisao-de-empresario-suspeito-de-golpe-em-ribeirao-preto\/","url_meta":{"origin":74390,"position":2},"title":"Pol\u00edcia pede pris\u00e3o de empres\u00e1rio suspeito de golpe em Ribeir\u00e3o Preto","author":"noticiasribeiraopreto.com.br","date":"16 de November de 2023","format":false,"excerpt":"O delegado Gustavo Andr\u00e9 Alves, da Pol\u00edcia Civil, pediu a pris\u00e3o preventiva de Andr\u00e9 Luiz de Jesus Rosa, empres\u00e1rio suspeito de aplicar um golpe de mais de R$ 40 milh\u00f5es em clientes de uma empresa de investimentos de Ribeir\u00e3o Preto. Ele est\u00e1 foragido desde o \u00faltimo m\u00eas de mar\u00e7o. O\u2026","rel":"","context":"In &quot;Not\u00edcias de Ribeir\u00e3o Preto-SP e Regi\u00e3o&quot;","block_context":{"text":"Not\u00edcias de Ribeir\u00e3o Preto-SP e Regi\u00e3o","link":"https:\/\/noticiasribeiraopreto.com.br\/index.php\/category\/noticias-de-ribeirao-preto-sp-e-regiao-ismael-colosi\/"},"img":{"alt_text":"","src":"https:\/\/i0.wp.com\/noticiasribeiraopreto.com.br\/wp-content\/uploads\/2023\/11\/andre-luiz-rosa.jpg?fit=1200%2C934&ssl=1&resize=350%2C200","width":350,"height":200,"srcset":"https:\/\/i0.wp.com\/noticiasribeiraopreto.com.br\/wp-content\/uploads\/2023\/11\/andre-luiz-rosa.jpg?fit=1200%2C934&ssl=1&resize=350%2C200 1x, https:\/\/i0.wp.com\/noticiasribeiraopreto.com.br\/wp-content\/uploads\/2023\/11\/andre-luiz-rosa.jpg?fit=1200%2C934&ssl=1&resize=525%2C300 1.5x, https:\/\/i0.wp.com\/noticiasribeiraopreto.com.br\/wp-content\/uploads\/2023\/11\/andre-luiz-rosa.jpg?fit=1200%2C934&ssl=1&resize=700%2C400 2x, https:\/\/i0.wp.com\/noticiasribeiraopreto.com.br\/wp-content\/uploads\/2023\/11\/andre-luiz-rosa.jpg?fit=1200%2C934&ssl=1&resize=1050%2C600 3x"},"classes":[]},{"id":82154,"url":"https:\/\/noticiasribeiraopreto.com.br\/index.php\/2026\/02\/05\/seis-ja-sao-investigados-por-golpes-a-investidores-em-rp\/","url_meta":{"origin":74390,"position":3},"title":"Seis j\u00e1 s\u00e3o investigados por golpes a investidores em RP","author":"noticiasribeiraopreto.com.br","date":"5 de February de 2026","format":false,"excerpt":"Por: Adalberto Luque A Justi\u00e7a Federal aceitou den\u00fancia, na \u00faltima semana, e passou a investigar tr\u00eas empres\u00e1rios que atuam no mercado financeiro de investimentos e teriam desviado valores de investidores. J\u00e1 s\u00e3o seis os empres\u00e1rios investigados \u2013 um deles est\u00e1 preso e outro foragido \u2013 por golpes aplicados a partir\u2026","rel":"","context":"In &quot;Not\u00edcias de Ribeir\u00e3o Preto-SP e Regi\u00e3o&quot;","block_context":{"text":"Not\u00edcias de Ribeir\u00e3o Preto-SP e Regi\u00e3o","link":"https:\/\/noticiasribeiraopreto.com.br\/index.php\/category\/noticias-de-ribeirao-preto-sp-e-regiao-ismael-colosi\/"},"img":{"alt_text":"","src":"https:\/\/i0.wp.com\/noticiasribeiraopreto.com.br\/wp-content\/uploads\/2026\/02\/04-fev-2026-golpeempresarios-1-scaled.jpg?fit=1200%2C640&ssl=1&resize=350%2C200","width":350,"height":200,"srcset":"https:\/\/i0.wp.com\/noticiasribeiraopreto.com.br\/wp-content\/uploads\/2026\/02\/04-fev-2026-golpeempresarios-1-scaled.jpg?fit=1200%2C640&ssl=1&resize=350%2C200 1x, https:\/\/i0.wp.com\/noticiasribeiraopreto.com.br\/wp-content\/uploads\/2026\/02\/04-fev-2026-golpeempresarios-1-scaled.jpg?fit=1200%2C640&ssl=1&resize=525%2C300 1.5x, https:\/\/i0.wp.com\/noticiasribeiraopreto.com.br\/wp-content\/uploads\/2026\/02\/04-fev-2026-golpeempresarios-1-scaled.jpg?fit=1200%2C640&ssl=1&resize=700%2C400 2x, https:\/\/i0.wp.com\/noticiasribeiraopreto.com.br\/wp-content\/uploads\/2026\/02\/04-fev-2026-golpeempresarios-1-scaled.jpg?fit=1200%2C640&ssl=1&resize=1050%2C600 3x"},"classes":[]},{"id":16010,"url":"https:\/\/noticiasribeiraopreto.com.br\/index.php\/2023\/12\/14\/utm_sourcerssutm_mediumrssutm_campaigndeic-rp-deflagra-operacao-noel-23-contra-quadrilha-que-promovia-falsos-leiloes-do-detran-no-estado-de-sp\/","url_meta":{"origin":74390,"position":4},"title":"DEIC RP deflagra Opera\u00e7\u00e3o Noel 23 contra quadrilha que promovia falsos leil\u00f5es do Detran no estado de SP \u2013 X Tudo Ribeir\u00e3o","author":"noticiasribeiraopreto.com.br","date":"14 de December de 2023","format":false,"excerpt":"A Divis\u00e3o Especial de Investiga\u00e7\u00f5es Criminais (DEIC) de Ribeir\u00e3o Preto deflagrou, na madrugada desta quinta-feira (14), a \u201cOpera\u00e7\u00e3o Noel 23\u201d, contra uma quadrilha que promovia falsos leil\u00f5es, supostamente de ve\u00edculos apreendidos pelo Detran-SP. A opera\u00e7\u00e3o foi realizada nas cidades de Santo Andr\u00e9 e S\u00e3o Bernardo do Campo, na Grande S\u00e3o\u2026","rel":"","context":"In &quot;Not\u00edcias de Ribeir\u00e3o Preto-SP e Regi\u00e3o&quot;","block_context":{"text":"Not\u00edcias de Ribeir\u00e3o Preto-SP e Regi\u00e3o","link":"https:\/\/noticiasribeiraopreto.com.br\/index.php\/category\/noticias-de-ribeirao-preto-sp-e-regiao-ismael-colosi\/"},"img":{"alt_text":"","src":"https:\/\/i0.wp.com\/noticiasribeiraopreto.com.br\/wp-content\/uploads\/2023\/12\/00-14-dez-2023-operacao-noel-23-00-foto-deic-scaled-1.jpg?fit=1000%2C525&ssl=1&resize=350%2C200","width":350,"height":200,"srcset":"https:\/\/i0.wp.com\/noticiasribeiraopreto.com.br\/wp-content\/uploads\/2023\/12\/00-14-dez-2023-operacao-noel-23-00-foto-deic-scaled-1.jpg?fit=1000%2C525&ssl=1&resize=350%2C200 1x, https:\/\/i0.wp.com\/noticiasribeiraopreto.com.br\/wp-content\/uploads\/2023\/12\/00-14-dez-2023-operacao-noel-23-00-foto-deic-scaled-1.jpg?fit=1000%2C525&ssl=1&resize=525%2C300 1.5x, https:\/\/i0.wp.com\/noticiasribeiraopreto.com.br\/wp-content\/uploads\/2023\/12\/00-14-dez-2023-operacao-noel-23-00-foto-deic-scaled-1.jpg?fit=1000%2C525&ssl=1&resize=700%2C400 2x"},"classes":[]},{"id":78466,"url":"https:\/\/noticiasribeiraopreto.com.br\/index.php\/2025\/10\/10\/homem-tenta-fazer-emprestimo-de-r-3-milhoes-em-nome-do-ceo-do-magazine-luiza-e-e-preso-em-franca\/","url_meta":{"origin":74390,"position":5},"title":"Homem tenta fazer empr\u00e9stimo de R$ 3 milh\u00f5es em nome do CEO do Magazine Luiza e \u00e9 preso em Franca","author":"noticiasribeiraopreto.com.br","date":"10 de October de 2025","format":false,"excerpt":"Um homem foi preso em Franca, cidade a 90 quil\u00f4metros de Ribeir\u00e3o Preto, ap\u00f3s tentar aplicar um golpe usando os dados do CEO do Magazine Luiza, Frederico Trajano, filho de Luiza Helena Trajano, na tarde desta sexta-feira (10). Segundo a PM (Pol\u00edcia Militar), um funcion\u00e1rio de uma ag\u00eancia da Caixa\u2026","rel":"","context":"In &quot;Not\u00edcias de Ribeir\u00e3o Preto-SP e Regi\u00e3o&quot;","block_context":{"text":"Not\u00edcias de Ribeir\u00e3o Preto-SP e Regi\u00e3o","link":"https:\/\/noticiasribeiraopreto.com.br\/index.php\/category\/noticias-de-ribeirao-preto-sp-e-regiao-ismael-colosi\/"},"img":{"alt_text":"","src":"https:\/\/i0.wp.com\/noticiasribeiraopreto.com.br\/wp-content\/uploads\/2025\/10\/Copia-de-Copia-de-Copia-de-TAMANHO-EXATO-PARA-FOTOS-NO-SISTEMA-NOVO-2025-10-10T200438.749_2025-10-10_23-04-44.webp.webp?fit=1200%2C675&ssl=1&resize=350%2C200","width":350,"height":200,"srcset":"https:\/\/i0.wp.com\/noticiasribeiraopreto.com.br\/wp-content\/uploads\/2025\/10\/Copia-de-Copia-de-Copia-de-TAMANHO-EXATO-PARA-FOTOS-NO-SISTEMA-NOVO-2025-10-10T200438.749_2025-10-10_23-04-44.webp.webp?fit=1200%2C675&ssl=1&resize=350%2C200 1x, https:\/\/i0.wp.com\/noticiasribeiraopreto.com.br\/wp-content\/uploads\/2025\/10\/Copia-de-Copia-de-Copia-de-TAMANHO-EXATO-PARA-FOTOS-NO-SISTEMA-NOVO-2025-10-10T200438.749_2025-10-10_23-04-44.webp.webp?fit=1200%2C675&ssl=1&resize=525%2C300 1.5x, https:\/\/i0.wp.com\/noticiasribeiraopreto.com.br\/wp-content\/uploads\/2025\/10\/Copia-de-Copia-de-Copia-de-TAMANHO-EXATO-PARA-FOTOS-NO-SISTEMA-NOVO-2025-10-10T200438.749_2025-10-10_23-04-44.webp.webp?fit=1200%2C675&ssl=1&resize=700%2C400 2x, https:\/\/i0.wp.com\/noticiasribeiraopreto.com.br\/wp-content\/uploads\/2025\/10\/Copia-de-Copia-de-Copia-de-TAMANHO-EXATO-PARA-FOTOS-NO-SISTEMA-NOVO-2025-10-10T200438.749_2025-10-10_23-04-44.webp.webp?fit=1200%2C675&ssl=1&resize=1050%2C600 3x"},"classes":[]}],"jetpack_sharing_enabled":true,"jetpack_shortlink":"https:\/\/wp.me\/peQAOb-jlQ","_links":{"self":[{"href":"https:\/\/noticiasribeiraopreto.com.br\/index.php\/wp-json\/wp\/v2\/posts\/74390","targetHints":{"allow":["GET"]}}],"collection":[{"href":"https:\/\/noticiasribeiraopreto.com.br\/index.php\/wp-json\/wp\/v2\/posts"}],"about":[{"href":"https:\/\/noticiasribeiraopreto.com.br\/index.php\/wp-json\/wp\/v2\/types\/post"}],"author":[{"embeddable":true,"href":"https:\/\/noticiasribeiraopreto.com.br\/index.php\/wp-json\/wp\/v2\/users\/1"}],"replies":[{"embeddable":true,"href":"https:\/\/noticiasribeiraopreto.com.br\/index.php\/wp-json\/wp\/v2\/comments?post=74390"}],"version-history":[{"count":0,"href":"https:\/\/noticiasribeiraopreto.com.br\/index.php\/wp-json\/wp\/v2\/posts\/74390\/revisions"}],"wp:featuredmedia":[{"embeddable":true,"href":"https:\/\/noticiasribeiraopreto.com.br\/index.php\/wp-json\/wp\/v2\/media\/74391"}],"wp:attachment":[{"href":"https:\/\/noticiasribeiraopreto.com.br\/index.php\/wp-json\/wp\/v2\/media?parent=74390"}],"wp:term":[{"taxonomy":"category","embeddable":true,"href":"https:\/\/noticiasribeiraopreto.com.br\/index.php\/wp-json\/wp\/v2\/categories?post=74390"},{"taxonomy":"post_tag","embeddable":true,"href":"https:\/\/noticiasribeiraopreto.com.br\/index.php\/wp-json\/wp\/v2\/tags?post=74390"}],"curies":[{"name":"wp","href":"https:\/\/api.w.org\/{rel}","templated":true}]}}