{"id":74392,"date":"2025-07-22T08:50:23","date_gmt":"2025-07-22T11:50:23","guid":{"rendered":"https:\/\/noticiasribeiraopreto.com.br\/index.php\/2025\/07\/22\/executivo-veta-20-dos-projetos-da-camara\/"},"modified":"2025-07-22T08:50:23","modified_gmt":"2025-07-22T11:50:23","slug":"executivo-veta-20-dos-projetos-da-camara","status":"publish","type":"post","link":"https:\/\/noticiasribeiraopreto.com.br\/index.php\/2025\/07\/22\/executivo-veta-20-dos-projetos-da-camara\/","title":{"rendered":"Executivo veta 20% dos projetos da C\u00e2mara"},"content":{"rendered":"<div class='code-block code-block-1' style='margin: 8px 0 8px auto; text-align: right; display: block; clear: both;'>\n<p><a href=\"https:\/\/wa.link\/vpicfd\"><img data-recalc-dims=\"1\" class=\"wp-image-4922\" style=\"aspect-ratio: 2.0253164556962027; width: 561px; height: auto;\" src=\"https:\/\/i0.wp.com\/ismaelcolosi.com.br\/wp-content\/uploads\/2023\/11\/grupo-de-empregos-whatsapp-e-facebook-ismael-colosi-vagas.jpg?ssl=1\" alt=\"\" \/><\/a><\/p>\n<!-- \/wp:image -->\n<\/div>\n<p> <br \/>\n<\/p>\n<div id=\"\">\n<p>\n\t\t\t\t\t\t\t\t\t<span class=\"entry-meta-item penci-posted-on\"><i class=\"fa fa-clock-o\"\/><time class=\"entry-date published\" datetime=\"2025-07-22T08:30:34-03:00\">22 de julho de 2025 08:30<\/time><time class=\"updated\" datetime=\"2025-07-21T19:51:11-03:00\">21 de julho de 2025 19:51<\/time><\/span><span class=\"entry-meta-item penci-post-countview\"><span class=\"entry-meta-item penci-post-countview penci_post-meta_item\"><i class=\"fa fa-eye\"\/><span class=\"penci-post-countview-number penci-post-countview-p432224\">4<\/span><\/span><\/span>\t\t\t\t\t\t\t\t<\/p>\n<p><!-- .entry-meta --><br \/>\n\t\t\t\t\t\t\t\t<span class=\"penci-social-buttons penci-social-share-footer\"><span class=\"penci-social-share-text\">Compartilhar<\/span><a href=\"#\" class=\"penci-post-like penci_post-meta_item  single-like-button penci-social-item like\" data-post_id=\"432224\" title=\"Like\" data-like=\"Like\" data-unlike=\"Unlike\"><i class=\"fa fa-thumbs-o-up\"\/><span class=\"penci-share-number\">0<\/span><\/a><i class=\"fa fa-facebook\"\/><a class=\"penci-social-item twitter\" target=\"_blank\" rel=\"noopener\" title=\"\" href=\"https:\/\/twitter.com\/intent\/tweet?text=Executivo%20veta%2020%20dos%20projetos%20da%20C\u00e2mara%20-%20https:\/\/www.tribunaribeirao.com.br\/executivo-veta-20-dos-projetos-da-camara\/\"><i class=\"fa fa-twitter\"\/><\/a><i class=\"fa fa-linkedin\"\/><i class=\"fa fa-whatsapp\"\/><i class=\"fa fa-telegram\"\/><i class=\"fa fa-envelope\"\/><\/span>\t\t\t\t\t\t\t<\/div>\n<div>\n<p>Levantamento do Tribuna junto \u00e0 C\u00e2mara de Ribeir\u00e3o Preto revela que, no primeiro semestre legislativo deste ano \u2013 entre 4 de fevereiro e 14 de julho \u2013, dos 75 projetos de lei dos vereadores aprovados, 15 foram vetados integralmente pelo prefeito Ricardo Silva (PSD) sob o argumento jur\u00eddico de inconstitucionalidade.<\/p>\n<p>O n\u00famero representa 20% do total de propostas apresentadas nesta 19\u00aa legislatura, que come\u00e7ou em 1\u00ba de janeiro e segue at\u00e9 31 de dezembro de 2028. Ou seja, os autores dos projetos teriam invadido decis\u00f5es de compet\u00eancia exclusiva do Executivo.<\/p>\n<p>Outros nove foram vetados parcialmente e viraram lei, mas com a retirada de algum artigo que infringia essa compet\u00eancia. Um exemplo disso \u00e9 a legisla\u00e7\u00e3o cria o Pip\u00f3dromo Municipal. A san\u00e7\u00e3o foi publicada no Di\u00e1rio Oficial do Munic\u00edpio (DOM) de 8 de julho.<\/p>\n<p>A proposta do vereador Ant\u00f4nio Baptista Lopes Junior (PL), o Junin D\u00ead\u00ea, foi parcialmente vetada pelo Executivo por invadir em seu artigo 2\u00ba. atos de compet\u00eancia exclusiva do prefeito. O artigo estabelecia que no local onde for instalado o equipamento a prefeitura teria que disponibilizar banheiros qu\u00edmicos, lixeiras, placas educativas e sinaliza\u00e7\u00e3o sobre a proibi\u00e7\u00e3o do uso de cerol.<\/p>\n<p>No veto a prefeitura argumentou que ao estabelecer estas obriga\u00e7\u00f5es ao Executivo, o vereador interferiu em esfera administrativa, cuja iniciativa legislativa \u00e9 reservada exclusivamente ao chefe do Executivo. Os parlamentares que tiveram mais projetos vetados totalmente foram Matheus Moreno (MDB), Daniel Vieira Rodrigues (PL), o Daniel do Bus\u00e3o, Maur\u00edcio Vila Abranches (PSDB) e Danilo Scocchi (MDB), com dois cada.<\/p>\n<p>Vale lembrar que o n\u00famero de projetos dos vereadores vetados poder\u00e1 aumentar j\u00e1 que v\u00e1rios projetos aprovados pela C\u00e2mara na segunda quinzena de junho e no m\u00eas de julho ainda n\u00e3o foram analisados pela prefeitura. Isso porque, desde o protocolo da proposta aprovada, o Executivo tem 15 dias \u00fateis para vet\u00e1-la, sancion\u00e1-la ou silenciar-se sob o projeto. Neste \u00faltimo caso ocorre uma san\u00e7\u00e3o impl\u00edcita.<\/p>\n<p>No primeiro semestre, os vereadores protocolaram um total de 310 projetos de lei dos quais 235 ainda n\u00e3o foram votados, 75,80% do total. No mesmo per\u00edodo o Executivo apresentou 42 projetos, dos quais 35 j\u00e1 foram aprovados ()83,33%). Os vereadores que mais apresentaram projetos de lei foram Junin D\u00ead\u00ea (87) e Danilo Scochi (84).<\/p>\n<p>Ap\u00f3s um projeto de lei ser vetado a prefeitura envia o veto para a C\u00e2mara Municipal que pode acat\u00e1-lo ou rejeit\u00e1-lo. Caso ele seja rejeitado e a lei promulgada pelo presidente do Legislativo municipal, o prefeito publica um Decreto determinando o n\u00e3o cumprimento da norma e recorre o Tribunal de Justi\u00e7a de S\u00e3o Paulo (TJSP) com a\u00e7\u00e3o direta de inconstitucionalidade (ADI). Nestes casos, ap\u00f3s uma verdadeira maratona jur\u00eddica, que inclui tempo e recursos p\u00fablicos, a decis\u00e3o final \u00e9 dada pelo tribunal.<\/p>\n<p><strong>Vereadores com mais projetos protocolados<\/strong><br \/>Junin D\u00ead\u00ea (PL) \u2013 87<br \/>Danilo Scochi (MDB) \u2013 84<br \/>Rangel Scandiuzzi (PSD) \u2013 15<br \/>Paulo Modas (PSD) \u2013 15<br \/>Daniel do Bus\u00e3o (PL) \u2013 13<br \/>Bigodini (MDB) \u2013 12<br \/>Coletivo Pop Judeti Zilli (PT) \u2013 11<br \/>Diacono Ramos\u00a0\u00a0\u00a0\u00a0\u00a0 (Uni\u00e3o) \u2013 9<br \/>Matheus Moreno (MDB) \u2013 9<br \/>Mauricio Gasparini (Uni\u00e3o) \u2013 9<\/p>\n<p><strong>Projetos vetados totalmente \u2013\u00a0 15<br \/><\/strong>Matheus Moreno \u2013 2<br \/>Daniel do Bus\u00e3o \u2013 2<br \/>Maur\u00edcio Vila Abranches \u2013 2<br \/>Danilo Scochi \u2013 2<br \/>Delegado Martinez \u2013 1<br \/>Paulo Modas \u2013 1<br \/>Junin D\u00ead\u00ea \u2013 1<br \/>Perla M\u00fcller \u2013 1<br \/>Coletivo Judeti Zilli \u2013 1<br \/>Rangel Scandiuzzi \u2013 1<br \/>Maur\u00edcio Gasparini \u2013 1<\/p>\n<p><strong>Projetos vetados parcialmente \u2013\u00a0 9<br \/><\/strong>Igor Oliveira- 2<br \/>Duda Hidalgo \u2013 1<br \/>Junin D\u00ead\u00ea \u2013 1<br \/>Andr\u00e9 Rodini \u2013 1<br \/>Junin D\u00ead\u00ea\/Bigodini \u2013 1<br \/>Danilo Scochi \u2013 1<br \/>Isaac Antunes \u2013 1<br \/>Marcos Papa \u2013 1<\/p>\n<\/div>\n<p><script async src=\"\/\/platform.twitter.com\/widgets.js\" charset=\"utf-8\"><\/script><br \/>\n<br \/><br \/>\n<br \/><a href=\"https:\/\/www.tribunaribeirao.com.br\/executivo-veta-20-dos-projetos-da-camara\/\">Source link <\/a><\/p>\n<!-- CONTENT END 1 -->\n","protected":false},"excerpt":{"rendered":"<p>22 de julho de 2025 08:3021 de julho de 2025 19:514 Compartilhar0 Levantamento do Tribuna junto \u00e0 C\u00e2mara de Ribeir\u00e3o Preto revela que, no primeiro&#8230;<\/p>\n","protected":false},"author":1,"featured_media":74393,"comment_status":"open","ping_status":"open","sticky":false,"template":"","format":"standard","meta":{"advanced_seo_description":"","jetpack_seo_html_title":"","jetpack_seo_noindex":false,"jetpack_post_was_ever_published":false,"_jetpack_newsletter_access":"","_jetpack_dont_email_post_to_subs":false,"_jetpack_newsletter_tier_id":0,"_jetpack_memberships_contains_paywalled_content":false,"_jetpack_memberships_contains_paid_content":false,"footnotes":"","jetpack_publicize_message":"","jetpack_publicize_feature_enabled":true,"jetpack_social_post_already_shared":true,"jetpack_social_options":{"image_generator_settings":{"template":"highway","default_image_id":0,"font":"","enabled":false},"version":2}},"categories":[11],"tags":[],"class_list":["post-74392","post","type-post","status-publish","format-standard","has-post-thumbnail","hentry","category-noticias-de-ribeirao-preto-sp-e-regiao-ismael-colosi"],"jetpack_publicize_connections":[],"jetpack_featured_media_url":"https:\/\/i0.wp.com\/noticiasribeiraopreto.com.br\/wp-content\/uploads\/2025\/07\/ProjetoCAM-Thaisa-Coroado-Camara-scaled.jpg?fit=1170%2C780&ssl=1","jetpack-related-posts":[{"id":54571,"url":"https:\/\/noticiasribeiraopreto.com.br\/index.php\/2024\/07\/12\/bolsa-familia-lei-confirmada-hoje-12-07-entra-em-vigor-nos-pagamentos-de-julho-confira-detalhes\/","url_meta":{"origin":74392,"position":0},"title":"Bolsa Fam\u00edlia: Lei Confirmada Hoje (12\/07) Entra em Vigor nos Pagamentos de Julho; Confira detalhes","author":"noticiasribeiraopreto.com.br","date":"12 de July de 2024","format":false,"excerpt":"Atendendo a 20,8 milh\u00f5es de brasileiros, o Bolsa Fam\u00edlia \u00e9 um dos maiores programas sociais do Brasil. Em julho deste ano, os pagamentos come\u00e7ar\u00e3o na pr\u00f3xima quinta-feira (18). No entanto, os benefici\u00e1rios ficaram surpreendidos com a redu\u00e7\u00e3o do montante da ajuda. O desconto ocorre devido \u00e0 interrup\u00e7\u00e3o do aux\u00edlio g\u00e1s\u2026","rel":"","context":"In &quot;Dinheiro e Investimento&quot;","block_context":{"text":"Dinheiro e Investimento","link":"https:\/\/noticiasribeiraopreto.com.br\/index.php\/category\/dinheiro-e-investimento-como-fazer-como-ganhar\/"},"img":{"alt_text":"","src":"https:\/\/i0.wp.com\/noticiasribeiraopreto.com.br\/wp-content\/uploads\/2024\/07\/www.reallygreatsite.com_.webp.webp?fit=1200%2C630&ssl=1&resize=350%2C200","width":350,"height":200,"srcset":"https:\/\/i0.wp.com\/noticiasribeiraopreto.com.br\/wp-content\/uploads\/2024\/07\/www.reallygreatsite.com_.webp.webp?fit=1200%2C630&ssl=1&resize=350%2C200 1x, https:\/\/i0.wp.com\/noticiasribeiraopreto.com.br\/wp-content\/uploads\/2024\/07\/www.reallygreatsite.com_.webp.webp?fit=1200%2C630&ssl=1&resize=525%2C300 1.5x, https:\/\/i0.wp.com\/noticiasribeiraopreto.com.br\/wp-content\/uploads\/2024\/07\/www.reallygreatsite.com_.webp.webp?fit=1200%2C630&ssl=1&resize=700%2C400 2x, https:\/\/i0.wp.com\/noticiasribeiraopreto.com.br\/wp-content\/uploads\/2024\/07\/www.reallygreatsite.com_.webp.webp?fit=1200%2C630&ssl=1&resize=1050%2C600 3x"},"classes":[]},{"id":53667,"url":"https:\/\/noticiasribeiraopreto.com.br\/index.php\/2024\/06\/22\/novo-valor-do-bolsa-familia-em-julho-r-850-para-beneficiarios-selecionados-confira-se-voce-faz-parte-do-grupo\/","url_meta":{"origin":74392,"position":1},"title":"Novo Valor do Bolsa Fam\u00edlia em Julho: R$ 850 para Benefici\u00e1rios Selecionados; Confira se voc\u00ea faz parte do grupo","author":"noticiasribeiraopreto.com.br","date":"22 de June de 2024","format":false,"excerpt":"O ciclo de pagamento do Bolsa Fam\u00edlia em julho come\u00e7a em poucas semanas e os benefici\u00e1rios com N\u00famero de Identifica\u00e7\u00e3o Social (NIS) terminam em 1. O programa, executado pela Caixa Econ\u00f4mica Federal (CEF), \u00e9 um importante componente da pol\u00edtica de assist\u00eancia social do Brasil. O Bolsa Fam\u00edlia de julho continua\u2026","rel":"","context":"In &quot;Dinheiro e Investimento&quot;","block_context":{"text":"Dinheiro e Investimento","link":"https:\/\/noticiasribeiraopreto.com.br\/index.php\/category\/dinheiro-e-investimento-como-fazer-como-ganhar\/"},"img":{"alt_text":"","src":"https:\/\/i0.wp.com\/noticiasribeiraopreto.com.br\/wp-content\/uploads\/2024\/06\/Design-sem-nome-3.webp.webp?fit=1200%2C630&ssl=1&resize=350%2C200","width":350,"height":200,"srcset":"https:\/\/i0.wp.com\/noticiasribeiraopreto.com.br\/wp-content\/uploads\/2024\/06\/Design-sem-nome-3.webp.webp?fit=1200%2C630&ssl=1&resize=350%2C200 1x, https:\/\/i0.wp.com\/noticiasribeiraopreto.com.br\/wp-content\/uploads\/2024\/06\/Design-sem-nome-3.webp.webp?fit=1200%2C630&ssl=1&resize=525%2C300 1.5x, https:\/\/i0.wp.com\/noticiasribeiraopreto.com.br\/wp-content\/uploads\/2024\/06\/Design-sem-nome-3.webp.webp?fit=1200%2C630&ssl=1&resize=700%2C400 2x, https:\/\/i0.wp.com\/noticiasribeiraopreto.com.br\/wp-content\/uploads\/2024\/06\/Design-sem-nome-3.webp.webp?fit=1200%2C630&ssl=1&resize=1050%2C600 3x"},"classes":[]},{"id":54137,"url":"https:\/\/noticiasribeiraopreto.com.br\/index.php\/2024\/06\/29\/governo-anuncia-3-beneficios-do-bolsa-familia-em-julho-com-pagamentos-juntos-confira\/","url_meta":{"origin":74392,"position":2},"title":"Governo Anuncia 3 Benef\u00edcios do Bolsa Fam\u00edlia em JULHO com Pagamentos Juntos; Confira!","author":"noticiasribeiraopreto.com.br","date":"29 de June de 2024","format":false,"excerpt":"O Governo Federal anunciou recentemente que implementar\u00e1 tr\u00eas novos benef\u00edcios dentro do programa Bolsa Fam\u00edlia, que tem lan\u00e7amento previsto para Julho. Esses acr\u00e9scimos visam fornecer apoio financeiro adicional \u00e0s fam\u00edlias de baixa renda, com foco em crian\u00e7as pequenas, adolescentes e gestantes. O pagamento desses novos benef\u00edcios ser\u00e1 feito ao mesmo\u2026","rel":"","context":"In &quot;Dinheiro e Investimento&quot;","block_context":{"text":"Dinheiro e Investimento","link":"https:\/\/noticiasribeiraopreto.com.br\/index.php\/category\/dinheiro-e-investimento-como-fazer-como-ganhar\/"},"img":{"alt_text":"","src":"https:\/\/i0.wp.com\/noticiasribeiraopreto.com.br\/wp-content\/uploads\/2024\/06\/www.Financasbrasil.org-1-1.webp.webp?fit=1200%2C630&ssl=1&resize=350%2C200","width":350,"height":200,"srcset":"https:\/\/i0.wp.com\/noticiasribeiraopreto.com.br\/wp-content\/uploads\/2024\/06\/www.Financasbrasil.org-1-1.webp.webp?fit=1200%2C630&ssl=1&resize=350%2C200 1x, https:\/\/i0.wp.com\/noticiasribeiraopreto.com.br\/wp-content\/uploads\/2024\/06\/www.Financasbrasil.org-1-1.webp.webp?fit=1200%2C630&ssl=1&resize=525%2C300 1.5x, https:\/\/i0.wp.com\/noticiasribeiraopreto.com.br\/wp-content\/uploads\/2024\/06\/www.Financasbrasil.org-1-1.webp.webp?fit=1200%2C630&ssl=1&resize=700%2C400 2x, https:\/\/i0.wp.com\/noticiasribeiraopreto.com.br\/wp-content\/uploads\/2024\/06\/www.Financasbrasil.org-1-1.webp.webp?fit=1200%2C630&ssl=1&resize=1050%2C600 3x"},"classes":[]},{"id":73283,"url":"https:\/\/noticiasribeiraopreto.com.br\/index.php\/2025\/06\/28\/museu-casa-de-portinari-tem-programacao-especial-nas-ferias-de-julho-confira\/","url_meta":{"origin":74392,"position":3},"title":"Museu Casa de Portinari tem programa\u00e7\u00e3o especial nas f\u00e9rias de julho; Confira","author":"noticiasribeiraopreto.com.br","date":"28 de June de 2025","format":false,"excerpt":"O Museu Casa de Portinari, em Brodowski, na regi\u00e3o de Ribeir\u00e3o Preto, oferece uma programa\u00e7\u00e3o especial de f\u00e9rias gratuita com oficinas, brincadeiras, jogos e espa\u00e7os de leitura. O projeto \u201cF\u00e9rias no Museu\u201d estimula a criatividade e aproxima as crian\u00e7as do universo art\u00edstico de Portinari. As atividades acontecem na esplanada do\u2026","rel":"","context":"In &quot;Not\u00edcias de Ribeir\u00e3o Preto-SP e Regi\u00e3o&quot;","block_context":{"text":"Not\u00edcias de Ribeir\u00e3o Preto-SP e Regi\u00e3o","link":"https:\/\/noticiasribeiraopreto.com.br\/index.php\/category\/noticias-de-ribeirao-preto-sp-e-regiao-ismael-colosi\/"},"img":{"alt_text":"","src":"https:\/\/i0.wp.com\/noticiasribeiraopreto.com.br\/wp-content\/uploads\/2025\/06\/5b6b7a56-6e5e-497d-8fe3-fe7aeed37d26_2025-06-28_17-41-04.webp.webp?fit=1200%2C728&ssl=1&resize=350%2C200","width":350,"height":200,"srcset":"https:\/\/i0.wp.com\/noticiasribeiraopreto.com.br\/wp-content\/uploads\/2025\/06\/5b6b7a56-6e5e-497d-8fe3-fe7aeed37d26_2025-06-28_17-41-04.webp.webp?fit=1200%2C728&ssl=1&resize=350%2C200 1x, https:\/\/i0.wp.com\/noticiasribeiraopreto.com.br\/wp-content\/uploads\/2025\/06\/5b6b7a56-6e5e-497d-8fe3-fe7aeed37d26_2025-06-28_17-41-04.webp.webp?fit=1200%2C728&ssl=1&resize=525%2C300 1.5x, https:\/\/i0.wp.com\/noticiasribeiraopreto.com.br\/wp-content\/uploads\/2025\/06\/5b6b7a56-6e5e-497d-8fe3-fe7aeed37d26_2025-06-28_17-41-04.webp.webp?fit=1200%2C728&ssl=1&resize=700%2C400 2x, https:\/\/i0.wp.com\/noticiasribeiraopreto.com.br\/wp-content\/uploads\/2025\/06\/5b6b7a56-6e5e-497d-8fe3-fe7aeed37d26_2025-06-28_17-41-04.webp.webp?fit=1200%2C728&ssl=1&resize=1050%2C600 3x"},"classes":[]},{"id":54622,"url":"https:\/\/noticiasribeiraopreto.com.br\/index.php\/2024\/07\/15\/atencao-beneficiarios-bolsa-familia-anuncia-suspensao-em-julho-confira-se-seu-nis-esta-na-lista\/","url_meta":{"origin":74392,"position":4},"title":"Aten\u00e7\u00e3o Benefici\u00e1rios! Bolsa Fam\u00edlia Anuncia Suspens\u00e3o em Julho: Confira se Seu NIS Est\u00e1 na Lista","author":"noticiasribeiraopreto.com.br","date":"15 de July de 2024","format":false,"excerpt":"Em julho deste ano, o programa Bolsa Fam\u00edlia passou por rigorosas fiscaliza\u00e7\u00f5es, que podem resultar na suspens\u00e3o ou exclus\u00e3o de alguns benefici\u00e1rios. Implementada pelo Minist\u00e9rio do Desenvolvimento, Assist\u00eancia Social, Fam\u00edlia e Combate \u00e0 Fome (MDS), essa iniciativa tem como objetivo garantir que os recursos p\u00fablicos sejam direcionados corretamente para as\u2026","rel":"","context":"In &quot;Dinheiro e Investimento&quot;","block_context":{"text":"Dinheiro e Investimento","link":"https:\/\/noticiasribeiraopreto.com.br\/index.php\/category\/dinheiro-e-investimento-como-fazer-como-ganhar\/"},"img":{"alt_text":"","src":"https:\/\/i0.wp.com\/noticiasribeiraopreto.com.br\/wp-content\/uploads\/2024\/07\/Liberdade.webp.webp?fit=1200%2C630&ssl=1&resize=350%2C200","width":350,"height":200,"srcset":"https:\/\/i0.wp.com\/noticiasribeiraopreto.com.br\/wp-content\/uploads\/2024\/07\/Liberdade.webp.webp?fit=1200%2C630&ssl=1&resize=350%2C200 1x, https:\/\/i0.wp.com\/noticiasribeiraopreto.com.br\/wp-content\/uploads\/2024\/07\/Liberdade.webp.webp?fit=1200%2C630&ssl=1&resize=525%2C300 1.5x, https:\/\/i0.wp.com\/noticiasribeiraopreto.com.br\/wp-content\/uploads\/2024\/07\/Liberdade.webp.webp?fit=1200%2C630&ssl=1&resize=700%2C400 2x, https:\/\/i0.wp.com\/noticiasribeiraopreto.com.br\/wp-content\/uploads\/2024\/07\/Liberdade.webp.webp?fit=1200%2C630&ssl=1&resize=1050%2C600 3x"},"classes":[]},{"id":53941,"url":"https:\/\/noticiasribeiraopreto.com.br\/index.php\/2024\/06\/26\/bolsa-familia-julho-aumento-nas-mensalidades-e-novas-datas-de-pagamento-confira-calendario\/","url_meta":{"origin":74392,"position":5},"title":"Bolsa Fam\u00edlia Julho: Aumento nas mensalidades e novas datas de pagamento; Confira calend\u00e1rio","author":"noticiasribeiraopreto.com.br","date":"26 de June de 2024","format":false,"excerpt":"O Bolsa Fam\u00edlia de julho traz novidades importantes para o combate \u00e0 pobreza no Brasil. Em 2024, o programa continuar\u00e1 sendo um pilar fundamental para milh\u00f5es de brasileiros. A Caixa Econ\u00f4mica Federal (CEF) gerencia os pagamentos com o objetivo de distribuir de forma eficiente os recursos para melhorar as condi\u00e7\u00f5es\u2026","rel":"","context":"In &quot;Dinheiro e Investimento&quot;","block_context":{"text":"Dinheiro e Investimento","link":"https:\/\/noticiasribeiraopreto.com.br\/index.php\/category\/dinheiro-e-investimento-como-fazer-como-ganhar\/"},"img":{"alt_text":"","src":"https:\/\/i0.wp.com\/noticiasribeiraopreto.com.br\/wp-content\/uploads\/2024\/06\/Design-sem-nome-1-1.webp.webp?fit=1200%2C630&ssl=1&resize=350%2C200","width":350,"height":200,"srcset":"https:\/\/i0.wp.com\/noticiasribeiraopreto.com.br\/wp-content\/uploads\/2024\/06\/Design-sem-nome-1-1.webp.webp?fit=1200%2C630&ssl=1&resize=350%2C200 1x, https:\/\/i0.wp.com\/noticiasribeiraopreto.com.br\/wp-content\/uploads\/2024\/06\/Design-sem-nome-1-1.webp.webp?fit=1200%2C630&ssl=1&resize=525%2C300 1.5x, https:\/\/i0.wp.com\/noticiasribeiraopreto.com.br\/wp-content\/uploads\/2024\/06\/Design-sem-nome-1-1.webp.webp?fit=1200%2C630&ssl=1&resize=700%2C400 2x, https:\/\/i0.wp.com\/noticiasribeiraopreto.com.br\/wp-content\/uploads\/2024\/06\/Design-sem-nome-1-1.webp.webp?fit=1200%2C630&ssl=1&resize=1050%2C600 3x"},"classes":[]}],"jetpack_sharing_enabled":true,"jetpack_shortlink":"https:\/\/wp.me\/peQAOb-jlS","_links":{"self":[{"href":"https:\/\/noticiasribeiraopreto.com.br\/index.php\/wp-json\/wp\/v2\/posts\/74392","targetHints":{"allow":["GET"]}}],"collection":[{"href":"https:\/\/noticiasribeiraopreto.com.br\/index.php\/wp-json\/wp\/v2\/posts"}],"about":[{"href":"https:\/\/noticiasribeiraopreto.com.br\/index.php\/wp-json\/wp\/v2\/types\/post"}],"author":[{"embeddable":true,"href":"https:\/\/noticiasribeiraopreto.com.br\/index.php\/wp-json\/wp\/v2\/users\/1"}],"replies":[{"embeddable":true,"href":"https:\/\/noticiasribeiraopreto.com.br\/index.php\/wp-json\/wp\/v2\/comments?post=74392"}],"version-history":[{"count":0,"href":"https:\/\/noticiasribeiraopreto.com.br\/index.php\/wp-json\/wp\/v2\/posts\/74392\/revisions"}],"wp:featuredmedia":[{"embeddable":true,"href":"https:\/\/noticiasribeiraopreto.com.br\/index.php\/wp-json\/wp\/v2\/media\/74393"}],"wp:attachment":[{"href":"https:\/\/noticiasribeiraopreto.com.br\/index.php\/wp-json\/wp\/v2\/media?parent=74392"}],"wp:term":[{"taxonomy":"category","embeddable":true,"href":"https:\/\/noticiasribeiraopreto.com.br\/index.php\/wp-json\/wp\/v2\/categories?post=74392"},{"taxonomy":"post_tag","embeddable":true,"href":"https:\/\/noticiasribeiraopreto.com.br\/index.php\/wp-json\/wp\/v2\/tags?post=74392"}],"curies":[{"name":"wp","href":"https:\/\/api.w.org\/{rel}","templated":true}]}}