{"id":74394,"date":"2025-07-22T09:09:07","date_gmt":"2025-07-22T12:09:07","guid":{"rendered":"https:\/\/noticiasribeiraopreto.com.br\/index.php\/2025\/07\/22\/guri-abre-inscricoes-para-cursos-gratuitos-a-distancia-veja-como-participar\/"},"modified":"2025-07-22T09:09:07","modified_gmt":"2025-07-22T12:09:07","slug":"guri-abre-inscricoes-para-cursos-gratuitos-a-distancia-veja-como-participar","status":"publish","type":"post","link":"https:\/\/noticiasribeiraopreto.com.br\/index.php\/2025\/07\/22\/guri-abre-inscricoes-para-cursos-gratuitos-a-distancia-veja-como-participar\/","title":{"rendered":"Guri abre inscri\u00e7\u00f5es para cursos gratuitos \u00e0 dist\u00e2ncia; Veja como participar"},"content":{"rendered":"<div class='code-block code-block-1' style='margin: 8px 0 8px auto; text-align: right; display: block; clear: both;'>\n<p><a href=\"https:\/\/wa.link\/vpicfd\"><img data-recalc-dims=\"1\" class=\"wp-image-4922\" style=\"aspect-ratio: 2.0253164556962027; width: 561px; height: auto;\" src=\"https:\/\/i0.wp.com\/ismaelcolosi.com.br\/wp-content\/uploads\/2023\/11\/grupo-de-empregos-whatsapp-e-facebook-ismael-colosi-vagas.jpg?ssl=1\" alt=\"\" \/><\/a><\/p>\n<!-- \/wp:image -->\n<\/div>\n<p> <br \/>\n<\/p>\n<div>\n<p><strong>O Projeto Guri est\u00e1 com inscri\u00e7\u00f5es abertas para 19 cursos gratuitos \u00e0 dist\u00e2ncia voltados para o p\u00fablico em geral, incluindo professores.<\/strong><\/p>\n<p><mark style=\"background-color:#fcb900\" class=\"has-inline-color has-black-color\">As inscri\u00e7\u00f5es s\u00e3o online at\u00e9 o dia 8 de agosto ou enquanto houver vagas.<\/mark> <a href=\"https:\/\/wae.santamarcelinacultura.org.br\/waewgil\/servlet\/hnweevn1\">Clique aqui<\/a> para fazer a matr\u00edcula.<\/p>\n<p>Segundo o Guri, as aulas come\u00e7am em setembro e os encontros s\u00e3o semanais, ao vivo, com professoras e professores, sendo cada aula com uma hora de dura\u00e7\u00e3o. <\/p>\n<p>O aluno que completar 75% ou mais de presen\u00e7a recebe o certificado.<\/p>\n<p>Os cursos EaD fazem parte do Guri 4.0, plano que tem o objetivo de aumentar o alcance da educa\u00e7\u00e3o musical ao p\u00fablico de forma criativa, pr\u00e1tica e inovadora.<\/p>\n<h2 class=\"wp-block-heading\"><strong>Veja lista completa dos <strong>cursos<\/strong>:<\/strong><\/h2>\n<p><strong>Atabaque: ritmos afro-brasileiros \u2013 pr\u00f3ximos passos<\/strong><strong><br \/><\/strong>Para o p\u00fablico a partir de 12 anos de idade<br \/>Aulas: 01\/09 a 20\/10 (segundas-feiras)<br \/>Hor\u00e1rio: 10h<\/p>\n<p><strong>Fundamentos do Saxofone: conceitos para iniciantes<\/strong><br \/>Para o p\u00fablico em geral<br \/>Aulas: 04\/09 a 23\/10 (segundas-feiras)<br \/>Hor\u00e1rio: 9h30<\/p>\n<p><strong>Inicia\u00e7\u00e3o \u00e0s cordas dedilhadas antigas<\/strong><br \/>Para o p\u00fablico em geral<br \/>Aulas: 01\/09 a 20\/10 (segundas-feiras)<br \/>Hor\u00e1rio: 9h<\/p>\n<p><strong>Leitura Musical para Guitarra \u2013 pr\u00f3ximos passos<\/strong><br \/>Para o p\u00fablico em geral<br \/>Aulas: 10\/09 a 29\/10 (quartas-feiras)<br \/>Hor\u00e1rio: 19h<\/p>\n<p><strong>Na batida do POP<\/strong><br \/>Para o p\u00fablico em geral<br \/>Aulas: 05\/09 a 24\/10 (sextas-feiras)<br \/>Hor\u00e1rio: 8h<\/p>\n<p><strong>Piano ou teclado \u2013 pr\u00f3ximos passos<\/strong><br \/>Para o p\u00fablico a partir de 18 anos<br \/>Aulas: 02\/09 a 21\/10 (ter\u00e7as-feiras)<br \/>Hor\u00e1rio: 19h<\/p>\n<p><strong>Viola Caipira \u2013 primeiros passos<\/strong><br \/>Para o p\u00fablico em geral<br \/>Aulas: 02\/09 a 21\/10 (ter\u00e7as-feiras)<br \/>Hor\u00e1rio: 10h<\/p>\n<p><strong>Viol\u00e3o \u2013 primeiros passos<\/strong><br \/>Para o p\u00fablico em geral<br \/>Aulas: 02\/09 a 21\/10 (ter\u00e7as-feiras)<br \/>Hor\u00e1rio: 8h<\/p>\n<p><strong>Viol\u00e3o Solo \u2013 primeiros passos<\/strong><br \/>Para o p\u00fablico em geral<br \/>Aulas: 02\/09 a 21\/10 (ter\u00e7as-feiras)<br \/>Hor\u00e1rio: 9h<\/p>\n<p><strong>A Hist\u00f3ria do Violino \u2013 Da Origem \u00e0 Contemporaneidade<\/strong><br \/>Para o p\u00fablico em geral<br \/>Aulas: 04\/09 a 23\/10 (quintas-feiras)<br \/>Hor\u00e1rio: 20h<\/p>\n<p><strong>Tons e Tempos: um passeio pela hist\u00f3ria da m\u00fasica brasileira<\/strong><br \/>Para o p\u00fablico em geral<br \/>Aulas: 01\/09 a 20\/10 (segundas-feiras)<br \/>Hor\u00e1rio: 19h<\/p>\n<p><strong>Ensino de M\u00fasica no Fundamental II \u2013 Estrat\u00e9gias e Pr\u00e1ticas para Professores<\/strong><br \/>Para educadores e educadoras de qualquer n\u00edvel de ensino e espa\u00e7o de atua\u00e7\u00e3o<br \/>Aulas: 02\/09 a 21\/10 (ter\u00e7as-feiras)<br \/>Hor\u00e1rio: 19h30<\/p>\n<p><strong>Ferramentas digitais para educadores(as): Aulas de Teoria Musical<\/strong><br \/>Para professoras e professores de qualquer n\u00edvel de ensino e espa\u00e7o de atua\u00e7\u00e3o<br \/>Aulas: 02\/09 a 21\/10 (ter\u00e7as-feiras)<br \/>Hor\u00e1rio: 18h<\/p>\n<p><strong>Introdu\u00e7\u00e3o \u00e0 flauta doce para educadores<\/strong><br \/>Para professoras e professores de qualquer n\u00edvel de ensino e espa\u00e7o de atua\u00e7\u00e3o<br \/>Aulas: 09\/09 a 28\/10 (ter\u00e7as-feiras)<br \/>Hor\u00e1rio: 20h<\/p>\n<p><strong>Musicografia Braille \u2013 pr\u00f3ximos passos<\/strong><br \/>Para o p\u00fablico a partir de 18 anos de idade<br \/>Aulas: 03\/09 a 22\/10 (quartas-feiras)<br \/>Hor\u00e1rio: 18h<\/p>\n<p><strong>Produ\u00e7\u00e3o musical \u2013 primeiros passos<\/strong><br \/>Para o p\u00fablico em geral<br \/>Aulas: 06\/10 a 28\/10 (segundas-feiras e ter\u00e7as-feiras)<br \/>Hor\u00e1rio: 9h<\/p>\n<p><strong>Produ\u00e7\u00e3o musical \u2013 pr\u00f3ximos passos<\/strong><br \/>Para o p\u00fablico em geral<br \/>Aulas: 03\/11 a 25\/11 (segundas-feiras e ter\u00e7as-feiras)<br \/>Hor\u00e1rio: 9h<\/p>\n<p><strong>Fundamentos de Teoria Musical<\/strong><br \/>Para o p\u00fablico em geral<br \/>Aulas: 02\/09 a 21\/10 (ter\u00e7as-feiras)<br \/>Hor\u00e1rio: 11h<\/p>\n<p><strong>Teoria em a\u00e7\u00e3o<\/strong><br \/>Para o p\u00fablico em geral<br \/>Aulas: 04\/09 a 23\/10 (quintas-feiras)<br \/>Hor\u00e1rio: 18h<\/p>\n<p><!-- AI CONTENT END 2 -->\n<\/div>\n<p><br \/>\n<br \/><a href=\"https:\/\/www.acidadeon.com\/ribeiraopreto\/lazer-e-cultura\/guri-abre-inscricoes-para-cursos-gratuitos-a-distancia-veja-como-participar\/\">Source link <\/a><\/p>\n<!-- CONTENT END 1 -->\n","protected":false},"excerpt":{"rendered":"<p>O Projeto Guri est\u00e1 com inscri\u00e7\u00f5es abertas para 19 cursos gratuitos \u00e0 dist\u00e2ncia voltados para o p\u00fablico em geral, incluindo professores. As inscri\u00e7\u00f5es s\u00e3o online&#8230;<\/p>\n","protected":false},"author":1,"featured_media":74395,"comment_status":"open","ping_status":"open","sticky":false,"template":"","format":"standard","meta":{"advanced_seo_description":"","jetpack_seo_html_title":"","jetpack_seo_noindex":false,"jetpack_post_was_ever_published":false,"_jetpack_newsletter_access":"","_jetpack_dont_email_post_to_subs":false,"_jetpack_newsletter_tier_id":0,"_jetpack_memberships_contains_paywalled_content":false,"_jetpack_memberships_contains_paid_content":false,"footnotes":"","jetpack_publicize_message":"","jetpack_publicize_feature_enabled":true,"jetpack_social_post_already_shared":true,"jetpack_social_options":{"image_generator_settings":{"template":"highway","default_image_id":0,"font":"","enabled":false},"version":2}},"categories":[11],"tags":[],"class_list":["post-74394","post","type-post","status-publish","format-standard","has-post-thumbnail","hentry","category-noticias-de-ribeirao-preto-sp-e-regiao-ismael-colosi"],"jetpack_publicize_connections":[],"jetpack_featured_media_url":"https:\/\/i0.wp.com\/noticiasribeiraopreto.com.br\/wp-content\/uploads\/2025\/07\/GURI_2025-07-22_11-32-13.webp.webp?fit=1200%2C806&ssl=1","jetpack-related-posts":[{"id":5652,"url":"https:\/\/noticiasribeiraopreto.com.br\/index.php\/2023\/11\/24\/guri-abre-vagas-para-cursos-gratuitos-de-educacao-musical\/","url_meta":{"origin":74394,"position":0},"title":"Guri abre vagas para cursos gratuitos de educa\u00e7\u00e3o musical","author":"noticiasribeiraopreto.com.br","date":"24 de November de 2023","format":false,"excerpt":"O programa Guri, da Secretaria da Cultura, Economia e Ind\u00fastria Criativas, abriu vagas para cinco cursos gratuitos\u00a0de educa\u00e7\u00e3o musical para diversos n\u00edveis de ensino e faixas et\u00e1rias. Uma oportunidade de aprendizado para todas e todos. O Guri \u00e9 um programa de educa\u00e7\u00e3o musical gerido pela Santa Marcelina Cultura. Cr\u00e9ditos: Divulga\u00e7\u00e3oPrograma\u2026","rel":"","context":"In &quot;Variedades&quot;","block_context":{"text":"Variedades","link":"https:\/\/noticiasribeiraopreto.com.br\/index.php\/category\/variedades\/"},"img":{"alt_text":"","src":"https:\/\/i0.wp.com\/noticiasribeiraopreto.com.br\/wp-content\/uploads\/2023\/11\/cursos-gratuitos-projeto-guri.jpg?fit=1200%2C638&ssl=1&resize=350%2C200","width":350,"height":200,"srcset":"https:\/\/i0.wp.com\/noticiasribeiraopreto.com.br\/wp-content\/uploads\/2023\/11\/cursos-gratuitos-projeto-guri.jpg?fit=1200%2C638&ssl=1&resize=350%2C200 1x, https:\/\/i0.wp.com\/noticiasribeiraopreto.com.br\/wp-content\/uploads\/2023\/11\/cursos-gratuitos-projeto-guri.jpg?fit=1200%2C638&ssl=1&resize=525%2C300 1.5x, https:\/\/i0.wp.com\/noticiasribeiraopreto.com.br\/wp-content\/uploads\/2023\/11\/cursos-gratuitos-projeto-guri.jpg?fit=1200%2C638&ssl=1&resize=700%2C400 2x, https:\/\/i0.wp.com\/noticiasribeiraopreto.com.br\/wp-content\/uploads\/2023\/11\/cursos-gratuitos-projeto-guri.jpg?fit=1200%2C638&ssl=1&resize=1050%2C600 3x"},"classes":[]},{"id":6678,"url":"https:\/\/noticiasribeiraopreto.com.br\/index.php\/2023\/11\/26\/guri-abre-vagas-para-cursos-on-line-gratuitos-de-musica\/","url_meta":{"origin":74394,"position":1},"title":"Guri abre vagas para cursos on-line gratuitos de m\u00fasica","author":"noticiasribeiraopreto.com.br","date":"26 de November de 2023","format":false,"excerpt":"O Projeto Guri, programa da Secretaria da Cultura, Economia e Ind\u00fastria Criativas, abriu vagas para cinco cursos on-line gratuitos, abertos a diversas faixas et\u00e1rias e n\u00edveis de ensino. Essa \u00e9 uma excelente oportunidade de aprendizado para todos.Cr\u00e9ditos: Divulga\u00e7\u00e3oGuri abre vagas para cursos on-line gratuitos de m\u00fasicaAs inscri\u00e7\u00f5es est\u00e3o abertas desde\u2026","rel":"","context":"In &quot;Variedades&quot;","block_context":{"text":"Variedades","link":"https:\/\/noticiasribeiraopreto.com.br\/index.php\/category\/variedades\/"},"img":{"alt_text":"","src":"https:\/\/i0.wp.com\/noticiasribeiraopreto.com.br\/wp-content\/uploads\/2023\/11\/projeto-guri-prorroga-inscricoes-para-cursos-de-musica.jpg?fit=1200%2C638&ssl=1&resize=350%2C200","width":350,"height":200,"srcset":"https:\/\/i0.wp.com\/noticiasribeiraopreto.com.br\/wp-content\/uploads\/2023\/11\/projeto-guri-prorroga-inscricoes-para-cursos-de-musica.jpg?fit=1200%2C638&ssl=1&resize=350%2C200 1x, https:\/\/i0.wp.com\/noticiasribeiraopreto.com.br\/wp-content\/uploads\/2023\/11\/projeto-guri-prorroga-inscricoes-para-cursos-de-musica.jpg?fit=1200%2C638&ssl=1&resize=525%2C300 1.5x, https:\/\/i0.wp.com\/noticiasribeiraopreto.com.br\/wp-content\/uploads\/2023\/11\/projeto-guri-prorroga-inscricoes-para-cursos-de-musica.jpg?fit=1200%2C638&ssl=1&resize=700%2C400 2x, https:\/\/i0.wp.com\/noticiasribeiraopreto.com.br\/wp-content\/uploads\/2023\/11\/projeto-guri-prorroga-inscricoes-para-cursos-de-musica.jpg?fit=1200%2C638&ssl=1&resize=1050%2C600 3x"},"classes":[]},{"id":38709,"url":"https:\/\/noticiasribeiraopreto.com.br\/index.php\/2024\/02\/21\/projeto-guri-esta-com-inscricoes-abertas-em-ribeirao-saiba-como-participar\/","url_meta":{"origin":74394,"position":2},"title":"Projeto Guri est\u00e1 com inscri\u00e7\u00f5es abertas em Ribeir\u00e3o; Saiba como participar","author":"noticiasribeiraopreto.com.br","date":"21 de February de 2024","format":false,"excerpt":"O Projeto Guri est\u00e1 com inscri\u00e7\u00f5es abertas em Ribeir\u00e3o Preto para cursos gratuitos de inicia\u00e7\u00e3o musical. As inscri\u00e7\u00f5es podem ser realizadas at\u00e9 o dia 22 de mar\u00e7o, presencialmente no Centro Cultural Palace, na rua \u00c1lvares Cabral, 322, Centro, de segunda \u00e0 sexta-feira, das 8h \u00e0s 21h, e, aos s\u00e1bados, das\u2026","rel":"","context":"In &quot;Not\u00edcias de Ribeir\u00e3o Preto-SP e Regi\u00e3o&quot;","block_context":{"text":"Not\u00edcias de Ribeir\u00e3o Preto-SP e Regi\u00e3o","link":"https:\/\/noticiasribeiraopreto.com.br\/index.php\/category\/noticias-de-ribeirao-preto-sp-e-regiao-ismael-colosi\/"},"img":{"alt_text":"","src":"https:\/\/i0.wp.com\/noticiasribeiraopreto.com.br\/wp-content\/uploads\/2024\/02\/77037050_10156868135606984_3808918667589058560_n-1.jpg?fit=1200%2C800&ssl=1&resize=350%2C200","width":350,"height":200,"srcset":"https:\/\/i0.wp.com\/noticiasribeiraopreto.com.br\/wp-content\/uploads\/2024\/02\/77037050_10156868135606984_3808918667589058560_n-1.jpg?fit=1200%2C800&ssl=1&resize=350%2C200 1x, https:\/\/i0.wp.com\/noticiasribeiraopreto.com.br\/wp-content\/uploads\/2024\/02\/77037050_10156868135606984_3808918667589058560_n-1.jpg?fit=1200%2C800&ssl=1&resize=525%2C300 1.5x, https:\/\/i0.wp.com\/noticiasribeiraopreto.com.br\/wp-content\/uploads\/2024\/02\/77037050_10156868135606984_3808918667589058560_n-1.jpg?fit=1200%2C800&ssl=1&resize=700%2C400 2x, https:\/\/i0.wp.com\/noticiasribeiraopreto.com.br\/wp-content\/uploads\/2024\/02\/77037050_10156868135606984_3808918667589058560_n-1.jpg?fit=1200%2C800&ssl=1&resize=1050%2C600 3x"},"classes":[]},{"id":33242,"url":"https:\/\/noticiasribeiraopreto.com.br\/index.php\/2024\/01\/28\/guri-abre-vagas-para-cursos-gratuitos-de-musica\/","url_meta":{"origin":74394,"position":3},"title":"Guri abre vagas para cursos gratuitos de m\u00fasica\u00a0","author":"noticiasribeiraopreto.com.br","date":"28 de January de 2024","format":false,"excerpt":"28 de janeiro de 2024 | 18:0027 de janeiro de 2024 | 19:35 0O Guri \u2013 programa de educa\u00e7\u00e3o musical da Secretaria da Cultura, Economia e Ind\u00fastria Criativas do Governo do Estado de S\u00e3o Paulo, gerido pela Santa Marcelina Cultura \u2013 abre a partir de 29 de janeiro at\u00e9 22\u2026","rel":"","context":"In &quot;Not\u00edcias de Ribeir\u00e3o Preto-SP e Regi\u00e3o&quot;","block_context":{"text":"Not\u00edcias de Ribeir\u00e3o Preto-SP e Regi\u00e3o","link":"https:\/\/noticiasribeiraopreto.com.br\/index.php\/category\/noticias-de-ribeirao-preto-sp-e-regiao-ismael-colosi\/"},"img":{"alt_text":"","src":"https:\/\/i0.wp.com\/noticiasribeiraopreto.com.br\/wp-content\/uploads\/2024\/01\/1-guri-1.png?fit=753%2C502&ssl=1&resize=350%2C200","width":350,"height":200,"srcset":"https:\/\/i0.wp.com\/noticiasribeiraopreto.com.br\/wp-content\/uploads\/2024\/01\/1-guri-1.png?fit=753%2C502&ssl=1&resize=350%2C200 1x, https:\/\/i0.wp.com\/noticiasribeiraopreto.com.br\/wp-content\/uploads\/2024\/01\/1-guri-1.png?fit=753%2C502&ssl=1&resize=525%2C300 1.5x, https:\/\/i0.wp.com\/noticiasribeiraopreto.com.br\/wp-content\/uploads\/2024\/01\/1-guri-1.png?fit=753%2C502&ssl=1&resize=700%2C400 2x"},"classes":[]},{"id":38576,"url":"https:\/\/noticiasribeiraopreto.com.br\/index.php\/2024\/02\/20\/projeto-guri-abre-427-vagas-em-rp\/","url_meta":{"origin":74394,"position":4},"title":"Projeto Guri abre 427 vagas em RP\u00a0","author":"noticiasribeiraopreto.com.br","date":"20 de February de 2024","format":false,"excerpt":"O Projeto Guri, programa de educa\u00e7\u00e3o musical e inclus\u00e3o sociocultural da Secretaria de Cultura e Economia Criativa do Estado de S\u00e3o Paulo, gerido pela organiza\u00e7\u00e3o social Santa Marcelina Cultura, abriu prazo para matr\u00edcula de alunos na macrorregi\u00e3o de Ribeir\u00e3o Preto. As inscri\u00e7\u00f5es devem ser feitas at\u00e9 22 de mar\u00e7o. \u00a0\u00a0Ao\u2026","rel":"","context":"In &quot;Not\u00edcias de Ribeir\u00e3o Preto-SP e Regi\u00e3o&quot;","block_context":{"text":"Not\u00edcias de Ribeir\u00e3o Preto-SP e Regi\u00e3o","link":"https:\/\/noticiasribeiraopreto.com.br\/index.php\/category\/noticias-de-ribeirao-preto-sp-e-regiao-ismael-colosi\/"},"img":{"alt_text":"","src":"https:\/\/i0.wp.com\/noticiasribeiraopreto.com.br\/wp-content\/uploads\/2024\/02\/GuriRP-Divulgacao.jpg?fit=761%2C373&ssl=1&resize=350%2C200","width":350,"height":200,"srcset":"https:\/\/i0.wp.com\/noticiasribeiraopreto.com.br\/wp-content\/uploads\/2024\/02\/GuriRP-Divulgacao.jpg?fit=761%2C373&ssl=1&resize=350%2C200 1x, https:\/\/i0.wp.com\/noticiasribeiraopreto.com.br\/wp-content\/uploads\/2024\/02\/GuriRP-Divulgacao.jpg?fit=761%2C373&ssl=1&resize=525%2C300 1.5x, https:\/\/i0.wp.com\/noticiasribeiraopreto.com.br\/wp-content\/uploads\/2024\/02\/GuriRP-Divulgacao.jpg?fit=761%2C373&ssl=1&resize=700%2C400 2x"},"classes":[]},{"id":43249,"url":"https:\/\/noticiasribeiraopreto.com.br\/index.php\/2024\/03\/20\/projeto-guri-tem-5-045-vagas-na-regiao\/","url_meta":{"origin":74394,"position":5},"title":"Projeto Guri tem 5.045 vagas na regi\u00e3o\u00a0","author":"noticiasribeiraopreto.com.br","date":"20 de March de 2024","format":false,"excerpt":"20 de mar\u00e7o de 2024 | 9:3020 de mar\u00e7o de 2024 | 6:07 0O Projeto Guri, programa de educa\u00e7\u00e3o musical e inclus\u00e3o sociocultural da Secretaria de Cultura e Economia Criativa do Estado de S\u00e3o Paulo, gerido pela organiza\u00e7\u00e3o social Santa Marcelina Cultura, abriu prazo para matr\u00edcula de alunos na macrorregi\u00e3o\u2026","rel":"","context":"In &quot;Not\u00edcias de Ribeir\u00e3o Preto-SP e Regi\u00e3o&quot;","block_context":{"text":"Not\u00edcias de Ribeir\u00e3o Preto-SP e Regi\u00e3o","link":"https:\/\/noticiasribeiraopreto.com.br\/index.php\/category\/noticias-de-ribeirao-preto-sp-e-regiao-ismael-colosi\/"},"img":{"alt_text":"","src":"https:\/\/i0.wp.com\/noticiasribeiraopreto.com.br\/wp-content\/uploads\/2024\/03\/GuriRP-Divulgacao.jpg?fit=761%2C373&ssl=1&resize=350%2C200","width":350,"height":200,"srcset":"https:\/\/i0.wp.com\/noticiasribeiraopreto.com.br\/wp-content\/uploads\/2024\/03\/GuriRP-Divulgacao.jpg?fit=761%2C373&ssl=1&resize=350%2C200 1x, https:\/\/i0.wp.com\/noticiasribeiraopreto.com.br\/wp-content\/uploads\/2024\/03\/GuriRP-Divulgacao.jpg?fit=761%2C373&ssl=1&resize=525%2C300 1.5x, https:\/\/i0.wp.com\/noticiasribeiraopreto.com.br\/wp-content\/uploads\/2024\/03\/GuriRP-Divulgacao.jpg?fit=761%2C373&ssl=1&resize=700%2C400 2x"},"classes":[]}],"jetpack_sharing_enabled":true,"jetpack_shortlink":"https:\/\/wp.me\/peQAOb-jlU","_links":{"self":[{"href":"https:\/\/noticiasribeiraopreto.com.br\/index.php\/wp-json\/wp\/v2\/posts\/74394","targetHints":{"allow":["GET"]}}],"collection":[{"href":"https:\/\/noticiasribeiraopreto.com.br\/index.php\/wp-json\/wp\/v2\/posts"}],"about":[{"href":"https:\/\/noticiasribeiraopreto.com.br\/index.php\/wp-json\/wp\/v2\/types\/post"}],"author":[{"embeddable":true,"href":"https:\/\/noticiasribeiraopreto.com.br\/index.php\/wp-json\/wp\/v2\/users\/1"}],"replies":[{"embeddable":true,"href":"https:\/\/noticiasribeiraopreto.com.br\/index.php\/wp-json\/wp\/v2\/comments?post=74394"}],"version-history":[{"count":0,"href":"https:\/\/noticiasribeiraopreto.com.br\/index.php\/wp-json\/wp\/v2\/posts\/74394\/revisions"}],"wp:featuredmedia":[{"embeddable":true,"href":"https:\/\/noticiasribeiraopreto.com.br\/index.php\/wp-json\/wp\/v2\/media\/74395"}],"wp:attachment":[{"href":"https:\/\/noticiasribeiraopreto.com.br\/index.php\/wp-json\/wp\/v2\/media?parent=74394"}],"wp:term":[{"taxonomy":"category","embeddable":true,"href":"https:\/\/noticiasribeiraopreto.com.br\/index.php\/wp-json\/wp\/v2\/categories?post=74394"},{"taxonomy":"post_tag","embeddable":true,"href":"https:\/\/noticiasribeiraopreto.com.br\/index.php\/wp-json\/wp\/v2\/tags?post=74394"}],"curies":[{"name":"wp","href":"https:\/\/api.w.org\/{rel}","templated":true}]}}