{"id":74396,"date":"2025-07-22T09:16:34","date_gmt":"2025-07-22T12:16:34","guid":{"rendered":"https:\/\/noticiasribeiraopreto.com.br\/index.php\/2025\/07\/22\/acidente-entre-moto-e-van-deixa-vitima-em-ribeirao-preto\/"},"modified":"2025-07-22T09:16:34","modified_gmt":"2025-07-22T12:16:34","slug":"acidente-entre-moto-e-van-deixa-vitima-em-ribeirao-preto","status":"publish","type":"post","link":"https:\/\/noticiasribeiraopreto.com.br\/index.php\/2025\/07\/22\/acidente-entre-moto-e-van-deixa-vitima-em-ribeirao-preto\/","title":{"rendered":"Acidente entre moto e van deixa v\u00edtima em Ribeir\u00e3o Preto"},"content":{"rendered":"<div class='code-block code-block-1' style='margin: 8px 0 8px auto; text-align: right; display: block; clear: both;'>\n<p><a href=\"https:\/\/wa.link\/vpicfd\"><img data-recalc-dims=\"1\" class=\"wp-image-4922\" style=\"aspect-ratio: 2.0253164556962027; width: 561px; height: auto;\" src=\"https:\/\/i0.wp.com\/ismaelcolosi.com.br\/wp-content\/uploads\/2023\/11\/grupo-de-empregos-whatsapp-e-facebook-ismael-colosi-vagas.jpg?ssl=1\" alt=\"\" \/><\/a><\/p>\n<!-- \/wp:image -->\n<\/div>\n<p> <br \/>\n<\/p>\n<div data-td-block-uid=\"tdi_95\">\n<div class=\"tdb-block-inner td-fix-index\">\n<p><strong>Um acidente entre uma moto e uma van deixou uma v\u00edtima na manh\u00e3 desta ter\u00e7a-feira (22), na Via Jos\u00e9 Luiz Galv\u00e3o, na rotat\u00f3ria de entrada para o bairro Reserva Maca\u00faba, zona Oeste de Ribeir\u00e3o Preto.<\/strong><\/p>\n<p>Segundo o <strong>Corpo de Bombeiros<\/strong>, a <strong>v\u00edtima <\/strong>sofreu <strong>ferimentos leves<\/strong>, foi <strong>socorrida <\/strong>e encaminhada at\u00e9 a <strong>UPA Oeste<\/strong>. N\u00e3o foi informado, por\u00e9m, como ocorreu o acidente.<\/p>\n<p>As causas ainda dever\u00e3o ser apuradas.<\/p>\n<p>SAIBA MAIS<\/p>\n<p>Calor\u00e3o volta ao interior de SP? Veja como ficam as temperaturas<\/p>\n<h2 class=\"wp-block-heading\"><strong>FIQUE ON<\/strong><\/h2>\n<p>Quer ficar por dentro de tudo que acontece em Ribeir\u00e3o Preto e regi\u00e3o? Ent\u00e3o siga os perfis do\u202facidade on\u202fno\u202f<a href=\"https:\/\/www.instagram.com\/acidadeonribeirao\" target=\"_blank\" rel=\"noreferrer noopener\">Instagram<\/a>\u202fe no\u202f<a href=\"https:\/\/www.facebook.com\/acidadeonribeirao\/\" target=\"_blank\" rel=\"noreferrer noopener\">Facebook<\/a>.<\/p>\n<p>Al\u00e9m disso, voc\u00ea pode receber as principais not\u00edcias diretamente no WhatsApp. Para isso, basta\u00a0<a href=\"https:\/\/chat.whatsapp.com\/BjKQZ9oJwlz8VVT50NuePq\" target=\"_blank\" rel=\"noreferrer noopener\">entrar no grupo clicando aqui<\/a>.<\/p>\n<p>Por fim, se quiser fazer uma den\u00fancia ou sugerir uma reportagem sobre Ribeir\u00e3o Preto e regi\u00e3o, envie uma mensagem pelo WhatsApp: (16) 99117-7802.<\/p>\n<p>VEJA TAMB\u00c9M<\/p>\n<p>Quem \u00e9 o dono do GPS usado no Brasil?<\/p>\n<p><!-- AI CONTENT END 1 -->\n<\/div>\n<\/div>\n<p><script async src=\"\/\/www.instagram.com\/embed.js\"><\/script><br \/>\n<br \/><br \/>\n<br \/><a href=\"https:\/\/www.acidadeon.com\/ribeiraopreto\/cotidiano\/acidente-entre-moto-e-van-deixa-vitima-em-ribeirao-preto\/\">Source link <\/a><\/p>\n<!-- CONTENT END 1 -->\n","protected":false},"excerpt":{"rendered":"<p>Um acidente entre uma moto e uma van deixou uma v\u00edtima na manh\u00e3 desta ter\u00e7a-feira (22), na Via Jos\u00e9 Luiz Galv\u00e3o, na rotat\u00f3ria de entrada&#8230;<\/p>\n","protected":false},"author":1,"featured_media":73423,"comment_status":"open","ping_status":"open","sticky":false,"template":"","format":"standard","meta":{"advanced_seo_description":"","jetpack_seo_html_title":"","jetpack_seo_noindex":false,"jetpack_post_was_ever_published":false,"_jetpack_newsletter_access":"","_jetpack_dont_email_post_to_subs":false,"_jetpack_newsletter_tier_id":0,"_jetpack_memberships_contains_paywalled_content":false,"_jetpack_memberships_contains_paid_content":false,"footnotes":"","jetpack_publicize_message":"","jetpack_publicize_feature_enabled":true,"jetpack_social_post_already_shared":true,"jetpack_social_options":{"image_generator_settings":{"template":"highway","default_image_id":0,"font":"","enabled":false},"version":2}},"categories":[11],"tags":[],"class_list":["post-74396","post","type-post","status-publish","format-standard","has-post-thumbnail","hentry","category-noticias-de-ribeirao-preto-sp-e-regiao-ismael-colosi"],"jetpack_publicize_connections":[],"jetpack_featured_media_url":"https:\/\/i0.wp.com\/noticiasribeiraopreto.com.br\/wp-content\/uploads\/2025\/07\/BOMBEIROS-1024x575-1_2024-05-31_13-44-44_jpg_2024-05-31_13-44-44.webp.webp?fit=1024%2C575&ssl=1","jetpack-related-posts":[{"id":73422,"url":"https:\/\/noticiasribeiraopreto.com.br\/index.php\/2025\/07\/02\/acidente-entre-carro-e-moto-deixa-vitima-na-francisco-junqueira-em-ribeirao-preto\/","url_meta":{"origin":74396,"position":0},"title":"Acidente entre carro e moto deixa v\u00edtima na Francisco Junqueira em Ribeir\u00e3o Preto","author":"noticiasribeiraopreto.com.br","date":"2 de July de 2025","format":false,"excerpt":"Um acidente entre um carro e uma moto deixou uma v\u00edtima na manh\u00e3 desta quarta-feira (2), no cruzamento das avenidas Francisco Junqueira e Jer\u00f4nimo Gon\u00e7alves, em Ribeir\u00e3o Preto. Segundo o Corpo de Bombeiros, a v\u00edtima foi encontrada ca\u00edda no ch\u00e3o, recebeu os primeiros socorros e foi encaminhada \u00e0 UPA da\u2026","rel":"","context":"In &quot;Not\u00edcias de Ribeir\u00e3o Preto-SP e Regi\u00e3o&quot;","block_context":{"text":"Not\u00edcias de Ribeir\u00e3o Preto-SP e Regi\u00e3o","link":"https:\/\/noticiasribeiraopreto.com.br\/index.php\/category\/noticias-de-ribeirao-preto-sp-e-regiao-ismael-colosi\/"},"img":{"alt_text":"","src":"https:\/\/i0.wp.com\/noticiasribeiraopreto.com.br\/wp-content\/uploads\/2025\/07\/BOMBEIROS-1024x575-1_2024-05-31_13-44-44_jpg_2024-05-31_13-44-44.webp.webp?fit=1024%2C575&ssl=1&resize=350%2C200","width":350,"height":200,"srcset":"https:\/\/i0.wp.com\/noticiasribeiraopreto.com.br\/wp-content\/uploads\/2025\/07\/BOMBEIROS-1024x575-1_2024-05-31_13-44-44_jpg_2024-05-31_13-44-44.webp.webp?fit=1024%2C575&ssl=1&resize=350%2C200 1x, https:\/\/i0.wp.com\/noticiasribeiraopreto.com.br\/wp-content\/uploads\/2025\/07\/BOMBEIROS-1024x575-1_2024-05-31_13-44-44_jpg_2024-05-31_13-44-44.webp.webp?fit=1024%2C575&ssl=1&resize=525%2C300 1.5x, https:\/\/i0.wp.com\/noticiasribeiraopreto.com.br\/wp-content\/uploads\/2025\/07\/BOMBEIROS-1024x575-1_2024-05-31_13-44-44_jpg_2024-05-31_13-44-44.webp.webp?fit=1024%2C575&ssl=1&resize=700%2C400 2x"},"classes":[]},{"id":54857,"url":"https:\/\/noticiasribeiraopreto.com.br\/index.php\/2024\/07\/25\/acidente-entre-carro-e-moto-deixa-tres-vitimas-na-zona-sul-de-ribeirao-preto\/","url_meta":{"origin":74396,"position":1},"title":"Acidente entre carro e moto deixa tr\u00eas v\u00edtimas na zona Sul de Ribeir\u00e3o Preto","author":"noticiasribeiraopreto.com.br","date":"25 de July de 2024","format":false,"excerpt":"Um acidente entre um carro e uma moto deixou tr\u00eas v\u00edtimas na manh\u00e3 desta quinta-feira\u00a0 (25), na zona Sul de Ribeir\u00e3o Preto. Equipes do Corpo de Bombeiros e do Samu foram mobilizadas at\u00e9 a rua Cavalheiro Torquato Rizzi, na altura do cruzamento com a rua Capit\u00e3o Jarbas Vi\u00eaira de Souza.\u2026","rel":"","context":"In &quot;Not\u00edcias de Ribeir\u00e3o Preto-SP e Regi\u00e3o&quot;","block_context":{"text":"Not\u00edcias de Ribeir\u00e3o Preto-SP e Regi\u00e3o","link":"https:\/\/noticiasribeiraopreto.com.br\/index.php\/category\/noticias-de-ribeirao-preto-sp-e-regiao-ismael-colosi\/"},"img":{"alt_text":"","src":"https:\/\/i0.wp.com\/noticiasribeiraopreto.com.br\/wp-content\/uploads\/2024\/07\/WhatsApp-Image-2024-07-25-at-10.17.42_2024-07-25_13-18-08_jpeg_2024-07-25_13-18-09.webp.webp?fit=1200%2C675&ssl=1&resize=350%2C200","width":350,"height":200,"srcset":"https:\/\/i0.wp.com\/noticiasribeiraopreto.com.br\/wp-content\/uploads\/2024\/07\/WhatsApp-Image-2024-07-25-at-10.17.42_2024-07-25_13-18-08_jpeg_2024-07-25_13-18-09.webp.webp?fit=1200%2C675&ssl=1&resize=350%2C200 1x, https:\/\/i0.wp.com\/noticiasribeiraopreto.com.br\/wp-content\/uploads\/2024\/07\/WhatsApp-Image-2024-07-25-at-10.17.42_2024-07-25_13-18-08_jpeg_2024-07-25_13-18-09.webp.webp?fit=1200%2C675&ssl=1&resize=525%2C300 1.5x, https:\/\/i0.wp.com\/noticiasribeiraopreto.com.br\/wp-content\/uploads\/2024\/07\/WhatsApp-Image-2024-07-25-at-10.17.42_2024-07-25_13-18-08_jpeg_2024-07-25_13-18-09.webp.webp?fit=1200%2C675&ssl=1&resize=700%2C400 2x, https:\/\/i0.wp.com\/noticiasribeiraopreto.com.br\/wp-content\/uploads\/2024\/07\/WhatsApp-Image-2024-07-25-at-10.17.42_2024-07-25_13-18-08_jpeg_2024-07-25_13-18-09.webp.webp?fit=1200%2C675&ssl=1&resize=1050%2C600 3x"},"classes":[]},{"id":58333,"url":"https:\/\/noticiasribeiraopreto.com.br\/index.php\/2024\/09\/25\/homem-de-46-anos-morre-em-ribeirao-apos-sofrer-acidente-de-moto\/","url_meta":{"origin":74396,"position":2},"title":"Homem de 46 anos morre em Ribeir\u00e3o ap\u00f3s sofrer acidente de moto","author":"noticiasribeiraopreto.com.br","date":"25 de September de 2024","format":false,"excerpt":"Um homem de 46 anos morreu nesta ter\u00e7a-feira (24), em Ribeir\u00e3o Preto, depois de sofrer um acidente de moto. Segundo o boletim de ocorr\u00eancia (BO), a v\u00edtima, identificada como Marco Junio Leoncini, estava internada no Hospital das Cl\u00ednicas \u2013 Unidade de Emerg\u00eancia (HC-UE), onde passou por cirurgias, mas n\u00e3o resistiu.\u2026","rel":"","context":"In &quot;Not\u00edcias de Ribeir\u00e3o Preto-SP e Regi\u00e3o&quot;","block_context":{"text":"Not\u00edcias de Ribeir\u00e3o Preto-SP e Regi\u00e3o","link":"https:\/\/noticiasribeiraopreto.com.br\/index.php\/category\/noticias-de-ribeirao-preto-sp-e-regiao-ismael-colosi\/"},"img":{"alt_text":"","src":"https:\/\/i0.wp.com\/noticiasribeiraopreto.com.br\/wp-content\/uploads\/2024\/09\/1727267101_cpj_policia_1200x675_30012022162443.jpg?fit=1200%2C675&ssl=1&resize=350%2C200","width":350,"height":200,"srcset":"https:\/\/i0.wp.com\/noticiasribeiraopreto.com.br\/wp-content\/uploads\/2024\/09\/1727267101_cpj_policia_1200x675_30012022162443.jpg?fit=1200%2C675&ssl=1&resize=350%2C200 1x, https:\/\/i0.wp.com\/noticiasribeiraopreto.com.br\/wp-content\/uploads\/2024\/09\/1727267101_cpj_policia_1200x675_30012022162443.jpg?fit=1200%2C675&ssl=1&resize=525%2C300 1.5x, https:\/\/i0.wp.com\/noticiasribeiraopreto.com.br\/wp-content\/uploads\/2024\/09\/1727267101_cpj_policia_1200x675_30012022162443.jpg?fit=1200%2C675&ssl=1&resize=700%2C400 2x, https:\/\/i0.wp.com\/noticiasribeiraopreto.com.br\/wp-content\/uploads\/2024\/09\/1727267101_cpj_policia_1200x675_30012022162443.jpg?fit=1200%2C675&ssl=1&resize=1050%2C600 3x"},"classes":[]},{"id":55156,"url":"https:\/\/noticiasribeiraopreto.com.br\/index.php\/2024\/07\/30\/acidente-entre-carro-moto-e-bicicleta-deixa-4-vitimas-em-avenida-de-ribeirao-preto\/","url_meta":{"origin":74396,"position":3},"title":"Acidente entre carro, moto e bicicleta deixa 4 v\u00edtimas em avenida de Ribeir\u00e3o Preto","author":"noticiasribeiraopreto.com.br","date":"30 de July de 2024","format":false,"excerpt":"Um acidente entre carro, moto e bicicleta deixou quatro pessoas feridas na manh\u00e3 desta ter\u00e7a-feira (30), na avenida Jo\u00e3o Goulart, no bairro Geraldo Correia de Carvalho, zona Norte de Ribeir\u00e3o Preto. Segundo as\u00a0primeiras informa\u00e7\u00f5es, as v\u00edtimas sofreram ferimentos considerados leves. Ainda conforme o apurado, todos os ve\u00edculos seguiam na mesma\u2026","rel":"","context":"In &quot;Not\u00edcias de Ribeir\u00e3o Preto-SP e Regi\u00e3o&quot;","block_context":{"text":"Not\u00edcias de Ribeir\u00e3o Preto-SP e Regi\u00e3o","link":"https:\/\/noticiasribeiraopreto.com.br\/index.php\/category\/noticias-de-ribeirao-preto-sp-e-regiao-ismael-colosi\/"},"img":{"alt_text":"","src":"https:\/\/i0.wp.com\/noticiasribeiraopreto.com.br\/wp-content\/uploads\/2024\/07\/ACIDENTE_2024-07-30_12-07-21_jpg_2024-07-30_12-07-21.webp.webp?fit=1200%2C788&ssl=1&resize=350%2C200","width":350,"height":200,"srcset":"https:\/\/i0.wp.com\/noticiasribeiraopreto.com.br\/wp-content\/uploads\/2024\/07\/ACIDENTE_2024-07-30_12-07-21_jpg_2024-07-30_12-07-21.webp.webp?fit=1200%2C788&ssl=1&resize=350%2C200 1x, https:\/\/i0.wp.com\/noticiasribeiraopreto.com.br\/wp-content\/uploads\/2024\/07\/ACIDENTE_2024-07-30_12-07-21_jpg_2024-07-30_12-07-21.webp.webp?fit=1200%2C788&ssl=1&resize=525%2C300 1.5x, https:\/\/i0.wp.com\/noticiasribeiraopreto.com.br\/wp-content\/uploads\/2024\/07\/ACIDENTE_2024-07-30_12-07-21_jpg_2024-07-30_12-07-21.webp.webp?fit=1200%2C788&ssl=1&resize=700%2C400 2x, https:\/\/i0.wp.com\/noticiasribeiraopreto.com.br\/wp-content\/uploads\/2024\/07\/ACIDENTE_2024-07-30_12-07-21_jpg_2024-07-30_12-07-21.webp.webp?fit=1200%2C788&ssl=1&resize=1050%2C600 3x"},"classes":[]},{"id":76593,"url":"https:\/\/noticiasribeiraopreto.com.br\/index.php\/2025\/09\/01\/acidente-entre-moto-e-onibus-deixa-uma-pessoa-ferida-no-centro-de-ribeirao-preto\/","url_meta":{"origin":74396,"position":4},"title":"Acidente entre moto e \u00f4nibus deixa uma pessoa ferida no Centro de Ribeir\u00e3o Preto","author":"noticiasribeiraopreto.com.br","date":"1 de September de 2025","format":false,"excerpt":"Um motociclista ficou ferido na tarde desta segunda-feira (1\u00ba) ao colidir com um \u00f4nibus no Centro de Ribeir\u00e3o Preto. O acidente aconteceu no cruzamento das ruas Cerqueira C\u00e9sar e Duque de Caxias. O Servi\u00e7o de Atendimento M\u00f3vel de Urg\u00eancia (Samu) foi acionado e socorreu a v\u00edtima, que sofreu ferimentos leves.\u2026","rel":"","context":"In &quot;Not\u00edcias de Ribeir\u00e3o Preto-SP e Regi\u00e3o&quot;","block_context":{"text":"Not\u00edcias de Ribeir\u00e3o Preto-SP e Regi\u00e3o","link":"https:\/\/noticiasribeiraopreto.com.br\/index.php\/category\/noticias-de-ribeirao-preto-sp-e-regiao-ismael-colosi\/"},"img":{"alt_text":"","src":"https:\/\/i0.wp.com\/noticiasribeiraopreto.com.br\/wp-content\/uploads\/2025\/09\/Copia-de-Copia-de-Copia-de-TAMANHO-EXATO-PARA-FOTOS-NO-SISTEMA-NOVO-2025-09-01T152739.909_2025-09-01_18-28-49.webp.webp?fit=1200%2C675&ssl=1&resize=350%2C200","width":350,"height":200,"srcset":"https:\/\/i0.wp.com\/noticiasribeiraopreto.com.br\/wp-content\/uploads\/2025\/09\/Copia-de-Copia-de-Copia-de-TAMANHO-EXATO-PARA-FOTOS-NO-SISTEMA-NOVO-2025-09-01T152739.909_2025-09-01_18-28-49.webp.webp?fit=1200%2C675&ssl=1&resize=350%2C200 1x, https:\/\/i0.wp.com\/noticiasribeiraopreto.com.br\/wp-content\/uploads\/2025\/09\/Copia-de-Copia-de-Copia-de-TAMANHO-EXATO-PARA-FOTOS-NO-SISTEMA-NOVO-2025-09-01T152739.909_2025-09-01_18-28-49.webp.webp?fit=1200%2C675&ssl=1&resize=525%2C300 1.5x, https:\/\/i0.wp.com\/noticiasribeiraopreto.com.br\/wp-content\/uploads\/2025\/09\/Copia-de-Copia-de-Copia-de-TAMANHO-EXATO-PARA-FOTOS-NO-SISTEMA-NOVO-2025-09-01T152739.909_2025-09-01_18-28-49.webp.webp?fit=1200%2C675&ssl=1&resize=700%2C400 2x, https:\/\/i0.wp.com\/noticiasribeiraopreto.com.br\/wp-content\/uploads\/2025\/09\/Copia-de-Copia-de-Copia-de-TAMANHO-EXATO-PARA-FOTOS-NO-SISTEMA-NOVO-2025-09-01T152739.909_2025-09-01_18-28-49.webp.webp?fit=1200%2C675&ssl=1&resize=1050%2C600 3x"},"classes":[]},{"id":69095,"url":"https:\/\/noticiasribeiraopreto.com.br\/index.php\/2025\/05\/02\/vitimas-que-morreram-em-acidente-no-anel-viario-sul-de-ribeirao-preto-sao-identificadas\/","url_meta":{"origin":74396,"position":5},"title":"V\u00edtimas que morreram em acidente no Anel Vi\u00e1rio Sul de Ribeir\u00e3o Preto s\u00e3o identificadas","author":"noticiasribeiraopreto.com.br","date":"2 de May de 2025","format":false,"excerpt":"A Pol\u00edcia Civil identificou as duas v\u00edtimas do acidente que envolveu uma moto e uma caminhonete no fim da madrugada desta quinta-feira (1), no km 312 do Anel Vi\u00e1rio Sul (rodovia Ant\u00f4nio Duarte Nogueira, SP-322), em Ribeir\u00e3o Preto. Segundo o boletim de ocorr\u00eancia (BO), Jos\u00e9 Ricardo Pinto, de 45 anos,\u2026","rel":"","context":"In &quot;Not\u00edcias de Ribeir\u00e3o Preto-SP e Regi\u00e3o&quot;","block_context":{"text":"Not\u00edcias de Ribeir\u00e3o Preto-SP e Regi\u00e3o","link":"https:\/\/noticiasribeiraopreto.com.br\/index.php\/category\/noticias-de-ribeirao-preto-sp-e-regiao-ismael-colosi\/"},"img":{"alt_text":"","src":"https:\/\/i0.wp.com\/noticiasribeiraopreto.com.br\/wp-content\/uploads\/2025\/05\/ACIDENTE_2025-05-02_11-09-50.webp.webp?fit=1200%2C663&ssl=1&resize=350%2C200","width":350,"height":200,"srcset":"https:\/\/i0.wp.com\/noticiasribeiraopreto.com.br\/wp-content\/uploads\/2025\/05\/ACIDENTE_2025-05-02_11-09-50.webp.webp?fit=1200%2C663&ssl=1&resize=350%2C200 1x, https:\/\/i0.wp.com\/noticiasribeiraopreto.com.br\/wp-content\/uploads\/2025\/05\/ACIDENTE_2025-05-02_11-09-50.webp.webp?fit=1200%2C663&ssl=1&resize=525%2C300 1.5x, https:\/\/i0.wp.com\/noticiasribeiraopreto.com.br\/wp-content\/uploads\/2025\/05\/ACIDENTE_2025-05-02_11-09-50.webp.webp?fit=1200%2C663&ssl=1&resize=700%2C400 2x, https:\/\/i0.wp.com\/noticiasribeiraopreto.com.br\/wp-content\/uploads\/2025\/05\/ACIDENTE_2025-05-02_11-09-50.webp.webp?fit=1200%2C663&ssl=1&resize=1050%2C600 3x"},"classes":[]}],"jetpack_sharing_enabled":true,"jetpack_shortlink":"https:\/\/wp.me\/peQAOb-jlW","_links":{"self":[{"href":"https:\/\/noticiasribeiraopreto.com.br\/index.php\/wp-json\/wp\/v2\/posts\/74396","targetHints":{"allow":["GET"]}}],"collection":[{"href":"https:\/\/noticiasribeiraopreto.com.br\/index.php\/wp-json\/wp\/v2\/posts"}],"about":[{"href":"https:\/\/noticiasribeiraopreto.com.br\/index.php\/wp-json\/wp\/v2\/types\/post"}],"author":[{"embeddable":true,"href":"https:\/\/noticiasribeiraopreto.com.br\/index.php\/wp-json\/wp\/v2\/users\/1"}],"replies":[{"embeddable":true,"href":"https:\/\/noticiasribeiraopreto.com.br\/index.php\/wp-json\/wp\/v2\/comments?post=74396"}],"version-history":[{"count":0,"href":"https:\/\/noticiasribeiraopreto.com.br\/index.php\/wp-json\/wp\/v2\/posts\/74396\/revisions"}],"wp:featuredmedia":[{"embeddable":true,"href":"https:\/\/noticiasribeiraopreto.com.br\/index.php\/wp-json\/wp\/v2\/media\/73423"}],"wp:attachment":[{"href":"https:\/\/noticiasribeiraopreto.com.br\/index.php\/wp-json\/wp\/v2\/media?parent=74396"}],"wp:term":[{"taxonomy":"category","embeddable":true,"href":"https:\/\/noticiasribeiraopreto.com.br\/index.php\/wp-json\/wp\/v2\/categories?post=74396"},{"taxonomy":"post_tag","embeddable":true,"href":"https:\/\/noticiasribeiraopreto.com.br\/index.php\/wp-json\/wp\/v2\/tags?post=74396"}],"curies":[{"name":"wp","href":"https:\/\/api.w.org\/{rel}","templated":true}]}}