{"id":74397,"date":"2025-07-22T09:23:53","date_gmt":"2025-07-22T12:23:53","guid":{"rendered":"https:\/\/noticiasribeiraopreto.com.br\/index.php\/2025\/07\/22\/calorao-volta-ao-interior-de-sp-veja-como-ficam-as-temperaturas\/"},"modified":"2025-07-22T09:23:53","modified_gmt":"2025-07-22T12:23:53","slug":"calorao-volta-ao-interior-de-sp-veja-como-ficam-as-temperaturas","status":"publish","type":"post","link":"https:\/\/noticiasribeiraopreto.com.br\/index.php\/2025\/07\/22\/calorao-volta-ao-interior-de-sp-veja-como-ficam-as-temperaturas\/","title":{"rendered":"Calor\u00e3o volta ao interior de SP? Veja como ficam as temperaturas"},"content":{"rendered":"<div class='code-block code-block-1' style='margin: 8px 0 8px auto; text-align: right; display: block; clear: both;'>\n<p><a href=\"https:\/\/wa.link\/vpicfd\"><img data-recalc-dims=\"1\" class=\"wp-image-4922\" style=\"aspect-ratio: 2.0253164556962027; width: 561px; height: auto;\" src=\"https:\/\/i0.wp.com\/ismaelcolosi.com.br\/wp-content\/uploads\/2023\/11\/grupo-de-empregos-whatsapp-e-facebook-ismael-colosi-vagas.jpg?ssl=1\" alt=\"\" \/><\/a><\/p>\n<!-- \/wp:image -->\n<\/div>\n<p> <br \/>\n<\/p>\n<div data-td-block-uid=\"tdi_95\">\n<div class=\"tdb-block-inner td-fix-index\">\n<p><strong>O sol deve predominar nesta ter\u00e7a-feira (22), na regi\u00e3o de Ribeir\u00e3o Preto.<\/strong><\/p>\n<p>Segundo a <a href=\"https:\/\/www.climatempo.com.br\/\">Climatempo<\/a>, <mark style=\"background-color:#fcb900\" class=\"has-inline-color has-black-color\">as temperaturas continuam mais amenas pela manh\u00e3, mas os term\u00f4metros sobem \u00e0 tarde. As m\u00e1ximas devem ficar pr\u00f3ximas dos 30\u00baC.<\/mark><\/p>\n<p>H\u00e1 alerta para a baixa umidade do ar, que pode atingir n\u00edveis cr\u00edticos abaixo de 30%.<\/p>\n<p>A OMS (Organiza\u00e7\u00e3o Mundial da Sa\u00fade) considera a umidade relativa como ideal quando os \u00edndices est\u00e3o entre 40% e 60%.<\/p>\n<p>Nesta segunda-feira (21), a Prefeitura de Ribeir\u00e3o Preto decretou estado de alerta por causa da estiagem na cidade.<\/p>\n<h2 class=\"wp-block-heading\"><strong>Veja medidas para proteger a sa\u00fade <\/strong><\/h2>\n<ul class=\"wp-block-list\">\n<li>Beba bastante \u00e1gua<\/li>\n<li>Evite atividades f\u00edsicas ao ar livre nas horas mais quentes<\/li>\n<li>Mantenha ambientes arejados e, se poss\u00edvel, com umidificadores de ar<\/li>\n<li>Evite exposi\u00e7\u00e3o prolongada ao sol e utilizar protetor solar<\/li>\n<\/ul>\n<h3 class=\"wp-block-heading\">\u00a0<strong>Confira a previs\u00e3o do tempo em Ribeir\u00e3o Preto:<\/strong><\/h3>\n<p>14\u00b0C \/ 29\u00b0C<br \/>Chuva: 0 mm \/ 0%<br \/>Umidade do ar: 33% \/ 81%<\/p>\n<p>14\u00b0C \/ 29\u00b0C<br \/>Chuva: 0 mm \/ 0%<br \/>Umidade do ar: 31% \/ 73%<\/p>\n<p>Fonte: Climatempo<\/p>\n<p>SAIBA MAIS<\/p>\n<p>Prefeitura de Ribeir\u00e3o Preto decreta estado de alerta; Veja o que muda<\/p>\n<h2 class=\"wp-block-heading\"><strong>FIQUE ON<\/strong><\/h2>\n<p>Quer ficar por dentro de tudo que acontece em Ribeir\u00e3o Preto e regi\u00e3o? Ent\u00e3o siga os perfis do\u202facidade on\u202fno\u202f<a href=\"https:\/\/www.instagram.com\/acidadeonribeirao\" target=\"_blank\" rel=\"noreferrer noopener\">Instagram<\/a>\u202fe no\u202f<a href=\"https:\/\/www.facebook.com\/acidadeonribeirao\/\" target=\"_blank\" rel=\"noreferrer noopener\">Facebook<\/a>.<\/p>\n<p>Al\u00e9m disso, voc\u00ea pode receber as principais not\u00edcias diretamente no WhatsApp. Para isso, basta\u00a0<a href=\"https:\/\/chat.whatsapp.com\/BjKQZ9oJwlz8VVT50NuePq\" target=\"_blank\" rel=\"noreferrer noopener\">entrar no grupo clicando aqui<\/a>.<\/p>\n<p>Por fim, se quiser fazer uma den\u00fancia ou sugerir uma reportagem sobre Ribeir\u00e3o Preto e regi\u00e3o, envie uma mensagem pelo WhatsApp: (16) 99117-7802.<\/p>\n<p>VEJA TAMB\u00c9M<\/p>\n<p>Quem \u00e9 o dono do GPS usado no Brasil?<\/p>\n<p><!-- AI CONTENT END 1 -->\n<\/div>\n<\/div>\n<p><script async src=\"\/\/www.instagram.com\/embed.js\"><\/script><br \/>\n<br \/><br \/>\n<br \/><a href=\"https:\/\/www.acidadeon.com\/ribeiraopreto\/cotidiano\/calorao-volta-ao-interior-de-sp-veja-como-ficam-as-temperaturas\/\">Source link <\/a><\/p>\n<!-- CONTENT END 1 -->\n","protected":false},"excerpt":{"rendered":"<p>O sol deve predominar nesta ter\u00e7a-feira (22), na regi\u00e3o de Ribeir\u00e3o Preto. Segundo a Climatempo, as temperaturas continuam mais amenas pela manh\u00e3, mas os term\u00f4metros&#8230;<\/p>\n","protected":false},"author":1,"featured_media":74398,"comment_status":"open","ping_status":"open","sticky":false,"template":"","format":"standard","meta":{"advanced_seo_description":"","jetpack_seo_html_title":"","jetpack_seo_noindex":false,"jetpack_post_was_ever_published":false,"_jetpack_newsletter_access":"","_jetpack_dont_email_post_to_subs":false,"_jetpack_newsletter_tier_id":0,"_jetpack_memberships_contains_paywalled_content":false,"_jetpack_memberships_contains_paid_content":false,"footnotes":"","jetpack_publicize_message":"","jetpack_publicize_feature_enabled":true,"jetpack_social_post_already_shared":true,"jetpack_social_options":{"image_generator_settings":{"template":"highway","default_image_id":0,"font":"","enabled":false},"version":2}},"categories":[11],"tags":[],"class_list":["post-74397","post","type-post","status-publish","format-standard","has-post-thumbnail","hentry","category-noticias-de-ribeirao-preto-sp-e-regiao-ismael-colosi"],"jetpack_publicize_connections":[],"jetpack_featured_media_url":"https:\/\/i0.wp.com\/noticiasribeiraopreto.com.br\/wp-content\/uploads\/2025\/07\/WhatsApp-Image-2025-07-22-at-06.38.15_2025-07-22_10-04-05.webp.webp?fit=1200%2C553&ssl=1","jetpack-related-posts":[{"id":55346,"url":"https:\/\/noticiasribeiraopreto.com.br\/index.php\/2024\/07\/31\/interior-de-sp-tem-alerta-do-inmet-de-perigo-potencial-veja-as-cidades\/","url_meta":{"origin":74397,"position":0},"title":"Interior de SP tem alerta do Inmet de perigo potencial; Veja as cidades","author":"noticiasribeiraopreto.com.br","date":"31 de July de 2024","format":false,"excerpt":"O Inmet (Instituto Nacional de Meteorologia) emitiu um novo alerta que coloca Ribeir\u00e3o Preto e outras cidades do interior de S\u00e3o Paulo em estado de alerta de perigo potencial, por conta da baixa umidade do ar. O aviso \u00e9 v\u00e1lido das 11h \u00e0s 19h desta quinta-feira (1) e os \u00edndices\u2026","rel":"","context":"In &quot;Not\u00edcias de Ribeir\u00e3o Preto-SP e Regi\u00e3o&quot;","block_context":{"text":"Not\u00edcias de Ribeir\u00e3o Preto-SP e Regi\u00e3o","link":"https:\/\/noticiasribeiraopreto.com.br\/index.php\/category\/noticias-de-ribeirao-preto-sp-e-regiao-ismael-colosi\/"},"img":{"alt_text":"","src":"https:\/\/i0.wp.com\/noticiasribeiraopreto.com.br\/wp-content\/uploads\/2024\/07\/Copia-de-Copia-de-TAMANHO-EXATO-PARA-FOTOS-NO-SISTEMA-NOVO-1_2024-08-01_00-38-03_png_2024-08-01_00-38-03.webp.webp?fit=1200%2C675&ssl=1&resize=350%2C200","width":350,"height":200,"srcset":"https:\/\/i0.wp.com\/noticiasribeiraopreto.com.br\/wp-content\/uploads\/2024\/07\/Copia-de-Copia-de-TAMANHO-EXATO-PARA-FOTOS-NO-SISTEMA-NOVO-1_2024-08-01_00-38-03_png_2024-08-01_00-38-03.webp.webp?fit=1200%2C675&ssl=1&resize=350%2C200 1x, https:\/\/i0.wp.com\/noticiasribeiraopreto.com.br\/wp-content\/uploads\/2024\/07\/Copia-de-Copia-de-TAMANHO-EXATO-PARA-FOTOS-NO-SISTEMA-NOVO-1_2024-08-01_00-38-03_png_2024-08-01_00-38-03.webp.webp?fit=1200%2C675&ssl=1&resize=525%2C300 1.5x, https:\/\/i0.wp.com\/noticiasribeiraopreto.com.br\/wp-content\/uploads\/2024\/07\/Copia-de-Copia-de-TAMANHO-EXATO-PARA-FOTOS-NO-SISTEMA-NOVO-1_2024-08-01_00-38-03_png_2024-08-01_00-38-03.webp.webp?fit=1200%2C675&ssl=1&resize=700%2C400 2x, https:\/\/i0.wp.com\/noticiasribeiraopreto.com.br\/wp-content\/uploads\/2024\/07\/Copia-de-Copia-de-TAMANHO-EXATO-PARA-FOTOS-NO-SISTEMA-NOVO-1_2024-08-01_00-38-03_png_2024-08-01_00-38-03.webp.webp?fit=1200%2C675&ssl=1&resize=1050%2C600 3x"},"classes":[]},{"id":804,"url":"https:\/\/noticiasribeiraopreto.com.br\/index.php\/2023\/11\/09\/interior-de-sp-esta-em-alerta-para-baixa-umidade-do-ar-veja-as-cidades-afetadas\/","url_meta":{"origin":74397,"position":1},"title":"Interior de SP est\u00e1 em alerta para baixa umidade do ar; Veja as cidades afetadas","author":"noticiasribeiraopreto.com.br","date":"9 de November de 2023","format":false,"excerpt":"Devido \u00e0 nova onda de calor que atinge o interior de S\u00e3o Paulo, incluindo Ribeir\u00e3o Preto, boa parte do estado est\u00e1 sob alerta do Inmet (Instituto Nacional de Meteorologia) para perigo potencial de baixa umidade do ar. Esse \u00e9 o segundo dia em que o \u00f3rg\u00e3o emite o aviso para\u2026","rel":"","context":"In &quot;Not\u00edcias de Ribeir\u00e3o Preto-SP e Regi\u00e3o&quot;","block_context":{"text":"Not\u00edcias de Ribeir\u00e3o Preto-SP e Regi\u00e3o","link":"https:\/\/noticiasribeiraopreto.com.br\/index.php\/category\/noticias-de-ribeirao-preto-sp-e-regiao-ismael-colosi\/"},"img":{"alt_text":"","src":"https:\/\/noticiasribeiraopreto.com.br\/wp-content\/uploads\/2023\/11\/whatsapp_image_2023-02-25_at_09_10_46_x1x.jpe","width":350,"height":200,"srcset":"https:\/\/noticiasribeiraopreto.com.br\/wp-content\/uploads\/2023\/11\/whatsapp_image_2023-02-25_at_09_10_46_x1x.jpe 1x, https:\/\/noticiasribeiraopreto.com.br\/wp-content\/uploads\/2023\/11\/whatsapp_image_2023-02-25_at_09_10_46_x1x.jpe 1.5x, https:\/\/noticiasribeiraopreto.com.br\/wp-content\/uploads\/2023\/11\/whatsapp_image_2023-02-25_at_09_10_46_x1x.jpe 2x, https:\/\/noticiasribeiraopreto.com.br\/wp-content\/uploads\/2023\/11\/whatsapp_image_2023-02-25_at_09_10_46_x1x.jpe 3x"},"classes":[]},{"id":57642,"url":"https:\/\/noticiasribeiraopreto.com.br\/index.php\/2024\/09\/06\/inmet-emite-alerta-de-perigo-para-o-interior-de-sp-veja-previsao-no-fim-de-semana\/","url_meta":{"origin":74397,"position":2},"title":"Inmet emite alerta de perigo para o interior de SP; Veja previs\u00e3o no fim de semana","author":"noticiasribeiraopreto.com.br","date":"6 de September de 2024","format":false,"excerpt":"O Inmet (Instituto Nacional de Meteorologia) emitou um alerta de \u201cperigo\u201d para onda de calor em parte do interior de S\u00e3o Paulo. O aviso, que e inclui a regi\u00e3o de Ribeir\u00e3o Preto, teve in\u00edcio \u00e0 0h e segue at\u00e9 as 23h59 desta sexta-feira (6). Este alerta \u00e9 na cor laranja\u2026","rel":"","context":"In &quot;Not\u00edcias de Ribeir\u00e3o Preto-SP e Regi\u00e3o&quot;","block_context":{"text":"Not\u00edcias de Ribeir\u00e3o Preto-SP e Regi\u00e3o","link":"https:\/\/noticiasribeiraopreto.com.br\/index.php\/category\/noticias-de-ribeirao-preto-sp-e-regiao-ismael-colosi\/"},"img":{"alt_text":"","src":"https:\/\/i0.wp.com\/noticiasribeiraopreto.com.br\/wp-content\/uploads\/2024\/09\/WhatsApp-Image-2023-11-10-at-08.08.42.jpeg?fit=1200%2C540&ssl=1&resize=350%2C200","width":350,"height":200,"srcset":"https:\/\/i0.wp.com\/noticiasribeiraopreto.com.br\/wp-content\/uploads\/2024\/09\/WhatsApp-Image-2023-11-10-at-08.08.42.jpeg?fit=1200%2C540&ssl=1&resize=350%2C200 1x, https:\/\/i0.wp.com\/noticiasribeiraopreto.com.br\/wp-content\/uploads\/2024\/09\/WhatsApp-Image-2023-11-10-at-08.08.42.jpeg?fit=1200%2C540&ssl=1&resize=525%2C300 1.5x, https:\/\/i0.wp.com\/noticiasribeiraopreto.com.br\/wp-content\/uploads\/2024\/09\/WhatsApp-Image-2023-11-10-at-08.08.42.jpeg?fit=1200%2C540&ssl=1&resize=700%2C400 2x, https:\/\/i0.wp.com\/noticiasribeiraopreto.com.br\/wp-content\/uploads\/2024\/09\/WhatsApp-Image-2023-11-10-at-08.08.42.jpeg?fit=1200%2C540&ssl=1&resize=1050%2C600 3x"},"classes":[]},{"id":57291,"url":"https:\/\/noticiasribeiraopreto.com.br\/index.php\/2024\/08\/28\/interior-de-sp-tem-alerta-de-perigo-nesta-quarta-veja-cidades-afetadas\/","url_meta":{"origin":74397,"position":3},"title":"Interior de SP tem alerta de perigo nesta quarta; Veja cidades afetadas","author":"noticiasribeiraopreto.com.br","date":"28 de August de 2024","format":false,"excerpt":"O Inmet (Instituto Nacional de Meteorologia) emitiu um alerta de perigo para a baixa umidade do ar em parte do interior de S\u00e3o Paulo. O aviso tem validade entre 13h e 17h desta quarta-feira (28), e inclui Ribeir\u00e3o Preto e cidades da regi\u00e3o. O alerta \u00e9 na cor laranja \u2013\u2026","rel":"","context":"In &quot;Not\u00edcias de Ribeir\u00e3o Preto-SP e Regi\u00e3o&quot;","block_context":{"text":"Not\u00edcias de Ribeir\u00e3o Preto-SP e Regi\u00e3o","link":"https:\/\/noticiasribeiraopreto.com.br\/index.php\/category\/noticias-de-ribeirao-preto-sp-e-regiao-ismael-colosi\/"},"img":{"alt_text":"","src":"https:\/\/i0.wp.com\/noticiasribeiraopreto.com.br\/wp-content\/uploads\/2024\/08\/BAIXA-UMIDADE_2024-08-28_12-20-04_jpg_2024-08-28_12-20-04.webp.webp?fit=1200%2C798&ssl=1&resize=350%2C200","width":350,"height":200,"srcset":"https:\/\/i0.wp.com\/noticiasribeiraopreto.com.br\/wp-content\/uploads\/2024\/08\/BAIXA-UMIDADE_2024-08-28_12-20-04_jpg_2024-08-28_12-20-04.webp.webp?fit=1200%2C798&ssl=1&resize=350%2C200 1x, https:\/\/i0.wp.com\/noticiasribeiraopreto.com.br\/wp-content\/uploads\/2024\/08\/BAIXA-UMIDADE_2024-08-28_12-20-04_jpg_2024-08-28_12-20-04.webp.webp?fit=1200%2C798&ssl=1&resize=525%2C300 1.5x, https:\/\/i0.wp.com\/noticiasribeiraopreto.com.br\/wp-content\/uploads\/2024\/08\/BAIXA-UMIDADE_2024-08-28_12-20-04_jpg_2024-08-28_12-20-04.webp.webp?fit=1200%2C798&ssl=1&resize=700%2C400 2x, https:\/\/i0.wp.com\/noticiasribeiraopreto.com.br\/wp-content\/uploads\/2024\/08\/BAIXA-UMIDADE_2024-08-28_12-20-04_jpg_2024-08-28_12-20-04.webp.webp?fit=1200%2C798&ssl=1&resize=1050%2C600 3x"},"classes":[]},{"id":56499,"url":"https:\/\/noticiasribeiraopreto.com.br\/index.php\/2024\/08\/14\/com-alerta-do-inmet-temperaturas-aumentam-no-interior-de-sp-veja-as-cidades\/","url_meta":{"origin":74397,"position":4},"title":"Com alerta do Inmet, temperaturas aumentam no interior de SP; Veja as cidades","author":"noticiasribeiraopreto.com.br","date":"14 de August de 2024","format":false,"excerpt":"O calor deve voltar a partir desta quarta-feira (14), com os term\u00f4metros chegando aos 29\u00b0C. Al\u00e9m disso, o Inmet (Instituto Nacional de Meteorologia) publicou um alerta de perigo para baixa umidade no interior de S\u00e3o Paulo. O aviso deve durar entre 12h e 17h. Segundo o aviso, a umidade relativa\u2026","rel":"","context":"In &quot;Not\u00edcias de Ribeir\u00e3o Preto-SP e Regi\u00e3o&quot;","block_context":{"text":"Not\u00edcias de Ribeir\u00e3o Preto-SP e Regi\u00e3o","link":"https:\/\/noticiasribeiraopreto.com.br\/index.php\/category\/noticias-de-ribeirao-preto-sp-e-regiao-ismael-colosi\/"},"img":{"alt_text":"","src":"https:\/\/i0.wp.com\/noticiasribeiraopreto.com.br\/wp-content\/uploads\/2024\/08\/WhatsApp-Image-2024-02-28-at-08.48.57.jpeg?fit=1200%2C900&ssl=1&resize=350%2C200","width":350,"height":200,"srcset":"https:\/\/i0.wp.com\/noticiasribeiraopreto.com.br\/wp-content\/uploads\/2024\/08\/WhatsApp-Image-2024-02-28-at-08.48.57.jpeg?fit=1200%2C900&ssl=1&resize=350%2C200 1x, https:\/\/i0.wp.com\/noticiasribeiraopreto.com.br\/wp-content\/uploads\/2024\/08\/WhatsApp-Image-2024-02-28-at-08.48.57.jpeg?fit=1200%2C900&ssl=1&resize=525%2C300 1.5x, https:\/\/i0.wp.com\/noticiasribeiraopreto.com.br\/wp-content\/uploads\/2024\/08\/WhatsApp-Image-2024-02-28-at-08.48.57.jpeg?fit=1200%2C900&ssl=1&resize=700%2C400 2x, https:\/\/i0.wp.com\/noticiasribeiraopreto.com.br\/wp-content\/uploads\/2024\/08\/WhatsApp-Image-2024-02-28-at-08.48.57.jpeg?fit=1200%2C900&ssl=1&resize=1050%2C600 3x"},"classes":[]},{"id":60837,"url":"https:\/\/noticiasribeiraopreto.com.br\/index.php\/2024\/11\/26\/interior-de-sp-esta-em-alerta-para-baixa-umidade-do-ar-veja-quando-deve-chover\/","url_meta":{"origin":74397,"position":5},"title":"Interior de SP est\u00e1 em alerta para baixa umidade do ar; Veja quando deve chover","author":"noticiasribeiraopreto.com.br","date":"26 de November de 2024","format":false,"excerpt":"Embora a primavera marque a transi\u00e7\u00e3o para per\u00edodos mais \u00famidos em boa parte do Brasil, o tempo seco ainda predomina em diversas \u00e1reas do Sudeste e Nordeste nesta semana, de acordo com a Climatempo. Nesta quarta-feira (27), a umidade relativa do ar deve ficar abaixo de 30% em v\u00e1rias regi\u00f5es.\u2026","rel":"","context":"In &quot;Not\u00edcias de Ribeir\u00e3o Preto-SP e Regi\u00e3o&quot;","block_context":{"text":"Not\u00edcias de Ribeir\u00e3o Preto-SP e Regi\u00e3o","link":"https:\/\/noticiasribeiraopreto.com.br\/index.php\/category\/noticias-de-ribeirao-preto-sp-e-regiao-ismael-colosi\/"},"img":{"alt_text":"","src":"https:\/\/i0.wp.com\/noticiasribeiraopreto.com.br\/wp-content\/uploads\/2024\/11\/umidade_do_1200x675_11072022123318.jpg?fit=1200%2C675&ssl=1&resize=350%2C200","width":350,"height":200,"srcset":"https:\/\/i0.wp.com\/noticiasribeiraopreto.com.br\/wp-content\/uploads\/2024\/11\/umidade_do_1200x675_11072022123318.jpg?fit=1200%2C675&ssl=1&resize=350%2C200 1x, https:\/\/i0.wp.com\/noticiasribeiraopreto.com.br\/wp-content\/uploads\/2024\/11\/umidade_do_1200x675_11072022123318.jpg?fit=1200%2C675&ssl=1&resize=525%2C300 1.5x, https:\/\/i0.wp.com\/noticiasribeiraopreto.com.br\/wp-content\/uploads\/2024\/11\/umidade_do_1200x675_11072022123318.jpg?fit=1200%2C675&ssl=1&resize=700%2C400 2x, https:\/\/i0.wp.com\/noticiasribeiraopreto.com.br\/wp-content\/uploads\/2024\/11\/umidade_do_1200x675_11072022123318.jpg?fit=1200%2C675&ssl=1&resize=1050%2C600 3x"},"classes":[]}],"jetpack_sharing_enabled":true,"jetpack_shortlink":"https:\/\/wp.me\/peQAOb-jlX","_links":{"self":[{"href":"https:\/\/noticiasribeiraopreto.com.br\/index.php\/wp-json\/wp\/v2\/posts\/74397","targetHints":{"allow":["GET"]}}],"collection":[{"href":"https:\/\/noticiasribeiraopreto.com.br\/index.php\/wp-json\/wp\/v2\/posts"}],"about":[{"href":"https:\/\/noticiasribeiraopreto.com.br\/index.php\/wp-json\/wp\/v2\/types\/post"}],"author":[{"embeddable":true,"href":"https:\/\/noticiasribeiraopreto.com.br\/index.php\/wp-json\/wp\/v2\/users\/1"}],"replies":[{"embeddable":true,"href":"https:\/\/noticiasribeiraopreto.com.br\/index.php\/wp-json\/wp\/v2\/comments?post=74397"}],"version-history":[{"count":0,"href":"https:\/\/noticiasribeiraopreto.com.br\/index.php\/wp-json\/wp\/v2\/posts\/74397\/revisions"}],"wp:featuredmedia":[{"embeddable":true,"href":"https:\/\/noticiasribeiraopreto.com.br\/index.php\/wp-json\/wp\/v2\/media\/74398"}],"wp:attachment":[{"href":"https:\/\/noticiasribeiraopreto.com.br\/index.php\/wp-json\/wp\/v2\/media?parent=74397"}],"wp:term":[{"taxonomy":"category","embeddable":true,"href":"https:\/\/noticiasribeiraopreto.com.br\/index.php\/wp-json\/wp\/v2\/categories?post=74397"},{"taxonomy":"post_tag","embeddable":true,"href":"https:\/\/noticiasribeiraopreto.com.br\/index.php\/wp-json\/wp\/v2\/tags?post=74397"}],"curies":[{"name":"wp","href":"https:\/\/api.w.org\/{rel}","templated":true}]}}