{"id":74399,"date":"2025-07-22T09:50:49","date_gmt":"2025-07-22T12:50:49","guid":{"rendered":"https:\/\/noticiasribeiraopreto.com.br\/index.php\/2025\/07\/22\/psol-protocola-pedido-de-impeachment-de-tarcisio\/"},"modified":"2025-07-22T09:50:49","modified_gmt":"2025-07-22T12:50:49","slug":"psol-protocola-pedido-de-impeachment-de-tarcisio","status":"publish","type":"post","link":"https:\/\/noticiasribeiraopreto.com.br\/index.php\/2025\/07\/22\/psol-protocola-pedido-de-impeachment-de-tarcisio\/","title":{"rendered":"PSOL protocola pedido de impeachment de Tarc\u00edsio"},"content":{"rendered":"<div class='code-block code-block-1' style='margin: 8px 0 8px auto; text-align: right; display: block; clear: both;'>\n<p><a href=\"https:\/\/wa.link\/vpicfd\"><img data-recalc-dims=\"1\" class=\"wp-image-4922\" style=\"aspect-ratio: 2.0253164556962027; width: 561px; height: auto;\" src=\"https:\/\/i0.wp.com\/ismaelcolosi.com.br\/wp-content\/uploads\/2023\/11\/grupo-de-empregos-whatsapp-e-facebook-ismael-colosi-vagas.jpg?ssl=1\" alt=\"\" \/><\/a><\/p>\n<!-- \/wp:image -->\n<\/div>\n<p> <br \/>\n<\/p>\n<div id=\"\">\n<p>\n\t\t\t\t\t\t\t\t\t<span class=\"entry-meta-item penci-posted-on\"><i class=\"fa fa-clock-o\"\/><time class=\"entry-date published\" datetime=\"2025-07-22T09:00:40-03:00\">22 de julho de 2025 09:00<\/time><time class=\"updated\" datetime=\"2025-07-21T19:53:51-03:00\">21 de julho de 2025 19:53<\/time><\/span><span class=\"entry-meta-item penci-post-countview\"><span class=\"entry-meta-item penci-post-countview penci_post-meta_item\"><i class=\"fa fa-eye\"\/><span class=\"penci-post-countview-number penci-post-countview-p432227\">7<\/span><\/span><\/span>\t\t\t\t\t\t\t\t<\/p>\n<p><!-- .entry-meta --><br \/>\n\t\t\t\t\t\t\t\t<span class=\"penci-social-buttons penci-social-share-footer\"><span class=\"penci-social-share-text\">Compartilhar<\/span><a href=\"#\" class=\"penci-post-like penci_post-meta_item  single-like-button penci-social-item like\" data-post_id=\"432227\" title=\"Like\" data-like=\"Like\" data-unlike=\"Unlike\"><i class=\"fa fa-thumbs-o-up\"\/><span class=\"penci-share-number\">0<\/span><\/a><i class=\"fa fa-facebook\"\/><a class=\"penci-social-item twitter\" target=\"_blank\" rel=\"noopener\" title=\"\" href=\"https:\/\/twitter.com\/intent\/tweet?text=PSOL%20protocola%20pedido%20de%20impeachment%20de%20Tarc\u00edsio%20-%20https:\/\/www.tribunaribeirao.com.br\/psol-protocola-pedido-de-impeachment-de-tarcisio\/\"><i class=\"fa fa-twitter\"\/><\/a><i class=\"fa fa-linkedin\"\/><i class=\"fa fa-whatsapp\"\/><i class=\"fa fa-telegram\"\/><i class=\"fa fa-envelope\"\/><\/span>\t\t\t\t\t\t\t<\/div>\n<div>\n<p>A bancada do PSOL na Assembleia Legislativa de S\u00e3o Paulo (Alesp) protocolou nesta segunda-feira, 21 de julho, pedido de impeachment contra o governador de S\u00e3o Paulo, Tarc\u00edsio de Freitas (Republicanos). Segundo os deputados do partido, o chefe do Executivo estadual teria cometido crimes de responsabilidade ao apoiar publicamente \u201cataques do governo Trump contra o Brasil\u201d e agido para \u201cfavorecer a fuga do ex-presidente Jair Bolsonaro (PL), investigado por tentativa de golpe de Estado\u201d.<\/p>\n<p>A manifesta\u00e7\u00e3o ocorreu ap\u00f3s o an\u00fancio de Trump de taxar em 50% produtos brasileiros. De acordo com o pedido, Tarc\u00edsio de Freitas apoiou publicamente o governo dos Estados Unidos ao compartilhar nas redes sociais a carta de Donald Trump atacando o Supremo Tribunal Federal (STF) e exigindo o fim do julgamento de Bolsonaro.<\/p>\n<p>O Estad\u00e3o procurou a assessoria de Tarc\u00edsio, mas n\u00e3o obteve retorno at\u00e9 a publica\u00e7\u00e3o deste texto. O PSOL afirma que a postura do governador afronta a soberania nacional e os interesses do Estado ao apoiar a crise diplom\u00e1tica e o tarifa\u00e7o de Trump, mesmo com o impacto direto das taxa\u00e7\u00f5es na economia paulista.<\/p>\n<p>\u201cEm 2024, o Estado de S\u00e3o Paulo foi o que mais exportou para os Estados Unidos, dentre os entes federativos do Brasil. Foram quase 14 bilh\u00f5es de d\u00f3lares em exporta\u00e7\u00f5es, representando um pouco mais de um ter\u00e7o de todas as exporta\u00e7\u00f5es realizadas pelo Brasil aos Estados Unidos\u201d, diz o texto, citando dados do Comex Stat.<\/p>\n<p>Al\u00e9m disso, o partido tamb\u00e9m diz que o governador tentou intervir diretamente no STF para que o passaporte de Jair Bolsonaro fosse liberado, sob a justificativa de que ele viajaria aos Estados Unidos para negociar a suspens\u00e3o das tarifas com Trump. A proposta enviada no dia 11 de julho ao Supremo foi considerada \u201cesdr\u00faxula\u201d por ministros.<\/p>\n<p>\u201cDessa maneira, a articula\u00e7\u00e3o de Tarc\u00edsio em favor da libera\u00e7\u00e3o do passaporte de Bolsonaro poderia constituir, caso concretizada, articula\u00e7\u00e3o em favor da fuga do ex-presidente, em mais um ataque ao Poder Judici\u00e1rio brasileiro\u201d, diz o PSOL.<\/p>\n<p>No entendimento da bancada, a conduta de Tarc\u00edsio legitimou os ataques dos Estados Unidos e ultrapassou os limites da liberdade de express\u00e3o, se configurando \u201ccomo apoio t\u00e1cito a uma agenda que compromete o bem-estar da popula\u00e7\u00e3o brasileira e a soberania nacional\u201d.<\/p>\n<p>O PSOL solicita que a Alesp \u201cinstaure imediatamente o processo de impeachment e aplique as san\u00e7\u00f5es previstas em lei com a perda do mandato e a proibi\u00e7\u00e3o de exercer fun\u00e7\u00f5es p\u00fablicas por at\u00e9 cinco anos\u201d. O pedido \u00e9 assinado pelos deputados estaduais Carlos Giannazi, Ediane Maria, Guilherme Cortez, M\u00f4nica Seixas das Pretas e Paula da Bancada Feminista.<\/p>\n<p>Em 10 de julho, Ediane Maria j\u00e1 havia protocolado na Alesp um pedido de impeachment contra Tarc\u00edsio por \u201capoiar o presidente dos Estados Unidos, Donald Trump, em suas medidas contra o Brasil\u201d al\u00e9m de \u201cincitar a popula\u00e7\u00e3o contra o Judici\u00e1rio\u201d.<\/p>\n<p><u>Maria Magnabosco (AE)<\/u><\/p>\n<\/div>\n<p><script async src=\"\/\/platform.twitter.com\/widgets.js\" charset=\"utf-8\"><\/script><br \/>\n<br \/><br \/>\n<br \/><a href=\"https:\/\/www.tribunaribeirao.com.br\/psol-protocola-pedido-de-impeachment-de-tarcisio\/\">Source link <\/a><\/p>\n<!-- CONTENT END 1 -->\n","protected":false},"excerpt":{"rendered":"<p>22 de julho de 2025 09:0021 de julho de 2025 19:537 Compartilhar0 A bancada do PSOL na Assembleia Legislativa de S\u00e3o Paulo (Alesp) protocolou nesta&#8230;<\/p>\n","protected":false},"author":1,"featured_media":74400,"comment_status":"open","ping_status":"open","sticky":false,"template":"","format":"standard","meta":{"advanced_seo_description":"","jetpack_seo_html_title":"","jetpack_seo_noindex":false,"jetpack_post_was_ever_published":false,"_jetpack_newsletter_access":"","_jetpack_dont_email_post_to_subs":false,"_jetpack_newsletter_tier_id":0,"_jetpack_memberships_contains_paywalled_content":false,"_jetpack_memberships_contains_paid_content":false,"footnotes":"","jetpack_publicize_message":"","jetpack_publicize_feature_enabled":true,"jetpack_social_post_already_shared":true,"jetpack_social_options":{"image_generator_settings":{"template":"highway","default_image_id":0,"font":"","enabled":false},"version":2}},"categories":[11],"tags":[],"class_list":["post-74399","post","type-post","status-publish","format-standard","has-post-thumbnail","hentry","category-noticias-de-ribeirao-preto-sp-e-regiao-ismael-colosi"],"jetpack_publicize_connections":[],"jetpack_featured_media_url":"https:\/\/i0.wp.com\/noticiasribeiraopreto.com.br\/wp-content\/uploads\/2025\/07\/Tarcisio-Marcello-Casal-Jr.-Ag.Br_.jpg?fit=1167%2C696&ssl=1","jetpack-related-posts":[{"id":54571,"url":"https:\/\/noticiasribeiraopreto.com.br\/index.php\/2024\/07\/12\/bolsa-familia-lei-confirmada-hoje-12-07-entra-em-vigor-nos-pagamentos-de-julho-confira-detalhes\/","url_meta":{"origin":74399,"position":0},"title":"Bolsa Fam\u00edlia: Lei Confirmada Hoje (12\/07) Entra em Vigor nos Pagamentos de Julho; Confira detalhes","author":"noticiasribeiraopreto.com.br","date":"12 de July de 2024","format":false,"excerpt":"Atendendo a 20,8 milh\u00f5es de brasileiros, o Bolsa Fam\u00edlia \u00e9 um dos maiores programas sociais do Brasil. Em julho deste ano, os pagamentos come\u00e7ar\u00e3o na pr\u00f3xima quinta-feira (18). No entanto, os benefici\u00e1rios ficaram surpreendidos com a redu\u00e7\u00e3o do montante da ajuda. O desconto ocorre devido \u00e0 interrup\u00e7\u00e3o do aux\u00edlio g\u00e1s\u2026","rel":"","context":"In &quot;Dinheiro e Investimento&quot;","block_context":{"text":"Dinheiro e Investimento","link":"https:\/\/noticiasribeiraopreto.com.br\/index.php\/category\/dinheiro-e-investimento-como-fazer-como-ganhar\/"},"img":{"alt_text":"","src":"https:\/\/i0.wp.com\/noticiasribeiraopreto.com.br\/wp-content\/uploads\/2024\/07\/www.reallygreatsite.com_.webp.webp?fit=1200%2C630&ssl=1&resize=350%2C200","width":350,"height":200,"srcset":"https:\/\/i0.wp.com\/noticiasribeiraopreto.com.br\/wp-content\/uploads\/2024\/07\/www.reallygreatsite.com_.webp.webp?fit=1200%2C630&ssl=1&resize=350%2C200 1x, https:\/\/i0.wp.com\/noticiasribeiraopreto.com.br\/wp-content\/uploads\/2024\/07\/www.reallygreatsite.com_.webp.webp?fit=1200%2C630&ssl=1&resize=525%2C300 1.5x, https:\/\/i0.wp.com\/noticiasribeiraopreto.com.br\/wp-content\/uploads\/2024\/07\/www.reallygreatsite.com_.webp.webp?fit=1200%2C630&ssl=1&resize=700%2C400 2x, https:\/\/i0.wp.com\/noticiasribeiraopreto.com.br\/wp-content\/uploads\/2024\/07\/www.reallygreatsite.com_.webp.webp?fit=1200%2C630&ssl=1&resize=1050%2C600 3x"},"classes":[]},{"id":53667,"url":"https:\/\/noticiasribeiraopreto.com.br\/index.php\/2024\/06\/22\/novo-valor-do-bolsa-familia-em-julho-r-850-para-beneficiarios-selecionados-confira-se-voce-faz-parte-do-grupo\/","url_meta":{"origin":74399,"position":1},"title":"Novo Valor do Bolsa Fam\u00edlia em Julho: R$ 850 para Benefici\u00e1rios Selecionados; Confira se voc\u00ea faz parte do grupo","author":"noticiasribeiraopreto.com.br","date":"22 de June de 2024","format":false,"excerpt":"O ciclo de pagamento do Bolsa Fam\u00edlia em julho come\u00e7a em poucas semanas e os benefici\u00e1rios com N\u00famero de Identifica\u00e7\u00e3o Social (NIS) terminam em 1. O programa, executado pela Caixa Econ\u00f4mica Federal (CEF), \u00e9 um importante componente da pol\u00edtica de assist\u00eancia social do Brasil. O Bolsa Fam\u00edlia de julho continua\u2026","rel":"","context":"In &quot;Dinheiro e Investimento&quot;","block_context":{"text":"Dinheiro e Investimento","link":"https:\/\/noticiasribeiraopreto.com.br\/index.php\/category\/dinheiro-e-investimento-como-fazer-como-ganhar\/"},"img":{"alt_text":"","src":"https:\/\/i0.wp.com\/noticiasribeiraopreto.com.br\/wp-content\/uploads\/2024\/06\/Design-sem-nome-3.webp.webp?fit=1200%2C630&ssl=1&resize=350%2C200","width":350,"height":200,"srcset":"https:\/\/i0.wp.com\/noticiasribeiraopreto.com.br\/wp-content\/uploads\/2024\/06\/Design-sem-nome-3.webp.webp?fit=1200%2C630&ssl=1&resize=350%2C200 1x, https:\/\/i0.wp.com\/noticiasribeiraopreto.com.br\/wp-content\/uploads\/2024\/06\/Design-sem-nome-3.webp.webp?fit=1200%2C630&ssl=1&resize=525%2C300 1.5x, https:\/\/i0.wp.com\/noticiasribeiraopreto.com.br\/wp-content\/uploads\/2024\/06\/Design-sem-nome-3.webp.webp?fit=1200%2C630&ssl=1&resize=700%2C400 2x, https:\/\/i0.wp.com\/noticiasribeiraopreto.com.br\/wp-content\/uploads\/2024\/06\/Design-sem-nome-3.webp.webp?fit=1200%2C630&ssl=1&resize=1050%2C600 3x"},"classes":[]},{"id":54137,"url":"https:\/\/noticiasribeiraopreto.com.br\/index.php\/2024\/06\/29\/governo-anuncia-3-beneficios-do-bolsa-familia-em-julho-com-pagamentos-juntos-confira\/","url_meta":{"origin":74399,"position":2},"title":"Governo Anuncia 3 Benef\u00edcios do Bolsa Fam\u00edlia em JULHO com Pagamentos Juntos; Confira!","author":"noticiasribeiraopreto.com.br","date":"29 de June de 2024","format":false,"excerpt":"O Governo Federal anunciou recentemente que implementar\u00e1 tr\u00eas novos benef\u00edcios dentro do programa Bolsa Fam\u00edlia, que tem lan\u00e7amento previsto para Julho. Esses acr\u00e9scimos visam fornecer apoio financeiro adicional \u00e0s fam\u00edlias de baixa renda, com foco em crian\u00e7as pequenas, adolescentes e gestantes. O pagamento desses novos benef\u00edcios ser\u00e1 feito ao mesmo\u2026","rel":"","context":"In &quot;Dinheiro e Investimento&quot;","block_context":{"text":"Dinheiro e Investimento","link":"https:\/\/noticiasribeiraopreto.com.br\/index.php\/category\/dinheiro-e-investimento-como-fazer-como-ganhar\/"},"img":{"alt_text":"","src":"https:\/\/i0.wp.com\/noticiasribeiraopreto.com.br\/wp-content\/uploads\/2024\/06\/www.Financasbrasil.org-1-1.webp.webp?fit=1200%2C630&ssl=1&resize=350%2C200","width":350,"height":200,"srcset":"https:\/\/i0.wp.com\/noticiasribeiraopreto.com.br\/wp-content\/uploads\/2024\/06\/www.Financasbrasil.org-1-1.webp.webp?fit=1200%2C630&ssl=1&resize=350%2C200 1x, https:\/\/i0.wp.com\/noticiasribeiraopreto.com.br\/wp-content\/uploads\/2024\/06\/www.Financasbrasil.org-1-1.webp.webp?fit=1200%2C630&ssl=1&resize=525%2C300 1.5x, https:\/\/i0.wp.com\/noticiasribeiraopreto.com.br\/wp-content\/uploads\/2024\/06\/www.Financasbrasil.org-1-1.webp.webp?fit=1200%2C630&ssl=1&resize=700%2C400 2x, https:\/\/i0.wp.com\/noticiasribeiraopreto.com.br\/wp-content\/uploads\/2024\/06\/www.Financasbrasil.org-1-1.webp.webp?fit=1200%2C630&ssl=1&resize=1050%2C600 3x"},"classes":[]},{"id":73283,"url":"https:\/\/noticiasribeiraopreto.com.br\/index.php\/2025\/06\/28\/museu-casa-de-portinari-tem-programacao-especial-nas-ferias-de-julho-confira\/","url_meta":{"origin":74399,"position":3},"title":"Museu Casa de Portinari tem programa\u00e7\u00e3o especial nas f\u00e9rias de julho; Confira","author":"noticiasribeiraopreto.com.br","date":"28 de June de 2025","format":false,"excerpt":"O Museu Casa de Portinari, em Brodowski, na regi\u00e3o de Ribeir\u00e3o Preto, oferece uma programa\u00e7\u00e3o especial de f\u00e9rias gratuita com oficinas, brincadeiras, jogos e espa\u00e7os de leitura. O projeto \u201cF\u00e9rias no Museu\u201d estimula a criatividade e aproxima as crian\u00e7as do universo art\u00edstico de Portinari. As atividades acontecem na esplanada do\u2026","rel":"","context":"In &quot;Not\u00edcias de Ribeir\u00e3o Preto-SP e Regi\u00e3o&quot;","block_context":{"text":"Not\u00edcias de Ribeir\u00e3o Preto-SP e Regi\u00e3o","link":"https:\/\/noticiasribeiraopreto.com.br\/index.php\/category\/noticias-de-ribeirao-preto-sp-e-regiao-ismael-colosi\/"},"img":{"alt_text":"","src":"https:\/\/i0.wp.com\/noticiasribeiraopreto.com.br\/wp-content\/uploads\/2025\/06\/5b6b7a56-6e5e-497d-8fe3-fe7aeed37d26_2025-06-28_17-41-04.webp.webp?fit=1200%2C728&ssl=1&resize=350%2C200","width":350,"height":200,"srcset":"https:\/\/i0.wp.com\/noticiasribeiraopreto.com.br\/wp-content\/uploads\/2025\/06\/5b6b7a56-6e5e-497d-8fe3-fe7aeed37d26_2025-06-28_17-41-04.webp.webp?fit=1200%2C728&ssl=1&resize=350%2C200 1x, https:\/\/i0.wp.com\/noticiasribeiraopreto.com.br\/wp-content\/uploads\/2025\/06\/5b6b7a56-6e5e-497d-8fe3-fe7aeed37d26_2025-06-28_17-41-04.webp.webp?fit=1200%2C728&ssl=1&resize=525%2C300 1.5x, https:\/\/i0.wp.com\/noticiasribeiraopreto.com.br\/wp-content\/uploads\/2025\/06\/5b6b7a56-6e5e-497d-8fe3-fe7aeed37d26_2025-06-28_17-41-04.webp.webp?fit=1200%2C728&ssl=1&resize=700%2C400 2x, https:\/\/i0.wp.com\/noticiasribeiraopreto.com.br\/wp-content\/uploads\/2025\/06\/5b6b7a56-6e5e-497d-8fe3-fe7aeed37d26_2025-06-28_17-41-04.webp.webp?fit=1200%2C728&ssl=1&resize=1050%2C600 3x"},"classes":[]},{"id":53941,"url":"https:\/\/noticiasribeiraopreto.com.br\/index.php\/2024\/06\/26\/bolsa-familia-julho-aumento-nas-mensalidades-e-novas-datas-de-pagamento-confira-calendario\/","url_meta":{"origin":74399,"position":4},"title":"Bolsa Fam\u00edlia Julho: Aumento nas mensalidades e novas datas de pagamento; Confira calend\u00e1rio","author":"noticiasribeiraopreto.com.br","date":"26 de June de 2024","format":false,"excerpt":"O Bolsa Fam\u00edlia de julho traz novidades importantes para o combate \u00e0 pobreza no Brasil. Em 2024, o programa continuar\u00e1 sendo um pilar fundamental para milh\u00f5es de brasileiros. A Caixa Econ\u00f4mica Federal (CEF) gerencia os pagamentos com o objetivo de distribuir de forma eficiente os recursos para melhorar as condi\u00e7\u00f5es\u2026","rel":"","context":"In &quot;Dinheiro e Investimento&quot;","block_context":{"text":"Dinheiro e Investimento","link":"https:\/\/noticiasribeiraopreto.com.br\/index.php\/category\/dinheiro-e-investimento-como-fazer-como-ganhar\/"},"img":{"alt_text":"","src":"https:\/\/i0.wp.com\/noticiasribeiraopreto.com.br\/wp-content\/uploads\/2024\/06\/Design-sem-nome-1-1.webp.webp?fit=1200%2C630&ssl=1&resize=350%2C200","width":350,"height":200,"srcset":"https:\/\/i0.wp.com\/noticiasribeiraopreto.com.br\/wp-content\/uploads\/2024\/06\/Design-sem-nome-1-1.webp.webp?fit=1200%2C630&ssl=1&resize=350%2C200 1x, https:\/\/i0.wp.com\/noticiasribeiraopreto.com.br\/wp-content\/uploads\/2024\/06\/Design-sem-nome-1-1.webp.webp?fit=1200%2C630&ssl=1&resize=525%2C300 1.5x, https:\/\/i0.wp.com\/noticiasribeiraopreto.com.br\/wp-content\/uploads\/2024\/06\/Design-sem-nome-1-1.webp.webp?fit=1200%2C630&ssl=1&resize=700%2C400 2x, https:\/\/i0.wp.com\/noticiasribeiraopreto.com.br\/wp-content\/uploads\/2024\/06\/Design-sem-nome-1-1.webp.webp?fit=1200%2C630&ssl=1&resize=1050%2C600 3x"},"classes":[]},{"id":54622,"url":"https:\/\/noticiasribeiraopreto.com.br\/index.php\/2024\/07\/15\/atencao-beneficiarios-bolsa-familia-anuncia-suspensao-em-julho-confira-se-seu-nis-esta-na-lista\/","url_meta":{"origin":74399,"position":5},"title":"Aten\u00e7\u00e3o Benefici\u00e1rios! Bolsa Fam\u00edlia Anuncia Suspens\u00e3o em Julho: Confira se Seu NIS Est\u00e1 na Lista","author":"noticiasribeiraopreto.com.br","date":"15 de July de 2024","format":false,"excerpt":"Em julho deste ano, o programa Bolsa Fam\u00edlia passou por rigorosas fiscaliza\u00e7\u00f5es, que podem resultar na suspens\u00e3o ou exclus\u00e3o de alguns benefici\u00e1rios. Implementada pelo Minist\u00e9rio do Desenvolvimento, Assist\u00eancia Social, Fam\u00edlia e Combate \u00e0 Fome (MDS), essa iniciativa tem como objetivo garantir que os recursos p\u00fablicos sejam direcionados corretamente para as\u2026","rel":"","context":"In &quot;Dinheiro e Investimento&quot;","block_context":{"text":"Dinheiro e Investimento","link":"https:\/\/noticiasribeiraopreto.com.br\/index.php\/category\/dinheiro-e-investimento-como-fazer-como-ganhar\/"},"img":{"alt_text":"","src":"https:\/\/i0.wp.com\/noticiasribeiraopreto.com.br\/wp-content\/uploads\/2024\/07\/Liberdade.webp.webp?fit=1200%2C630&ssl=1&resize=350%2C200","width":350,"height":200,"srcset":"https:\/\/i0.wp.com\/noticiasribeiraopreto.com.br\/wp-content\/uploads\/2024\/07\/Liberdade.webp.webp?fit=1200%2C630&ssl=1&resize=350%2C200 1x, https:\/\/i0.wp.com\/noticiasribeiraopreto.com.br\/wp-content\/uploads\/2024\/07\/Liberdade.webp.webp?fit=1200%2C630&ssl=1&resize=525%2C300 1.5x, https:\/\/i0.wp.com\/noticiasribeiraopreto.com.br\/wp-content\/uploads\/2024\/07\/Liberdade.webp.webp?fit=1200%2C630&ssl=1&resize=700%2C400 2x, https:\/\/i0.wp.com\/noticiasribeiraopreto.com.br\/wp-content\/uploads\/2024\/07\/Liberdade.webp.webp?fit=1200%2C630&ssl=1&resize=1050%2C600 3x"},"classes":[]}],"jetpack_sharing_enabled":true,"jetpack_shortlink":"https:\/\/wp.me\/peQAOb-jlZ","_links":{"self":[{"href":"https:\/\/noticiasribeiraopreto.com.br\/index.php\/wp-json\/wp\/v2\/posts\/74399","targetHints":{"allow":["GET"]}}],"collection":[{"href":"https:\/\/noticiasribeiraopreto.com.br\/index.php\/wp-json\/wp\/v2\/posts"}],"about":[{"href":"https:\/\/noticiasribeiraopreto.com.br\/index.php\/wp-json\/wp\/v2\/types\/post"}],"author":[{"embeddable":true,"href":"https:\/\/noticiasribeiraopreto.com.br\/index.php\/wp-json\/wp\/v2\/users\/1"}],"replies":[{"embeddable":true,"href":"https:\/\/noticiasribeiraopreto.com.br\/index.php\/wp-json\/wp\/v2\/comments?post=74399"}],"version-history":[{"count":0,"href":"https:\/\/noticiasribeiraopreto.com.br\/index.php\/wp-json\/wp\/v2\/posts\/74399\/revisions"}],"wp:featuredmedia":[{"embeddable":true,"href":"https:\/\/noticiasribeiraopreto.com.br\/index.php\/wp-json\/wp\/v2\/media\/74400"}],"wp:attachment":[{"href":"https:\/\/noticiasribeiraopreto.com.br\/index.php\/wp-json\/wp\/v2\/media?parent=74399"}],"wp:term":[{"taxonomy":"category","embeddable":true,"href":"https:\/\/noticiasribeiraopreto.com.br\/index.php\/wp-json\/wp\/v2\/categories?post=74399"},{"taxonomy":"post_tag","embeddable":true,"href":"https:\/\/noticiasribeiraopreto.com.br\/index.php\/wp-json\/wp\/v2\/tags?post=74399"}],"curies":[{"name":"wp","href":"https:\/\/api.w.org\/{rel}","templated":true}]}}