{"id":74401,"date":"2025-07-22T11:26:39","date_gmt":"2025-07-22T14:26:39","guid":{"rendered":"https:\/\/noticiasribeiraopreto.com.br\/index.php\/2025\/07\/22\/mp-denuncia-cinco-por-golpe-de-r-42-milhoes\/"},"modified":"2025-07-22T11:26:39","modified_gmt":"2025-07-22T14:26:39","slug":"mp-denuncia-cinco-por-golpe-de-r-42-milhoes","status":"publish","type":"post","link":"https:\/\/noticiasribeiraopreto.com.br\/index.php\/2025\/07\/22\/mp-denuncia-cinco-por-golpe-de-r-42-milhoes\/","title":{"rendered":"MP denuncia cinco por golpe de R$ 42 milh\u00f5es"},"content":{"rendered":"<div class='code-block code-block-1' style='margin: 8px 0 8px auto; text-align: right; display: block; clear: both;'>\n<p><a href=\"https:\/\/wa.link\/vpicfd\"><img data-recalc-dims=\"1\" class=\"wp-image-4922\" style=\"aspect-ratio: 2.0253164556962027; width: 561px; height: auto;\" src=\"https:\/\/i0.wp.com\/ismaelcolosi.com.br\/wp-content\/uploads\/2023\/11\/grupo-de-empregos-whatsapp-e-facebook-ismael-colosi-vagas.jpg?ssl=1\" alt=\"\" \/><\/a><\/p>\n<!-- \/wp:image -->\n<\/div>\n<p> <br \/>\n<\/p>\n<div>\n<p>Por: Adalberto Luque<\/p>\n<p>O Minist\u00e9rio P\u00fablico denunciou, nesta segunda-feira (21), o empres\u00e1rio Andr\u00e9 Luiz de Jesus da Rosa e outros quatro s\u00f3cios da B&amp;B Capital, empresa que atuou em Ribeir\u00e3o Preto, por organiza\u00e7\u00e3o criminosa e estelionato. Segundo a Promotoria, o grupo causou preju\u00edzo de R$ 42 milh\u00f5es a 237 v\u00edtimas que investiram na empresa com promessa de retorno mensal entre 2,5% e 3,5%.<\/p>\n<p>De acordo com o MP, os acusados n\u00e3o tinham autoriza\u00e7\u00e3o para atuar no mercado financeiro. Os valores captados n\u00e3o eram aplicados como prometido, mas usados em um esquema de pir\u00e2mide: serviam para pagar resgates a clientes antigos e para benef\u00edcio pessoal dos envolvidos.<\/p>\n<p><strong>Denunciados<\/strong><\/p>\n<p>Foram denunciados, al\u00e9m de Andr\u00e9 Luiz de Jesus da Rosa, Alex Sandro de Jesus da Rosa, Pedro Eduardo Freitas Duarte, Paulo Rog\u00e9rio do Nascimento e Phelippe Augusto Chrysostomo da Silva. Os quatro s\u00f3cios de Andr\u00e9 Luiz, inclusive seu irm\u00e3o, negaram envolvimento. De acordo com os depoimentos, apenas Andr\u00e9 Luiz teria conhecimento das opera\u00e7\u00f5es financeiras.<\/p>\n<p>O promotor Augusto Soares de Arruda Neto, respons\u00e1vel pela den\u00fancia, tamb\u00e9m pediu nova pris\u00e3o preventiva de Andr\u00e9, que est\u00e1 foragido desde 2023. Contra ele j\u00e1 existem dois mandados de pris\u00e3o preventiva decretados. O MP solicitou ainda o envio do caso \u00e0 Receita Federal e a abertura de novo inqu\u00e9rito para investigar poss\u00edvel lavagem de dinheiro.<\/p>\n<p><strong>Defesas<\/strong><\/p>\n<p>O empres\u00e1rio foragido n\u00e3o tem advogado de defesa. Os defensores de Alex Sandro e Paulo Rog\u00e9rio informaram n\u00e3o ter conhecimento da den\u00fancia. A defesa de Phelippe afirmou que ele n\u00e3o era s\u00f3cio da B&amp;B. J\u00e1 a de Pedro Eduardo confirmou a sociedade, mas alegou que ele apenas seguia ordens de Andr\u00e9 Luiz.<\/p>\n<p>O caso foi denunciado pelas v\u00edtimas em mar\u00e7o de 2023, ap\u00f3s o desaparecimento do empres\u00e1rio e a paralisa\u00e7\u00e3o dos pagamentos. Ele chegou a deixar uma mensagem dizendo que havia quebrado e n\u00e3o foi mais visto. A Pol\u00edcia Civil concluiu o inqu\u00e9rito no mesmo ano e indiciou os cinco por associa\u00e7\u00e3o criminosa e estelionato. Os bens dos envolvidos foram bloqueados.<\/p>\n<p><strong>Esquema Ponzi<\/strong><\/p>\n<p>A empresa simulava legalidade com site e bonifica\u00e7\u00f5es para quem indicasse novos clientes. Por\u00e9m, operava de forma fraudulenta, t\u00edpica de \u201cEsquema Ponzi\u201d, utilizando aportes de novos investidores para pagar os antigos.<\/p>\n<p>Um esquema Ponzi \u00e9 um tipo de fraude financeira que envolve o pagamento de retornos elevados aos investidores utilizando o dinheiro de novos investidores, em vez de lucros gerados por atividades comerciais leg\u00edtimas. \u00c9 uma forma sofisticada de esquema em pir\u00e2mide.<\/p>\n<p>Desde 2016, a empresa n\u00e3o tinha autoriza\u00e7\u00e3o da CVM para operar. O MP afirma que s\u00f3 em nome de Andr\u00e9 Luiz houve movimenta\u00e7\u00e3o de R$ 11 milh\u00f5es. Parte dos recursos passou por contas pessoais dos denunciados. H\u00e1 v\u00edtimas que investiram todas as economias pessoais.<\/p>\n<p>O golpe foi mantido at\u00e9 mar\u00e7o de 2023, quando os pedidos de resgate aumentaram e os clientes descobriram o sumi\u00e7o de Andr\u00e9 Luiz, que at\u00e9 hoje n\u00e3o foi localizado. A den\u00fancia foi apresentada ao Tribunal de Justi\u00e7a de S\u00e3o Paulo (TJSP), que ainda n\u00e3o se pronunciou se vai acatar ou n\u00e3o.<\/p>\n<p><strong>Relembre o caso<\/strong><\/p>\n<p>A Pol\u00edcia Civil iniciou as investiga\u00e7\u00f5es contra Andr\u00e9 Luiz de Jesus Rosa e sua empresa, a B&amp;B Capital, no dia 23 de mar\u00e7o de 2023. A empresa tinha como sede um im\u00f3vel na avenida Eduardo Gomes de Souza, 50, City Ribeir\u00e3o, zona Leste de Ribeir\u00e3o Preto. V\u00e1rios investidores procuraram a Pol\u00edcia Civil alegando ter perdido dinheiro em aplica\u00e7\u00f5es da empresa, que remunerava com \u00edndices de 2,5% e 3,5% ao m\u00eas.<\/p>\n<p>Uma manicure estava entre as v\u00edtimas. Incentivada por uma cliente, ela investiu R$ 35 mil. Era dinheiro que estava na poupan\u00e7a. A cliente j\u00e1 investia com a B&amp;B h\u00e1 cerca de cinco anos. Num primeiro momento, a manicure aplicou metade do valor mas, ao ver que a rentabilidade aparentemente era alta, decidiu sacar tudo da poupan\u00e7a e investir na aplica\u00e7\u00e3o.<\/p>\n<p>Desde o in\u00edcio das opera\u00e7\u00f5es, o empres\u00e1rio est\u00e1 foragido.<\/p>\n<p>\u00a0<\/p>\n<p>_____<\/p>\n<p>\u00a0<\/p>\n<p>Jornal Tribuna Ribeir\u00e3o<br \/>Um Jornal com a cara de Ribeir\u00e3o!<\/p>\n<p>Impresso | WEB | Redes sociais<br \/>Tribuna Ribeir\u00e3o \u2013 Fone: (16) 3632-2200 \u2013 Whatsapp: (16) 98161-8743<br \/>Av. Bar\u00e3o do Bananal, 880 \u2013 Jardim Anhanguera, Ribeir\u00e3o Preto<\/p>\n<p>@tribunaribeirao<br \/>@meiaderibeirao<br \/>@dinoderibeirao<br \/>#TribunaRibeir\u00e3o<br \/>#News<br \/>#Not\u00edcia<br \/>#Ribeir\u00e3oPreto #Not\u00edciasDeRibeir\u00e3oPreto<br \/>#ClassificadosTribunaRibeir\u00e3o<br \/>#Jornalismo<br \/>#ClassificadosRibeir\u00e3o<\/p>\n<\/div>\n<p><br \/>\n<br \/><a href=\"https:\/\/www.tribunaribeirao.com.br\/mp-denuncia-cinco-por-golpe-de-r-42-milhoes\/\">Source link <\/a><\/p>\n<!-- CONTENT END 1 -->\n","protected":false},"excerpt":{"rendered":"<p>Por: Adalberto Luque O Minist\u00e9rio P\u00fablico denunciou, nesta segunda-feira (21), o empres\u00e1rio Andr\u00e9 Luiz de Jesus da Rosa e outros quatro s\u00f3cios da B&amp;B Capital,&#8230;<\/p>\n","protected":false},"author":1,"featured_media":74402,"comment_status":"open","ping_status":"open","sticky":false,"template":"","format":"standard","meta":{"advanced_seo_description":"","jetpack_seo_html_title":"","jetpack_seo_noindex":false,"jetpack_post_was_ever_published":false,"_jetpack_newsletter_access":"","_jetpack_dont_email_post_to_subs":false,"_jetpack_newsletter_tier_id":0,"_jetpack_memberships_contains_paywalled_content":false,"_jetpack_memberships_contains_paid_content":false,"footnotes":"","jetpack_publicize_message":"","jetpack_publicize_feature_enabled":true,"jetpack_social_post_already_shared":true,"jetpack_social_options":{"image_generator_settings":{"template":"highway","default_image_id":0,"font":"","enabled":false},"version":2}},"categories":[11],"tags":[],"class_list":["post-74401","post","type-post","status-publish","format-standard","has-post-thumbnail","hentry","category-noticias-de-ribeirao-preto-sp-e-regiao-ismael-colosi"],"jetpack_publicize_connections":[],"jetpack_featured_media_url":"https:\/\/i0.wp.com\/noticiasribeiraopreto.com.br\/wp-content\/uploads\/2025\/07\/00-24-mar-2023-fachada-bb-capital-foto-google-street.jpg?fit=1154%2C713&ssl=1","jetpack-related-posts":[{"id":74390,"url":"https:\/\/noticiasribeiraopreto.com.br\/index.php\/2025\/07\/21\/mp-denuncia-dono-de-investidora-e-mais-quatro-por-golpe-de-r-40-milhoes-em-ribeirao\/","url_meta":{"origin":74401,"position":0},"title":"MP denuncia dono de investidora e mais quatro por golpe de R$ 40 milh\u00f5es em Ribeir\u00e3o","author":"noticiasribeiraopreto.com.br","date":"21 de July de 2025","format":false,"excerpt":"O Minist\u00e9rio P\u00fablico denunciou Andr\u00e9 Luiz de Jesus da Rosa, dono da B&B Investidora, e outros quatro envolvidos pelos crimes de estelionato e organiza\u00e7\u00e3o criminosa. O grupo \u00e9 acusado de aplicar um golpe que ultrapassa R$ 40 milh\u00f5es em preju\u00edzos, com v\u00edtimas espalhadas por diversas regi\u00f5es do pa\u00eds. Andr\u00e9 est\u00e1\u2026","rel":"","context":"In &quot;Not\u00edcias de Ribeir\u00e3o Preto-SP e Regi\u00e3o&quot;","block_context":{"text":"Not\u00edcias de Ribeir\u00e3o Preto-SP e Regi\u00e3o","link":"https:\/\/noticiasribeiraopreto.com.br\/index.php\/category\/noticias-de-ribeirao-preto-sp-e-regiao-ismael-colosi\/"},"img":{"alt_text":"","src":"https:\/\/i0.wp.com\/noticiasribeiraopreto.com.br\/wp-content\/uploads\/2025\/07\/Copia-de-Copia-de-Copia-de-TAMANHO-EXATO-PARA-FOTOS-NO-SISTEMA-NOVO-2025-07-21T211619.600_2025-07-22_00-16-42.webp.webp?fit=1200%2C675&ssl=1&resize=350%2C200","width":350,"height":200,"srcset":"https:\/\/i0.wp.com\/noticiasribeiraopreto.com.br\/wp-content\/uploads\/2025\/07\/Copia-de-Copia-de-Copia-de-TAMANHO-EXATO-PARA-FOTOS-NO-SISTEMA-NOVO-2025-07-21T211619.600_2025-07-22_00-16-42.webp.webp?fit=1200%2C675&ssl=1&resize=350%2C200 1x, https:\/\/i0.wp.com\/noticiasribeiraopreto.com.br\/wp-content\/uploads\/2025\/07\/Copia-de-Copia-de-Copia-de-TAMANHO-EXATO-PARA-FOTOS-NO-SISTEMA-NOVO-2025-07-21T211619.600_2025-07-22_00-16-42.webp.webp?fit=1200%2C675&ssl=1&resize=525%2C300 1.5x, https:\/\/i0.wp.com\/noticiasribeiraopreto.com.br\/wp-content\/uploads\/2025\/07\/Copia-de-Copia-de-Copia-de-TAMANHO-EXATO-PARA-FOTOS-NO-SISTEMA-NOVO-2025-07-21T211619.600_2025-07-22_00-16-42.webp.webp?fit=1200%2C675&ssl=1&resize=700%2C400 2x, https:\/\/i0.wp.com\/noticiasribeiraopreto.com.br\/wp-content\/uploads\/2025\/07\/Copia-de-Copia-de-Copia-de-TAMANHO-EXATO-PARA-FOTOS-NO-SISTEMA-NOVO-2025-07-21T211619.600_2025-07-22_00-16-42.webp.webp?fit=1200%2C675&ssl=1&resize=1050%2C600 3x"},"classes":[]},{"id":2821,"url":"https:\/\/noticiasribeiraopreto.com.br\/index.php\/2023\/11\/16\/policia-pede-prisao-de-empresario-suspeito-de-golpe-em-ribeirao-preto\/","url_meta":{"origin":74401,"position":1},"title":"Pol\u00edcia pede pris\u00e3o de empres\u00e1rio suspeito de golpe em Ribeir\u00e3o Preto","author":"noticiasribeiraopreto.com.br","date":"16 de November de 2023","format":false,"excerpt":"O delegado Gustavo Andr\u00e9 Alves, da Pol\u00edcia Civil, pediu a pris\u00e3o preventiva de Andr\u00e9 Luiz de Jesus Rosa, empres\u00e1rio suspeito de aplicar um golpe de mais de R$ 40 milh\u00f5es em clientes de uma empresa de investimentos de Ribeir\u00e3o Preto. Ele est\u00e1 foragido desde o \u00faltimo m\u00eas de mar\u00e7o. O\u2026","rel":"","context":"In &quot;Not\u00edcias de Ribeir\u00e3o Preto-SP e Regi\u00e3o&quot;","block_context":{"text":"Not\u00edcias de Ribeir\u00e3o Preto-SP e Regi\u00e3o","link":"https:\/\/noticiasribeiraopreto.com.br\/index.php\/category\/noticias-de-ribeirao-preto-sp-e-regiao-ismael-colosi\/"},"img":{"alt_text":"","src":"https:\/\/i0.wp.com\/noticiasribeiraopreto.com.br\/wp-content\/uploads\/2023\/11\/andre-luiz-rosa.jpg?fit=1200%2C934&ssl=1&resize=350%2C200","width":350,"height":200,"srcset":"https:\/\/i0.wp.com\/noticiasribeiraopreto.com.br\/wp-content\/uploads\/2023\/11\/andre-luiz-rosa.jpg?fit=1200%2C934&ssl=1&resize=350%2C200 1x, https:\/\/i0.wp.com\/noticiasribeiraopreto.com.br\/wp-content\/uploads\/2023\/11\/andre-luiz-rosa.jpg?fit=1200%2C934&ssl=1&resize=525%2C300 1.5x, https:\/\/i0.wp.com\/noticiasribeiraopreto.com.br\/wp-content\/uploads\/2023\/11\/andre-luiz-rosa.jpg?fit=1200%2C934&ssl=1&resize=700%2C400 2x, https:\/\/i0.wp.com\/noticiasribeiraopreto.com.br\/wp-content\/uploads\/2023\/11\/andre-luiz-rosa.jpg?fit=1200%2C934&ssl=1&resize=1050%2C600 3x"},"classes":[]},{"id":53890,"url":"https:\/\/noticiasribeiraopreto.com.br\/index.php\/2024\/06\/25\/vitima-de-golpe-diz-que-vendeu-apartamento-e-investiu-r-860-mil-em-empresa-de-ribeirao\/","url_meta":{"origin":74401,"position":2},"title":"V\u00edtima de golpe diz que vendeu apartamento e investiu R$ 860 mil em empresa de Ribeir\u00e3o","author":"noticiasribeiraopreto.com.br","date":"25 de June de 2024","format":false,"excerpt":"Uma das 227 v\u00edtimas que foram enganadas pela B&B Capital, de Ribeir\u00e3o Preto, investigada por aplicar um golpe financeiro de R$ 40 milh\u00f5es, disse que realizou a venda de um apartamento e investiu R$ 860 mil no neg\u00f3cio, que prometia rendimento m\u00ednimo de 2% ao m\u00eas. O caso foi descoberto\u2026","rel":"","context":"In &quot;Not\u00edcias de Ribeir\u00e3o Preto-SP e Regi\u00e3o&quot;","block_context":{"text":"Not\u00edcias de Ribeir\u00e3o Preto-SP e Regi\u00e3o","link":"https:\/\/noticiasribeiraopreto.com.br\/index.php\/category\/noticias-de-ribeirao-preto-sp-e-regiao-ismael-colosi\/"},"img":{"alt_text":"","src":"https:\/\/i0.wp.com\/noticiasribeiraopreto.com.br\/wp-content\/uploads\/2024\/06\/andre-luiz-rosa.jpg?fit=1200%2C934&ssl=1&resize=350%2C200","width":350,"height":200,"srcset":"https:\/\/i0.wp.com\/noticiasribeiraopreto.com.br\/wp-content\/uploads\/2024\/06\/andre-luiz-rosa.jpg?fit=1200%2C934&ssl=1&resize=350%2C200 1x, https:\/\/i0.wp.com\/noticiasribeiraopreto.com.br\/wp-content\/uploads\/2024\/06\/andre-luiz-rosa.jpg?fit=1200%2C934&ssl=1&resize=525%2C300 1.5x, https:\/\/i0.wp.com\/noticiasribeiraopreto.com.br\/wp-content\/uploads\/2024\/06\/andre-luiz-rosa.jpg?fit=1200%2C934&ssl=1&resize=700%2C400 2x, https:\/\/i0.wp.com\/noticiasribeiraopreto.com.br\/wp-content\/uploads\/2024\/06\/andre-luiz-rosa.jpg?fit=1200%2C934&ssl=1&resize=1050%2C600 3x"},"classes":[]},{"id":82154,"url":"https:\/\/noticiasribeiraopreto.com.br\/index.php\/2026\/02\/05\/seis-ja-sao-investigados-por-golpes-a-investidores-em-rp\/","url_meta":{"origin":74401,"position":3},"title":"Seis j\u00e1 s\u00e3o investigados por golpes a investidores em RP","author":"noticiasribeiraopreto.com.br","date":"5 de February de 2026","format":false,"excerpt":"Por: Adalberto Luque A Justi\u00e7a Federal aceitou den\u00fancia, na \u00faltima semana, e passou a investigar tr\u00eas empres\u00e1rios que atuam no mercado financeiro de investimentos e teriam desviado valores de investidores. J\u00e1 s\u00e3o seis os empres\u00e1rios investigados \u2013 um deles est\u00e1 preso e outro foragido \u2013 por golpes aplicados a partir\u2026","rel":"","context":"In &quot;Not\u00edcias de Ribeir\u00e3o Preto-SP e Regi\u00e3o&quot;","block_context":{"text":"Not\u00edcias de Ribeir\u00e3o Preto-SP e Regi\u00e3o","link":"https:\/\/noticiasribeiraopreto.com.br\/index.php\/category\/noticias-de-ribeirao-preto-sp-e-regiao-ismael-colosi\/"},"img":{"alt_text":"","src":"https:\/\/i0.wp.com\/noticiasribeiraopreto.com.br\/wp-content\/uploads\/2026\/02\/04-fev-2026-golpeempresarios-1-scaled.jpg?fit=1200%2C640&ssl=1&resize=350%2C200","width":350,"height":200,"srcset":"https:\/\/i0.wp.com\/noticiasribeiraopreto.com.br\/wp-content\/uploads\/2026\/02\/04-fev-2026-golpeempresarios-1-scaled.jpg?fit=1200%2C640&ssl=1&resize=350%2C200 1x, https:\/\/i0.wp.com\/noticiasribeiraopreto.com.br\/wp-content\/uploads\/2026\/02\/04-fev-2026-golpeempresarios-1-scaled.jpg?fit=1200%2C640&ssl=1&resize=525%2C300 1.5x, https:\/\/i0.wp.com\/noticiasribeiraopreto.com.br\/wp-content\/uploads\/2026\/02\/04-fev-2026-golpeempresarios-1-scaled.jpg?fit=1200%2C640&ssl=1&resize=700%2C400 2x, https:\/\/i0.wp.com\/noticiasribeiraopreto.com.br\/wp-content\/uploads\/2026\/02\/04-fev-2026-golpeempresarios-1-scaled.jpg?fit=1200%2C640&ssl=1&resize=1050%2C600 3x"},"classes":[]},{"id":78162,"url":"https:\/\/noticiasribeiraopreto.com.br\/index.php\/2025\/10\/03\/pai-de-crianca-que-pilotava-moto-e-denunciado-por-maus-tratos\/","url_meta":{"origin":74401,"position":4},"title":"Pai de crian\u00e7a que pilotava moto \u00e9 denunciado por maus-tratos","author":"noticiasribeiraopreto.com.br","date":"3 de October de 2025","format":false,"excerpt":"Den\u00fancia foi enviada pelo Minist\u00e9rio P\u00fablico para Juizado Especial Criminal de Ribeir\u00e3o Preto 3 de outubro de 2025 11:305 Compartilhar1 Por: Adalberto Luque O pai da crian\u00e7a de 10 anos que foi flagrada pilotando e fazendo acrobacias em uma motocicleta foi denunciado pelo Minist\u00e9rio P\u00fablico de S\u00e3o Paulo (MPSP). A\u2026","rel":"","context":"In &quot;Not\u00edcias de Ribeir\u00e3o Preto-SP e Regi\u00e3o&quot;","block_context":{"text":"Not\u00edcias de Ribeir\u00e3o Preto-SP e Regi\u00e3o","link":"https:\/\/noticiasribeiraopreto.com.br\/index.php\/category\/noticias-de-ribeirao-preto-sp-e-regiao-ismael-colosi\/"},"img":{"alt_text":"","src":"https:\/\/i0.wp.com\/noticiasribeiraopreto.com.br\/wp-content\/uploads\/2025\/10\/18-ago-2025-motoqueiromaluco1.jpg?fit=709%2C368&ssl=1&resize=350%2C200","width":350,"height":200,"srcset":"https:\/\/i0.wp.com\/noticiasribeiraopreto.com.br\/wp-content\/uploads\/2025\/10\/18-ago-2025-motoqueiromaluco1.jpg?fit=709%2C368&ssl=1&resize=350%2C200 1x, https:\/\/i0.wp.com\/noticiasribeiraopreto.com.br\/wp-content\/uploads\/2025\/10\/18-ago-2025-motoqueiromaluco1.jpg?fit=709%2C368&ssl=1&resize=525%2C300 1.5x, https:\/\/i0.wp.com\/noticiasribeiraopreto.com.br\/wp-content\/uploads\/2025\/10\/18-ago-2025-motoqueiromaluco1.jpg?fit=709%2C368&ssl=1&resize=700%2C400 2x"},"classes":[]},{"id":76940,"url":"https:\/\/noticiasribeiraopreto.com.br\/index.php\/2025\/09\/09\/caso-larissa-justica-ouve-testemunhas-sobre-morte-de-professora-por-envenenamento\/","url_meta":{"origin":74401,"position":5},"title":"Caso Larissa: Justi\u00e7a ouve testemunhas sobre morte de professora por envenenamento","author":"noticiasribeiraopreto.com.br","date":"9 de September de 2025","format":false,"excerpt":"A Justi\u00e7a de Ribeir\u00e3o Preto come\u00e7a a ouvir, nesta ter\u00e7a-feira (9), as testemunhas de acusa\u00e7\u00e3o no caso da professora Larissa Rodrigues, de 37 anos, morta por envenenamento em mar\u00e7o. Os r\u00e9us s\u00e3o a sogra, Elizabete Arraba\u00e7a, e o marido, o m\u00e9dico Luiz Garnica, que est\u00e3o presos desde maio e negam\u2026","rel":"","context":"In &quot;Not\u00edcias de Ribeir\u00e3o Preto-SP e Regi\u00e3o&quot;","block_context":{"text":"Not\u00edcias de Ribeir\u00e3o Preto-SP e Regi\u00e3o","link":"https:\/\/noticiasribeiraopreto.com.br\/index.php\/category\/noticias-de-ribeirao-preto-sp-e-regiao-ismael-colosi\/"},"img":{"alt_text":"","src":"https:\/\/i0.wp.com\/noticiasribeiraopreto.com.br\/wp-content\/uploads\/2025\/07\/Copia-de-Copia-de-Copia-de-TAMANHO-EXATO-PARA-FOTOS-NO-SISTEMA-NOVO-2025-07-01T135245.697_2025-07-01_16-52-51.webp.webp?fit=1200%2C675&ssl=1&resize=350%2C200","width":350,"height":200,"srcset":"https:\/\/i0.wp.com\/noticiasribeiraopreto.com.br\/wp-content\/uploads\/2025\/07\/Copia-de-Copia-de-Copia-de-TAMANHO-EXATO-PARA-FOTOS-NO-SISTEMA-NOVO-2025-07-01T135245.697_2025-07-01_16-52-51.webp.webp?fit=1200%2C675&ssl=1&resize=350%2C200 1x, https:\/\/i0.wp.com\/noticiasribeiraopreto.com.br\/wp-content\/uploads\/2025\/07\/Copia-de-Copia-de-Copia-de-TAMANHO-EXATO-PARA-FOTOS-NO-SISTEMA-NOVO-2025-07-01T135245.697_2025-07-01_16-52-51.webp.webp?fit=1200%2C675&ssl=1&resize=525%2C300 1.5x, https:\/\/i0.wp.com\/noticiasribeiraopreto.com.br\/wp-content\/uploads\/2025\/07\/Copia-de-Copia-de-Copia-de-TAMANHO-EXATO-PARA-FOTOS-NO-SISTEMA-NOVO-2025-07-01T135245.697_2025-07-01_16-52-51.webp.webp?fit=1200%2C675&ssl=1&resize=700%2C400 2x, https:\/\/i0.wp.com\/noticiasribeiraopreto.com.br\/wp-content\/uploads\/2025\/07\/Copia-de-Copia-de-Copia-de-TAMANHO-EXATO-PARA-FOTOS-NO-SISTEMA-NOVO-2025-07-01T135245.697_2025-07-01_16-52-51.webp.webp?fit=1200%2C675&ssl=1&resize=1050%2C600 3x"},"classes":[]}],"jetpack_sharing_enabled":true,"jetpack_shortlink":"https:\/\/wp.me\/peQAOb-jm1","_links":{"self":[{"href":"https:\/\/noticiasribeiraopreto.com.br\/index.php\/wp-json\/wp\/v2\/posts\/74401","targetHints":{"allow":["GET"]}}],"collection":[{"href":"https:\/\/noticiasribeiraopreto.com.br\/index.php\/wp-json\/wp\/v2\/posts"}],"about":[{"href":"https:\/\/noticiasribeiraopreto.com.br\/index.php\/wp-json\/wp\/v2\/types\/post"}],"author":[{"embeddable":true,"href":"https:\/\/noticiasribeiraopreto.com.br\/index.php\/wp-json\/wp\/v2\/users\/1"}],"replies":[{"embeddable":true,"href":"https:\/\/noticiasribeiraopreto.com.br\/index.php\/wp-json\/wp\/v2\/comments?post=74401"}],"version-history":[{"count":0,"href":"https:\/\/noticiasribeiraopreto.com.br\/index.php\/wp-json\/wp\/v2\/posts\/74401\/revisions"}],"wp:featuredmedia":[{"embeddable":true,"href":"https:\/\/noticiasribeiraopreto.com.br\/index.php\/wp-json\/wp\/v2\/media\/74402"}],"wp:attachment":[{"href":"https:\/\/noticiasribeiraopreto.com.br\/index.php\/wp-json\/wp\/v2\/media?parent=74401"}],"wp:term":[{"taxonomy":"category","embeddable":true,"href":"https:\/\/noticiasribeiraopreto.com.br\/index.php\/wp-json\/wp\/v2\/categories?post=74401"},{"taxonomy":"post_tag","embeddable":true,"href":"https:\/\/noticiasribeiraopreto.com.br\/index.php\/wp-json\/wp\/v2\/tags?post=74401"}],"curies":[{"name":"wp","href":"https:\/\/api.w.org\/{rel}","templated":true}]}}