{"id":74403,"date":"2025-07-22T12:02:50","date_gmt":"2025-07-22T15:02:50","guid":{"rendered":"https:\/\/noticiasribeiraopreto.com.br\/index.php\/2025\/07\/22\/ribeirao-pretano-celebra-podio-no-open-sao-paulo-de-carate\/"},"modified":"2025-07-22T12:02:50","modified_gmt":"2025-07-22T15:02:50","slug":"ribeirao-pretano-celebra-podio-no-open-sao-paulo-de-carate","status":"publish","type":"post","link":"https:\/\/noticiasribeiraopreto.com.br\/index.php\/2025\/07\/22\/ribeirao-pretano-celebra-podio-no-open-sao-paulo-de-carate\/","title":{"rendered":"Ribeir\u00e3o-pretano celebra p\u00f3dio no Open S\u00e3o Paulo de Carat\u00ea"},"content":{"rendered":"<div class='code-block code-block-1' style='margin: 8px 0 8px auto; text-align: right; display: block; clear: both;'>\n<p><a href=\"https:\/\/wa.link\/vpicfd\"><img data-recalc-dims=\"1\" class=\"wp-image-4922\" style=\"aspect-ratio: 2.0253164556962027; width: 561px; height: auto;\" src=\"https:\/\/i0.wp.com\/ismaelcolosi.com.br\/wp-content\/uploads\/2023\/11\/grupo-de-empregos-whatsapp-e-facebook-ismael-colosi-vagas.jpg?ssl=1\" alt=\"\" \/><\/a><\/p>\n<!-- \/wp:image -->\n<\/div>\n<p> <br \/>\n<\/p>\n<div id=\"post-432235\">\n<header class=\"entry-header penci-entry-header penci-title-center\">\n<p>\n\t\t\t\t\t\t\t\t\t<span class=\"entry-meta-item penci-posted-on\"><i class=\"fa fa-clock-o\"\/><time class=\"entry-date published\" datetime=\"2025-07-22T12:00:36-03:00\">22 de julho de 2025 12:00<\/time><time class=\"updated\" datetime=\"2025-07-21T20:05:57-03:00\">21 de julho de 2025 20:05<\/time><\/span><span class=\"entry-meta-item penci-post-countview\"><span class=\"entry-meta-item penci-post-countview penci_post-meta_item\"><i class=\"fa fa-eye\"\/><span class=\"penci-post-countview-number penci-post-countview-p432235\">9<\/span><\/span><\/span>\t\t\t\t\t\t\t\t<\/p>\n<p><!-- .entry-meta --><br \/>\n\t\t\t\t\t\t\t\t<span class=\"penci-social-buttons penci-social-share-footer\"><span class=\"penci-social-share-text\">Compartilhar<\/span><a href=\"#\" class=\"penci-post-like penci_post-meta_item  single-like-button penci-social-item like\" data-post_id=\"432235\" title=\"Like\" data-like=\"Like\" data-unlike=\"Unlike\"><i class=\"fa fa-thumbs-o-up\"\/><span class=\"penci-share-number\">0<\/span><\/a><i class=\"fa fa-facebook\"\/><a class=\"penci-social-item twitter\" target=\"_blank\" rel=\"noopener\" title=\"\" href=\"https:\/\/twitter.com\/intent\/tweet?text=Ribeir\u00e3o-pretano%20celebra%20p\u00f3dio%20no%20Open%20S\u00e3o%20Paulo%20de%20Carat\u00ea%20-%20https:\/\/www.tribunaribeirao.com.br\/ribeirao-pretano-celebra-podio-no-open-sao-paulo-de-carate\/\"><i class=\"fa fa-twitter\"\/><\/a><i class=\"fa fa-linkedin\"\/><i class=\"fa fa-whatsapp\"\/><i class=\"fa fa-telegram\"\/><i class=\"fa fa-envelope\"\/><\/span>\t\t\t\t\t\t\t<\/header>\n<p><!-- .entry-header --><\/p>\n<div class=\"penci-entry-content entry-content\">\n<p>O carateca Jo\u00e3o Sampaio, atleta de Ribeir\u00e3o Preto, conquistou a medalha de bronze no Open S\u00e3o Paulo de Carat\u00ea, no \u00faltimo s\u00e1bado (19), na capital paulista. O atleta celebrou o p\u00f3dio na categoria Kata S\u00eanior do torneio, que teve mais de 500 inscri\u00e7\u00f5es e a participa\u00e7\u00e3o de 103 associa\u00e7\u00f5es do estado.<\/p>\n<p>\u201cMais um campeonato finalizado com sucesso, dessa vez como terceiro colocado na categoria Senior. Com isso, volto pra casa com uma bagagem maior de competi\u00e7\u00f5es que acrescentaram em muito nos pr\u00f3ximos campeonatos\u201d, celebrou Sampaio, campe\u00e3o do Pan-Americano de Kata Equipe e vice no Sul-Americano.<\/p>\n<p>O pr\u00f3ximo desafio do carateca ser\u00e1 em casa, nos Jogos Regionais que acontecem em Ribeir\u00e3o Preto. A busca do jovem pela medalha de ouro na categoria Kata Individual ser\u00e1 entre quinta e sexta-feira.<\/p>\n<p>A t\u00e9cnica Ver\u00f4nica Rubi\u00e3o acredita que o bronze em S\u00e3o Paulo pode ser uma excelente prepara\u00e7\u00e3o para o que vem pela frente. \u201cEssa competi\u00e7\u00e3o \u00e9 importante para pontuar no ranking e para mantermos o ritmo de competi\u00e7\u00e3o forte, nosso pr\u00f3ximo desafio ser\u00e1 os Jogos Regionais e temos grande chance de medalhar\u201d, disse.<\/p>\n<p>\u00a0<\/p>\n<p>\u00a0<\/p>\n<\/div>\n<p><!-- .entry-content --><\/p>\n<footer class=\"penci-entry-footer\">\n\t\t\t\t\t\t\t\t<span class=\"penci-social-buttons penci-social-share-footer\"><span class=\"penci-social-share-text\">Compartilhar<\/span><a href=\"#\" class=\"penci-post-like penci_post-meta_item  single-like-button penci-social-item like\" data-post_id=\"432235\" title=\"Like\" data-like=\"Like\" data-unlike=\"Unlike\"><i class=\"fa fa-thumbs-o-up\"\/><span class=\"penci-share-number\">0<\/span><\/a><i class=\"fa fa-facebook\"\/><a class=\"penci-social-item twitter\" target=\"_blank\" rel=\"noopener\" title=\"\" href=\"https:\/\/twitter.com\/intent\/tweet?text=Ribeir\u00e3o-pretano%20celebra%20p\u00f3dio%20no%20Open%20S\u00e3o%20Paulo%20de%20Carat\u00ea%20-%20https:\/\/www.tribunaribeirao.com.br\/ribeirao-pretano-celebra-podio-no-open-sao-paulo-de-carate\/\"><i class=\"fa fa-twitter\"\/><\/a><i class=\"fa fa-linkedin\"\/><i class=\"fa fa-whatsapp\"\/><i class=\"fa fa-telegram\"\/><i class=\"fa fa-envelope\"\/><\/span>\t\t\t\t\t\t\t<\/footer>\n<p><!-- .entry-footer -->\n\t\t\t\t\t\t<\/div>\n<p><script async src=\"\/\/platform.twitter.com\/widgets.js\" charset=\"utf-8\"><\/script><br \/>\n<br \/><br \/>\n<br \/><a href=\"https:\/\/www.tribunaribeirao.com.br\/ribeirao-pretano-celebra-podio-no-open-sao-paulo-de-carate\/\">Source link <\/a><\/p>\n<!-- CONTENT END 1 -->\n","protected":false},"excerpt":{"rendered":"<p>22 de julho de 2025 12:0021 de julho de 2025 20:059 Compartilhar0 O carateca Jo\u00e3o Sampaio, atleta de Ribeir\u00e3o Preto, conquistou a medalha de bronze&#8230;<\/p>\n","protected":false},"author":1,"featured_media":74404,"comment_status":"open","ping_status":"open","sticky":false,"template":"","format":"standard","meta":{"advanced_seo_description":"","jetpack_seo_html_title":"","jetpack_seo_noindex":false,"jetpack_post_was_ever_published":false,"_jetpack_newsletter_access":"","_jetpack_dont_email_post_to_subs":false,"_jetpack_newsletter_tier_id":0,"_jetpack_memberships_contains_paywalled_content":false,"_jetpack_memberships_contains_paid_content":false,"footnotes":"","jetpack_publicize_message":"","jetpack_publicize_feature_enabled":true,"jetpack_social_post_already_shared":true,"jetpack_social_options":{"image_generator_settings":{"template":"highway","default_image_id":0,"font":"","enabled":false},"version":2}},"categories":[11],"tags":[],"class_list":["post-74403","post","type-post","status-publish","format-standard","has-post-thumbnail","hentry","category-noticias-de-ribeirao-preto-sp-e-regiao-ismael-colosi"],"jetpack_publicize_connections":[],"jetpack_featured_media_url":"https:\/\/i0.wp.com\/noticiasribeiraopreto.com.br\/wp-content\/uploads\/2025\/07\/3-Joao-Fonseca-Karate-Divulgacao-scaled.jpg?fit=597%2C780&ssl=1","jetpack-related-posts":[{"id":18395,"url":"https:\/\/noticiasribeiraopreto.com.br\/index.php\/2023\/12\/20\/prefeitura-de-ribeirao-preto-vai-fazer-nova-licitacao-para-obra-da-nove-de-julho\/","url_meta":{"origin":74403,"position":0},"title":"Prefeitura de Ribeir\u00e3o Preto vai fazer nova licita\u00e7\u00e3o para obra da Nove de Julho","author":"noticiasribeiraopreto.com.br","date":"20 de December de 2023","format":false,"excerpt":"A Prefeitura de Ribeir\u00e3o Preto vai precisar fazer uma nova licita\u00e7\u00e3o para concluir a obra da avenida Nove de Julho, na regi\u00e3o central da cidade. A Construtora Metropolitana, que venceu a primeira licita\u00e7\u00e3o j\u00e1 foi, inclusive, multada pela Prefeitura de Ribeir\u00e3o Preto por n\u00e3o respeitar o cronograma \u2013 contrato tamb\u00e9m\u2026","rel":"","context":"In &quot;Not\u00edcias de Ribeir\u00e3o Preto-SP e Regi\u00e3o&quot;","block_context":{"text":"Not\u00edcias de Ribeir\u00e3o Preto-SP e Regi\u00e3o","link":"https:\/\/noticiasribeiraopreto.com.br\/index.php\/category\/noticias-de-ribeirao-preto-sp-e-regiao-ismael-colosi\/"},"img":{"alt_text":"","src":"https:\/\/i0.wp.com\/noticiasribeiraopreto.com.br\/wp-content\/uploads\/2023\/12\/WhatsApp-Image-2023-12-20-at-10.47.41.jpeg?fit=1200%2C675&ssl=1&resize=350%2C200","width":350,"height":200,"srcset":"https:\/\/i0.wp.com\/noticiasribeiraopreto.com.br\/wp-content\/uploads\/2023\/12\/WhatsApp-Image-2023-12-20-at-10.47.41.jpeg?fit=1200%2C675&ssl=1&resize=350%2C200 1x, https:\/\/i0.wp.com\/noticiasribeiraopreto.com.br\/wp-content\/uploads\/2023\/12\/WhatsApp-Image-2023-12-20-at-10.47.41.jpeg?fit=1200%2C675&ssl=1&resize=525%2C300 1.5x, https:\/\/i0.wp.com\/noticiasribeiraopreto.com.br\/wp-content\/uploads\/2023\/12\/WhatsApp-Image-2023-12-20-at-10.47.41.jpeg?fit=1200%2C675&ssl=1&resize=700%2C400 2x, https:\/\/i0.wp.com\/noticiasribeiraopreto.com.br\/wp-content\/uploads\/2023\/12\/WhatsApp-Image-2023-12-20-at-10.47.41.jpeg?fit=1200%2C675&ssl=1&resize=1050%2C600 3x"},"classes":[]},{"id":11091,"url":"https:\/\/noticiasribeiraopreto.com.br\/index.php\/2023\/12\/05\/prefeitura-de-ribeirao-preto-rompe-contrato-com-a-empresa-da-obra-da-nove-de-julho\/","url_meta":{"origin":74403,"position":1},"title":"Prefeitura de Ribeir\u00e3o Preto rompe contrato com a empresa da obra da Nove de Julho","author":"noticiasribeiraopreto.com.br","date":"5 de December de 2023","format":false,"excerpt":"A Prefeitura de Ribeir\u00e3o Preto oficializou, nesta ter\u00e7a-feira (5), o rompimento do contrato com a empresa Metropolitana, respons\u00e1vel pelas obras de restaura\u00e7\u00e3o da avenida Nove de Julho e pela coloca\u00e7\u00e3o de galerias de \u00e1gua pluvial no Centro. De acordo com o Executivo, a empresa foi notificada cinco vezes sobre o\u2026","rel":"","context":"In &quot;Not\u00edcias de Ribeir\u00e3o Preto-SP e Regi\u00e3o&quot;","block_context":{"text":"Not\u00edcias de Ribeir\u00e3o Preto-SP e Regi\u00e3o","link":"https:\/\/noticiasribeiraopreto.com.br\/index.php\/category\/noticias-de-ribeirao-preto-sp-e-regiao-ismael-colosi\/"},"img":{"alt_text":"","src":"https:\/\/i0.wp.com\/noticiasribeiraopreto.com.br\/wp-content\/uploads\/2023\/12\/WhatsApp-Image-2023-12-05-at-11.04.13.jpeg?fit=1200%2C764&ssl=1&resize=350%2C200","width":350,"height":200,"srcset":"https:\/\/i0.wp.com\/noticiasribeiraopreto.com.br\/wp-content\/uploads\/2023\/12\/WhatsApp-Image-2023-12-05-at-11.04.13.jpeg?fit=1200%2C764&ssl=1&resize=350%2C200 1x, https:\/\/i0.wp.com\/noticiasribeiraopreto.com.br\/wp-content\/uploads\/2023\/12\/WhatsApp-Image-2023-12-05-at-11.04.13.jpeg?fit=1200%2C764&ssl=1&resize=525%2C300 1.5x, https:\/\/i0.wp.com\/noticiasribeiraopreto.com.br\/wp-content\/uploads\/2023\/12\/WhatsApp-Image-2023-12-05-at-11.04.13.jpeg?fit=1200%2C764&ssl=1&resize=700%2C400 2x, https:\/\/i0.wp.com\/noticiasribeiraopreto.com.br\/wp-content\/uploads\/2023\/12\/WhatsApp-Image-2023-12-05-at-11.04.13.jpeg?fit=1200%2C764&ssl=1&resize=1050%2C600 3x"},"classes":[]},{"id":84395,"url":"https:\/\/noticiasribeiraopreto.com.br\/index.php\/2026\/04\/08\/evento-gratuito-transforma-avenida-nove-de-julho-em-espaco-de-cultura-e-diversao\/","url_meta":{"origin":74403,"position":2},"title":"Evento gratuito transforma avenida Nove de Julho em espa\u00e7o de cultura e divers\u00e3o","author":"noticiasribeiraopreto.com.br","date":"8 de April de 2026","format":false,"excerpt":"Ler o resumo da not\u00edcia Evento gratuito \"Viva a Nove\" ocorre em 12 de abril, das 15h \u00e0s 19h, na Avenida Nove de Julho em Ribeir\u00e3o Preto. A avenue ser\u00e1 transformada em espa\u00e7o de cultura e divers\u00e3o com apresenta\u00e7\u00f5es art\u00edsticas e atividades diversificadas. Participam do evento o Instituto do Livro,\u2026","rel":"","context":"In &quot;Not\u00edcias de Ribeir\u00e3o Preto-SP e Regi\u00e3o&quot;","block_context":{"text":"Not\u00edcias de Ribeir\u00e3o Preto-SP e Regi\u00e3o","link":"https:\/\/noticiasribeiraopreto.com.br\/index.php\/category\/noticias-de-ribeirao-preto-sp-e-regiao-ismael-colosi\/"},"img":{"alt_text":"","src":"https:\/\/i0.wp.com\/noticiasribeiraopreto.com.br\/wp-content\/uploads\/2026\/04\/avenida-nove-de-julho_2025-07-18_19-28-18.webp.webp?fit=1200%2C800&ssl=1&resize=350%2C200","width":350,"height":200,"srcset":"https:\/\/i0.wp.com\/noticiasribeiraopreto.com.br\/wp-content\/uploads\/2026\/04\/avenida-nove-de-julho_2025-07-18_19-28-18.webp.webp?fit=1200%2C800&ssl=1&resize=350%2C200 1x, https:\/\/i0.wp.com\/noticiasribeiraopreto.com.br\/wp-content\/uploads\/2026\/04\/avenida-nove-de-julho_2025-07-18_19-28-18.webp.webp?fit=1200%2C800&ssl=1&resize=525%2C300 1.5x, https:\/\/i0.wp.com\/noticiasribeiraopreto.com.br\/wp-content\/uploads\/2026\/04\/avenida-nove-de-julho_2025-07-18_19-28-18.webp.webp?fit=1200%2C800&ssl=1&resize=700%2C400 2x, https:\/\/i0.wp.com\/noticiasribeiraopreto.com.br\/wp-content\/uploads\/2026\/04\/avenida-nove-de-julho_2025-07-18_19-28-18.webp.webp?fit=1200%2C800&ssl=1&resize=1050%2C600 3x"},"classes":[]},{"id":69608,"url":"https:\/\/noticiasribeiraopreto.com.br\/index.php\/2025\/05\/07\/xico-sa-e-luciana-mello-participam-de-feira-do-livro-na-regiao-de-ribeirao-preto\/","url_meta":{"origin":74403,"position":3},"title":"Xico S\u00e1 e Luciana Mello participam de feira do livro na regi\u00e3o de Ribeir\u00e3o Preto","author":"noticiasribeiraopreto.com.br","date":"7 de May de 2025","format":false,"excerpt":"Entre os dias 8 e 11 de maio, Guar\u00e1, cidade na regi\u00e3o de Ribeir\u00e3o Preto, recebe a 7\u00aa edi\u00e7\u00e3o da Feira do Livro. Neste ano, a obra do escritor e desenhista Mauricio de Sousa \u00e9 homenageada. A programa\u00e7\u00e3o \u00e9 gratuita e acontece na pra\u00e7a Nove de Julho. O evento receber\u00e1\u2026","rel":"","context":"In &quot;Not\u00edcias de Ribeir\u00e3o Preto-SP e Regi\u00e3o&quot;","block_context":{"text":"Not\u00edcias de Ribeir\u00e3o Preto-SP e Regi\u00e3o","link":"https:\/\/noticiasribeiraopreto.com.br\/index.php\/category\/noticias-de-ribeirao-preto-sp-e-regiao-ismael-colosi\/"},"img":{"alt_text":"","src":"https:\/\/i0.wp.com\/noticiasribeiraopreto.com.br\/wp-content\/uploads\/2025\/05\/xico-sa-e-luciana-mello_2025-05-07_14-01-07.webp.webp?fit=1200%2C674&ssl=1&resize=350%2C200","width":350,"height":200,"srcset":"https:\/\/i0.wp.com\/noticiasribeiraopreto.com.br\/wp-content\/uploads\/2025\/05\/xico-sa-e-luciana-mello_2025-05-07_14-01-07.webp.webp?fit=1200%2C674&ssl=1&resize=350%2C200 1x, https:\/\/i0.wp.com\/noticiasribeiraopreto.com.br\/wp-content\/uploads\/2025\/05\/xico-sa-e-luciana-mello_2025-05-07_14-01-07.webp.webp?fit=1200%2C674&ssl=1&resize=525%2C300 1.5x, https:\/\/i0.wp.com\/noticiasribeiraopreto.com.br\/wp-content\/uploads\/2025\/05\/xico-sa-e-luciana-mello_2025-05-07_14-01-07.webp.webp?fit=1200%2C674&ssl=1&resize=700%2C400 2x, https:\/\/i0.wp.com\/noticiasribeiraopreto.com.br\/wp-content\/uploads\/2025\/05\/xico-sa-e-luciana-mello_2025-05-07_14-01-07.webp.webp?fit=1200%2C674&ssl=1&resize=1050%2C600 3x"},"classes":[]},{"id":12331,"url":"https:\/\/noticiasribeiraopreto.com.br\/index.php\/2023\/12\/07\/saiba-o-que-vai-acontecer-com-a-nove-de-julho-apos-rompimento-de-contrato-de-obra\/","url_meta":{"origin":74403,"position":4},"title":"Saiba o que vai acontecer com a Nove de Julho ap\u00f3s rompimento de contrato de obra","author":"noticiasribeiraopreto.com.br","date":"7 de December de 2023","format":false,"excerpt":"O secret\u00e1rio de Obras de Ribeir\u00e3o Preto, Pedro Luiz Pegoraro, disse nesta quinta-feira (7) que a prefeitura deve realizar interven\u00e7\u00f5es no local em que estavam sendo realizadas as obras da avenida Nove de Julho, a partir da pr\u00f3xima semana. Pegoraro participou de reuni\u00e3o da comiss\u00e3o de Obras da C\u00e2mara Municipal\u2026","rel":"","context":"In &quot;Not\u00edcias de Ribeir\u00e3o Preto-SP e Regi\u00e3o&quot;","block_context":{"text":"Not\u00edcias de Ribeir\u00e3o Preto-SP e Regi\u00e3o","link":"https:\/\/noticiasribeiraopreto.com.br\/index.php\/category\/noticias-de-ribeirao-preto-sp-e-regiao-ismael-colosi\/"},"img":{"alt_text":"","src":"https:\/\/i0.wp.com\/noticiasribeiraopreto.com.br\/wp-content\/uploads\/2023\/12\/avenida-nove-de-julho-3.jpeg?fit=1200%2C675&ssl=1&resize=350%2C200","width":350,"height":200,"srcset":"https:\/\/i0.wp.com\/noticiasribeiraopreto.com.br\/wp-content\/uploads\/2023\/12\/avenida-nove-de-julho-3.jpeg?fit=1200%2C675&ssl=1&resize=350%2C200 1x, https:\/\/i0.wp.com\/noticiasribeiraopreto.com.br\/wp-content\/uploads\/2023\/12\/avenida-nove-de-julho-3.jpeg?fit=1200%2C675&ssl=1&resize=525%2C300 1.5x, https:\/\/i0.wp.com\/noticiasribeiraopreto.com.br\/wp-content\/uploads\/2023\/12\/avenida-nove-de-julho-3.jpeg?fit=1200%2C675&ssl=1&resize=700%2C400 2x, https:\/\/i0.wp.com\/noticiasribeiraopreto.com.br\/wp-content\/uploads\/2023\/12\/avenida-nove-de-julho-3.jpeg?fit=1200%2C675&ssl=1&resize=1050%2C600 3x"},"classes":[]},{"id":9054,"url":"https:\/\/noticiasribeiraopreto.com.br\/index.php\/2023\/12\/01\/prefeitura-de-ribeirao-vai-decidir-futuro-da-obra-na-nove-de-julho-semana-que-vem\/","url_meta":{"origin":74403,"position":5},"title":"Prefeitura de Ribeir\u00e3o decide futuro da obra na Nove de Julho semana que vem","author":"noticiasribeiraopreto.com.br","date":"1 de December de 2023","format":false,"excerpt":"A Prefeitura de Ribeir\u00e3o Preto decide na pr\u00f3xima semana o futuro da obra de revitaliza\u00e7\u00e3o da avenida Nove de Julho, alvo de reclama\u00e7\u00f5es de moradores e comerciantes por conta da lentid\u00e3o dos servi\u00e7os. O munic\u00edpio informou que na semana passada notificou a construtora Metropolitana, empresa respons\u00e1vel pelas obras, e cobra\u2026","rel":"","context":"In &quot;Not\u00edcias de Ribeir\u00e3o Preto-SP e Regi\u00e3o&quot;","block_context":{"text":"Not\u00edcias de Ribeir\u00e3o Preto-SP e Regi\u00e3o","link":"https:\/\/noticiasribeiraopreto.com.br\/index.php\/category\/noticias-de-ribeirao-preto-sp-e-regiao-ismael-colosi\/"},"img":{"alt_text":"","src":"https:\/\/i0.wp.com\/noticiasribeiraopreto.com.br\/wp-content\/uploads\/2023\/12\/avenida-nove-de-julho-2.jpeg?fit=1200%2C675&ssl=1&resize=350%2C200","width":350,"height":200,"srcset":"https:\/\/i0.wp.com\/noticiasribeiraopreto.com.br\/wp-content\/uploads\/2023\/12\/avenida-nove-de-julho-2.jpeg?fit=1200%2C675&ssl=1&resize=350%2C200 1x, https:\/\/i0.wp.com\/noticiasribeiraopreto.com.br\/wp-content\/uploads\/2023\/12\/avenida-nove-de-julho-2.jpeg?fit=1200%2C675&ssl=1&resize=525%2C300 1.5x, https:\/\/i0.wp.com\/noticiasribeiraopreto.com.br\/wp-content\/uploads\/2023\/12\/avenida-nove-de-julho-2.jpeg?fit=1200%2C675&ssl=1&resize=700%2C400 2x, https:\/\/i0.wp.com\/noticiasribeiraopreto.com.br\/wp-content\/uploads\/2023\/12\/avenida-nove-de-julho-2.jpeg?fit=1200%2C675&ssl=1&resize=1050%2C600 3x"},"classes":[]}],"jetpack_sharing_enabled":true,"jetpack_shortlink":"https:\/\/wp.me\/peQAOb-jm3","_links":{"self":[{"href":"https:\/\/noticiasribeiraopreto.com.br\/index.php\/wp-json\/wp\/v2\/posts\/74403","targetHints":{"allow":["GET"]}}],"collection":[{"href":"https:\/\/noticiasribeiraopreto.com.br\/index.php\/wp-json\/wp\/v2\/posts"}],"about":[{"href":"https:\/\/noticiasribeiraopreto.com.br\/index.php\/wp-json\/wp\/v2\/types\/post"}],"author":[{"embeddable":true,"href":"https:\/\/noticiasribeiraopreto.com.br\/index.php\/wp-json\/wp\/v2\/users\/1"}],"replies":[{"embeddable":true,"href":"https:\/\/noticiasribeiraopreto.com.br\/index.php\/wp-json\/wp\/v2\/comments?post=74403"}],"version-history":[{"count":0,"href":"https:\/\/noticiasribeiraopreto.com.br\/index.php\/wp-json\/wp\/v2\/posts\/74403\/revisions"}],"wp:featuredmedia":[{"embeddable":true,"href":"https:\/\/noticiasribeiraopreto.com.br\/index.php\/wp-json\/wp\/v2\/media\/74404"}],"wp:attachment":[{"href":"https:\/\/noticiasribeiraopreto.com.br\/index.php\/wp-json\/wp\/v2\/media?parent=74403"}],"wp:term":[{"taxonomy":"category","embeddable":true,"href":"https:\/\/noticiasribeiraopreto.com.br\/index.php\/wp-json\/wp\/v2\/categories?post=74403"},{"taxonomy":"post_tag","embeddable":true,"href":"https:\/\/noticiasribeiraopreto.com.br\/index.php\/wp-json\/wp\/v2\/tags?post=74403"}],"curies":[{"name":"wp","href":"https:\/\/api.w.org\/{rel}","templated":true}]}}