{"id":74407,"date":"2025-07-22T12:22:28","date_gmt":"2025-07-22T15:22:28","guid":{"rendered":"https:\/\/noticiasribeiraopreto.com.br\/index.php\/2025\/07\/22\/moto-vai-parar-embaixo-de-onibus-escolar-em-acidente-assista-ao-video\/"},"modified":"2025-07-22T12:22:28","modified_gmt":"2025-07-22T15:22:28","slug":"moto-vai-parar-embaixo-de-onibus-escolar-em-acidente-assista-ao-video","status":"publish","type":"post","link":"https:\/\/noticiasribeiraopreto.com.br\/index.php\/2025\/07\/22\/moto-vai-parar-embaixo-de-onibus-escolar-em-acidente-assista-ao-video\/","title":{"rendered":"Moto vai parar embaixo de \u00f4nibus escolar em acidente; Assista ao v\u00eddeo"},"content":{"rendered":"<div class='code-block code-block-1' style='margin: 8px 0 8px auto; text-align: right; display: block; clear: both;'>\n<p><a href=\"https:\/\/wa.link\/vpicfd\"><img data-recalc-dims=\"1\" class=\"wp-image-4922\" style=\"aspect-ratio: 2.0253164556962027; width: 561px; height: auto;\" src=\"https:\/\/i0.wp.com\/ismaelcolosi.com.br\/wp-content\/uploads\/2023\/11\/grupo-de-empregos-whatsapp-e-facebook-ismael-colosi-vagas.jpg?ssl=1\" alt=\"\" \/><\/a><\/p>\n<!-- \/wp:image -->\n<\/div>\n<p> <br \/>\n<\/p>\n<div data-td-block-uid=\"tdi_95\">\n<div class=\"tdb-block-inner td-fix-index\">\n<p><strong>Uma moto foi parar embaixo de um \u00f4nibus escolar em um acidente na manh\u00e3 desta ter\u00e7a-feira (22), na avenida Vereador Jos\u00e9 Granzotti, em Franca, a 80 quil\u00f4metros de Ribeir\u00e3o Preto.<\/strong> <strong>Assista <\/strong>ao <strong>v\u00eddeo <\/strong>abaixo.<\/p>\n<p>Segundo as informa\u00e7\u00f5es, o <strong>motociclista<\/strong>, de <strong>28 anos<\/strong>, sofreu <strong>ferimentos leves<\/strong>. O <strong>\u00f4nibus<\/strong>, de <strong>Patroc\u00ednio Paulista<\/strong>, transportava <strong>crian\u00e7a<\/strong>. <strong>Nenhum ocupante <\/strong>do ve\u00edculo se <strong>feriu<\/strong>.<\/p>\n<p>Ainda conforme as informa\u00e7\u00f5es, o motorista do \u00f4nibus tentava realizar uma convers\u00e3o na via, quando houve a colis\u00e3o com a moto.<\/p>\n<p>A PM (Pol\u00edcia Militar) constatou que a moto est\u00e1 com o licenciamento vencido e que o seu condutor n\u00e3o possui carteira de habilita\u00e7\u00e3o.<\/p>\n<p>As causas ainda dever\u00e3o ser apuradas.<\/p>\n<blockquote class=\"instagram-media\" data-instgrm-permalink=\"https:\/\/www.instagram.com\/reel\/DMaeydHOLLW\/?utm_source=ig_embed&amp;utm_campaign=loading\" data-instgrm-version=\"14\" style=\"background:#FFF;border:0;border-radius:3px;margin: 1px;max-width:540px;min-width:326px;padding:0;width:99.375%;width:-webkit-calc(100% - 2px);width:calc(100% - 2px)\"\/>\n<p>SAIBA MAIS<\/p>\n<p>Motociclista de 64 anos morre tr\u00eas dias ap\u00f3s sofrer acidente<\/p>\n<h2 class=\"wp-block-heading\"><strong>FIQUE ON<\/strong><\/h2>\n<p>Quer ficar por dentro de tudo que acontece em Ribeir\u00e3o Preto e regi\u00e3o? Ent\u00e3o siga os perfis do\u202facidade on\u202fno\u202f<a href=\"https:\/\/www.instagram.com\/acidadeonribeirao\" target=\"_blank\" rel=\"noreferrer noopener\">Instagram<\/a>\u202fe no\u202f<a href=\"https:\/\/www.facebook.com\/acidadeonribeirao\/\" target=\"_blank\" rel=\"noreferrer noopener\">Facebook<\/a>.<\/p>\n<p>Al\u00e9m disso, voc\u00ea pode receber as principais not\u00edcias diretamente no WhatsApp. Para isso, basta\u00a0<a href=\"https:\/\/chat.whatsapp.com\/BjKQZ9oJwlz8VVT50NuePq\" target=\"_blank\" rel=\"noreferrer noopener\">entrar no grupo clicando aqui<\/a>.<\/p>\n<p>Por fim, se quiser fazer uma den\u00fancia ou sugerir uma reportagem sobre Ribeir\u00e3o Preto e regi\u00e3o, envie uma mensagem pelo WhatsApp: (16) 99117-7802.<\/p>\n<p>VEJA TAMB\u00c9M<\/p>\n<p>Quem \u00e9 o dono do GPS usado no Brasil?<\/p>\n<p><!-- AI CONTENT END 1 -->\n<\/div>\n<\/div>\n<p><script async src=\"\/\/www.instagram.com\/embed.js\"><\/script><br \/>\n<br \/><br \/>\n<br \/><a href=\"https:\/\/www.acidadeon.com\/ribeiraopreto\/cotidiano\/moto-vai-parar-embaixo-de-onibus-escolar-em-acidente\/\">Source link <\/a><\/p>\n<!-- CONTENT END 1 -->\n","protected":false},"excerpt":{"rendered":"<p>Uma moto foi parar embaixo de um \u00f4nibus escolar em um acidente na manh\u00e3 desta ter\u00e7a-feira (22), na avenida Vereador Jos\u00e9 Granzotti, em Franca, a&#8230;<\/p>\n","protected":false},"author":1,"featured_media":74408,"comment_status":"open","ping_status":"open","sticky":false,"template":"","format":"standard","meta":{"advanced_seo_description":"","jetpack_seo_html_title":"","jetpack_seo_noindex":false,"jetpack_post_was_ever_published":false,"_jetpack_newsletter_access":"","_jetpack_dont_email_post_to_subs":false,"_jetpack_newsletter_tier_id":0,"_jetpack_memberships_contains_paywalled_content":false,"_jetpack_memberships_contains_paid_content":false,"footnotes":"","jetpack_publicize_message":"","jetpack_publicize_feature_enabled":true,"jetpack_social_post_already_shared":true,"jetpack_social_options":{"image_generator_settings":{"template":"highway","default_image_id":0,"font":"","enabled":false},"version":2}},"categories":[11],"tags":[],"class_list":["post-74407","post","type-post","status-publish","format-standard","has-post-thumbnail","hentry","category-noticias-de-ribeirao-preto-sp-e-regiao-ismael-colosi"],"jetpack_publicize_connections":[],"jetpack_featured_media_url":"https:\/\/i0.wp.com\/noticiasribeiraopreto.com.br\/wp-content\/uploads\/2025\/07\/ONIBUS_2025-07-22_14-12-45.webp.webp?fit=1200%2C655&ssl=1","jetpack-related-posts":[{"id":50859,"url":"https:\/\/noticiasribeiraopreto.com.br\/index.php\/2024\/05\/20\/moto-vai-parar-embaixo-de-onibus-em-acidente-na-avenida-francisco-junqueira-em-ribeirao\/","url_meta":{"origin":74407,"position":0},"title":"Moto vai parar embaixo de \u00f4nibus em acidente na avenida Francisco Junqueira em Ribeir\u00e3o","author":"noticiasribeiraopreto.com.br","date":"20 de May de 2024","format":false,"excerpt":"Um acidente de tr\u00e2nsito envolveu uma moto e um \u00f4nibus do transporte p\u00fablico na manh\u00e3 desta segunda-feira (20), na avenida Francisco Junqueira, em Ribeir\u00e3o Preto. Parte da moto ficou embaixo do \u00f4nibus, no cruzamento com a rua Visconde de Inha\u00fama. Apesar do susto, n\u00e3o houve registro de feridos. A PM\u2026","rel":"","context":"In &quot;Not\u00edcias de Ribeir\u00e3o Preto-SP e Regi\u00e3o&quot;","block_context":{"text":"Not\u00edcias de Ribeir\u00e3o Preto-SP e Regi\u00e3o","link":"https:\/\/noticiasribeiraopreto.com.br\/index.php\/category\/noticias-de-ribeirao-preto-sp-e-regiao-ismael-colosi\/"},"img":{"alt_text":"","src":"https:\/\/i0.wp.com\/noticiasribeiraopreto.com.br\/wp-content\/uploads\/2024\/05\/ACIDENTE-MOTO-ONIBUS-2_2024-05-20_13-21-01_jpg_2024-05-20_13-21-01.webp.webp?fit=1200%2C773&ssl=1&resize=350%2C200","width":350,"height":200,"srcset":"https:\/\/i0.wp.com\/noticiasribeiraopreto.com.br\/wp-content\/uploads\/2024\/05\/ACIDENTE-MOTO-ONIBUS-2_2024-05-20_13-21-01_jpg_2024-05-20_13-21-01.webp.webp?fit=1200%2C773&ssl=1&resize=350%2C200 1x, https:\/\/i0.wp.com\/noticiasribeiraopreto.com.br\/wp-content\/uploads\/2024\/05\/ACIDENTE-MOTO-ONIBUS-2_2024-05-20_13-21-01_jpg_2024-05-20_13-21-01.webp.webp?fit=1200%2C773&ssl=1&resize=525%2C300 1.5x, https:\/\/i0.wp.com\/noticiasribeiraopreto.com.br\/wp-content\/uploads\/2024\/05\/ACIDENTE-MOTO-ONIBUS-2_2024-05-20_13-21-01_jpg_2024-05-20_13-21-01.webp.webp?fit=1200%2C773&ssl=1&resize=700%2C400 2x, https:\/\/i0.wp.com\/noticiasribeiraopreto.com.br\/wp-content\/uploads\/2024\/05\/ACIDENTE-MOTO-ONIBUS-2_2024-05-20_13-21-01_jpg_2024-05-20_13-21-01.webp.webp?fit=1200%2C773&ssl=1&resize=1050%2C600 3x"},"classes":[]},{"id":72344,"url":"https:\/\/noticiasribeiraopreto.com.br\/index.php\/2025\/06\/16\/moto-vai-parar-embaixo-de-onibus-apos-acidente-em-ribeirao-preto\/","url_meta":{"origin":74407,"position":1},"title":"Moto vai parar embaixo de \u00f4nibus ap\u00f3s acidente em Ribeir\u00e3o Preto","author":"noticiasribeiraopreto.com.br","date":"16 de June de 2025","format":false,"excerpt":"Uma moto ficou embaixo de um \u00f4nibus depois de um acidente na manh\u00e3 desta segunda-feira (16), na Vila Seixas, em Ribeir\u00e3o Preto. A motociclista foi socorrida por uma equipe do Samu, no cruzamento das ruas Campos Salles e Vicente de Carvalho. O seu estado de sa\u00fade, por\u00e9m, n\u00e3o foi informado.\u2026","rel":"","context":"In &quot;Not\u00edcias de Ribeir\u00e3o Preto-SP e Regi\u00e3o&quot;","block_context":{"text":"Not\u00edcias de Ribeir\u00e3o Preto-SP e Regi\u00e3o","link":"https:\/\/noticiasribeiraopreto.com.br\/index.php\/category\/noticias-de-ribeirao-preto-sp-e-regiao-ismael-colosi\/"},"img":{"alt_text":"","src":"https:\/\/i0.wp.com\/noticiasribeiraopreto.com.br\/wp-content\/uploads\/2025\/06\/ACDENTE_2025-06-16_11-39-48.webp.webp?fit=1200%2C766&ssl=1&resize=350%2C200","width":350,"height":200,"srcset":"https:\/\/i0.wp.com\/noticiasribeiraopreto.com.br\/wp-content\/uploads\/2025\/06\/ACDENTE_2025-06-16_11-39-48.webp.webp?fit=1200%2C766&ssl=1&resize=350%2C200 1x, https:\/\/i0.wp.com\/noticiasribeiraopreto.com.br\/wp-content\/uploads\/2025\/06\/ACDENTE_2025-06-16_11-39-48.webp.webp?fit=1200%2C766&ssl=1&resize=525%2C300 1.5x, https:\/\/i0.wp.com\/noticiasribeiraopreto.com.br\/wp-content\/uploads\/2025\/06\/ACDENTE_2025-06-16_11-39-48.webp.webp?fit=1200%2C766&ssl=1&resize=700%2C400 2x, https:\/\/i0.wp.com\/noticiasribeiraopreto.com.br\/wp-content\/uploads\/2025\/06\/ACDENTE_2025-06-16_11-39-48.webp.webp?fit=1200%2C766&ssl=1&resize=1050%2C600 3x"},"classes":[]},{"id":61846,"url":"https:\/\/noticiasribeiraopreto.com.br\/index.php\/2024\/12\/24\/acidente-entre-onibus-e-moto-deixa-uma-mulher-ferida-em-ribeirao-preto\/","url_meta":{"origin":74407,"position":2},"title":"Acidente entre \u00f4nibus e moto deixa uma mulher ferida em Ribeir\u00e3o Preto","author":"noticiasribeiraopreto.com.br","date":"24 de December de 2024","format":false,"excerpt":"Um acidente entre uma moto e um \u00f4nibus deixou uma mulher ferida, na tarde desta ter\u00e7a-feira (24), na avenida Presidente Vargas, em Ribeir\u00e3o Preto. A v\u00edtima estava na garupa da motocicleta. De acordo com a Pol\u00edcia Militar, o \u00f4nibus seguia pela faixa preferencial da avenida quando a motociclista entrou na\u2026","rel":"","context":"In &quot;Not\u00edcias de Ribeir\u00e3o Preto-SP e Regi\u00e3o&quot;","block_context":{"text":"Not\u00edcias de Ribeir\u00e3o Preto-SP e Regi\u00e3o","link":"https:\/\/noticiasribeiraopreto.com.br\/index.php\/category\/noticias-de-ribeirao-preto-sp-e-regiao-ismael-colosi\/"},"img":{"alt_text":"","src":"https:\/\/i0.wp.com\/noticiasribeiraopreto.com.br\/wp-content\/uploads\/2024\/12\/Imagem-do-WhatsApp-de-2024-12-24-as-16.55.01_893cf9b8_2024-12-24_20-10-54_jpg_2024-12-24_20-10-55.webp.webp?fit=1200%2C675&ssl=1&resize=350%2C200","width":350,"height":200,"srcset":"https:\/\/i0.wp.com\/noticiasribeiraopreto.com.br\/wp-content\/uploads\/2024\/12\/Imagem-do-WhatsApp-de-2024-12-24-as-16.55.01_893cf9b8_2024-12-24_20-10-54_jpg_2024-12-24_20-10-55.webp.webp?fit=1200%2C675&ssl=1&resize=350%2C200 1x, https:\/\/i0.wp.com\/noticiasribeiraopreto.com.br\/wp-content\/uploads\/2024\/12\/Imagem-do-WhatsApp-de-2024-12-24-as-16.55.01_893cf9b8_2024-12-24_20-10-54_jpg_2024-12-24_20-10-55.webp.webp?fit=1200%2C675&ssl=1&resize=525%2C300 1.5x, https:\/\/i0.wp.com\/noticiasribeiraopreto.com.br\/wp-content\/uploads\/2024\/12\/Imagem-do-WhatsApp-de-2024-12-24-as-16.55.01_893cf9b8_2024-12-24_20-10-54_jpg_2024-12-24_20-10-55.webp.webp?fit=1200%2C675&ssl=1&resize=700%2C400 2x, https:\/\/i0.wp.com\/noticiasribeiraopreto.com.br\/wp-content\/uploads\/2024\/12\/Imagem-do-WhatsApp-de-2024-12-24-as-16.55.01_893cf9b8_2024-12-24_20-10-54_jpg_2024-12-24_20-10-55.webp.webp?fit=1200%2C675&ssl=1&resize=1050%2C600 3x"},"classes":[]},{"id":50217,"url":"https:\/\/noticiasribeiraopreto.com.br\/index.php\/2024\/05\/15\/acidente-envolvendo-onibus-carro-e-moto-provoca-congestionamento-em-ribeirao\/","url_meta":{"origin":74407,"position":3},"title":"Acidente envolvendo \u00f4nibus, carro e moto provoca congestionamento em Ribeir\u00e3o","author":"noticiasribeiraopreto.com.br","date":"15 de May de 2024","format":false,"excerpt":"Um acidente entre um \u00f4nibus e uma moto provocou um grande congestionamento em Ribeir\u00e3o Preto na manh\u00e3 desta quarta-feira (15). Imagens de c\u00e2mera de seguran\u00e7a mostram o momento que a mota \u00e9 atingida pelo \u00f4nibus, ap\u00f3s desviar de um carro. O acidente aconteceu na avenida Francisco Junqueira, pr\u00f3ximo do cruzamento\u2026","rel":"","context":"In &quot;Not\u00edcias de Ribeir\u00e3o Preto-SP e Regi\u00e3o&quot;","block_context":{"text":"Not\u00edcias de Ribeir\u00e3o Preto-SP e Regi\u00e3o","link":"https:\/\/noticiasribeiraopreto.com.br\/index.php\/category\/noticias-de-ribeirao-preto-sp-e-regiao-ismael-colosi\/"},"img":{"alt_text":"","src":"https:\/\/i0.wp.com\/noticiasribeiraopreto.com.br\/wp-content\/uploads\/2024\/05\/AnyConv.com__acidente-1_2024-05-15_13-31-37.webp.webp?fit=1200%2C975&ssl=1&resize=350%2C200","width":350,"height":200,"srcset":"https:\/\/i0.wp.com\/noticiasribeiraopreto.com.br\/wp-content\/uploads\/2024\/05\/AnyConv.com__acidente-1_2024-05-15_13-31-37.webp.webp?fit=1200%2C975&ssl=1&resize=350%2C200 1x, https:\/\/i0.wp.com\/noticiasribeiraopreto.com.br\/wp-content\/uploads\/2024\/05\/AnyConv.com__acidente-1_2024-05-15_13-31-37.webp.webp?fit=1200%2C975&ssl=1&resize=525%2C300 1.5x, https:\/\/i0.wp.com\/noticiasribeiraopreto.com.br\/wp-content\/uploads\/2024\/05\/AnyConv.com__acidente-1_2024-05-15_13-31-37.webp.webp?fit=1200%2C975&ssl=1&resize=700%2C400 2x, https:\/\/i0.wp.com\/noticiasribeiraopreto.com.br\/wp-content\/uploads\/2024\/05\/AnyConv.com__acidente-1_2024-05-15_13-31-37.webp.webp?fit=1200%2C975&ssl=1&resize=1050%2C600 3x"},"classes":[]},{"id":76593,"url":"https:\/\/noticiasribeiraopreto.com.br\/index.php\/2025\/09\/01\/acidente-entre-moto-e-onibus-deixa-uma-pessoa-ferida-no-centro-de-ribeirao-preto\/","url_meta":{"origin":74407,"position":4},"title":"Acidente entre moto e \u00f4nibus deixa uma pessoa ferida no Centro de Ribeir\u00e3o Preto","author":"noticiasribeiraopreto.com.br","date":"1 de September de 2025","format":false,"excerpt":"Um motociclista ficou ferido na tarde desta segunda-feira (1\u00ba) ao colidir com um \u00f4nibus no Centro de Ribeir\u00e3o Preto. O acidente aconteceu no cruzamento das ruas Cerqueira C\u00e9sar e Duque de Caxias. O Servi\u00e7o de Atendimento M\u00f3vel de Urg\u00eancia (Samu) foi acionado e socorreu a v\u00edtima, que sofreu ferimentos leves.\u2026","rel":"","context":"In &quot;Not\u00edcias de Ribeir\u00e3o Preto-SP e Regi\u00e3o&quot;","block_context":{"text":"Not\u00edcias de Ribeir\u00e3o Preto-SP e Regi\u00e3o","link":"https:\/\/noticiasribeiraopreto.com.br\/index.php\/category\/noticias-de-ribeirao-preto-sp-e-regiao-ismael-colosi\/"},"img":{"alt_text":"","src":"https:\/\/i0.wp.com\/noticiasribeiraopreto.com.br\/wp-content\/uploads\/2025\/09\/Copia-de-Copia-de-Copia-de-TAMANHO-EXATO-PARA-FOTOS-NO-SISTEMA-NOVO-2025-09-01T152739.909_2025-09-01_18-28-49.webp.webp?fit=1200%2C675&ssl=1&resize=350%2C200","width":350,"height":200,"srcset":"https:\/\/i0.wp.com\/noticiasribeiraopreto.com.br\/wp-content\/uploads\/2025\/09\/Copia-de-Copia-de-Copia-de-TAMANHO-EXATO-PARA-FOTOS-NO-SISTEMA-NOVO-2025-09-01T152739.909_2025-09-01_18-28-49.webp.webp?fit=1200%2C675&ssl=1&resize=350%2C200 1x, https:\/\/i0.wp.com\/noticiasribeiraopreto.com.br\/wp-content\/uploads\/2025\/09\/Copia-de-Copia-de-Copia-de-TAMANHO-EXATO-PARA-FOTOS-NO-SISTEMA-NOVO-2025-09-01T152739.909_2025-09-01_18-28-49.webp.webp?fit=1200%2C675&ssl=1&resize=525%2C300 1.5x, https:\/\/i0.wp.com\/noticiasribeiraopreto.com.br\/wp-content\/uploads\/2025\/09\/Copia-de-Copia-de-Copia-de-TAMANHO-EXATO-PARA-FOTOS-NO-SISTEMA-NOVO-2025-09-01T152739.909_2025-09-01_18-28-49.webp.webp?fit=1200%2C675&ssl=1&resize=700%2C400 2x, https:\/\/i0.wp.com\/noticiasribeiraopreto.com.br\/wp-content\/uploads\/2025\/09\/Copia-de-Copia-de-Copia-de-TAMANHO-EXATO-PARA-FOTOS-NO-SISTEMA-NOVO-2025-09-01T152739.909_2025-09-01_18-28-49.webp.webp?fit=1200%2C675&ssl=1&resize=1050%2C600 3x"},"classes":[]},{"id":62445,"url":"https:\/\/noticiasribeiraopreto.com.br\/index.php\/2025\/01\/14\/ex-vereador-da-regiao-de-ribeirao-preto-morre-em-acidente-entre-moto-e-onibus\/","url_meta":{"origin":74407,"position":5},"title":"Ex-vereador da regi\u00e3o de Ribeir\u00e3o Preto morre em acidente entre moto e \u00f4nibus","author":"noticiasribeiraopreto.com.br","date":"14 de January de 2025","format":false,"excerpt":"Pedro Ant\u00f4nio de Freitas, ex-vereador da cidade de Luiz Ant\u00f4nio, na regi\u00e3o de Ribeir\u00e3o Preto, morreu em um acidente na tarde desta ter\u00e7a-feira (14). De acordo com familiares, a v\u00edtima estava de moto, voltando para o trabalho, quando foi atingido por um \u00f4nibus. Pedro Freitas era filiado ao Partido Social\u2026","rel":"","context":"In &quot;Not\u00edcias de Ribeir\u00e3o Preto-SP e Regi\u00e3o&quot;","block_context":{"text":"Not\u00edcias de Ribeir\u00e3o Preto-SP e Regi\u00e3o","link":"https:\/\/noticiasribeiraopreto.com.br\/index.php\/category\/noticias-de-ribeirao-preto-sp-e-regiao-ismael-colosi\/"},"img":{"alt_text":"","src":"https:\/\/i0.wp.com\/noticiasribeiraopreto.com.br\/wp-content\/uploads\/2025\/01\/Copia-de-Copia-de-Copia-de-TAMANHO-EXATO-PARA-FOTOS-NO-SISTEMA-NOVO-2025-01-14T180631.904_2025-01-14_21-08-08_png_2025-01-14_21-08-08.webp.webp?fit=1200%2C675&ssl=1&resize=350%2C200","width":350,"height":200,"srcset":"https:\/\/i0.wp.com\/noticiasribeiraopreto.com.br\/wp-content\/uploads\/2025\/01\/Copia-de-Copia-de-Copia-de-TAMANHO-EXATO-PARA-FOTOS-NO-SISTEMA-NOVO-2025-01-14T180631.904_2025-01-14_21-08-08_png_2025-01-14_21-08-08.webp.webp?fit=1200%2C675&ssl=1&resize=350%2C200 1x, https:\/\/i0.wp.com\/noticiasribeiraopreto.com.br\/wp-content\/uploads\/2025\/01\/Copia-de-Copia-de-Copia-de-TAMANHO-EXATO-PARA-FOTOS-NO-SISTEMA-NOVO-2025-01-14T180631.904_2025-01-14_21-08-08_png_2025-01-14_21-08-08.webp.webp?fit=1200%2C675&ssl=1&resize=525%2C300 1.5x, https:\/\/i0.wp.com\/noticiasribeiraopreto.com.br\/wp-content\/uploads\/2025\/01\/Copia-de-Copia-de-Copia-de-TAMANHO-EXATO-PARA-FOTOS-NO-SISTEMA-NOVO-2025-01-14T180631.904_2025-01-14_21-08-08_png_2025-01-14_21-08-08.webp.webp?fit=1200%2C675&ssl=1&resize=700%2C400 2x, https:\/\/i0.wp.com\/noticiasribeiraopreto.com.br\/wp-content\/uploads\/2025\/01\/Copia-de-Copia-de-Copia-de-TAMANHO-EXATO-PARA-FOTOS-NO-SISTEMA-NOVO-2025-01-14T180631.904_2025-01-14_21-08-08_png_2025-01-14_21-08-08.webp.webp?fit=1200%2C675&ssl=1&resize=1050%2C600 3x"},"classes":[]}],"jetpack_sharing_enabled":true,"jetpack_shortlink":"https:\/\/wp.me\/peQAOb-jm7","_links":{"self":[{"href":"https:\/\/noticiasribeiraopreto.com.br\/index.php\/wp-json\/wp\/v2\/posts\/74407","targetHints":{"allow":["GET"]}}],"collection":[{"href":"https:\/\/noticiasribeiraopreto.com.br\/index.php\/wp-json\/wp\/v2\/posts"}],"about":[{"href":"https:\/\/noticiasribeiraopreto.com.br\/index.php\/wp-json\/wp\/v2\/types\/post"}],"author":[{"embeddable":true,"href":"https:\/\/noticiasribeiraopreto.com.br\/index.php\/wp-json\/wp\/v2\/users\/1"}],"replies":[{"embeddable":true,"href":"https:\/\/noticiasribeiraopreto.com.br\/index.php\/wp-json\/wp\/v2\/comments?post=74407"}],"version-history":[{"count":0,"href":"https:\/\/noticiasribeiraopreto.com.br\/index.php\/wp-json\/wp\/v2\/posts\/74407\/revisions"}],"wp:featuredmedia":[{"embeddable":true,"href":"https:\/\/noticiasribeiraopreto.com.br\/index.php\/wp-json\/wp\/v2\/media\/74408"}],"wp:attachment":[{"href":"https:\/\/noticiasribeiraopreto.com.br\/index.php\/wp-json\/wp\/v2\/media?parent=74407"}],"wp:term":[{"taxonomy":"category","embeddable":true,"href":"https:\/\/noticiasribeiraopreto.com.br\/index.php\/wp-json\/wp\/v2\/categories?post=74407"},{"taxonomy":"post_tag","embeddable":true,"href":"https:\/\/noticiasribeiraopreto.com.br\/index.php\/wp-json\/wp\/v2\/tags?post=74407"}],"curies":[{"name":"wp","href":"https:\/\/api.w.org\/{rel}","templated":true}]}}