{"id":74409,"date":"2025-07-22T12:29:39","date_gmt":"2025-07-22T15:29:39","guid":{"rendered":"https:\/\/noticiasribeiraopreto.com.br\/index.php\/2025\/07\/22\/viva-ribeirao-2025-confira-a-programacao-do-arraia-com-shows-e-dancas-no-fim-de-semana\/"},"modified":"2025-07-22T12:29:39","modified_gmt":"2025-07-22T15:29:39","slug":"viva-ribeirao-2025-confira-a-programacao-do-arraia-com-shows-e-dancas-no-fim-de-semana","status":"publish","type":"post","link":"https:\/\/noticiasribeiraopreto.com.br\/index.php\/2025\/07\/22\/viva-ribeirao-2025-confira-a-programacao-do-arraia-com-shows-e-dancas-no-fim-de-semana\/","title":{"rendered":"Viva Ribeir\u00e3o 2025: Confira a programa\u00e7\u00e3o do arrai\u00e1 com shows e dan\u00e7as no fim de semana"},"content":{"rendered":"<div class='code-block code-block-1' style='margin: 8px 0 8px auto; text-align: right; display: block; clear: both;'>\n<p><a href=\"https:\/\/wa.link\/vpicfd\"><img data-recalc-dims=\"1\" class=\"wp-image-4922\" style=\"aspect-ratio: 2.0253164556962027; width: 561px; height: auto;\" src=\"https:\/\/i0.wp.com\/ismaelcolosi.com.br\/wp-content\/uploads\/2023\/11\/grupo-de-empregos-whatsapp-e-facebook-ismael-colosi-vagas.jpg?ssl=1\" alt=\"\" \/><\/a><\/p>\n<!-- \/wp:image -->\n<\/div>\n<p> <br \/>\n<\/p>\n<div data-td-block-uid=\"tdi_95\">\n<div class=\"tdb-block-inner td-fix-index\">\n<p>O<strong> Arrai\u00e1 Viva Ribeir\u00e3o 2025 <\/strong>acontece no pr\u00f3ximo fim de semana no<strong> Parque Maur\u00edlio Biagi<\/strong>. A festa julina tem entrada gratuita e re\u00fane shows, dan\u00e7as, comidas t\u00edpicas e atra\u00e7\u00f5es para todas as idades. Veja todas as quermesses de <strong>Ribeir\u00e3o Preto <\/strong>no <strong>Rota do Arrai\u00e1<\/strong> (clique aqui).<\/p>\n<p>Al\u00e9m de celebrar a cultura popular, o evento tem car\u00e1ter beneficente. Mais de 12 institui\u00e7\u00f5es filantr\u00f3picas participar\u00e3o com barracas de comidas t\u00edpicas. A festa \u00e9 organizada pelo Fundo Social de Solidariedade e pela Secretaria da Cultura de Ribeir\u00e3o Preto.<\/p>\n<h2 class=\"wp-block-heading\"><strong>Programa\u00e7\u00e3o<\/strong><\/h2>\n<p>O Arrai\u00e1 come\u00e7a na sexta-feira (25), com abertura dos port\u00f5es \u00e0s 18h, quando ser\u00e1 realizada a cerim\u00f4nia de abertura e o show de <strong>Gaby Violeira<\/strong>.<\/p>\n<p>No s\u00e1bado (26), as atividades ter\u00e3o in\u00edcio \u00e0s 14h, com apresenta\u00e7\u00f5es de dan\u00e7a e shows ao longo do dia, encerrando \u00e0s 22h com forr\u00f3.<\/p>\n<p>J\u00e1 no domingo (27), a programa\u00e7\u00e3o come\u00e7a \u00e0s 10h com campeonato de pipa, brincadeiras infantis, gincanas, apresenta\u00e7\u00f5es culturais, coral, quadrilha e shows, encerrando \u00e0s 20h.<\/p>\n<h2 class=\"wp-block-heading\"><strong>Servi\u00e7o<\/strong><\/h2>\n<p><strong>Arrai\u00e1 Viva Ribeir\u00e3o! 2025<br \/>Quando:<\/strong> 25, 26 e 27 de julho de 2025<br \/><strong>Onde: <\/strong>Parque Maur\u00edlio Biagi \u2013 Ribeir\u00e3o Preto<br \/><strong>Entrada:<\/strong> Gratuita<\/p>\n<p><!-- AI CONTENT END 1 -->\n<\/div>\n<\/div>\n<p><br \/>\n<br \/><a href=\"https:\/\/www.acidadeon.com\/ribeiraopreto\/lazer-e-cultura\/viva-ribeirao-2025-confira-a-programacao-do-arraia-com-shows-e-dancas-no-fim-de-semana\/\">Source link <\/a><\/p>\n<!-- CONTENT END 1 -->\n","protected":false},"excerpt":{"rendered":"<p>O Arrai\u00e1 Viva Ribeir\u00e3o 2025 acontece no pr\u00f3ximo fim de semana no Parque Maur\u00edlio Biagi. A festa julina tem entrada gratuita e re\u00fane shows, dan\u00e7as,&#8230;<\/p>\n","protected":false},"author":1,"featured_media":74410,"comment_status":"open","ping_status":"open","sticky":false,"template":"","format":"standard","meta":{"advanced_seo_description":"","jetpack_seo_html_title":"","jetpack_seo_noindex":false,"jetpack_post_was_ever_published":false,"_jetpack_newsletter_access":"","_jetpack_dont_email_post_to_subs":false,"_jetpack_newsletter_tier_id":0,"_jetpack_memberships_contains_paywalled_content":false,"_jetpack_memberships_contains_paid_content":false,"footnotes":"","jetpack_publicize_message":"","jetpack_publicize_feature_enabled":true,"jetpack_social_post_already_shared":true,"jetpack_social_options":{"image_generator_settings":{"template":"highway","default_image_id":0,"font":"","enabled":false},"version":2}},"categories":[11],"tags":[],"class_list":["post-74409","post","type-post","status-publish","format-standard","has-post-thumbnail","hentry","category-noticias-de-ribeirao-preto-sp-e-regiao-ismael-colosi"],"jetpack_publicize_connections":[],"jetpack_featured_media_url":"https:\/\/i0.wp.com\/noticiasribeiraopreto.com.br\/wp-content\/uploads\/2025\/07\/parque-maurilio-biagi_2025-07-22_13-13-00.webp.webp?fit=1200%2C800&ssl=1","jetpack-related-posts":[{"id":74178,"url":"https:\/\/noticiasribeiraopreto.com.br\/index.php\/2025\/07\/17\/centro-de-ribeirao-preto-recebe-arraia-da-acirp-com-comidas-tipicas-e-shows-no-fim-de-semana\/","url_meta":{"origin":74409,"position":0},"title":"Centro de Ribeir\u00e3o Preto recebe arrai\u00e1 da Acirp com comidas t\u00edpicas e shows no fim de semana","author":"noticiasribeiraopreto.com.br","date":"17 de July de 2025","format":false,"excerpt":"A Associa\u00e7\u00e3o Comercial e Industrial de Ribeir\u00e3o Preto (Acirp) realiza a segunda edi\u00e7\u00e3o de seu arrai\u00e1 neste fim de semana, na Pra\u00e7a Carlos Gomes, regi\u00e3o central da cidade. O evento com entrada gratuita ser\u00e1 nesta sexta-feira (18), das 16h \u00e0s 22h, e s\u00e1bado (19), das 11h \u00e0s 20h. Segundo a\u2026","rel":"","context":"In &quot;Not\u00edcias de Ribeir\u00e3o Preto-SP e Regi\u00e3o&quot;","block_context":{"text":"Not\u00edcias de Ribeir\u00e3o Preto-SP e Regi\u00e3o","link":"https:\/\/noticiasribeiraopreto.com.br\/index.php\/category\/noticias-de-ribeirao-preto-sp-e-regiao-ismael-colosi\/"},"img":{"alt_text":"","src":"https:\/\/i0.wp.com\/noticiasribeiraopreto.com.br\/wp-content\/uploads\/2025\/07\/ARRAIA_2025-07-17_14-42-02.webp.webp?fit=1200%2C754&ssl=1&resize=350%2C200","width":350,"height":200,"srcset":"https:\/\/i0.wp.com\/noticiasribeiraopreto.com.br\/wp-content\/uploads\/2025\/07\/ARRAIA_2025-07-17_14-42-02.webp.webp?fit=1200%2C754&ssl=1&resize=350%2C200 1x, https:\/\/i0.wp.com\/noticiasribeiraopreto.com.br\/wp-content\/uploads\/2025\/07\/ARRAIA_2025-07-17_14-42-02.webp.webp?fit=1200%2C754&ssl=1&resize=525%2C300 1.5x, https:\/\/i0.wp.com\/noticiasribeiraopreto.com.br\/wp-content\/uploads\/2025\/07\/ARRAIA_2025-07-17_14-42-02.webp.webp?fit=1200%2C754&ssl=1&resize=700%2C400 2x, https:\/\/i0.wp.com\/noticiasribeiraopreto.com.br\/wp-content\/uploads\/2025\/07\/ARRAIA_2025-07-17_14-42-02.webp.webp?fit=1200%2C754&ssl=1&resize=1050%2C600 3x"},"classes":[]},{"id":68649,"url":"https:\/\/noticiasribeiraopreto.com.br\/index.php\/2025\/04\/27\/vem-ai-o-arraia-mio-di-bao-ribeirao\/","url_meta":{"origin":74409,"position":1},"title":"Vem a\u00ed o Arrai\u00e1 Mi\u00f3 di B\u00e3o Ribeir\u00e3o!\u00a0","author":"noticiasribeiraopreto.com.br","date":"27 de April de 2025","format":false,"excerpt":"A terceira edi\u00e7\u00e3o do \u201cArrai\u00e1 Mi\u00f3 di B\u00e3o \u2013 Ribeir\u00e3o!\u201d promete ainda mais! Sucesso de p\u00fablico e atra\u00e7\u00f5es, a j\u00e1 tradicional festa est\u00e1 de volta e com muitas novidades: uma grade de artistas locais, interven\u00e7\u00f5es art\u00edsticas, comidas e bebidas t\u00edpicas, muitas a\u00e7\u00f5es de solidariedade, e a participa\u00e7\u00e3o de algumas das\u2026","rel":"","context":"In &quot;Not\u00edcias de Ribeir\u00e3o Preto-SP e Regi\u00e3o&quot;","block_context":{"text":"Not\u00edcias de Ribeir\u00e3o Preto-SP e Regi\u00e3o","link":"https:\/\/noticiasribeiraopreto.com.br\/index.php\/category\/noticias-de-ribeirao-preto-sp-e-regiao-ismael-colosi\/"},"img":{"alt_text":"","src":"https:\/\/i0.wp.com\/noticiasribeiraopreto.com.br\/wp-content\/uploads\/2025\/04\/02_Arraia_Mio_Di_Bao_Divulgacao_02-scaled.jpg?fit=800%2C450&ssl=1&resize=350%2C200","width":350,"height":200,"srcset":"https:\/\/i0.wp.com\/noticiasribeiraopreto.com.br\/wp-content\/uploads\/2025\/04\/02_Arraia_Mio_Di_Bao_Divulgacao_02-scaled.jpg?fit=800%2C450&ssl=1&resize=350%2C200 1x, https:\/\/i0.wp.com\/noticiasribeiraopreto.com.br\/wp-content\/uploads\/2025\/04\/02_Arraia_Mio_Di_Bao_Divulgacao_02-scaled.jpg?fit=800%2C450&ssl=1&resize=525%2C300 1.5x, https:\/\/i0.wp.com\/noticiasribeiraopreto.com.br\/wp-content\/uploads\/2025\/04\/02_Arraia_Mio_Di_Bao_Divulgacao_02-scaled.jpg?fit=800%2C450&ssl=1&resize=700%2C400 2x"},"classes":[]},{"id":54394,"url":"https:\/\/noticiasribeiraopreto.com.br\/index.php\/2024\/07\/10\/lar-padre-euclides-em-ribeirao-preto-realiza-arraia-com-comidas-tipicas-e-musica-ao-vivo\/","url_meta":{"origin":74409,"position":2},"title":"Lar Padre Euclides em Ribeir\u00e3o Preto realiza \u2018arrai\u00e1\u2019 com comidas t\u00edpicas e m\u00fasica ao vivo","author":"noticiasribeiraopreto.com.br","date":"10 de July de 2024","format":false,"excerpt":"O Lar Padre Euclides realiza dois dias de \u201carrai\u00e1\u201d com barracas de comidas e bebidas t\u00edpicas, m\u00fasica ao vivo, apresenta\u00e7\u00e3o de dan\u00e7a, bingo e espa\u00e7o kids. O evento, com entrada gratuita, ser\u00e1 nesta sexta-feira (12) e no s\u00e1bado (13), a partir das 17h. Toda renda arrecadada nas vendas das barracas\u2026","rel":"","context":"In &quot;Not\u00edcias de Ribeir\u00e3o Preto-SP e Regi\u00e3o&quot;","block_context":{"text":"Not\u00edcias de Ribeir\u00e3o Preto-SP e Regi\u00e3o","link":"https:\/\/noticiasribeiraopreto.com.br\/index.php\/category\/noticias-de-ribeirao-preto-sp-e-regiao-ismael-colosi\/"},"img":{"alt_text":"","src":"https:\/\/i0.wp.com\/noticiasribeiraopreto.com.br\/wp-content\/uploads\/2024\/07\/festa_junina_1024x576_24062020120510.jpg?fit=1024%2C576&ssl=1&resize=350%2C200","width":350,"height":200,"srcset":"https:\/\/i0.wp.com\/noticiasribeiraopreto.com.br\/wp-content\/uploads\/2024\/07\/festa_junina_1024x576_24062020120510.jpg?fit=1024%2C576&ssl=1&resize=350%2C200 1x, https:\/\/i0.wp.com\/noticiasribeiraopreto.com.br\/wp-content\/uploads\/2024\/07\/festa_junina_1024x576_24062020120510.jpg?fit=1024%2C576&ssl=1&resize=525%2C300 1.5x, https:\/\/i0.wp.com\/noticiasribeiraopreto.com.br\/wp-content\/uploads\/2024\/07\/festa_junina_1024x576_24062020120510.jpg?fit=1024%2C576&ssl=1&resize=700%2C400 2x"},"classes":[]},{"id":72586,"url":"https:\/\/noticiasribeiraopreto.com.br\/index.php\/2025\/06\/18\/arraia-mio-di-bao-anima-ribeirao-no-feriado-de-corpus-christi\/","url_meta":{"origin":74409,"position":3},"title":"Arrai\u00e1 Mi\u00f3 Di B\u00e3o anima Ribeir\u00e3o no feriado de Corpus Christi","author":"noticiasribeiraopreto.com.br","date":"18 de June de 2025","format":false,"excerpt":"18 de junho de 2025 18:0018 de junho de 2025 14:5610 Compartilhar0 O clima de festa continua em Ribeir\u00e3o Preto com o\u00a0Arrai\u00e1 Mi\u00f3 Di B\u00e3o Ribeir\u00e3o, o maior evento junino da regi\u00e3o, que promete agitar tamb\u00e9m o feriado de\u00a0Corpus Christi e anivers\u00e1rio da cidade, nesta quarta-feira, 19 de junho. Al\u00e9m\u2026","rel":"","context":"In &quot;Not\u00edcias de Ribeir\u00e3o Preto-SP e Regi\u00e3o&quot;","block_context":{"text":"Not\u00edcias de Ribeir\u00e3o Preto-SP e Regi\u00e3o","link":"https:\/\/noticiasribeiraopreto.com.br\/index.php\/category\/noticias-de-ribeirao-preto-sp-e-regiao-ismael-colosi\/"},"img":{"alt_text":"","src":"https:\/\/i0.wp.com\/noticiasribeiraopreto.com.br\/wp-content\/uploads\/2025\/06\/ARRAIA-DINO.jpeg?fit=1200%2C814&ssl=1&resize=350%2C200","width":350,"height":200,"srcset":"https:\/\/i0.wp.com\/noticiasribeiraopreto.com.br\/wp-content\/uploads\/2025\/06\/ARRAIA-DINO.jpeg?fit=1200%2C814&ssl=1&resize=350%2C200 1x, https:\/\/i0.wp.com\/noticiasribeiraopreto.com.br\/wp-content\/uploads\/2025\/06\/ARRAIA-DINO.jpeg?fit=1200%2C814&ssl=1&resize=525%2C300 1.5x, https:\/\/i0.wp.com\/noticiasribeiraopreto.com.br\/wp-content\/uploads\/2025\/06\/ARRAIA-DINO.jpeg?fit=1200%2C814&ssl=1&resize=700%2C400 2x, https:\/\/i0.wp.com\/noticiasribeiraopreto.com.br\/wp-content\/uploads\/2025\/06\/ARRAIA-DINO.jpeg?fit=1200%2C814&ssl=1&resize=1050%2C600 3x"},"classes":[]},{"id":72125,"url":"https:\/\/noticiasribeiraopreto.com.br\/index.php\/2025\/06\/13\/forro-e-sertanejo-agitam-o-fim-de-semana-no-arraia-mio-di-bao-ribeirao\/","url_meta":{"origin":74409,"position":4},"title":"Forr\u00f3 e sertanejo agitam o fim de semana no Arrai\u00e1 Mi\u00f3 di B\u00e3o Ribeir\u00e3o","author":"noticiasribeiraopreto.com.br","date":"13 de June de 2025","format":false,"excerpt":"13 de junho de 2025 13:0513 de junho de 2025 13:070 Compartilhar0 O fim de semana est\u00e1 chegando e o Arrai\u00e1 Mi\u00f3 Di B\u00e3o Ribeir\u00e3o traz uma programa\u00e7\u00e3o especial para animar os visitantes da maior festa junina da regi\u00e3o. O grupo Forr\u00f3 100 D\u00f3 se apresentar\u00e1 na sexta-feira, dia 13\u2026","rel":"","context":"In &quot;Not\u00edcias de Ribeir\u00e3o Preto-SP e Regi\u00e3o&quot;","block_context":{"text":"Not\u00edcias de Ribeir\u00e3o Preto-SP e Regi\u00e3o","link":"https:\/\/noticiasribeiraopreto.com.br\/index.php\/category\/noticias-de-ribeirao-preto-sp-e-regiao-ismael-colosi\/"},"img":{"alt_text":"","src":"https:\/\/i0.wp.com\/noticiasribeiraopreto.com.br\/wp-content\/uploads\/2025\/06\/arraia-scaled.jpeg?fit=750%2C500&ssl=1&resize=350%2C200","width":350,"height":200,"srcset":"https:\/\/i0.wp.com\/noticiasribeiraopreto.com.br\/wp-content\/uploads\/2025\/06\/arraia-scaled.jpeg?fit=750%2C500&ssl=1&resize=350%2C200 1x, https:\/\/i0.wp.com\/noticiasribeiraopreto.com.br\/wp-content\/uploads\/2025\/06\/arraia-scaled.jpeg?fit=750%2C500&ssl=1&resize=525%2C300 1.5x, https:\/\/i0.wp.com\/noticiasribeiraopreto.com.br\/wp-content\/uploads\/2025\/06\/arraia-scaled.jpeg?fit=750%2C500&ssl=1&resize=700%2C400 2x"},"classes":[]},{"id":72133,"url":"https:\/\/noticiasribeiraopreto.com.br\/index.php\/2025\/06\/13\/forro-e-sertanejo-agitam-o-fim-de-semana-no-arraia-mio-di-bao-ribeirao-2\/","url_meta":{"origin":74409,"position":5},"title":"Forr\u00f3 e sertanejo agitam o fim de semana no Arrai\u00e1 Mi\u00f3 di B\u00e3o Ribeir\u00e3o","author":"noticiasribeiraopreto.com.br","date":"13 de June de 2025","format":false,"excerpt":"13 de junho de 2025 14:126 Compartilhar0 O fim de semana est\u00e1 chegando e o Arrai\u00e1 Mi\u00f3 Di B\u00e3o Ribeir\u00e3o traz uma programa\u00e7\u00e3o especial para animar os visitantes da maior festa junina da regi\u00e3o. O grupo Forr\u00f3 100 D\u00f3 se apresentar\u00e1 na sexta-feira, dia 13 de junho. No s\u00e1bado, ser\u00e1\u2026","rel":"","context":"In &quot;Not\u00edcias de Ribeir\u00e3o Preto-SP e Regi\u00e3o&quot;","block_context":{"text":"Not\u00edcias de Ribeir\u00e3o Preto-SP e Regi\u00e3o","link":"https:\/\/noticiasribeiraopreto.com.br\/index.php\/category\/noticias-de-ribeirao-preto-sp-e-regiao-ismael-colosi\/"},"img":{"alt_text":"","src":"https:\/\/i0.wp.com\/noticiasribeiraopreto.com.br\/wp-content\/uploads\/2025\/06\/arraia-3-scaled.jpeg?fit=750%2C500&ssl=1&resize=350%2C200","width":350,"height":200,"srcset":"https:\/\/i0.wp.com\/noticiasribeiraopreto.com.br\/wp-content\/uploads\/2025\/06\/arraia-3-scaled.jpeg?fit=750%2C500&ssl=1&resize=350%2C200 1x, https:\/\/i0.wp.com\/noticiasribeiraopreto.com.br\/wp-content\/uploads\/2025\/06\/arraia-3-scaled.jpeg?fit=750%2C500&ssl=1&resize=525%2C300 1.5x, https:\/\/i0.wp.com\/noticiasribeiraopreto.com.br\/wp-content\/uploads\/2025\/06\/arraia-3-scaled.jpeg?fit=750%2C500&ssl=1&resize=700%2C400 2x"},"classes":[]}],"jetpack_sharing_enabled":true,"jetpack_shortlink":"https:\/\/wp.me\/peQAOb-jm9","_links":{"self":[{"href":"https:\/\/noticiasribeiraopreto.com.br\/index.php\/wp-json\/wp\/v2\/posts\/74409","targetHints":{"allow":["GET"]}}],"collection":[{"href":"https:\/\/noticiasribeiraopreto.com.br\/index.php\/wp-json\/wp\/v2\/posts"}],"about":[{"href":"https:\/\/noticiasribeiraopreto.com.br\/index.php\/wp-json\/wp\/v2\/types\/post"}],"author":[{"embeddable":true,"href":"https:\/\/noticiasribeiraopreto.com.br\/index.php\/wp-json\/wp\/v2\/users\/1"}],"replies":[{"embeddable":true,"href":"https:\/\/noticiasribeiraopreto.com.br\/index.php\/wp-json\/wp\/v2\/comments?post=74409"}],"version-history":[{"count":0,"href":"https:\/\/noticiasribeiraopreto.com.br\/index.php\/wp-json\/wp\/v2\/posts\/74409\/revisions"}],"wp:featuredmedia":[{"embeddable":true,"href":"https:\/\/noticiasribeiraopreto.com.br\/index.php\/wp-json\/wp\/v2\/media\/74410"}],"wp:attachment":[{"href":"https:\/\/noticiasribeiraopreto.com.br\/index.php\/wp-json\/wp\/v2\/media?parent=74409"}],"wp:term":[{"taxonomy":"category","embeddable":true,"href":"https:\/\/noticiasribeiraopreto.com.br\/index.php\/wp-json\/wp\/v2\/categories?post=74409"},{"taxonomy":"post_tag","embeddable":true,"href":"https:\/\/noticiasribeiraopreto.com.br\/index.php\/wp-json\/wp\/v2\/tags?post=74409"}],"curies":[{"name":"wp","href":"https:\/\/api.w.org\/{rel}","templated":true}]}}