{"id":74411,"date":"2025-07-22T12:36:46","date_gmt":"2025-07-22T15:36:46","guid":{"rendered":"https:\/\/noticiasribeiraopreto.com.br\/index.php\/2025\/07\/22\/motociclista-de-64-anos-morre-tres-dias-apos-sofrer-acidente\/"},"modified":"2025-07-22T12:36:46","modified_gmt":"2025-07-22T15:36:46","slug":"motociclista-de-64-anos-morre-tres-dias-apos-sofrer-acidente","status":"publish","type":"post","link":"https:\/\/noticiasribeiraopreto.com.br\/index.php\/2025\/07\/22\/motociclista-de-64-anos-morre-tres-dias-apos-sofrer-acidente\/","title":{"rendered":"Motociclista de 64 anos morre tr\u00eas dias ap\u00f3s sofrer acidente"},"content":{"rendered":"<div class='code-block code-block-1' style='margin: 8px 0 8px auto; text-align: right; display: block; clear: both;'>\n<p><a href=\"https:\/\/wa.link\/vpicfd\"><img data-recalc-dims=\"1\" class=\"wp-image-4922\" style=\"aspect-ratio: 2.0253164556962027; width: 561px; height: auto;\" src=\"https:\/\/i0.wp.com\/ismaelcolosi.com.br\/wp-content\/uploads\/2023\/11\/grupo-de-empregos-whatsapp-e-facebook-ismael-colosi-vagas.jpg?ssl=1\" alt=\"\" \/><\/a><\/p>\n<!-- \/wp:image -->\n<\/div>\n<p> <br \/>\n<\/p>\n<div data-td-block-uid=\"tdi_95\">\n<div class=\"tdb-block-inner td-fix-index\">\n<p><strong>Um motociclista de 64 anos morreu nesta segunda-feira (21), em Ribeir\u00e3o Preto, tr\u00eas dias ap\u00f3s sofrer um acidente de moto.<\/strong><\/p>\n<p>Segundo o <strong>boletim de ocorr\u00eancia (BO)<\/strong>, a <strong>v\u00edtima<\/strong>, identificada como <strong>Sergio Antonio Gon\u00e7alves<\/strong>, teria <strong>atropelado <\/strong>um <strong>cachorro <\/strong>na \u00faltima <strong>sexta-feira (18)<\/strong>, quando <strong>caiu <\/strong>da <strong>moto <\/strong>e sofreu <strong>ferimentos <\/strong>pelo corpo, inclusive <strong>traumatismo craniano<\/strong>.<\/p>\n<p>A morte foi comunicada \u00e0 Pol\u00edcia Civil pelo Hospital das Cl\u00ednicas (HC), onde o homem permaneceu internado.<\/p>\n<p>Conforme o BO, n\u00e3o foi localizado o registro policial sobre o acidente, por isso, n\u00e3o h\u00e1 informa\u00e7\u00f5es sobre o local. <\/p>\n<p>O caso foi registrado na CPJ (Central de Pol\u00edcia Judici\u00e1ria) Permanente como morte suspeita e acidental para investiga\u00e7\u00e3o da Pol\u00edcia Civil.<\/p>\n<p>SAIBA MAIS<\/p>\n<p>Acidente entre moto e van deixa v\u00edtima em Ribeir\u00e3o Preto<\/p>\n<h2 class=\"wp-block-heading\"><strong>FIQUE ON<\/strong><\/h2>\n<p>Quer ficar por dentro de tudo que acontece em Ribeir\u00e3o Preto e regi\u00e3o? Ent\u00e3o siga os perfis do\u202facidade on\u202fno\u202f<a href=\"https:\/\/www.instagram.com\/acidadeonribeirao\" target=\"_blank\" rel=\"noreferrer noopener\">Instagram<\/a>\u202fe no\u202f<a href=\"https:\/\/www.facebook.com\/acidadeonribeirao\/\" target=\"_blank\" rel=\"noreferrer noopener\">Facebook<\/a>.<\/p>\n<p>Al\u00e9m disso, voc\u00ea pode receber as principais not\u00edcias diretamente no WhatsApp. Para isso, basta\u00a0<a href=\"https:\/\/chat.whatsapp.com\/BjKQZ9oJwlz8VVT50NuePq\" target=\"_blank\" rel=\"noreferrer noopener\">entrar no grupo clicando aqui<\/a>.<\/p>\n<p>Por fim, se quiser fazer uma den\u00fancia ou sugerir uma reportagem sobre Ribeir\u00e3o Preto e regi\u00e3o, envie uma mensagem pelo WhatsApp: (16) 99117-7802.<\/p>\n<p>VEJA TAMB\u00c9M<\/p>\n<p>Quem \u00e9 o dono do GPS usado no Brasil?<\/p>\n<p><!-- AI CONTENT END 1 -->\n<\/div>\n<\/div>\n<p><script async src=\"\/\/www.instagram.com\/embed.js\"><\/script><br \/>\n<br \/><br \/>\n<br \/><a href=\"https:\/\/www.acidadeon.com\/ribeiraopreto\/cotidiano\/motociclista-de-64-anos-morre-tres-dias-apos-sofrer-acidente\/\">Source link <\/a><\/p>\n<!-- CONTENT END 1 -->\n","protected":false},"excerpt":{"rendered":"<p>Um motociclista de 64 anos morreu nesta segunda-feira (21), em Ribeir\u00e3o Preto, tr\u00eas dias ap\u00f3s sofrer um acidente de moto. Segundo o boletim de ocorr\u00eancia&#8230;<\/p>\n","protected":false},"author":1,"featured_media":74412,"comment_status":"open","ping_status":"open","sticky":false,"template":"","format":"standard","meta":{"advanced_seo_description":"","jetpack_seo_html_title":"","jetpack_seo_noindex":false,"jetpack_post_was_ever_published":false,"_jetpack_newsletter_access":"","_jetpack_dont_email_post_to_subs":false,"_jetpack_newsletter_tier_id":0,"_jetpack_memberships_contains_paywalled_content":false,"_jetpack_memberships_contains_paid_content":false,"footnotes":"","jetpack_publicize_message":"","jetpack_publicize_feature_enabled":true,"jetpack_social_post_already_shared":true,"jetpack_social_options":{"image_generator_settings":{"template":"highway","default_image_id":0,"font":"","enabled":false},"version":2}},"categories":[11],"tags":[],"class_list":["post-74411","post","type-post","status-publish","format-standard","has-post-thumbnail","hentry","category-noticias-de-ribeirao-preto-sp-e-regiao-ismael-colosi"],"jetpack_publicize_connections":[],"jetpack_featured_media_url":"https:\/\/i0.wp.com\/noticiasribeiraopreto.com.br\/wp-content\/uploads\/2025\/07\/1753198606_cpj_policia_1024x576_21012021082231.jpg?fit=1024%2C576&ssl=1","jetpack-related-posts":[{"id":72948,"url":"https:\/\/noticiasribeiraopreto.com.br\/index.php\/2025\/06\/23\/motociclista-morre-apos-sofrer-acidente-e-ficar-10-dias-internado-em-ribeirao-preto\/","url_meta":{"origin":74411,"position":0},"title":"Motociclista morre ap\u00f3s sofrer acidente e ficar 10 dias internado em Ribeir\u00e3o Preto","author":"noticiasribeiraopreto.com.br","date":"23 de June de 2025","format":false,"excerpt":"Um motociclista de 59 anos morreu na \u00faltima sexta-feira (20), depois de sofrer um acidente na \u00faltima dia 10 de junho e permanecer internado em Ribeir\u00e3o Preto. Segundo o boletim de ocorr\u00eancia (BO), Douglas de Toledo foi socorrido ap\u00f3s se envolver em uma colis\u00e3o lateral entre a sua moto e\u2026","rel":"","context":"In &quot;Not\u00edcias de Ribeir\u00e3o Preto-SP e Regi\u00e3o&quot;","block_context":{"text":"Not\u00edcias de Ribeir\u00e3o Preto-SP e Regi\u00e3o","link":"https:\/\/noticiasribeiraopreto.com.br\/index.php\/category\/noticias-de-ribeirao-preto-sp-e-regiao-ismael-colosi\/"},"img":{"alt_text":"","src":"https:\/\/i0.wp.com\/noticiasribeiraopreto.com.br\/wp-content\/uploads\/2025\/06\/1750691639_cpj_policia_1024x576_21012021082231.jpg?fit=1024%2C576&ssl=1&resize=350%2C200","width":350,"height":200,"srcset":"https:\/\/i0.wp.com\/noticiasribeiraopreto.com.br\/wp-content\/uploads\/2025\/06\/1750691639_cpj_policia_1024x576_21012021082231.jpg?fit=1024%2C576&ssl=1&resize=350%2C200 1x, https:\/\/i0.wp.com\/noticiasribeiraopreto.com.br\/wp-content\/uploads\/2025\/06\/1750691639_cpj_policia_1024x576_21012021082231.jpg?fit=1024%2C576&ssl=1&resize=525%2C300 1.5x, https:\/\/i0.wp.com\/noticiasribeiraopreto.com.br\/wp-content\/uploads\/2025\/06\/1750691639_cpj_policia_1024x576_21012021082231.jpg?fit=1024%2C576&ssl=1&resize=700%2C400 2x"},"classes":[]},{"id":78110,"url":"https:\/\/noticiasribeiraopreto.com.br\/index.php\/2025\/10\/02\/motociclista-de-30-anos-morre-em-acidente-na-zona-norte-de-ribeirao-preto\/","url_meta":{"origin":74411,"position":1},"title":"Motociclista de 30 anos morre em acidente na zona Norte de Ribeir\u00e3o Preto","author":"noticiasribeiraopreto.com.br","date":"2 de October de 2025","format":false,"excerpt":"Um motociclista de 30 anos morreu na madrugada desta quinta (2), ao sofrer um acidente na rua Javari, no bairro Ipiranga, zona Norte de Ribeir\u00e3o Preto. Segundo o boletim de ocorr\u00eancia (BO), Afonso Oliveira Fernandes da Silva atingiu o port\u00e3o de uma casa com a moto e morreu ainda no\u2026","rel":"","context":"In &quot;Not\u00edcias de Ribeir\u00e3o Preto-SP e Regi\u00e3o&quot;","block_context":{"text":"Not\u00edcias de Ribeir\u00e3o Preto-SP e Regi\u00e3o","link":"https:\/\/noticiasribeiraopreto.com.br\/index.php\/category\/noticias-de-ribeirao-preto-sp-e-regiao-ismael-colosi\/"},"img":{"alt_text":"","src":"https:\/\/i0.wp.com\/noticiasribeiraopreto.com.br\/wp-content\/uploads\/2025\/10\/WhatsApp-Image-2025-10-02-at-07.59.19_2025-10-02_10-59-45.webp.webp?fit=1200%2C847&ssl=1&resize=350%2C200","width":350,"height":200,"srcset":"https:\/\/i0.wp.com\/noticiasribeiraopreto.com.br\/wp-content\/uploads\/2025\/10\/WhatsApp-Image-2025-10-02-at-07.59.19_2025-10-02_10-59-45.webp.webp?fit=1200%2C847&ssl=1&resize=350%2C200 1x, https:\/\/i0.wp.com\/noticiasribeiraopreto.com.br\/wp-content\/uploads\/2025\/10\/WhatsApp-Image-2025-10-02-at-07.59.19_2025-10-02_10-59-45.webp.webp?fit=1200%2C847&ssl=1&resize=525%2C300 1.5x, https:\/\/i0.wp.com\/noticiasribeiraopreto.com.br\/wp-content\/uploads\/2025\/10\/WhatsApp-Image-2025-10-02-at-07.59.19_2025-10-02_10-59-45.webp.webp?fit=1200%2C847&ssl=1&resize=700%2C400 2x, https:\/\/i0.wp.com\/noticiasribeiraopreto.com.br\/wp-content\/uploads\/2025\/10\/WhatsApp-Image-2025-10-02-at-07.59.19_2025-10-02_10-59-45.webp.webp?fit=1200%2C847&ssl=1&resize=1050%2C600 3x"},"classes":[]},{"id":58333,"url":"https:\/\/noticiasribeiraopreto.com.br\/index.php\/2024\/09\/25\/homem-de-46-anos-morre-em-ribeirao-apos-sofrer-acidente-de-moto\/","url_meta":{"origin":74411,"position":2},"title":"Homem de 46 anos morre em Ribeir\u00e3o ap\u00f3s sofrer acidente de moto","author":"noticiasribeiraopreto.com.br","date":"25 de September de 2024","format":false,"excerpt":"Um homem de 46 anos morreu nesta ter\u00e7a-feira (24), em Ribeir\u00e3o Preto, depois de sofrer um acidente de moto. Segundo o boletim de ocorr\u00eancia (BO), a v\u00edtima, identificada como Marco Junio Leoncini, estava internada no Hospital das Cl\u00ednicas \u2013 Unidade de Emerg\u00eancia (HC-UE), onde passou por cirurgias, mas n\u00e3o resistiu.\u2026","rel":"","context":"In &quot;Not\u00edcias de Ribeir\u00e3o Preto-SP e Regi\u00e3o&quot;","block_context":{"text":"Not\u00edcias de Ribeir\u00e3o Preto-SP e Regi\u00e3o","link":"https:\/\/noticiasribeiraopreto.com.br\/index.php\/category\/noticias-de-ribeirao-preto-sp-e-regiao-ismael-colosi\/"},"img":{"alt_text":"","src":"https:\/\/i0.wp.com\/noticiasribeiraopreto.com.br\/wp-content\/uploads\/2024\/09\/1727267101_cpj_policia_1200x675_30012022162443.jpg?fit=1200%2C675&ssl=1&resize=350%2C200","width":350,"height":200,"srcset":"https:\/\/i0.wp.com\/noticiasribeiraopreto.com.br\/wp-content\/uploads\/2024\/09\/1727267101_cpj_policia_1200x675_30012022162443.jpg?fit=1200%2C675&ssl=1&resize=350%2C200 1x, https:\/\/i0.wp.com\/noticiasribeiraopreto.com.br\/wp-content\/uploads\/2024\/09\/1727267101_cpj_policia_1200x675_30012022162443.jpg?fit=1200%2C675&ssl=1&resize=525%2C300 1.5x, https:\/\/i0.wp.com\/noticiasribeiraopreto.com.br\/wp-content\/uploads\/2024\/09\/1727267101_cpj_policia_1200x675_30012022162443.jpg?fit=1200%2C675&ssl=1&resize=700%2C400 2x, https:\/\/i0.wp.com\/noticiasribeiraopreto.com.br\/wp-content\/uploads\/2024\/09\/1727267101_cpj_policia_1200x675_30012022162443.jpg?fit=1200%2C675&ssl=1&resize=1050%2C600 3x"},"classes":[]},{"id":65208,"url":"https:\/\/noticiasribeiraopreto.com.br\/index.php\/2025\/03\/17\/identificado-motociclista-morto-apos-sofrer-batida-cair-e-ser-atropelado-no-anel-viario-sul\/","url_meta":{"origin":74411,"position":3},"title":"Identificado motociclista morto ap\u00f3s sofrer batida, cair e ser atropelado no Anel Vi\u00e1rio Sul","author":"noticiasribeiraopreto.com.br","date":"17 de March de 2025","format":false,"excerpt":"A Pol\u00edcia Civil identificou o motociclista morto na noite deste domingo (16), depois de ter a moto atingida na traseira por um ve\u00edculo, cair e ser atropelado por um carro que vinha atr\u00e1s no Anel Vi\u00e1rio\u00a0Sul\u00a0(rodovia Ant\u00f4nio\u00a0Duarte Nogueira, SP-322), em Ribeir\u00e3o Preto. A moto foi arrastada por sete quil\u00f4metros pelo\u2026","rel":"","context":"In &quot;Not\u00edcias de Ribeir\u00e3o Preto-SP e Regi\u00e3o&quot;","block_context":{"text":"Not\u00edcias de Ribeir\u00e3o Preto-SP e Regi\u00e3o","link":"https:\/\/noticiasribeiraopreto.com.br\/index.php\/category\/noticias-de-ribeirao-preto-sp-e-regiao-ismael-colosi\/"},"img":{"alt_text":"","src":"https:\/\/i0.wp.com\/noticiasribeiraopreto.com.br\/wp-content\/uploads\/2025\/03\/REGIS_2025-03-17_14-45-14_jpg_2025-03-17_14-45-15.webp.webp?fit=1200%2C711&ssl=1&resize=350%2C200","width":350,"height":200,"srcset":"https:\/\/i0.wp.com\/noticiasribeiraopreto.com.br\/wp-content\/uploads\/2025\/03\/REGIS_2025-03-17_14-45-14_jpg_2025-03-17_14-45-15.webp.webp?fit=1200%2C711&ssl=1&resize=350%2C200 1x, https:\/\/i0.wp.com\/noticiasribeiraopreto.com.br\/wp-content\/uploads\/2025\/03\/REGIS_2025-03-17_14-45-14_jpg_2025-03-17_14-45-15.webp.webp?fit=1200%2C711&ssl=1&resize=525%2C300 1.5x, https:\/\/i0.wp.com\/noticiasribeiraopreto.com.br\/wp-content\/uploads\/2025\/03\/REGIS_2025-03-17_14-45-14_jpg_2025-03-17_14-45-15.webp.webp?fit=1200%2C711&ssl=1&resize=700%2C400 2x, https:\/\/i0.wp.com\/noticiasribeiraopreto.com.br\/wp-content\/uploads\/2025\/03\/REGIS_2025-03-17_14-45-14_jpg_2025-03-17_14-45-15.webp.webp?fit=1200%2C711&ssl=1&resize=1050%2C600 3x"},"classes":[]},{"id":58832,"url":"https:\/\/noticiasribeiraopreto.com.br\/index.php\/2024\/10\/07\/motociclista-de-27-anos-morre-apos-acidente-na-zona-norte-de-ribeirao\/","url_meta":{"origin":74411,"position":4},"title":"Motociclista de 27 anos morre ap\u00f3s acidente na zona Norte de Ribeir\u00e3o","author":"noticiasribeiraopreto.com.br","date":"7 de October de 2024","format":false,"excerpt":"Um motociclista de 27 anos morreu na tarde deste domingo (6), depois de sofrer um acidente na manh\u00e3 de s\u00e1bado (5), no Jardim J\u00f3quei Clube, zona Norte de Ribeir\u00e3o Preto. Segundo o boletim de ocorr\u00eancia (BO), a v\u00edtima, identificada como Gabriel Godoi Ribeiro da Costa, atingiu uma viga de ferro\u2026","rel":"","context":"In &quot;Not\u00edcias de Ribeir\u00e3o Preto-SP e Regi\u00e3o&quot;","block_context":{"text":"Not\u00edcias de Ribeir\u00e3o Preto-SP e Regi\u00e3o","link":"https:\/\/noticiasribeiraopreto.com.br\/index.php\/category\/noticias-de-ribeirao-preto-sp-e-regiao-ismael-colosi\/"},"img":{"alt_text":"","src":"https:\/\/i0.wp.com\/noticiasribeiraopreto.com.br\/wp-content\/uploads\/2024\/10\/1728303507_cpj_policia_1200x675_30012022162443.jpg?fit=1200%2C675&ssl=1&resize=350%2C200","width":350,"height":200,"srcset":"https:\/\/i0.wp.com\/noticiasribeiraopreto.com.br\/wp-content\/uploads\/2024\/10\/1728303507_cpj_policia_1200x675_30012022162443.jpg?fit=1200%2C675&ssl=1&resize=350%2C200 1x, https:\/\/i0.wp.com\/noticiasribeiraopreto.com.br\/wp-content\/uploads\/2024\/10\/1728303507_cpj_policia_1200x675_30012022162443.jpg?fit=1200%2C675&ssl=1&resize=525%2C300 1.5x, https:\/\/i0.wp.com\/noticiasribeiraopreto.com.br\/wp-content\/uploads\/2024\/10\/1728303507_cpj_policia_1200x675_30012022162443.jpg?fit=1200%2C675&ssl=1&resize=700%2C400 2x, https:\/\/i0.wp.com\/noticiasribeiraopreto.com.br\/wp-content\/uploads\/2024\/10\/1728303507_cpj_policia_1200x675_30012022162443.jpg?fit=1200%2C675&ssl=1&resize=1050%2C600 3x"},"classes":[]},{"id":47990,"url":"https:\/\/noticiasribeiraopreto.com.br\/index.php\/2024\/04\/30\/identificado-motociclista-morto-apos-batida-contra-poste-em-ribeirao-preto\/","url_meta":{"origin":74411,"position":5},"title":"Identificado motociclista morto ap\u00f3s batida contra poste em Ribeir\u00e3o Preto","author":"noticiasribeiraopreto.com.br","date":"30 de April de 2024","format":false,"excerpt":"A Pol\u00edcia Civil identificou o motociclista que morreu nesta segunda-feira (29), ap\u00f3s atingir um poste com a moto na avenida Maur\u00edlio Biagi, em Ribeir\u00e3o Preto. Segundo o boletim de ocorr\u00eancia (BO), a v\u00edtima, Danilo Henrique da Silva, de 35 anos, atuava como motoboy e morreu ainda no local do acidente,\u2026","rel":"","context":"In &quot;Not\u00edcias de Ribeir\u00e3o Preto-SP e Regi\u00e3o&quot;","block_context":{"text":"Not\u00edcias de Ribeir\u00e3o Preto-SP e Regi\u00e3o","link":"https:\/\/noticiasribeiraopreto.com.br\/index.php\/category\/noticias-de-ribeirao-preto-sp-e-regiao-ismael-colosi\/"},"img":{"alt_text":"","src":"https:\/\/i0.wp.com\/noticiasribeiraopreto.com.br\/wp-content\/uploads\/2024\/04\/ACIDENTE-MOTO-1_2024-04-30_11-37-51_jpg.webp.webp?fit=1200%2C710&ssl=1&resize=350%2C200","width":350,"height":200,"srcset":"https:\/\/i0.wp.com\/noticiasribeiraopreto.com.br\/wp-content\/uploads\/2024\/04\/ACIDENTE-MOTO-1_2024-04-30_11-37-51_jpg.webp.webp?fit=1200%2C710&ssl=1&resize=350%2C200 1x, https:\/\/i0.wp.com\/noticiasribeiraopreto.com.br\/wp-content\/uploads\/2024\/04\/ACIDENTE-MOTO-1_2024-04-30_11-37-51_jpg.webp.webp?fit=1200%2C710&ssl=1&resize=525%2C300 1.5x, https:\/\/i0.wp.com\/noticiasribeiraopreto.com.br\/wp-content\/uploads\/2024\/04\/ACIDENTE-MOTO-1_2024-04-30_11-37-51_jpg.webp.webp?fit=1200%2C710&ssl=1&resize=700%2C400 2x, https:\/\/i0.wp.com\/noticiasribeiraopreto.com.br\/wp-content\/uploads\/2024\/04\/ACIDENTE-MOTO-1_2024-04-30_11-37-51_jpg.webp.webp?fit=1200%2C710&ssl=1&resize=1050%2C600 3x"},"classes":[]}],"jetpack_sharing_enabled":true,"jetpack_shortlink":"https:\/\/wp.me\/peQAOb-jmb","_links":{"self":[{"href":"https:\/\/noticiasribeiraopreto.com.br\/index.php\/wp-json\/wp\/v2\/posts\/74411","targetHints":{"allow":["GET"]}}],"collection":[{"href":"https:\/\/noticiasribeiraopreto.com.br\/index.php\/wp-json\/wp\/v2\/posts"}],"about":[{"href":"https:\/\/noticiasribeiraopreto.com.br\/index.php\/wp-json\/wp\/v2\/types\/post"}],"author":[{"embeddable":true,"href":"https:\/\/noticiasribeiraopreto.com.br\/index.php\/wp-json\/wp\/v2\/users\/1"}],"replies":[{"embeddable":true,"href":"https:\/\/noticiasribeiraopreto.com.br\/index.php\/wp-json\/wp\/v2\/comments?post=74411"}],"version-history":[{"count":0,"href":"https:\/\/noticiasribeiraopreto.com.br\/index.php\/wp-json\/wp\/v2\/posts\/74411\/revisions"}],"wp:featuredmedia":[{"embeddable":true,"href":"https:\/\/noticiasribeiraopreto.com.br\/index.php\/wp-json\/wp\/v2\/media\/74412"}],"wp:attachment":[{"href":"https:\/\/noticiasribeiraopreto.com.br\/index.php\/wp-json\/wp\/v2\/media?parent=74411"}],"wp:term":[{"taxonomy":"category","embeddable":true,"href":"https:\/\/noticiasribeiraopreto.com.br\/index.php\/wp-json\/wp\/v2\/categories?post=74411"},{"taxonomy":"post_tag","embeddable":true,"href":"https:\/\/noticiasribeiraopreto.com.br\/index.php\/wp-json\/wp\/v2\/tags?post=74411"}],"curies":[{"name":"wp","href":"https:\/\/api.w.org\/{rel}","templated":true}]}}