{"id":74415,"date":"2025-07-22T14:07:51","date_gmt":"2025-07-22T17:07:51","guid":{"rendered":"https:\/\/noticiasribeiraopreto.com.br\/index.php\/2025\/07\/22\/rp-entra-em-estado-de-alerta\/"},"modified":"2025-07-22T14:07:51","modified_gmt":"2025-07-22T17:07:51","slug":"rp-entra-em-estado-de-alerta","status":"publish","type":"post","link":"https:\/\/noticiasribeiraopreto.com.br\/index.php\/2025\/07\/22\/rp-entra-em-estado-de-alerta\/","title":{"rendered":"RP entra em estado de alerta"},"content":{"rendered":"<div class='code-block code-block-1' style='margin: 8px 0 8px auto; text-align: right; display: block; clear: both;'>\n<p><a href=\"https:\/\/wa.link\/vpicfd\"><img data-recalc-dims=\"1\" class=\"wp-image-4922\" style=\"aspect-ratio: 2.0253164556962027; width: 561px; height: auto;\" src=\"https:\/\/i0.wp.com\/ismaelcolosi.com.br\/wp-content\/uploads\/2023\/11\/grupo-de-empregos-whatsapp-e-facebook-ismael-colosi-vagas.jpg?ssl=1\" alt=\"\" \/><\/a><\/p>\n<!-- \/wp:image -->\n<\/div>\n<p> <br \/>\n<\/p>\n<div>\n<p>O prefeito Ricardo Silva (PSD) publicou, no Di\u00e1rio Oficial do Munic\u00edpio (DOM) desta segunda-feira, 21 de julho, o decreto n\u00famero 160 que institui estado de alerta em Ribeir\u00e3o Preto devido \u00e0 estiagem. A medida vale at\u00e9 30 de setembro, mas pode ser prorrogada.<\/p>\n<p>No decreto, o chefe do Executivo cita que a Defesa Civil Municipal, a Guarda Civil Metropolitana (GCM) e o Departamento de Fiscaliza\u00e7\u00e3o Geral \u2013 vinculados \u00e0 Secretaria de Justi\u00e7a de Ribeir\u00e3o Preto \u2013 v\u00e3o atuar preventivamente para evitar focos de inc\u00eandio na cidade.<\/p>\n<p>Al\u00e9m das atividades fiscalizat\u00f3rias para coibir pr\u00e1ticas que propaguem o uso indevido do fogo, v\u00e3o prestar socorro e assist\u00eancia, bem como recuperar as \u00e1reas atingidas, destinadas tanto a evitar as consequ\u00eancias danosas de eventos previs\u00edveis, quanto a preservar a moral da popula\u00e7\u00e3o e restabelecer o bem-estar social.<\/p>\n<p>A medida segue as diretrizes do decreto de n\u00ba 69.585, de 5 de junho, do governo estadual, que Institui o S\u00e3o Paulo Sempre Alerta, sobre a\u00e7\u00f5es de preven\u00e7\u00e3o, mitiga\u00e7\u00e3o e resposta aos impactos da estiagem prolongada neste ano.<\/p>\n<p>Cita ainda que a Defesa Civil Estadual estendeu o alerta de risco elevado para inc\u00eandios para todos os munic\u00edpios paulistas e que Ribeir\u00e3o Preto se encontra atualmente no grau vermelho devido \u00e0 amplitude t\u00e9rmica e outras vari\u00e1veis que comp\u00f5e os fatores de riscos.<\/p>\n<p>Na semana passada, a Defesa Civil de S\u00e3o Paulo havia alertado que a umidade relativa do ar atingir\u00e1 n\u00edveis cr\u00edticos e at\u00e9 abaixo dos 30%. A Regi\u00e3o Metropolitana de Ribeir\u00e3o Preto recebeu alerta vermelho da Defesa Civil. No s\u00e1bado (19), Prad\u00f3polis (24%) e Ituverava (25%) apresentaram \u00edndices preocupantes.<\/p>\n<p>Sem previs\u00e3o de chuva, poder\u00e1 atingir n\u00edvel cr\u00edtico em diversas cidades do estado de S\u00e3o Paulo. Essa condi\u00e7\u00e3o est\u00e1 prevista para esta semana. Os n\u00edveis podem ficar abaixo dos 20%, \u00edndice considerado cr\u00edtico pela Organiza\u00e7\u00e3o Mundial da Sa\u00fade (OMS).<\/p>\n<p>Em Ribeir\u00e3o Preto, a umidade relativa do ar deve ficar 31% e 35% at\u00e9 sexta-feira (25) \u2013 33% hoje, 31 na quarta -feira (23), 33% na quinta-feira (24) e 35% na sexta-feira, caindo a 29% no s\u00e1bado (26) e a 24% no domingo (27) devido \u00e0 estiagem t\u00edpica desta \u00e9poca do ano, segundo a Climatempo.<\/p>\n<p>N\u00e3o deve passar de 60% entre o meio e o final das tardes ribeir\u00e3o-pretanas.\u00a0 Segundo a Organiza\u00e7\u00e3o Mundial de Sa\u00fade, quando a umidade relativa do ar fica abaixo de 30% o munic\u00edpio entra em estado de aten\u00e7\u00e3o. Quando o \u00edndice \u00e9 inferior a 20% a situa\u00e7\u00e3o \u00e9 de alerta. Abaixo de 12% j\u00e1 \u00e9 considerado caso de emerg\u00eancia.<\/p>\n<p>Para este ano, a Secretaria de Meio Ambiente, Infraestrutura e Log\u00edstica (Semil) implementou mudan\u00e7as na legisla\u00e7\u00e3o ambiental visando coibir queimadas ilegais. As altera\u00e7\u00f5es estabelecem puni\u00e7\u00f5es mais severas para a utiliza\u00e7\u00e3o irregular do fogo em \u00e1reas rurais.<\/p>\n<p>A principal mudan\u00e7a \u00e9 a cria\u00e7\u00e3o de uma multa espec\u00edfica para propriet\u00e1rios rurais que n\u00e3o adotarem medidas preventivas contra inc\u00eandios florestais, com valores que variam entre R$ 5 mil e R$ 10 milh\u00f5es.<\/p>\n<p>A norma tamb\u00e9m aumenta as penalidades para quem provocar inc\u00eandios em \u00e1reas produtivas ou vegeta\u00e7\u00e3o sem autoriza\u00e7\u00e3o, com multas de R$ 3 mil por hectare atingido, podendo dobrar em casos mais graves, como inc\u00eandios em terras ind\u00edgenas. A legisla\u00e7\u00e3o anterior previa multa de at\u00e9 R$ 1,5 mil por hectare.<\/p>\n<p>Os servidores municipais de Ribeir\u00e3o Preto que trabalham ao ar livre, sob sol forte e o calor escaldante do interior paulista, n\u00e3o podem exercer suas atividades quando a umidade relativa do ar na cidade estiver abaixo dos 20%. A determina\u00e7\u00e3o existe desde 8 de setembro de 2011 e foi institu\u00edda pelo decreto n\u00famero 204 expedido pela ent\u00e3o prefeita D\u00e1rcy Vera (sem partido).<\/p>\n<p>Este cen\u00e1rio pode desencadear complica\u00e7\u00f5es al\u00e9rgicas, respirat\u00f3rias e ressecamento da pele \u00e0s pessoas, al\u00e9m do aumento do potencial de inc\u00eandios.\u00a0 Quando fica abaixo de 20%, atividades ao ar livre devem ser suspensas, como aulas de educa\u00e7\u00e3o f\u00edsica, coleta de lixo e entrega de correspond\u00eancia, entre outras, al\u00e9m de aglomera\u00e7\u00f5es de pessoas em recintos fechados. A orienta\u00e7\u00e3o \u00e9 para beber muita \u00e1gua ou suco natural.<\/p>\n<p>CPFL \u2013 A CPFL Paulista est\u00e1 mobilizada para minimizar os impactos sobre o fornecimento de energia em meio \u00e0s condi\u00e7\u00f5es clim\u00e1ticas que favorecem as queimadas nesta \u00e9poca do ano. Nos \u00faltimos meses, a distribuidora intensificou<\/p>\n<p>o planejamento para a preven\u00e7\u00e3o, detec\u00e7\u00e3o e resposta operacional \u00e0s ocorr\u00eancias pr\u00f3ximas \u00e0 rede el\u00e9trica na regi\u00e3o de Ribeir\u00e3o Preto, onde em 2024 foram registradas 894 interrup\u00e7\u00f5es para clientes relacionadas a focos de inc\u00eandio.<\/p>\n<p>A prepara\u00e7\u00e3o envolve a articula\u00e7\u00e3o conjunta com prefeituras e \u00f3rg\u00e3os p\u00fablicos que atuam no combate ao fogo e no monitoramento de ocorr\u00eancias. A CPFL Energia conta ainda com o apoio de consultorias especializadas, como a Ampere, que auxilia as distribuidoras \u00a0do grupo com solu\u00e7\u00f5es estrat\u00e9gicas baseadas em mapas, previs\u00f5es meteorol\u00f3gicas e an\u00e1lises clim\u00e1ticas.<\/p>\n<p>Entre as a\u00e7\u00f5es desencadeadas pelas concession\u00e1rias est\u00e3o avalia\u00e7\u00f5es para reloca\u00e7\u00e3o de linhas, amplia\u00e7\u00e3o das faixas de seguran\u00e7a, planos para inspe\u00e7\u00e3o e manuten\u00e7\u00e3o de redes e de manejo de vegeta\u00e7\u00e3o espec\u00edficos para as \u00e1reas consideradas cr\u00edticas.<\/p>\n<\/div>\n<p><br \/>\n<br \/><a href=\"https:\/\/www.tribunaribeirao.com.br\/rp-entra-em-estado-de-alerta\/\">Source link <\/a><\/p>\n<!-- CONTENT END 1 -->\n","protected":false},"excerpt":{"rendered":"<p>O prefeito Ricardo Silva (PSD) publicou, no Di\u00e1rio Oficial do Munic\u00edpio (DOM) desta segunda-feira, 21 de julho, o decreto n\u00famero 160 que institui estado de&#8230;<\/p>\n","protected":false},"author":1,"featured_media":74416,"comment_status":"open","ping_status":"open","sticky":false,"template":"","format":"standard","meta":{"advanced_seo_description":"","jetpack_seo_html_title":"","jetpack_seo_noindex":false,"jetpack_post_was_ever_published":false,"_jetpack_newsletter_access":"","_jetpack_dont_email_post_to_subs":false,"_jetpack_newsletter_tier_id":0,"_jetpack_memberships_contains_paywalled_content":false,"_jetpack_memberships_contains_paid_content":false,"footnotes":"","jetpack_publicize_message":"","jetpack_publicize_feature_enabled":true,"jetpack_social_post_already_shared":true,"jetpack_social_options":{"image_generator_settings":{"template":"highway","default_image_id":0,"font":"","enabled":false},"version":2}},"categories":[11],"tags":[],"class_list":["post-74415","post","type-post","status-publish","format-standard","has-post-thumbnail","hentry","category-noticias-de-ribeirao-preto-sp-e-regiao-ismael-colosi"],"jetpack_publicize_connections":[],"jetpack_featured_media_url":"https:\/\/i0.wp.com\/noticiasribeiraopreto.com.br\/wp-content\/uploads\/2025\/07\/QueimaRP-Reproducao-Defesa-Civil-de-Sao-Paulo-scaled.jpg?fit=1200%2C663&ssl=1","jetpack-related-posts":[{"id":74376,"url":"https:\/\/noticiasribeiraopreto.com.br\/index.php\/2025\/07\/21\/prefeitura-de-ribeirao-preto-decreta-estado-de-alerta-veja-o-que-muda\/","url_meta":{"origin":74415,"position":0},"title":"Prefeitura de Ribeir\u00e3o Preto decreta estado de alerta; Veja o que muda","author":"noticiasribeiraopreto.com.br","date":"21 de July de 2025","format":false,"excerpt":"A Prefeitura de Ribeir\u00e3o Preto decretou estado de alerta nesta segunda-feira (21) em raz\u00e3o da estiagem na cidade. O decreto foi assinado pelo prefeito Ricardo Silva (PSD) e publicado no Di\u00e1rio Oficial do Munic\u00edpio. O \u00faltimo registro de chuva em Ribeir\u00e3o Preto aconteceu em 24 de junho. O alerta de\u2026","rel":"","context":"In &quot;Not\u00edcias de Ribeir\u00e3o Preto-SP e Regi\u00e3o&quot;","block_context":{"text":"Not\u00edcias de Ribeir\u00e3o Preto-SP e Regi\u00e3o","link":"https:\/\/noticiasribeiraopreto.com.br\/index.php\/category\/noticias-de-ribeirao-preto-sp-e-regiao-ismael-colosi\/"},"img":{"alt_text":"","src":"https:\/\/i0.wp.com\/noticiasribeiraopreto.com.br\/wp-content\/uploads\/2025\/07\/ribeirao-preto-aerea_2025-03-21_20-24-22_jpg_2025-03-21_20-24-23.webp.webp?fit=1200%2C800&ssl=1&resize=350%2C200","width":350,"height":200,"srcset":"https:\/\/i0.wp.com\/noticiasribeiraopreto.com.br\/wp-content\/uploads\/2025\/07\/ribeirao-preto-aerea_2025-03-21_20-24-22_jpg_2025-03-21_20-24-23.webp.webp?fit=1200%2C800&ssl=1&resize=350%2C200 1x, https:\/\/i0.wp.com\/noticiasribeiraopreto.com.br\/wp-content\/uploads\/2025\/07\/ribeirao-preto-aerea_2025-03-21_20-24-22_jpg_2025-03-21_20-24-23.webp.webp?fit=1200%2C800&ssl=1&resize=525%2C300 1.5x, https:\/\/i0.wp.com\/noticiasribeiraopreto.com.br\/wp-content\/uploads\/2025\/07\/ribeirao-preto-aerea_2025-03-21_20-24-22_jpg_2025-03-21_20-24-23.webp.webp?fit=1200%2C800&ssl=1&resize=700%2C400 2x, https:\/\/i0.wp.com\/noticiasribeiraopreto.com.br\/wp-content\/uploads\/2025\/07\/ribeirao-preto-aerea_2025-03-21_20-24-22_jpg_2025-03-21_20-24-23.webp.webp?fit=1200%2C800&ssl=1&resize=1050%2C600 3x"},"classes":[]},{"id":75990,"url":"https:\/\/noticiasribeiraopreto.com.br\/index.php\/2025\/08\/20\/focos-de-incendio-recuam-73-em-sp\/","url_meta":{"origin":74415,"position":1},"title":"Focos de inc\u00eandio recuam 73% em SP","author":"noticiasribeiraopreto.com.br","date":"20 de August de 2025","format":false,"excerpt":"20 de agosto de 2025 08:2020 de agosto de 2025 07:437 Compartilhar0 A Defesa Civil do Estado registrou uma redu\u00e7\u00e3o significativa nos focos de inc\u00eandio na primeira quinzena de agosto. Entre os dias 1\u00ba e 15, foram contabilizadas 148 ocorr\u00eancias em 2025, ante 548 no mesmo per\u00edodo de 2024, 400\u2026","rel":"","context":"In &quot;Not\u00edcias de Ribeir\u00e3o Preto-SP e Regi\u00e3o&quot;","block_context":{"text":"Not\u00edcias de Ribeir\u00e3o Preto-SP e Regi\u00e3o","link":"https:\/\/noticiasribeiraopreto.com.br\/index.php\/category\/noticias-de-ribeirao-preto-sp-e-regiao-ismael-colosi\/"},"img":{"alt_text":"","src":"https:\/\/i0.wp.com\/noticiasribeiraopreto.com.br\/wp-content\/uploads\/2025\/08\/dc142fb2-b4bc-496d-b9d0-33707dda3c0b-scaled.jpeg?fit=800%2C460&ssl=1&resize=350%2C200","width":350,"height":200,"srcset":"https:\/\/i0.wp.com\/noticiasribeiraopreto.com.br\/wp-content\/uploads\/2025\/08\/dc142fb2-b4bc-496d-b9d0-33707dda3c0b-scaled.jpeg?fit=800%2C460&ssl=1&resize=350%2C200 1x, https:\/\/i0.wp.com\/noticiasribeiraopreto.com.br\/wp-content\/uploads\/2025\/08\/dc142fb2-b4bc-496d-b9d0-33707dda3c0b-scaled.jpeg?fit=800%2C460&ssl=1&resize=525%2C300 1.5x, https:\/\/i0.wp.com\/noticiasribeiraopreto.com.br\/wp-content\/uploads\/2025\/08\/dc142fb2-b4bc-496d-b9d0-33707dda3c0b-scaled.jpeg?fit=800%2C460&ssl=1&resize=700%2C400 2x"},"classes":[]},{"id":3118,"url":"https:\/\/noticiasribeiraopreto.com.br\/index.php\/2023\/11\/17\/sp-anuncia-gabinete-de-crise-apos-alerta-de-ventania-e-tempestade-no-estado\/","url_meta":{"origin":74415,"position":2},"title":"SP anuncia gabinete de crise ap\u00f3s alerta de ventania e tempestade no estado","author":"noticiasribeiraopreto.com.br","date":"17 de November de 2023","format":false,"excerpt":"Ap\u00f3s a Defesa Civil de S\u00e3o Paulo emitir um alerta para ventos fortes e tempestade no Estado entre esta sexta-feira (17) e domingo (19), o governo estadual montou um gabinete de crise. Segundo o \u00f3rg\u00e3o, o calor extremo, a umidade e a passagem de uma frente fria v\u00e3o criar condi\u00e7\u00f5es\u2026","rel":"","context":"In &quot;Not\u00edcias de Ribeir\u00e3o Preto-SP e Regi\u00e3o&quot;","block_context":{"text":"Not\u00edcias de Ribeir\u00e3o Preto-SP e Regi\u00e3o","link":"https:\/\/noticiasribeiraopreto.com.br\/index.php\/category\/noticias-de-ribeirao-preto-sp-e-regiao-ismael-colosi\/"},"img":{"alt_text":"","src":"https:\/\/i0.wp.com\/noticiasribeiraopreto.com.br\/wp-content\/uploads\/2023\/11\/alerta-de-tempestade-1024x576.jpeg?fit=1024%2C576&ssl=1&resize=350%2C200","width":350,"height":200,"srcset":"https:\/\/i0.wp.com\/noticiasribeiraopreto.com.br\/wp-content\/uploads\/2023\/11\/alerta-de-tempestade-1024x576.jpeg?fit=1024%2C576&ssl=1&resize=350%2C200 1x, https:\/\/i0.wp.com\/noticiasribeiraopreto.com.br\/wp-content\/uploads\/2023\/11\/alerta-de-tempestade-1024x576.jpeg?fit=1024%2C576&ssl=1&resize=525%2C300 1.5x, https:\/\/i0.wp.com\/noticiasribeiraopreto.com.br\/wp-content\/uploads\/2023\/11\/alerta-de-tempestade-1024x576.jpeg?fit=1024%2C576&ssl=1&resize=700%2C400 2x"},"classes":[]},{"id":78556,"url":"https:\/\/noticiasribeiraopreto.com.br\/index.php\/2025\/10\/13\/ribeirao-preto-esta-em-atencao-para-chuva-intensa-e-ventos-fortes-veja-previsao\/","url_meta":{"origin":74415,"position":3},"title":"Ribeir\u00e3o Preto est\u00e1 em aten\u00e7\u00e3o para chuva intensa e ventos fortes; Veja previs\u00e3o","author":"noticiasribeiraopreto.com.br","date":"13 de October de 2025","format":false,"excerpt":"O Instituto Nacional de Meteorologia (Inmet) ampliou nesta segunda-feira (13) a \u00e1rea de alerta de \u201cperigo\u201d para tempestades no estado de S\u00e3o Paulo. A nova atualiza\u00e7\u00e3o inclui parte da regi\u00e3o de Ribeir\u00e3o Preto, que agora est\u00e1 entre as \u00e1reas com risco de chuva intensa. De acordo com o Inmet, o\u2026","rel":"","context":"In &quot;Not\u00edcias de Ribeir\u00e3o Preto-SP e Regi\u00e3o&quot;","block_context":{"text":"Not\u00edcias de Ribeir\u00e3o Preto-SP e Regi\u00e3o","link":"https:\/\/noticiasribeiraopreto.com.br\/index.php\/category\/noticias-de-ribeirao-preto-sp-e-regiao-ismael-colosi\/"},"img":{"alt_text":"","src":"https:\/\/i0.wp.com\/noticiasribeiraopreto.com.br\/wp-content\/uploads\/2025\/10\/Copia-de-Copia-de-Copia-de-TAMANHO-EXATO-PARA-FOTOS-NO-SISTEMA-NOVO-2025-10-13T145457.360_2025-10-13_17-55-10.webp.webp?fit=1200%2C675&ssl=1&resize=350%2C200","width":350,"height":200,"srcset":"https:\/\/i0.wp.com\/noticiasribeiraopreto.com.br\/wp-content\/uploads\/2025\/10\/Copia-de-Copia-de-Copia-de-TAMANHO-EXATO-PARA-FOTOS-NO-SISTEMA-NOVO-2025-10-13T145457.360_2025-10-13_17-55-10.webp.webp?fit=1200%2C675&ssl=1&resize=350%2C200 1x, https:\/\/i0.wp.com\/noticiasribeiraopreto.com.br\/wp-content\/uploads\/2025\/10\/Copia-de-Copia-de-Copia-de-TAMANHO-EXATO-PARA-FOTOS-NO-SISTEMA-NOVO-2025-10-13T145457.360_2025-10-13_17-55-10.webp.webp?fit=1200%2C675&ssl=1&resize=525%2C300 1.5x, https:\/\/i0.wp.com\/noticiasribeiraopreto.com.br\/wp-content\/uploads\/2025\/10\/Copia-de-Copia-de-Copia-de-TAMANHO-EXATO-PARA-FOTOS-NO-SISTEMA-NOVO-2025-10-13T145457.360_2025-10-13_17-55-10.webp.webp?fit=1200%2C675&ssl=1&resize=700%2C400 2x, https:\/\/i0.wp.com\/noticiasribeiraopreto.com.br\/wp-content\/uploads\/2025\/10\/Copia-de-Copia-de-Copia-de-TAMANHO-EXATO-PARA-FOTOS-NO-SISTEMA-NOVO-2025-10-13T145457.360_2025-10-13_17-55-10.webp.webp?fit=1200%2C675&ssl=1&resize=1050%2C600 3x"},"classes":[]},{"id":79807,"url":"https:\/\/noticiasribeiraopreto.com.br\/index.php\/2025\/11\/07\/ciclone-avanca-sobre-sp-e-alerta-para-tempestade-e-emitido-confira-as-areas-afetadas\/","url_meta":{"origin":74415,"position":4},"title":"Ciclone avan\u00e7a sobre SP e alerta para tempestade \u00e9 emitido; confira as \u00e1reas afetadas","author":"noticiasribeiraopreto.com.br","date":"7 de November de 2025","format":false,"excerpt":"O Instituto Nacional de Meteorologia (Inmet) emitiu um novo alerta de perigo para tempestades no interior de S\u00e3o Paulo. A forma\u00e7\u00e3o de um ciclone extratropical deve provocar temporais neste fim de semana, com previs\u00e3o de chuva de at\u00e9 100 mil\u00edmetros por dia e risco de granizo. O fen\u00f4meno \u00e9 resultado\u2026","rel":"","context":"In &quot;Not\u00edcias de Ribeir\u00e3o Preto-SP e Regi\u00e3o&quot;","block_context":{"text":"Not\u00edcias de Ribeir\u00e3o Preto-SP e Regi\u00e3o","link":"https:\/\/noticiasribeiraopreto.com.br\/index.php\/category\/noticias-de-ribeirao-preto-sp-e-regiao-ismael-colosi\/"},"img":{"alt_text":"","src":"https:\/\/i0.wp.com\/noticiasribeiraopreto.com.br\/wp-content\/uploads\/2025\/11\/chuva_tempestade_1200x675_28012022180501_2025-11-07_19-55-54.webp.webp?fit=1200%2C675&ssl=1&resize=350%2C200","width":350,"height":200,"srcset":"https:\/\/i0.wp.com\/noticiasribeiraopreto.com.br\/wp-content\/uploads\/2025\/11\/chuva_tempestade_1200x675_28012022180501_2025-11-07_19-55-54.webp.webp?fit=1200%2C675&ssl=1&resize=350%2C200 1x, https:\/\/i0.wp.com\/noticiasribeiraopreto.com.br\/wp-content\/uploads\/2025\/11\/chuva_tempestade_1200x675_28012022180501_2025-11-07_19-55-54.webp.webp?fit=1200%2C675&ssl=1&resize=525%2C300 1.5x, https:\/\/i0.wp.com\/noticiasribeiraopreto.com.br\/wp-content\/uploads\/2025\/11\/chuva_tempestade_1200x675_28012022180501_2025-11-07_19-55-54.webp.webp?fit=1200%2C675&ssl=1&resize=700%2C400 2x, https:\/\/i0.wp.com\/noticiasribeiraopreto.com.br\/wp-content\/uploads\/2025\/11\/chuva_tempestade_1200x675_28012022180501_2025-11-07_19-55-54.webp.webp?fit=1200%2C675&ssl=1&resize=1050%2C600 3x"},"classes":[]},{"id":64922,"url":"https:\/\/noticiasribeiraopreto.com.br\/index.php\/2025\/03\/13\/defesa-civil-emite-alerta-de-tempestades-para-o-estado-de-sao-paulo\/","url_meta":{"origin":74415,"position":5},"title":"Defesa Civil emite alerta de tempestades para o estado de S\u00e3o Paulo","author":"noticiasribeiraopreto.com.br","date":"13 de March de 2025","format":false,"excerpt":"A Defesa Civil do Estado de S\u00e3o Paulo emitiu um boletim alertando para a possibilidade de tempestades em todo o territ\u00f3rio paulista entre esta quinta-feira (13) e domingo (16). O fen\u00f4meno ser\u00e1 influenciado por um sistema meteorol\u00f3gico no Sul do Brasil, que dever\u00e1 impactar o regime de chuvas no estado.\u2026","rel":"","context":"In &quot;Not\u00edcias de Ribeir\u00e3o Preto-SP e Regi\u00e3o&quot;","block_context":{"text":"Not\u00edcias de Ribeir\u00e3o Preto-SP e Regi\u00e3o","link":"https:\/\/noticiasribeiraopreto.com.br\/index.php\/category\/noticias-de-ribeirao-preto-sp-e-regiao-ismael-colosi\/"},"img":{"alt_text":"","src":"https:\/\/i0.wp.com\/noticiasribeiraopreto.com.br\/wp-content\/uploads\/2024\/12\/chuva-ribeirao-preto_2024-12-15_20-55-28_jpeg_2024-12-15_20-55-29.webp.webp?fit=1200%2C900&ssl=1&resize=350%2C200","width":350,"height":200,"srcset":"https:\/\/i0.wp.com\/noticiasribeiraopreto.com.br\/wp-content\/uploads\/2024\/12\/chuva-ribeirao-preto_2024-12-15_20-55-28_jpeg_2024-12-15_20-55-29.webp.webp?fit=1200%2C900&ssl=1&resize=350%2C200 1x, https:\/\/i0.wp.com\/noticiasribeiraopreto.com.br\/wp-content\/uploads\/2024\/12\/chuva-ribeirao-preto_2024-12-15_20-55-28_jpeg_2024-12-15_20-55-29.webp.webp?fit=1200%2C900&ssl=1&resize=525%2C300 1.5x, https:\/\/i0.wp.com\/noticiasribeiraopreto.com.br\/wp-content\/uploads\/2024\/12\/chuva-ribeirao-preto_2024-12-15_20-55-28_jpeg_2024-12-15_20-55-29.webp.webp?fit=1200%2C900&ssl=1&resize=700%2C400 2x, https:\/\/i0.wp.com\/noticiasribeiraopreto.com.br\/wp-content\/uploads\/2024\/12\/chuva-ribeirao-preto_2024-12-15_20-55-28_jpeg_2024-12-15_20-55-29.webp.webp?fit=1200%2C900&ssl=1&resize=1050%2C600 3x"},"classes":[]}],"jetpack_sharing_enabled":true,"jetpack_shortlink":"https:\/\/wp.me\/peQAOb-jmf","_links":{"self":[{"href":"https:\/\/noticiasribeiraopreto.com.br\/index.php\/wp-json\/wp\/v2\/posts\/74415","targetHints":{"allow":["GET"]}}],"collection":[{"href":"https:\/\/noticiasribeiraopreto.com.br\/index.php\/wp-json\/wp\/v2\/posts"}],"about":[{"href":"https:\/\/noticiasribeiraopreto.com.br\/index.php\/wp-json\/wp\/v2\/types\/post"}],"author":[{"embeddable":true,"href":"https:\/\/noticiasribeiraopreto.com.br\/index.php\/wp-json\/wp\/v2\/users\/1"}],"replies":[{"embeddable":true,"href":"https:\/\/noticiasribeiraopreto.com.br\/index.php\/wp-json\/wp\/v2\/comments?post=74415"}],"version-history":[{"count":0,"href":"https:\/\/noticiasribeiraopreto.com.br\/index.php\/wp-json\/wp\/v2\/posts\/74415\/revisions"}],"wp:featuredmedia":[{"embeddable":true,"href":"https:\/\/noticiasribeiraopreto.com.br\/index.php\/wp-json\/wp\/v2\/media\/74416"}],"wp:attachment":[{"href":"https:\/\/noticiasribeiraopreto.com.br\/index.php\/wp-json\/wp\/v2\/media?parent=74415"}],"wp:term":[{"taxonomy":"category","embeddable":true,"href":"https:\/\/noticiasribeiraopreto.com.br\/index.php\/wp-json\/wp\/v2\/categories?post=74415"},{"taxonomy":"post_tag","embeddable":true,"href":"https:\/\/noticiasribeiraopreto.com.br\/index.php\/wp-json\/wp\/v2\/tags?post=74415"}],"curies":[{"name":"wp","href":"https:\/\/api.w.org\/{rel}","templated":true}]}}