{"id":74417,"date":"2025-07-22T15:16:36","date_gmt":"2025-07-22T18:16:36","guid":{"rendered":"https:\/\/noticiasribeiraopreto.com.br\/index.php\/2025\/07\/22\/oktoberfest-ja-tem-data-confirmada-em-ribeirao-preto-veja-quando\/"},"modified":"2025-07-22T15:16:36","modified_gmt":"2025-07-22T18:16:36","slug":"oktoberfest-ja-tem-data-confirmada-em-ribeirao-preto-veja-quando","status":"publish","type":"post","link":"https:\/\/noticiasribeiraopreto.com.br\/index.php\/2025\/07\/22\/oktoberfest-ja-tem-data-confirmada-em-ribeirao-preto-veja-quando\/","title":{"rendered":"Oktoberfest j\u00e1 tem data confirmada em Ribeir\u00e3o Preto; veja quando"},"content":{"rendered":"<div class='code-block code-block-1' style='margin: 8px 0 8px auto; text-align: right; display: block; clear: both;'>\n<p><a href=\"https:\/\/wa.link\/vpicfd\"><img data-recalc-dims=\"1\" class=\"wp-image-4922\" style=\"aspect-ratio: 2.0253164556962027; width: 561px; height: auto;\" src=\"https:\/\/i0.wp.com\/ismaelcolosi.com.br\/wp-content\/uploads\/2023\/11\/grupo-de-empregos-whatsapp-e-facebook-ismael-colosi-vagas.jpg?ssl=1\" alt=\"\" \/><\/a><\/p>\n<!-- \/wp:image -->\n<\/div>\n<p> <br \/>\n<\/p>\n<div data-td-block-uid=\"tdi_95\">\n<div class=\"tdb-block-inner td-fix-index\">\n<p>A <strong>Oktoberfest 2025 em Ribeir\u00e3o Preto<\/strong> j\u00e1 tem data marcada. A festa acontece entre os dias <strong>24 e 28 de setembro<\/strong> e deve reunir milhares de pessoas durante os cinco dias de programa\u00e7\u00e3o. <strong>A entrada ser\u00e1 gratuita.<\/strong><\/p>\n<p><strong>O evento segue o modelo das tradicionais celebra\u00e7\u00f5es alem\u00e3s<\/strong>, com destaque para as dan\u00e7as t\u00edpicas, brincadeiras, m\u00fasica ao vivo e gastronomia. A programa\u00e7\u00e3o musical contempla diversos estilos, como samba, pagode, rock, brasilidades e m\u00fasica tradicional alem\u00e3.<\/p>\n<p>A<strong> Oktoberfest tamb\u00e9m contar\u00e1 com mais de 10 tipos de chope<\/strong>, incluindo r\u00f3tulos artesanais e comerciais, al\u00e9m de pratos t\u00edpicos da Alemanha e op\u00e7\u00f5es populares como hamb\u00farguer, pastel, espetinho e churros.<\/p>\n<p><strong>A organiza\u00e7\u00e3o ainda n\u00e3o confirmou o local nem as atra\u00e7\u00f5es da edi\u00e7\u00e3o deste ano.<\/strong><\/p>\n<hr class=\"wp-block-separator has-alpha-channel-opacity\"\/>\n<p>SAIBA MAIS<\/p>\n<p>24\u00aa Feira Internacional do Livro de Ribeir\u00e3o Preto lan\u00e7a programa\u00e7\u00e3o<\/p>\n<h2 class=\"wp-block-heading\"><strong>FIQUE ON<\/strong><\/h2>\n<p>Quer ficar por dentro de tudo que acontece em Ribeir\u00e3o Preto e regi\u00e3o? Ent\u00e3o siga os perfis do\u202facidade on\u202fno\u202f<a href=\"https:\/\/www.instagram.com\/acidadeonribeirao\" target=\"_blank\" rel=\"noreferrer noopener\">Instagram<\/a>\u202fe no\u202f<a href=\"https:\/\/www.facebook.com\/acidadeonribeirao\/\" target=\"_blank\" rel=\"noreferrer noopener\">Facebook<\/a>.<\/p>\n<p>Al\u00e9m disso, voc\u00ea pode receber as principais not\u00edcias diretamente no WhatsApp. Para isso, basta\u00a0<a href=\"https:\/\/chat.whatsapp.com\/BjKQZ9oJwlz8VVT50NuePq\" target=\"_blank\" rel=\"noreferrer noopener\">entrar no grupo clicando aqui<\/a>. <mark style=\"background-color:#ffffff\" class=\"has-inline-color has-white-color\">, contudo<\/mark><\/p>\n<p>Por fim, se quiser fazer uma den\u00fancia ou sugerir uma reportagem sobre Ribeir\u00e3o Preto e regi\u00e3o, envie uma mensagem pelo WhatsApp: (16) 99117-7802.<mark style=\"background-color:#ffffff\" class=\"has-inline-color has-white-color\"> , contudo<\/mark><\/p>\n<p>VEJA TAMB\u00c9M<\/p>\n<p>Onde ver os locais de provas do concurso da PF?<\/p>\n<p><!-- AI CONTENT END 1 -->\n<\/div>\n<\/div>\n<p><script async src=\"\/\/www.instagram.com\/embed.js\"><\/script><br \/>\n<br \/><br \/>\n<br \/><a href=\"https:\/\/www.acidadeon.com\/ribeiraopreto\/lazer-e-cultura\/oktoberfest-ja-tem-data-confirmada-em-ribeirao-preto-veja-quando\/\">Source link <\/a><\/p>\n<!-- CONTENT END 1 -->\n","protected":false},"excerpt":{"rendered":"<p>A Oktoberfest 2025 em Ribeir\u00e3o Preto j\u00e1 tem data marcada. A festa acontece entre os dias 24 e 28 de setembro e deve reunir milhares&#8230;<\/p>\n","protected":false},"author":1,"featured_media":74418,"comment_status":"open","ping_status":"open","sticky":false,"template":"","format":"standard","meta":{"advanced_seo_description":"","jetpack_seo_html_title":"","jetpack_seo_noindex":false,"jetpack_post_was_ever_published":false,"_jetpack_newsletter_access":"","_jetpack_dont_email_post_to_subs":false,"_jetpack_newsletter_tier_id":0,"_jetpack_memberships_contains_paywalled_content":false,"_jetpack_memberships_contains_paid_content":false,"footnotes":"","jetpack_publicize_message":"","jetpack_publicize_feature_enabled":true,"jetpack_social_post_already_shared":true,"jetpack_social_options":{"image_generator_settings":{"template":"highway","default_image_id":0,"font":"","enabled":false},"version":2}},"categories":[11],"tags":[],"class_list":["post-74417","post","type-post","status-publish","format-standard","has-post-thumbnail","hentry","category-noticias-de-ribeirao-preto-sp-e-regiao-ismael-colosi"],"jetpack_publicize_connections":[],"jetpack_featured_media_url":"https:\/\/i0.wp.com\/noticiasribeiraopreto.com.br\/wp-content\/uploads\/2025\/07\/Copia-de-Copia-de-Copia-de-TAMANHO-EXATO-PARA-FOTOS-NO-SISTEMA-NOVO-13_2024-09-26_13-08-37_jpg_2024-09-26_13-08-37.webp.webp?fit=1200%2C675&ssl=1","jetpack-related-posts":[{"id":76967,"url":"https:\/\/noticiasribeiraopreto.com.br\/index.php\/2025\/09\/09\/oktoberfest-ribeirao-conta-com-musica-ao-vivo-chope-e-entrada-gratuita\/","url_meta":{"origin":74417,"position":0},"title":"Oktoberfest Ribeir\u00e3o conta com m\u00fasica ao vivo, chope e entrada gratuita","author":"noticiasribeiraopreto.com.br","date":"9 de September de 2025","format":false,"excerpt":"Ribeir\u00e3o Preto recebe durante os dias 24 a 28 de setembro mais uma edi\u00e7\u00e3o da Oktoberfest Ribeir\u00e3o, uma das festas mais tradicionais da cultura alem\u00e3. O evento ser\u00e1 realizado no Parque Lu\u00eds Carlos Raya e contar\u00e1 com apresenta\u00e7\u00f5es musicais, gastronomia e chope artesanal. Atra\u00e7\u00f5es Al\u00e9m de entrada gratuita, o Oktoberfest\u2026","rel":"","context":"In &quot;Not\u00edcias de Ribeir\u00e3o Preto-SP e Regi\u00e3o&quot;","block_context":{"text":"Not\u00edcias de Ribeir\u00e3o Preto-SP e Regi\u00e3o","link":"https:\/\/noticiasribeiraopreto.com.br\/index.php\/category\/noticias-de-ribeirao-preto-sp-e-regiao-ismael-colosi\/"},"img":{"alt_text":"","src":"https:\/\/i0.wp.com\/noticiasribeiraopreto.com.br\/wp-content\/uploads\/2025\/09\/Copia-de-Copia-de-Copia-de-TAMANHO-EXATO-PARA-FOTOS-NO-SISTEMA-NOVO-74_2025-09-09_15-04-54.webp.webp?fit=1200%2C675&ssl=1&resize=350%2C200","width":350,"height":200,"srcset":"https:\/\/i0.wp.com\/noticiasribeiraopreto.com.br\/wp-content\/uploads\/2025\/09\/Copia-de-Copia-de-Copia-de-TAMANHO-EXATO-PARA-FOTOS-NO-SISTEMA-NOVO-74_2025-09-09_15-04-54.webp.webp?fit=1200%2C675&ssl=1&resize=350%2C200 1x, https:\/\/i0.wp.com\/noticiasribeiraopreto.com.br\/wp-content\/uploads\/2025\/09\/Copia-de-Copia-de-Copia-de-TAMANHO-EXATO-PARA-FOTOS-NO-SISTEMA-NOVO-74_2025-09-09_15-04-54.webp.webp?fit=1200%2C675&ssl=1&resize=525%2C300 1.5x, https:\/\/i0.wp.com\/noticiasribeiraopreto.com.br\/wp-content\/uploads\/2025\/09\/Copia-de-Copia-de-Copia-de-TAMANHO-EXATO-PARA-FOTOS-NO-SISTEMA-NOVO-74_2025-09-09_15-04-54.webp.webp?fit=1200%2C675&ssl=1&resize=700%2C400 2x, https:\/\/i0.wp.com\/noticiasribeiraopreto.com.br\/wp-content\/uploads\/2025\/09\/Copia-de-Copia-de-Copia-de-TAMANHO-EXATO-PARA-FOTOS-NO-SISTEMA-NOVO-74_2025-09-09_15-04-54.webp.webp?fit=1200%2C675&ssl=1&resize=1050%2C600 3x"},"classes":[]},{"id":77680,"url":"https:\/\/noticiasribeiraopreto.com.br\/index.php\/2025\/09\/23\/oktoberfest-ribeirao-comeca-nesta-semana-com-entrada-gratuita-veja-programacao\/","url_meta":{"origin":74417,"position":1},"title":"Oktoberfest Ribeir\u00e3o come\u00e7a nesta semana com entrada gratuita; Veja programa\u00e7\u00e3o","author":"noticiasribeiraopreto.com.br","date":"23 de September de 2025","format":false,"excerpt":"A tradicional Oktoberfest Ribeir\u00e3o come\u00e7a nesta quarta-feira (24), com entrada gratuita, no Parque Municipal Dr. Lu\u00eds Carlos Raya, na zona Sul Do munic\u00edpio. A festa, inspirada na cultura alem\u00e3, vai at\u00e9 domingo (28) e oferece m\u00fasica, gastronomia t\u00edpica, chope artesanal, dan\u00e7as folcl\u00f3ricas e atra\u00e7\u00f5es para toda a fam\u00edlia \u2013 confira\u2026","rel":"","context":"In &quot;Not\u00edcias de Ribeir\u00e3o Preto-SP e Regi\u00e3o&quot;","block_context":{"text":"Not\u00edcias de Ribeir\u00e3o Preto-SP e Regi\u00e3o","link":"https:\/\/noticiasribeiraopreto.com.br\/index.php\/category\/noticias-de-ribeirao-preto-sp-e-regiao-ismael-colosi\/"},"img":{"alt_text":"","src":"https:\/\/i0.wp.com\/noticiasribeiraopreto.com.br\/wp-content\/uploads\/2025\/09\/Copia-de-Copia-de-Copia-de-TAMANHO-EXATO-PARA-FOTOS-NO-SISTEMA-NOVO-2025-09-23T153604.773_2025-09-23_18-36-10.webp.webp?fit=1200%2C675&ssl=1&resize=350%2C200","width":350,"height":200,"srcset":"https:\/\/i0.wp.com\/noticiasribeiraopreto.com.br\/wp-content\/uploads\/2025\/09\/Copia-de-Copia-de-Copia-de-TAMANHO-EXATO-PARA-FOTOS-NO-SISTEMA-NOVO-2025-09-23T153604.773_2025-09-23_18-36-10.webp.webp?fit=1200%2C675&ssl=1&resize=350%2C200 1x, https:\/\/i0.wp.com\/noticiasribeiraopreto.com.br\/wp-content\/uploads\/2025\/09\/Copia-de-Copia-de-Copia-de-TAMANHO-EXATO-PARA-FOTOS-NO-SISTEMA-NOVO-2025-09-23T153604.773_2025-09-23_18-36-10.webp.webp?fit=1200%2C675&ssl=1&resize=525%2C300 1.5x, https:\/\/i0.wp.com\/noticiasribeiraopreto.com.br\/wp-content\/uploads\/2025\/09\/Copia-de-Copia-de-Copia-de-TAMANHO-EXATO-PARA-FOTOS-NO-SISTEMA-NOVO-2025-09-23T153604.773_2025-09-23_18-36-10.webp.webp?fit=1200%2C675&ssl=1&resize=700%2C400 2x, https:\/\/i0.wp.com\/noticiasribeiraopreto.com.br\/wp-content\/uploads\/2025\/09\/Copia-de-Copia-de-Copia-de-TAMANHO-EXATO-PARA-FOTOS-NO-SISTEMA-NOVO-2025-09-23T153604.773_2025-09-23_18-36-10.webp.webp?fit=1200%2C675&ssl=1&resize=1050%2C600 3x"},"classes":[]},{"id":58393,"url":"https:\/\/noticiasribeiraopreto.com.br\/index.php\/2024\/09\/26\/oktoberfest-comeca-hoje-em-ribeirao-preto-veja-a-programacao\/","url_meta":{"origin":74417,"position":2},"title":"Oktoberfest come\u00e7a hoje em Ribeir\u00e3o Preto; Veja a programa\u00e7\u00e3o","author":"noticiasribeiraopreto.com.br","date":"26 de September de 2024","format":false,"excerpt":"O Oktoberfest Ribeir\u00e3o 2024 come\u00e7a nesta quinta-feira (26), a partir das 16h, e segue at\u00e9 domingo (29) com diversas atividades no Parque Doutor Lu\u00eds Carlos Raya, em Ribeir\u00e3o Preto. A entrada \u00e9 gratuita. A proposta do evento \u00e9 proporcionar uma verdadeira imers\u00e3o no universo alem\u00e3o, com pratos t\u00edpicos e food\u2026","rel":"","context":"In &quot;Not\u00edcias de Ribeir\u00e3o Preto-SP e Regi\u00e3o&quot;","block_context":{"text":"Not\u00edcias de Ribeir\u00e3o Preto-SP e Regi\u00e3o","link":"https:\/\/noticiasribeiraopreto.com.br\/index.php\/category\/noticias-de-ribeirao-preto-sp-e-regiao-ismael-colosi\/"},"img":{"alt_text":"","src":"https:\/\/i0.wp.com\/noticiasribeiraopreto.com.br\/wp-content\/uploads\/2024\/09\/Copia-de-Copia-de-Copia-de-TAMANHO-EXATO-PARA-FOTOS-NO-SISTEMA-NOVO-13_2024-09-26_13-08-37_jpg_2024-09-26_13-08-37.webp.webp?fit=1200%2C675&ssl=1&resize=350%2C200","width":350,"height":200,"srcset":"https:\/\/i0.wp.com\/noticiasribeiraopreto.com.br\/wp-content\/uploads\/2024\/09\/Copia-de-Copia-de-Copia-de-TAMANHO-EXATO-PARA-FOTOS-NO-SISTEMA-NOVO-13_2024-09-26_13-08-37_jpg_2024-09-26_13-08-37.webp.webp?fit=1200%2C675&ssl=1&resize=350%2C200 1x, https:\/\/i0.wp.com\/noticiasribeiraopreto.com.br\/wp-content\/uploads\/2024\/09\/Copia-de-Copia-de-Copia-de-TAMANHO-EXATO-PARA-FOTOS-NO-SISTEMA-NOVO-13_2024-09-26_13-08-37_jpg_2024-09-26_13-08-37.webp.webp?fit=1200%2C675&ssl=1&resize=525%2C300 1.5x, https:\/\/i0.wp.com\/noticiasribeiraopreto.com.br\/wp-content\/uploads\/2024\/09\/Copia-de-Copia-de-Copia-de-TAMANHO-EXATO-PARA-FOTOS-NO-SISTEMA-NOVO-13_2024-09-26_13-08-37_jpg_2024-09-26_13-08-37.webp.webp?fit=1200%2C675&ssl=1&resize=700%2C400 2x, https:\/\/i0.wp.com\/noticiasribeiraopreto.com.br\/wp-content\/uploads\/2024\/09\/Copia-de-Copia-de-Copia-de-TAMANHO-EXATO-PARA-FOTOS-NO-SISTEMA-NOVO-13_2024-09-26_13-08-37_jpg_2024-09-26_13-08-37.webp.webp?fit=1200%2C675&ssl=1&resize=1050%2C600 3x"},"classes":[]},{"id":57398,"url":"https:\/\/noticiasribeiraopreto.com.br\/index.php\/2024\/08\/30\/parque-de-ribeirao-preto-vai-receber-edicao-da-oktoberfest\/","url_meta":{"origin":74417,"position":3},"title":"Parque de Ribeir\u00e3o Preto vai receber edi\u00e7\u00e3o da Oktoberfest","author":"noticiasribeiraopreto.com.br","date":"30 de August de 2024","format":false,"excerpt":"Entre os dias 26 e 29 de setembro, o Parque Municipal Dr. Luis Carlos Raya, na zona Sul de Ribeir\u00e3o Preto, vai receber a edi\u00e7\u00e3o de 2024 da Oktoberfest, estilo de festa cervejeira da cultura alem\u00e3. A entrada no evento ser\u00e1 totalmente gratuita e contar\u00e1 com dan\u00e7as e brincadeiras tradicionais,\u2026","rel":"","context":"In &quot;Not\u00edcias de Ribeir\u00e3o Preto-SP e Regi\u00e3o&quot;","block_context":{"text":"Not\u00edcias de Ribeir\u00e3o Preto-SP e Regi\u00e3o","link":"https:\/\/noticiasribeiraopreto.com.br\/index.php\/category\/noticias-de-ribeirao-preto-sp-e-regiao-ismael-colosi\/"},"img":{"alt_text":"","src":"https:\/\/i0.wp.com\/noticiasribeiraopreto.com.br\/wp-content\/uploads\/2024\/08\/celebration-oktoberfest-with-lots-beer_2024-08-30_18-26-53_jpg_2024-08-30_18-26-53-scaled.webp.webp?fit=1200%2C800&ssl=1&resize=350%2C200","width":350,"height":200,"srcset":"https:\/\/i0.wp.com\/noticiasribeiraopreto.com.br\/wp-content\/uploads\/2024\/08\/celebration-oktoberfest-with-lots-beer_2024-08-30_18-26-53_jpg_2024-08-30_18-26-53-scaled.webp.webp?fit=1200%2C800&ssl=1&resize=350%2C200 1x, https:\/\/i0.wp.com\/noticiasribeiraopreto.com.br\/wp-content\/uploads\/2024\/08\/celebration-oktoberfest-with-lots-beer_2024-08-30_18-26-53_jpg_2024-08-30_18-26-53-scaled.webp.webp?fit=1200%2C800&ssl=1&resize=525%2C300 1.5x, https:\/\/i0.wp.com\/noticiasribeiraopreto.com.br\/wp-content\/uploads\/2024\/08\/celebration-oktoberfest-with-lots-beer_2024-08-30_18-26-53_jpg_2024-08-30_18-26-53-scaled.webp.webp?fit=1200%2C800&ssl=1&resize=700%2C400 2x, https:\/\/i0.wp.com\/noticiasribeiraopreto.com.br\/wp-content\/uploads\/2024\/08\/celebration-oktoberfest-with-lots-beer_2024-08-30_18-26-53_jpg_2024-08-30_18-26-53-scaled.webp.webp?fit=1200%2C800&ssl=1&resize=1050%2C600 3x"},"classes":[]},{"id":58272,"url":"https:\/\/noticiasribeiraopreto.com.br\/index.php\/2024\/09\/23\/parque-de-ribeirao-preto-recebe-oktoberfest-nesta-semana\/","url_meta":{"origin":74417,"position":4},"title":"Parque de Ribeir\u00e3o Preto recebe \u2018Oktoberfest\u2019 nesta semana","author":"noticiasribeiraopreto.com.br","date":"23 de September de 2024","format":false,"excerpt":"A partir desta quinta-feira (26) at\u00e9 o domingo (29), o Parque Doutor Lu\u00eds Carlos Raya, em Ribeir\u00e3o Preto, recebe a Oktoberfest Ribeir\u00e3o 2024. A entrada \u00e9 gratuita. Na quinta (26) e sexta-feira (27) o evento come\u00e7a \u00e0s 16h, e, no s\u00e1bado (28) e no domingo (29), o in\u00edcio \u00e9 mais\u2026","rel":"","context":"In &quot;Not\u00edcias de Ribeir\u00e3o Preto-SP e Regi\u00e3o&quot;","block_context":{"text":"Not\u00edcias de Ribeir\u00e3o Preto-SP e Regi\u00e3o","link":"https:\/\/noticiasribeiraopreto.com.br\/index.php\/category\/noticias-de-ribeirao-preto-sp-e-regiao-ismael-colosi\/"},"img":{"alt_text":"","src":"https:\/\/i0.wp.com\/noticiasribeiraopreto.com.br\/wp-content\/uploads\/2024\/09\/img_20230525_101645713-scaled.jpg?fit=1200%2C675&ssl=1&resize=350%2C200","width":350,"height":200,"srcset":"https:\/\/i0.wp.com\/noticiasribeiraopreto.com.br\/wp-content\/uploads\/2024\/09\/img_20230525_101645713-scaled.jpg?fit=1200%2C675&ssl=1&resize=350%2C200 1x, https:\/\/i0.wp.com\/noticiasribeiraopreto.com.br\/wp-content\/uploads\/2024\/09\/img_20230525_101645713-scaled.jpg?fit=1200%2C675&ssl=1&resize=525%2C300 1.5x, https:\/\/i0.wp.com\/noticiasribeiraopreto.com.br\/wp-content\/uploads\/2024\/09\/img_20230525_101645713-scaled.jpg?fit=1200%2C675&ssl=1&resize=700%2C400 2x, https:\/\/i0.wp.com\/noticiasribeiraopreto.com.br\/wp-content\/uploads\/2024\/09\/img_20230525_101645713-scaled.jpg?fit=1200%2C675&ssl=1&resize=1050%2C600 3x"},"classes":[]},{"id":79213,"url":"https:\/\/noticiasribeiraopreto.com.br\/index.php\/2025\/10\/27\/novo-mercadao-de-ribeirao-preto-promove-1a-oktoberfest-com-entrada-gratuita-veja-quando\/","url_meta":{"origin":74417,"position":5},"title":"Novo Mercad\u00e3o de Ribeir\u00e3o Preto promove 1\u00aa Oktoberfest com entrada gratuita; veja quando","author":"noticiasribeiraopreto.com.br","date":"27 de October de 2025","format":false,"excerpt":"O Novo Mercad\u00e3o de Ribeir\u00e3o Preto realiza, entre os dias 27 de outubro e 2 de novembro de 2025, a 1\u00aa Oktoberfest, com entrada gratuita. O evento re\u00fane gastronomia, cultura e m\u00fasica, com programa\u00e7\u00e3o aberta ao p\u00fablico. A edi\u00e7\u00e3o de 2025 coincide com o anivers\u00e1rio de 17 anos do Novo\u2026","rel":"","context":"In &quot;Not\u00edcias de Ribeir\u00e3o Preto-SP e Regi\u00e3o&quot;","block_context":{"text":"Not\u00edcias de Ribeir\u00e3o Preto-SP e Regi\u00e3o","link":"https:\/\/noticiasribeiraopreto.com.br\/index.php\/category\/noticias-de-ribeirao-preto-sp-e-regiao-ismael-colosi\/"},"img":{"alt_text":"","src":"https:\/\/i0.wp.com\/noticiasribeiraopreto.com.br\/wp-content\/uploads\/2025\/10\/novo_mercadao_blog_institucional_2025-10-27_17-33-50.webp.webp?fit=760%2C350&ssl=1&resize=350%2C200","width":350,"height":200,"srcset":"https:\/\/i0.wp.com\/noticiasribeiraopreto.com.br\/wp-content\/uploads\/2025\/10\/novo_mercadao_blog_institucional_2025-10-27_17-33-50.webp.webp?fit=760%2C350&ssl=1&resize=350%2C200 1x, https:\/\/i0.wp.com\/noticiasribeiraopreto.com.br\/wp-content\/uploads\/2025\/10\/novo_mercadao_blog_institucional_2025-10-27_17-33-50.webp.webp?fit=760%2C350&ssl=1&resize=525%2C300 1.5x, https:\/\/i0.wp.com\/noticiasribeiraopreto.com.br\/wp-content\/uploads\/2025\/10\/novo_mercadao_blog_institucional_2025-10-27_17-33-50.webp.webp?fit=760%2C350&ssl=1&resize=700%2C400 2x"},"classes":[]}],"jetpack_sharing_enabled":true,"jetpack_shortlink":"https:\/\/wp.me\/peQAOb-jmh","_links":{"self":[{"href":"https:\/\/noticiasribeiraopreto.com.br\/index.php\/wp-json\/wp\/v2\/posts\/74417","targetHints":{"allow":["GET"]}}],"collection":[{"href":"https:\/\/noticiasribeiraopreto.com.br\/index.php\/wp-json\/wp\/v2\/posts"}],"about":[{"href":"https:\/\/noticiasribeiraopreto.com.br\/index.php\/wp-json\/wp\/v2\/types\/post"}],"author":[{"embeddable":true,"href":"https:\/\/noticiasribeiraopreto.com.br\/index.php\/wp-json\/wp\/v2\/users\/1"}],"replies":[{"embeddable":true,"href":"https:\/\/noticiasribeiraopreto.com.br\/index.php\/wp-json\/wp\/v2\/comments?post=74417"}],"version-history":[{"count":0,"href":"https:\/\/noticiasribeiraopreto.com.br\/index.php\/wp-json\/wp\/v2\/posts\/74417\/revisions"}],"wp:featuredmedia":[{"embeddable":true,"href":"https:\/\/noticiasribeiraopreto.com.br\/index.php\/wp-json\/wp\/v2\/media\/74418"}],"wp:attachment":[{"href":"https:\/\/noticiasribeiraopreto.com.br\/index.php\/wp-json\/wp\/v2\/media?parent=74417"}],"wp:term":[{"taxonomy":"category","embeddable":true,"href":"https:\/\/noticiasribeiraopreto.com.br\/index.php\/wp-json\/wp\/v2\/categories?post=74417"},{"taxonomy":"post_tag","embeddable":true,"href":"https:\/\/noticiasribeiraopreto.com.br\/index.php\/wp-json\/wp\/v2\/tags?post=74417"}],"curies":[{"name":"wp","href":"https:\/\/api.w.org\/{rel}","templated":true}]}}