{"id":74419,"date":"2025-07-22T15:24:43","date_gmt":"2025-07-22T18:24:43","guid":{"rendered":"https:\/\/noticiasribeiraopreto.com.br\/index.php\/2025\/07\/22\/inscricoes-para-concurso-publico-do-mp-terminam-hoje-salarios-sao-de-r-10-mil\/"},"modified":"2025-07-22T15:24:43","modified_gmt":"2025-07-22T18:24:43","slug":"inscricoes-para-concurso-publico-do-mp-terminam-hoje-salarios-sao-de-r-10-mil","status":"publish","type":"post","link":"https:\/\/noticiasribeiraopreto.com.br\/index.php\/2025\/07\/22\/inscricoes-para-concurso-publico-do-mp-terminam-hoje-salarios-sao-de-r-10-mil\/","title":{"rendered":"Inscri\u00e7\u00f5es para concurso p\u00fablico do MP terminam hoje; sal\u00e1rios s\u00e3o de R$ 10 mil"},"content":{"rendered":"<div class='code-block code-block-1' style='margin: 8px 0 8px auto; text-align: right; display: block; clear: both;'>\n<p><a href=\"https:\/\/wa.link\/vpicfd\"><img data-recalc-dims=\"1\" class=\"wp-image-4922\" style=\"aspect-ratio: 2.0253164556962027; width: 561px; height: auto;\" src=\"https:\/\/i0.wp.com\/ismaelcolosi.com.br\/wp-content\/uploads\/2023\/11\/grupo-de-empregos-whatsapp-e-facebook-ismael-colosi-vagas.jpg?ssl=1\" alt=\"\" \/><\/a><\/p>\n<!-- \/wp:image -->\n<\/div>\n<p> <br \/>\n<\/p>\n<div data-td-block-uid=\"tdi_95\">\n<div class=\"tdb-block-inner td-fix-index\">\n<p>As inscri\u00e7\u00f5es para o<strong> concurso p\u00fablico<\/strong> do <strong>MP-SP (Minist\u00e9rio P\u00fablico de S\u00e3o Paulo) <\/strong>terminam nesta ter\u00e7a-feira (22). As oportunidades s\u00e3o para o cargo de analista jur\u00eddico, com sal\u00e1rios de R$ 10,3 mil.<\/p>\n<p>O concurso p\u00fablico forma cadastro de reserva nas seguintes regionais do MP-SP:<\/p>\n<ul class=\"wp-block-list\">\n<li>Capital e Grande S\u00e3o Paulo, Ara\u00e7atuba, Bauru, Campinas, Franca, Piracicaba, Presidente Prudente, Ribeir\u00e3o Preto, Santos, S\u00e3o Jos\u00e9 do Rio Preto, Sorocaba, Taubat\u00e9 e Vale do Ribeira.<\/li>\n<\/ul>\n<p>As inscri\u00e7\u00f5es devem ser realizadas no site da<strong> Funda\u00e7\u00e3o Vunesp<\/strong><a href=\"https:\/\/www.vunesp.com.br\/MPSP2501\"><strong> <\/strong>(clique aqui) <\/a>e custam R$ 165.<\/p>\n<p>As provas ser\u00e3o realizadas nos dias 14 de setembro (1\u00aa fase) e 30 de novembro de 2025 (2\u00aa fase).<\/p>\n<p><a href=\"https:\/\/www.vunesp.com.br\/MPSP2501\">Clique aqui <\/a>e veja o edital completo.<\/p>\n<p>SAIBA MAIS<br \/>Calor\u00e3o volta ao interior de SP? Veja como ficam as temperaturas<\/p>\n<h2 class=\"wp-block-heading\"><strong>FIQUE ON<\/strong><\/h2>\n<p>Fique ligado em tudo que acontece em Ribeir\u00e3o Preto e regi\u00e3o. Siga os perfis do\u00a0<strong>acidade on<\/strong>\u00a0no<a href=\"https:\/\/www.instagram.com\/acidadeonribeirao\">\u00a0Instagram<\/a>\u00a0e no\u00a0<a href=\"https:\/\/www.facebook.com\/acidadeonribeirao\/\">Facebook.<\/a><\/p>\n<p>Receba not\u00edcias do<strong>\u00a0acidade on\u00a0<\/strong>no WhatsApp.\u00a0<a href=\"https:\/\/chat.whatsapp.com\/BjKQZ9oJwlz8VVT50NuePq\">Para entrar no grupo, basta clicar aqui.<\/a><\/p>\n<p>Fa\u00e7a uma den\u00fancia ou sugira uma reportagem sobre Ribeir\u00e3o Preto e regi\u00e3o pelo WhatsApp: 16 99117 7802.<\/p>\n<p>VEJA TAMB\u00c9M<br \/>Como se inscrever no concurso Degase-RJ?<\/p>\n<p><!-- AI CONTENT END 1 -->\n<\/div>\n<\/div>\n<p><script async src=\"\/\/www.instagram.com\/embed.js\"><\/script><br \/>\n<br \/><br \/>\n<br \/><a href=\"https:\/\/www.acidadeon.com\/ribeiraopreto\/economia\/inscricoes-para-concurso-publico-do-mp-terminam-hoje-salarios-sao-de-r-10-mil\/\">Source link <\/a><\/p>\n<!-- CONTENT END 1 -->\n","protected":false},"excerpt":{"rendered":"<p>As inscri\u00e7\u00f5es para o concurso p\u00fablico do MP-SP (Minist\u00e9rio P\u00fablico de S\u00e3o Paulo) terminam nesta ter\u00e7a-feira (22). As oportunidades s\u00e3o para o cargo de analista&#8230;<\/p>\n","protected":false},"author":1,"featured_media":73764,"comment_status":"open","ping_status":"open","sticky":false,"template":"","format":"standard","meta":{"advanced_seo_description":"","jetpack_seo_html_title":"","jetpack_seo_noindex":false,"jetpack_post_was_ever_published":false,"_jetpack_newsletter_access":"","_jetpack_dont_email_post_to_subs":false,"_jetpack_newsletter_tier_id":0,"_jetpack_memberships_contains_paywalled_content":false,"_jetpack_memberships_contains_paid_content":false,"footnotes":"","jetpack_publicize_message":"","jetpack_publicize_feature_enabled":true,"jetpack_social_post_already_shared":true,"jetpack_social_options":{"image_generator_settings":{"template":"highway","default_image_id":0,"font":"","enabled":false},"version":2}},"categories":[11],"tags":[],"class_list":["post-74419","post","type-post","status-publish","format-standard","has-post-thumbnail","hentry","category-noticias-de-ribeirao-preto-sp-e-regiao-ismael-colosi"],"jetpack_publicize_connections":[],"jetpack_featured_media_url":"https:\/\/i0.wp.com\/noticiasribeiraopreto.com.br\/wp-content\/uploads\/2025\/07\/concurso-publico_2025-07-09_13-50-45.webp.webp?fit=1200%2C798&ssl=1","jetpack-related-posts":[{"id":76804,"url":"https:\/\/noticiasribeiraopreto.com.br\/index.php\/2025\/09\/05\/concurso-publico-do-mp-sp-tem-13-vagas-e-salarios-de-r-18-mil-veja-como-participar\/","url_meta":{"origin":74419,"position":0},"title":"Concurso p\u00fablico do MP-SP tem 13 vagas e sal\u00e1rios de R$ 18 mil; Veja como participar","author":"noticiasribeiraopreto.com.br","date":"5 de September de 2025","format":false,"excerpt":"O MP-SP (Minist\u00e9rio P\u00fablico de S\u00e3o Paulo) est\u00e1 com as inscri\u00e7\u00f5es abertas para concurso p\u00fablico com 13 vagas para o cargo de Analista T\u00e9cnico Cient\u00edfico. Os sal\u00e1rios para o cargo s\u00e3o de R$ 18.705,85. Al\u00e9m disso, \u00e9 oferecido aux\u00edlio-alimenta\u00e7\u00e3o mensal de R$ 1.450, aux\u00edlio-sa\u00fade mensal de R$ 2.805,87 e aux\u00edlio-transporte\u2026","rel":"","context":"In &quot;Not\u00edcias de Ribeir\u00e3o Preto-SP e Regi\u00e3o&quot;","block_context":{"text":"Not\u00edcias de Ribeir\u00e3o Preto-SP e Regi\u00e3o","link":"https:\/\/noticiasribeiraopreto.com.br\/index.php\/category\/noticias-de-ribeirao-preto-sp-e-regiao-ismael-colosi\/"},"img":{"alt_text":"","src":"https:\/\/i0.wp.com\/noticiasribeiraopreto.com.br\/wp-content\/uploads\/2025\/07\/concurso-publico_2025-07-09_13-50-45.webp.webp?fit=1200%2C798&ssl=1&resize=350%2C200","width":350,"height":200,"srcset":"https:\/\/i0.wp.com\/noticiasribeiraopreto.com.br\/wp-content\/uploads\/2025\/07\/concurso-publico_2025-07-09_13-50-45.webp.webp?fit=1200%2C798&ssl=1&resize=350%2C200 1x, https:\/\/i0.wp.com\/noticiasribeiraopreto.com.br\/wp-content\/uploads\/2025\/07\/concurso-publico_2025-07-09_13-50-45.webp.webp?fit=1200%2C798&ssl=1&resize=525%2C300 1.5x, https:\/\/i0.wp.com\/noticiasribeiraopreto.com.br\/wp-content\/uploads\/2025\/07\/concurso-publico_2025-07-09_13-50-45.webp.webp?fit=1200%2C798&ssl=1&resize=700%2C400 2x, https:\/\/i0.wp.com\/noticiasribeiraopreto.com.br\/wp-content\/uploads\/2025\/07\/concurso-publico_2025-07-09_13-50-45.webp.webp?fit=1200%2C798&ssl=1&resize=1050%2C600 3x"},"classes":[]},{"id":58404,"url":"https:\/\/noticiasribeiraopreto.com.br\/index.php\/2024\/09\/26\/concurso-publico-com-salarios-de-r-30-mil-tem-inscricoes-prorrogadas\/","url_meta":{"origin":74419,"position":1},"title":"Concurso p\u00fablico com sal\u00e1rios de R$ 30 mil tem inscri\u00e7\u00f5es prorrogadas","author":"noticiasribeiraopreto.com.br","date":"26 de September de 2024","format":false,"excerpt":"O concurso p\u00fablico do MP-SP (Minist\u00e9rio P\u00fablico de S\u00e3o Paulo) para o cargo de promotor de Justi\u00e7a substituto, com sal\u00e1rios de R$ 30 mil, teve as inscri\u00e7\u00f5es prorrogadas. Ao todo, s\u00e3o 75 vagas dispon\u00edveis. As inscri\u00e7\u00f5es devem ser realizadas at\u00e9 o dia 24 de outubro, no site do MP-SP (clique\u2026","rel":"","context":"In &quot;Not\u00edcias de Ribeir\u00e3o Preto-SP e Regi\u00e3o&quot;","block_context":{"text":"Not\u00edcias de Ribeir\u00e3o Preto-SP e Regi\u00e3o","link":"https:\/\/noticiasribeiraopreto.com.br\/index.php\/category\/noticias-de-ribeirao-preto-sp-e-regiao-ismael-colosi\/"},"img":{"alt_text":"","src":"https:\/\/i0.wp.com\/noticiasribeiraopreto.com.br\/wp-content\/uploads\/2024\/08\/concurso-publico-ribeirao-preto_2024-08-13_10-44-40_jpg_2024-08-13_10-44-40.webp.webp?fit=1200%2C800&ssl=1&resize=350%2C200","width":350,"height":200,"srcset":"https:\/\/i0.wp.com\/noticiasribeiraopreto.com.br\/wp-content\/uploads\/2024\/08\/concurso-publico-ribeirao-preto_2024-08-13_10-44-40_jpg_2024-08-13_10-44-40.webp.webp?fit=1200%2C800&ssl=1&resize=350%2C200 1x, https:\/\/i0.wp.com\/noticiasribeiraopreto.com.br\/wp-content\/uploads\/2024\/08\/concurso-publico-ribeirao-preto_2024-08-13_10-44-40_jpg_2024-08-13_10-44-40.webp.webp?fit=1200%2C800&ssl=1&resize=525%2C300 1.5x, https:\/\/i0.wp.com\/noticiasribeiraopreto.com.br\/wp-content\/uploads\/2024\/08\/concurso-publico-ribeirao-preto_2024-08-13_10-44-40_jpg_2024-08-13_10-44-40.webp.webp?fit=1200%2C800&ssl=1&resize=700%2C400 2x, https:\/\/i0.wp.com\/noticiasribeiraopreto.com.br\/wp-content\/uploads\/2024\/08\/concurso-publico-ribeirao-preto_2024-08-13_10-44-40_jpg_2024-08-13_10-44-40.webp.webp?fit=1200%2C800&ssl=1&resize=1050%2C600 3x"},"classes":[]},{"id":82563,"url":"https:\/\/noticiasribeiraopreto.com.br\/index.php\/2026\/02\/19\/veja-cinco-concursos-publicos-com-mais-de-500-vagas-e-salarios-de-r-13-mil\/","url_meta":{"origin":74419,"position":2},"title":"Veja cinco concursos p\u00fablicos com mais de 500 vagas e sal\u00e1rios de R$ 13 mil","author":"noticiasribeiraopreto.com.br","date":"19 de February de 2026","format":false,"excerpt":"O Carnaval passou, ent\u00e3o agora 2026 come\u00e7a de vez. Quem est\u00e1 de olho em uma vaga em concurso p\u00fablico pode conferir cinco editais publicados com oportunidades para o estado de S\u00e3o Paulo. S\u00e3o mais de 500 vagas dispon\u00edveis com sal\u00e1rios que chegam a R$ 13 mil. Confira: Prefeitura de Pontal\u2026","rel":"","context":"In &quot;Not\u00edcias de Ribeir\u00e3o Preto-SP e Regi\u00e3o&quot;","block_context":{"text":"Not\u00edcias de Ribeir\u00e3o Preto-SP e Regi\u00e3o","link":"https:\/\/noticiasribeiraopreto.com.br\/index.php\/category\/noticias-de-ribeirao-preto-sp-e-regiao-ismael-colosi\/"},"img":{"alt_text":"","src":"https:\/\/i0.wp.com\/noticiasribeiraopreto.com.br\/wp-content\/uploads\/2025\/07\/concurso_2025-01-07_18-14-44_jpg_2025-01-07_18-14-45.webp.webp?fit=1200%2C800&ssl=1&resize=350%2C200","width":350,"height":200,"srcset":"https:\/\/i0.wp.com\/noticiasribeiraopreto.com.br\/wp-content\/uploads\/2025\/07\/concurso_2025-01-07_18-14-44_jpg_2025-01-07_18-14-45.webp.webp?fit=1200%2C800&ssl=1&resize=350%2C200 1x, https:\/\/i0.wp.com\/noticiasribeiraopreto.com.br\/wp-content\/uploads\/2025\/07\/concurso_2025-01-07_18-14-44_jpg_2025-01-07_18-14-45.webp.webp?fit=1200%2C800&ssl=1&resize=525%2C300 1.5x, https:\/\/i0.wp.com\/noticiasribeiraopreto.com.br\/wp-content\/uploads\/2025\/07\/concurso_2025-01-07_18-14-44_jpg_2025-01-07_18-14-45.webp.webp?fit=1200%2C800&ssl=1&resize=700%2C400 2x, https:\/\/i0.wp.com\/noticiasribeiraopreto.com.br\/wp-content\/uploads\/2025\/07\/concurso_2025-01-07_18-14-44_jpg_2025-01-07_18-14-45.webp.webp?fit=1200%2C800&ssl=1&resize=1050%2C600 3x"},"classes":[]},{"id":75546,"url":"https:\/\/noticiasribeiraopreto.com.br\/index.php\/2025\/08\/11\/mp-sp-abre-concurso-publico-com-salarios-de-r-13-mil-veja-como-participar\/","url_meta":{"origin":74419,"position":3},"title":"MP-SP abre concurso p\u00fablico com sal\u00e1rios de R$ 13 mil; Veja como participar","author":"noticiasribeiraopreto.com.br","date":"11 de August de 2025","format":false,"excerpt":"O MP-SP (Minist\u00e9rio P\u00fablico de S\u00e3o Paulo) publicou edital de concurso p\u00fablico com 15 vagas para o cargo de analista de promotoria, al\u00e9m de oportunidades para o cadastro de reserva. Os sal\u00e1rios para o cargo s\u00e3o de R$ 13.581,75. As inscri\u00e7\u00f5es devem ser realizadas no site da Funda\u00e7\u00e3o Vunesp (clique\u2026","rel":"","context":"In &quot;Not\u00edcias de Ribeir\u00e3o Preto-SP e Regi\u00e3o&quot;","block_context":{"text":"Not\u00edcias de Ribeir\u00e3o Preto-SP e Regi\u00e3o","link":"https:\/\/noticiasribeiraopreto.com.br\/index.php\/category\/noticias-de-ribeirao-preto-sp-e-regiao-ismael-colosi\/"},"img":{"alt_text":"","src":"https:\/\/i0.wp.com\/noticiasribeiraopreto.com.br\/wp-content\/uploads\/2025\/08\/1754926585_concurso-publico.jpg?fit=1200%2C800&ssl=1&resize=350%2C200","width":350,"height":200,"srcset":"https:\/\/i0.wp.com\/noticiasribeiraopreto.com.br\/wp-content\/uploads\/2025\/08\/1754926585_concurso-publico.jpg?fit=1200%2C800&ssl=1&resize=350%2C200 1x, https:\/\/i0.wp.com\/noticiasribeiraopreto.com.br\/wp-content\/uploads\/2025\/08\/1754926585_concurso-publico.jpg?fit=1200%2C800&ssl=1&resize=525%2C300 1.5x, https:\/\/i0.wp.com\/noticiasribeiraopreto.com.br\/wp-content\/uploads\/2025\/08\/1754926585_concurso-publico.jpg?fit=1200%2C800&ssl=1&resize=700%2C400 2x, https:\/\/i0.wp.com\/noticiasribeiraopreto.com.br\/wp-content\/uploads\/2025\/08\/1754926585_concurso-publico.jpg?fit=1200%2C800&ssl=1&resize=1050%2C600 3x"},"classes":[]},{"id":45782,"url":"https:\/\/noticiasribeiraopreto.com.br\/index.php\/2024\/04\/07\/veja-quatro-concursos-publicos-com-as-inscricoes-abertas-no-interior-de-sp\/","url_meta":{"origin":74419,"position":4},"title":"Veja quatro concursos p\u00fablicos com as inscri\u00e7\u00f5es abertas no interior de SP","author":"noticiasribeiraopreto.com.br","date":"7 de April de 2024","format":false,"excerpt":"Para quem est\u00e1 em busca de uma oportunidade de emprego no servi\u00e7o p\u00fablico, o acidade on Ribeir\u00e3o separou quatro concursos p\u00fablicos com as inscri\u00e7\u00f5es abertas no interior de S\u00e3o Paulo. S\u00e3o mais de 400 vagas e sal\u00e1rios de at\u00e9 R$ 8 mil. Prefeitura de Ribeir\u00e3o Preto A Prefeitura de Ribeir\u00e3o\u2026","rel":"","context":"In &quot;Not\u00edcias de Ribeir\u00e3o Preto-SP e Regi\u00e3o&quot;","block_context":{"text":"Not\u00edcias de Ribeir\u00e3o Preto-SP e Regi\u00e3o","link":"https:\/\/noticiasribeiraopreto.com.br\/index.php\/category\/noticias-de-ribeirao-preto-sp-e-regiao-ismael-colosi\/"},"img":{"alt_text":"","src":"https:\/\/i0.wp.com\/noticiasribeiraopreto.com.br\/wp-content\/uploads\/2024\/04\/prova-concurso-publico-2.jpg?fit=1200%2C801&ssl=1&resize=350%2C200","width":350,"height":200,"srcset":"https:\/\/i0.wp.com\/noticiasribeiraopreto.com.br\/wp-content\/uploads\/2024\/04\/prova-concurso-publico-2.jpg?fit=1200%2C801&ssl=1&resize=350%2C200 1x, https:\/\/i0.wp.com\/noticiasribeiraopreto.com.br\/wp-content\/uploads\/2024\/04\/prova-concurso-publico-2.jpg?fit=1200%2C801&ssl=1&resize=525%2C300 1.5x, https:\/\/i0.wp.com\/noticiasribeiraopreto.com.br\/wp-content\/uploads\/2024\/04\/prova-concurso-publico-2.jpg?fit=1200%2C801&ssl=1&resize=700%2C400 2x, https:\/\/i0.wp.com\/noticiasribeiraopreto.com.br\/wp-content\/uploads\/2024\/04\/prova-concurso-publico-2.jpg?fit=1200%2C801&ssl=1&resize=1050%2C600 3x"},"classes":[]},{"id":49052,"url":"https:\/\/noticiasribeiraopreto.com.br\/index.php\/2024\/05\/08\/inscricoes-para-concurso-publico-da-pm-terminam-hoje-veja-como-participar\/","url_meta":{"origin":74419,"position":5},"title":"Inscri\u00e7\u00f5es para concurso p\u00fablico da PM terminam hoje; Veja como participar","author":"noticiasribeiraopreto.com.br","date":"8 de May de 2024","format":false,"excerpt":"As inscri\u00e7\u00f5es para o concurso p\u00fablico da PM (Pol\u00edcia Militar) de S\u00e3o Paulo terminam nesta quarta-feira (8). Ao todo, s\u00e3o 2,7 mil vagas para soldado de 2\u00aa classe. O sal\u00e1rio inicial para o cargo \u00e9 de R$ 4.852,21. As inscri\u00e7\u00f5es devem ser feitas pelo site da Funda\u00e7\u00e3o Get\u00falio Vargas (clique\u2026","rel":"","context":"In &quot;Not\u00edcias de Ribeir\u00e3o Preto-SP e Regi\u00e3o&quot;","block_context":{"text":"Not\u00edcias de Ribeir\u00e3o Preto-SP e Regi\u00e3o","link":"https:\/\/noticiasribeiraopreto.com.br\/index.php\/category\/noticias-de-ribeirao-preto-sp-e-regiao-ismael-colosi\/"},"img":{"alt_text":"","src":"https:\/\/i0.wp.com\/noticiasribeiraopreto.com.br\/wp-content\/uploads\/2024\/05\/AnyConv.com__concurso-publico-pm_2024-05-08_13-17-54.webp.webp?fit=1200%2C800&ssl=1&resize=350%2C200","width":350,"height":200,"srcset":"https:\/\/i0.wp.com\/noticiasribeiraopreto.com.br\/wp-content\/uploads\/2024\/05\/AnyConv.com__concurso-publico-pm_2024-05-08_13-17-54.webp.webp?fit=1200%2C800&ssl=1&resize=350%2C200 1x, https:\/\/i0.wp.com\/noticiasribeiraopreto.com.br\/wp-content\/uploads\/2024\/05\/AnyConv.com__concurso-publico-pm_2024-05-08_13-17-54.webp.webp?fit=1200%2C800&ssl=1&resize=525%2C300 1.5x, https:\/\/i0.wp.com\/noticiasribeiraopreto.com.br\/wp-content\/uploads\/2024\/05\/AnyConv.com__concurso-publico-pm_2024-05-08_13-17-54.webp.webp?fit=1200%2C800&ssl=1&resize=700%2C400 2x, https:\/\/i0.wp.com\/noticiasribeiraopreto.com.br\/wp-content\/uploads\/2024\/05\/AnyConv.com__concurso-publico-pm_2024-05-08_13-17-54.webp.webp?fit=1200%2C800&ssl=1&resize=1050%2C600 3x"},"classes":[]}],"jetpack_sharing_enabled":true,"jetpack_shortlink":"https:\/\/wp.me\/peQAOb-jmj","_links":{"self":[{"href":"https:\/\/noticiasribeiraopreto.com.br\/index.php\/wp-json\/wp\/v2\/posts\/74419","targetHints":{"allow":["GET"]}}],"collection":[{"href":"https:\/\/noticiasribeiraopreto.com.br\/index.php\/wp-json\/wp\/v2\/posts"}],"about":[{"href":"https:\/\/noticiasribeiraopreto.com.br\/index.php\/wp-json\/wp\/v2\/types\/post"}],"author":[{"embeddable":true,"href":"https:\/\/noticiasribeiraopreto.com.br\/index.php\/wp-json\/wp\/v2\/users\/1"}],"replies":[{"embeddable":true,"href":"https:\/\/noticiasribeiraopreto.com.br\/index.php\/wp-json\/wp\/v2\/comments?post=74419"}],"version-history":[{"count":0,"href":"https:\/\/noticiasribeiraopreto.com.br\/index.php\/wp-json\/wp\/v2\/posts\/74419\/revisions"}],"wp:featuredmedia":[{"embeddable":true,"href":"https:\/\/noticiasribeiraopreto.com.br\/index.php\/wp-json\/wp\/v2\/media\/73764"}],"wp:attachment":[{"href":"https:\/\/noticiasribeiraopreto.com.br\/index.php\/wp-json\/wp\/v2\/media?parent=74419"}],"wp:term":[{"taxonomy":"category","embeddable":true,"href":"https:\/\/noticiasribeiraopreto.com.br\/index.php\/wp-json\/wp\/v2\/categories?post=74419"},{"taxonomy":"post_tag","embeddable":true,"href":"https:\/\/noticiasribeiraopreto.com.br\/index.php\/wp-json\/wp\/v2\/tags?post=74419"}],"curies":[{"name":"wp","href":"https:\/\/api.w.org\/{rel}","templated":true}]}}