{"id":74420,"date":"2025-07-22T15:33:08","date_gmt":"2025-07-22T18:33:08","guid":{"rendered":"https:\/\/noticiasribeiraopreto.com.br\/index.php\/2025\/07\/22\/empresarios-de-ribeirao-preto-sao-condenados-por-lavagem-de-dinheiro-eles-movimentaram-r-500-milhoes\/"},"modified":"2025-07-22T15:33:08","modified_gmt":"2025-07-22T18:33:08","slug":"empresarios-de-ribeirao-preto-sao-condenados-por-lavagem-de-dinheiro-eles-movimentaram-r-500-milhoes","status":"publish","type":"post","link":"https:\/\/noticiasribeiraopreto.com.br\/index.php\/2025\/07\/22\/empresarios-de-ribeirao-preto-sao-condenados-por-lavagem-de-dinheiro-eles-movimentaram-r-500-milhoes\/","title":{"rendered":"Empres\u00e1rios de Ribeir\u00e3o Preto s\u00e3o condenados por lavagem de dinheiro; eles movimentaram R$ 500 milh\u00f5es"},"content":{"rendered":"<div class='code-block code-block-1' style='margin: 8px 0 8px auto; text-align: right; display: block; clear: both;'>\n<p><a href=\"https:\/\/wa.link\/vpicfd\"><img data-recalc-dims=\"1\" class=\"wp-image-4922\" style=\"aspect-ratio: 2.0253164556962027; width: 561px; height: auto;\" src=\"https:\/\/i0.wp.com\/ismaelcolosi.com.br\/wp-content\/uploads\/2023\/11\/grupo-de-empregos-whatsapp-e-facebook-ismael-colosi-vagas.jpg?ssl=1\" alt=\"\" \/><\/a><\/p>\n<!-- \/wp:image -->\n<\/div>\n<p> <br \/>\n<\/p>\n<div data-td-block-uid=\"tdi_95\">\n<div class=\"tdb-block-inner td-fix-index\">\n<p>A Justi\u00e7a condenou tr\u00eas empres\u00e1rios de <strong>Ribeir\u00e3o Preto <\/strong>por lavagem de dinheiro para o tr\u00e1fico de drogas. Eles moravam em im\u00f3veis de luxo na <strong>avenida Jo\u00e3o Fiusa<\/strong> e na <strong>Vila do Golf<\/strong>, na zona Sul da cidade.<\/p>\n<p>Os empres\u00e1rios foram alvos da opera\u00e7\u00e3o <strong>Pol\u00edcia Civil<\/strong> em outubro de 2022. Segundo as investiga\u00e7\u00f5es, <mark style=\"background-color:#fcb900\" class=\"has-inline-color has-black-color\">a quadrilha movimentou R$ 500 milh\u00f5es em cinco anos<\/mark>. Apenas em um apartamento na Fiusa, foram encontrados R$ 300 mil em dinheiro, al\u00e9m de d\u00f3lares e euros.<\/p>\n<h2 class=\"wp-block-heading\"><strong>Condena\u00e7\u00e3o<\/strong><\/h2>\n<p>Os condenados foram:<\/p>\n<ul class=\"wp-block-list\">\n<li>Simone Martinucci \u2013 condenada a 15 anos<\/li>\n<\/ul>\n<ul class=\"wp-block-list\">\n<li>Paulo Eduardo Pignata \u2013 condenado a 20 anos<\/li>\n<\/ul>\n<ul class=\"wp-block-list\">\n<li>Samuel da Silva \u2013 condenado a 10 anos<\/li>\n<\/ul>\n<p>Todos eles foram condenados pelos crimes de lavagem de dinheiro, falsidade ideol\u00f3gica e organiza\u00e7\u00e3o criminosa. A pol\u00edcia investigou a organiza\u00e7\u00e3o criminosa por dois anos e rastreou a movimenta\u00e7\u00e3o banc\u00e1ria.<\/p>\n<h2 class=\"wp-block-heading\"><strong>O esquema<\/strong><\/h2>\n<p>Os empres\u00e1rios pegavam o dinheiro do tr\u00e1fico e lavavam atr\u00e1s de negocia\u00e7\u00f5es imobili\u00e1rias e por uma empresa de contabilidade. O dinheiro limpo voltava pra eles, que compravam im\u00f3veis e carros de luxo.<\/p>\n<h2 class=\"wp-block-heading\"><strong>Outro lado<\/strong><\/h2>\n<p>A defesa deles n\u00e3o foi encontrada para comentar o caso (com informa\u00e7\u00f5es <strong>EPTV<\/strong>).<\/p>\n<p>SAIBA MAIS<br \/>Calor\u00e3o volta ao interior de SP? Veja como ficam as temperaturas<\/p>\n<h2 class=\"wp-block-heading\"><strong>FIQUE ON<\/strong><\/h2>\n<p>Fique ligado em tudo que acontece em Ribeir\u00e3o Preto e regi\u00e3o. Siga os perfis do\u00a0<strong>acidade on<\/strong>\u00a0no<a href=\"https:\/\/www.instagram.com\/acidadeonribeirao\">\u00a0Instagram<\/a>\u00a0e no\u00a0<a href=\"https:\/\/www.facebook.com\/acidadeonribeirao\/\">Facebook.<\/a><\/p>\n<p>Receba not\u00edcias do<strong>\u00a0acidade on\u00a0<\/strong>no WhatsApp.\u00a0<a href=\"https:\/\/chat.whatsapp.com\/BjKQZ9oJwlz8VVT50NuePq\">Para entrar no grupo, basta clicar aqui.<\/a><\/p>\n<p>Fa\u00e7a uma den\u00fancia ou sugira uma reportagem sobre Ribeir\u00e3o Preto e regi\u00e3o pelo WhatsApp: 16 99117 7802.<\/p>\n<p>VEJA TAMB\u00c9M<br \/>Como se inscrever no concurso Degase-RJ?<\/p>\n<p><!-- AI CONTENT END 1 -->\n<\/div>\n<\/div>\n<p><script async src=\"\/\/www.instagram.com\/embed.js\"><\/script><br \/>\n<br \/><br \/>\n<br \/><a href=\"https:\/\/www.acidadeon.com\/ribeiraopreto\/cotidiano\/empresarios-de-ribeirao-preto-sao-condenados-por-lavagem-de-dinheiro-eles-movimentaram-r-500-milhoes\/\">Source link <\/a><\/p>\n<!-- CONTENT END 1 -->\n","protected":false},"excerpt":{"rendered":"<p>A Justi\u00e7a condenou tr\u00eas empres\u00e1rios de Ribeir\u00e3o Preto por lavagem de dinheiro para o tr\u00e1fico de drogas. Eles moravam em im\u00f3veis de luxo na avenida&#8230;<\/p>\n","protected":false},"author":1,"featured_media":74421,"comment_status":"open","ping_status":"open","sticky":false,"template":"","format":"standard","meta":{"advanced_seo_description":"","jetpack_seo_html_title":"","jetpack_seo_noindex":false,"jetpack_post_was_ever_published":false,"_jetpack_newsletter_access":"","_jetpack_dont_email_post_to_subs":false,"_jetpack_newsletter_tier_id":0,"_jetpack_memberships_contains_paywalled_content":false,"_jetpack_memberships_contains_paid_content":false,"footnotes":"","jetpack_publicize_message":"","jetpack_publicize_feature_enabled":true,"jetpack_social_post_already_shared":true,"jetpack_social_options":{"image_generator_settings":{"template":"highway","default_image_id":0,"font":"","enabled":false},"version":2}},"categories":[11],"tags":[],"class_list":["post-74420","post","type-post","status-publish","format-standard","has-post-thumbnail","hentry","category-noticias-de-ribeirao-preto-sp-e-regiao-ismael-colosi"],"jetpack_publicize_connections":[],"jetpack_featured_media_url":"https:\/\/i0.wp.com\/noticiasribeiraopreto.com.br\/wp-content\/uploads\/2025\/07\/casal-condenado_2025-07-22_16-52-55.webp.webp?fit=1200%2C553&ssl=1","jetpack-related-posts":[{"id":74413,"url":"https:\/\/noticiasribeiraopreto.com.br\/index.php\/2025\/07\/22\/trio-que-movimentou-meio-bilhao-de-reais-e-condenado\/","url_meta":{"origin":74420,"position":0},"title":"Trio que movimentou meio bilh\u00e3o de reais \u00e9 condenado","author":"noticiasribeiraopreto.com.br","date":"22 de July de 2025","format":false,"excerpt":"Os dois homens e a mulher lavavam dinheiro para o crime organizado e investiam em im\u00f3veis e bens de luxo 22 de julho de 2025 12:383 Compartilhar0 Por: Adalberto Luque Os tr\u00eas presos na Opera\u00e7\u00e3o Bingo, realizado pela Pol\u00edcia Civil, foram condenados pela Justi\u00e7a. As penas v\u00e3o de 10 a\u2026","rel":"","context":"In &quot;Not\u00edcias de Ribeir\u00e3o Preto-SP e Regi\u00e3o&quot;","block_context":{"text":"Not\u00edcias de Ribeir\u00e3o Preto-SP e Regi\u00e3o","link":"https:\/\/noticiasribeiraopreto.com.br\/index.php\/category\/noticias-de-ribeirao-preto-sp-e-regiao-ismael-colosi\/"},"img":{"alt_text":"","src":"https:\/\/i0.wp.com\/noticiasribeiraopreto.com.br\/wp-content\/uploads\/2025\/07\/00-20-out-2022-operacao-sertaozinho-01-foto-divulgacao-scaled.jpg?fit=1200%2C675&ssl=1&resize=350%2C200","width":350,"height":200,"srcset":"https:\/\/i0.wp.com\/noticiasribeiraopreto.com.br\/wp-content\/uploads\/2025\/07\/00-20-out-2022-operacao-sertaozinho-01-foto-divulgacao-scaled.jpg?fit=1200%2C675&ssl=1&resize=350%2C200 1x, https:\/\/i0.wp.com\/noticiasribeiraopreto.com.br\/wp-content\/uploads\/2025\/07\/00-20-out-2022-operacao-sertaozinho-01-foto-divulgacao-scaled.jpg?fit=1200%2C675&ssl=1&resize=525%2C300 1.5x, https:\/\/i0.wp.com\/noticiasribeiraopreto.com.br\/wp-content\/uploads\/2025\/07\/00-20-out-2022-operacao-sertaozinho-01-foto-divulgacao-scaled.jpg?fit=1200%2C675&ssl=1&resize=700%2C400 2x, https:\/\/i0.wp.com\/noticiasribeiraopreto.com.br\/wp-content\/uploads\/2025\/07\/00-20-out-2022-operacao-sertaozinho-01-foto-divulgacao-scaled.jpg?fit=1200%2C675&ssl=1&resize=1050%2C600 3x"},"classes":[]},{"id":66785,"url":"https:\/\/noticiasribeiraopreto.com.br\/index.php\/2025\/04\/05\/justica-manda-soltar-empresario-e-ex-marido-de-influenciadora-de-ribeirao\/","url_meta":{"origin":74420,"position":1},"title":"Justi\u00e7a manda soltar empres\u00e1rio e ex-marido de influenciadora de Ribeir\u00e3o","author":"noticiasribeiraopreto.com.br","date":"5 de April de 2025","format":false,"excerpt":"O empres\u00e1rio Maiclerson Gomes da Silva, condenado por lavagem de dinheiro e organiza\u00e7\u00e3o criminosa em Ribeir\u00e3o Preto, foi solto nesta sexta-feira (4), ap\u00f3s determina\u00e7\u00e3o da Justi\u00e7a. Ele estava preso na Penitenci\u00e1ria de Araraquara desde mar\u00e7o de 2022 e cumpriu tr\u00eas anos de pena. Maiclerson ganhou o benef\u00edcio por bom comportamento.\u2026","rel":"","context":"In &quot;Not\u00edcias de Ribeir\u00e3o Preto-SP e Regi\u00e3o&quot;","block_context":{"text":"Not\u00edcias de Ribeir\u00e3o Preto-SP e Regi\u00e3o","link":"https:\/\/noticiasribeiraopreto.com.br\/index.php\/category\/noticias-de-ribeirao-preto-sp-e-regiao-ismael-colosi\/"},"img":{"alt_text":"","src":"https:\/\/i0.wp.com\/noticiasribeiraopreto.com.br\/wp-content\/uploads\/2025\/04\/Copia-de-Copia-de-Copia-de-TAMANHO-EXATO-PARA-FOTOS-NO-SISTEMA-NOVO-2025-04-05T103616.323_2025-04-05_13-36-23_png_2025-04-05_13-36-23.webp.webp?fit=1200%2C675&ssl=1&resize=350%2C200","width":350,"height":200,"srcset":"https:\/\/i0.wp.com\/noticiasribeiraopreto.com.br\/wp-content\/uploads\/2025\/04\/Copia-de-Copia-de-Copia-de-TAMANHO-EXATO-PARA-FOTOS-NO-SISTEMA-NOVO-2025-04-05T103616.323_2025-04-05_13-36-23_png_2025-04-05_13-36-23.webp.webp?fit=1200%2C675&ssl=1&resize=350%2C200 1x, https:\/\/i0.wp.com\/noticiasribeiraopreto.com.br\/wp-content\/uploads\/2025\/04\/Copia-de-Copia-de-Copia-de-TAMANHO-EXATO-PARA-FOTOS-NO-SISTEMA-NOVO-2025-04-05T103616.323_2025-04-05_13-36-23_png_2025-04-05_13-36-23.webp.webp?fit=1200%2C675&ssl=1&resize=525%2C300 1.5x, https:\/\/i0.wp.com\/noticiasribeiraopreto.com.br\/wp-content\/uploads\/2025\/04\/Copia-de-Copia-de-Copia-de-TAMANHO-EXATO-PARA-FOTOS-NO-SISTEMA-NOVO-2025-04-05T103616.323_2025-04-05_13-36-23_png_2025-04-05_13-36-23.webp.webp?fit=1200%2C675&ssl=1&resize=700%2C400 2x, https:\/\/i0.wp.com\/noticiasribeiraopreto.com.br\/wp-content\/uploads\/2025\/04\/Copia-de-Copia-de-Copia-de-TAMANHO-EXATO-PARA-FOTOS-NO-SISTEMA-NOVO-2025-04-05T103616.323_2025-04-05_13-36-23_png_2025-04-05_13-36-23.webp.webp?fit=1200%2C675&ssl=1&resize=1050%2C600 3x"},"classes":[]},{"id":70066,"url":"https:\/\/noticiasribeiraopreto.com.br\/index.php\/2025\/05\/22\/ex-vereador-e-condenado-por-esquema-de-corrupcao-no-transporte-escolar-2\/","url_meta":{"origin":74420,"position":2},"title":"Ex-vereador \u00e9 condenado por esquema de corrup\u00e7\u00e3o no transporte escolar","author":"noticiasribeiraopreto.com.br","date":"22 de May de 2025","format":false,"excerpt":"A Justi\u00e7a condenou o ex-vereador Silvano Costa Arruda (Solidariedade) e outras tr\u00eas pessoas envolvidas em um esquema de corrup\u00e7\u00e3o relacionado \u00e0 contrata\u00e7\u00e3o do transporte escolar em Cajuru, cidade na regi\u00e3o de Ribeir\u00e3o Preto, a penas que variam de 6 a 13 anos de pris\u00e3o. Na decis\u00e3o, portanto, os r\u00e9us foram\u2026","rel":"","context":"In &quot;Not\u00edcias de Ribeir\u00e3o Preto-SP e Regi\u00e3o&quot;","block_context":{"text":"Not\u00edcias de Ribeir\u00e3o Preto-SP e Regi\u00e3o","link":"https:\/\/noticiasribeiraopreto.com.br\/index.php\/category\/noticias-de-ribeirao-preto-sp-e-regiao-ismael-colosi\/"},"img":{"alt_text":"","src":"https:\/\/i0.wp.com\/noticiasribeiraopreto.com.br\/wp-content\/uploads\/2025\/05\/Copia-de-Copia-de-Copia-de-TAMANHO-EXATO-PARA-FOTOS-NO-SISTEMA-NOVO-2025-05-22T083928.338_2025-05-22_11-40-30.webp.webp?fit=1200%2C675&ssl=1&resize=350%2C200","width":350,"height":200,"srcset":"https:\/\/i0.wp.com\/noticiasribeiraopreto.com.br\/wp-content\/uploads\/2025\/05\/Copia-de-Copia-de-Copia-de-TAMANHO-EXATO-PARA-FOTOS-NO-SISTEMA-NOVO-2025-05-22T083928.338_2025-05-22_11-40-30.webp.webp?fit=1200%2C675&ssl=1&resize=350%2C200 1x, https:\/\/i0.wp.com\/noticiasribeiraopreto.com.br\/wp-content\/uploads\/2025\/05\/Copia-de-Copia-de-Copia-de-TAMANHO-EXATO-PARA-FOTOS-NO-SISTEMA-NOVO-2025-05-22T083928.338_2025-05-22_11-40-30.webp.webp?fit=1200%2C675&ssl=1&resize=525%2C300 1.5x, https:\/\/i0.wp.com\/noticiasribeiraopreto.com.br\/wp-content\/uploads\/2025\/05\/Copia-de-Copia-de-Copia-de-TAMANHO-EXATO-PARA-FOTOS-NO-SISTEMA-NOVO-2025-05-22T083928.338_2025-05-22_11-40-30.webp.webp?fit=1200%2C675&ssl=1&resize=700%2C400 2x, https:\/\/i0.wp.com\/noticiasribeiraopreto.com.br\/wp-content\/uploads\/2025\/05\/Copia-de-Copia-de-Copia-de-TAMANHO-EXATO-PARA-FOTOS-NO-SISTEMA-NOVO-2025-05-22T083928.338_2025-05-22_11-40-30.webp.webp?fit=1200%2C675&ssl=1&resize=1050%2C600 3x"},"classes":[]},{"id":70040,"url":"https:\/\/noticiasribeiraopreto.com.br\/index.php\/2025\/05\/22\/ex-vereador-e-condenado-por-esquema-de-corrupcao-no-transporte-escolar\/","url_meta":{"origin":74420,"position":3},"title":"Ex-vereador \u00e9 condenado por esquema de corrup\u00e7\u00e3o no transporte escolar","author":"noticiasribeiraopreto.com.br","date":"22 de May de 2025","format":false,"excerpt":"A Justi\u00e7a condenou o ex-vereador Silvano Costa Arruda (Solidariedade) e outras tr\u00eas pessoas envolvidas em um esquema de corrup\u00e7\u00e3o relacionado \u00e0 contrata\u00e7\u00e3o do transporte escolar em Cajuru, cidade na regi\u00e3o de Ribeir\u00e3o Preto, a penas que variam de 6 a 13 anos de pris\u00e3o. Na decis\u00e3o, portanto, os r\u00e9us foram\u2026","rel":"","context":"In &quot;Not\u00edcias de Ribeir\u00e3o Preto-SP e Regi\u00e3o&quot;","block_context":{"text":"Not\u00edcias de Ribeir\u00e3o Preto-SP e Regi\u00e3o","link":"https:\/\/noticiasribeiraopreto.com.br\/index.php\/category\/noticias-de-ribeirao-preto-sp-e-regiao-ismael-colosi\/"},"img":{"alt_text":"","src":"https:\/\/i0.wp.com\/noticiasribeiraopreto.com.br\/wp-content\/uploads\/2025\/05\/Copia-de-Copia-de-Copia-de-TAMANHO-EXATO-PARA-FOTOS-NO-SISTEMA-NOVO-2025-05-22T083928.338_2025-05-22_11-40-30.webp.webp?fit=1200%2C675&ssl=1&resize=350%2C200","width":350,"height":200,"srcset":"https:\/\/i0.wp.com\/noticiasribeiraopreto.com.br\/wp-content\/uploads\/2025\/05\/Copia-de-Copia-de-Copia-de-TAMANHO-EXATO-PARA-FOTOS-NO-SISTEMA-NOVO-2025-05-22T083928.338_2025-05-22_11-40-30.webp.webp?fit=1200%2C675&ssl=1&resize=350%2C200 1x, https:\/\/i0.wp.com\/noticiasribeiraopreto.com.br\/wp-content\/uploads\/2025\/05\/Copia-de-Copia-de-Copia-de-TAMANHO-EXATO-PARA-FOTOS-NO-SISTEMA-NOVO-2025-05-22T083928.338_2025-05-22_11-40-30.webp.webp?fit=1200%2C675&ssl=1&resize=525%2C300 1.5x, https:\/\/i0.wp.com\/noticiasribeiraopreto.com.br\/wp-content\/uploads\/2025\/05\/Copia-de-Copia-de-Copia-de-TAMANHO-EXATO-PARA-FOTOS-NO-SISTEMA-NOVO-2025-05-22T083928.338_2025-05-22_11-40-30.webp.webp?fit=1200%2C675&ssl=1&resize=700%2C400 2x, https:\/\/i0.wp.com\/noticiasribeiraopreto.com.br\/wp-content\/uploads\/2025\/05\/Copia-de-Copia-de-Copia-de-TAMANHO-EXATO-PARA-FOTOS-NO-SISTEMA-NOVO-2025-05-22T083928.338_2025-05-22_11-40-30.webp.webp?fit=1200%2C675&ssl=1&resize=1050%2C600 3x"},"classes":[]},{"id":79781,"url":"https:\/\/noticiasribeiraopreto.com.br\/index.php\/2025\/11\/07\/empresario-condenado-por-atropelar-estudante-durante-protesto-em-ribeirao-tem-pedido-de-soltura-negado\/","url_meta":{"origin":74420,"position":4},"title":"Empres\u00e1rio condenado por atropelar estudante durante protesto em Ribeir\u00e3o tem pedido de soltura negado","author":"noticiasribeiraopreto.com.br","date":"7 de November de 2025","format":false,"excerpt":"Aleksandro\u00a0Ichisato teve negado pela Justi\u00e7a o pedido de liberdade condicional. Ele foi condenado pela morte do estudante Marcos Delefrate, de 18 anos, atropelado durante protestos em Ribeir\u00e3o Preto em junho de 2013. Preso h\u00e1 mais de 12 anos, o empres\u00e1rio teve pedido de soltura negado em agosto, mesmo alegando ter\u2026","rel":"","context":"In &quot;Not\u00edcias de Ribeir\u00e3o Preto-SP e Regi\u00e3o&quot;","block_context":{"text":"Not\u00edcias de Ribeir\u00e3o Preto-SP e Regi\u00e3o","link":"https:\/\/noticiasribeiraopreto.com.br\/index.php\/category\/noticias-de-ribeirao-preto-sp-e-regiao-ismael-colosi\/"},"img":{"alt_text":"","src":"https:\/\/i0.wp.com\/noticiasribeiraopreto.com.br\/wp-content\/uploads\/2025\/11\/Copia-de-Copia-de-Copia-de-TAMANHO-EXATO-PARA-FOTOS-NO-SISTEMA-NOVO-2025-11-07T115443.499_2025-11-07_14-54-48.webp.webp?fit=1200%2C675&ssl=1&resize=350%2C200","width":350,"height":200,"srcset":"https:\/\/i0.wp.com\/noticiasribeiraopreto.com.br\/wp-content\/uploads\/2025\/11\/Copia-de-Copia-de-Copia-de-TAMANHO-EXATO-PARA-FOTOS-NO-SISTEMA-NOVO-2025-11-07T115443.499_2025-11-07_14-54-48.webp.webp?fit=1200%2C675&ssl=1&resize=350%2C200 1x, https:\/\/i0.wp.com\/noticiasribeiraopreto.com.br\/wp-content\/uploads\/2025\/11\/Copia-de-Copia-de-Copia-de-TAMANHO-EXATO-PARA-FOTOS-NO-SISTEMA-NOVO-2025-11-07T115443.499_2025-11-07_14-54-48.webp.webp?fit=1200%2C675&ssl=1&resize=525%2C300 1.5x, https:\/\/i0.wp.com\/noticiasribeiraopreto.com.br\/wp-content\/uploads\/2025\/11\/Copia-de-Copia-de-Copia-de-TAMANHO-EXATO-PARA-FOTOS-NO-SISTEMA-NOVO-2025-11-07T115443.499_2025-11-07_14-54-48.webp.webp?fit=1200%2C675&ssl=1&resize=700%2C400 2x, https:\/\/i0.wp.com\/noticiasribeiraopreto.com.br\/wp-content\/uploads\/2025\/11\/Copia-de-Copia-de-Copia-de-TAMANHO-EXATO-PARA-FOTOS-NO-SISTEMA-NOVO-2025-11-07T115443.499_2025-11-07_14-54-48.webp.webp?fit=1200%2C675&ssl=1&resize=1050%2C600 3x"},"classes":[]},{"id":73867,"url":"https:\/\/noticiasribeiraopreto.com.br\/index.php\/2025\/07\/11\/justica-condena-ex-marido-de-ana-pink-por-ameacas-contra-influenciadora\/","url_meta":{"origin":74420,"position":5},"title":"Justi\u00e7a condena ex-marido de Ana Pink por amea\u00e7as contra influenciadora","author":"noticiasribeiraopreto.com.br","date":"11 de July de 2025","format":false,"excerpt":"O Tribunal de Justi\u00e7a de S\u00e3o Paulo\u00a0(TJ-SP) condenou o empres\u00e1rio Maicl\u00e9rson Gomes da Silva por amea\u00e7as contra a ex-mulher, a influenciadora Ana Pink, de Ribeir\u00e3o Preto. A pena \u00e9 de um m\u00eas e cinco dias em regime aberto. A decis\u00e3o \u00e9 referente \u00e0 \u00e9poca que Maick, como \u00e9 conhecido, estava\u2026","rel":"","context":"In &quot;Not\u00edcias de Ribeir\u00e3o Preto-SP e Regi\u00e3o&quot;","block_context":{"text":"Not\u00edcias de Ribeir\u00e3o Preto-SP e Regi\u00e3o","link":"https:\/\/noticiasribeiraopreto.com.br\/index.php\/category\/noticias-de-ribeirao-preto-sp-e-regiao-ismael-colosi\/"},"img":{"alt_text":"","src":"https:\/\/i0.wp.com\/noticiasribeiraopreto.com.br\/wp-content\/uploads\/2025\/07\/maick_2025-07-11_12-10-21.webp.webp?fit=1200%2C619&ssl=1&resize=350%2C200","width":350,"height":200,"srcset":"https:\/\/i0.wp.com\/noticiasribeiraopreto.com.br\/wp-content\/uploads\/2025\/07\/maick_2025-07-11_12-10-21.webp.webp?fit=1200%2C619&ssl=1&resize=350%2C200 1x, https:\/\/i0.wp.com\/noticiasribeiraopreto.com.br\/wp-content\/uploads\/2025\/07\/maick_2025-07-11_12-10-21.webp.webp?fit=1200%2C619&ssl=1&resize=525%2C300 1.5x, https:\/\/i0.wp.com\/noticiasribeiraopreto.com.br\/wp-content\/uploads\/2025\/07\/maick_2025-07-11_12-10-21.webp.webp?fit=1200%2C619&ssl=1&resize=700%2C400 2x, https:\/\/i0.wp.com\/noticiasribeiraopreto.com.br\/wp-content\/uploads\/2025\/07\/maick_2025-07-11_12-10-21.webp.webp?fit=1200%2C619&ssl=1&resize=1050%2C600 3x"},"classes":[]}],"jetpack_sharing_enabled":true,"jetpack_shortlink":"https:\/\/wp.me\/peQAOb-jmk","_links":{"self":[{"href":"https:\/\/noticiasribeiraopreto.com.br\/index.php\/wp-json\/wp\/v2\/posts\/74420","targetHints":{"allow":["GET"]}}],"collection":[{"href":"https:\/\/noticiasribeiraopreto.com.br\/index.php\/wp-json\/wp\/v2\/posts"}],"about":[{"href":"https:\/\/noticiasribeiraopreto.com.br\/index.php\/wp-json\/wp\/v2\/types\/post"}],"author":[{"embeddable":true,"href":"https:\/\/noticiasribeiraopreto.com.br\/index.php\/wp-json\/wp\/v2\/users\/1"}],"replies":[{"embeddable":true,"href":"https:\/\/noticiasribeiraopreto.com.br\/index.php\/wp-json\/wp\/v2\/comments?post=74420"}],"version-history":[{"count":0,"href":"https:\/\/noticiasribeiraopreto.com.br\/index.php\/wp-json\/wp\/v2\/posts\/74420\/revisions"}],"wp:featuredmedia":[{"embeddable":true,"href":"https:\/\/noticiasribeiraopreto.com.br\/index.php\/wp-json\/wp\/v2\/media\/74421"}],"wp:attachment":[{"href":"https:\/\/noticiasribeiraopreto.com.br\/index.php\/wp-json\/wp\/v2\/media?parent=74420"}],"wp:term":[{"taxonomy":"category","embeddable":true,"href":"https:\/\/noticiasribeiraopreto.com.br\/index.php\/wp-json\/wp\/v2\/categories?post=74420"},{"taxonomy":"post_tag","embeddable":true,"href":"https:\/\/noticiasribeiraopreto.com.br\/index.php\/wp-json\/wp\/v2\/tags?post=74420"}],"curies":[{"name":"wp","href":"https:\/\/api.w.org\/{rel}","templated":true}]}}