{"id":74422,"date":"2025-07-22T15:40:15","date_gmt":"2025-07-22T18:40:15","guid":{"rendered":"https:\/\/noticiasribeiraopreto.com.br\/index.php\/2025\/07\/22\/em-busca-de-emprego-ribeirao-preto-tera-mutirao-com-mais-de-500-vagas\/"},"modified":"2025-07-22T15:40:15","modified_gmt":"2025-07-22T18:40:15","slug":"em-busca-de-emprego-ribeirao-preto-tera-mutirao-com-mais-de-500-vagas","status":"publish","type":"post","link":"https:\/\/noticiasribeiraopreto.com.br\/index.php\/2025\/07\/22\/em-busca-de-emprego-ribeirao-preto-tera-mutirao-com-mais-de-500-vagas\/","title":{"rendered":"Em busca de emprego? Ribeir\u00e3o Preto ter\u00e1 mutir\u00e3o com mais de 500 vagas"},"content":{"rendered":"<div class='code-block code-block-1' style='margin: 8px 0 8px auto; text-align: right; display: block; clear: both;'>\n<p><a href=\"https:\/\/wa.link\/vpicfd\"><img data-recalc-dims=\"1\" class=\"wp-image-4922\" style=\"aspect-ratio: 2.0253164556962027; width: 561px; height: auto;\" src=\"https:\/\/i0.wp.com\/ismaelcolosi.com.br\/wp-content\/uploads\/2023\/11\/grupo-de-empregos-whatsapp-e-facebook-ismael-colosi-vagas.jpg?ssl=1\" alt=\"\" \/><\/a><\/p>\n<!-- \/wp:image -->\n<\/div>\n<p> <br \/>\n<\/p>\n<div data-td-block-uid=\"tdi_95\">\n<div class=\"tdb-block-inner td-fix-index\">\n<p>O <strong>Terminal Rodovi\u00e1rio de Ribeir\u00e3o Preto<\/strong> recebe, nos dias 24 e 25 de julho, das 10h \u00e0s 13h, <strong>mais uma edi\u00e7\u00e3o do Mutir\u00e3o do Emprego<\/strong>. A iniciativa, realizada em parceria com o Instituto Brasileiro do Emprego e do Empreendedorismo (IBEE), vai oferecer <strong>mais de 500 vagas<\/strong> em empresas da cidade, com oportunidades para quem busca o <strong>primeiro emprego<\/strong>, <strong>est\u00e1gios <\/strong>e programas de Jovem Aprendiz.<\/p>\n<p>Al\u00e9m das vagas, os participantes ter\u00e3o acesso a orienta\u00e7\u00f5es sobre <strong>empreendedorismo<\/strong>, <strong>dicas para entrevistas<\/strong> e apoio na elabora\u00e7\u00e3o de curr\u00edculos. <mark style=\"background-color:#fcb900\" class=\"has-inline-color\">A entrada \u00e9 gratuita.<\/mark><\/p>\n<p>As entrevistas acontecem no pr\u00f3prio local e os candidatos podem sair do terminal j\u00e1 contratados. A organiza\u00e7\u00e3o orienta que os interessados levem <strong>curr\u00edculo impresso e documentos pessoais com foto<\/strong>.<\/p>\n<hr class=\"wp-block-separator has-alpha-channel-opacity\"\/>\n<p>SAIBA MAIS<\/p>\n<p>24\u00aa Feira Internacional do Livro de Ribeir\u00e3o Preto lan\u00e7a programa\u00e7\u00e3o<\/p>\n<h2 class=\"wp-block-heading\"><strong>FIQUE ON<\/strong><\/h2>\n<p>Quer ficar por dentro de tudo que acontece em Ribeir\u00e3o Preto e regi\u00e3o? Ent\u00e3o siga os perfis do\u202facidade on\u202fno\u202f<a href=\"https:\/\/www.instagram.com\/acidadeonribeirao\" target=\"_blank\" rel=\"noreferrer noopener\">Instagram<\/a>\u202fe no\u202f<a href=\"https:\/\/www.facebook.com\/acidadeonribeirao\/\" target=\"_blank\" rel=\"noreferrer noopener\">Facebook<\/a>.<\/p>\n<p>Al\u00e9m disso, voc\u00ea pode receber as principais not\u00edcias diretamente no WhatsApp. Para isso, basta\u00a0<a href=\"https:\/\/chat.whatsapp.com\/BjKQZ9oJwlz8VVT50NuePq\" target=\"_blank\" rel=\"noreferrer noopener\">entrar no grupo clicando aqui<\/a>. <mark style=\"background-color:#ffffff\" class=\"has-inline-color has-white-color\">, contudo<\/mark><\/p>\n<p>Por fim, se quiser fazer uma den\u00fancia ou sugerir uma reportagem sobre Ribeir\u00e3o Preto e regi\u00e3o, envie uma mensagem pelo WhatsApp: (16) 99117-7802.<mark style=\"background-color:#ffffff\" class=\"has-inline-color has-white-color\"> , contudo<\/mark><\/p>\n<p>VEJA TAMB\u00c9M<\/p>\n<p>Onde ver os locais de provas do concurso da PF?<\/p>\n<p><!-- AI CONTENT END 1 -->\n<\/div>\n<\/div>\n<p><script async src=\"\/\/www.instagram.com\/embed.js\"><\/script><br \/>\n<br \/><br \/>\n<br \/><a href=\"https:\/\/www.acidadeon.com\/ribeiraopreto\/economia\/em-busca-de-emprego-ribeirao-preto-tera-mutirao-com-mais-de-500-vagas\/\">Source link <\/a><\/p>\n<!-- CONTENT END 1 -->\n","protected":false},"excerpt":{"rendered":"<p>O Terminal Rodovi\u00e1rio de Ribeir\u00e3o Preto recebe, nos dias 24 e 25 de julho, das 10h \u00e0s 13h, mais uma edi\u00e7\u00e3o do Mutir\u00e3o do Emprego&#8230;.<\/p>\n","protected":false},"author":1,"featured_media":73694,"comment_status":"open","ping_status":"open","sticky":false,"template":"","format":"standard","meta":{"advanced_seo_description":"","jetpack_seo_html_title":"","jetpack_seo_noindex":false,"jetpack_post_was_ever_published":false,"_jetpack_newsletter_access":"","_jetpack_dont_email_post_to_subs":false,"_jetpack_newsletter_tier_id":0,"_jetpack_memberships_contains_paywalled_content":false,"_jetpack_memberships_contains_paid_content":false,"footnotes":"","jetpack_publicize_message":"","jetpack_publicize_feature_enabled":true,"jetpack_social_post_already_shared":true,"jetpack_social_options":{"image_generator_settings":{"template":"highway","default_image_id":0,"font":"","enabled":false},"version":2}},"categories":[11],"tags":[],"class_list":["post-74422","post","type-post","status-publish","format-standard","has-post-thumbnail","hentry","category-noticias-de-ribeirao-preto-sp-e-regiao-ismael-colosi"],"jetpack_publicize_connections":[],"jetpack_featured_media_url":"https:\/\/i0.wp.com\/noticiasribeiraopreto.com.br\/wp-content\/uploads\/2025\/07\/carteira_de_1024x576_27092020203402_2025-07-07_21-38-43.webp.webp?fit=1024%2C576&ssl=1","jetpack-related-posts":[{"id":74433,"url":"https:\/\/noticiasribeiraopreto.com.br\/index.php\/2025\/07\/22\/novo-mutirao-tem-500-vagas\/","url_meta":{"origin":74422,"position":0},"title":"Novo mutir\u00e3o tem 500 vagas","author":"noticiasribeiraopreto.com.br","date":"22 de July de 2025","format":false,"excerpt":"Nesta quinta (24) e na sexta-feira, 25 de julho, o Terminal Rodovi\u00e1rio de Ribeir\u00e3o Preto ser\u00e1 palco do Mini Mutir\u00e3o, o segundo da programa\u00e7\u00e3o 2025 do Programa Emprega Mais Ribeir\u00e3o, a maior mobiliza\u00e7\u00e3o por empregabilidade j\u00e1 realizada na cidade, uma iniciativa da Secretaria de Inova\u00e7\u00e3o e Desenvolvimento Econ\u00f4mico e entidades\u2026","rel":"","context":"In &quot;Not\u00edcias de Ribeir\u00e3o Preto-SP e Regi\u00e3o&quot;","block_context":{"text":"Not\u00edcias de Ribeir\u00e3o Preto-SP e Regi\u00e3o","link":"https:\/\/noticiasribeiraopreto.com.br\/index.php\/category\/noticias-de-ribeirao-preto-sp-e-regiao-ismael-colosi\/"},"img":{"alt_text":"","src":"https:\/\/i0.wp.com\/noticiasribeiraopreto.com.br\/wp-content\/uploads\/2025\/07\/MutiraoP-Guilherme-Sircili-scaled.jpg?fit=1171%2C780&ssl=1&resize=350%2C200","width":350,"height":200,"srcset":"https:\/\/i0.wp.com\/noticiasribeiraopreto.com.br\/wp-content\/uploads\/2025\/07\/MutiraoP-Guilherme-Sircili-scaled.jpg?fit=1171%2C780&ssl=1&resize=350%2C200 1x, https:\/\/i0.wp.com\/noticiasribeiraopreto.com.br\/wp-content\/uploads\/2025\/07\/MutiraoP-Guilherme-Sircili-scaled.jpg?fit=1171%2C780&ssl=1&resize=525%2C300 1.5x, https:\/\/i0.wp.com\/noticiasribeiraopreto.com.br\/wp-content\/uploads\/2025\/07\/MutiraoP-Guilherme-Sircili-scaled.jpg?fit=1171%2C780&ssl=1&resize=700%2C400 2x, https:\/\/i0.wp.com\/noticiasribeiraopreto.com.br\/wp-content\/uploads\/2025\/07\/MutiraoP-Guilherme-Sircili-scaled.jpg?fit=1171%2C780&ssl=1&resize=1050%2C600 3x"},"classes":[]},{"id":54358,"url":"https:\/\/noticiasribeiraopreto.com.br\/index.php\/2024\/07\/10\/mutirao-oferece-mais-de-500-vagas-de-emprego-em-ribeirao-preto-veja-como-participar\/","url_meta":{"origin":74422,"position":1},"title":"Mutir\u00e3o oferece mais de 500 vagas de emprego em Ribeir\u00e3o Preto; Veja como participar","author":"noticiasribeiraopreto.com.br","date":"10 de July de 2024","format":false,"excerpt":"Na manh\u00e3 desta quarta-feira (10), das 9h \u00e0s 12h, acontece um mutir\u00e3o com mais de 500 vagas de emprego dispon\u00edveis em \u00e1reas diversas, no sagu\u00e3o principal do terminal rodovi\u00e1rio de Ribeir\u00e3o Preto, localizado na avenida Jer\u00f4nimo Gon\u00e7alves, 640. As oportunidades s\u00e3o para CLT, est\u00e1gio e aprendiz. A iniciativa \u00e9 realizada\u2026","rel":"","context":"In &quot;Not\u00edcias de Ribeir\u00e3o Preto-SP e Regi\u00e3o&quot;","block_context":{"text":"Not\u00edcias de Ribeir\u00e3o Preto-SP e Regi\u00e3o","link":"https:\/\/noticiasribeiraopreto.com.br\/index.php\/category\/noticias-de-ribeirao-preto-sp-e-regiao-ismael-colosi\/"},"img":{"alt_text":"","src":"https:\/\/i0.wp.com\/noticiasribeiraopreto.com.br\/wp-content\/uploads\/2024\/07\/Copia-de-Copia-de-TAMANHO-EXATO-PARA-FOTOS-NO-SISTEMA-NOVO-14_2024-07-10_11-41-05_jpg_2024-07-10_11-41-06.webp.webp?fit=1200%2C675&ssl=1&resize=350%2C200","width":350,"height":200,"srcset":"https:\/\/i0.wp.com\/noticiasribeiraopreto.com.br\/wp-content\/uploads\/2024\/07\/Copia-de-Copia-de-TAMANHO-EXATO-PARA-FOTOS-NO-SISTEMA-NOVO-14_2024-07-10_11-41-05_jpg_2024-07-10_11-41-06.webp.webp?fit=1200%2C675&ssl=1&resize=350%2C200 1x, https:\/\/i0.wp.com\/noticiasribeiraopreto.com.br\/wp-content\/uploads\/2024\/07\/Copia-de-Copia-de-TAMANHO-EXATO-PARA-FOTOS-NO-SISTEMA-NOVO-14_2024-07-10_11-41-05_jpg_2024-07-10_11-41-06.webp.webp?fit=1200%2C675&ssl=1&resize=525%2C300 1.5x, https:\/\/i0.wp.com\/noticiasribeiraopreto.com.br\/wp-content\/uploads\/2024\/07\/Copia-de-Copia-de-TAMANHO-EXATO-PARA-FOTOS-NO-SISTEMA-NOVO-14_2024-07-10_11-41-05_jpg_2024-07-10_11-41-06.webp.webp?fit=1200%2C675&ssl=1&resize=700%2C400 2x, https:\/\/i0.wp.com\/noticiasribeiraopreto.com.br\/wp-content\/uploads\/2024\/07\/Copia-de-Copia-de-TAMANHO-EXATO-PARA-FOTOS-NO-SISTEMA-NOVO-14_2024-07-10_11-41-05_jpg_2024-07-10_11-41-06.webp.webp?fit=1200%2C675&ssl=1&resize=1050%2C600 3x"},"classes":[]},{"id":76963,"url":"https:\/\/noticiasribeiraopreto.com.br\/index.php\/2025\/09\/09\/ribeirao-tem-mutirao-do-emprego-com-500-vagas-saiba-como-participar\/","url_meta":{"origin":74422,"position":2},"title":"Ribeir\u00e3o tem mutir\u00e3o do emprego com 500 vagas; Saiba como participar","author":"noticiasribeiraopreto.com.br","date":"9 de September de 2025","format":false,"excerpt":"Ribeir\u00e3o Preto recebe nesta quinta-feira (11), das 10h \u00e0s 13h, um novo mutir\u00e3o do emprego com cerca de 500 vagas de trabalho, incluindo empregos formais, est\u00e1gios e oportunidades para jovens aprendizes. A a\u00e7\u00e3o \u00e9 totalmente gratuita e acontecer\u00e1 na sede do SINCOVARP (Sindicato do Com\u00e9rcio Varejista de Ribeir\u00e3o Preto), localizada\u2026","rel":"","context":"In &quot;Not\u00edcias de Ribeir\u00e3o Preto-SP e Regi\u00e3o&quot;","block_context":{"text":"Not\u00edcias de Ribeir\u00e3o Preto-SP e Regi\u00e3o","link":"https:\/\/noticiasribeiraopreto.com.br\/index.php\/category\/noticias-de-ribeirao-preto-sp-e-regiao-ismael-colosi\/"},"img":{"alt_text":"","src":"https:\/\/i0.wp.com\/noticiasribeiraopreto.com.br\/wp-content\/uploads\/2025\/09\/1vagas_pat_-_foto_guilherme_sircili_4.jpg?fit=1200%2C799&ssl=1&resize=350%2C200","width":350,"height":200,"srcset":"https:\/\/i0.wp.com\/noticiasribeiraopreto.com.br\/wp-content\/uploads\/2025\/09\/1vagas_pat_-_foto_guilherme_sircili_4.jpg?fit=1200%2C799&ssl=1&resize=350%2C200 1x, https:\/\/i0.wp.com\/noticiasribeiraopreto.com.br\/wp-content\/uploads\/2025\/09\/1vagas_pat_-_foto_guilherme_sircili_4.jpg?fit=1200%2C799&ssl=1&resize=525%2C300 1.5x, https:\/\/i0.wp.com\/noticiasribeiraopreto.com.br\/wp-content\/uploads\/2025\/09\/1vagas_pat_-_foto_guilherme_sircili_4.jpg?fit=1200%2C799&ssl=1&resize=700%2C400 2x, https:\/\/i0.wp.com\/noticiasribeiraopreto.com.br\/wp-content\/uploads\/2025\/09\/1vagas_pat_-_foto_guilherme_sircili_4.jpg?fit=1200%2C799&ssl=1&resize=1050%2C600 3x"},"classes":[]},{"id":57755,"url":"https:\/\/noticiasribeiraopreto.com.br\/index.php\/2024\/09\/09\/ribeirao-preto-tem-mutirao-do-emprego-com-mais-de-mil-vagas-veja-como-participar\/","url_meta":{"origin":74422,"position":3},"title":"Ribeir\u00e3o Preto tem mutir\u00e3o do emprego com mais de mil vagas; Veja como participar","author":"noticiasribeiraopreto.com.br","date":"9 de September de 2024","format":false,"excerpt":"Um mutir\u00e3o do emprego com mais de mil oportunidades acontece nesta quarta-feira (11), das 9h \u00e0s 12h, no Terminal Rodovi\u00e1rio de Ribeir\u00e3o Preto, regi\u00e3o central do munic\u00edpio. Al\u00e9m das vagas de emprego, haver\u00e1 oportunidades para est\u00e1gio e aprendiz. O mutir\u00e3o tamb\u00e9m oferecer\u00e1 servi\u00e7os de orienta\u00e7\u00e3o profissional e dicas de curr\u00edculo\u2026","rel":"","context":"In &quot;Not\u00edcias de Ribeir\u00e3o Preto-SP e Regi\u00e3o&quot;","block_context":{"text":"Not\u00edcias de Ribeir\u00e3o Preto-SP e Regi\u00e3o","link":"https:\/\/noticiasribeiraopreto.com.br\/index.php\/category\/noticias-de-ribeirao-preto-sp-e-regiao-ismael-colosi\/"},"img":{"alt_text":"","src":"https:\/\/i0.wp.com\/noticiasribeiraopreto.com.br\/wp-content\/uploads\/2024\/09\/Copia-de-Copia-de-TAMANHO-EXATO-PARA-FOTOS-NO-SISTEMA-NOVO-76.jpg?fit=1200%2C675&ssl=1&resize=350%2C200","width":350,"height":200,"srcset":"https:\/\/i0.wp.com\/noticiasribeiraopreto.com.br\/wp-content\/uploads\/2024\/09\/Copia-de-Copia-de-TAMANHO-EXATO-PARA-FOTOS-NO-SISTEMA-NOVO-76.jpg?fit=1200%2C675&ssl=1&resize=350%2C200 1x, https:\/\/i0.wp.com\/noticiasribeiraopreto.com.br\/wp-content\/uploads\/2024\/09\/Copia-de-Copia-de-TAMANHO-EXATO-PARA-FOTOS-NO-SISTEMA-NOVO-76.jpg?fit=1200%2C675&ssl=1&resize=525%2C300 1.5x, https:\/\/i0.wp.com\/noticiasribeiraopreto.com.br\/wp-content\/uploads\/2024\/09\/Copia-de-Copia-de-TAMANHO-EXATO-PARA-FOTOS-NO-SISTEMA-NOVO-76.jpg?fit=1200%2C675&ssl=1&resize=700%2C400 2x, https:\/\/i0.wp.com\/noticiasribeiraopreto.com.br\/wp-content\/uploads\/2024\/09\/Copia-de-Copia-de-TAMANHO-EXATO-PARA-FOTOS-NO-SISTEMA-NOVO-76.jpg?fit=1200%2C675&ssl=1&resize=1050%2C600 3x"},"classes":[]},{"id":59090,"url":"https:\/\/noticiasribeiraopreto.com.br\/index.php\/2024\/10\/14\/mutirao-com-mais-de-12-mil-vagas-de-emprego-acontece-em-ribeirao-preto\/","url_meta":{"origin":74422,"position":4},"title":"Mutir\u00e3o com mais de 1,2 mil vagas de emprego acontece em Ribeir\u00e3o Preto","author":"noticiasribeiraopreto.com.br","date":"14 de October de 2024","format":false,"excerpt":"Um mutir\u00e3o do emprego com mais de 1,2 mil vagas acontece nesta quarta-feira (16), das 9h \u00e0s 12h, no Terminal Rodovi\u00e1rio de Ribeir\u00e3o Preto, regi\u00e3o central do munic\u00edpio. Ser\u00e3o disponibilizadas oportunidades para aqueles que buscam ingressar ou se recolocar no mercado de trabalho. A iniciativa tem parceria com empresas de\u2026","rel":"","context":"In &quot;Not\u00edcias de Ribeir\u00e3o Preto-SP e Regi\u00e3o&quot;","block_context":{"text":"Not\u00edcias de Ribeir\u00e3o Preto-SP e Regi\u00e3o","link":"https:\/\/noticiasribeiraopreto.com.br\/index.php\/category\/noticias-de-ribeirao-preto-sp-e-regiao-ismael-colosi\/"},"img":{"alt_text":"","src":"https:\/\/i0.wp.com\/noticiasribeiraopreto.com.br\/wp-content\/uploads\/2024\/10\/WhatsApp-Image-2023-12-21-at-16.11.23.jpeg?fit=1200%2C800&ssl=1&resize=350%2C200","width":350,"height":200,"srcset":"https:\/\/i0.wp.com\/noticiasribeiraopreto.com.br\/wp-content\/uploads\/2024\/10\/WhatsApp-Image-2023-12-21-at-16.11.23.jpeg?fit=1200%2C800&ssl=1&resize=350%2C200 1x, https:\/\/i0.wp.com\/noticiasribeiraopreto.com.br\/wp-content\/uploads\/2024\/10\/WhatsApp-Image-2023-12-21-at-16.11.23.jpeg?fit=1200%2C800&ssl=1&resize=525%2C300 1.5x, https:\/\/i0.wp.com\/noticiasribeiraopreto.com.br\/wp-content\/uploads\/2024\/10\/WhatsApp-Image-2023-12-21-at-16.11.23.jpeg?fit=1200%2C800&ssl=1&resize=700%2C400 2x, https:\/\/i0.wp.com\/noticiasribeiraopreto.com.br\/wp-content\/uploads\/2024\/10\/WhatsApp-Image-2023-12-21-at-16.11.23.jpeg?fit=1200%2C800&ssl=1&resize=1050%2C600 3x"},"classes":[]},{"id":48781,"url":"https:\/\/noticiasribeiraopreto.com.br\/index.php\/2024\/05\/06\/ribeirao-preto-tem-mutirao-de-emprego-com-mais-de-300-vagas-saiba-mais\/","url_meta":{"origin":74422,"position":5},"title":"Ribeir\u00e3o Preto tem mutir\u00e3o de emprego com mais de 300 vagas; Saiba mais","author":"noticiasribeiraopreto.com.br","date":"6 de May de 2024","format":false,"excerpt":"A Prefeitura de Ribeir\u00e3o Preto realiza nesta quarta-feira (8) um \u201cMutir\u00e3o de Emprego\u201d com mais de 300 vagas. A a\u00e7\u00e3o ser\u00e1 no Terminal Rodovi\u00e1rio, que fica na avenida Jer\u00f4nimo Gon\u00e7alves, 640, das 9h \u00e0s 12h. Os interessados em concorrer a uma das vagas, que v\u00e3o desde est\u00e1gios at\u00e9 recoloca\u00e7\u00e3o no\u2026","rel":"","context":"In &quot;Not\u00edcias de Ribeir\u00e3o Preto-SP e Regi\u00e3o&quot;","block_context":{"text":"Not\u00edcias de Ribeir\u00e3o Preto-SP e Regi\u00e3o","link":"https:\/\/noticiasribeiraopreto.com.br\/index.php\/category\/noticias-de-ribeirao-preto-sp-e-regiao-ismael-colosi\/"},"img":{"alt_text":"","src":"https:\/\/i0.wp.com\/noticiasribeiraopreto.com.br\/wp-content\/uploads\/2024\/05\/closeup-de-candidato-a-emprego-dando-seu-curriculo-durante-a-entrevista-de-emprego-no-escritorio-scaled.jpg?fit=1200%2C800&ssl=1&resize=350%2C200","width":350,"height":200,"srcset":"https:\/\/i0.wp.com\/noticiasribeiraopreto.com.br\/wp-content\/uploads\/2024\/05\/closeup-de-candidato-a-emprego-dando-seu-curriculo-durante-a-entrevista-de-emprego-no-escritorio-scaled.jpg?fit=1200%2C800&ssl=1&resize=350%2C200 1x, https:\/\/i0.wp.com\/noticiasribeiraopreto.com.br\/wp-content\/uploads\/2024\/05\/closeup-de-candidato-a-emprego-dando-seu-curriculo-durante-a-entrevista-de-emprego-no-escritorio-scaled.jpg?fit=1200%2C800&ssl=1&resize=525%2C300 1.5x, https:\/\/i0.wp.com\/noticiasribeiraopreto.com.br\/wp-content\/uploads\/2024\/05\/closeup-de-candidato-a-emprego-dando-seu-curriculo-durante-a-entrevista-de-emprego-no-escritorio-scaled.jpg?fit=1200%2C800&ssl=1&resize=700%2C400 2x, https:\/\/i0.wp.com\/noticiasribeiraopreto.com.br\/wp-content\/uploads\/2024\/05\/closeup-de-candidato-a-emprego-dando-seu-curriculo-durante-a-entrevista-de-emprego-no-escritorio-scaled.jpg?fit=1200%2C800&ssl=1&resize=1050%2C600 3x"},"classes":[]}],"jetpack_sharing_enabled":true,"jetpack_shortlink":"https:\/\/wp.me\/peQAOb-jmm","_links":{"self":[{"href":"https:\/\/noticiasribeiraopreto.com.br\/index.php\/wp-json\/wp\/v2\/posts\/74422","targetHints":{"allow":["GET"]}}],"collection":[{"href":"https:\/\/noticiasribeiraopreto.com.br\/index.php\/wp-json\/wp\/v2\/posts"}],"about":[{"href":"https:\/\/noticiasribeiraopreto.com.br\/index.php\/wp-json\/wp\/v2\/types\/post"}],"author":[{"embeddable":true,"href":"https:\/\/noticiasribeiraopreto.com.br\/index.php\/wp-json\/wp\/v2\/users\/1"}],"replies":[{"embeddable":true,"href":"https:\/\/noticiasribeiraopreto.com.br\/index.php\/wp-json\/wp\/v2\/comments?post=74422"}],"version-history":[{"count":0,"href":"https:\/\/noticiasribeiraopreto.com.br\/index.php\/wp-json\/wp\/v2\/posts\/74422\/revisions"}],"wp:featuredmedia":[{"embeddable":true,"href":"https:\/\/noticiasribeiraopreto.com.br\/index.php\/wp-json\/wp\/v2\/media\/73694"}],"wp:attachment":[{"href":"https:\/\/noticiasribeiraopreto.com.br\/index.php\/wp-json\/wp\/v2\/media?parent=74422"}],"wp:term":[{"taxonomy":"category","embeddable":true,"href":"https:\/\/noticiasribeiraopreto.com.br\/index.php\/wp-json\/wp\/v2\/categories?post=74422"},{"taxonomy":"post_tag","embeddable":true,"href":"https:\/\/noticiasribeiraopreto.com.br\/index.php\/wp-json\/wp\/v2\/tags?post=74422"}],"curies":[{"name":"wp","href":"https:\/\/api.w.org\/{rel}","templated":true}]}}