{"id":74423,"date":"2025-07-22T15:47:45","date_gmt":"2025-07-22T18:47:45","guid":{"rendered":"https:\/\/noticiasribeiraopreto.com.br\/index.php\/2025\/07\/22\/ozzy-osbourne-do-black-sabbath-morre-aos-76-anos\/"},"modified":"2025-07-22T15:47:45","modified_gmt":"2025-07-22T18:47:45","slug":"ozzy-osbourne-do-black-sabbath-morre-aos-76-anos","status":"publish","type":"post","link":"https:\/\/noticiasribeiraopreto.com.br\/index.php\/2025\/07\/22\/ozzy-osbourne-do-black-sabbath-morre-aos-76-anos\/","title":{"rendered":"Ozzy Osbourne, do Black Sabbath, morre aos 76 anos"},"content":{"rendered":"<div class='code-block code-block-1' style='margin: 8px 0 8px auto; text-align: right; display: block; clear: both;'>\n<p><a href=\"https:\/\/wa.link\/vpicfd\"><img data-recalc-dims=\"1\" class=\"wp-image-4922\" style=\"aspect-ratio: 2.0253164556962027; width: 561px; height: auto;\" src=\"https:\/\/i0.wp.com\/ismaelcolosi.com.br\/wp-content\/uploads\/2023\/11\/grupo-de-empregos-whatsapp-e-facebook-ismael-colosi-vagas.jpg?ssl=1\" alt=\"\" \/><\/a><\/p>\n<!-- \/wp:image -->\n<\/div>\n<p> <br \/>\n<\/p>\n<div id=\"post-432291\">\n<header class=\"entry-header penci-entry-header penci-title-center\">\n<p>\n\t\t\t\t\t\t\t\t\t<span class=\"entry-meta-item penci-posted-on\"><i class=\"fa fa-clock-o\"\/><time class=\"entry-date published updated\" datetime=\"2025-07-22T15:41:41-03:00\">22 de julho de 2025 15:41<\/time><\/span><span class=\"entry-meta-item penci-post-countview\"><span class=\"entry-meta-item penci-post-countview penci_post-meta_item\"><i class=\"fa fa-eye\"\/><span class=\"penci-post-countview-number penci-post-countview-p432291\">5<\/span><\/span><\/span>\t\t\t\t\t\t\t\t<\/p>\n<p><!-- .entry-meta --><br \/>\n\t\t\t\t\t\t\t\t<span class=\"penci-social-buttons penci-social-share-footer\"><span class=\"penci-social-share-text\">Compartilhar<\/span><a href=\"#\" class=\"penci-post-like penci_post-meta_item  single-like-button penci-social-item like\" data-post_id=\"432291\" title=\"Like\" data-like=\"Like\" data-unlike=\"Unlike\"><i class=\"fa fa-thumbs-o-up\"\/><span class=\"penci-share-number\">0<\/span><\/a><i class=\"fa fa-facebook\"\/><a class=\"penci-social-item twitter\" target=\"_blank\" rel=\"noopener\" title=\"\" href=\"https:\/\/twitter.com\/intent\/tweet?text=Ozzy%20Osbourne,%20do%20Black%20Sabbath,%20morre%20aos%2076%20anos%20-%20https:\/\/www.tribunaribeirao.com.br\/ozzy-osbourne-do-black-sabbath-morre-aos-76-anos\/\"><i class=\"fa fa-twitter\"\/><\/a><i class=\"fa fa-linkedin\"\/><i class=\"fa fa-whatsapp\"\/><i class=\"fa fa-telegram\"\/><i class=\"fa fa-envelope\"\/><\/span>\t\t\t\t\t\t\t<\/header>\n<p><!-- .entry-header --><\/p>\n<div class=\"entry-media penci-entry-media\">\n<div class=\"post-format-meta \"><img data-recalc-dims=\"1\" loading=\"lazy\" width=\"700\" height=\"467\" src=\"https:\/\/i0.wp.com\/www.tribunaribeirao.com.br\/wp-content\/uploads\/2025\/07\/ozyyyyyy.jpeg?resize=700%2C467&#038;ssl=1\" class=\"attachment-penci-thumb-960-auto size-penci-thumb-960-auto wp-post-image lazyload\" alt=\"\" decoding=\"async\" srcset=\"https:\/\/www.tribunaribeirao.com.br\/wp-content\/uploads\/2025\/07\/ozyyyyyy.jpeg 700w, https:\/\/www.tribunaribeirao.com.br\/wp-content\/uploads\/2025\/07\/ozyyyyyy-300x200.jpeg 300w, https:\/\/www.tribunaribeirao.com.br\/wp-content\/uploads\/2025\/07\/ozyyyyyy-480x320.jpeg 480w, https:\/\/www.tribunaribeirao.com.br\/wp-content\/uploads\/2025\/07\/ozyyyyyy-280x186.jpeg 280w, https:\/\/www.tribunaribeirao.com.br\/wp-content\/uploads\/2025\/07\/ozyyyyyy-600x400.jpeg 600w, https:\/\/www.tribunaribeirao.com.br\/wp-content\/uploads\/2025\/07\/ozyyyyyy-585x390.jpeg 585w\" data-sizes=\"(max-width: 700px) 100vw, 700px\" style=\"--smush-placeholder-width: 700px; --smush-placeholder-aspect-ratio: 700\/467;\"\/><\/div>\n<\/p><\/div>\n<div class=\"penci-entry-content entry-content\">\n<div class=\"wall protected-content\">\n<div class=\"mc-column content-text active-extra-styles \" data-block-type=\"unstyled\" data-block-weight=\"56\" data-block-id=\"3\">\n<p>O vocalista da banda de heavy metal brit\u00e2nica Black Sabbath, Ozzy Osbourne, morreu nesta ter\u00e7a-feira (22\/7) aos 76 anos, anunciou sua fam\u00edlia.<\/p>\n<p>Em comunicado, a fam\u00edlia informou: \u201c\u00c9 com mais tristeza do que meras palavras podem expressar que temos que informar que nosso amado Ozzy Osbourne faleceu esta manh\u00e3. Ele estava com sua fam\u00edlia e cercado de amor. Pedimos a todos que respeitem a privacidade de nossa fam\u00edlia neste momento.\u201d<\/p>\n<p>\u00a0<\/p>\n<\/div>\n<\/div>\n<\/div>\n<p><!-- .entry-content --><\/p>\n<footer class=\"penci-entry-footer\">\n\t\t\t\t\t\t\t\t<span class=\"penci-social-buttons penci-social-share-footer\"><span class=\"penci-social-share-text\">Compartilhar<\/span><a href=\"#\" class=\"penci-post-like penci_post-meta_item  single-like-button penci-social-item like\" data-post_id=\"432291\" title=\"Like\" data-like=\"Like\" data-unlike=\"Unlike\"><i class=\"fa fa-thumbs-o-up\"\/><span class=\"penci-share-number\">0<\/span><\/a><i class=\"fa fa-facebook\"\/><a class=\"penci-social-item twitter\" target=\"_blank\" rel=\"noopener\" title=\"\" href=\"https:\/\/twitter.com\/intent\/tweet?text=Ozzy%20Osbourne,%20do%20Black%20Sabbath,%20morre%20aos%2076%20anos%20-%20https:\/\/www.tribunaribeirao.com.br\/ozzy-osbourne-do-black-sabbath-morre-aos-76-anos\/\"><i class=\"fa fa-twitter\"\/><\/a><i class=\"fa fa-linkedin\"\/><i class=\"fa fa-whatsapp\"\/><i class=\"fa fa-telegram\"\/><i class=\"fa fa-envelope\"\/><\/span>\t\t\t\t\t\t\t<\/footer>\n<p><!-- .entry-footer -->\n\t\t\t\t\t\t<\/div>\n<p><script async src=\"\/\/platform.twitter.com\/widgets.js\" charset=\"utf-8\"><\/script><br \/>\n<br \/><br \/>\n<br \/><a href=\"https:\/\/www.tribunaribeirao.com.br\/ozzy-osbourne-do-black-sabbath-morre-aos-76-anos\/\">Source link <\/a><\/p>\n<!-- CONTENT END 1 -->\n","protected":false},"excerpt":{"rendered":"<p>22 de julho de 2025 15:415 Compartilhar0 O vocalista da banda de heavy metal brit\u00e2nica Black Sabbath, Ozzy Osbourne, morreu nesta ter\u00e7a-feira (22\/7) aos 76&#8230;<\/p>\n","protected":false},"author":1,"featured_media":74424,"comment_status":"open","ping_status":"open","sticky":false,"template":"","format":"standard","meta":{"advanced_seo_description":"","jetpack_seo_html_title":"","jetpack_seo_noindex":false,"jetpack_post_was_ever_published":false,"_jetpack_newsletter_access":"","_jetpack_dont_email_post_to_subs":false,"_jetpack_newsletter_tier_id":0,"_jetpack_memberships_contains_paywalled_content":false,"_jetpack_memberships_contains_paid_content":false,"footnotes":"","jetpack_publicize_message":"","jetpack_publicize_feature_enabled":true,"jetpack_social_post_already_shared":true,"jetpack_social_options":{"image_generator_settings":{"template":"highway","default_image_id":0,"font":"","enabled":false},"version":2}},"categories":[11],"tags":[],"class_list":["post-74423","post","type-post","status-publish","format-standard","has-post-thumbnail","hentry","category-noticias-de-ribeirao-preto-sp-e-regiao-ismael-colosi"],"jetpack_publicize_connections":[],"jetpack_featured_media_url":"https:\/\/i0.wp.com\/noticiasribeiraopreto.com.br\/wp-content\/uploads\/2025\/07\/ozyyyyyy.jpeg?fit=700%2C467&ssl=1","jetpack-related-posts":[{"id":74446,"url":"https:\/\/noticiasribeiraopreto.com.br\/index.php\/2025\/07\/22\/morre-ozzy-osbourne-aos-76-anos\/","url_meta":{"origin":74423,"position":0},"title":"Morre Ozzy Osbourne, aos 76 anos","author":"noticiasribeiraopreto.com.br","date":"22 de July de 2025","format":false,"excerpt":"O vocalista da banda Black Sabbath, Ozzy Osbourne, morreu nesta ter\u00e7a-feira (22), aos 76 anos. O \u201cPr\u00edncipe das Trevas\u201d nasceu em Birmingham, na Inglaterra. A morte de Ozzy Osbourne foi confirmada pela BBC. O an\u00fancio foi realizado pela fam\u00edlia do artista. \u201c\u00c9 com muita tristeza [\u2026] que temos que informar\u2026","rel":"","context":"In &quot;Not\u00edcias de Ribeir\u00e3o Preto-SP e Regi\u00e3o&quot;","block_context":{"text":"Not\u00edcias de Ribeir\u00e3o Preto-SP e Regi\u00e3o","link":"https:\/\/noticiasribeiraopreto.com.br\/index.php\/category\/noticias-de-ribeirao-preto-sp-e-regiao-ismael-colosi\/"},"img":{"alt_text":"","src":"https:\/\/i0.wp.com\/noticiasribeiraopreto.com.br\/wp-content\/uploads\/2025\/07\/ozzy-osbourne_2025-07-22_18-24-08.webp.webp?fit=879%2C548&ssl=1&resize=350%2C200","width":350,"height":200,"srcset":"https:\/\/i0.wp.com\/noticiasribeiraopreto.com.br\/wp-content\/uploads\/2025\/07\/ozzy-osbourne_2025-07-22_18-24-08.webp.webp?fit=879%2C548&ssl=1&resize=350%2C200 1x, https:\/\/i0.wp.com\/noticiasribeiraopreto.com.br\/wp-content\/uploads\/2025\/07\/ozzy-osbourne_2025-07-22_18-24-08.webp.webp?fit=879%2C548&ssl=1&resize=525%2C300 1.5x, https:\/\/i0.wp.com\/noticiasribeiraopreto.com.br\/wp-content\/uploads\/2025\/07\/ozzy-osbourne_2025-07-22_18-24-08.webp.webp?fit=879%2C548&ssl=1&resize=700%2C400 2x"},"classes":[]},{"id":73598,"url":"https:\/\/noticiasribeiraopreto.com.br\/index.php\/2025\/07\/05\/morre-aos-83-anos-o-advogado-brasil-salomao\/","url_meta":{"origin":74423,"position":1},"title":"Morre, aos 83 anos, o advogado Brasil Salom\u00e3o","author":"noticiasribeiraopreto.com.br","date":"5 de July de 2025","format":false,"excerpt":"5 de julho de 2025 16:0914 Compartilhar0 Morreu neste s\u00e1bado, 5 de julho, o advogado Brasil do Pinhal Pereira Salom\u00e3o, aos 83 anos, em Ribeir\u00e3o Preto. Fundador do tradicional escrit\u00f3rio Brasil Salom\u00e3o e Matthes Advocacia, ele era considerado uma das maiores refer\u00eancias no Direito Tribut\u00e1rio do pa\u00eds. O vel\u00f3rio ser\u00e1\u2026","rel":"","context":"In &quot;Not\u00edcias de Ribeir\u00e3o Preto-SP e Regi\u00e3o&quot;","block_context":{"text":"Not\u00edcias de Ribeir\u00e3o Preto-SP e Regi\u00e3o","link":"https:\/\/noticiasribeiraopreto.com.br\/index.php\/category\/noticias-de-ribeirao-preto-sp-e-regiao-ismael-colosi\/"},"img":{"alt_text":"","src":"https:\/\/i0.wp.com\/noticiasribeiraopreto.com.br\/wp-content\/uploads\/2025\/07\/Brasil.jpg?fit=600%2C397&ssl=1&resize=350%2C200","width":350,"height":200,"srcset":"https:\/\/i0.wp.com\/noticiasribeiraopreto.com.br\/wp-content\/uploads\/2025\/07\/Brasil.jpg?fit=600%2C397&ssl=1&resize=350%2C200 1x, https:\/\/i0.wp.com\/noticiasribeiraopreto.com.br\/wp-content\/uploads\/2025\/07\/Brasil.jpg?fit=600%2C397&ssl=1&resize=525%2C300 1.5x"},"classes":[]},{"id":73697,"url":"https:\/\/noticiasribeiraopreto.com.br\/index.php\/2025\/07\/08\/mulher-morre-e-filha-fica-ferida-em-colisao-entre-motos\/","url_meta":{"origin":74423,"position":2},"title":"Mulher morre e filha fica ferida em colis\u00e3o entre motos","author":"noticiasribeiraopreto.com.br","date":"8 de July de 2025","format":false,"excerpt":"7 de julho de 2025 21:228 de julho de 2025 08:2545 Compartilhar0 Uma mulher de 26 anos morreu e a filha dela, de 9 anos, ficou ferida ap\u00f3s um acidente envolvendo duas motocicletas, na tarde desta segunda-feira (7), no bairro Vida Nova, em Barretos (SP). Segundo informa\u00e7\u00f5es da Pol\u00edcia Militar,\u2026","rel":"","context":"In &quot;Not\u00edcias de Ribeir\u00e3o Preto-SP e Regi\u00e3o&quot;","block_context":{"text":"Not\u00edcias de Ribeir\u00e3o Preto-SP e Regi\u00e3o","link":"https:\/\/noticiasribeiraopreto.com.br\/index.php\/category\/noticias-de-ribeirao-preto-sp-e-regiao-ismael-colosi\/"},"img":{"alt_text":"","src":"https:\/\/i0.wp.com\/noticiasribeiraopreto.com.br\/wp-content\/uploads\/2025\/07\/motos_batida_barretos.jpeg?fit=768%2C432&ssl=1&resize=350%2C200","width":350,"height":200,"srcset":"https:\/\/i0.wp.com\/noticiasribeiraopreto.com.br\/wp-content\/uploads\/2025\/07\/motos_batida_barretos.jpeg?fit=768%2C432&ssl=1&resize=350%2C200 1x, https:\/\/i0.wp.com\/noticiasribeiraopreto.com.br\/wp-content\/uploads\/2025\/07\/motos_batida_barretos.jpeg?fit=768%2C432&ssl=1&resize=525%2C300 1.5x, https:\/\/i0.wp.com\/noticiasribeiraopreto.com.br\/wp-content\/uploads\/2025\/07\/motos_batida_barretos.jpeg?fit=768%2C432&ssl=1&resize=700%2C400 2x"},"classes":[]},{"id":62623,"url":"https:\/\/noticiasribeiraopreto.com.br\/index.php\/2025\/01\/19\/cantor-sertanejo-morre-aos-33-anos-no-interior-de-sp\/","url_meta":{"origin":74423,"position":3},"title":"Cantor sertanejo morre aos 33 anos no interior de SP","author":"noticiasribeiraopreto.com.br","date":"19 de January de 2025","format":false,"excerpt":"Morreu neste s\u00e1bado (18), o cantor sertanejo Rodolfo F\u00e1vero, de 33 anos, natural de Guariba, cidade na regi\u00e3o de Ribeir\u00e3o Preto. A informa\u00e7\u00e3o foi confirmada atrav\u00e9s de uma nota nas redes sociais do artista, que era conhecido como \u201ca voz bruta do sertanejo\u201d. \u201c\u00c9 com pesar que comunicamos o falecimento\u2026","rel":"","context":"In &quot;Not\u00edcias de Ribeir\u00e3o Preto-SP e Regi\u00e3o&quot;","block_context":{"text":"Not\u00edcias de Ribeir\u00e3o Preto-SP e Regi\u00e3o","link":"https:\/\/noticiasribeiraopreto.com.br\/index.php\/category\/noticias-de-ribeirao-preto-sp-e-regiao-ismael-colosi\/"},"img":{"alt_text":"","src":"https:\/\/i0.wp.com\/noticiasribeiraopreto.com.br\/wp-content\/uploads\/2025\/01\/Copia-de-Copia-de-Copia-de-TAMANHO-EXATO-PARA-FOTOS-NO-SISTEMA-NOVO-2025-01-19T172611.150_2025-01-19_20-26-36_png_2025-01-19_20-26-36.webp.webp?fit=1200%2C675&ssl=1&resize=350%2C200","width":350,"height":200,"srcset":"https:\/\/i0.wp.com\/noticiasribeiraopreto.com.br\/wp-content\/uploads\/2025\/01\/Copia-de-Copia-de-Copia-de-TAMANHO-EXATO-PARA-FOTOS-NO-SISTEMA-NOVO-2025-01-19T172611.150_2025-01-19_20-26-36_png_2025-01-19_20-26-36.webp.webp?fit=1200%2C675&ssl=1&resize=350%2C200 1x, https:\/\/i0.wp.com\/noticiasribeiraopreto.com.br\/wp-content\/uploads\/2025\/01\/Copia-de-Copia-de-Copia-de-TAMANHO-EXATO-PARA-FOTOS-NO-SISTEMA-NOVO-2025-01-19T172611.150_2025-01-19_20-26-36_png_2025-01-19_20-26-36.webp.webp?fit=1200%2C675&ssl=1&resize=525%2C300 1.5x, https:\/\/i0.wp.com\/noticiasribeiraopreto.com.br\/wp-content\/uploads\/2025\/01\/Copia-de-Copia-de-Copia-de-TAMANHO-EXATO-PARA-FOTOS-NO-SISTEMA-NOVO-2025-01-19T172611.150_2025-01-19_20-26-36_png_2025-01-19_20-26-36.webp.webp?fit=1200%2C675&ssl=1&resize=700%2C400 2x, https:\/\/i0.wp.com\/noticiasribeiraopreto.com.br\/wp-content\/uploads\/2025\/01\/Copia-de-Copia-de-Copia-de-TAMANHO-EXATO-PARA-FOTOS-NO-SISTEMA-NOVO-2025-01-19T172611.150_2025-01-19_20-26-36_png_2025-01-19_20-26-36.webp.webp?fit=1200%2C675&ssl=1&resize=1050%2C600 3x"},"classes":[]},{"id":73779,"url":"https:\/\/noticiasribeiraopreto.com.br\/index.php\/2025\/07\/09\/morre-jose-galli-neto-aos-75-anos-ex-treinador-e-jogador-do-botafogo\/","url_meta":{"origin":74423,"position":4},"title":"Morre Jos\u00e9 Galli Neto, aos 75 anos, ex-treinador e jogador do Botafogo","author":"noticiasribeiraopreto.com.br","date":"9 de July de 2025","format":false,"excerpt":"9 de julho de 2025 17:555 Compartilhar0 O ex-jogador, treinador Jos\u00e9 Galli Neto morreu nesta quarta-feira (9), em Ribeir\u00e3o Preto (SP), aos 75 anos. Ele estava internado h\u00e1 algumas semanas em um hospital da cidade. \u00a0Era uma figura conhecida e respeitada no meio esportivo, Galli Neto era pai de Marcelo\u2026","rel":"","context":"In &quot;Not\u00edcias de Ribeir\u00e3o Preto-SP e Regi\u00e3o&quot;","block_context":{"text":"Not\u00edcias de Ribeir\u00e3o Preto-SP e Regi\u00e3o","link":"https:\/\/noticiasribeiraopreto.com.br\/index.php\/category\/noticias-de-ribeirao-preto-sp-e-regiao-ismael-colosi\/"},"img":{"alt_text":"","src":"https:\/\/i0.wp.com\/noticiasribeiraopreto.com.br\/wp-content\/uploads\/2025\/07\/gallineto.jpg?fit=675%2C500&ssl=1&resize=350%2C200","width":350,"height":200,"srcset":"https:\/\/i0.wp.com\/noticiasribeiraopreto.com.br\/wp-content\/uploads\/2025\/07\/gallineto.jpg?fit=675%2C500&ssl=1&resize=350%2C200 1x, https:\/\/i0.wp.com\/noticiasribeiraopreto.com.br\/wp-content\/uploads\/2025\/07\/gallineto.jpg?fit=675%2C500&ssl=1&resize=525%2C300 1.5x"},"classes":[]},{"id":83075,"url":"https:\/\/noticiasribeiraopreto.com.br\/index.php\/2026\/03\/08\/morre-em-ribeirao-preto-o-apresentador-manoel-branco-aos-57-anos\/","url_meta":{"origin":74423,"position":5},"title":"Morre em Ribeir\u00e3o Preto o apresentador Manoel Branco, aos 57 anos","author":"noticiasribeiraopreto.com.br","date":"8 de March de 2026","format":false,"excerpt":"O apresentador Manoel Branco morreu neste s\u00e1bado (7), em Ribeir\u00e3o Preto, aos 57 anos. Ele foi encontrado sem vida na casa em que vivia no bairro Jardim Castelo Branco, na zona Leste. Manoel Branco nasceu em julho de 1968, em S\u00e3o Joaquim da Barra, e, atualmente, apresentava um programa na\u2026","rel":"","context":"In &quot;Not\u00edcias de Ribeir\u00e3o Preto-SP e Regi\u00e3o&quot;","block_context":{"text":"Not\u00edcias de Ribeir\u00e3o Preto-SP e Regi\u00e3o","link":"https:\/\/noticiasribeiraopreto.com.br\/index.php\/category\/noticias-de-ribeirao-preto-sp-e-regiao-ismael-colosi\/"},"img":{"alt_text":"","src":"https:\/\/i0.wp.com\/noticiasribeiraopreto.com.br\/wp-content\/uploads\/2026\/03\/manoel-branco_2026-03-07_15-40-51.webp.webp?fit=1200%2C702&ssl=1&resize=350%2C200","width":350,"height":200,"srcset":"https:\/\/i0.wp.com\/noticiasribeiraopreto.com.br\/wp-content\/uploads\/2026\/03\/manoel-branco_2026-03-07_15-40-51.webp.webp?fit=1200%2C702&ssl=1&resize=350%2C200 1x, https:\/\/i0.wp.com\/noticiasribeiraopreto.com.br\/wp-content\/uploads\/2026\/03\/manoel-branco_2026-03-07_15-40-51.webp.webp?fit=1200%2C702&ssl=1&resize=525%2C300 1.5x, https:\/\/i0.wp.com\/noticiasribeiraopreto.com.br\/wp-content\/uploads\/2026\/03\/manoel-branco_2026-03-07_15-40-51.webp.webp?fit=1200%2C702&ssl=1&resize=700%2C400 2x, https:\/\/i0.wp.com\/noticiasribeiraopreto.com.br\/wp-content\/uploads\/2026\/03\/manoel-branco_2026-03-07_15-40-51.webp.webp?fit=1200%2C702&ssl=1&resize=1050%2C600 3x"},"classes":[]}],"jetpack_sharing_enabled":true,"jetpack_shortlink":"https:\/\/wp.me\/peQAOb-jmn","_links":{"self":[{"href":"https:\/\/noticiasribeiraopreto.com.br\/index.php\/wp-json\/wp\/v2\/posts\/74423","targetHints":{"allow":["GET"]}}],"collection":[{"href":"https:\/\/noticiasribeiraopreto.com.br\/index.php\/wp-json\/wp\/v2\/posts"}],"about":[{"href":"https:\/\/noticiasribeiraopreto.com.br\/index.php\/wp-json\/wp\/v2\/types\/post"}],"author":[{"embeddable":true,"href":"https:\/\/noticiasribeiraopreto.com.br\/index.php\/wp-json\/wp\/v2\/users\/1"}],"replies":[{"embeddable":true,"href":"https:\/\/noticiasribeiraopreto.com.br\/index.php\/wp-json\/wp\/v2\/comments?post=74423"}],"version-history":[{"count":0,"href":"https:\/\/noticiasribeiraopreto.com.br\/index.php\/wp-json\/wp\/v2\/posts\/74423\/revisions"}],"wp:featuredmedia":[{"embeddable":true,"href":"https:\/\/noticiasribeiraopreto.com.br\/index.php\/wp-json\/wp\/v2\/media\/74424"}],"wp:attachment":[{"href":"https:\/\/noticiasribeiraopreto.com.br\/index.php\/wp-json\/wp\/v2\/media?parent=74423"}],"wp:term":[{"taxonomy":"category","embeddable":true,"href":"https:\/\/noticiasribeiraopreto.com.br\/index.php\/wp-json\/wp\/v2\/categories?post=74423"},{"taxonomy":"post_tag","embeddable":true,"href":"https:\/\/noticiasribeiraopreto.com.br\/index.php\/wp-json\/wp\/v2\/tags?post=74423"}],"curies":[{"name":"wp","href":"https:\/\/api.w.org\/{rel}","templated":true}]}}