{"id":74425,"date":"2025-07-22T15:51:25","date_gmt":"2025-07-22T18:51:25","guid":{"rendered":"https:\/\/noticiasribeiraopreto.com.br\/index.php\/2025\/07\/22\/empresa-de-ribeirao-preto-anuncia-investimento-milionario-do-bndes\/"},"modified":"2025-07-22T15:51:25","modified_gmt":"2025-07-22T18:51:25","slug":"empresa-de-ribeirao-preto-anuncia-investimento-milionario-do-bndes","status":"publish","type":"post","link":"https:\/\/noticiasribeiraopreto.com.br\/index.php\/2025\/07\/22\/empresa-de-ribeirao-preto-anuncia-investimento-milionario-do-bndes\/","title":{"rendered":"Empresa de Ribeir\u00e3o Preto anuncia investimento milion\u00e1rio do BNDES"},"content":{"rendered":"<div class='code-block code-block-1' style='margin: 8px 0 8px auto; text-align: right; display: block; clear: both;'>\n<p><a href=\"https:\/\/wa.link\/vpicfd\"><img data-recalc-dims=\"1\" class=\"wp-image-4922\" style=\"aspect-ratio: 2.0253164556962027; width: 561px; height: auto;\" src=\"https:\/\/i0.wp.com\/ismaelcolosi.com.br\/wp-content\/uploads\/2023\/11\/grupo-de-empregos-whatsapp-e-facebook-ismael-colosi-vagas.jpg?ssl=1\" alt=\"\" \/><\/a><\/p>\n<!-- \/wp:image -->\n<\/div>\n<p> <br \/>\n<\/p>\n<div>\n<p>O <strong>Grupo Santa Clara<\/strong>, empresa de fertilizantes e biodefensivos sediada em <strong>Ribeir\u00e3o Preto<\/strong>, anunciou nesta ter\u00e7a-feira (22) a entrada da<strong> BNDESPAR<\/strong> como novo s\u00f3cio da companhia. O<strong> BNDES (Banco Nacional de Desenvolvimento Econ\u00f4mico e Social) <\/strong>realizou <mark style=\"background-color:#fcb900\" class=\"has-inline-color has-black-color\">investimentos de R$ 114 milh\u00f5es e passa a contar com 19,9% de participa\u00e7\u00e3o societ\u00e1ria do grupo.<\/mark><\/p>\n<p>O aporte e a chegada do novo s\u00f3cio ir\u00e3o apoiar os projetos de expans\u00e3o e inova\u00e7\u00e3o da Santa Clara, que prev\u00ea um crescimento de cerca de 20% de seus neg\u00f3cios na pr\u00f3xima safra (2025\/26) e <mark style=\"background-color:#fcb900\" class=\"has-inline-color has-black-color\">projeta quadruplicar o tamanho da companhia at\u00e9 2030, alcan\u00e7ando mais de R$ 1 bilh\u00e3o de faturamento.<\/mark><\/p>\n<p>O neg\u00f3cio marca o retorno do BNDES como investidor direto do capital social de uma empresa brasileira de capital fechado, opera\u00e7\u00e3o que n\u00e3o era realizada h\u00e1 cerca de 10 anos pela institui\u00e7\u00e3o.<\/p>\n<p>\u201cA chegada do BNDES possibilita continuarmos a implanta\u00e7\u00e3o do nosso Plano de Neg\u00f3cio e sua \u00eanfase na pesquisa, desenvolvimento e inova\u00e7\u00e3o [..]. E assim ampliar nossas solu\u00e7\u00f5es que potencializam a agricultura baseada em produtividade, rentabilidade e sustentabilidade, contribuindo para a transi\u00e7\u00e3o energ\u00e9tica do pa\u00eds\u201d, afirma <strong>Jo\u00e3o Pedro Cury<\/strong>, CEO do Grupo Santa Clara.<\/p>\n<h2 class=\"wp-block-heading\"><strong>Atua\u00e7\u00e3o estrat\u00e9gica<\/strong><\/h2>\n<p>O presidente do BNDES, <strong>Aloizio Mercadante<\/strong>, afirmou que<mark style=\"background-color:#fcb900\" class=\"has-inline-color has-black-color\"> a atua\u00e7\u00e3o do banco \u00e9 estrat\u00e9gica para impulsionar investimentos em transi\u00e7\u00e3o ecol\u00f3gica e descarboniza\u00e7\u00e3o.<\/mark><\/p>\n<p>\u201cO emprego de fertilizantes especiais e de bioinsumos na agricultura contribui para reduzir a pegada de emiss\u00f5es de gases de efeito estufa com o menor uso de fertilizantes qu\u00edmicos, preservando a biodiversidade a partir da diminui\u00e7\u00e3o do uso de agrot\u00f3xicos\u201d, explica Mercadante.<\/p>\n<p>Com unidades industriais em Jaboticabal, o grupo registrou um faturamento de R$ 255 milh\u00f5es na \u00faltima safra (24\/25), alcan\u00e7ando um crescimento de seis vezes nos \u00faltimos sete anos, uma m\u00e9dia de 30% ao ano. Com cerca de 300 funcion\u00e1rios, a proje\u00e7\u00e3o \u00e9 saltar para a casa de 750 profissionais nos pr\u00f3ximos cinco anos.<\/p>\n<h2 class=\"wp-block-heading\"><strong>Plano estrat\u00e9gico de crescimento<\/strong><\/h2>\n<p>O aporte realizado pelo novo s\u00f3cio garantir\u00e1 a estrutura de capital necess\u00e1ria para a implementa\u00e7\u00e3o do Plano de Neg\u00f3cios da companhia e impulsionar\u00e1 a capacidade de investimento em inova\u00e7\u00e3o e a expans\u00e3o da base de clientes em diferentes culturas agr\u00edcolas al\u00e9m da soja e do milho, como cana-de-a\u00e7\u00facar, caf\u00e9 e hortifr\u00fatis.<\/p>\n<p>O aporte do BNDES trar\u00e1 estrutura de capital para suportar, al\u00e9m da implanta\u00e7\u00e3o da nova unidade industrial de biodefensivos, tamb\u00e9m a cria\u00e7\u00e3o de um centro de inova\u00e7\u00e3o e pesquisa, assim como permitir\u00e1 o investimento no desenvolvimento de uma nova linha de registros, oferecendo ainda mais solu\u00e7\u00f5es para os agricultores.<\/p>\n<p>SAIBA MAIS<br \/>Calor\u00e3o volta ao interior de SP? Veja como ficam as temperaturas<\/p>\n<h2 class=\"wp-block-heading\"><strong>FIQUE ON<\/strong><\/h2>\n<p>Fique ligado em tudo que acontece em Ribeir\u00e3o Preto e regi\u00e3o. Siga os perfis do\u00a0<strong>acidade on<\/strong>\u00a0no<a href=\"https:\/\/www.instagram.com\/acidadeonribeirao\"> Instagram<\/a> e no <a href=\"https:\/\/www.facebook.com\/acidadeonribeirao\/\">Facebook.<\/a><\/p>\n<p>Receba not\u00edcias do<strong>\u00a0acidade on\u00a0<\/strong>no WhatsApp.\u00a0<a href=\"https:\/\/chat.whatsapp.com\/BjKQZ9oJwlz8VVT50NuePq\">Para entrar no grupo, basta clicar aqui.<\/a><\/p>\n<p>Fa\u00e7a uma den\u00fancia ou sugira uma reportagem sobre Ribeir\u00e3o Preto e regi\u00e3o pelo WhatsApp: 16 99117 7802.<\/p>\n<p>VEJA TAMB\u00c9M<br \/>Como se inscrever no concurso Degase-RJ?<\/p>\n<p><!-- AI CONTENT END 1 -->\n<\/div>\n<p><script async src=\"\/\/www.instagram.com\/embed.js\"><\/script><br \/>\n<br \/><br \/>\n<br \/><a href=\"https:\/\/www.acidadeon.com\/ribeiraopreto\/economia\/empresa-de-ribeirao-preto-anuncia-investimento-milionario-do-bndes\/\">Source link <\/a><\/p>\n<!-- CONTENT END 1 -->\n","protected":false},"excerpt":{"rendered":"<p>O Grupo Santa Clara, empresa de fertilizantes e biodefensivos sediada em Ribeir\u00e3o Preto, anunciou nesta ter\u00e7a-feira (22) a entrada da BNDESPAR como novo s\u00f3cio da&#8230;<\/p>\n","protected":false},"author":1,"featured_media":74426,"comment_status":"open","ping_status":"open","sticky":false,"template":"","format":"standard","meta":{"advanced_seo_description":"","jetpack_seo_html_title":"","jetpack_seo_noindex":false,"jetpack_post_was_ever_published":false,"_jetpack_newsletter_access":"","_jetpack_dont_email_post_to_subs":false,"_jetpack_newsletter_tier_id":0,"_jetpack_memberships_contains_paywalled_content":false,"_jetpack_memberships_contains_paid_content":false,"footnotes":"","jetpack_publicize_message":"","jetpack_publicize_feature_enabled":true,"jetpack_social_post_already_shared":true,"jetpack_social_options":{"image_generator_settings":{"template":"highway","default_image_id":0,"font":"","enabled":false},"version":2}},"categories":[11],"tags":[],"class_list":["post-74425","post","type-post","status-publish","format-standard","has-post-thumbnail","hentry","category-noticias-de-ribeirao-preto-sp-e-regiao-ismael-colosi"],"jetpack_publicize_connections":[],"jetpack_featured_media_url":"https:\/\/i0.wp.com\/noticiasribeiraopreto.com.br\/wp-content\/uploads\/2025\/07\/Santa-Clara-Ribeirao-Preto_2025-07-22_15-18-18.webp.webp?fit=1200%2C879&ssl=1","jetpack-related-posts":[{"id":16030,"url":"https:\/\/noticiasribeiraopreto.com.br\/index.php\/2023\/12\/14\/bndes-libera-emprestimo-de-ate-r20-mil-para-mei-veja-como-pedir\/","url_meta":{"origin":74425,"position":0},"title":"BNDES libera empr\u00e9stimo de at\u00e9 R$20 MIL para MEI; veja como pedir","author":"noticiasribeiraopreto.com.br","date":"14 de December de 2023","format":false,"excerpt":"O Banco Nacional de Desenvolvimento (BNDES) tem como principal miss\u00e3o apoiar o empreendedorismo e o desenvolvimento econ\u00f4mico no Brasil. Uma de suas iniciativas mais not\u00e1veis \u00e9 o fornecimento de empr\u00e9stimos para MEI (Microempreendedor Individual), que podem chegar a R$ 20.000. Neste artigo, vamos explorar como o BNDES realiza esse processo\u2026","rel":"","context":"In &quot;Vagas de Emprego em Ribeir\u00e3o Preto-SP&quot;","block_context":{"text":"Vagas de Emprego em Ribeir\u00e3o Preto-SP","link":"https:\/\/noticiasribeiraopreto.com.br\/index.php\/category\/empregos-classificados-vagas-trabalho\/vagas-de-empregos-em-ribeirao-preto-regiao-brasil\/"},"img":{"alt_text":"","src":"","width":0,"height":0},"classes":[]},{"id":76816,"url":"https:\/\/noticiasribeiraopreto.com.br\/index.php\/2025\/09\/05\/bndes-confirma-investimento-de-quase-r-3-bilhoes-em-rodovias-do-interior-de-sp\/","url_meta":{"origin":74425,"position":1},"title":"BNDES confirma investimento de quase R$ 3 bilh\u00f5es em rodovias do interior de SP","author":"noticiasribeiraopreto.com.br","date":"5 de September de 2025","format":false,"excerpt":"O BNDES (Banco Nacional de Desenvolvimento Econ\u00f4mico e Social) confirmou o financiamento de R$ 2,96 bilh\u00f5es para Ecovias Noroeste Paulista, que realizar\u00e1 obras em rodovias do interior de S\u00e3o Paulo, incluindo a regi\u00e3o de Ribeir\u00e3o Preto. O banco far\u00e1 um investimento de R$ 2,783 bilh\u00f5es em emiss\u00e3o de deb\u00eantures incentivadas,\u2026","rel":"","context":"In &quot;Not\u00edcias de Ribeir\u00e3o Preto-SP e Regi\u00e3o&quot;","block_context":{"text":"Not\u00edcias de Ribeir\u00e3o Preto-SP e Regi\u00e3o","link":"https:\/\/noticiasribeiraopreto.com.br\/index.php\/category\/noticias-de-ribeirao-preto-sp-e-regiao-ismael-colosi\/"},"img":{"alt_text":"","src":"https:\/\/i0.wp.com\/noticiasribeiraopreto.com.br\/wp-content\/uploads\/2025\/09\/rodovia-ecorodovia_2025-09-05_19-50-59.webp.webp?fit=1200%2C675&ssl=1&resize=350%2C200","width":350,"height":200,"srcset":"https:\/\/i0.wp.com\/noticiasribeiraopreto.com.br\/wp-content\/uploads\/2025\/09\/rodovia-ecorodovia_2025-09-05_19-50-59.webp.webp?fit=1200%2C675&ssl=1&resize=350%2C200 1x, https:\/\/i0.wp.com\/noticiasribeiraopreto.com.br\/wp-content\/uploads\/2025\/09\/rodovia-ecorodovia_2025-09-05_19-50-59.webp.webp?fit=1200%2C675&ssl=1&resize=525%2C300 1.5x, https:\/\/i0.wp.com\/noticiasribeiraopreto.com.br\/wp-content\/uploads\/2025\/09\/rodovia-ecorodovia_2025-09-05_19-50-59.webp.webp?fit=1200%2C675&ssl=1&resize=700%2C400 2x, https:\/\/i0.wp.com\/noticiasribeiraopreto.com.br\/wp-content\/uploads\/2025\/09\/rodovia-ecorodovia_2025-09-05_19-50-59.webp.webp?fit=1200%2C675&ssl=1&resize=1050%2C600 3x"},"classes":[]},{"id":62743,"url":"https:\/\/noticiasribeiraopreto.com.br\/index.php\/2025\/01\/23\/usina-anuncia-financiamento-de-quase-r-1-bi-para-investimento-no-interior-de-sp\/","url_meta":{"origin":74425,"position":2},"title":"Usina anuncia financiamento de quase R$ 1 bi para investimento no interior de SP","author":"noticiasribeiraopreto.com.br","date":"23 de January de 2025","format":false,"excerpt":"O grupo S\u00e3o Martinho anunciou nesta quinta-feira (23) a capta\u00e7\u00e3o de 165 milh\u00f5es de d\u00f3lares (equivalente a R$ 984,5 milh\u00f5es na cota\u00e7\u00e3o de hoje), por meio da IFC (International Finance Corporation), para apoiar a constru\u00e7\u00e3o da primeira planta de biometano da companhia no interior de S\u00e3o Paulo. A planta est\u00e1\u2026","rel":"","context":"In &quot;Not\u00edcias de Ribeir\u00e3o Preto-SP e Regi\u00e3o&quot;","block_context":{"text":"Not\u00edcias de Ribeir\u00e3o Preto-SP e Regi\u00e3o","link":"https:\/\/noticiasribeiraopreto.com.br\/index.php\/category\/noticias-de-ribeirao-preto-sp-e-regiao-ismael-colosi\/"},"img":{"alt_text":"","src":"https:\/\/i0.wp.com\/noticiasribeiraopreto.com.br\/wp-content\/uploads\/2025\/01\/usina-sao-martinho-santa-cruz_2025-01-23_14-44-17_jpg_2025-01-23_14-44-18.webp.webp?fit=1200%2C675&ssl=1&resize=350%2C200","width":350,"height":200,"srcset":"https:\/\/i0.wp.com\/noticiasribeiraopreto.com.br\/wp-content\/uploads\/2025\/01\/usina-sao-martinho-santa-cruz_2025-01-23_14-44-17_jpg_2025-01-23_14-44-18.webp.webp?fit=1200%2C675&ssl=1&resize=350%2C200 1x, https:\/\/i0.wp.com\/noticiasribeiraopreto.com.br\/wp-content\/uploads\/2025\/01\/usina-sao-martinho-santa-cruz_2025-01-23_14-44-17_jpg_2025-01-23_14-44-18.webp.webp?fit=1200%2C675&ssl=1&resize=525%2C300 1.5x, https:\/\/i0.wp.com\/noticiasribeiraopreto.com.br\/wp-content\/uploads\/2025\/01\/usina-sao-martinho-santa-cruz_2025-01-23_14-44-17_jpg_2025-01-23_14-44-18.webp.webp?fit=1200%2C675&ssl=1&resize=700%2C400 2x, https:\/\/i0.wp.com\/noticiasribeiraopreto.com.br\/wp-content\/uploads\/2025\/01\/usina-sao-martinho-santa-cruz_2025-01-23_14-44-17_jpg_2025-01-23_14-44-18.webp.webp?fit=1200%2C675&ssl=1&resize=1050%2C600 3x"},"classes":[]},{"id":4570,"url":"https:\/\/noticiasribeiraopreto.com.br\/index.php\/2023\/11\/21\/bndes-lanca-cartao-e-beneficios-incriveis-para-quem-e-mei\/","url_meta":{"origin":74425,"position":3},"title":"BNDES lan\u00e7a cart\u00e3o e benef\u00edcios INCR\u00cdVEIS para quem \u00e9 MEI","author":"noticiasribeiraopreto.com.br","date":"21 de November de 2023","format":false,"excerpt":"O Banco Nacional do Desenvolvimento (BNDES) se destaca por oferecer condi\u00e7\u00f5es especiais para cart\u00e3o de cr\u00e9dito e empr\u00e9stimo a microempreendedor individual (MEI) ou a pequenas empresas. Cr\u00e9ditos: Divulga\u00e7\u00e3o\/Cart\u00e3o BNDES O cart\u00e3o BNDES est\u00e1 dispon\u00edvel para microempreendedor individual (MEI) ou pequenas empresas Empr\u00e9stimo do BNDES Microcr\u00e9dito \u00e9 o nome do empr\u00e9stimo\u2026","rel":"","context":"In &quot;Variedades&quot;","block_context":{"text":"Variedades","link":"https:\/\/noticiasribeiraopreto.com.br\/index.php\/category\/variedades\/"},"img":{"alt_text":"","src":"https:\/\/i0.wp.com\/noticiasribeiraopreto.com.br\/wp-content\/uploads\/2023\/11\/fotos-catraca-36.png?fit=1200%2C638&ssl=1&resize=350%2C200","width":350,"height":200,"srcset":"https:\/\/i0.wp.com\/noticiasribeiraopreto.com.br\/wp-content\/uploads\/2023\/11\/fotos-catraca-36.png?fit=1200%2C638&ssl=1&resize=350%2C200 1x, https:\/\/i0.wp.com\/noticiasribeiraopreto.com.br\/wp-content\/uploads\/2023\/11\/fotos-catraca-36.png?fit=1200%2C638&ssl=1&resize=525%2C300 1.5x, https:\/\/i0.wp.com\/noticiasribeiraopreto.com.br\/wp-content\/uploads\/2023\/11\/fotos-catraca-36.png?fit=1200%2C638&ssl=1&resize=700%2C400 2x, https:\/\/i0.wp.com\/noticiasribeiraopreto.com.br\/wp-content\/uploads\/2023\/11\/fotos-catraca-36.png?fit=1200%2C638&ssl=1&resize=1050%2C600 3x"},"classes":[]},{"id":4731,"url":"https:\/\/noticiasribeiraopreto.com.br\/index.php\/2023\/11\/22\/descubra-as-novidades-extraordinarias-que-o-bndes-tem-para-voce\/","url_meta":{"origin":74425,"position":4},"title":"Descubra as novidades EXTRAORDIN\u00c1RIAS que o BNDES tem para voc\u00ea","author":"noticiasribeiraopreto.com.br","date":"22 de November de 2023","format":false,"excerpt":"O Banco Nacional do Desenvolvimento (BNDES) se destaca por oferecer condi\u00e7\u00f5es especiais para cart\u00e3o de cr\u00e9dito e empr\u00e9stimo a microempreendedor individual (MEI) ou a pequenas empresas. Cr\u00e9ditos: Istock\/KerkezMEI: Descubra as novidades EXTRAORDIN\u00c1RIAS que o BNDES tem para voc\u00ea Empr\u00e9stimo do BNDES Microcr\u00e9dito \u00e9 o nome do empr\u00e9stimo do BNDES para\u2026","rel":"","context":"In &quot;Variedades&quot;","block_context":{"text":"Variedades","link":"https:\/\/noticiasribeiraopreto.com.br\/index.php\/category\/variedades\/"},"img":{"alt_text":"","src":"https:\/\/i0.wp.com\/noticiasribeiraopreto.com.br\/wp-content\/uploads\/2023\/11\/istock-1260752753.jpg?fit=1200%2C638&ssl=1&resize=350%2C200","width":350,"height":200,"srcset":"https:\/\/i0.wp.com\/noticiasribeiraopreto.com.br\/wp-content\/uploads\/2023\/11\/istock-1260752753.jpg?fit=1200%2C638&ssl=1&resize=350%2C200 1x, https:\/\/i0.wp.com\/noticiasribeiraopreto.com.br\/wp-content\/uploads\/2023\/11\/istock-1260752753.jpg?fit=1200%2C638&ssl=1&resize=525%2C300 1.5x, https:\/\/i0.wp.com\/noticiasribeiraopreto.com.br\/wp-content\/uploads\/2023\/11\/istock-1260752753.jpg?fit=1200%2C638&ssl=1&resize=700%2C400 2x, https:\/\/i0.wp.com\/noticiasribeiraopreto.com.br\/wp-content\/uploads\/2023\/11\/istock-1260752753.jpg?fit=1200%2C638&ssl=1&resize=1050%2C600 3x"},"classes":[]},{"id":39073,"url":"https:\/\/noticiasribeiraopreto.com.br\/index.php\/2024\/02\/23\/cresol-comemora-melhorias-anunciadas-pelo-bndes-e-ampliacao-do-procapcred-2\/","url_meta":{"origin":74425,"position":5},"title":"Cresol comemora melhorias anunciadas pelo BNDES e amplia\u00e7\u00e3o do Procapcred","author":"noticiasribeiraopreto.com.br","date":"23 de February de 2024","format":false,"excerpt":"23 de fevereiro de 2024 | 8:49 0A institui\u00e7\u00e3o parceira apresentou medidas como aumento do or\u00e7amento e\u00a0 amplia\u00e7\u00e3o do acesso para PF no programa, entre outras novidadesDiretores da\u00a0Cresol\u00a0participaram na sexta-feira, 2, de evento promovido pelo\u00a0Banco Nacional de Desenvolvimento Econ\u00f4mico e Social (BNDES)\u00a0para apresentar melhorias no\u00a0Procapcred\u00a0e em condi\u00e7\u00f5es e alcance de\u2026","rel":"","context":"In &quot;Not\u00edcias de Ribeir\u00e3o Preto-SP e Regi\u00e3o&quot;","block_context":{"text":"Not\u00edcias de Ribeir\u00e3o Preto-SP e Regi\u00e3o","link":"https:\/\/noticiasribeiraopreto.com.br\/index.php\/category\/noticias-de-ribeirao-preto-sp-e-regiao-ismael-colosi\/"},"img":{"alt_text":"","src":"https:\/\/i0.wp.com\/noticiasribeiraopreto.com.br\/wp-content\/uploads\/2024\/02\/foto-principal-1-scaled.jpg?fit=992%2C645&ssl=1&resize=350%2C200","width":350,"height":200,"srcset":"https:\/\/i0.wp.com\/noticiasribeiraopreto.com.br\/wp-content\/uploads\/2024\/02\/foto-principal-1-scaled.jpg?fit=992%2C645&ssl=1&resize=350%2C200 1x, https:\/\/i0.wp.com\/noticiasribeiraopreto.com.br\/wp-content\/uploads\/2024\/02\/foto-principal-1-scaled.jpg?fit=992%2C645&ssl=1&resize=525%2C300 1.5x, https:\/\/i0.wp.com\/noticiasribeiraopreto.com.br\/wp-content\/uploads\/2024\/02\/foto-principal-1-scaled.jpg?fit=992%2C645&ssl=1&resize=700%2C400 2x"},"classes":[]}],"jetpack_sharing_enabled":true,"jetpack_shortlink":"https:\/\/wp.me\/peQAOb-jmp","_links":{"self":[{"href":"https:\/\/noticiasribeiraopreto.com.br\/index.php\/wp-json\/wp\/v2\/posts\/74425","targetHints":{"allow":["GET"]}}],"collection":[{"href":"https:\/\/noticiasribeiraopreto.com.br\/index.php\/wp-json\/wp\/v2\/posts"}],"about":[{"href":"https:\/\/noticiasribeiraopreto.com.br\/index.php\/wp-json\/wp\/v2\/types\/post"}],"author":[{"embeddable":true,"href":"https:\/\/noticiasribeiraopreto.com.br\/index.php\/wp-json\/wp\/v2\/users\/1"}],"replies":[{"embeddable":true,"href":"https:\/\/noticiasribeiraopreto.com.br\/index.php\/wp-json\/wp\/v2\/comments?post=74425"}],"version-history":[{"count":0,"href":"https:\/\/noticiasribeiraopreto.com.br\/index.php\/wp-json\/wp\/v2\/posts\/74425\/revisions"}],"wp:featuredmedia":[{"embeddable":true,"href":"https:\/\/noticiasribeiraopreto.com.br\/index.php\/wp-json\/wp\/v2\/media\/74426"}],"wp:attachment":[{"href":"https:\/\/noticiasribeiraopreto.com.br\/index.php\/wp-json\/wp\/v2\/media?parent=74425"}],"wp:term":[{"taxonomy":"category","embeddable":true,"href":"https:\/\/noticiasribeiraopreto.com.br\/index.php\/wp-json\/wp\/v2\/categories?post=74425"},{"taxonomy":"post_tag","embeddable":true,"href":"https:\/\/noticiasribeiraopreto.com.br\/index.php\/wp-json\/wp\/v2\/tags?post=74425"}],"curies":[{"name":"wp","href":"https:\/\/api.w.org\/{rel}","templated":true}]}}