{"id":74427,"date":"2025-07-22T15:58:32","date_gmt":"2025-07-22T18:58:32","guid":{"rendered":"https:\/\/noticiasribeiraopreto.com.br\/index.php\/2025\/07\/22\/24a-feira-internacional-do-livro-de-ribeirao-preto-lanca-programacao\/"},"modified":"2025-07-22T15:58:32","modified_gmt":"2025-07-22T18:58:32","slug":"24a-feira-internacional-do-livro-de-ribeirao-preto-lanca-programacao","status":"publish","type":"post","link":"https:\/\/noticiasribeiraopreto.com.br\/index.php\/2025\/07\/22\/24a-feira-internacional-do-livro-de-ribeirao-preto-lanca-programacao\/","title":{"rendered":"24\u00aa Feira Internacional do Livro de Ribeir\u00e3o Preto lan\u00e7a programa\u00e7\u00e3o"},"content":{"rendered":"<div class='code-block code-block-1' style='margin: 8px 0 8px auto; text-align: right; display: block; clear: both;'>\n<p><a href=\"https:\/\/wa.link\/vpicfd\"><img data-recalc-dims=\"1\" class=\"wp-image-4922\" style=\"aspect-ratio: 2.0253164556962027; width: 561px; height: auto;\" src=\"https:\/\/i0.wp.com\/ismaelcolosi.com.br\/wp-content\/uploads\/2023\/11\/grupo-de-empregos-whatsapp-e-facebook-ismael-colosi-vagas.jpg?ssl=1\" alt=\"\" \/><\/a><\/p>\n<!-- \/wp:image -->\n<\/div>\n<p> <br \/>\n<\/p>\n<div>\n<p><strong>A programa\u00e7\u00e3o da 24\u00aa Feira Internacional do Livro de Ribeir\u00e3o Preto (FIL) foi lan\u00e7ada oficialmente na manh\u00e3 desta ter\u00e7a-feira (22), durante uma cerim\u00f4nia realizada no audit\u00f3rio do Sesc, no Centro da cidade.<\/strong><\/p>\n<p><mark style=\"background-color:#fcb900\" class=\"has-inline-color has-black-color\">A FIL acontece de 15 a 24 de agosto e reunir\u00e1 mais de 500 atividades gratuitas em 25 locais da cidade como confer\u00eancias, bate-papos, lan\u00e7amentos, apresenta\u00e7\u00f5es musicais, espet\u00e1culos teatrais, oficinas e atividades educativas voltadas a p\u00fablicos de todas as idades.<\/mark><\/p>\n<h2 class=\"wp-block-heading\"><strong>Nomes consagrados<\/strong><\/h2>\n<p>Com o tema \u201cFuturos Poss\u00edveis: entre linhas e par\u00e1grafos\u201d, a edi\u00e7\u00e3o deste ano ter\u00e1 nomes como Djamila Ribeiro, Leandro Karnal, Br\u00e1ulio Bessa, Andr\u00e9 Trigueiro, entre outros.<\/p>\n<p>A fil\u00f3sofa e escritora Djamila Ribeiro, uma das homenageadas neste ano, participa de uma confer\u00eancia no dia 16 de agosto, \u00e0s 19h, no palco principal do Theatro Pedro II. J\u00e1 o historiador Leandro Karnal traz reflex\u00f5es sobre filosofia, religi\u00e3o, ensino, hist\u00f3ria, pol\u00edtica, sociedade e comportamento humano no dia 18 de agosto, \u00e0s 20h30, tamb\u00e9m no Pedro II.<\/p>\n<p>Ign\u00e1cio de Loyola Brand\u00e3o e o seu filho escritor, Andr\u00e9 Brand\u00e3o, participam de uma conversa sobre a obra de Loyola a partir do document\u00e1rio \u201cN\u00e3o Sei Viver Sem Palavras\u201d. O encontro ser\u00e1 no dia 23 de agosto, \u00e0s 14h30, no Audit\u00f3rio Meira Junior.<\/p>\n<h3 class=\"wp-block-heading\"><strong>M\u00fasica<\/strong><\/h3>\n<p>O cantor Chico C\u00e9sar encerra o evento com um show no dia 24 de agosto, \u00e0s 19h, no palco principal do Theatro Pedro II.<\/p>\n<p>SAIBA MAIS<\/p>\n<p>Guri abre inscri\u00e7\u00f5es para cursos gratuitos \u00e0 dist\u00e2ncia; Veja como participar<\/p>\n<h4 class=\"wp-block-heading\"><strong>FIQUE ON<\/strong><\/h4>\n<p>Quer ficar por dentro de tudo que acontece em Ribeir\u00e3o Preto e regi\u00e3o? Ent\u00e3o siga os perfis do\u202facidade on\u202fno\u202f<a href=\"https:\/\/www.instagram.com\/acidadeonribeirao\" target=\"_blank\" rel=\"noreferrer noopener\">Instagram<\/a>\u202fe no\u202f<a href=\"https:\/\/www.facebook.com\/acidadeonribeirao\/\" target=\"_blank\" rel=\"noreferrer noopener\">Facebook<\/a>.<\/p>\n<p>Al\u00e9m disso, voc\u00ea pode receber as principais not\u00edcias diretamente no WhatsApp. Para isso, basta\u00a0<a href=\"https:\/\/chat.whatsapp.com\/BjKQZ9oJwlz8VVT50NuePq\" target=\"_blank\" rel=\"noreferrer noopener\">entrar no grupo clicando aqui<\/a>.<\/p>\n<p>Por fim, se quiser fazer uma den\u00fancia ou sugerir uma reportagem sobre Ribeir\u00e3o Preto e regi\u00e3o, envie uma mensagem pelo WhatsApp: (16) 99117-7802.<\/p>\n<p>VEJA TAMB\u00c9M<\/p>\n<p>Quem \u00e9 o dono do GPS usado no Brasil?<\/p>\n<p><!-- AI CONTENT END 1 -->\n<\/div>\n<p><script async src=\"\/\/www.instagram.com\/embed.js\"><\/script><br \/>\n<br \/><br \/>\n<br \/><a href=\"https:\/\/www.acidadeon.com\/ribeiraopreto\/lazer-e-cultura\/24a-feira-internacional-do-livro-de-ribeirao-preto-lanca-programacao\/\">Source link <\/a><\/p>\n<!-- CONTENT END 1 -->\n","protected":false},"excerpt":{"rendered":"<p>A programa\u00e7\u00e3o da 24\u00aa Feira Internacional do Livro de Ribeir\u00e3o Preto (FIL) foi lan\u00e7ada oficialmente na manh\u00e3 desta ter\u00e7a-feira (22), durante uma cerim\u00f4nia realizada no&#8230;<\/p>\n","protected":false},"author":1,"featured_media":74428,"comment_status":"open","ping_status":"open","sticky":false,"template":"","format":"standard","meta":{"advanced_seo_description":"","jetpack_seo_html_title":"","jetpack_seo_noindex":false,"jetpack_post_was_ever_published":false,"_jetpack_newsletter_access":"","_jetpack_dont_email_post_to_subs":false,"_jetpack_newsletter_tier_id":0,"_jetpack_memberships_contains_paywalled_content":false,"_jetpack_memberships_contains_paid_content":false,"footnotes":"","jetpack_publicize_message":"","jetpack_publicize_feature_enabled":true,"jetpack_social_post_already_shared":true,"jetpack_social_options":{"image_generator_settings":{"template":"highway","default_image_id":0,"font":"","enabled":false},"version":2}},"categories":[11],"tags":[],"class_list":["post-74427","post","type-post","status-publish","format-standard","has-post-thumbnail","hentry","category-noticias-de-ribeirao-preto-sp-e-regiao-ismael-colosi"],"jetpack_publicize_connections":[],"jetpack_featured_media_url":"https:\/\/i0.wp.com\/noticiasribeiraopreto.com.br\/wp-content\/uploads\/2025\/07\/WhatsApp-Image-2025-07-22-at-11.28.26_2025-07-22_14-39-43.webp.webp?fit=1200%2C675&ssl=1","jetpack-related-posts":[{"id":63223,"url":"https:\/\/noticiasribeiraopreto.com.br\/index.php\/2025\/02\/06\/saiba-qual-e-o-tema-da-feira-internacional-do-livro-de-ribeirao-preto-de-2025\/","url_meta":{"origin":74427,"position":0},"title":"Saiba qual \u00e9 o tema da Feira Internacional do Livro de Ribeir\u00e3o Preto de 2025","author":"noticiasribeiraopreto.com.br","date":"6 de February de 2025","format":false,"excerpt":"A 24\u00aa FIL \u2013 Feira Internacional do Livro de Ribeir\u00e3o Preto, que vai acontecer de 15 a 24 de agosto, ter\u00e1 como tema central \u2018Futuros Poss\u00edveis: entre linhas e par\u00e1grafos\u2019, inspirado no trabalho do soci\u00f3logo e escritor italiano Domenico de Masi, especialmente sua obra Caminhos da Cultura no Brasil: Um\u2026","rel":"","context":"In &quot;Not\u00edcias de Ribeir\u00e3o Preto-SP e Regi\u00e3o&quot;","block_context":{"text":"Not\u00edcias de Ribeir\u00e3o Preto-SP e Regi\u00e3o","link":"https:\/\/noticiasribeiraopreto.com.br\/index.php\/category\/noticias-de-ribeirao-preto-sp-e-regiao-ismael-colosi\/"},"img":{"alt_text":"","src":"https:\/\/i0.wp.com\/noticiasribeiraopreto.com.br\/wp-content\/uploads\/2025\/02\/Copia-de-Copia-de-Copia-de-TAMANHO-EXATO-PARA-FOTOS-NO-SISTEMA-NOVO-2025-02-06T150906.341_2025-02-06_18-09-43_png_2025-02-06_18-09-43.webp.webp?fit=1200%2C675&ssl=1&resize=350%2C200","width":350,"height":200,"srcset":"https:\/\/i0.wp.com\/noticiasribeiraopreto.com.br\/wp-content\/uploads\/2025\/02\/Copia-de-Copia-de-Copia-de-TAMANHO-EXATO-PARA-FOTOS-NO-SISTEMA-NOVO-2025-02-06T150906.341_2025-02-06_18-09-43_png_2025-02-06_18-09-43.webp.webp?fit=1200%2C675&ssl=1&resize=350%2C200 1x, https:\/\/i0.wp.com\/noticiasribeiraopreto.com.br\/wp-content\/uploads\/2025\/02\/Copia-de-Copia-de-Copia-de-TAMANHO-EXATO-PARA-FOTOS-NO-SISTEMA-NOVO-2025-02-06T150906.341_2025-02-06_18-09-43_png_2025-02-06_18-09-43.webp.webp?fit=1200%2C675&ssl=1&resize=525%2C300 1.5x, https:\/\/i0.wp.com\/noticiasribeiraopreto.com.br\/wp-content\/uploads\/2025\/02\/Copia-de-Copia-de-Copia-de-TAMANHO-EXATO-PARA-FOTOS-NO-SISTEMA-NOVO-2025-02-06T150906.341_2025-02-06_18-09-43_png_2025-02-06_18-09-43.webp.webp?fit=1200%2C675&ssl=1&resize=700%2C400 2x, https:\/\/i0.wp.com\/noticiasribeiraopreto.com.br\/wp-content\/uploads\/2025\/02\/Copia-de-Copia-de-Copia-de-TAMANHO-EXATO-PARA-FOTOS-NO-SISTEMA-NOVO-2025-02-06T150906.341_2025-02-06_18-09-43_png_2025-02-06_18-09-43.webp.webp?fit=1200%2C675&ssl=1&resize=1050%2C600 3x"},"classes":[]},{"id":75804,"url":"https:\/\/noticiasribeiraopreto.com.br\/index.php\/2025\/08\/15\/veja-a-programacao-da-feira-do-livro-de-ribeirao-preto-evento-comeca-nesta-sexta\/","url_meta":{"origin":74427,"position":1},"title":"Veja a programa\u00e7\u00e3o da Feira do Livro de Ribeir\u00e3o Preto; evento come\u00e7a nesta sexta","author":"noticiasribeiraopreto.com.br","date":"15 de August de 2025","format":false,"excerpt":"A 24\u00aa FIL (Feira Internacional do Livro de Ribeir\u00e3o Preto) abre oficialmente nesta sexta-feira (15), \u00e0s 19h30, no Theatro Pedro II. A recep\u00e7\u00e3o fica por conta do Coral Unaerp, seguido por um espet\u00e1culo dirigido por Gracyela Gitirana. Clique aqui\u00a0e veja a programa\u00e7\u00e3o completa. Com o tema \u201cFuturos Poss\u00edveis: entre linhas\u2026","rel":"","context":"In &quot;Not\u00edcias de Ribeir\u00e3o Preto-SP e Regi\u00e3o&quot;","block_context":{"text":"Not\u00edcias de Ribeir\u00e3o Preto-SP e Regi\u00e3o","link":"https:\/\/noticiasribeiraopreto.com.br\/index.php\/category\/noticias-de-ribeirao-preto-sp-e-regiao-ismael-colosi\/"},"img":{"alt_text":"","src":"https:\/\/i0.wp.com\/noticiasribeiraopreto.com.br\/wp-content\/uploads\/2025\/08\/a384ca67-ba2c-458d-b5bc-c1aa1591a44e_2024-08-06_16-06-42_jpg_2024-08-06_16-06-43.webp.webp?fit=990%2C660&ssl=1&resize=350%2C200","width":350,"height":200,"srcset":"https:\/\/i0.wp.com\/noticiasribeiraopreto.com.br\/wp-content\/uploads\/2025\/08\/a384ca67-ba2c-458d-b5bc-c1aa1591a44e_2024-08-06_16-06-42_jpg_2024-08-06_16-06-43.webp.webp?fit=990%2C660&ssl=1&resize=350%2C200 1x, https:\/\/i0.wp.com\/noticiasribeiraopreto.com.br\/wp-content\/uploads\/2025\/08\/a384ca67-ba2c-458d-b5bc-c1aa1591a44e_2024-08-06_16-06-42_jpg_2024-08-06_16-06-43.webp.webp?fit=990%2C660&ssl=1&resize=525%2C300 1.5x, https:\/\/i0.wp.com\/noticiasribeiraopreto.com.br\/wp-content\/uploads\/2025\/08\/a384ca67-ba2c-458d-b5bc-c1aa1591a44e_2024-08-06_16-06-42_jpg_2024-08-06_16-06-43.webp.webp?fit=990%2C660&ssl=1&resize=700%2C400 2x"},"classes":[]},{"id":75827,"url":"https:\/\/noticiasribeiraopreto.com.br\/index.php\/2025\/08\/16\/confira-os-destaques-da-feira-do-livro-de-ribeirao-preto-neste-sabado\/","url_meta":{"origin":74427,"position":2},"title":"Confira os destaques da Feira do Livro de Ribeir\u00e3o Preto neste s\u00e1bado","author":"noticiasribeiraopreto.com.br","date":"16 de August de 2025","format":false,"excerpt":"A Feira Internacional do Livro de Ribeir\u00e3o Preto chega ao segundo dia neste s\u00e1bado (16) e entre os destaques da programa\u00e7\u00e3o est\u00e3o os sal\u00f5es de ideias com M\u00f4nica Ben\u00edcio e Mary Del Priore, e a confer\u00eancia com Djamila Ribeiro \u2013 clique aqui e veja a programa\u00e7\u00e3o completa. Destaques deste s\u00e1bado\u2026","rel":"","context":"In &quot;Not\u00edcias de Ribeir\u00e3o Preto-SP e Regi\u00e3o&quot;","block_context":{"text":"Not\u00edcias de Ribeir\u00e3o Preto-SP e Regi\u00e3o","link":"https:\/\/noticiasribeiraopreto.com.br\/index.php\/category\/noticias-de-ribeirao-preto-sp-e-regiao-ismael-colosi\/"},"img":{"alt_text":"","src":"https:\/\/i0.wp.com\/noticiasribeiraopreto.com.br\/wp-content\/uploads\/2025\/08\/feira-do-livro-2_2025-08-16_13-01-38.webp.webp?fit=1200%2C674&ssl=1&resize=350%2C200","width":350,"height":200,"srcset":"https:\/\/i0.wp.com\/noticiasribeiraopreto.com.br\/wp-content\/uploads\/2025\/08\/feira-do-livro-2_2025-08-16_13-01-38.webp.webp?fit=1200%2C674&ssl=1&resize=350%2C200 1x, https:\/\/i0.wp.com\/noticiasribeiraopreto.com.br\/wp-content\/uploads\/2025\/08\/feira-do-livro-2_2025-08-16_13-01-38.webp.webp?fit=1200%2C674&ssl=1&resize=525%2C300 1.5x, https:\/\/i0.wp.com\/noticiasribeiraopreto.com.br\/wp-content\/uploads\/2025\/08\/feira-do-livro-2_2025-08-16_13-01-38.webp.webp?fit=1200%2C674&ssl=1&resize=700%2C400 2x, https:\/\/i0.wp.com\/noticiasribeiraopreto.com.br\/wp-content\/uploads\/2025\/08\/feira-do-livro-2_2025-08-16_13-01-38.webp.webp?fit=1200%2C674&ssl=1&resize=1050%2C600 3x"},"classes":[]},{"id":76302,"url":"https:\/\/noticiasribeiraopreto.com.br\/index.php\/2025\/08\/26\/feira-internacional-do-livro-de-ribeirao-preto-anuncia-tema-da-edicao-de-2026\/","url_meta":{"origin":74427,"position":3},"title":"Feira Internacional do Livro de Ribeir\u00e3o Preto anuncia tema da edi\u00e7\u00e3o de 2026","author":"noticiasribeiraopreto.com.br","date":"26 de August de 2025","format":false,"excerpt":"Ap\u00f3s encerrar sua 24\u00aa edi\u00e7\u00e3o com p\u00fablico de 274 mil pessoas e mais de 500 atividades em Ribeir\u00e3o Preto, a Feira Internacional do Livro anunciou o tema da pr\u00f3xima edi\u00e7\u00e3o, que marcar\u00e1 os 25 anos do evento. Em 2026, a feira ter\u00e1 como tema \u201cX, Y, Z, Alpha, Beta \u2013\u2026","rel":"","context":"In &quot;Not\u00edcias de Ribeir\u00e3o Preto-SP e Regi\u00e3o&quot;","block_context":{"text":"Not\u00edcias de Ribeir\u00e3o Preto-SP e Regi\u00e3o","link":"https:\/\/noticiasribeiraopreto.com.br\/index.php\/category\/noticias-de-ribeirao-preto-sp-e-regiao-ismael-colosi\/"},"img":{"alt_text":"","src":"https:\/\/i0.wp.com\/noticiasribeiraopreto.com.br\/wp-content\/uploads\/2025\/08\/johnny-mars-1_2025-08-26_14-46-01.webp.webp?fit=1200%2C675&ssl=1&resize=350%2C200","width":350,"height":200,"srcset":"https:\/\/i0.wp.com\/noticiasribeiraopreto.com.br\/wp-content\/uploads\/2025\/08\/johnny-mars-1_2025-08-26_14-46-01.webp.webp?fit=1200%2C675&ssl=1&resize=350%2C200 1x, https:\/\/i0.wp.com\/noticiasribeiraopreto.com.br\/wp-content\/uploads\/2025\/08\/johnny-mars-1_2025-08-26_14-46-01.webp.webp?fit=1200%2C675&ssl=1&resize=525%2C300 1.5x, https:\/\/i0.wp.com\/noticiasribeiraopreto.com.br\/wp-content\/uploads\/2025\/08\/johnny-mars-1_2025-08-26_14-46-01.webp.webp?fit=1200%2C675&ssl=1&resize=700%2C400 2x, https:\/\/i0.wp.com\/noticiasribeiraopreto.com.br\/wp-content\/uploads\/2025\/08\/johnny-mars-1_2025-08-26_14-46-01.webp.webp?fit=1200%2C675&ssl=1&resize=1050%2C600 3x"},"classes":[]},{"id":75875,"url":"https:\/\/noticiasribeiraopreto.com.br\/index.php\/2025\/08\/17\/show-palestra-e-bate-papo-veja-os-destaques-da-feira-do-livro-de-ribeirao-preto-neste-domingo\/","url_meta":{"origin":74427,"position":4},"title":"Show, palestra e bate-papo: veja os destaques da Feira do Livro de Ribeir\u00e3o Preto neste domingo","author":"noticiasribeiraopreto.com.br","date":"17 de August de 2025","format":false,"excerpt":"O terceiro dia de atividades da\u00a024\u00aa Feira Internacional do Livro de Ribeir\u00e3o Preto acontece neste\u00a0domingo (16), com programa\u00e7\u00f5es a partir das\u00a09h,\u00a0totalmente gratuita, no\u00a0Centro\u00a0de\u00a0Ribeir\u00e3o Preto. A FIL segue at\u00e9 o dia 24 de agosto \u2013\u00a0clique aqui e veja a programa\u00e7\u00e3o completa. O tema da feira deste ano \u00e9 \u201cFuturos Poss\u00edveis: entre\u2026","rel":"","context":"In &quot;Not\u00edcias de Ribeir\u00e3o Preto-SP e Regi\u00e3o&quot;","block_context":{"text":"Not\u00edcias de Ribeir\u00e3o Preto-SP e Regi\u00e3o","link":"https:\/\/noticiasribeiraopreto.com.br\/index.php\/category\/noticias-de-ribeirao-preto-sp-e-regiao-ismael-colosi\/"},"img":{"alt_text":"","src":"https:\/\/i0.wp.com\/noticiasribeiraopreto.com.br\/wp-content\/uploads\/2025\/08\/escoteiros-1_2025-08-16_18-52-15.webp.webp?fit=1200%2C675&ssl=1&resize=350%2C200","width":350,"height":200,"srcset":"https:\/\/i0.wp.com\/noticiasribeiraopreto.com.br\/wp-content\/uploads\/2025\/08\/escoteiros-1_2025-08-16_18-52-15.webp.webp?fit=1200%2C675&ssl=1&resize=350%2C200 1x, https:\/\/i0.wp.com\/noticiasribeiraopreto.com.br\/wp-content\/uploads\/2025\/08\/escoteiros-1_2025-08-16_18-52-15.webp.webp?fit=1200%2C675&ssl=1&resize=525%2C300 1.5x, https:\/\/i0.wp.com\/noticiasribeiraopreto.com.br\/wp-content\/uploads\/2025\/08\/escoteiros-1_2025-08-16_18-52-15.webp.webp?fit=1200%2C675&ssl=1&resize=700%2C400 2x, https:\/\/i0.wp.com\/noticiasribeiraopreto.com.br\/wp-content\/uploads\/2025\/08\/escoteiros-1_2025-08-16_18-52-15.webp.webp?fit=1200%2C675&ssl=1&resize=1050%2C600 3x"},"classes":[]},{"id":75779,"url":"https:\/\/noticiasribeiraopreto.com.br\/index.php\/2025\/08\/15\/feira-do-livro-comeca-hoje\/","url_meta":{"origin":74427,"position":5},"title":"Feira do Livro come\u00e7a hoje\u00a0","author":"noticiasribeiraopreto.com.br","date":"15 de August de 2025","format":false,"excerpt":"Evento acontece de 15 a 24 de agosto com mais de 500 atividades gratuitas em 25 locais em Ribeir\u00e3o Preto. A abertura oficial da 24\u00aa Feira Internacional do Livro de Ribeir\u00e3o Preto (FIL) ser\u00e1 nesta sexta-feira, 15 de agosto, a partir das 19h30, na sala principal do Theatro Pedro II.\u2026","rel":"","context":"In &quot;Not\u00edcias de Ribeir\u00e3o Preto-SP e Regi\u00e3o&quot;","block_context":{"text":"Not\u00edcias de Ribeir\u00e3o Preto-SP e Regi\u00e3o","link":"https:\/\/noticiasribeiraopreto.com.br\/index.php\/category\/noticias-de-ribeirao-preto-sp-e-regiao-ismael-colosi\/"},"img":{"alt_text":"","src":"https:\/\/i0.wp.com\/noticiasribeiraopreto.com.br\/wp-content\/uploads\/2025\/08\/FeiraFIl-Loy-Divulga-scaled.jpeg?fit=1170%2C780&ssl=1&resize=350%2C200","width":350,"height":200,"srcset":"https:\/\/i0.wp.com\/noticiasribeiraopreto.com.br\/wp-content\/uploads\/2025\/08\/FeiraFIl-Loy-Divulga-scaled.jpeg?fit=1170%2C780&ssl=1&resize=350%2C200 1x, https:\/\/i0.wp.com\/noticiasribeiraopreto.com.br\/wp-content\/uploads\/2025\/08\/FeiraFIl-Loy-Divulga-scaled.jpeg?fit=1170%2C780&ssl=1&resize=525%2C300 1.5x, https:\/\/i0.wp.com\/noticiasribeiraopreto.com.br\/wp-content\/uploads\/2025\/08\/FeiraFIl-Loy-Divulga-scaled.jpeg?fit=1170%2C780&ssl=1&resize=700%2C400 2x, https:\/\/i0.wp.com\/noticiasribeiraopreto.com.br\/wp-content\/uploads\/2025\/08\/FeiraFIl-Loy-Divulga-scaled.jpeg?fit=1170%2C780&ssl=1&resize=1050%2C600 3x"},"classes":[]}],"jetpack_sharing_enabled":true,"jetpack_shortlink":"https:\/\/wp.me\/peQAOb-jmr","_links":{"self":[{"href":"https:\/\/noticiasribeiraopreto.com.br\/index.php\/wp-json\/wp\/v2\/posts\/74427","targetHints":{"allow":["GET"]}}],"collection":[{"href":"https:\/\/noticiasribeiraopreto.com.br\/index.php\/wp-json\/wp\/v2\/posts"}],"about":[{"href":"https:\/\/noticiasribeiraopreto.com.br\/index.php\/wp-json\/wp\/v2\/types\/post"}],"author":[{"embeddable":true,"href":"https:\/\/noticiasribeiraopreto.com.br\/index.php\/wp-json\/wp\/v2\/users\/1"}],"replies":[{"embeddable":true,"href":"https:\/\/noticiasribeiraopreto.com.br\/index.php\/wp-json\/wp\/v2\/comments?post=74427"}],"version-history":[{"count":0,"href":"https:\/\/noticiasribeiraopreto.com.br\/index.php\/wp-json\/wp\/v2\/posts\/74427\/revisions"}],"wp:featuredmedia":[{"embeddable":true,"href":"https:\/\/noticiasribeiraopreto.com.br\/index.php\/wp-json\/wp\/v2\/media\/74428"}],"wp:attachment":[{"href":"https:\/\/noticiasribeiraopreto.com.br\/index.php\/wp-json\/wp\/v2\/media?parent=74427"}],"wp:term":[{"taxonomy":"category","embeddable":true,"href":"https:\/\/noticiasribeiraopreto.com.br\/index.php\/wp-json\/wp\/v2\/categories?post=74427"},{"taxonomy":"post_tag","embeddable":true,"href":"https:\/\/noticiasribeiraopreto.com.br\/index.php\/wp-json\/wp\/v2\/tags?post=74427"}],"curies":[{"name":"wp","href":"https:\/\/api.w.org\/{rel}","templated":true}]}}