{"id":74431,"date":"2025-07-22T17:04:09","date_gmt":"2025-07-22T20:04:09","guid":{"rendered":"https:\/\/noticiasribeiraopreto.com.br\/index.php\/2025\/07\/22\/empresarios-protestam-contra-privatizacao-de-remocao-e-guarda-de-veiculos\/"},"modified":"2025-07-22T17:04:09","modified_gmt":"2025-07-22T20:04:09","slug":"empresarios-protestam-contra-privatizacao-de-remocao-e-guarda-de-veiculos","status":"publish","type":"post","link":"https:\/\/noticiasribeiraopreto.com.br\/index.php\/2025\/07\/22\/empresarios-protestam-contra-privatizacao-de-remocao-e-guarda-de-veiculos\/","title":{"rendered":"Empres\u00e1rios protestam contra privatiza\u00e7\u00e3o de remo\u00e7\u00e3o e guarda de ve\u00edculos"},"content":{"rendered":"<div class='code-block code-block-1' style='margin: 8px 0 8px auto; text-align: right; display: block; clear: both;'>\n<p><a href=\"https:\/\/wa.link\/vpicfd\"><img data-recalc-dims=\"1\" class=\"wp-image-4922\" style=\"aspect-ratio: 2.0253164556962027; width: 561px; height: auto;\" src=\"https:\/\/i0.wp.com\/ismaelcolosi.com.br\/wp-content\/uploads\/2023\/11\/grupo-de-empregos-whatsapp-e-facebook-ismael-colosi-vagas.jpg?ssl=1\" alt=\"\" \/><\/a><\/p>\n<!-- \/wp:image -->\n<\/div>\n<p> <br \/>\n<\/p>\n<div>\n<p data-start=\"209\" data-end=\"325\"><strong data-start=\"209\" data-end=\"325\">Por: Adalberto Luque<\/strong><\/p>\n<p data-start=\"327\" data-end=\"779\">O governo do Estado de S\u00e3o Paulo iniciou, nesta segunda-feira (21), as audi\u00eancias p\u00fablicas regionais para discutir o projeto de concess\u00e3o dos servi\u00e7os de remo\u00e7\u00e3o e guarda de ve\u00edculos apreendidos por infra\u00e7\u00f5es de tr\u00e2nsito e documenta\u00e7\u00f5es no Estado. A iniciativa, coordenada pela Secretaria de Parcerias em Investimentos (SPI), est\u00e1 com consulta p\u00fablica aberta para receber contribui\u00e7\u00f5es da popula\u00e7\u00e3o, autoridades e de interessados at\u00e9 o dia 8 de agosto.<\/p>\n<p data-start=\"781\" data-end=\"1213\">Nas audi\u00eancias p\u00fablicas, que j\u00e1 foram realizadas em Campinas e S\u00e3o Jos\u00e9 do Rio Preto, est\u00e3o sendo apresentados os estudos do projeto e coletadas sugest\u00f5es da sociedade para o aprimoramento do modelo. O encontro presencial desta quarta-feira, que ser\u00e1 realizado \u00e0s onze horas no Escrit\u00f3rio Regional do Governo (avenida Presidente Kennedy n\u00ba 1.760, Ribeir\u00e2nia), contar\u00e1 com transmiss\u00e3o online pelo YouTube (<a class=\"\" href=\"https:\/\/www.youtube.com\/governosp\" target=\"_new\" rel=\"noopener\" data-start=\"1186\" data-end=\"1211\">www.youtube.com\/governosp<\/a>).<\/p>\n<p data-start=\"1215\" data-end=\"1525\">O governo fala em unificar e padronizar o recolhimento, a cust\u00f3dia, a gest\u00e3o, a prepara\u00e7\u00e3o para leil\u00e3o e a restitui\u00e7\u00e3o dos ve\u00edculos. A concess\u00e3o ser\u00e1 estruturada em sete lotes, abrangendo os 645 munic\u00edpios paulistas. Na audi\u00eancia de Ribeir\u00e3o Preto ser\u00e3o abordados os pontos relacionados ao lote 3 da concess\u00e3o.<\/p>\n<p data-start=\"1527\" data-end=\"1861\">Al\u00e9m da cidade, outros 93 munic\u00edpios est\u00e3o inclu\u00eddos neste lote, como Araras, Barretos, Jaboticabal, Mogi Gua\u00e7u, Ribeir\u00e3o Preto, Franca, S\u00e3o Jo\u00e3o da Boa Vista, S\u00e3o Jos\u00e9 do Rio Pardo, Serra Negra, entre outros. A regi\u00e3o tem uma frota de 3,3 milh\u00f5es de ve\u00edculos, com uma demanda de atendimento de aproximadamente 30 mil ve\u00edculos ao ano.<\/p>\n<p data-start=\"1863\" data-end=\"1873\"><strong data-start=\"1863\" data-end=\"1873\">Alerta<\/strong><\/p>\n<p data-start=\"1875\" data-end=\"2166\">Pol\u00edticos e empres\u00e1rios do setor, todavia, alertam para o risco que o projeto pode trazer. De acordo com o ex-prefeito de Ourinhos, Lucas Pocay, a concess\u00e3o ser\u00e1 gigantesca, dividindo o Estado em apenas sete lotes e entregando o servi\u00e7o de p\u00e1tios e guinchos para poucas empresas por 25 anos.<\/p>\n<figure id=\"attachment_432302\" aria-describedby=\"caption-attachment-432302\" style=\"width: 482px\" class=\"wp-caption alignleft\"><img data-recalc-dims=\"1\" loading=\"lazy\" decoding=\"async\" class=\"wp-image-432302 lazyload\" src=\"https:\/\/i0.wp.com\/www.tribunaribeirao.com.br\/wp-content\/uploads\/2025\/07\/22-jul-2025-lucaspocay.jpg?resize=482%2C647&#038;ssl=1\" alt=\"\" width=\"482\" height=\"647\" srcset=\"https:\/\/www.tribunaribeirao.com.br\/wp-content\/uploads\/2025\/07\/22-jul-2025-lucaspocay.jpg 581w, https:\/\/www.tribunaribeirao.com.br\/wp-content\/uploads\/2025\/07\/22-jul-2025-lucaspocay-224x300.jpg 224w, https:\/\/www.tribunaribeirao.com.br\/wp-content\/uploads\/2025\/07\/22-jul-2025-lucaspocay-480x645.jpg 480w, https:\/\/www.tribunaribeirao.com.br\/wp-content\/uploads\/2025\/07\/22-jul-2025-lucaspocay-280x376.jpg 280w, https:\/\/www.tribunaribeirao.com.br\/wp-content\/uploads\/2025\/07\/22-jul-2025-lucaspocay-298x400.jpg 298w, https:\/\/www.tribunaribeirao.com.br\/wp-content\/uploads\/2025\/07\/22-jul-2025-lucaspocay-585x785.jpg 585w\" data-sizes=\"(max-width: 482px) 100vw, 482px\" style=\"--smush-placeholder-width: 482px; --smush-placeholder-aspect-ratio: 482\/647;\"\/><figcaption id=\"caption-attachment-432302\" class=\"wp-caption-text\">Pocay acredita que tarifas ir\u00e3o subir e inviabilizar regulariza\u00e7\u00e3o de muitos ve\u00edculos (Foto: Reprodu\u00e7\u00e3o)<\/figcaption><\/figure>\n<p data-start=\"2168\" data-end=\"2448\">Os servi\u00e7os de guarda, cust\u00f3dia e conserva\u00e7\u00e3o de ve\u00edculos removidos ou apreendidos por \u00f3rg\u00e3os de tr\u00e2nsito como Detran-SP, Pol\u00edcia Militar, Pol\u00edcia Civil, Guardas Civis Municipais ou agentes de tr\u00e2nsito ficariam aos cuidados de poucas empresas at\u00e9 serem regularizados ou leiloados.<\/p>\n<p data-start=\"2450\" data-end=\"2701\">Pocay alerta para as dificuldades. A principal delas est\u00e1 na dr\u00e1stica redu\u00e7\u00e3o de p\u00e1tios, dos atuais 264 para 97 p\u00e1tios. Ele explica que isso implica em locomo\u00e7\u00f5es maiores por parte dos propriet\u00e1rios dos ve\u00edculos apreendidos, gerando ainda mais gastos.<\/p>\n<p data-start=\"2703\" data-end=\"2999\">Com a privatiza\u00e7\u00e3o, ele acredita que as tarifas sejam mais caras e as cidades v\u00e3o perder em arrecada\u00e7\u00e3o de Imposto Sobre Servi\u00e7o (ISS), outorgas e outras taxas que geram contribui\u00e7\u00f5es municipais. Sem contar o dinheiro que deixa de girar na cidade e que, segundo Pocay, iria para a concession\u00e1ria.<\/p>\n<p data-start=\"3001\" data-end=\"3020\"><strong data-start=\"3001\" data-end=\"3020\">50 mil empregos<\/strong><\/p>\n<p data-start=\"3022\" data-end=\"3337\">Fernando Carvalho, empres\u00e1rio do setor de p\u00e1tio e ex-presidente da Associa\u00e7\u00e3o dos Propriet\u00e1rios de P\u00e1tios, Guinchos e Dep\u00f3sitos de Ve\u00edculos do Estado de S\u00e3o Paulo (APPAGESP), denuncia que o projeto vai fechar 264 CNPJs das empresas existentes e isso vai impactar direta e indiretamente o emprego de 50 mil fam\u00edlias.<\/p>\n<figure id=\"attachment_432301\" aria-describedby=\"caption-attachment-432301\" style=\"width: 523px\" class=\"wp-caption alignright\"><img data-recalc-dims=\"1\" loading=\"lazy\" decoding=\"async\" class=\"size-full wp-image-432301 lazyload\" src=\"https:\/\/i0.wp.com\/www.tribunaribeirao.com.br\/wp-content\/uploads\/2025\/07\/22-jul-2025-fernandocarvalho.jpg?resize=523%2C780&#038;ssl=1\" alt=\"\" width=\"523\" height=\"780\" srcset=\"https:\/\/www.tribunaribeirao.com.br\/wp-content\/uploads\/2025\/07\/22-jul-2025-fernandocarvalho.jpg 523w, https:\/\/www.tribunaribeirao.com.br\/wp-content\/uploads\/2025\/07\/22-jul-2025-fernandocarvalho-201x300.jpg 201w, https:\/\/www.tribunaribeirao.com.br\/wp-content\/uploads\/2025\/07\/22-jul-2025-fernandocarvalho-268x400.jpg 268w, https:\/\/www.tribunaribeirao.com.br\/wp-content\/uploads\/2025\/07\/22-jul-2025-fernandocarvalho-585x872.jpg 585w\" data-sizes=\"(max-width: 523px) 100vw, 523px\" style=\"--smush-placeholder-width: 523px; --smush-placeholder-aspect-ratio: 523\/780;\"\/><figcaption id=\"caption-attachment-432301\" class=\"wp-caption-text\">Carvalho denuncia que projeto vai impactar 50 mil empregos diretos e indiretos (Foto: Reprodu\u00e7\u00e3o)<\/figcaption><\/figure>\n<p data-start=\"3339\" data-end=\"3624\">Carvalho diz acreditar que o projeto j\u00e1 tenha nome e sobrenome do vencedor da licita\u00e7\u00e3o e que seria uma \u00fanica empresa. Ainda assim, espera que Tarc\u00edsio de Freitas possa retroceder e dialogar com a categoria, trazendo tamb\u00e9m para a conversa prefeitos, vereadores e a pr\u00f3pria comunidade.<\/p>\n<p data-start=\"3626\" data-end=\"3914\">O ex-presidente da APPAGESP afirma que a mudan\u00e7a acarretar\u00e1 aumento da taxa de prepara\u00e7\u00e3o de leil\u00e3o em 39%. Al\u00e9m disso, as taxas de remo\u00e7\u00e3o de at\u00e9 30 km apenas para motos e ve\u00edculos ter\u00e3o aumento de 24,29%. Se a dist\u00e2ncia for maior que 40 km, Carvalho afirma que o aumento ser\u00e1 de 41,97%.<\/p>\n<p data-start=\"3916\" data-end=\"4087\">Al\u00e9m de impactar o dono do ve\u00edculo, que ter\u00e1 de se deslocar para os grandes centros para tentar regularizar a situa\u00e7\u00e3o de seu ve\u00edculo, a receita das cidades ser\u00e1 reduzida.<\/p>\n<p data-start=\"4089\" data-end=\"4401\">O empres\u00e1rio divulgou um v\u00eddeo onde alerta para a situa\u00e7\u00e3o e faz um apelo ao governador. Al\u00e9m das 264 fam\u00edlias que dependem h\u00e1 d\u00e9cadas dos p\u00e1tios, por gera\u00e7\u00f5es, Carvalho cita mais de 13 mil empresas de guinchos e 20 mil trabalhadores. Ele encerra o v\u00eddeo fazendo seu apelo: \u201cGovernador, a gente quer ser ouvido.\u201d<\/p>\n<p data-start=\"4089\" data-end=\"4401\">_____<\/p>\n<p>Jornal Tribuna Ribeir\u00e3o<br \/>Um Jornal com a cara de Ribeir\u00e3o!<\/p>\n<p>Impresso | WEB | Redes sociais<br \/>Tribuna Ribeir\u00e3o \u2013 Fone: (16) 3632-2200 \u2013 Whatsapp: (16) 98161-8743<br \/>Av. Bar\u00e3o do Bananal, 880 \u2013 Jardim Anhanguera, Ribeir\u00e3o Preto<\/p>\n<p>@tribunaribeirao<br \/>@meiaderibeirao<br \/>@dinoderibeirao<br \/>#TribunaRibeir\u00e3o<br \/>#News<br \/>#Not\u00edcia<br \/>#Ribeir\u00e3oPreto #Not\u00edciasDeRibeir\u00e3oPreto<br \/>#ClassificadosTribunaRibeir\u00e3o<br \/>#Jornalismo<br \/>#ClassificadosRibeir\u00e3o<\/p>\n<\/div>\n<p><br \/>\n<br \/><a href=\"https:\/\/www.tribunaribeirao.com.br\/empresarios-protestam-contra-privatizacao-de-remocao-e-guarda-de-veiculos\/\">Source link <\/a><\/p>\n<!-- CONTENT END 1 -->\n","protected":false},"excerpt":{"rendered":"<p>Por: Adalberto Luque O governo do Estado de S\u00e3o Paulo iniciou, nesta segunda-feira (21), as audi\u00eancias p\u00fablicas regionais para discutir o projeto de concess\u00e3o dos&#8230;<\/p>\n","protected":false},"author":1,"featured_media":74432,"comment_status":"open","ping_status":"open","sticky":false,"template":"","format":"standard","meta":{"advanced_seo_description":"","jetpack_seo_html_title":"","jetpack_seo_noindex":false,"jetpack_post_was_ever_published":false,"_jetpack_newsletter_access":"","_jetpack_dont_email_post_to_subs":false,"_jetpack_newsletter_tier_id":0,"_jetpack_memberships_contains_paywalled_content":false,"_jetpack_memberships_contains_paid_content":false,"footnotes":"","jetpack_publicize_message":"","jetpack_publicize_feature_enabled":true,"jetpack_social_post_already_shared":true,"jetpack_social_options":{"image_generator_settings":{"template":"highway","default_image_id":0,"font":"","enabled":false},"version":2}},"categories":[11],"tags":[],"class_list":["post-74431","post","type-post","status-publish","format-standard","has-post-thumbnail","hentry","category-noticias-de-ribeirao-preto-sp-e-regiao-ismael-colosi"],"jetpack_publicize_connections":[],"jetpack_featured_media_url":"https:\/\/i0.wp.com\/noticiasribeiraopreto.com.br\/wp-content\/uploads\/2025\/07\/22-jul-2025-lucaspocay.jpg?fit=581%2C780&ssl=1","jetpack-related-posts":[{"id":67031,"url":"https:\/\/noticiasribeiraopreto.com.br\/index.php\/2025\/04\/08\/audiencia-publica-discute-escolas-civico-militares-em-ribeirao-preto\/","url_meta":{"origin":74431,"position":0},"title":"Audi\u00eancia p\u00fablica discute escolas c\u00edvico-militares em Ribeir\u00e3o Preto","author":"noticiasribeiraopreto.com.br","date":"8 de April de 2025","format":false,"excerpt":"Acontece nesta quarta-feira (9) uma audi\u00eancia p\u00fablica para discutir a implanta\u00e7\u00e3o das escolas c\u00edvico-militares em Ribeir\u00e3o Preto. A audi\u00eancia p\u00fablica acontece na C\u00e2mara Municipal, a partir das 18h. No \u00faltimo dia 24 de mar\u00e7o, uma reuni\u00e3o p\u00fablica realizada no Legislativo sobre o tema ficou marcada por confus\u00e3o. Na ocasi\u00e3o, um\u2026","rel":"","context":"In &quot;Not\u00edcias de Ribeir\u00e3o Preto-SP e Regi\u00e3o&quot;","block_context":{"text":"Not\u00edcias de Ribeir\u00e3o Preto-SP e Regi\u00e3o","link":"https:\/\/noticiasribeiraopreto.com.br\/index.php\/category\/noticias-de-ribeirao-preto-sp-e-regiao-ismael-colosi\/"},"img":{"alt_text":"","src":"https:\/\/i0.wp.com\/noticiasribeiraopreto.com.br\/wp-content\/uploads\/2025\/03\/escola-civico-militar_2024-07-18_12-55-44_jpg_2024-07-18_12-55-45.webp.webp?fit=1170%2C700&ssl=1&resize=350%2C200","width":350,"height":200,"srcset":"https:\/\/i0.wp.com\/noticiasribeiraopreto.com.br\/wp-content\/uploads\/2025\/03\/escola-civico-militar_2024-07-18_12-55-44_jpg_2024-07-18_12-55-45.webp.webp?fit=1170%2C700&ssl=1&resize=350%2C200 1x, https:\/\/i0.wp.com\/noticiasribeiraopreto.com.br\/wp-content\/uploads\/2025\/03\/escola-civico-militar_2024-07-18_12-55-44_jpg_2024-07-18_12-55-45.webp.webp?fit=1170%2C700&ssl=1&resize=525%2C300 1.5x, https:\/\/i0.wp.com\/noticiasribeiraopreto.com.br\/wp-content\/uploads\/2025\/03\/escola-civico-militar_2024-07-18_12-55-44_jpg_2024-07-18_12-55-45.webp.webp?fit=1170%2C700&ssl=1&resize=700%2C400 2x, https:\/\/i0.wp.com\/noticiasribeiraopreto.com.br\/wp-content\/uploads\/2025\/03\/escola-civico-militar_2024-07-18_12-55-44_jpg_2024-07-18_12-55-45.webp.webp?fit=1170%2C700&ssl=1&resize=1050%2C600 3x"},"classes":[]},{"id":77916,"url":"https:\/\/noticiasribeiraopreto.com.br\/index.php\/2025\/09\/28\/audiencia-discute-projeto-para-liberacao-de-bebidas-alcoolicas-em-estadios-paulistas\/","url_meta":{"origin":74431,"position":1},"title":"Audi\u00eancia discute projeto para libera\u00e7\u00e3o de bebidas alco\u00f3licas em est\u00e1dios paulistas","author":"noticiasribeiraopreto.com.br","date":"28 de September de 2025","format":false,"excerpt":"Uma audi\u00eancia p\u00fablica dever\u00e1 debater o\u00a0Projeto de Lei 1599\/2023, que regulamenta a autoriza\u00e7\u00e3o, comercializa\u00e7\u00e3o e consumo de bebidas alco\u00f3licas nos est\u00e1dios de futebol e arenas esportivas do estado de S\u00e3o Paulo. A venda de bebidas alco\u00f3licas est\u00e1 proibida nos est\u00e1dios de paulistas desde 1996.\u00a0 A Comiss\u00e3o de Assuntos Desportivos da\u2026","rel":"","context":"In &quot;Not\u00edcias de Ribeir\u00e3o Preto-SP e Regi\u00e3o&quot;","block_context":{"text":"Not\u00edcias de Ribeir\u00e3o Preto-SP e Regi\u00e3o","link":"https:\/\/noticiasribeiraopreto.com.br\/index.php\/category\/noticias-de-ribeirao-preto-sp-e-regiao-ismael-colosi\/"},"img":{"alt_text":"","src":"https:\/\/i0.wp.com\/noticiasribeiraopreto.com.br\/wp-content\/uploads\/2025\/09\/hefeweizen-455578_1920_2025-09-28_20-02-08.webp.webp?fit=1200%2C900&ssl=1&resize=350%2C200","width":350,"height":200,"srcset":"https:\/\/i0.wp.com\/noticiasribeiraopreto.com.br\/wp-content\/uploads\/2025\/09\/hefeweizen-455578_1920_2025-09-28_20-02-08.webp.webp?fit=1200%2C900&ssl=1&resize=350%2C200 1x, https:\/\/i0.wp.com\/noticiasribeiraopreto.com.br\/wp-content\/uploads\/2025\/09\/hefeweizen-455578_1920_2025-09-28_20-02-08.webp.webp?fit=1200%2C900&ssl=1&resize=525%2C300 1.5x, https:\/\/i0.wp.com\/noticiasribeiraopreto.com.br\/wp-content\/uploads\/2025\/09\/hefeweizen-455578_1920_2025-09-28_20-02-08.webp.webp?fit=1200%2C900&ssl=1&resize=700%2C400 2x, https:\/\/i0.wp.com\/noticiasribeiraopreto.com.br\/wp-content\/uploads\/2025\/09\/hefeweizen-455578_1920_2025-09-28_20-02-08.webp.webp?fit=1200%2C900&ssl=1&resize=1050%2C600 3x"},"classes":[]},{"id":59315,"url":"https:\/\/noticiasribeiraopreto.com.br\/index.php\/2024\/10\/21\/revisao-do-contrato-da-anhanguera-sera-discutida-em-ribeirao-preto\/","url_meta":{"origin":74431,"position":2},"title":"Revis\u00e3o do contrato da Anhanguera ser\u00e1 discutida em Ribeir\u00e3o Preto","author":"noticiasribeiraopreto.com.br","date":"21 de October de 2024","format":false,"excerpt":"A Artesp (Ag\u00eancia de Transporte do Estado de S\u00e3o Paulo) abre nesta segunda-feira (21) uma consulta p\u00fablica para receber sugest\u00f5es sobre a segunda revis\u00e3o ordin\u00e1ria do contrato de concess\u00e3o de rodovias da regi\u00e3o de Ribeir\u00e3o Preto com a Arteris ViaPaulista. Entre as rodovias que abordam o acordo, est\u00e3o a Anhanguera\u2026","rel":"","context":"In &quot;Not\u00edcias de Ribeir\u00e3o Preto-SP e Regi\u00e3o&quot;","block_context":{"text":"Not\u00edcias de Ribeir\u00e3o Preto-SP e Regi\u00e3o","link":"https:\/\/noticiasribeiraopreto.com.br\/index.php\/category\/noticias-de-ribeirao-preto-sp-e-regiao-ismael-colosi\/"},"img":{"alt_text":"","src":"https:\/\/i0.wp.com\/noticiasribeiraopreto.com.br\/wp-content\/uploads\/2024\/09\/trevao-ribeirao-preto_2024-09-12_17-08-13_jpeg_2024-09-12_17-08-13.webp.webp?fit=1200%2C652&ssl=1&resize=350%2C200","width":350,"height":200,"srcset":"https:\/\/i0.wp.com\/noticiasribeiraopreto.com.br\/wp-content\/uploads\/2024\/09\/trevao-ribeirao-preto_2024-09-12_17-08-13_jpeg_2024-09-12_17-08-13.webp.webp?fit=1200%2C652&ssl=1&resize=350%2C200 1x, https:\/\/i0.wp.com\/noticiasribeiraopreto.com.br\/wp-content\/uploads\/2024\/09\/trevao-ribeirao-preto_2024-09-12_17-08-13_jpeg_2024-09-12_17-08-13.webp.webp?fit=1200%2C652&ssl=1&resize=525%2C300 1.5x, https:\/\/i0.wp.com\/noticiasribeiraopreto.com.br\/wp-content\/uploads\/2024\/09\/trevao-ribeirao-preto_2024-09-12_17-08-13_jpeg_2024-09-12_17-08-13.webp.webp?fit=1200%2C652&ssl=1&resize=700%2C400 2x, https:\/\/i0.wp.com\/noticiasribeiraopreto.com.br\/wp-content\/uploads\/2024\/09\/trevao-ribeirao-preto_2024-09-12_17-08-13_jpeg_2024-09-12_17-08-13.webp.webp?fit=1200%2C652&ssl=1&resize=1050%2C600 3x"},"classes":[]},{"id":59319,"url":"https:\/\/noticiasribeiraopreto.com.br\/index.php\/2024\/10\/21\/revisao-do-contrato-da-anhanguera-sera-discutida-em-ribeirao-preto-2\/","url_meta":{"origin":74431,"position":3},"title":"Revis\u00e3o do contrato da Anhanguera ser\u00e1 discutida em Ribeir\u00e3o Preto","author":"noticiasribeiraopreto.com.br","date":"21 de October de 2024","format":false,"excerpt":"A Artesp (Ag\u00eancia de Transporte do Estado de S\u00e3o Paulo) abre nesta segunda-feira (21) uma consulta p\u00fablica para receber sugest\u00f5es sobre a segunda revis\u00e3o ordin\u00e1ria do contrato de concess\u00e3o de rodovias da regi\u00e3o de Ribeir\u00e3o Preto com a Arteris ViaPaulista. Entre as rodovias que abordam o acordo, est\u00e3o a Anhanguera\u2026","rel":"","context":"In &quot;Not\u00edcias de Ribeir\u00e3o Preto-SP e Regi\u00e3o&quot;","block_context":{"text":"Not\u00edcias de Ribeir\u00e3o Preto-SP e Regi\u00e3o","link":"https:\/\/noticiasribeiraopreto.com.br\/index.php\/category\/noticias-de-ribeirao-preto-sp-e-regiao-ismael-colosi\/"},"img":{"alt_text":"","src":"https:\/\/i0.wp.com\/noticiasribeiraopreto.com.br\/wp-content\/uploads\/2024\/09\/trevao-ribeirao-preto_2024-09-12_17-08-13_jpeg_2024-09-12_17-08-13.webp.webp?fit=1200%2C652&ssl=1&resize=350%2C200","width":350,"height":200,"srcset":"https:\/\/i0.wp.com\/noticiasribeiraopreto.com.br\/wp-content\/uploads\/2024\/09\/trevao-ribeirao-preto_2024-09-12_17-08-13_jpeg_2024-09-12_17-08-13.webp.webp?fit=1200%2C652&ssl=1&resize=350%2C200 1x, https:\/\/i0.wp.com\/noticiasribeiraopreto.com.br\/wp-content\/uploads\/2024\/09\/trevao-ribeirao-preto_2024-09-12_17-08-13_jpeg_2024-09-12_17-08-13.webp.webp?fit=1200%2C652&ssl=1&resize=525%2C300 1.5x, https:\/\/i0.wp.com\/noticiasribeiraopreto.com.br\/wp-content\/uploads\/2024\/09\/trevao-ribeirao-preto_2024-09-12_17-08-13_jpeg_2024-09-12_17-08-13.webp.webp?fit=1200%2C652&ssl=1&resize=700%2C400 2x, https:\/\/i0.wp.com\/noticiasribeiraopreto.com.br\/wp-content\/uploads\/2024\/09\/trevao-ribeirao-preto_2024-09-12_17-08-13_jpeg_2024-09-12_17-08-13.webp.webp?fit=1200%2C652&ssl=1&resize=1050%2C600 3x"},"classes":[]},{"id":78574,"url":"https:\/\/noticiasribeiraopreto.com.br\/index.php\/2025\/10\/14\/definidas-quatro-datas-de-audiencias-publicas\/","url_meta":{"origin":74431,"position":4},"title":"Definidas quatro datas \u2028de audi\u00eancias p\u00fablicas","author":"noticiasribeiraopreto.com.br","date":"14 de October de 2025","format":false,"excerpt":"No total, ser\u00e3o quatro audi\u00eancias p\u00fablicas h\u00edbridas \u2013 presencial e online \u2013 para discutir o Plano PluriAnual e o Or\u00e7amento de Ribeir\u00e3o Preto \u2028\u2028A C\u00e2mara de Ribeir\u00e3o Preto, por meio da Comiss\u00e3o Permanente de Finan\u00e7as, Or\u00e7amento, Controle, Fiscaliza\u00e7\u00e3o e Tribut\u00e1ria, agendou quatro audi\u00eancias p\u00fablicas para discuss\u00e3o dos projetos do Executivo\u2026","rel":"","context":"In &quot;Not\u00edcias de Ribeir\u00e3o Preto-SP e Regi\u00e3o&quot;","block_context":{"text":"Not\u00edcias de Ribeir\u00e3o Preto-SP e Regi\u00e3o","link":"https:\/\/noticiasribeiraopreto.com.br\/index.php\/category\/noticias-de-ribeirao-preto-sp-e-regiao-ismael-colosi\/"},"img":{"alt_text":"","src":"https:\/\/i0.wp.com\/noticiasribeiraopreto.com.br\/wp-content\/uploads\/2025\/10\/OrcaRP-Alfredo-Risk-1-scaled.jpg?fit=1170%2C780&ssl=1&resize=350%2C200","width":350,"height":200,"srcset":"https:\/\/i0.wp.com\/noticiasribeiraopreto.com.br\/wp-content\/uploads\/2025\/10\/OrcaRP-Alfredo-Risk-1-scaled.jpg?fit=1170%2C780&ssl=1&resize=350%2C200 1x, https:\/\/i0.wp.com\/noticiasribeiraopreto.com.br\/wp-content\/uploads\/2025\/10\/OrcaRP-Alfredo-Risk-1-scaled.jpg?fit=1170%2C780&ssl=1&resize=525%2C300 1.5x, https:\/\/i0.wp.com\/noticiasribeiraopreto.com.br\/wp-content\/uploads\/2025\/10\/OrcaRP-Alfredo-Risk-1-scaled.jpg?fit=1170%2C780&ssl=1&resize=700%2C400 2x, https:\/\/i0.wp.com\/noticiasribeiraopreto.com.br\/wp-content\/uploads\/2025\/10\/OrcaRP-Alfredo-Risk-1-scaled.jpg?fit=1170%2C780&ssl=1&resize=1050%2C600 3x"},"classes":[]},{"id":70011,"url":"https:\/\/noticiasribeiraopreto.com.br\/index.php\/2025\/05\/21\/moradores-de-franca-e-regiao-podem-votar-em-propostas-para-o-estado-realizar-em-2026\/","url_meta":{"origin":74431,"position":5},"title":"Moradores de Franca e regi\u00e3o podem votar em propostas para o Estado realizar em 2026","author":"noticiasribeiraopreto.com.br","date":"21 de May de 2025","format":false,"excerpt":"As sugest\u00f5es da popula\u00e7\u00e3o de Franca e regi\u00e3o para formar o or\u00e7amento do pr\u00f3ximo ano do Governo de S\u00e3o Paulo est\u00e3o sendo organizadas. No dia 5\/6 haver\u00e1 audi\u00eancia p\u00fablica para o Aglomerado Urbano de Franca, \u00e0s 10h. Para acessar o espa\u00e7o de sugest\u00f5es, o link \u00e9 esse aqui. A Secretaria\u2026","rel":"","context":"In &quot;Not\u00edcias de Franca-SP&quot;","block_context":{"text":"Not\u00edcias de Franca-SP","link":"https:\/\/noticiasribeiraopreto.com.br\/index.php\/category\/noticias-de-ribeirao-preto-sp-e-regiao-ismael-colosi\/noticias-franca-sp\/"},"img":{"alt_text":"","src":"https:\/\/i0.wp.com\/noticiasribeiraopreto.com.br\/wp-content\/uploads\/2025\/05\/franca-vista-aerea-sebrae-e1725380287325.jpeg?fit=1200%2C798&ssl=1&resize=350%2C200","width":350,"height":200,"srcset":"https:\/\/i0.wp.com\/noticiasribeiraopreto.com.br\/wp-content\/uploads\/2025\/05\/franca-vista-aerea-sebrae-e1725380287325.jpeg?fit=1200%2C798&ssl=1&resize=350%2C200 1x, https:\/\/i0.wp.com\/noticiasribeiraopreto.com.br\/wp-content\/uploads\/2025\/05\/franca-vista-aerea-sebrae-e1725380287325.jpeg?fit=1200%2C798&ssl=1&resize=525%2C300 1.5x, https:\/\/i0.wp.com\/noticiasribeiraopreto.com.br\/wp-content\/uploads\/2025\/05\/franca-vista-aerea-sebrae-e1725380287325.jpeg?fit=1200%2C798&ssl=1&resize=700%2C400 2x, https:\/\/i0.wp.com\/noticiasribeiraopreto.com.br\/wp-content\/uploads\/2025\/05\/franca-vista-aerea-sebrae-e1725380287325.jpeg?fit=1200%2C798&ssl=1&resize=1050%2C600 3x"},"classes":[]}],"jetpack_sharing_enabled":true,"jetpack_shortlink":"https:\/\/wp.me\/peQAOb-jmv","_links":{"self":[{"href":"https:\/\/noticiasribeiraopreto.com.br\/index.php\/wp-json\/wp\/v2\/posts\/74431","targetHints":{"allow":["GET"]}}],"collection":[{"href":"https:\/\/noticiasribeiraopreto.com.br\/index.php\/wp-json\/wp\/v2\/posts"}],"about":[{"href":"https:\/\/noticiasribeiraopreto.com.br\/index.php\/wp-json\/wp\/v2\/types\/post"}],"author":[{"embeddable":true,"href":"https:\/\/noticiasribeiraopreto.com.br\/index.php\/wp-json\/wp\/v2\/users\/1"}],"replies":[{"embeddable":true,"href":"https:\/\/noticiasribeiraopreto.com.br\/index.php\/wp-json\/wp\/v2\/comments?post=74431"}],"version-history":[{"count":0,"href":"https:\/\/noticiasribeiraopreto.com.br\/index.php\/wp-json\/wp\/v2\/posts\/74431\/revisions"}],"wp:featuredmedia":[{"embeddable":true,"href":"https:\/\/noticiasribeiraopreto.com.br\/index.php\/wp-json\/wp\/v2\/media\/74432"}],"wp:attachment":[{"href":"https:\/\/noticiasribeiraopreto.com.br\/index.php\/wp-json\/wp\/v2\/media?parent=74431"}],"wp:term":[{"taxonomy":"category","embeddable":true,"href":"https:\/\/noticiasribeiraopreto.com.br\/index.php\/wp-json\/wp\/v2\/categories?post=74431"},{"taxonomy":"post_tag","embeddable":true,"href":"https:\/\/noticiasribeiraopreto.com.br\/index.php\/wp-json\/wp\/v2\/tags?post=74431"}],"curies":[{"name":"wp","href":"https:\/\/api.w.org\/{rel}","templated":true}]}}