{"id":74433,"date":"2025-07-22T17:12:42","date_gmt":"2025-07-22T20:12:42","guid":{"rendered":"https:\/\/noticiasribeiraopreto.com.br\/index.php\/2025\/07\/22\/novo-mutirao-tem-500-vagas\/"},"modified":"2025-07-22T17:12:42","modified_gmt":"2025-07-22T20:12:42","slug":"novo-mutirao-tem-500-vagas","status":"publish","type":"post","link":"https:\/\/noticiasribeiraopreto.com.br\/index.php\/2025\/07\/22\/novo-mutirao-tem-500-vagas\/","title":{"rendered":"Novo mutir\u00e3o tem 500 vagas"},"content":{"rendered":"<div class='code-block code-block-1' style='margin: 8px 0 8px auto; text-align: right; display: block; clear: both;'>\n<p><a href=\"https:\/\/wa.link\/vpicfd\"><img data-recalc-dims=\"1\" class=\"wp-image-4922\" style=\"aspect-ratio: 2.0253164556962027; width: 561px; height: auto;\" src=\"https:\/\/i0.wp.com\/ismaelcolosi.com.br\/wp-content\/uploads\/2023\/11\/grupo-de-empregos-whatsapp-e-facebook-ismael-colosi-vagas.jpg?ssl=1\" alt=\"\" \/><\/a><\/p>\n<!-- \/wp:image -->\n<\/div>\n<p> <br \/>\n<\/p>\n<div>\n<p>Nesta quinta (24) e na sexta-feira, 25 de julho, o Terminal Rodovi\u00e1rio de Ribeir\u00e3o Preto ser\u00e1 palco do Mini Mutir\u00e3o, o segundo da programa\u00e7\u00e3o 2025 do Programa Emprega Mais Ribeir\u00e3o, a maior mobiliza\u00e7\u00e3o por empregabilidade j\u00e1 realizada na cidade, uma iniciativa da Secretaria de Inova\u00e7\u00e3o e Desenvolvimento Econ\u00f4mico e entidades parceiras.<\/p>\n<p>A nova edi\u00e7\u00e3o do Mutir\u00e3o do Emprego ser\u00e1 em parceria com o Instituto Brasileiro do Emprego e do Empreendedorismo (IBEE), institui\u00e7\u00e3o sem fins lucrativos. Ser\u00e3o oferecidas mais de 500 vagas de emprego em diversas empresas da cidade, com oportunidades para candidatos com ou sem experi\u00eancia, est\u00e1gio e Jovem Aprendiz, al\u00e9m de orienta\u00e7\u00f5es para o empreendedorismo.<\/p>\n<p>A iniciativa ser\u00e1 das dez \u00e0s 13 horas. O objetivo \u00e9 ajudar as pessoas a entrar no mercado de trabalho e se recolocar profissionalmente, al\u00e9m de passar orienta\u00e7\u00f5es e dicas para os candidatos. A a\u00e7\u00e3o visa a transforma\u00e7\u00e3o social com base no fomento ao trabalho, emprego, renda e empreendedorismo, contribuindo com aproxima\u00e7\u00f5es de pessoas com oportunidades e solu\u00e7\u00f5es oferecidas na cidade.<\/p>\n<p>O Terminal Rodovi\u00e1rio de Ribeir\u00e3o Preto, na avenida Jer\u00f4nimo Gon\u00e7alves n\u00ba 640, no Centro de Ribeir\u00e3o Preto, busca ser parte ativa nas a\u00e7\u00f5es sociais com o objetivo de gerar um impacto na comunidade local e regional e conta com a parceria de empresas de diversos setores da regi\u00e3o, oferecendo oportunidades para candidatos de diferentes perfis e experi\u00eancias.<\/p>\n<p>Os interessados em participar do mutir\u00e3o devem comparecer portando curr\u00edculo atualizado e impresso e documentos pessoais com foto. Poder\u00e3o se inscrever diretamente para as vagas ofertadas pelas empresas envolvidas, participar de entrevistas no local e ter\u00e3o a oportunidade de sair do terminal j\u00e1 empregados.<\/p>\n<p>A entrada \u00e9 gratuita, e a equipe de organiza\u00e7\u00e3o estar\u00e1 dispon\u00edvel para fornecer informa\u00e7\u00f5es e orienta\u00e7\u00f5es adicionais. A primeira edi\u00e7\u00e3o, o Mega Mutir\u00e3o Emprega Ribeir\u00e3o, ocorreu em 12 de julho, no Gin\u00e1sio Gavino Virdes (Cava do Bosque), com 35 empresas e 2.500 vagas.<\/p>\n<p>A a\u00e7\u00e3o \u00e9 uma realiza\u00e7\u00e3o conjunta da prefeitura de Ribeir\u00e3o Preto com o Sindicato do Com\u00e9rcio Varejista (Sincovarp), C\u00e2mara de Dirigentes Lojistas (CDL RP), Sindicato dos Empregados no Com\u00e9rcio (Sincomerci\u00e1rios RP) e IBEE, com apoio de dezenas de institui\u00e7\u00f5es p\u00fablicas e privadas.<\/p>\n<p>Entre julho e dezembro, est\u00e3o previstos 14 mutir\u00f5es de emprego \u2013 ser\u00e3o mais doze, al\u00e9m da edi\u00e7\u00e3o desta semana \u2013, com expectativa de ofertar aproximadamente 16 mil vagas em diversos setores da cadeia produtiva local. A iniciativa integra as experi\u00eancias bem-sucedidas dos projetos Emprega Varejo, Emprega Ribeir\u00e3o e os Mini Feir\u00f5es, que agora se unem em uma for\u00e7a-tarefa in\u00e9dita por mais oportunidades de trabalho na cidade.<\/p>\n<p>\u201cO Mega Mutir\u00e3o \u00e9 mais do que uma feira de empregos \u2013 \u00e9 um grande movimento de inclus\u00e3o produtiva e desenvolvimento social. Estamos unindo for\u00e7as com diversos parceiros para abrir portas, gerar renda e fortalecer a economia local\u201d, destaca a secret\u00e1ria de Inova\u00e7\u00e3o e Desenvolvimento Econ\u00f4mico, Suely Vilela.<\/p>\n<p>\u201cFicamos muito honrados com essa a\u00e7\u00e3o, pois ela contribui para a popula\u00e7\u00e3o da regi\u00e3o conseguir um novo emprego. S\u00e3o mais de 500 vagas para a comunidade da regi\u00e3o, al\u00e9m de orienta\u00e7\u00f5es para todo o processo\u201d, afirma Renato Franco de Camargo, coordenador de Opera\u00e7\u00f5es do Terminal Rodovi\u00e1rio de Ribeir\u00e3o Preto.<\/p>\n<p>\u00a0<\/p>\n<p>\u00a0<\/p>\n<p>\u00a0<\/p>\n<\/div>\n<p><br \/>\n<br \/><a href=\"https:\/\/www.tribunaribeirao.com.br\/novo-mutirao-tem-500-vagas\/\">Source link <\/a><\/p>\n<!-- CONTENT END 1 -->\n","protected":false},"excerpt":{"rendered":"<p>Nesta quinta (24) e na sexta-feira, 25 de julho, o Terminal Rodovi\u00e1rio de Ribeir\u00e3o Preto ser\u00e1 palco do Mini Mutir\u00e3o, o segundo da programa\u00e7\u00e3o 2025&#8230;<\/p>\n","protected":false},"author":1,"featured_media":74434,"comment_status":"open","ping_status":"open","sticky":false,"template":"","format":"standard","meta":{"advanced_seo_description":"","jetpack_seo_html_title":"","jetpack_seo_noindex":false,"jetpack_post_was_ever_published":false,"_jetpack_newsletter_access":"","_jetpack_dont_email_post_to_subs":false,"_jetpack_newsletter_tier_id":0,"_jetpack_memberships_contains_paywalled_content":false,"_jetpack_memberships_contains_paid_content":false,"footnotes":"","jetpack_publicize_message":"","jetpack_publicize_feature_enabled":true,"jetpack_social_post_already_shared":true,"jetpack_social_options":{"image_generator_settings":{"template":"highway","default_image_id":0,"font":"","enabled":false},"version":2}},"categories":[11],"tags":[],"class_list":["post-74433","post","type-post","status-publish","format-standard","has-post-thumbnail","hentry","category-noticias-de-ribeirao-preto-sp-e-regiao-ismael-colosi"],"jetpack_publicize_connections":[],"jetpack_featured_media_url":"https:\/\/i0.wp.com\/noticiasribeiraopreto.com.br\/wp-content\/uploads\/2025\/07\/MutiraoP-Guilherme-Sircili-scaled.jpg?fit=1171%2C780&ssl=1","jetpack-related-posts":[{"id":74422,"url":"https:\/\/noticiasribeiraopreto.com.br\/index.php\/2025\/07\/22\/em-busca-de-emprego-ribeirao-preto-tera-mutirao-com-mais-de-500-vagas\/","url_meta":{"origin":74433,"position":0},"title":"Em busca de emprego? Ribeir\u00e3o Preto ter\u00e1 mutir\u00e3o com mais de 500 vagas","author":"noticiasribeiraopreto.com.br","date":"22 de July de 2025","format":false,"excerpt":"O Terminal Rodovi\u00e1rio de Ribeir\u00e3o Preto recebe, nos dias 24 e 25 de julho, das 10h \u00e0s 13h, mais uma edi\u00e7\u00e3o do Mutir\u00e3o do Emprego. A iniciativa, realizada em parceria com o Instituto Brasileiro do Emprego e do Empreendedorismo (IBEE), vai oferecer mais de 500 vagas em empresas da cidade,\u2026","rel":"","context":"In &quot;Not\u00edcias de Ribeir\u00e3o Preto-SP e Regi\u00e3o&quot;","block_context":{"text":"Not\u00edcias de Ribeir\u00e3o Preto-SP e Regi\u00e3o","link":"https:\/\/noticiasribeiraopreto.com.br\/index.php\/category\/noticias-de-ribeirao-preto-sp-e-regiao-ismael-colosi\/"},"img":{"alt_text":"","src":"https:\/\/i0.wp.com\/noticiasribeiraopreto.com.br\/wp-content\/uploads\/2025\/07\/carteira_de_1024x576_27092020203402_2025-07-07_21-38-43.webp.webp?fit=1024%2C576&ssl=1&resize=350%2C200","width":350,"height":200,"srcset":"https:\/\/i0.wp.com\/noticiasribeiraopreto.com.br\/wp-content\/uploads\/2025\/07\/carteira_de_1024x576_27092020203402_2025-07-07_21-38-43.webp.webp?fit=1024%2C576&ssl=1&resize=350%2C200 1x, https:\/\/i0.wp.com\/noticiasribeiraopreto.com.br\/wp-content\/uploads\/2025\/07\/carteira_de_1024x576_27092020203402_2025-07-07_21-38-43.webp.webp?fit=1024%2C576&ssl=1&resize=525%2C300 1.5x, https:\/\/i0.wp.com\/noticiasribeiraopreto.com.br\/wp-content\/uploads\/2025\/07\/carteira_de_1024x576_27092020203402_2025-07-07_21-38-43.webp.webp?fit=1024%2C576&ssl=1&resize=700%2C400 2x"},"classes":[]},{"id":70771,"url":"https:\/\/noticiasribeiraopreto.com.br\/index.php\/2025\/05\/29\/ribeirao-preto-recebe-mutirao-de-emprego-e-estagio-com-450-vagas-veja-quando\/","url_meta":{"origin":74433,"position":1},"title":"Ribeir\u00e3o Preto recebe mutir\u00e3o de emprego e est\u00e1gio com 450 vagas; veja quando","author":"noticiasribeiraopreto.com.br","date":"29 de May de 2025","format":false,"excerpt":"Nos dias 3 e 4 de junho, das 10h \u00e0s 13h, ser\u00e1 realizado o 4\u00ba Mutir\u00e3o do Emprego e Empreendedorismo no Centro de Ribeir\u00e3o Preto. O evento gratuito acontece na rua Lafaiete, 394, e oferece 250 vagas de emprego e 200 vagas de est\u00e1gio para estudantes do ensino m\u00e9dio. O\u2026","rel":"","context":"In &quot;Not\u00edcias de Ribeir\u00e3o Preto-SP e Regi\u00e3o&quot;","block_context":{"text":"Not\u00edcias de Ribeir\u00e3o Preto-SP e Regi\u00e3o","link":"https:\/\/noticiasribeiraopreto.com.br\/index.php\/category\/noticias-de-ribeirao-preto-sp-e-regiao-ismael-colosi\/"},"img":{"alt_text":"","src":"https:\/\/i0.wp.com\/noticiasribeiraopreto.com.br\/wp-content\/uploads\/2025\/05\/carteira_de_1024x576_22072021130746.jpg?fit=1024%2C576&ssl=1&resize=350%2C200","width":350,"height":200,"srcset":"https:\/\/i0.wp.com\/noticiasribeiraopreto.com.br\/wp-content\/uploads\/2025\/05\/carteira_de_1024x576_22072021130746.jpg?fit=1024%2C576&ssl=1&resize=350%2C200 1x, https:\/\/i0.wp.com\/noticiasribeiraopreto.com.br\/wp-content\/uploads\/2025\/05\/carteira_de_1024x576_22072021130746.jpg?fit=1024%2C576&ssl=1&resize=525%2C300 1.5x, https:\/\/i0.wp.com\/noticiasribeiraopreto.com.br\/wp-content\/uploads\/2025\/05\/carteira_de_1024x576_22072021130746.jpg?fit=1024%2C576&ssl=1&resize=700%2C400 2x"},"classes":[]},{"id":73261,"url":"https:\/\/noticiasribeiraopreto.com.br\/index.php\/2025\/06\/28\/rp-tera-14-mutiroes-de-emprego\/","url_meta":{"origin":74433,"position":2},"title":"RP ter\u00e1 14 mutir\u00f5es de emprego","author":"noticiasribeiraopreto.com.br","date":"28 de June de 2025","format":false,"excerpt":"Nesta sexta-feira, 27 de junho, foi anunciado, no Centro Administrativo Prefeito Jos\u00e9 de Magalh\u00e3es, o Programa Emprega Mais Ribeir\u00e3o, a maior mobiliza\u00e7\u00e3o por empregabilidade da hist\u00f3ria da cidade. \u00a0Entre julho e dezembro, ser\u00e3o realizados 14 mutir\u00f5es de emprego com a expectativa de ofertar aproximadamente 16 mil vagas em diversos setores\u2026","rel":"","context":"In &quot;Not\u00edcias de Ribeir\u00e3o Preto-SP e Regi\u00e3o&quot;","block_context":{"text":"Not\u00edcias de Ribeir\u00e3o Preto-SP e Regi\u00e3o","link":"https:\/\/noticiasribeiraopreto.com.br\/index.php\/category\/noticias-de-ribeirao-preto-sp-e-regiao-ismael-colosi\/"},"img":{"alt_text":"","src":"https:\/\/i0.wp.com\/noticiasribeiraopreto.com.br\/wp-content\/uploads\/2025\/06\/EmpregoRP-Alfredo-Risk.jpg?fit=1200%2C643&ssl=1&resize=350%2C200","width":350,"height":200,"srcset":"https:\/\/i0.wp.com\/noticiasribeiraopreto.com.br\/wp-content\/uploads\/2025\/06\/EmpregoRP-Alfredo-Risk.jpg?fit=1200%2C643&ssl=1&resize=350%2C200 1x, https:\/\/i0.wp.com\/noticiasribeiraopreto.com.br\/wp-content\/uploads\/2025\/06\/EmpregoRP-Alfredo-Risk.jpg?fit=1200%2C643&ssl=1&resize=525%2C300 1.5x, https:\/\/i0.wp.com\/noticiasribeiraopreto.com.br\/wp-content\/uploads\/2025\/06\/EmpregoRP-Alfredo-Risk.jpg?fit=1200%2C643&ssl=1&resize=700%2C400 2x, https:\/\/i0.wp.com\/noticiasribeiraopreto.com.br\/wp-content\/uploads\/2025\/06\/EmpregoRP-Alfredo-Risk.jpg?fit=1200%2C643&ssl=1&resize=1050%2C600 3x"},"classes":[]},{"id":73913,"url":"https:\/\/noticiasribeiraopreto.com.br\/index.php\/2025\/07\/12\/primeiro-mutirao-tem-25-mil-vagas\/","url_meta":{"origin":74433,"position":3},"title":"Primeiro mutir\u00e3o tem 2,5 mil vagas","author":"noticiasribeiraopreto.com.br","date":"12 de July de 2025","format":false,"excerpt":"12 de julho de 2025 08:3011 de julho de 2025 21:509 Compartilhar0 A prefeitura de Ribeir\u00e3o Preto, por meio da Secretaria de Inova\u00e7\u00e3o e Desenvolvimento Econ\u00f4mico, realizar\u00e1 neste s\u00e1bado, 12 de julho, das nove \u00e0s 14 horas, no Gin\u00e1sio Gavino Virdes (Cava do Bosque), o Mega Mutir\u00e3o Emprega Ribeir\u00e3o. A\u2026","rel":"","context":"In &quot;Not\u00edcias de Ribeir\u00e3o Preto-SP e Regi\u00e3o&quot;","block_context":{"text":"Not\u00edcias de Ribeir\u00e3o Preto-SP e Regi\u00e3o","link":"https:\/\/noticiasribeiraopreto.com.br\/index.php\/category\/noticias-de-ribeirao-preto-sp-e-regiao-ismael-colosi\/"},"img":{"alt_text":"","src":"https:\/\/i0.wp.com\/noticiasribeiraopreto.com.br\/wp-content\/uploads\/2025\/07\/CagedRP-Guilherme-Sircili-scaled.jpg?fit=752%2C500&ssl=1&resize=350%2C200","width":350,"height":200,"srcset":"https:\/\/i0.wp.com\/noticiasribeiraopreto.com.br\/wp-content\/uploads\/2025\/07\/CagedRP-Guilherme-Sircili-scaled.jpg?fit=752%2C500&ssl=1&resize=350%2C200 1x, https:\/\/i0.wp.com\/noticiasribeiraopreto.com.br\/wp-content\/uploads\/2025\/07\/CagedRP-Guilherme-Sircili-scaled.jpg?fit=752%2C500&ssl=1&resize=525%2C300 1.5x, https:\/\/i0.wp.com\/noticiasribeiraopreto.com.br\/wp-content\/uploads\/2025\/07\/CagedRP-Guilherme-Sircili-scaled.jpg?fit=752%2C500&ssl=1&resize=700%2C400 2x"},"classes":[]},{"id":76963,"url":"https:\/\/noticiasribeiraopreto.com.br\/index.php\/2025\/09\/09\/ribeirao-tem-mutirao-do-emprego-com-500-vagas-saiba-como-participar\/","url_meta":{"origin":74433,"position":4},"title":"Ribeir\u00e3o tem mutir\u00e3o do emprego com 500 vagas; Saiba como participar","author":"noticiasribeiraopreto.com.br","date":"9 de September de 2025","format":false,"excerpt":"Ribeir\u00e3o Preto recebe nesta quinta-feira (11), das 10h \u00e0s 13h, um novo mutir\u00e3o do emprego com cerca de 500 vagas de trabalho, incluindo empregos formais, est\u00e1gios e oportunidades para jovens aprendizes. A a\u00e7\u00e3o \u00e9 totalmente gratuita e acontecer\u00e1 na sede do SINCOVARP (Sindicato do Com\u00e9rcio Varejista de Ribeir\u00e3o Preto), localizada\u2026","rel":"","context":"In &quot;Not\u00edcias de Ribeir\u00e3o Preto-SP e Regi\u00e3o&quot;","block_context":{"text":"Not\u00edcias de Ribeir\u00e3o Preto-SP e Regi\u00e3o","link":"https:\/\/noticiasribeiraopreto.com.br\/index.php\/category\/noticias-de-ribeirao-preto-sp-e-regiao-ismael-colosi\/"},"img":{"alt_text":"","src":"https:\/\/i0.wp.com\/noticiasribeiraopreto.com.br\/wp-content\/uploads\/2025\/09\/1vagas_pat_-_foto_guilherme_sircili_4.jpg?fit=1200%2C799&ssl=1&resize=350%2C200","width":350,"height":200,"srcset":"https:\/\/i0.wp.com\/noticiasribeiraopreto.com.br\/wp-content\/uploads\/2025\/09\/1vagas_pat_-_foto_guilherme_sircili_4.jpg?fit=1200%2C799&ssl=1&resize=350%2C200 1x, https:\/\/i0.wp.com\/noticiasribeiraopreto.com.br\/wp-content\/uploads\/2025\/09\/1vagas_pat_-_foto_guilherme_sircili_4.jpg?fit=1200%2C799&ssl=1&resize=525%2C300 1.5x, https:\/\/i0.wp.com\/noticiasribeiraopreto.com.br\/wp-content\/uploads\/2025\/09\/1vagas_pat_-_foto_guilherme_sircili_4.jpg?fit=1200%2C799&ssl=1&resize=700%2C400 2x, https:\/\/i0.wp.com\/noticiasribeiraopreto.com.br\/wp-content\/uploads\/2025\/09\/1vagas_pat_-_foto_guilherme_sircili_4.jpg?fit=1200%2C799&ssl=1&resize=1050%2C600 3x"},"classes":[]},{"id":73699,"url":"https:\/\/noticiasribeiraopreto.com.br\/index.php\/2025\/07\/08\/primeiro-de-14-mutiroes-oferece-duas-mil-vagas\/","url_meta":{"origin":74433,"position":5},"title":"Primeiro de 14 mutir\u00f5es oferece duas mil vagas","author":"noticiasribeiraopreto.com.br","date":"8 de July de 2025","format":false,"excerpt":"A prefeitura de Ribeir\u00e3o Preto, por meio da Secretaria de Inova\u00e7\u00e3o e Desenvolvimento Econ\u00f4mico, realizar\u00e1 neste s\u00e1bado, 12 de julho, das nove \u00e0s 14 horas, no Gin\u00e1sio Gavino Virdes (Cava do Bosque), o Mega Mutir\u00e3o Emprega Ribeir\u00e3o. A iniciativa marca o in\u00edcio oficial da programa\u00e7\u00e3o 2025 do Programa Emprega Mais\u2026","rel":"","context":"In &quot;Not\u00edcias de Ribeir\u00e3o Preto-SP e Regi\u00e3o&quot;","block_context":{"text":"Not\u00edcias de Ribeir\u00e3o Preto-SP e Regi\u00e3o","link":"https:\/\/noticiasribeiraopreto.com.br\/index.php\/category\/noticias-de-ribeirao-preto-sp-e-regiao-ismael-colosi\/"},"img":{"alt_text":"","src":"https:\/\/i0.wp.com\/noticiasribeiraopreto.com.br\/wp-content\/uploads\/2025\/07\/carteira-trabalho-scaled-1.jpg?fit=970%2C645&ssl=1&resize=350%2C200","width":350,"height":200,"srcset":"https:\/\/i0.wp.com\/noticiasribeiraopreto.com.br\/wp-content\/uploads\/2025\/07\/carteira-trabalho-scaled-1.jpg?fit=970%2C645&ssl=1&resize=350%2C200 1x, https:\/\/i0.wp.com\/noticiasribeiraopreto.com.br\/wp-content\/uploads\/2025\/07\/carteira-trabalho-scaled-1.jpg?fit=970%2C645&ssl=1&resize=525%2C300 1.5x, https:\/\/i0.wp.com\/noticiasribeiraopreto.com.br\/wp-content\/uploads\/2025\/07\/carteira-trabalho-scaled-1.jpg?fit=970%2C645&ssl=1&resize=700%2C400 2x"},"classes":[]}],"jetpack_sharing_enabled":true,"jetpack_shortlink":"https:\/\/wp.me\/peQAOb-jmx","_links":{"self":[{"href":"https:\/\/noticiasribeiraopreto.com.br\/index.php\/wp-json\/wp\/v2\/posts\/74433","targetHints":{"allow":["GET"]}}],"collection":[{"href":"https:\/\/noticiasribeiraopreto.com.br\/index.php\/wp-json\/wp\/v2\/posts"}],"about":[{"href":"https:\/\/noticiasribeiraopreto.com.br\/index.php\/wp-json\/wp\/v2\/types\/post"}],"author":[{"embeddable":true,"href":"https:\/\/noticiasribeiraopreto.com.br\/index.php\/wp-json\/wp\/v2\/users\/1"}],"replies":[{"embeddable":true,"href":"https:\/\/noticiasribeiraopreto.com.br\/index.php\/wp-json\/wp\/v2\/comments?post=74433"}],"version-history":[{"count":0,"href":"https:\/\/noticiasribeiraopreto.com.br\/index.php\/wp-json\/wp\/v2\/posts\/74433\/revisions"}],"wp:featuredmedia":[{"embeddable":true,"href":"https:\/\/noticiasribeiraopreto.com.br\/index.php\/wp-json\/wp\/v2\/media\/74434"}],"wp:attachment":[{"href":"https:\/\/noticiasribeiraopreto.com.br\/index.php\/wp-json\/wp\/v2\/media?parent=74433"}],"wp:term":[{"taxonomy":"category","embeddable":true,"href":"https:\/\/noticiasribeiraopreto.com.br\/index.php\/wp-json\/wp\/v2\/categories?post=74433"},{"taxonomy":"post_tag","embeddable":true,"href":"https:\/\/noticiasribeiraopreto.com.br\/index.php\/wp-json\/wp\/v2\/tags?post=74433"}],"curies":[{"name":"wp","href":"https:\/\/api.w.org\/{rel}","templated":true}]}}