{"id":74435,"date":"2025-07-22T18:05:58","date_gmt":"2025-07-22T21:05:58","guid":{"rendered":"https:\/\/noticiasribeiraopreto.com.br\/index.php\/2025\/07\/22\/zeca-baleiro-traz-show-piano-a-rp\/"},"modified":"2025-07-22T18:05:58","modified_gmt":"2025-07-22T21:05:58","slug":"zeca-baleiro-traz-show-piano-a-rp","status":"publish","type":"post","link":"https:\/\/noticiasribeiraopreto.com.br\/index.php\/2025\/07\/22\/zeca-baleiro-traz-show-piano-a-rp\/","title":{"rendered":"Zeca Baleiro traz show \u2018Piano\u2019 a RP"},"content":{"rendered":"<div class='code-block code-block-1' style='margin: 8px 0 8px auto; text-align: right; display: block; clear: both;'>\n<p><a href=\"https:\/\/wa.link\/vpicfd\"><img data-recalc-dims=\"1\" class=\"wp-image-4922\" style=\"aspect-ratio: 2.0253164556962027; width: 561px; height: auto;\" src=\"https:\/\/i0.wp.com\/ismaelcolosi.com.br\/wp-content\/uploads\/2023\/11\/grupo-de-empregos-whatsapp-e-facebook-ismael-colosi-vagas.jpg?ssl=1\" alt=\"\" \/><\/a><\/p>\n<!-- \/wp:image -->\n<\/div>\n<p> <br \/>\n<\/p>\n<div>\n<p>O cantor e compositor Zeca Baleiro estar\u00e1 no Multiplan Hall, no Ribeir\u00e3oShopping, em Ribeir\u00e3o Preto, no dia 9 de agosto, s\u00e1bado, \u00e0s 21 horas,\u00a0 com o show \u201cPiano\u201d, um recital pop com can\u00e7\u00f5es de sua discografia e releituras de m\u00fasicas de seu repert\u00f3rio afetivo.<\/p>\n<p>O espet\u00e1culo \u00e9 uma homenagem aos 91 anos do Teatro Rival Petrobras, fundado em 1934 no Centro do Rio de Janeiro (RJ) Acompanhado apenas por Adriano Magoo (piano, sintetizadores, samplers e acordeon), o artista garante boas surpresas, com algumas autorais in\u00e9ditas e can\u00e7\u00f5es consagradas que ganharam novos arranjos.<\/p>\n<p>Esse show come\u00e7ou com uma pequena turn\u00ea de um projeto especial iniciado por Baleiro com Magoo em 2011. \u00a0Muita coisa mudou desde ent\u00e3o, o repert\u00f3rio foi renovado e deve incluir compositores como Fausto Nilo e Belchior. Do show embrion\u00e1rio ser\u00e3o mantidas \u201cN\u00e3o adianta\u201d, de Sergio Sampaio; \u201cEsot\u00e9rico\u201d, de Gilberto Gil; e \u201cEspinha de bacalhau\u201d, de Severino Ara\u00fajo.<\/p>\n<p>Entre as can\u00e7\u00f5es autorais, est\u00e3o \u201cRespira\u201d, parceria do artista com Chico C\u00e9sar, \u201cBabylon\u201d, \u201cBandeira\u201d e \u201cTelegrama\u201d, essas tr\u00eas apenas de Zeca Baleiro. Zeca Baleiro, nome art\u00edstico de Jos\u00e9 Ribamar Coelho Santos, nasceu em S\u00e3o Lu\u00eds, Maranh\u00e3o, em 11 de abril de 1966. \u00c9 um renomado cantor, compositor, m\u00fasico brasileiro de MPB, cronista e escritor. Sua m\u00fasica \u00e9 conhecida pela mistura de ritmos, letras po\u00e9ticas e um toque de humor e ironia.<\/p>\n<p>Zeca Baleiro iniciou sua carreira musical em S\u00e3o Paulo, onde lan\u00e7ou seu primeiro \u00e1lbum, \u201cPor Onde Andar\u00e1 Stephen Fry?\u201d, em 1997, que foi recebido com entusiasmo pelo p\u00fablico e cr\u00edtica. Ao longo de sua carreira, ele lan\u00e7ou diversos \u00e1lbuns, escreveu para teatro, cinema e literatura, e comp\u00f4s trilhas sonoras para pe\u00e7as infantis e musicais.<\/p>\n<p>Al\u00e9m de sua atua\u00e7\u00e3o como m\u00fasico, Zeca Baleiro tamb\u00e9m se destacou como escritor, com seis livros publicados. Sua obra transita por diversos g\u00eaneros musicais, incluindo MPB, blues, samba e ritmos regionais, com influ\u00eancias da poesia brasileira.<\/p>\n<p>Ele \u00e9 reconhecido por sua versatilidade e por criar m\u00fasicas que exigem um conhecimento mais profundo do ouvinte, abrangendo temas diversos. \u00a0Ao longo de sua carreira, Zeca Baleiro recebeu diversos pr\u00eamios e indica\u00e7\u00f5es, incluindo o Grammy Latino, APCA e Pr\u00eamio da M\u00fasica Brasileira.<\/p>\n<p><strong>\u00c1lbum \u2013 <\/strong>Zeca Baleiro canta \u201cFrank Sinatra\u201d no \u00e1lbum \u201cPiano. N\u00e3o, o artista maranhense n\u00e3o aborda o repert\u00f3rio do cantor norte-americano. \u201cFrank Sinatra\u201d \u00e9 o nome da m\u00fasica composta por John McCrea e lan\u00e7ada em 1996 pela banda norte-americana Cake.<\/p>\n<p>\u201cFrank Sinatra\u201d \u00e9 uma das doze m\u00fasicas gravadas pelo cantor no Midas Est\u00fadio, em takes captados praticamente ao vivo, em S\u00e3o Paulo (SP) durante quatro dias de novembro de 2024. Com produ\u00e7\u00e3o musical de S\u00e9rgio Fouad, o \u00e1lbum Piano apresenta recorte do show hom\u00f4nimo feito por Zeca Baleiro com o pianista Adriano Magoo.<\/p>\n<p>Cantor e m\u00fasico j\u00e1 tinham percorrido algumas cidades do Brasil com o show \u201cPiano\u201d no bin\u00f4mio 2013-2014. No ano passado, Baleiro retomou o projeto com a ideia de fazer grava\u00e7\u00e3o em est\u00fadio para a edi\u00e7\u00e3o do \u00e1lbum e a inten\u00e7\u00e3o de promover a volta \u00e0 cena do espet\u00e1culo em 2025.<\/p>\n<p>Desde janeiro, Baleiro e Magoo t\u00eam apresentado o show em algumas capitais. Em ess\u00eancia, o roteiro \u00e9 o mesmo de 2013, mas entraram algumas m\u00fasicas como a in\u00e9dita \u201cTem algo l\u00e1\u201d \u2013 parceria recente de Baleiro com Juliano Holanda \u2013 e como \u201cNingu\u00e9m perguntou por voc\u00ea\u201d (Arthur Braganti e Let\u00edcia Novaes, 2017), sucesso de Letrux que Baleiro j\u00e1 cantava eventualmente em shows antes da retomada de \u201cPiano\u201d.<\/p>\n<p>No \u00e1lbum, Baleiro tamb\u00e9m registra \u201cTarde de chuva\u201d, parceria do artista com o poeta roraimense Eliakin Rufino. Detalhe: \u201cTarde de chuva\u201d j\u00e1 figurava no roteiro do show \u201cPiano\u201d nas apresenta\u00e7\u00f5es iniciais de 2013, mas a m\u00fasica permaneceu in\u00e9dita em disco ao longo desses doze anos.<\/p>\n<p><strong>Ingressos <\/strong><strong>\u2013 <\/strong>O Multplan Hall fica no Ribeir\u00e3oShopping , na avenida Coronel Fernando Ferreira Leite n\u00ba 1.540, Jardim Nova Alian\u00e7a, Zona Sul. A classifica\u00e7\u00e3o \u00e9 livre. Os ingressos para o setor Premium Extra custam R$ 113,75 (promo\u00e7\u00e3o de f\u00e9rias, adicional de R$ 17,06), R$ 175 (inteira, mais R$ 26,25) e R$ 87,50 (meia-entrada e idosos, mais R$ 13,13).<\/p>\n<p>Para o setor Bistr\u00f4 custam R$ 117 (promo\u00e7\u00e3o de f\u00e9rias, adicional de R$ 17,55), R$ 180 (inteira, mais R$ 27) e R$ 90 (meia-entrada e idosos, mais R$ 13,50).<br \/>Para a Mesa \u00e1rea Vip A custam R$ 169 (promo\u00e7\u00e3o de f\u00e9rias, adicional de R$ 25,50), R$ 260 (inteira, mais R$ 39) e R$ 130 (meia-entrada e idosos, mais R$ 19,50).<\/p>\n<p>Os valores para o setor Mesa Vip B s\u00e3o de R$ 220 (inteira, mais R$ 33 de taxa de administra\u00e7\u00e3o para compra online) e R$ 110 (meia e idosos, mais R$ 16,50). \u00a0Para a Mesa Vip Especial saem por R$ 465 (inteira, acr\u00e9scimo de R$ 69,75) e R$ 232,50 (meia e idosos, adicional de R$ 34,88).<\/p>\n<p>A Mesa Vip Extra custam R$ 195 (promo\u00e7\u00e3o de f\u00e9rias, adicional de R$ 29,25), R$ 345 (inteira, mais R$ 51,75) e R$ 172,50 (meia-entrada e idosos, mais R$ 25,88). \u00a0A taxa de administra\u00e7\u00e3o para compra online corresponde a 15% do valor Informa\u00e7\u00f5es sobre meia-entrada e ingresso para pessoas com defici\u00eancia (PcD) e vendas no site\u00a0 da Ticketmaster (https:\/\/www.ticketmaster.com.br\/event\/zeca-baleiro-ribeirao-preto).<\/p>\n<p><strong>Servi\u00e7o<\/strong> <strong>Show:\u00a0 <\/strong>\u201cPiano\u201d<br \/><strong>Com: <\/strong>Zeca Baleiro e Adriano Magoo<br \/><strong>Quando:<\/strong> s\u00e1bado, 9 de agosto<br \/><strong>Hor\u00e1rio: <\/strong>21 horas<br \/><strong>Local: <\/strong>Multiplan Hall, Ribeir\u00e3oShopping<br \/><strong>Endere\u00e7o:<\/strong> avenida Coronel Fernando Ferreira Leite n\u00ba 1.540, Jardim Calif\u00f3rnia<br \/><strong>Classifica\u00e7\u00e3o: <\/strong>livre<br \/><strong>Valores *<br \/>Mesa Vip Especial<\/strong><br \/>R$ 465 (inteira)<br \/>R$ 232,50 (meia)<br \/><strong>Vip Extra<\/strong><br \/>R$ 195 (promo\u00e7\u00e3o)<br \/>R$ 345 (inteira)<br \/>R$ 172,50 (meia)<br \/><strong>Mesa Vip A<\/strong><br \/>R$ 169 (promo\u00e7\u00e3o)<br \/>R$ 260 (inteira)<br \/>R$ 130 (meia)<br \/><strong>Mesa Vip B<\/strong><br \/>R$ 220 (inteira)<br \/>R$ 110 (meia).<br \/><strong>Bistr\u00f4 <\/strong><br \/>R$ 117 (promo\u00e7\u00e3o)<br \/>R$ 180 (inteira)<br \/>R$ 90 (meia).<br \/><strong>Pista Premium Extra <\/strong><br \/>R$ 113,75 (promo\u00e7\u00e3o)<br \/>R$ 175 (inteira)<br \/>R$ 87,50 (meia).<br \/><strong>* Para compra na bilheteria n\u00e3o h\u00e1 taxa<\/strong><br \/><strong>Vendas:<\/strong> https:\/\/www.ticketmaster.com.br\/event\/zeca-baleiro-ribeirao-preto<\/p>\n<\/div>\n<p><br \/>\n<br \/><a href=\"https:\/\/www.tribunaribeirao.com.br\/zeca-baleiro-traz-show-piano-a-rp\/\">Source link <\/a><\/p>\n<!-- CONTENT END 1 -->\n","protected":false},"excerpt":{"rendered":"<p>O cantor e compositor Zeca Baleiro estar\u00e1 no Multiplan Hall, no Ribeir\u00e3oShopping, em Ribeir\u00e3o Preto, no dia 9 de agosto, s\u00e1bado, \u00e0s 21 horas,\u00a0 com&#8230;<\/p>\n","protected":false},"author":1,"featured_media":74436,"comment_status":"open","ping_status":"open","sticky":false,"template":"","format":"standard","meta":{"advanced_seo_description":"","jetpack_seo_html_title":"","jetpack_seo_noindex":false,"jetpack_post_was_ever_published":false,"_jetpack_newsletter_access":"","_jetpack_dont_email_post_to_subs":false,"_jetpack_newsletter_tier_id":0,"_jetpack_memberships_contains_paywalled_content":false,"_jetpack_memberships_contains_paid_content":false,"footnotes":"","jetpack_publicize_message":"","jetpack_publicize_feature_enabled":true,"jetpack_social_post_already_shared":true,"jetpack_social_options":{"image_generator_settings":{"template":"highway","default_image_id":0,"font":"","enabled":false},"version":2}},"categories":[11],"tags":[],"class_list":["post-74435","post","type-post","status-publish","format-standard","has-post-thumbnail","hentry","category-noticias-de-ribeirao-preto-sp-e-regiao-ismael-colosi"],"jetpack_publicize_connections":[],"jetpack_featured_media_url":"https:\/\/i0.wp.com\/noticiasribeiraopreto.com.br\/wp-content\/uploads\/2025\/07\/Baleiro-Bal-Silvia-Zamboni-Divulgacao-01-scaled.jpg?fit=1170%2C780&ssl=1","jetpack-related-posts":[{"id":75480,"url":"https:\/\/noticiasribeiraopreto.com.br\/index.php\/2025\/08\/09\/zeca-baleiro-traz-show-piano-a-rp-2\/","url_meta":{"origin":74435,"position":0},"title":"Zeca Baleiro traz show \u2018Piano\u2019 a RP","author":"noticiasribeiraopreto.com.br","date":"9 de August de 2025","format":false,"excerpt":"Entre uma e outra surpresa, o roteiro deve incluir can\u00e7\u00f5es marcantes de sua carreira como \u201cTelegrama\u201d e \u201cFlor da Pele\u201d, al\u00e9m de releituras e m\u00fasicas dos discos mais recentes O cantor e compositor Zeca Baleiro estar\u00e1 no Multiplan Hall, no Ribeir\u00e3oShopping, em Ribeir\u00e3o Preto, neste s\u00e1bado, 9 de agosto, \u00e0s\u2026","rel":"","context":"In &quot;Not\u00edcias de Ribeir\u00e3o Preto-SP e Regi\u00e3o&quot;","block_context":{"text":"Not\u00edcias de Ribeir\u00e3o Preto-SP e Regi\u00e3o","link":"https:\/\/noticiasribeiraopreto.com.br\/index.php\/category\/noticias-de-ribeirao-preto-sp-e-regiao-ismael-colosi\/"},"img":{"alt_text":"","src":"https:\/\/i0.wp.com\/noticiasribeiraopreto.com.br\/wp-content\/uploads\/2025\/08\/baliero-scaled.jpg?fit=1170%2C780&ssl=1&resize=350%2C200","width":350,"height":200,"srcset":"https:\/\/i0.wp.com\/noticiasribeiraopreto.com.br\/wp-content\/uploads\/2025\/08\/baliero-scaled.jpg?fit=1170%2C780&ssl=1&resize=350%2C200 1x, https:\/\/i0.wp.com\/noticiasribeiraopreto.com.br\/wp-content\/uploads\/2025\/08\/baliero-scaled.jpg?fit=1170%2C780&ssl=1&resize=525%2C300 1.5x, https:\/\/i0.wp.com\/noticiasribeiraopreto.com.br\/wp-content\/uploads\/2025\/08\/baliero-scaled.jpg?fit=1170%2C780&ssl=1&resize=700%2C400 2x, https:\/\/i0.wp.com\/noticiasribeiraopreto.com.br\/wp-content\/uploads\/2025\/08\/baliero-scaled.jpg?fit=1170%2C780&ssl=1&resize=1050%2C600 3x"},"classes":[]},{"id":74806,"url":"https:\/\/noticiasribeiraopreto.com.br\/index.php\/2025\/07\/29\/zeca-baleiro-apresenta-show-intimista-em-ribeirao-preto-veja-quando\/","url_meta":{"origin":74435,"position":1},"title":"Zeca Baleiro apresenta show intimista em Ribeir\u00e3o Preto; veja quando","author":"noticiasribeiraopreto.com.br","date":"29 de July de 2025","format":false,"excerpt":"O cantor e compositor Zeca Baleiro se apresenta em Ribeir\u00e3o Preto no dia 9 de agosto, no Multiplan Hall. O show ocorre em formato intimista, com piano, e re\u00fane m\u00fasicas que marcaram sua carreira. No repert\u00f3rio, est\u00e3o can\u00e7\u00f5es como \u201cFlor da Pele\u201d e \u201cTelegrama\u201d, faixas que integraram o \u00e1lbum de\u2026","rel":"","context":"In &quot;Not\u00edcias de Ribeir\u00e3o Preto-SP e Regi\u00e3o&quot;","block_context":{"text":"Not\u00edcias de Ribeir\u00e3o Preto-SP e Regi\u00e3o","link":"https:\/\/noticiasribeiraopreto.com.br\/index.php\/category\/noticias-de-ribeirao-preto-sp-e-regiao-ismael-colosi\/"},"img":{"alt_text":"","src":"https:\/\/i0.wp.com\/noticiasribeiraopreto.com.br\/wp-content\/uploads\/2025\/07\/01_2025-07-29_16-27-20.webp.webp?fit=1200%2C574&ssl=1&resize=350%2C200","width":350,"height":200,"srcset":"https:\/\/i0.wp.com\/noticiasribeiraopreto.com.br\/wp-content\/uploads\/2025\/07\/01_2025-07-29_16-27-20.webp.webp?fit=1200%2C574&ssl=1&resize=350%2C200 1x, https:\/\/i0.wp.com\/noticiasribeiraopreto.com.br\/wp-content\/uploads\/2025\/07\/01_2025-07-29_16-27-20.webp.webp?fit=1200%2C574&ssl=1&resize=525%2C300 1.5x, https:\/\/i0.wp.com\/noticiasribeiraopreto.com.br\/wp-content\/uploads\/2025\/07\/01_2025-07-29_16-27-20.webp.webp?fit=1200%2C574&ssl=1&resize=700%2C400 2x, https:\/\/i0.wp.com\/noticiasribeiraopreto.com.br\/wp-content\/uploads\/2025\/07\/01_2025-07-29_16-27-20.webp.webp?fit=1200%2C574&ssl=1&resize=1050%2C600 3x"},"classes":[]},{"id":62065,"url":"https:\/\/noticiasribeiraopreto.com.br\/index.php\/2025\/01\/02\/paula-lima-pequeno-cidadao-e-zeca-baleiro-confira-lista-de-shows-em-janeiro-no-sesc-franca\/","url_meta":{"origin":74435,"position":2},"title":"Paula Lima, Pequeno Cidad\u00e3o e Zeca Baleiro: Confira lista de shows em janeiro no Sesc Franca","author":"noticiasribeiraopreto.com.br","date":"2 de January de 2025","format":false,"excerpt":"Durante o m\u00eas de janeiro o Sesc Franca recebe shows de artistas como Paula Lima, Zeca Baleiro e a banda Pequeno Cidad\u00e3o. Confira a agenda de shows do primeiro m\u00eas de 2025 na unidade: Paula Lima O show \u201cEu, Paula Lima \u2013 O Baile\u201d da cantora Paula Lima acontece neste\u2026","rel":"","context":"In &quot;Not\u00edcias de Ribeir\u00e3o Preto-SP e Regi\u00e3o&quot;","block_context":{"text":"Not\u00edcias de Ribeir\u00e3o Preto-SP e Regi\u00e3o","link":"https:\/\/noticiasribeiraopreto.com.br\/index.php\/category\/noticias-de-ribeirao-preto-sp-e-regiao-ismael-colosi\/"},"img":{"alt_text":"","src":"https:\/\/i0.wp.com\/noticiasribeiraopreto.com.br\/wp-content\/uploads\/2025\/01\/Copia-de-Copia-de-Copia-de-TAMANHO-EXATO-PARA-FOTOS-NO-SISTEMA-NOVO-52_2025-01-02_15-14-45_jpg_2025-01-02_15-14-45.webp.webp?fit=1200%2C675&ssl=1&resize=350%2C200","width":350,"height":200,"srcset":"https:\/\/i0.wp.com\/noticiasribeiraopreto.com.br\/wp-content\/uploads\/2025\/01\/Copia-de-Copia-de-Copia-de-TAMANHO-EXATO-PARA-FOTOS-NO-SISTEMA-NOVO-52_2025-01-02_15-14-45_jpg_2025-01-02_15-14-45.webp.webp?fit=1200%2C675&ssl=1&resize=350%2C200 1x, https:\/\/i0.wp.com\/noticiasribeiraopreto.com.br\/wp-content\/uploads\/2025\/01\/Copia-de-Copia-de-Copia-de-TAMANHO-EXATO-PARA-FOTOS-NO-SISTEMA-NOVO-52_2025-01-02_15-14-45_jpg_2025-01-02_15-14-45.webp.webp?fit=1200%2C675&ssl=1&resize=525%2C300 1.5x, https:\/\/i0.wp.com\/noticiasribeiraopreto.com.br\/wp-content\/uploads\/2025\/01\/Copia-de-Copia-de-Copia-de-TAMANHO-EXATO-PARA-FOTOS-NO-SISTEMA-NOVO-52_2025-01-02_15-14-45_jpg_2025-01-02_15-14-45.webp.webp?fit=1200%2C675&ssl=1&resize=700%2C400 2x, https:\/\/i0.wp.com\/noticiasribeiraopreto.com.br\/wp-content\/uploads\/2025\/01\/Copia-de-Copia-de-Copia-de-TAMANHO-EXATO-PARA-FOTOS-NO-SISTEMA-NOVO-52_2025-01-02_15-14-45_jpg_2025-01-02_15-14-45.webp.webp?fit=1200%2C675&ssl=1&resize=1050%2C600 3x"},"classes":[]},{"id":1620,"url":"https:\/\/noticiasribeiraopreto.com.br\/index.php\/2023\/11\/13\/edson-cordeiro-se-apresenta-no-teatro-minaz-em-ribeirao-preto\/","url_meta":{"origin":74435,"position":3},"title":"Edson Cordeiro se apresenta no Teatro Minaz em Ribeir\u00e3o Preto\u00a0","author":"noticiasribeiraopreto.com.br","date":"13 de November de 2023","format":false,"excerpt":"O Teatro Minaz, no Jardim Paulista, em Ribeir\u00e3o Preto, recebe, no dia 17 de novembro, \u00e0s 20h, o cantor Edson Cordeiro com o espet\u00e1culo \u2018Voz e Viol\u00e3o\u2019. Os ingressos podem ser adquiridos on-line. Dono de dois discos de ouro, sua carreira internacional decolou quando se apresentou no Montreux Jazz Festival,\u2026","rel":"","context":"In &quot;Not\u00edcias de Ribeir\u00e3o Preto-SP e Regi\u00e3o&quot;","block_context":{"text":"Not\u00edcias de Ribeir\u00e3o Preto-SP e Regi\u00e3o","link":"https:\/\/noticiasribeiraopreto.com.br\/index.php\/category\/noticias-de-ribeirao-preto-sp-e-regiao-ismael-colosi\/"},"img":{"alt_text":"","src":"https:\/\/i0.wp.com\/noticiasribeiraopreto.com.br\/wp-content\/uploads\/2023\/11\/WhatsApp-Image-2023-11-13-at-09.03.32.jpeg?fit=900%2C915&ssl=1&resize=350%2C200","width":350,"height":200,"srcset":"https:\/\/i0.wp.com\/noticiasribeiraopreto.com.br\/wp-content\/uploads\/2023\/11\/WhatsApp-Image-2023-11-13-at-09.03.32.jpeg?fit=900%2C915&ssl=1&resize=350%2C200 1x, https:\/\/i0.wp.com\/noticiasribeiraopreto.com.br\/wp-content\/uploads\/2023\/11\/WhatsApp-Image-2023-11-13-at-09.03.32.jpeg?fit=900%2C915&ssl=1&resize=525%2C300 1.5x, https:\/\/i0.wp.com\/noticiasribeiraopreto.com.br\/wp-content\/uploads\/2023\/11\/WhatsApp-Image-2023-11-13-at-09.03.32.jpeg?fit=900%2C915&ssl=1&resize=700%2C400 2x"},"classes":[]},{"id":58075,"url":"https:\/\/noticiasribeiraopreto.com.br\/index.php\/2024\/09\/18\/filarmonica-de-pasargada-se-apresenta-em-ribeirao-preto-veja-onde\/","url_meta":{"origin":74435,"position":4},"title":"Filarm\u00f4nica de Pas\u00e1rgada se apresenta em Ribeir\u00e3o Preto; Veja onde","author":"noticiasribeiraopreto.com.br","date":"18 de September de 2024","format":false,"excerpt":"Nesta edi\u00e7\u00e3o do Pantera Sessions, que acontece nesta sexta-feira (20), a partir das 21h, no Espa\u00e7o MuseLab, contar\u00e1 com um show gratuito do grupo Filarm\u00f4nica de Pas\u00e1rgada e apresenta\u00e7\u00e3o do coletivo de DJs Atari. Apesar de a entrada ser gratuita, \u00e9 necess\u00e1rio estar com nome na lista. Para participar, basta\u2026","rel":"","context":"In &quot;Not\u00edcias de Ribeir\u00e3o Preto-SP e Regi\u00e3o&quot;","block_context":{"text":"Not\u00edcias de Ribeir\u00e3o Preto-SP e Regi\u00e3o","link":"https:\/\/noticiasribeiraopreto.com.br\/index.php\/category\/noticias-de-ribeirao-preto-sp-e-regiao-ismael-colosi\/"},"img":{"alt_text":"","src":"https:\/\/i0.wp.com\/noticiasribeiraopreto.com.br\/wp-content\/uploads\/2024\/09\/Filarmonica-de-Pasargada-4A-credito-Ze-Vicente_2024-09-18_13-40-33_jpg_2024-09-18_13-40-34-scaled.webp.webp?fit=1200%2C900&ssl=1&resize=350%2C200","width":350,"height":200,"srcset":"https:\/\/i0.wp.com\/noticiasribeiraopreto.com.br\/wp-content\/uploads\/2024\/09\/Filarmonica-de-Pasargada-4A-credito-Ze-Vicente_2024-09-18_13-40-33_jpg_2024-09-18_13-40-34-scaled.webp.webp?fit=1200%2C900&ssl=1&resize=350%2C200 1x, https:\/\/i0.wp.com\/noticiasribeiraopreto.com.br\/wp-content\/uploads\/2024\/09\/Filarmonica-de-Pasargada-4A-credito-Ze-Vicente_2024-09-18_13-40-33_jpg_2024-09-18_13-40-34-scaled.webp.webp?fit=1200%2C900&ssl=1&resize=525%2C300 1.5x, https:\/\/i0.wp.com\/noticiasribeiraopreto.com.br\/wp-content\/uploads\/2024\/09\/Filarmonica-de-Pasargada-4A-credito-Ze-Vicente_2024-09-18_13-40-33_jpg_2024-09-18_13-40-34-scaled.webp.webp?fit=1200%2C900&ssl=1&resize=700%2C400 2x, https:\/\/i0.wp.com\/noticiasribeiraopreto.com.br\/wp-content\/uploads\/2024\/09\/Filarmonica-de-Pasargada-4A-credito-Ze-Vicente_2024-09-18_13-40-33_jpg_2024-09-18_13-40-34-scaled.webp.webp?fit=1200%2C900&ssl=1&resize=1050%2C600 3x"},"classes":[]},{"id":63134,"url":"https:\/\/noticiasribeiraopreto.com.br\/index.php\/2025\/02\/03\/os-menotti-seu-jorge-e-alexandre-pires-se-apresentam-em-ribeirao-preto\/","url_meta":{"origin":74435,"position":5},"title":"Os Menotti, Seu Jorge e Alexandre Pires se apresentam em Ribeir\u00e3o\u00a0Preto","author":"noticiasribeiraopreto.com.br","date":"3 de February de 2025","format":false,"excerpt":"Na noite desta segunda-feira (3), o Multiplan Hall Ribeir\u00e3o Preto divulgou a programa\u00e7\u00e3o de shows de 2025. J\u00e1 est\u00e3o confirmados nomes como Os Menotti, Seu Jorge, Alexandre Pires, Lulu Santos, entre outros. Ao todo, foram confirmados 39 shows para este ano, no local. Importante lembrar que o show do rei\u2026","rel":"","context":"In &quot;Not\u00edcias de Ribeir\u00e3o Preto-SP e Regi\u00e3o&quot;","block_context":{"text":"Not\u00edcias de Ribeir\u00e3o Preto-SP e Regi\u00e3o","link":"https:\/\/noticiasribeiraopreto.com.br\/index.php\/category\/noticias-de-ribeirao-preto-sp-e-regiao-ismael-colosi\/"},"img":{"alt_text":"","src":"https:\/\/i0.wp.com\/noticiasribeiraopreto.com.br\/wp-content\/uploads\/2025\/02\/Copia-de-Copia-de-Copia-de-TAMANHO-EXATO-PARA-FOTOS-NO-SISTEMA-NOVO-2025-02-03T212403.251_2025-02-04_00-24-09_png_2025-02-04_00-24-09.webp.webp?fit=1200%2C675&ssl=1&resize=350%2C200","width":350,"height":200,"srcset":"https:\/\/i0.wp.com\/noticiasribeiraopreto.com.br\/wp-content\/uploads\/2025\/02\/Copia-de-Copia-de-Copia-de-TAMANHO-EXATO-PARA-FOTOS-NO-SISTEMA-NOVO-2025-02-03T212403.251_2025-02-04_00-24-09_png_2025-02-04_00-24-09.webp.webp?fit=1200%2C675&ssl=1&resize=350%2C200 1x, https:\/\/i0.wp.com\/noticiasribeiraopreto.com.br\/wp-content\/uploads\/2025\/02\/Copia-de-Copia-de-Copia-de-TAMANHO-EXATO-PARA-FOTOS-NO-SISTEMA-NOVO-2025-02-03T212403.251_2025-02-04_00-24-09_png_2025-02-04_00-24-09.webp.webp?fit=1200%2C675&ssl=1&resize=525%2C300 1.5x, https:\/\/i0.wp.com\/noticiasribeiraopreto.com.br\/wp-content\/uploads\/2025\/02\/Copia-de-Copia-de-Copia-de-TAMANHO-EXATO-PARA-FOTOS-NO-SISTEMA-NOVO-2025-02-03T212403.251_2025-02-04_00-24-09_png_2025-02-04_00-24-09.webp.webp?fit=1200%2C675&ssl=1&resize=700%2C400 2x, https:\/\/i0.wp.com\/noticiasribeiraopreto.com.br\/wp-content\/uploads\/2025\/02\/Copia-de-Copia-de-Copia-de-TAMANHO-EXATO-PARA-FOTOS-NO-SISTEMA-NOVO-2025-02-03T212403.251_2025-02-04_00-24-09_png_2025-02-04_00-24-09.webp.webp?fit=1200%2C675&ssl=1&resize=1050%2C600 3x"},"classes":[]}],"jetpack_sharing_enabled":true,"jetpack_shortlink":"https:\/\/wp.me\/peQAOb-jmz","_links":{"self":[{"href":"https:\/\/noticiasribeiraopreto.com.br\/index.php\/wp-json\/wp\/v2\/posts\/74435","targetHints":{"allow":["GET"]}}],"collection":[{"href":"https:\/\/noticiasribeiraopreto.com.br\/index.php\/wp-json\/wp\/v2\/posts"}],"about":[{"href":"https:\/\/noticiasribeiraopreto.com.br\/index.php\/wp-json\/wp\/v2\/types\/post"}],"author":[{"embeddable":true,"href":"https:\/\/noticiasribeiraopreto.com.br\/index.php\/wp-json\/wp\/v2\/users\/1"}],"replies":[{"embeddable":true,"href":"https:\/\/noticiasribeiraopreto.com.br\/index.php\/wp-json\/wp\/v2\/comments?post=74435"}],"version-history":[{"count":0,"href":"https:\/\/noticiasribeiraopreto.com.br\/index.php\/wp-json\/wp\/v2\/posts\/74435\/revisions"}],"wp:featuredmedia":[{"embeddable":true,"href":"https:\/\/noticiasribeiraopreto.com.br\/index.php\/wp-json\/wp\/v2\/media\/74436"}],"wp:attachment":[{"href":"https:\/\/noticiasribeiraopreto.com.br\/index.php\/wp-json\/wp\/v2\/media?parent=74435"}],"wp:term":[{"taxonomy":"category","embeddable":true,"href":"https:\/\/noticiasribeiraopreto.com.br\/index.php\/wp-json\/wp\/v2\/categories?post=74435"},{"taxonomy":"post_tag","embeddable":true,"href":"https:\/\/noticiasribeiraopreto.com.br\/index.php\/wp-json\/wp\/v2\/tags?post=74435"}],"curies":[{"name":"wp","href":"https:\/\/api.w.org\/{rel}","templated":true}]}}