{"id":74571,"date":"2025-07-24T18:40:49","date_gmt":"2025-07-24T21:40:49","guid":{"rendered":"https:\/\/noticiasribeiraopreto.com.br\/index.php\/2025\/07\/24\/ribeirao-preto-recebe-feirinha-do-produtor-edicao-especial-dia-dos-pais\/"},"modified":"2025-07-24T18:40:49","modified_gmt":"2025-07-24T21:40:49","slug":"ribeirao-preto-recebe-feirinha-do-produtor-edicao-especial-dia-dos-pais","status":"publish","type":"post","link":"https:\/\/noticiasribeiraopreto.com.br\/index.php\/2025\/07\/24\/ribeirao-preto-recebe-feirinha-do-produtor-edicao-especial-dia-dos-pais\/","title":{"rendered":"Ribeir\u00e3o Preto recebe Feirinha do Produtor edi\u00e7\u00e3o especial Dia dos Pais"},"content":{"rendered":"<div class='code-block code-block-1' style='margin: 8px 0 8px auto; text-align: right; display: block; clear: both;'>\n<p><a href=\"https:\/\/wa.link\/vpicfd\"><img data-recalc-dims=\"1\" class=\"wp-image-4922\" style=\"aspect-ratio: 2.0253164556962027; width: 561px; height: auto;\" src=\"https:\/\/i0.wp.com\/ismaelcolosi.com.br\/wp-content\/uploads\/2023\/11\/grupo-de-empregos-whatsapp-e-facebook-ismael-colosi-vagas.jpg?ssl=1\" alt=\"\" \/><\/a><\/p>\n<!-- \/wp:image -->\n<\/div>\n<p> <br \/>\n<\/p>\n<div data-td-block-uid=\"tdi_95\">\n<div class=\"tdb-block-inner td-fix-index\">\n<p>A<strong> Feirinha do Produtor da Galeria Renato Aguiar<\/strong>, na zona Sul de<strong> Ribeir\u00e3o Preto<\/strong>, chega \u00e0 sua 9\u00aa edi\u00e7\u00e3o em agosto em comemora\u00e7\u00e3o ao <strong>Dia dos Pais<\/strong>. <mark style=\"background-color:#fcb900\" class=\"has-inline-color has-black-color\">O evento tem entrada gratuita e funcionar\u00e1 das 16h \u00e0s 20h, na sexta-feira (8), e, das 9h \u00e0s 13h, no s\u00e1bado (9).<\/mark><\/p>\n<p>A Feirinha do Produtor tem foco em produtos artesanais e alimentos frescos e conta com doces caseiros, mel, geleias, pimentas, massas frescas e p\u00e3es artesanais. Todos os produtos s\u00e3o produzidos por pequenos empreendedores de Ribeir\u00e3o Preto e regi\u00e3o.<\/p>\n<p>O empres\u00e1rio Renato Aguiar destaca que a Feirinha tamb\u00e9m movimenta a economia local, conectando os moradores de Ribeir\u00e3o Preto com os produtores.<\/p>\n<h2 class=\"wp-block-heading\"><strong>Servi\u00e7o<\/strong><\/h2>\n<p><strong>9\u00aa edi\u00e7\u00e3o da Feirinha do Produtor | Especial Dia dos Pais<br \/>Entrada:<\/strong> gratuita<br \/><strong>Onde:<\/strong> Galeria Renato Aguiar \u2013 rua Jos\u00e9 Ferreira da Costa, 345 \u2013 Jardim Nova Alian\u00e7a Sul, Ribeir\u00e3o Preto<br \/><strong>Quando:<\/strong> Sexta-feira, 8 de agosto \u2013 das 16h \u00e0s 20h\/S\u00e1bado, 9 de agosto \u2013 das 9h \u00e0s 13h<\/p>\n<p>SAIBA MAIS<br \/>Interior de SP recebe alerta da Defesa Civil para alto risco de queimadas; Veja regi\u00f5es<\/p>\n<h2 class=\"wp-block-heading\"><strong>FIQUE ON<\/strong><\/h2>\n<p>Fique ligado em tudo que acontece em Ribeir\u00e3o Preto e regi\u00e3o. Siga os perfis do<strong>\u00a0acidade on<\/strong>\u00a0no<a href=\"https:\/\/www.instagram.com\/acidadeonribeirao\" target=\"_blank\" rel=\"noreferrer noopener\">\u00a0Instagram<\/a>\u00a0e no\u00a0<a href=\"https:\/\/www.facebook.com\/acidadeonribeirao\/\" target=\"_blank\" rel=\"noreferrer noopener\">Facebook<\/a>.<\/p>\n<p>Receba not\u00edcias do<strong>\u00a0acidade on<\/strong>\u00a0no WhatsApp.\u00a0<a href=\"https:\/\/chat.whatsapp.com\/BjKQZ9oJwlz8VVT50NuePq\" target=\"_blank\" rel=\"noreferrer noopener\">Para entrar no grupo, basta clicar aqui.<\/a><\/p>\n<p>Fa\u00e7a uma den\u00fancia ou sugira uma reportagem sobre Ribeir\u00e3o Preto e regi\u00e3o pelo WhatsApp: 16 99117 7802.<\/p>\n<p>VEJA TAMB\u00c9M<br \/>CNH da gente: onde ver a lista de contemplados?<\/p>\n<p><!-- AI CONTENT END 1 -->\n<\/div>\n<\/div>\n<p><script async src=\"\/\/www.instagram.com\/embed.js\"><\/script><br \/>\n<br \/><br \/>\n<br \/><a href=\"https:\/\/www.acidadeon.com\/ribeiraopreto\/lazer-e-cultura\/ribeirao-preto-recebe-feirinha-do-produtor-edicao-especial-dia-dos-pais\/\">Source link <\/a><\/p>\n<!-- CONTENT END 1 -->\n","protected":false},"excerpt":{"rendered":"<p>A Feirinha do Produtor da Galeria Renato Aguiar, na zona Sul de Ribeir\u00e3o Preto, chega \u00e0 sua 9\u00aa edi\u00e7\u00e3o em agosto em comemora\u00e7\u00e3o ao Dia&#8230;<\/p>\n","protected":false},"author":1,"featured_media":74572,"comment_status":"open","ping_status":"open","sticky":false,"template":"","format":"standard","meta":{"advanced_seo_description":"","jetpack_seo_html_title":"","jetpack_seo_noindex":false,"jetpack_post_was_ever_published":false,"_jetpack_newsletter_access":"","_jetpack_dont_email_post_to_subs":false,"_jetpack_newsletter_tier_id":0,"_jetpack_memberships_contains_paywalled_content":false,"_jetpack_memberships_contains_paid_content":false,"footnotes":"","jetpack_publicize_message":"","jetpack_publicize_feature_enabled":true,"jetpack_social_post_already_shared":true,"jetpack_social_options":{"image_generator_settings":{"template":"highway","default_image_id":0,"font":"","enabled":false},"version":2}},"categories":[11],"tags":[],"class_list":["post-74571","post","type-post","status-publish","format-standard","has-post-thumbnail","hentry","category-noticias-de-ribeirao-preto-sp-e-regiao-ismael-colosi"],"jetpack_publicize_connections":[],"jetpack_featured_media_url":"https:\/\/i0.wp.com\/noticiasribeiraopreto.com.br\/wp-content\/uploads\/2025\/07\/feirinha-do-produtor_2025-07-24_19-46-16.webp.webp?fit=1078%2C792&ssl=1","jetpack-related-posts":[{"id":79658,"url":"https:\/\/noticiasribeiraopreto.com.br\/index.php\/2025\/11\/05\/evento-com-entrada-gratuita-reune-produtores-artesanais-de-queijo-e-charcutaria-em-ribeirao-veja-quando\/","url_meta":{"origin":74571,"position":0},"title":"Evento com entrada gratuita re\u00fane produtores artesanais de queijo e charcutaria em Ribeir\u00e3o; Veja quando","author":"noticiasribeiraopreto.com.br","date":"5 de November de 2025","format":false,"excerpt":"Ribeir\u00e3o Preto recebe neste fim de semana a 1\u00aa edi\u00e7\u00e3o da Feirinha de Queijos e Charcutaria, evento que valoriza produtos artesanais feitos na regi\u00e3o. Com entrada gratuita, a Feirinha acontece na Galeria Renato Aguiar, zona Sul do munic\u00edpio, na sexta-feira (07), das 16h \u00e0s 20h, e no s\u00e1bado (08), das\u2026","rel":"","context":"In &quot;Not\u00edcias de Ribeir\u00e3o Preto-SP e Regi\u00e3o&quot;","block_context":{"text":"Not\u00edcias de Ribeir\u00e3o Preto-SP e Regi\u00e3o","link":"https:\/\/noticiasribeiraopreto.com.br\/index.php\/category\/noticias-de-ribeirao-preto-sp-e-regiao-ismael-colosi\/"},"img":{"alt_text":"","src":"https:\/\/i0.wp.com\/noticiasribeiraopreto.com.br\/wp-content\/uploads\/2025\/11\/palace-14_2025-11-05_16-27-25.webp.webp?fit=1200%2C675&ssl=1&resize=350%2C200","width":350,"height":200,"srcset":"https:\/\/i0.wp.com\/noticiasribeiraopreto.com.br\/wp-content\/uploads\/2025\/11\/palace-14_2025-11-05_16-27-25.webp.webp?fit=1200%2C675&ssl=1&resize=350%2C200 1x, https:\/\/i0.wp.com\/noticiasribeiraopreto.com.br\/wp-content\/uploads\/2025\/11\/palace-14_2025-11-05_16-27-25.webp.webp?fit=1200%2C675&ssl=1&resize=525%2C300 1.5x, https:\/\/i0.wp.com\/noticiasribeiraopreto.com.br\/wp-content\/uploads\/2025\/11\/palace-14_2025-11-05_16-27-25.webp.webp?fit=1200%2C675&ssl=1&resize=700%2C400 2x, https:\/\/i0.wp.com\/noticiasribeiraopreto.com.br\/wp-content\/uploads\/2025\/11\/palace-14_2025-11-05_16-27-25.webp.webp?fit=1200%2C675&ssl=1&resize=1050%2C600 3x"},"classes":[]},{"id":71113,"url":"https:\/\/noticiasribeiraopreto.com.br\/index.php\/2025\/06\/02\/ribeirao-preto-recebe-nova-edicao-da-feirinha-do-produtor-veja-quando\/","url_meta":{"origin":74571,"position":1},"title":"Ribeir\u00e3o Preto recebe nova edi\u00e7\u00e3o da &#8216;Feirinha do Produtor&#8217;; Veja quando","author":"noticiasribeiraopreto.com.br","date":"2 de June de 2025","format":false,"excerpt":"Ribeir\u00e3o Preto recebe uma nova edi\u00e7\u00e3o da \u201cFeirinha do Produtor\u201d nesta semana. O evento, que tem entrada gratuita, acontece na sexta-feira (6) e no s\u00e1bado (7), na Galeria Renato Aguiar, localizada na zona Sul do munic\u00edpio. Nesta edi\u00e7\u00e3o, a Feirinha vai reunir 12 expositores que oferecer\u00e3o produtos artesanais \u2013 na\u2026","rel":"","context":"In &quot;Not\u00edcias de Ribeir\u00e3o Preto-SP e Regi\u00e3o&quot;","block_context":{"text":"Not\u00edcias de Ribeir\u00e3o Preto-SP e Regi\u00e3o","link":"https:\/\/noticiasribeiraopreto.com.br\/index.php\/category\/noticias-de-ribeirao-preto-sp-e-regiao-ismael-colosi\/"},"img":{"alt_text":"","src":"https:\/\/i0.wp.com\/noticiasribeiraopreto.com.br\/wp-content\/uploads\/2025\/04\/Copia-de-Copia-de-Copia-de-TAMANHO-EXATO-PARA-FOTOS-NO-SISTEMA-NOVO-2025-04-10T141734.968_2025-04-10_17-17-41_png_2025-04-10_17-17-41.webp.webp?fit=1200%2C675&ssl=1&resize=350%2C200","width":350,"height":200,"srcset":"https:\/\/i0.wp.com\/noticiasribeiraopreto.com.br\/wp-content\/uploads\/2025\/04\/Copia-de-Copia-de-Copia-de-TAMANHO-EXATO-PARA-FOTOS-NO-SISTEMA-NOVO-2025-04-10T141734.968_2025-04-10_17-17-41_png_2025-04-10_17-17-41.webp.webp?fit=1200%2C675&ssl=1&resize=350%2C200 1x, https:\/\/i0.wp.com\/noticiasribeiraopreto.com.br\/wp-content\/uploads\/2025\/04\/Copia-de-Copia-de-Copia-de-TAMANHO-EXATO-PARA-FOTOS-NO-SISTEMA-NOVO-2025-04-10T141734.968_2025-04-10_17-17-41_png_2025-04-10_17-17-41.webp.webp?fit=1200%2C675&ssl=1&resize=525%2C300 1.5x, https:\/\/i0.wp.com\/noticiasribeiraopreto.com.br\/wp-content\/uploads\/2025\/04\/Copia-de-Copia-de-Copia-de-TAMANHO-EXATO-PARA-FOTOS-NO-SISTEMA-NOVO-2025-04-10T141734.968_2025-04-10_17-17-41_png_2025-04-10_17-17-41.webp.webp?fit=1200%2C675&ssl=1&resize=700%2C400 2x, https:\/\/i0.wp.com\/noticiasribeiraopreto.com.br\/wp-content\/uploads\/2025\/04\/Copia-de-Copia-de-Copia-de-TAMANHO-EXATO-PARA-FOTOS-NO-SISTEMA-NOVO-2025-04-10T141734.968_2025-04-10_17-17-41_png_2025-04-10_17-17-41.webp.webp?fit=1200%2C675&ssl=1&resize=1050%2C600 3x"},"classes":[]},{"id":82712,"url":"https:\/\/noticiasribeiraopreto.com.br\/index.php\/2026\/02\/24\/feirinha-do-produtor-ribeirao-preto-recebe-13a-edicao-com-entrada-gratuita\/","url_meta":{"origin":74571,"position":2},"title":"Feirinha do Produtor: Ribeir\u00e3o Preto recebe 13\u00aa edi\u00e7\u00e3o com entrada gratuita","author":"noticiasribeiraopreto.com.br","date":"24 de February de 2026","format":false,"excerpt":"Ribeir\u00e3o Preto recebe, nos dias 27 e 28 de fevereiro, a 13\u00aa edi\u00e7\u00e3o da Feirinha do Produtor, evento gratuito que re\u00fane 15 produtores da regi\u00e3o na Galeria Renato Aguiar, na zona Sul da cidade. Na sexta-feira (27), a programa\u00e7\u00e3o ocorre das 16h \u00e0s 20h. No s\u00e1bado (28), das 9h \u00e0s\u2026","rel":"","context":"In &quot;Not\u00edcias de Ribeir\u00e3o Preto-SP e Regi\u00e3o&quot;","block_context":{"text":"Not\u00edcias de Ribeir\u00e3o Preto-SP e Regi\u00e3o","link":"https:\/\/noticiasribeiraopreto.com.br\/index.php\/category\/noticias-de-ribeirao-preto-sp-e-regiao-ismael-colosi\/"},"img":{"alt_text":"","src":"https:\/\/i0.wp.com\/noticiasribeiraopreto.com.br\/wp-content\/uploads\/2026\/02\/domingo-10_2026-02-23_21-15-48.webp.webp?fit=1200%2C675&ssl=1&resize=350%2C200","width":350,"height":200,"srcset":"https:\/\/i0.wp.com\/noticiasribeiraopreto.com.br\/wp-content\/uploads\/2026\/02\/domingo-10_2026-02-23_21-15-48.webp.webp?fit=1200%2C675&ssl=1&resize=350%2C200 1x, https:\/\/i0.wp.com\/noticiasribeiraopreto.com.br\/wp-content\/uploads\/2026\/02\/domingo-10_2026-02-23_21-15-48.webp.webp?fit=1200%2C675&ssl=1&resize=525%2C300 1.5x, https:\/\/i0.wp.com\/noticiasribeiraopreto.com.br\/wp-content\/uploads\/2026\/02\/domingo-10_2026-02-23_21-15-48.webp.webp?fit=1200%2C675&ssl=1&resize=700%2C400 2x, https:\/\/i0.wp.com\/noticiasribeiraopreto.com.br\/wp-content\/uploads\/2026\/02\/domingo-10_2026-02-23_21-15-48.webp.webp?fit=1200%2C675&ssl=1&resize=1050%2C600 3x"},"classes":[]},{"id":67180,"url":"https:\/\/noticiasribeiraopreto.com.br\/index.php\/2025\/04\/10\/feira-de-pascoa-com-entrada-gratuita-reune-produtores-locais-na-galeria-renato-aguiar\/","url_meta":{"origin":74571,"position":3},"title":"Feira de P\u00e1scoa com entrada gratuita re\u00fane produtores locais na Galeria Renato Aguiar","author":"noticiasribeiraopreto.com.br","date":"10 de April de 2025","format":false,"excerpt":"Ribeir\u00e3o Preto recebe neste final de semana, a edi\u00e7\u00e3o de P\u00e1scoa da \u201cFeirinha do Produtor\u201d, da Galeria Renato Aguiar, com entrada gratuita. O evento vai reunir mais de dez produtores da regi\u00e3o, que oferecer\u00e3o degusta\u00e7\u00e3o de produtos, como, ovos de P\u00e1scoa, charcutaria, doces, geleias e mais \u2013 veja abaixo. A\u2026","rel":"","context":"In &quot;Not\u00edcias de Ribeir\u00e3o Preto-SP e Regi\u00e3o&quot;","block_context":{"text":"Not\u00edcias de Ribeir\u00e3o Preto-SP e Regi\u00e3o","link":"https:\/\/noticiasribeiraopreto.com.br\/index.php\/category\/noticias-de-ribeirao-preto-sp-e-regiao-ismael-colosi\/"},"img":{"alt_text":"","src":"https:\/\/i0.wp.com\/noticiasribeiraopreto.com.br\/wp-content\/uploads\/2025\/04\/Copia-de-Copia-de-Copia-de-TAMANHO-EXATO-PARA-FOTOS-NO-SISTEMA-NOVO-2025-04-10T141734.968_2025-04-10_17-17-41_png_2025-04-10_17-17-41.webp.webp?fit=1200%2C675&ssl=1&resize=350%2C200","width":350,"height":200,"srcset":"https:\/\/i0.wp.com\/noticiasribeiraopreto.com.br\/wp-content\/uploads\/2025\/04\/Copia-de-Copia-de-Copia-de-TAMANHO-EXATO-PARA-FOTOS-NO-SISTEMA-NOVO-2025-04-10T141734.968_2025-04-10_17-17-41_png_2025-04-10_17-17-41.webp.webp?fit=1200%2C675&ssl=1&resize=350%2C200 1x, https:\/\/i0.wp.com\/noticiasribeiraopreto.com.br\/wp-content\/uploads\/2025\/04\/Copia-de-Copia-de-Copia-de-TAMANHO-EXATO-PARA-FOTOS-NO-SISTEMA-NOVO-2025-04-10T141734.968_2025-04-10_17-17-41_png_2025-04-10_17-17-41.webp.webp?fit=1200%2C675&ssl=1&resize=525%2C300 1.5x, https:\/\/i0.wp.com\/noticiasribeiraopreto.com.br\/wp-content\/uploads\/2025\/04\/Copia-de-Copia-de-Copia-de-TAMANHO-EXATO-PARA-FOTOS-NO-SISTEMA-NOVO-2025-04-10T141734.968_2025-04-10_17-17-41_png_2025-04-10_17-17-41.webp.webp?fit=1200%2C675&ssl=1&resize=700%2C400 2x, https:\/\/i0.wp.com\/noticiasribeiraopreto.com.br\/wp-content\/uploads\/2025\/04\/Copia-de-Copia-de-Copia-de-TAMANHO-EXATO-PARA-FOTOS-NO-SISTEMA-NOVO-2025-04-10T141734.968_2025-04-10_17-17-41_png_2025-04-10_17-17-41.webp.webp?fit=1200%2C675&ssl=1&resize=1050%2C600 3x"},"classes":[]},{"id":77101,"url":"https:\/\/noticiasribeiraopreto.com.br\/index.php\/2025\/09\/11\/ribeirao-recebe-festival-das-orquideas-com-entrada-gratuita-saiba-quando\/","url_meta":{"origin":74571,"position":4},"title":"Ribeir\u00e3o recebe &#8216;Festival das Orqu\u00eddeas&#8217; com entrada gratuita; Saiba quando","author":"noticiasribeiraopreto.com.br","date":"11 de September de 2025","format":false,"excerpt":"Ribeir\u00e3o Preto vai receber entre os dias 22 e 27 de setembro, a 1\u00aa edi\u00e7\u00e3o do Festival das Orqu\u00eddeas da Galeria Renato Aguiar, localizada na rua Jos\u00e9 Ferreira da Costa, 345, no Jardim Nova Alian\u00e7a Sul. O evento tem entrada gratuita e oferece atividades para todas as idades. Ao longo\u2026","rel":"","context":"In &quot;Not\u00edcias de Ribeir\u00e3o Preto-SP e Regi\u00e3o&quot;","block_context":{"text":"Not\u00edcias de Ribeir\u00e3o Preto-SP e Regi\u00e3o","link":"https:\/\/noticiasribeiraopreto.com.br\/index.php\/category\/noticias-de-ribeirao-preto-sp-e-regiao-ismael-colosi\/"},"img":{"alt_text":"","src":"https:\/\/i0.wp.com\/noticiasribeiraopreto.com.br\/wp-content\/uploads\/2025\/09\/Copia-de-Copia-de-Copia-de-TAMANHO-EXATO-PARA-FOTOS-NO-SISTEMA-NOVO-2025-09-11T135818.686_2025-09-11_16-58-23.webp.webp?fit=1200%2C675&ssl=1&resize=350%2C200","width":350,"height":200,"srcset":"https:\/\/i0.wp.com\/noticiasribeiraopreto.com.br\/wp-content\/uploads\/2025\/09\/Copia-de-Copia-de-Copia-de-TAMANHO-EXATO-PARA-FOTOS-NO-SISTEMA-NOVO-2025-09-11T135818.686_2025-09-11_16-58-23.webp.webp?fit=1200%2C675&ssl=1&resize=350%2C200 1x, https:\/\/i0.wp.com\/noticiasribeiraopreto.com.br\/wp-content\/uploads\/2025\/09\/Copia-de-Copia-de-Copia-de-TAMANHO-EXATO-PARA-FOTOS-NO-SISTEMA-NOVO-2025-09-11T135818.686_2025-09-11_16-58-23.webp.webp?fit=1200%2C675&ssl=1&resize=525%2C300 1.5x, https:\/\/i0.wp.com\/noticiasribeiraopreto.com.br\/wp-content\/uploads\/2025\/09\/Copia-de-Copia-de-Copia-de-TAMANHO-EXATO-PARA-FOTOS-NO-SISTEMA-NOVO-2025-09-11T135818.686_2025-09-11_16-58-23.webp.webp?fit=1200%2C675&ssl=1&resize=700%2C400 2x, https:\/\/i0.wp.com\/noticiasribeiraopreto.com.br\/wp-content\/uploads\/2025\/09\/Copia-de-Copia-de-Copia-de-TAMANHO-EXATO-PARA-FOTOS-NO-SISTEMA-NOVO-2025-09-11T135818.686_2025-09-11_16-58-23.webp.webp?fit=1200%2C675&ssl=1&resize=1050%2C600 3x"},"classes":[]},{"id":73386,"url":"https:\/\/noticiasribeiraopreto.com.br\/index.php\/2025\/07\/01\/ribeirao-preto-recebe-festa-julina-e-feirinha-do-produtor-veja-quando\/","url_meta":{"origin":74571,"position":5},"title":"Ribeir\u00e3o Preto recebe festa julina e feirinha do produtor; Veja quando","author":"noticiasribeiraopreto.com.br","date":"1 de July de 2025","format":false,"excerpt":"A Galeria Renato Aguiar, na zona Sul de Ribeir\u00e3o Preto, promove, neste fim de semana, uma festa julina com m\u00fasica, comidas e bebidas t\u00edpicas e a tradicional feirinha do produtor, com fabricantes locais e diversas op\u00e7\u00f5es gastron\u00f4micas artesanais. A entrada \u00e9 gratuita. A festa julina acontece na sexta-feira (4), das\u2026","rel":"","context":"In &quot;Not\u00edcias de Ribeir\u00e3o Preto-SP e Regi\u00e3o&quot;","block_context":{"text":"Not\u00edcias de Ribeir\u00e3o Preto-SP e Regi\u00e3o","link":"https:\/\/noticiasribeiraopreto.com.br\/index.php\/category\/noticias-de-ribeirao-preto-sp-e-regiao-ismael-colosi\/"},"img":{"alt_text":"","src":"https:\/\/i0.wp.com\/noticiasribeiraopreto.com.br\/wp-content\/uploads\/2025\/07\/teatro-ias-1_2025-07-01_11-43-31.webp.webp?fit=1200%2C675&ssl=1&resize=350%2C200","width":350,"height":200,"srcset":"https:\/\/i0.wp.com\/noticiasribeiraopreto.com.br\/wp-content\/uploads\/2025\/07\/teatro-ias-1_2025-07-01_11-43-31.webp.webp?fit=1200%2C675&ssl=1&resize=350%2C200 1x, https:\/\/i0.wp.com\/noticiasribeiraopreto.com.br\/wp-content\/uploads\/2025\/07\/teatro-ias-1_2025-07-01_11-43-31.webp.webp?fit=1200%2C675&ssl=1&resize=525%2C300 1.5x, https:\/\/i0.wp.com\/noticiasribeiraopreto.com.br\/wp-content\/uploads\/2025\/07\/teatro-ias-1_2025-07-01_11-43-31.webp.webp?fit=1200%2C675&ssl=1&resize=700%2C400 2x, https:\/\/i0.wp.com\/noticiasribeiraopreto.com.br\/wp-content\/uploads\/2025\/07\/teatro-ias-1_2025-07-01_11-43-31.webp.webp?fit=1200%2C675&ssl=1&resize=1050%2C600 3x"},"classes":[]}],"jetpack_sharing_enabled":true,"jetpack_shortlink":"https:\/\/wp.me\/peQAOb-joL","_links":{"self":[{"href":"https:\/\/noticiasribeiraopreto.com.br\/index.php\/wp-json\/wp\/v2\/posts\/74571","targetHints":{"allow":["GET"]}}],"collection":[{"href":"https:\/\/noticiasribeiraopreto.com.br\/index.php\/wp-json\/wp\/v2\/posts"}],"about":[{"href":"https:\/\/noticiasribeiraopreto.com.br\/index.php\/wp-json\/wp\/v2\/types\/post"}],"author":[{"embeddable":true,"href":"https:\/\/noticiasribeiraopreto.com.br\/index.php\/wp-json\/wp\/v2\/users\/1"}],"replies":[{"embeddable":true,"href":"https:\/\/noticiasribeiraopreto.com.br\/index.php\/wp-json\/wp\/v2\/comments?post=74571"}],"version-history":[{"count":0,"href":"https:\/\/noticiasribeiraopreto.com.br\/index.php\/wp-json\/wp\/v2\/posts\/74571\/revisions"}],"wp:featuredmedia":[{"embeddable":true,"href":"https:\/\/noticiasribeiraopreto.com.br\/index.php\/wp-json\/wp\/v2\/media\/74572"}],"wp:attachment":[{"href":"https:\/\/noticiasribeiraopreto.com.br\/index.php\/wp-json\/wp\/v2\/media?parent=74571"}],"wp:term":[{"taxonomy":"category","embeddable":true,"href":"https:\/\/noticiasribeiraopreto.com.br\/index.php\/wp-json\/wp\/v2\/categories?post=74571"},{"taxonomy":"post_tag","embeddable":true,"href":"https:\/\/noticiasribeiraopreto.com.br\/index.php\/wp-json\/wp\/v2\/tags?post=74571"}],"curies":[{"name":"wp","href":"https:\/\/api.w.org\/{rel}","templated":true}]}}