{"id":74573,"date":"2025-07-24T18:46:59","date_gmt":"2025-07-24T21:46:59","guid":{"rendered":"https:\/\/noticiasribeiraopreto.com.br\/index.php\/2025\/07\/24\/whatsapp-fora-do-ar-usuarios-relatam-falhas-no-envio-de-mensagens\/"},"modified":"2025-07-24T18:46:59","modified_gmt":"2025-07-24T21:46:59","slug":"whatsapp-fora-do-ar-usuarios-relatam-falhas-no-envio-de-mensagens","status":"publish","type":"post","link":"https:\/\/noticiasribeiraopreto.com.br\/index.php\/2025\/07\/24\/whatsapp-fora-do-ar-usuarios-relatam-falhas-no-envio-de-mensagens\/","title":{"rendered":"WhatsApp fora do ar? Usu\u00e1rios relatam falhas no envio de mensagens"},"content":{"rendered":"<div class='code-block code-block-1' style='margin: 8px 0 8px auto; text-align: right; display: block; clear: both;'>\n<p><a href=\"https:\/\/wa.link\/vpicfd\"><img data-recalc-dims=\"1\" class=\"wp-image-4922\" style=\"aspect-ratio: 2.0253164556962027; width: 561px; height: auto;\" src=\"https:\/\/i0.wp.com\/ismaelcolosi.com.br\/wp-content\/uploads\/2023\/11\/grupo-de-empregos-whatsapp-e-facebook-ismael-colosi-vagas.jpg?ssl=1\" alt=\"\" \/><\/a><\/p>\n<!-- \/wp:image -->\n<\/div>\n<p> <br \/>\n<\/p>\n<div data-td-block-uid=\"tdi_95\">\n<div class=\"tdb-block-inner td-fix-index\">\n<p>O aplicativo de mensagens <strong>WhatsApp <\/strong>apresentou instabilidade na tarde desta quinta-feira (24), afetando usu\u00e1rios em diversas regi\u00f5es do Brasil. Segundo o site <em><a href=\"https:\/\/downdetector.com.br\/fora-do-ar\/whatsapp\/\" data-type=\"link\" data-id=\"https:\/\/downdetector.com.br\/fora-do-ar\/whatsapp\/\" target=\"_blank\" rel=\"noopener\">Downdetector<\/a><\/em>, que monitora falhas em servi\u00e7os online, o problema come\u00e7ou por volta das 14h30 e atingiu o pico \u00e0s 14h43, com<strong> 4.111 notifica\u00e7\u00f5es de erro.<\/strong><\/p>\n<p>As principais queixas envolvem <strong>falhas no envio e recebimento de mensagens<\/strong>, al\u00e9m de dificuldades para acessar o aplicativo. Usu\u00e1rios tamb\u00e9m relataram que n\u00e3o conseguiam se conectar aos servidores do servi\u00e7o.<\/p>\n<figure class=\"wp-block-image size-full\"><img data-recalc-dims=\"1\" fetchpriority=\"high\" decoding=\"async\" width=\"984\" height=\"402\" src=\"https:\/\/i0.wp.com\/cdn.media-acidadeon.com.br\/ribeiraopreto\/wp-content\/uploads\/sites\/3\/2025\/07\/image_2025-07-24_18-56-15.webp?resize=984%2C402&#038;ssl=1\" alt=\"\" class=\"wp-image-123706\" srcset=\"https:\/\/cdn.media-acidadeon.com.br\/ribeiraopreto\/wp-content\/uploads\/sites\/3\/2025\/07\/image_2025-07-24_18-56-15.webp 984w, https:\/\/cdn.media-acidadeon.com.br\/ribeiraopreto\/wp-content\/uploads\/sites\/3\/2025\/07\/image_2025-07-24_18-56-15-300x123.webp 300w, https:\/\/cdn.media-acidadeon.com.br\/ribeiraopreto\/wp-content\/uploads\/sites\/3\/2025\/07\/image_2025-07-24_18-56-15-768x314.webp 768w, https:\/\/cdn.media-acidadeon.com.br\/ribeiraopreto\/wp-content\/uploads\/sites\/3\/2025\/07\/image_2025-07-24_18-56-15-696x284.webp 696w\" sizes=\"(max-width: 984px) 100vw, 984px\"\/><\/figure>\n<h3 class=\"wp-block-heading\"><strong>Outras redes sociais<\/strong><\/h3>\n<p>A instabilidade gerou reclama\u00e7\u00f5es nas redes sociais, com muitos internautas comentando a paralisa\u00e7\u00e3o da plataforma. A queda do WhatsApp tamb\u00e9m afetou, em menor escala, os servi\u00e7os integrados da Meta, como Facebook Messenger e Instagram Direct.<\/p>\n<p>At\u00e9 a \u00faltima atualiza\u00e7\u00e3o desta reportagem, a <strong>Meta<\/strong>, empresa respons\u00e1vel pelo WhatsApp, <strong>ainda n\u00e3o havia se manifestado oficialmente<\/strong> sobre a causa da instabilidade.<\/p>\n<hr class=\"wp-block-separator has-alpha-channel-opacity\"\/>\n<p>SAIBA MAIS<\/p>\n<p>Interior de SP recebe alerta da Defesa Civil para alto risco de queimadas; Veja regi\u00f5es<\/p>\n<h4 class=\"wp-block-heading\"><strong>FIQUE ON<\/strong><\/h4>\n<p>Quer ficar por dentro de tudo que acontece em Ribeir\u00e3o Preto e regi\u00e3o? Ent\u00e3o siga os perfis do\u202facidade on\u202fno\u202f<a href=\"https:\/\/www.instagram.com\/acidadeonribeirao\" target=\"_blank\" rel=\"noreferrer noopener\">Instagram<\/a>\u202fe no\u202f<a href=\"https:\/\/www.facebook.com\/acidadeonribeirao\/\" target=\"_blank\" rel=\"noreferrer noopener\">Facebook<\/a>.<\/p>\n<p>Al\u00e9m disso, voc\u00ea pode receber as principais not\u00edcias diretamente no WhatsApp. Para isso, basta\u00a0<a href=\"https:\/\/chat.whatsapp.com\/BjKQZ9oJwlz8VVT50NuePq\" target=\"_blank\" rel=\"noreferrer noopener\">entrar no grupo clicando aqui<\/a>.<\/p>\n<p>Por fim, se quiser fazer uma den\u00fancia ou sugerir uma reportagem sobre Ribeir\u00e3o Preto e regi\u00e3o, envie uma mensagem pelo WhatsApp: (16) 99117-7802.<\/p>\n<p>VEJA TAMB\u00c9M<\/p>\n<p>Quem estava no avi\u00e3o que caiu na It\u00e1lia?<\/p>\n<p><!-- AI CONTENT END 1 -->\n<\/div>\n<\/div>\n<p><script async src=\"\/\/www.instagram.com\/embed.js\"><\/script><br \/>\n<br \/><br \/>\n<br \/><a href=\"https:\/\/www.acidadeon.com\/ribeiraopreto\/cotidiano\/whatsapp-fora-do-ar-usuarios-relatam-falhas-no-envio-de-mensagens\/\">Source link <\/a><\/p>\n<!-- CONTENT END 1 -->\n","protected":false},"excerpt":{"rendered":"<p>O aplicativo de mensagens WhatsApp apresentou instabilidade na tarde desta quinta-feira (24), afetando usu\u00e1rios em diversas regi\u00f5es do Brasil. Segundo o site Downdetector, que monitora&#8230;<\/p>\n","protected":false},"author":1,"featured_media":74574,"comment_status":"open","ping_status":"open","sticky":false,"template":"","format":"standard","meta":{"advanced_seo_description":"","jetpack_seo_html_title":"","jetpack_seo_noindex":false,"jetpack_post_was_ever_published":false,"_jetpack_newsletter_access":"","_jetpack_dont_email_post_to_subs":false,"_jetpack_newsletter_tier_id":0,"_jetpack_memberships_contains_paywalled_content":false,"_jetpack_memberships_contains_paid_content":false,"footnotes":"","jetpack_publicize_message":"","jetpack_publicize_feature_enabled":true,"jetpack_social_post_already_shared":true,"jetpack_social_options":{"image_generator_settings":{"template":"highway","default_image_id":0,"font":"","enabled":false},"version":2}},"categories":[11],"tags":[],"class_list":["post-74573","post","type-post","status-publish","format-standard","has-post-thumbnail","hentry","category-noticias-de-ribeirao-preto-sp-e-regiao-ismael-colosi"],"jetpack_publicize_connections":[],"jetpack_featured_media_url":"https:\/\/i0.wp.com\/noticiasribeiraopreto.com.br\/wp-content\/uploads\/2025\/07\/AnyConv.com__facebook-instagram.webp.webp?fit=1000%2C667&ssl=1","jetpack-related-posts":[{"id":67329,"url":"https:\/\/noticiasribeiraopreto.com.br\/index.php\/2025\/04\/12\/whatsapp-caiu-usuarios-relatam-instabilidade-no-aplicativo\/","url_meta":{"origin":74573,"position":0},"title":"Whatsapp caiu? Usu\u00e1rios relatam instabilidade no aplicativo","author":"noticiasribeiraopreto.com.br","date":"12 de April de 2025","format":false,"excerpt":"Neste s\u00e1bado (12), usu\u00e1rios do WhatsApp relataram que o aplicativo est\u00e1 apresentando instabilidades. De acordo com o site Downdetector, que acompanha falhas em servi\u00e7os online, o aplicativo est\u00e1 registrando erros de conex\u00e3o com o servidor, falhas no envio de mensagens, principalmente em grupos, e dificuldade no compartilhamento de m\u00eddias, como\u2026","rel":"","context":"In &quot;Not\u00edcias de Ribeir\u00e3o Preto-SP e Regi\u00e3o&quot;","block_context":{"text":"Not\u00edcias de Ribeir\u00e3o Preto-SP e Regi\u00e3o","link":"https:\/\/noticiasribeiraopreto.com.br\/index.php\/category\/noticias-de-ribeirao-preto-sp-e-regiao-ismael-colosi\/"},"img":{"alt_text":"","src":"https:\/\/i0.wp.com\/noticiasribeiraopreto.com.br\/wp-content\/uploads\/2024\/10\/AnyConv.com__facebook-instagram.webp.webp?fit=1000%2C667&ssl=1&resize=350%2C200","width":350,"height":200,"srcset":"https:\/\/i0.wp.com\/noticiasribeiraopreto.com.br\/wp-content\/uploads\/2024\/10\/AnyConv.com__facebook-instagram.webp.webp?fit=1000%2C667&ssl=1&resize=350%2C200 1x, https:\/\/i0.wp.com\/noticiasribeiraopreto.com.br\/wp-content\/uploads\/2024\/10\/AnyConv.com__facebook-instagram.webp.webp?fit=1000%2C667&ssl=1&resize=525%2C300 1.5x, https:\/\/i0.wp.com\/noticiasribeiraopreto.com.br\/wp-content\/uploads\/2024\/10\/AnyConv.com__facebook-instagram.webp.webp?fit=1000%2C667&ssl=1&resize=700%2C400 2x"},"classes":[]},{"id":53906,"url":"https:\/\/noticiasribeiraopreto.com.br\/index.php\/2024\/06\/26\/problemas-com-o-instagram-usuarios-relatam-falhas-no-aplicativo\/","url_meta":{"origin":74573,"position":1},"title":"Problemas com o Instagram? Usu\u00e1rios relatam falhas no aplicativo","author":"noticiasribeiraopreto.com.br","date":"26 de June de 2024","format":false,"excerpt":"O Instagram apresenta instabilidade na noite desta ter\u00e7a-feira (25). Usu\u00e1rios da plataforma est\u00e3o relatando problemas com as curtidas e legendas das fotos, al\u00e9m de dificuldades em enviar \u00e1udios nas mensagens particulares. De acordo com o site Downdetector, que monitora falhas nas redes sociais, houve aumento de notifica\u00e7\u00f5es sobre os problemas\u2026","rel":"","context":"In &quot;Not\u00edcias de Ribeir\u00e3o Preto-SP e Regi\u00e3o&quot;","block_context":{"text":"Not\u00edcias de Ribeir\u00e3o Preto-SP e Regi\u00e3o","link":"https:\/\/noticiasribeiraopreto.com.br\/index.php\/category\/noticias-de-ribeirao-preto-sp-e-regiao-ismael-colosi\/"},"img":{"alt_text":"","src":"https:\/\/i0.wp.com\/noticiasribeiraopreto.com.br\/wp-content\/uploads\/2024\/06\/UsuriosdoInstagramrelataminstabilidadenoaplicativo_Tamanho_2_image.jpg?fit=1200%2C900&ssl=1&resize=350%2C200","width":350,"height":200,"srcset":"https:\/\/i0.wp.com\/noticiasribeiraopreto.com.br\/wp-content\/uploads\/2024\/06\/UsuriosdoInstagramrelataminstabilidadenoaplicativo_Tamanho_2_image.jpg?fit=1200%2C900&ssl=1&resize=350%2C200 1x, https:\/\/i0.wp.com\/noticiasribeiraopreto.com.br\/wp-content\/uploads\/2024\/06\/UsuriosdoInstagramrelataminstabilidadenoaplicativo_Tamanho_2_image.jpg?fit=1200%2C900&ssl=1&resize=525%2C300 1.5x, https:\/\/i0.wp.com\/noticiasribeiraopreto.com.br\/wp-content\/uploads\/2024\/06\/UsuriosdoInstagramrelataminstabilidadenoaplicativo_Tamanho_2_image.jpg?fit=1200%2C900&ssl=1&resize=700%2C400 2x, https:\/\/i0.wp.com\/noticiasribeiraopreto.com.br\/wp-content\/uploads\/2024\/06\/UsuriosdoInstagramrelataminstabilidadenoaplicativo_Tamanho_2_image.jpg?fit=1200%2C900&ssl=1&resize=1050%2C600 3x"},"classes":[]},{"id":12251,"url":"https:\/\/noticiasribeiraopreto.com.br\/index.php\/2023\/12\/07\/whatsapp-lanca-funcao-de-reproducao-unica\/","url_meta":{"origin":74573,"position":2},"title":"WhatsApp lan\u00e7a fun\u00e7\u00e3o de reprodu\u00e7\u00e3o \u00fanica","author":"noticiasribeiraopreto.com.br","date":"7 de December de 2023","format":false,"excerpt":"Se voc\u00ea costuma usar o WhatsApp, certamente j\u00e1 conhece a fun\u00e7\u00e3o de envio de fotos e v\u00eddeos tempor\u00e1rios. Funciona assim: voc\u00ea envia o arquivo, o destinat\u00e1rio pode visualizar o envio, mas logo depois o conte\u00fado desaparece. Esta funcionalidade parece ter agradado muita gente, e agora a empresa quer trabalhar nas\u2026","rel":"","context":"In &quot;Vagas de Emprego em Ribeir\u00e3o Preto-SP&quot;","block_context":{"text":"Vagas de Emprego em Ribeir\u00e3o Preto-SP","link":"https:\/\/noticiasribeiraopreto.com.br\/index.php\/category\/empregos-classificados-vagas-trabalho\/vagas-de-empregos-em-ribeirao-preto-regiao-brasil\/"},"img":{"alt_text":"","src":"https:\/\/i0.wp.com\/noticiasribeiraopreto.com.br\/wp-content\/uploads\/2023\/12\/noticiasconcursos.com_.br-audio-que-desaparece-whatsapp-lanca-funcao-de-reproducao-unica-nc-11-799x800.jpg?fit=799%2C800&ssl=1&resize=350%2C200","width":350,"height":200,"srcset":"https:\/\/i0.wp.com\/noticiasribeiraopreto.com.br\/wp-content\/uploads\/2023\/12\/noticiasconcursos.com_.br-audio-que-desaparece-whatsapp-lanca-funcao-de-reproducao-unica-nc-11-799x800.jpg?fit=799%2C800&ssl=1&resize=350%2C200 1x, https:\/\/i0.wp.com\/noticiasribeiraopreto.com.br\/wp-content\/uploads\/2023\/12\/noticiasconcursos.com_.br-audio-que-desaparece-whatsapp-lanca-funcao-de-reproducao-unica-nc-11-799x800.jpg?fit=799%2C800&ssl=1&resize=525%2C300 1.5x, https:\/\/i0.wp.com\/noticiasribeiraopreto.com.br\/wp-content\/uploads\/2023\/12\/noticiasconcursos.com_.br-audio-que-desaparece-whatsapp-lanca-funcao-de-reproducao-unica-nc-11-799x800.jpg?fit=799%2C800&ssl=1&resize=700%2C400 2x"},"classes":[]},{"id":21974,"url":"https:\/\/noticiasribeiraopreto.com.br\/index.php\/2023\/12\/28\/whatsapp-tera-novidade-maravilhosa-no-recurso-de-fixar-mensagens\/","url_meta":{"origin":74573,"position":3},"title":"WhatsApp ter\u00e1 novidade maravilhosa no recurso de fixar mensagens","author":"noticiasribeiraopreto.com.br","date":"28 de December de 2023","format":false,"excerpt":"Cr\u00e9ditos: Captura de tela do WhatsAppWhatsApp prepara novidade para recurso de fixar mensagens Recentemente, o WhatsApp lan\u00e7ou para todos os usu\u00e1rios o recurso de fixar mensagens. Agora, o aplicativo de mensagens est\u00e1 preparando uma nova atualiza\u00e7\u00e3o para a funcionalidade. Conforme informa\u00e7\u00f5es divulgadas pelo site especializado no mensageiro, WABetaInfo, a fun\u00e7\u00e3o\u2026","rel":"","context":"In &quot;Variedades&quot;","block_context":{"text":"Variedades","link":"https:\/\/noticiasribeiraopreto.com.br\/index.php\/category\/variedades\/"},"img":{"alt_text":"","src":"https:\/\/i0.wp.com\/noticiasribeiraopreto.com.br\/wp-content\/uploads\/2023\/12\/img-20231218-wa0441.jpg?fit=1200%2C638&ssl=1&resize=350%2C200","width":350,"height":200,"srcset":"https:\/\/i0.wp.com\/noticiasribeiraopreto.com.br\/wp-content\/uploads\/2023\/12\/img-20231218-wa0441.jpg?fit=1200%2C638&ssl=1&resize=350%2C200 1x, https:\/\/i0.wp.com\/noticiasribeiraopreto.com.br\/wp-content\/uploads\/2023\/12\/img-20231218-wa0441.jpg?fit=1200%2C638&ssl=1&resize=525%2C300 1.5x, https:\/\/i0.wp.com\/noticiasribeiraopreto.com.br\/wp-content\/uploads\/2023\/12\/img-20231218-wa0441.jpg?fit=1200%2C638&ssl=1&resize=700%2C400 2x, https:\/\/i0.wp.com\/noticiasribeiraopreto.com.br\/wp-content\/uploads\/2023\/12\/img-20231218-wa0441.jpg?fit=1200%2C638&ssl=1&resize=1050%2C600 3x"},"classes":[]},{"id":29558,"url":"https:\/\/noticiasribeiraopreto.com.br\/index.php\/2024\/01\/18\/nubank-fora-do-ar-usuarios-reclamam-de-instabilidade-no-aplicativo-e-cartao-digital-e-banco-responde-sobre-a-falha\/","url_meta":{"origin":74573,"position":4},"title":"Nubank fora do ar? Usu\u00e1rios reclamam de instabilidade no aplicativo e cart\u00e3o digital \u2014 e banco responde sobre a falha","author":"noticiasribeiraopreto.com.br","date":"18 de January de 2024","format":false,"excerpt":"O \"quintou\" dos clientes do Nubank ter\u00e1 que ser adiado. Diversos usu\u00e1rios relatam dificuldades para acessar o aplicativo do banco digital no final da tarde desta quinta-feira (18). Os problemas na plataforma nos dispositivos m\u00f3veis come\u00e7aram por volta das 16h32 de hoje, de acordo com dados do site DownDetector. A\u2026","rel":"","context":"In &quot;Dinheiro e Investimento&quot;","block_context":{"text":"Dinheiro e Investimento","link":"https:\/\/noticiasribeiraopreto.com.br\/index.php\/category\/dinheiro-e-investimento-como-fazer-como-ganhar\/"},"img":{"alt_text":"","src":"https:\/\/i0.wp.com\/noticiasribeiraopreto.com.br\/wp-content\/uploads\/2024\/01\/Sede-do-Nubank-715x402.jpg?fit=715%2C402&ssl=1&resize=350%2C200","width":350,"height":200,"srcset":"https:\/\/i0.wp.com\/noticiasribeiraopreto.com.br\/wp-content\/uploads\/2024\/01\/Sede-do-Nubank-715x402.jpg?fit=715%2C402&ssl=1&resize=350%2C200 1x, https:\/\/i0.wp.com\/noticiasribeiraopreto.com.br\/wp-content\/uploads\/2024\/01\/Sede-do-Nubank-715x402.jpg?fit=715%2C402&ssl=1&resize=525%2C300 1.5x, https:\/\/i0.wp.com\/noticiasribeiraopreto.com.br\/wp-content\/uploads\/2024\/01\/Sede-do-Nubank-715x402.jpg?fit=715%2C402&ssl=1&resize=700%2C400 2x"},"classes":[]},{"id":5200,"url":"https:\/\/noticiasribeiraopreto.com.br\/index.php\/2023\/11\/23\/aprenda-truque-para-ler-mensagens-apagadas-pelo-remetente-no-whatsapp\/","url_meta":{"origin":74573,"position":5},"title":"Aprenda truque para ler mensagens apagadas pelo remetente no WhatsApp","author":"noticiasribeiraopreto.com.br","date":"23 de November de 2023","format":false,"excerpt":"Cr\u00e9ditos: Captura de tela do WhatsAppAprenda a ler mensagens apagadas do WhatsApp Voc\u00ea entrou no WhatsApp e se deparou com o aviso \u201cmensagem apagada\u201d? Pois saiba que os celulares Android permitem que os usu\u00e1rios visualizem textos apagados sem a necessidade de instalar aplicativos adicionais. O recurso est\u00e1 dispon\u00edvel a partir\u2026","rel":"","context":"In &quot;Variedades&quot;","block_context":{"text":"Variedades","link":"https:\/\/noticiasribeiraopreto.com.br\/index.php\/category\/variedades\/"},"img":{"alt_text":"","src":"https:\/\/i0.wp.com\/noticiasribeiraopreto.com.br\/wp-content\/uploads\/2023\/11\/bf7f4809-956f-43e6-9ac7-b45a41264d5a-scaled.jpeg?fit=1200%2C638&ssl=1&resize=350%2C200","width":350,"height":200,"srcset":"https:\/\/i0.wp.com\/noticiasribeiraopreto.com.br\/wp-content\/uploads\/2023\/11\/bf7f4809-956f-43e6-9ac7-b45a41264d5a-scaled.jpeg?fit=1200%2C638&ssl=1&resize=350%2C200 1x, https:\/\/i0.wp.com\/noticiasribeiraopreto.com.br\/wp-content\/uploads\/2023\/11\/bf7f4809-956f-43e6-9ac7-b45a41264d5a-scaled.jpeg?fit=1200%2C638&ssl=1&resize=525%2C300 1.5x, https:\/\/i0.wp.com\/noticiasribeiraopreto.com.br\/wp-content\/uploads\/2023\/11\/bf7f4809-956f-43e6-9ac7-b45a41264d5a-scaled.jpeg?fit=1200%2C638&ssl=1&resize=700%2C400 2x, https:\/\/i0.wp.com\/noticiasribeiraopreto.com.br\/wp-content\/uploads\/2023\/11\/bf7f4809-956f-43e6-9ac7-b45a41264d5a-scaled.jpeg?fit=1200%2C638&ssl=1&resize=1050%2C600 3x"},"classes":[]}],"jetpack_sharing_enabled":true,"jetpack_shortlink":"https:\/\/wp.me\/peQAOb-joN","_links":{"self":[{"href":"https:\/\/noticiasribeiraopreto.com.br\/index.php\/wp-json\/wp\/v2\/posts\/74573","targetHints":{"allow":["GET"]}}],"collection":[{"href":"https:\/\/noticiasribeiraopreto.com.br\/index.php\/wp-json\/wp\/v2\/posts"}],"about":[{"href":"https:\/\/noticiasribeiraopreto.com.br\/index.php\/wp-json\/wp\/v2\/types\/post"}],"author":[{"embeddable":true,"href":"https:\/\/noticiasribeiraopreto.com.br\/index.php\/wp-json\/wp\/v2\/users\/1"}],"replies":[{"embeddable":true,"href":"https:\/\/noticiasribeiraopreto.com.br\/index.php\/wp-json\/wp\/v2\/comments?post=74573"}],"version-history":[{"count":0,"href":"https:\/\/noticiasribeiraopreto.com.br\/index.php\/wp-json\/wp\/v2\/posts\/74573\/revisions"}],"wp:featuredmedia":[{"embeddable":true,"href":"https:\/\/noticiasribeiraopreto.com.br\/index.php\/wp-json\/wp\/v2\/media\/74574"}],"wp:attachment":[{"href":"https:\/\/noticiasribeiraopreto.com.br\/index.php\/wp-json\/wp\/v2\/media?parent=74573"}],"wp:term":[{"taxonomy":"category","embeddable":true,"href":"https:\/\/noticiasribeiraopreto.com.br\/index.php\/wp-json\/wp\/v2\/categories?post=74573"},{"taxonomy":"post_tag","embeddable":true,"href":"https:\/\/noticiasribeiraopreto.com.br\/index.php\/wp-json\/wp\/v2\/tags?post=74573"}],"curies":[{"name":"wp","href":"https:\/\/api.w.org\/{rel}","templated":true}]}}