{"id":74576,"date":"2025-07-24T18:59:39","date_gmt":"2025-07-24T21:59:39","guid":{"rendered":"https:\/\/noticiasribeiraopreto.com.br\/index.php\/2025\/07\/24\/quer-atuar-como-voluntario-em-projetos-sociais-ribeirao-preto-tem-vagas-abertas\/"},"modified":"2025-07-24T18:59:39","modified_gmt":"2025-07-24T21:59:39","slug":"quer-atuar-como-voluntario-em-projetos-sociais-ribeirao-preto-tem-vagas-abertas","status":"publish","type":"post","link":"https:\/\/noticiasribeiraopreto.com.br\/index.php\/2025\/07\/24\/quer-atuar-como-voluntario-em-projetos-sociais-ribeirao-preto-tem-vagas-abertas\/","title":{"rendered":"Quer atuar como volunt\u00e1rio em projetos sociais? Ribeir\u00e3o Preto tem vagas abertas"},"content":{"rendered":"<div class='code-block code-block-1' style='margin: 8px 0 8px auto; text-align: right; display: block; clear: both;'>\n<p><a href=\"https:\/\/wa.link\/vpicfd\"><img data-recalc-dims=\"1\" class=\"wp-image-4922\" style=\"aspect-ratio: 2.0253164556962027; width: 561px; height: auto;\" src=\"https:\/\/i0.wp.com\/ismaelcolosi.com.br\/wp-content\/uploads\/2023\/11\/grupo-de-empregos-whatsapp-e-facebook-ismael-colosi-vagas.jpg?ssl=1\" alt=\"\" \/><\/a><\/p>\n<!-- \/wp:image -->\n<\/div>\n<p> <br \/>\n<\/p>\n<div data-td-block-uid=\"tdi_95\">\n<div class=\"tdb-block-inner td-fix-index\">\n<p>O <strong>Centro de Voluntariado de Ribeir\u00e3o Preto<\/strong> est\u00e1 com inscri\u00e7\u00f5es abertas para o <strong>Programa de Capacita\u00e7\u00e3o de Novos Volunt\u00e1rios<\/strong>. Interessados podem se inscrever at\u00e9 o dia <strong>4 de agosto<\/strong> e participar de dois encontros presenciais com atividades te\u00f3ricas e pr\u00e1ticas.<\/p>\n<p>O primeiro encontro acontece em <strong>9 de agosto<\/strong>, das <strong>8h30 \u00e0s 17h<\/strong>, com palestras de diretores e especialistas, na sede da <strong>Associa\u00e7\u00e3o Comercial e Industrial de Ribeir\u00e3o Preto (ACIRP)<\/strong>, na rua Visconde de Inha\u00fama, 489 \u2013 Centro. O segundo ser\u00e1 no <strong>dia 16 de agosto<\/strong>, das <strong>9h \u00e0s 12h<\/strong>, com viv\u00eancias voltadas \u00e0 pr\u00e1tica do voluntariado.<\/p>\n<p>A capacita\u00e7\u00e3o apresenta ferramentas, din\u00e2micas e informa\u00e7\u00f5es sobre a realidade de crian\u00e7as, adolescentes e idosos atendidos por institui\u00e7\u00f5es de acolhimento, hospitais e projetos assistenciais. Para participar, \u00e9 necess\u00e1rio ter mais de 18 anos e pagar uma taxa de <strong>R$ 60,00<\/strong>, destinada ao custeio do evento.<\/p>\n<p>Os volunt\u00e1rios formados podem atuar em diferentes iniciativas sociais, como:<\/p>\n<ul class=\"wp-block-list\">\n<li><strong>Conta Mais<\/strong>: conta\u00e7\u00e3o de hist\u00f3rias para crian\u00e7as e adolescentes em hospitais<\/li>\n<li><strong>Ouvidores de Hist\u00f3rias<\/strong>: escuta afetiva com idosos em Institui\u00e7\u00f5es de Longa Perman\u00eancia (ILPIs)<\/li>\n<li><strong>Hist\u00f3rias e Oficinas<\/strong>: atividades l\u00fadicas e oficinas criativas com crian\u00e7as e adolescentes em vulnerabilidade social atendidos pelo SCFV e entidades da regi\u00e3o.<\/li>\n<\/ul>\n<p>As inscri\u00e7\u00f5es podem ser realizadas no site \u2013 <a href=\"http:\/\/www.voluntariadorp.org.br\" data-type=\"link\" data-id=\"www.voluntariadorp.org.br\" target=\"_blank\" rel=\"noopener\">clique aqui.<\/a> <\/p>\n<hr class=\"wp-block-separator has-alpha-channel-opacity\"\/>\n<p>SAIBA MAIS<\/p>\n<p>Interior de SP recebe alerta da Defesa Civil para alto risco de queimadas; Veja regi\u00f5es<\/p>\n<h4 class=\"wp-block-heading\"><strong>FIQUE ON<\/strong><\/h4>\n<p>Quer ficar por dentro de tudo que acontece em Ribeir\u00e3o Preto e regi\u00e3o? Ent\u00e3o siga os perfis do\u202facidade on\u202fno\u202f<a href=\"https:\/\/www.instagram.com\/acidadeonribeirao\" target=\"_blank\" rel=\"noreferrer noopener\">Instagram<\/a>\u202fe no\u202f<a href=\"https:\/\/www.facebook.com\/acidadeonribeirao\/\" target=\"_blank\" rel=\"noreferrer noopener\">Facebook<\/a>.<\/p>\n<p>Al\u00e9m disso, voc\u00ea pode receber as principais not\u00edcias diretamente no WhatsApp. Para isso, basta\u00a0<a href=\"https:\/\/chat.whatsapp.com\/BjKQZ9oJwlz8VVT50NuePq\" target=\"_blank\" rel=\"noreferrer noopener\">entrar no grupo clicando aqui<\/a>.<\/p>\n<p>Por fim, se quiser fazer uma den\u00fancia ou sugerir uma reportagem sobre Ribeir\u00e3o Preto e regi\u00e3o, envie uma mensagem pelo WhatsApp: (16) 99117-7802.<\/p>\n<p>VEJA TAMB\u00c9M<\/p>\n<p>Quem estava no avi\u00e3o que caiu na It\u00e1lia?<\/p>\n<p><!-- AI CONTENT END 1 -->\n<\/div>\n<\/div>\n<p><script async src=\"\/\/www.instagram.com\/embed.js\"><\/script><br \/>\n<br \/><br \/>\n<br \/><a href=\"https:\/\/www.acidadeon.com\/ribeiraopreto\/cotidiano\/quer-atuar-como-voluntario-em-projetos-sociais-ribeirao-preto-tem-vagas-abertas\/\">Source link <\/a><\/p>\n<!-- CONTENT END 1 -->\n","protected":false},"excerpt":{"rendered":"<p>O Centro de Voluntariado de Ribeir\u00e3o Preto est\u00e1 com inscri\u00e7\u00f5es abertas para o Programa de Capacita\u00e7\u00e3o de Novos Volunt\u00e1rios. Interessados podem se inscrever at\u00e9 o&#8230;<\/p>\n","protected":false},"author":1,"featured_media":74577,"comment_status":"open","ping_status":"open","sticky":false,"template":"","format":"standard","meta":{"advanced_seo_description":"","jetpack_seo_html_title":"","jetpack_seo_noindex":false,"jetpack_post_was_ever_published":false,"_jetpack_newsletter_access":"","_jetpack_dont_email_post_to_subs":false,"_jetpack_newsletter_tier_id":0,"_jetpack_memberships_contains_paywalled_content":false,"_jetpack_memberships_contains_paid_content":false,"footnotes":"","jetpack_publicize_message":"","jetpack_publicize_feature_enabled":true,"jetpack_social_post_already_shared":true,"jetpack_social_options":{"image_generator_settings":{"template":"highway","default_image_id":0,"font":"","enabled":false},"version":2}},"categories":[11],"tags":[],"class_list":["post-74576","post","type-post","status-publish","format-standard","has-post-thumbnail","hentry","category-noticias-de-ribeirao-preto-sp-e-regiao-ismael-colosi"],"jetpack_publicize_connections":[],"jetpack_featured_media_url":"https:\/\/i0.wp.com\/noticiasribeiraopreto.com.br\/wp-content\/uploads\/2025\/07\/Copia-de-Copia-de-Copia-de-TAMANHO-EXATO-PARA-FOTOS-NO-SISTEMA-NOVO-2025-07-24T153547.534_2025-07-24_18-36-02.webp.webp?fit=1200%2C675&ssl=1","jetpack-related-posts":[{"id":43454,"url":"https:\/\/noticiasribeiraopreto.com.br\/index.php\/2024\/03\/21\/centro-de-voluntariado-de-ribeirao-abre-inscricoes-para-capacitacao-de-novos-voluntarios\/","url_meta":{"origin":74576,"position":0},"title":"Centro de Voluntariado de Ribeir\u00e3o abre inscri\u00e7\u00f5es para capacita\u00e7\u00e3o de novos volunt\u00e1rios","author":"noticiasribeiraopreto.com.br","date":"21 de March de 2024","format":false,"excerpt":"O Centro de Voluntariado de Ribeir\u00e3o Preto (CVRP) est\u00e1 com inscri\u00e7\u00f5es abertas para o 12\u00ba Programa de Capacita\u00e7\u00e3o de Novos Volunt\u00e1rios. Os interessados podem se inscrever pela internet (clique aqui) at\u00e9 o dia 2 de abril. As vagas s\u00e3o limitadas. O programa ser\u00e1 realizado em duas etapas na sede da\u2026","rel":"","context":"In &quot;Not\u00edcias de Ribeir\u00e3o Preto-SP e Regi\u00e3o&quot;","block_context":{"text":"Not\u00edcias de Ribeir\u00e3o Preto-SP e Regi\u00e3o","link":"https:\/\/noticiasribeiraopreto.com.br\/index.php\/category\/noticias-de-ribeirao-preto-sp-e-regiao-ismael-colosi\/"},"img":{"alt_text":"","src":"https:\/\/i0.wp.com\/noticiasribeiraopreto.com.br\/wp-content\/uploads\/2024\/03\/social-assistant-worker-consoling-handicapped-pensioner-patient-touching-hands-scaled.jpg?fit=1200%2C800&ssl=1&resize=350%2C200","width":350,"height":200,"srcset":"https:\/\/i0.wp.com\/noticiasribeiraopreto.com.br\/wp-content\/uploads\/2024\/03\/social-assistant-worker-consoling-handicapped-pensioner-patient-touching-hands-scaled.jpg?fit=1200%2C800&ssl=1&resize=350%2C200 1x, https:\/\/i0.wp.com\/noticiasribeiraopreto.com.br\/wp-content\/uploads\/2024\/03\/social-assistant-worker-consoling-handicapped-pensioner-patient-touching-hands-scaled.jpg?fit=1200%2C800&ssl=1&resize=525%2C300 1.5x, https:\/\/i0.wp.com\/noticiasribeiraopreto.com.br\/wp-content\/uploads\/2024\/03\/social-assistant-worker-consoling-handicapped-pensioner-patient-touching-hands-scaled.jpg?fit=1200%2C800&ssl=1&resize=700%2C400 2x, https:\/\/i0.wp.com\/noticiasribeiraopreto.com.br\/wp-content\/uploads\/2024\/03\/social-assistant-worker-consoling-handicapped-pensioner-patient-touching-hands-scaled.jpg?fit=1200%2C800&ssl=1&resize=1050%2C600 3x"},"classes":[]},{"id":81861,"url":"https:\/\/noticiasribeiraopreto.com.br\/index.php\/2026\/01\/28\/quer-trabalhar-com-caes-de-terapia-projeto-abre-vagas-para-jovens-voluntarios-em-ribeirao-preto\/","url_meta":{"origin":74576,"position":1},"title":"Quer trabalhar com c\u00e3es de terapia? Projeto abre vagas para jovens volunt\u00e1rios em Ribeir\u00e3o Preto","author":"noticiasribeiraopreto.com.br","date":"28 de January de 2026","format":false,"excerpt":"O Centro de Voluntariado de Ribeir\u00e3o Preto abriu inscri\u00e7\u00f5es para uma capacita\u00e7\u00e3o voltada a jovens de at\u00e9 18 anos interessados em atuar como volunt\u00e1rios em um projeto de c\u00e3es de terapia. A iniciativa ocorre em parceria com a ONG Pets da Alegria e desenvolve a\u00e7\u00f5es de intera\u00e7\u00e3o assistida por animais\u2026","rel":"","context":"In &quot;Not\u00edcias de Ribeir\u00e3o Preto-SP e Regi\u00e3o&quot;","block_context":{"text":"Not\u00edcias de Ribeir\u00e3o Preto-SP e Regi\u00e3o","link":"https:\/\/noticiasribeiraopreto.com.br\/index.php\/category\/noticias-de-ribeirao-preto-sp-e-regiao-ismael-colosi\/"},"img":{"alt_text":"","src":"https:\/\/i0.wp.com\/noticiasribeiraopreto.com.br\/wp-content\/uploads\/2026\/01\/domingo-83_2026-01-27_19-13-00.webp.webp?fit=1200%2C675&ssl=1&resize=350%2C200","width":350,"height":200,"srcset":"https:\/\/i0.wp.com\/noticiasribeiraopreto.com.br\/wp-content\/uploads\/2026\/01\/domingo-83_2026-01-27_19-13-00.webp.webp?fit=1200%2C675&ssl=1&resize=350%2C200 1x, https:\/\/i0.wp.com\/noticiasribeiraopreto.com.br\/wp-content\/uploads\/2026\/01\/domingo-83_2026-01-27_19-13-00.webp.webp?fit=1200%2C675&ssl=1&resize=525%2C300 1.5x, https:\/\/i0.wp.com\/noticiasribeiraopreto.com.br\/wp-content\/uploads\/2026\/01\/domingo-83_2026-01-27_19-13-00.webp.webp?fit=1200%2C675&ssl=1&resize=700%2C400 2x, https:\/\/i0.wp.com\/noticiasribeiraopreto.com.br\/wp-content\/uploads\/2026\/01\/domingo-83_2026-01-27_19-13-00.webp.webp?fit=1200%2C675&ssl=1&resize=1050%2C600 3x"},"classes":[]},{"id":82217,"url":"https:\/\/noticiasribeiraopreto.com.br\/index.php\/2026\/02\/07\/cvv-abre-inscricoes-para-o-programa-de-voluntariado-em-ribeirao-preto\/","url_meta":{"origin":74576,"position":2},"title":"CVV abre inscri\u00e7\u00f5es para o programa de voluntariado em Ribeir\u00e3o Preto","author":"noticiasribeiraopreto.com.br","date":"7 de February de 2026","format":false,"excerpt":"O CVV (Centro de Valoriza\u00e7\u00e3o da Vida) est\u00e1 com inscri\u00e7\u00f5es abertas para o Programa de Sele\u00e7\u00e3o de Volunt\u00e1rios em diversas cidades brasileiras, incluindo Ribeir\u00e3o Preto. A forma\u00e7\u00e3o \u00e9 gratuita e realizada de forma online. O treinamento \u00e9 uma das etapas necess\u00e1rias para quem deseja atuar como volunt\u00e1rio no servi\u00e7o de\u2026","rel":"","context":"In &quot;Not\u00edcias de Ribeir\u00e3o Preto-SP e Regi\u00e3o&quot;","block_context":{"text":"Not\u00edcias de Ribeir\u00e3o Preto-SP e Regi\u00e3o","link":"https:\/\/noticiasribeiraopreto.com.br\/index.php\/category\/noticias-de-ribeirao-preto-sp-e-regiao-ismael-colosi\/"},"img":{"alt_text":"","src":"https:\/\/i0.wp.com\/noticiasribeiraopreto.com.br\/wp-content\/uploads\/2026\/02\/curso-cvv_2026-02-06_17-07-53.webp.webp?fit=1200%2C722&ssl=1&resize=350%2C200","width":350,"height":200,"srcset":"https:\/\/i0.wp.com\/noticiasribeiraopreto.com.br\/wp-content\/uploads\/2026\/02\/curso-cvv_2026-02-06_17-07-53.webp.webp?fit=1200%2C722&ssl=1&resize=350%2C200 1x, https:\/\/i0.wp.com\/noticiasribeiraopreto.com.br\/wp-content\/uploads\/2026\/02\/curso-cvv_2026-02-06_17-07-53.webp.webp?fit=1200%2C722&ssl=1&resize=525%2C300 1.5x, https:\/\/i0.wp.com\/noticiasribeiraopreto.com.br\/wp-content\/uploads\/2026\/02\/curso-cvv_2026-02-06_17-07-53.webp.webp?fit=1200%2C722&ssl=1&resize=700%2C400 2x, https:\/\/i0.wp.com\/noticiasribeiraopreto.com.br\/wp-content\/uploads\/2026\/02\/curso-cvv_2026-02-06_17-07-53.webp.webp?fit=1200%2C722&ssl=1&resize=1050%2C600 3x"},"classes":[]},{"id":76514,"url":"https:\/\/noticiasribeiraopreto.com.br\/index.php\/2025\/08\/30\/usp-de-ribeirao-preto-busca-voluntarios-para-pesquisa-sobre-uso-de-telas-em-criancas\/","url_meta":{"origin":74576,"position":3},"title":"USP de Ribeir\u00e3o Preto busca volunt\u00e1rios para pesquisa sobre uso de telas em crian\u00e7as","author":"noticiasribeiraopreto.com.br","date":"30 de August de 2025","format":false,"excerpt":"A USP (Universidade de S\u00e3o Paulo) de Ribeir\u00e3o Preto est\u00e1 em busca de volunt\u00e1rios para uma pesquisa sobre os efeitos do uso de telas em crian\u00e7as em idade pr\u00e9-escolar (de 0 a 6 anos). A pesquisa tem como objetivo orientar pais na media\u00e7\u00e3o do uso de telas, \u201cconsiderando tanto o\u2026","rel":"","context":"In &quot;Not\u00edcias de Ribeir\u00e3o Preto-SP e Regi\u00e3o&quot;","block_context":{"text":"Not\u00edcias de Ribeir\u00e3o Preto-SP e Regi\u00e3o","link":"https:\/\/noticiasribeiraopreto.com.br\/index.php\/category\/noticias-de-ribeirao-preto-sp-e-regiao-ismael-colosi\/"},"img":{"alt_text":"","src":"https:\/\/i0.wp.com\/noticiasribeiraopreto.com.br\/wp-content\/uploads\/2025\/08\/two-smiley-siblings-home-together-playing-tablet-smartphone_2025-08-30_18-17-29.webp.webp?fit=1200%2C800&ssl=1&resize=350%2C200","width":350,"height":200,"srcset":"https:\/\/i0.wp.com\/noticiasribeiraopreto.com.br\/wp-content\/uploads\/2025\/08\/two-smiley-siblings-home-together-playing-tablet-smartphone_2025-08-30_18-17-29.webp.webp?fit=1200%2C800&ssl=1&resize=350%2C200 1x, https:\/\/i0.wp.com\/noticiasribeiraopreto.com.br\/wp-content\/uploads\/2025\/08\/two-smiley-siblings-home-together-playing-tablet-smartphone_2025-08-30_18-17-29.webp.webp?fit=1200%2C800&ssl=1&resize=525%2C300 1.5x, https:\/\/i0.wp.com\/noticiasribeiraopreto.com.br\/wp-content\/uploads\/2025\/08\/two-smiley-siblings-home-together-playing-tablet-smartphone_2025-08-30_18-17-29.webp.webp?fit=1200%2C800&ssl=1&resize=700%2C400 2x, https:\/\/i0.wp.com\/noticiasribeiraopreto.com.br\/wp-content\/uploads\/2025\/08\/two-smiley-siblings-home-together-playing-tablet-smartphone_2025-08-30_18-17-29.webp.webp?fit=1200%2C800&ssl=1&resize=1050%2C600 3x"},"classes":[]},{"id":39209,"url":"https:\/\/noticiasribeiraopreto.com.br\/index.php\/2024\/02\/23\/horta-comunitaria-cultiva-a-vida-de-voluntarios-em-ribeirao-preto\/","url_meta":{"origin":74576,"position":4},"title":"Horta comunit\u00e1ria cultiva a vida de volunt\u00e1rios em Ribeir\u00e3o Preto","author":"noticiasribeiraopreto.com.br","date":"23 de February de 2024","format":false,"excerpt":"Voc\u00ea j\u00e1 teve aquela sensa\u00e7\u00e3o de que tudo est\u00e1 passando t\u00e3o r\u00e1pido que parece que n\u00e3o sobra tempo para nada? Geralmente, quando esse sentimento aparece, acaba batendo aquele sentimento ruim, n\u00e3o \u00e9 verdade? Nesses momentos, o ideal \u00e9 parar, respirar e dar um novo sentido para a vida. Muitas pessoas\u2026","rel":"","context":"In &quot;Not\u00edcias de Ribeir\u00e3o Preto-SP e Regi\u00e3o&quot;","block_context":{"text":"Not\u00edcias de Ribeir\u00e3o Preto-SP e Regi\u00e3o","link":"https:\/\/noticiasribeiraopreto.com.br\/index.php\/category\/noticias-de-ribeirao-preto-sp-e-regiao-ismael-colosi\/"},"img":{"alt_text":"","src":"https:\/\/i0.wp.com\/noticiasribeiraopreto.com.br\/wp-content\/uploads\/2024\/02\/Copia-de-Copia-de-TAMANHO-EXATO-PARA-FOTOS-NO-SISTEMA-NOVO-48.png?fit=1200%2C675&ssl=1&resize=350%2C200","width":350,"height":200,"srcset":"https:\/\/i0.wp.com\/noticiasribeiraopreto.com.br\/wp-content\/uploads\/2024\/02\/Copia-de-Copia-de-TAMANHO-EXATO-PARA-FOTOS-NO-SISTEMA-NOVO-48.png?fit=1200%2C675&ssl=1&resize=350%2C200 1x, https:\/\/i0.wp.com\/noticiasribeiraopreto.com.br\/wp-content\/uploads\/2024\/02\/Copia-de-Copia-de-TAMANHO-EXATO-PARA-FOTOS-NO-SISTEMA-NOVO-48.png?fit=1200%2C675&ssl=1&resize=525%2C300 1.5x, https:\/\/i0.wp.com\/noticiasribeiraopreto.com.br\/wp-content\/uploads\/2024\/02\/Copia-de-Copia-de-TAMANHO-EXATO-PARA-FOTOS-NO-SISTEMA-NOVO-48.png?fit=1200%2C675&ssl=1&resize=700%2C400 2x, https:\/\/i0.wp.com\/noticiasribeiraopreto.com.br\/wp-content\/uploads\/2024\/02\/Copia-de-Copia-de-TAMANHO-EXATO-PARA-FOTOS-NO-SISTEMA-NOVO-48.png?fit=1200%2C675&ssl=1&resize=1050%2C600 3x"},"classes":[]},{"id":78662,"url":"https:\/\/noticiasribeiraopreto.com.br\/index.php\/2025\/10\/15\/ribeirao-preto-recebe-acao-de-plantio-de-arvores-aberta-ao-publico-veja-quando\/","url_meta":{"origin":74576,"position":5},"title":"Ribeir\u00e3o Preto recebe a\u00e7\u00e3o de plantio de \u00e1rvores aberta ao p\u00fablico; veja quando","author":"noticiasribeiraopreto.com.br","date":"15 de October de 2025","format":false,"excerpt":"O projeto ArboreSer realiza neste s\u00e1bado (18), a partir das 8h30, uma a\u00e7\u00e3o gratuita de plantio de \u00e1rvores aberta ao p\u00fablico na Pra\u00e7a da Carambola, no Jardim Nova Alian\u00e7a Sul, em Ribeir\u00e3o Preto. A atividade marca o in\u00edcio da temporada 2025\/2026 de reflorestamento urbano e celebra 18 anos de mobiliza\u00e7\u00e3o\u2026","rel":"","context":"In &quot;Not\u00edcias de Ribeir\u00e3o Preto-SP e Regi\u00e3o&quot;","block_context":{"text":"Not\u00edcias de Ribeir\u00e3o Preto-SP e Regi\u00e3o","link":"https:\/\/noticiasribeiraopreto.com.br\/index.php\/category\/noticias-de-ribeirao-preto-sp-e-regiao-ismael-colosi\/"},"img":{"alt_text":"","src":"https:\/\/i0.wp.com\/noticiasribeiraopreto.com.br\/wp-content\/uploads\/2025\/10\/Copia-de-Copia-de-Copia-de-TAMANHO-EXATO-PARA-FOTOS-NO-SISTEMA-NOVO-2025-10-15T150303.352_2025-10-15_18-03-31.webp.webp?fit=1200%2C675&ssl=1&resize=350%2C200","width":350,"height":200,"srcset":"https:\/\/i0.wp.com\/noticiasribeiraopreto.com.br\/wp-content\/uploads\/2025\/10\/Copia-de-Copia-de-Copia-de-TAMANHO-EXATO-PARA-FOTOS-NO-SISTEMA-NOVO-2025-10-15T150303.352_2025-10-15_18-03-31.webp.webp?fit=1200%2C675&ssl=1&resize=350%2C200 1x, https:\/\/i0.wp.com\/noticiasribeiraopreto.com.br\/wp-content\/uploads\/2025\/10\/Copia-de-Copia-de-Copia-de-TAMANHO-EXATO-PARA-FOTOS-NO-SISTEMA-NOVO-2025-10-15T150303.352_2025-10-15_18-03-31.webp.webp?fit=1200%2C675&ssl=1&resize=525%2C300 1.5x, https:\/\/i0.wp.com\/noticiasribeiraopreto.com.br\/wp-content\/uploads\/2025\/10\/Copia-de-Copia-de-Copia-de-TAMANHO-EXATO-PARA-FOTOS-NO-SISTEMA-NOVO-2025-10-15T150303.352_2025-10-15_18-03-31.webp.webp?fit=1200%2C675&ssl=1&resize=700%2C400 2x, https:\/\/i0.wp.com\/noticiasribeiraopreto.com.br\/wp-content\/uploads\/2025\/10\/Copia-de-Copia-de-Copia-de-TAMANHO-EXATO-PARA-FOTOS-NO-SISTEMA-NOVO-2025-10-15T150303.352_2025-10-15_18-03-31.webp.webp?fit=1200%2C675&ssl=1&resize=1050%2C600 3x"},"classes":[]}],"jetpack_sharing_enabled":true,"jetpack_shortlink":"https:\/\/wp.me\/peQAOb-joQ","_links":{"self":[{"href":"https:\/\/noticiasribeiraopreto.com.br\/index.php\/wp-json\/wp\/v2\/posts\/74576","targetHints":{"allow":["GET"]}}],"collection":[{"href":"https:\/\/noticiasribeiraopreto.com.br\/index.php\/wp-json\/wp\/v2\/posts"}],"about":[{"href":"https:\/\/noticiasribeiraopreto.com.br\/index.php\/wp-json\/wp\/v2\/types\/post"}],"author":[{"embeddable":true,"href":"https:\/\/noticiasribeiraopreto.com.br\/index.php\/wp-json\/wp\/v2\/users\/1"}],"replies":[{"embeddable":true,"href":"https:\/\/noticiasribeiraopreto.com.br\/index.php\/wp-json\/wp\/v2\/comments?post=74576"}],"version-history":[{"count":0,"href":"https:\/\/noticiasribeiraopreto.com.br\/index.php\/wp-json\/wp\/v2\/posts\/74576\/revisions"}],"wp:featuredmedia":[{"embeddable":true,"href":"https:\/\/noticiasribeiraopreto.com.br\/index.php\/wp-json\/wp\/v2\/media\/74577"}],"wp:attachment":[{"href":"https:\/\/noticiasribeiraopreto.com.br\/index.php\/wp-json\/wp\/v2\/media?parent=74576"}],"wp:term":[{"taxonomy":"category","embeddable":true,"href":"https:\/\/noticiasribeiraopreto.com.br\/index.php\/wp-json\/wp\/v2\/categories?post=74576"},{"taxonomy":"post_tag","embeddable":true,"href":"https:\/\/noticiasribeiraopreto.com.br\/index.php\/wp-json\/wp\/v2\/tags?post=74576"}],"curies":[{"name":"wp","href":"https:\/\/api.w.org\/{rel}","templated":true}]}}