{"id":74578,"date":"2025-07-24T19:06:28","date_gmt":"2025-07-24T22:06:28","guid":{"rendered":"https:\/\/noticiasribeiraopreto.com.br\/index.php\/2025\/07\/24\/oficinas-de-musica-em-ribeirao-preto-oferecem-aulas-gratuitas-de-instrumentos-e-canto-coral-2\/"},"modified":"2025-07-24T19:06:28","modified_gmt":"2025-07-24T22:06:28","slug":"oficinas-de-musica-em-ribeirao-preto-oferecem-aulas-gratuitas-de-instrumentos-e-canto-coral-2","status":"publish","type":"post","link":"https:\/\/noticiasribeiraopreto.com.br\/index.php\/2025\/07\/24\/oficinas-de-musica-em-ribeirao-preto-oferecem-aulas-gratuitas-de-instrumentos-e-canto-coral-2\/","title":{"rendered":"Oficinas de m\u00fasica em Ribeir\u00e3o Preto oferecem aulas gratuitas de instrumentos e canto coral"},"content":{"rendered":"<div class='code-block code-block-1' style='margin: 8px 0 8px auto; text-align: right; display: block; clear: both;'>\n<p><a href=\"https:\/\/wa.link\/vpicfd\"><img data-recalc-dims=\"1\" class=\"wp-image-4922\" style=\"aspect-ratio: 2.0253164556962027; width: 561px; height: auto;\" src=\"https:\/\/i0.wp.com\/ismaelcolosi.com.br\/wp-content\/uploads\/2023\/11\/grupo-de-empregos-whatsapp-e-facebook-ismael-colosi-vagas.jpg?ssl=1\" alt=\"\" \/><\/a><\/p>\n<!-- \/wp:image -->\n<\/div>\n<p> <br \/>\n<\/p>\n<div>\n<p>Moradores de Ribeir\u00e3o Preto podem se inscrever,<strong> at\u00e9 as 16h do dia 30 de julho<\/strong>, nas oficinas gratuitas de m\u00fasica promovidas pelo Departamento de M\u00fasica da Faculdade de Filosofia, Ci\u00eancias e Letras da<strong> Universidade de S\u00e3o Paulo (USP)<\/strong>. <strong>As aulas come\u00e7am em 11 de agosto e seguem at\u00e9 5 de dezembro de 2025.<\/strong><\/p>\n<p>O projeto oferece oficinas de instrumentos como <strong>percuss\u00e3o<\/strong>, <strong>piano<\/strong>, <strong>viol\u00e3o<\/strong>, <strong>violino <\/strong>e <strong>violoncelo<\/strong>, al\u00e9m de aulas de <strong>canto coral<\/strong>. A iniciativa atende tanto a comunidade acad\u00eamica quanto o p\u00fablico externo.<\/p>\n<h3 class=\"wp-block-heading\"><strong>Como participar?<\/strong><\/h3>\n<p><strong>A sele\u00e7\u00e3o dos participantes segue a ordem de inscri\u00e7\u00e3o.<\/strong> As turmas em grupo atendem iniciantes, enquanto as aulas individuais se adaptam ao n\u00edvel de conhecimento do aluno.<\/p>\n<p>Cada participante pode se inscrever em diferentes oficinas, por ordem de prioridade. No entanto, <strong>a participa\u00e7\u00e3o em mais de uma modalidade depende da disponibilidade de vagas<\/strong>. O candidato tamb\u00e9m pode escolher v\u00e1rias turmas dentro da mesma oficina, mas a convoca\u00e7\u00e3o ocorrer\u00e1 apenas para uma delas, conforme a ordem de inscri\u00e7\u00e3o e as vagas dispon\u00edveis.<\/p>\n<p><strong>As inscri\u00e7\u00f5es devem ser feitas online<\/strong>, por meio do quadro de op\u00e7\u00f5es conforme o instrumento desejado \u2013 <a href=\"https:\/\/www.ffclrp.usp.br\/noticias\/integra.php?id=5242\" data-type=\"link\" data-id=\"https:\/\/www.ffclrp.usp.br\/noticias\/integra.php?id=5242\" target=\"_blank\" rel=\"noopener\">clique aqui.<\/a><\/p>\n<h4 class=\"wp-block-heading\"><strong>Confira as vagas<\/strong><\/h4>\n<div class=\"wp-block-image\">\n<figure class=\"aligncenter size-full\"><img data-recalc-dims=\"1\" fetchpriority=\"high\" decoding=\"async\" width=\"911\" height=\"342\" src=\"https:\/\/i0.wp.com\/cdn.media-acidadeon.com.br\/ribeiraopreto\/wp-content\/uploads\/sites\/3\/2025\/07\/percussao_2025-07-24_17-41-54.webp?resize=911%2C342&#038;ssl=1\" alt=\"\" class=\"wp-image-123692\" srcset=\"https:\/\/cdn.media-acidadeon.com.br\/ribeiraopreto\/wp-content\/uploads\/sites\/3\/2025\/07\/percussao_2025-07-24_17-41-54.webp 911w, https:\/\/cdn.media-acidadeon.com.br\/ribeiraopreto\/wp-content\/uploads\/sites\/3\/2025\/07\/percussao_2025-07-24_17-41-54-300x113.webp 300w, https:\/\/cdn.media-acidadeon.com.br\/ribeiraopreto\/wp-content\/uploads\/sites\/3\/2025\/07\/percussao_2025-07-24_17-41-54-768x288.webp 768w, https:\/\/cdn.media-acidadeon.com.br\/ribeiraopreto\/wp-content\/uploads\/sites\/3\/2025\/07\/percussao_2025-07-24_17-41-54-696x261.webp 696w\" sizes=\"(max-width: 911px) 100vw, 911px\"\/><\/figure>\n<\/div>\n<p><sup>Instrumentos fornecidos pelo Departamento de M\u00fasica<\/sup> \u2013 <sup>Link para inscri\u00e7\u00e3o:\u00a0<a href=\"https:\/\/forms.gle\/eMaCq9SArRLZdWuz8\" target=\"_blank\" rel=\"noopener\">https:\/\/forms.gle\/eMaCq9SArRLZdWuz8<\/a><\/sup><\/p>\n<div class=\"wp-block-image\">\n<figure class=\"aligncenter size-full\"><img data-recalc-dims=\"1\" loading=\"lazy\" decoding=\"async\" width=\"914\" height=\"453\" src=\"https:\/\/i0.wp.com\/cdn.media-acidadeon.com.br\/ribeiraopreto\/wp-content\/uploads\/sites\/3\/2025\/07\/piano_2025-07-24_17-49-09.webp?resize=914%2C453&#038;ssl=1\" alt=\"\" class=\"wp-image-123694\" srcset=\"https:\/\/cdn.media-acidadeon.com.br\/ribeiraopreto\/wp-content\/uploads\/sites\/3\/2025\/07\/piano_2025-07-24_17-49-09.webp 914w, https:\/\/cdn.media-acidadeon.com.br\/ribeiraopreto\/wp-content\/uploads\/sites\/3\/2025\/07\/piano_2025-07-24_17-49-09-300x149.webp 300w, https:\/\/cdn.media-acidadeon.com.br\/ribeiraopreto\/wp-content\/uploads\/sites\/3\/2025\/07\/piano_2025-07-24_17-49-09-768x381.webp 768w, https:\/\/cdn.media-acidadeon.com.br\/ribeiraopreto\/wp-content\/uploads\/sites\/3\/2025\/07\/piano_2025-07-24_17-49-09-696x345.webp 696w\" sizes=\"auto, (max-width: 914px) 100vw, 914px\"\/><\/figure>\n<\/div>\n<p><sup>Instrumentos fornecidos pelo Departamento de M\u00fasica \u2013 Link para inscri\u00e7\u00e3o:\u00a0<a href=\"https:\/\/forms.gle\/xzAJ33cF7wZuRQ1r9\" target=\"_blank\" rel=\"noopener\">https:\/\/forms.gle\/xzAJ33cF7wZuRQ1r9<\/a><\/sup><\/p>\n<div class=\"wp-block-image\">\n<figure class=\"aligncenter size-full\"><img data-recalc-dims=\"1\" loading=\"lazy\" decoding=\"async\" width=\"909\" height=\"242\" src=\"https:\/\/i0.wp.com\/cdn.media-acidadeon.com.br\/ribeiraopreto\/wp-content\/uploads\/sites\/3\/2025\/07\/violao_2025-07-24_17-50-53.webp?resize=909%2C242&#038;ssl=1\" alt=\"\" class=\"wp-image-123695\" srcset=\"https:\/\/cdn.media-acidadeon.com.br\/ribeiraopreto\/wp-content\/uploads\/sites\/3\/2025\/07\/violao_2025-07-24_17-50-53.webp 909w, https:\/\/cdn.media-acidadeon.com.br\/ribeiraopreto\/wp-content\/uploads\/sites\/3\/2025\/07\/violao_2025-07-24_17-50-53-300x80.webp 300w, https:\/\/cdn.media-acidadeon.com.br\/ribeiraopreto\/wp-content\/uploads\/sites\/3\/2025\/07\/violao_2025-07-24_17-50-53-768x204.webp 768w, https:\/\/cdn.media-acidadeon.com.br\/ribeiraopreto\/wp-content\/uploads\/sites\/3\/2025\/07\/violao_2025-07-24_17-50-53-696x185.webp 696w\" sizes=\"auto, (max-width: 909px) 100vw, 909px\"\/><\/figure>\n<\/div>\n<p><sup>O aluno dever\u00e1 trazer seu pr\u00f3prio viol\u00e3o \u2013 Link para inscri\u00e7\u00e3o:\u00a0<a href=\"https:\/\/forms.gle\/6VzinfaMYQu2cLGC7\" target=\"_blank\" rel=\"noopener\">https:\/\/forms.gle\/6VzinfaMYQu2cLGC7<\/a><\/sup><\/p>\n<div class=\"wp-block-image\">\n<figure class=\"aligncenter size-full\"><img data-recalc-dims=\"1\" loading=\"lazy\" decoding=\"async\" width=\"906\" height=\"249\" src=\"https:\/\/i0.wp.com\/cdn.media-acidadeon.com.br\/ribeiraopreto\/wp-content\/uploads\/sites\/3\/2025\/07\/violino_2025-07-24_17-52-41.webp?resize=906%2C249&#038;ssl=1\" alt=\"\" class=\"wp-image-123696\" srcset=\"https:\/\/cdn.media-acidadeon.com.br\/ribeiraopreto\/wp-content\/uploads\/sites\/3\/2025\/07\/violino_2025-07-24_17-52-41.webp 906w, https:\/\/cdn.media-acidadeon.com.br\/ribeiraopreto\/wp-content\/uploads\/sites\/3\/2025\/07\/violino_2025-07-24_17-52-41-300x82.webp 300w, https:\/\/cdn.media-acidadeon.com.br\/ribeiraopreto\/wp-content\/uploads\/sites\/3\/2025\/07\/violino_2025-07-24_17-52-41-768x211.webp 768w, https:\/\/cdn.media-acidadeon.com.br\/ribeiraopreto\/wp-content\/uploads\/sites\/3\/2025\/07\/violino_2025-07-24_17-52-41-696x191.webp 696w\" sizes=\"auto, (max-width: 906px) 100vw, 906px\"\/><\/figure>\n<\/div>\n<p><sup>O aluno dever\u00e1 trazer seu pr\u00f3prio violino \u2013 Link para inscri\u00e7\u00e3o:\u00a0<a href=\"https:\/\/forms.gle\/MZccrwSSkyvAwGrY7\" target=\"_blank\" rel=\"noopener\">https:\/\/forms.gle\/MZccrwSSkyvAwGrY7<\/a><\/sup><\/p>\n<figure class=\"wp-block-image size-full\"><img data-recalc-dims=\"1\" loading=\"lazy\" decoding=\"async\" width=\"908\" height=\"237\" src=\"https:\/\/i0.wp.com\/cdn.media-acidadeon.com.br\/ribeiraopreto\/wp-content\/uploads\/sites\/3\/2025\/07\/violoncelo_2025-07-24_17-57-49.webp?resize=908%2C237&#038;ssl=1\" alt=\"\" class=\"wp-image-123697\" srcset=\"https:\/\/cdn.media-acidadeon.com.br\/ribeiraopreto\/wp-content\/uploads\/sites\/3\/2025\/07\/violoncelo_2025-07-24_17-57-49.webp 908w, https:\/\/cdn.media-acidadeon.com.br\/ribeiraopreto\/wp-content\/uploads\/sites\/3\/2025\/07\/violoncelo_2025-07-24_17-57-49-300x78.webp 300w, https:\/\/cdn.media-acidadeon.com.br\/ribeiraopreto\/wp-content\/uploads\/sites\/3\/2025\/07\/violoncelo_2025-07-24_17-57-49-768x200.webp 768w, https:\/\/cdn.media-acidadeon.com.br\/ribeiraopreto\/wp-content\/uploads\/sites\/3\/2025\/07\/violoncelo_2025-07-24_17-57-49-696x182.webp 696w\" sizes=\"auto, (max-width: 908px) 100vw, 908px\"\/><\/figure>\n<p><sup>O aluno dever\u00e1 trazer seu pr\u00f3prio violoncelo \u2013 Link para inscri\u00e7\u00e3o:\u00a0<a href=\"https:\/\/forms.gle\/tY9FcXr1d1wmUGSXA\" target=\"_blank\" rel=\"noopener\">https:\/\/forms.gle\/tY9FcXr1d1wmUGSXA<\/a><\/sup><\/p>\n<figure class=\"wp-block-image size-full\"><img data-recalc-dims=\"1\" loading=\"lazy\" decoding=\"async\" width=\"911\" height=\"185\" src=\"https:\/\/i0.wp.com\/cdn.media-acidadeon.com.br\/ribeiraopreto\/wp-content\/uploads\/sites\/3\/2025\/07\/coral_2025-07-24_18-00-03.webp?resize=911%2C185&#038;ssl=1\" alt=\"\" class=\"wp-image-123698\" srcset=\"https:\/\/cdn.media-acidadeon.com.br\/ribeiraopreto\/wp-content\/uploads\/sites\/3\/2025\/07\/coral_2025-07-24_18-00-03.webp 911w, https:\/\/cdn.media-acidadeon.com.br\/ribeiraopreto\/wp-content\/uploads\/sites\/3\/2025\/07\/coral_2025-07-24_18-00-03-300x61.webp 300w, https:\/\/cdn.media-acidadeon.com.br\/ribeiraopreto\/wp-content\/uploads\/sites\/3\/2025\/07\/coral_2025-07-24_18-00-03-768x156.webp 768w, https:\/\/cdn.media-acidadeon.com.br\/ribeiraopreto\/wp-content\/uploads\/sites\/3\/2025\/07\/coral_2025-07-24_18-00-03-696x141.webp 696w\" sizes=\"auto, (max-width: 911px) 100vw, 911px\"\/><\/figure>\n<p><sup>E-mail para contato e inscri\u00e7\u00e3o:\u00a0mcamara@usp.br<\/sup><\/p>\n<hr class=\"wp-block-separator has-alpha-channel-opacity\"\/>\n<p>SAIBA MAIS<\/p>\n<p>Interior de SP recebe alerta da Defesa Civil para alto risco de queimadas; Veja regi\u00f5es<\/p>\n<h4 class=\"wp-block-heading\"><strong>FIQUE ON<\/strong><\/h4>\n<p>Quer ficar por dentro de tudo que acontece em Ribeir\u00e3o Preto e regi\u00e3o? Ent\u00e3o siga os perfis do\u202facidade on\u202fno\u202f<a href=\"https:\/\/www.instagram.com\/acidadeonribeirao\" target=\"_blank\" rel=\"noreferrer noopener\">Instagram<\/a>\u202fe no\u202f<a href=\"https:\/\/www.facebook.com\/acidadeonribeirao\/\" target=\"_blank\" rel=\"noreferrer noopener\">Facebook<\/a>.<\/p>\n<p>Al\u00e9m disso, voc\u00ea pode receber as principais not\u00edcias diretamente no WhatsApp. Para isso, basta\u00a0<a href=\"https:\/\/chat.whatsapp.com\/BjKQZ9oJwlz8VVT50NuePq\" target=\"_blank\" rel=\"noreferrer noopener\">entrar no grupo clicando aqui<\/a>.<\/p>\n<p>Por fim, se quiser fazer uma den\u00fancia ou sugerir uma reportagem sobre Ribeir\u00e3o Preto e regi\u00e3o, envie uma mensagem pelo WhatsApp: (16) 99117-7802.<\/p>\n<p>VEJA TAMB\u00c9M<\/p>\n<p>Quem estava no avi\u00e3o que caiu na It\u00e1lia?<\/p>\n<p><!-- AI CONTENT END 1 -->\n<\/div>\n<p><script async src=\"\/\/www.instagram.com\/embed.js\"><\/script><br \/>\n<br \/><br \/>\n<br \/><a href=\"https:\/\/www.acidadeon.com\/ribeiraopreto\/lazer-e-cultura\/oficinas-de-musica-em-ribeirao-preto-oferecem-aulas-gratuitas-de-instrumentos-e-canto-coral\/\">Source link <\/a><\/p>\n<!-- CONTENT END 1 -->\n","protected":false},"excerpt":{"rendered":"<p>Moradores de Ribeir\u00e3o Preto podem se inscrever, at\u00e9 as 16h do dia 30 de julho, nas oficinas gratuitas de m\u00fasica promovidas pelo Departamento de M\u00fasica&#8230;<\/p>\n","protected":false},"author":1,"featured_media":74552,"comment_status":"open","ping_status":"open","sticky":false,"template":"","format":"standard","meta":{"advanced_seo_description":"","jetpack_seo_html_title":"","jetpack_seo_noindex":false,"jetpack_post_was_ever_published":false,"_jetpack_newsletter_access":"","_jetpack_dont_email_post_to_subs":false,"_jetpack_newsletter_tier_id":0,"_jetpack_memberships_contains_paywalled_content":false,"_jetpack_memberships_contains_paid_content":false,"footnotes":"","jetpack_publicize_message":"","jetpack_publicize_feature_enabled":true,"jetpack_social_post_already_shared":true,"jetpack_social_options":{"image_generator_settings":{"template":"highway","default_image_id":0,"font":"","enabled":false},"version":2}},"categories":[11],"tags":[],"class_list":["post-74578","post","type-post","status-publish","format-standard","has-post-thumbnail","hentry","category-noticias-de-ribeirao-preto-sp-e-regiao-ismael-colosi"],"jetpack_publicize_connections":[],"jetpack_featured_media_url":"https:\/\/i0.wp.com\/noticiasribeiraopreto.com.br\/wp-content\/uploads\/2025\/07\/violin-standing-sheet-music_2025-01-30_18-26-46_jpg_2025-01-30_18-26-48-1024x683.webp.webp?fit=1024%2C683&ssl=1","jetpack-related-posts":[{"id":74551,"url":"https:\/\/noticiasribeiraopreto.com.br\/index.php\/2025\/07\/24\/oficinas-de-musica-em-ribeirao-preto-oferecem-aulas-gratuitas-de-instrumentos-e-canto-coral\/","url_meta":{"origin":74578,"position":0},"title":"Oficinas de m\u00fasica em Ribeir\u00e3o Preto oferecem aulas gratuitas de instrumentos e canto coral","author":"noticiasribeiraopreto.com.br","date":"24 de July de 2025","format":false,"excerpt":"Moradores de Ribeir\u00e3o Preto podem se inscrever, at\u00e9 as 16h do dia 30 de julho, nas oficinas gratuitas de m\u00fasica promovidas pelo Departamento de M\u00fasica da Faculdade de Filosofia, Ci\u00eancias e Letras da Universidade de S\u00e3o Paulo (USP). As aulas come\u00e7am em 11 de agosto e seguem at\u00e9 5 de\u2026","rel":"","context":"In &quot;Not\u00edcias de Ribeir\u00e3o Preto-SP e Regi\u00e3o&quot;","block_context":{"text":"Not\u00edcias de Ribeir\u00e3o Preto-SP e Regi\u00e3o","link":"https:\/\/noticiasribeiraopreto.com.br\/index.php\/category\/noticias-de-ribeirao-preto-sp-e-regiao-ismael-colosi\/"},"img":{"alt_text":"","src":"https:\/\/i0.wp.com\/noticiasribeiraopreto.com.br\/wp-content\/uploads\/2025\/07\/violin-standing-sheet-music_2025-01-30_18-26-46_jpg_2025-01-30_18-26-48-1024x683.webp.webp?fit=1024%2C683&ssl=1&resize=350%2C200","width":350,"height":200,"srcset":"https:\/\/i0.wp.com\/noticiasribeiraopreto.com.br\/wp-content\/uploads\/2025\/07\/violin-standing-sheet-music_2025-01-30_18-26-46_jpg_2025-01-30_18-26-48-1024x683.webp.webp?fit=1024%2C683&ssl=1&resize=350%2C200 1x, https:\/\/i0.wp.com\/noticiasribeiraopreto.com.br\/wp-content\/uploads\/2025\/07\/violin-standing-sheet-music_2025-01-30_18-26-46_jpg_2025-01-30_18-26-48-1024x683.webp.webp?fit=1024%2C683&ssl=1&resize=525%2C300 1.5x, https:\/\/i0.wp.com\/noticiasribeiraopreto.com.br\/wp-content\/uploads\/2025\/07\/violin-standing-sheet-music_2025-01-30_18-26-46_jpg_2025-01-30_18-26-48-1024x683.webp.webp?fit=1024%2C683&ssl=1&resize=700%2C400 2x"},"classes":[]},{"id":63003,"url":"https:\/\/noticiasribeiraopreto.com.br\/index.php\/2025\/01\/30\/usp-ribeirao-oferece-oficinas-gratuitas-de-canto-e-instrumentos-musicais\/","url_meta":{"origin":74578,"position":1},"title":"USP Ribeir\u00e3o oferece oficinas gratuitas de canto e instrumentos musicais","author":"noticiasribeiraopreto.com.br","date":"30 de January de 2025","format":false,"excerpt":"O\u00a0Departamento de M\u00fasica\u00a0da\u00a0Faculdade de Filosofia, Ci\u00eancias e Letras de Ribeir\u00e3o Preto (FFCLRP)\u00a0da\u00a0USP (Universidade de S\u00e3o Paulo), oferece\u00a0oficinas gratuitas\u00a0de canto e instrumentos musicais. As inscri\u00e7\u00f5es come\u00e7am na pr\u00f3xima segunda-feira (3) e seguem at\u00e9 o dia 12 de fevereiro. Os interessados devem se inscrever de forma on-line (clique aqui).\u00a0 As oficinas s\u00e3o\u2026","rel":"","context":"In &quot;Not\u00edcias de Ribeir\u00e3o Preto-SP e Regi\u00e3o&quot;","block_context":{"text":"Not\u00edcias de Ribeir\u00e3o Preto-SP e Regi\u00e3o","link":"https:\/\/noticiasribeiraopreto.com.br\/index.php\/category\/noticias-de-ribeirao-preto-sp-e-regiao-ismael-colosi\/"},"img":{"alt_text":"","src":"https:\/\/i0.wp.com\/noticiasribeiraopreto.com.br\/wp-content\/uploads\/2025\/01\/violin-standing-sheet-music_2025-01-30_18-26-46_jpg_2025-01-30_18-26-48-scaled.webp.webp?fit=1200%2C800&ssl=1&resize=350%2C200","width":350,"height":200,"srcset":"https:\/\/i0.wp.com\/noticiasribeiraopreto.com.br\/wp-content\/uploads\/2025\/01\/violin-standing-sheet-music_2025-01-30_18-26-46_jpg_2025-01-30_18-26-48-scaled.webp.webp?fit=1200%2C800&ssl=1&resize=350%2C200 1x, https:\/\/i0.wp.com\/noticiasribeiraopreto.com.br\/wp-content\/uploads\/2025\/01\/violin-standing-sheet-music_2025-01-30_18-26-46_jpg_2025-01-30_18-26-48-scaled.webp.webp?fit=1200%2C800&ssl=1&resize=525%2C300 1.5x, https:\/\/i0.wp.com\/noticiasribeiraopreto.com.br\/wp-content\/uploads\/2025\/01\/violin-standing-sheet-music_2025-01-30_18-26-46_jpg_2025-01-30_18-26-48-scaled.webp.webp?fit=1200%2C800&ssl=1&resize=700%2C400 2x, https:\/\/i0.wp.com\/noticiasribeiraopreto.com.br\/wp-content\/uploads\/2025\/01\/violin-standing-sheet-music_2025-01-30_18-26-46_jpg_2025-01-30_18-26-48-scaled.webp.webp?fit=1200%2C800&ssl=1&resize=1050%2C600 3x"},"classes":[]},{"id":34927,"url":"https:\/\/noticiasribeiraopreto.com.br\/index.php\/2024\/02\/04\/usp-oferece-oficinas-gratuitas-de-canto-e-instrumentos-musicais-em-ribeirao-preto\/","url_meta":{"origin":74578,"position":2},"title":"USP oferece oficinas gratuitas de canto e instrumentos musicais em Ribeir\u00e3o Preto","author":"noticiasribeiraopreto.com.br","date":"4 de February de 2024","format":false,"excerpt":"O Departamento de M\u00fasica da Faculdade de Filosofia, Ci\u00eancias e Letras de Ribeir\u00e3o Preto (FFCLRP) da USP (Universidade de S\u00e3o Paulo), est\u00e1 com inscri\u00e7\u00f5es abertas para oficinas gratuitas de canto e instrumentos musicais. Os interessados devem se inscrever de forma on-line (clique aqui), at\u00e9 \u00e0s 16h do dia 16 de\u2026","rel":"","context":"In &quot;Not\u00edcias de Ribeir\u00e3o Preto-SP e Regi\u00e3o&quot;","block_context":{"text":"Not\u00edcias de Ribeir\u00e3o Preto-SP e Regi\u00e3o","link":"https:\/\/noticiasribeiraopreto.com.br\/index.php\/category\/noticias-de-ribeirao-preto-sp-e-regiao-ismael-colosi\/"},"img":{"alt_text":"","src":"https:\/\/i0.wp.com\/noticiasribeiraopreto.com.br\/wp-content\/uploads\/2024\/02\/piano-1655558_1920.jpg?fit=1200%2C800&ssl=1&resize=350%2C200","width":350,"height":200,"srcset":"https:\/\/i0.wp.com\/noticiasribeiraopreto.com.br\/wp-content\/uploads\/2024\/02\/piano-1655558_1920.jpg?fit=1200%2C800&ssl=1&resize=350%2C200 1x, https:\/\/i0.wp.com\/noticiasribeiraopreto.com.br\/wp-content\/uploads\/2024\/02\/piano-1655558_1920.jpg?fit=1200%2C800&ssl=1&resize=525%2C300 1.5x, https:\/\/i0.wp.com\/noticiasribeiraopreto.com.br\/wp-content\/uploads\/2024\/02\/piano-1655558_1920.jpg?fit=1200%2C800&ssl=1&resize=700%2C400 2x, https:\/\/i0.wp.com\/noticiasribeiraopreto.com.br\/wp-content\/uploads\/2024\/02\/piano-1655558_1920.jpg?fit=1200%2C800&ssl=1&resize=1050%2C600 3x"},"classes":[]},{"id":30117,"url":"https:\/\/noticiasribeiraopreto.com.br\/index.php\/2024\/01\/20\/banda-da-regiao-de-ribeirao-abre-inscricoes-para-aulas-de-instrumentos\/","url_meta":{"origin":74578,"position":3},"title":"Banda da regi\u00e3o de Ribeir\u00e3o abre inscri\u00e7\u00f5es para aulas de instrumentos","author":"noticiasribeiraopreto.com.br","date":"20 de January de 2024","format":false,"excerpt":"A Banda Marcial da Juventude de Sert\u00e3ozinho vai abrir inscri\u00e7\u00f5es, a partir da segunda-feira (22), para aulas de percuss\u00e3o sinf\u00f4nica, canto coral, dan\u00e7a e instrumentos de sopro (trompete, trombone, tuba, trompa e trombone). A banda oferece aulas de instrumentos musicais, canto coral e dan\u00e7a para pessoas a partir de 10\u2026","rel":"","context":"In &quot;Not\u00edcias de Ribeir\u00e3o Preto-SP e Regi\u00e3o&quot;","block_context":{"text":"Not\u00edcias de Ribeir\u00e3o Preto-SP e Regi\u00e3o","link":"https:\/\/noticiasribeiraopreto.com.br\/index.php\/category\/noticias-de-ribeirao-preto-sp-e-regiao-ismael-colosi\/"},"img":{"alt_text":"","src":"https:\/\/i0.wp.com\/noticiasribeiraopreto.com.br\/wp-content\/uploads\/2024\/01\/thumbnail_IMG_1471.jpg?fit=1200%2C800&ssl=1&resize=350%2C200","width":350,"height":200,"srcset":"https:\/\/i0.wp.com\/noticiasribeiraopreto.com.br\/wp-content\/uploads\/2024\/01\/thumbnail_IMG_1471.jpg?fit=1200%2C800&ssl=1&resize=350%2C200 1x, https:\/\/i0.wp.com\/noticiasribeiraopreto.com.br\/wp-content\/uploads\/2024\/01\/thumbnail_IMG_1471.jpg?fit=1200%2C800&ssl=1&resize=525%2C300 1.5x, https:\/\/i0.wp.com\/noticiasribeiraopreto.com.br\/wp-content\/uploads\/2024\/01\/thumbnail_IMG_1471.jpg?fit=1200%2C800&ssl=1&resize=700%2C400 2x, https:\/\/i0.wp.com\/noticiasribeiraopreto.com.br\/wp-content\/uploads\/2024\/01\/thumbnail_IMG_1471.jpg?fit=1200%2C800&ssl=1&resize=1050%2C600 3x"},"classes":[]},{"id":63863,"url":"https:\/\/noticiasribeiraopreto.com.br\/index.php\/2025\/02\/24\/ribeirao-preto-recebe-oficinas-gratuitas-de-maracatu-veja-como-participar\/","url_meta":{"origin":74578,"position":4},"title":"Ribeir\u00e3o Preto recebe oficinas gratuitas de Maracatu; veja como participar","author":"noticiasribeiraopreto.com.br","date":"24 de February de 2025","format":false,"excerpt":"Ribeir\u00e3o Preto recebe nos pr\u00f3ximos dias 9 de mar\u00e7o, 4 e 13 de abril oficinas gratuitas de Maracatu, do projeto Circuito de Oficinas e Viv\u00eancias de Maracatu de Baque Virado. As oficinas ser\u00e3o ministradas em locais perif\u00e9ricos da cidade. O Maracatu \u00e9 uma manifesta\u00e7\u00e3o cultural que integra m\u00fasica, dan\u00e7a e\u2026","rel":"","context":"In &quot;Not\u00edcias de Ribeir\u00e3o Preto-SP e Regi\u00e3o&quot;","block_context":{"text":"Not\u00edcias de Ribeir\u00e3o Preto-SP e Regi\u00e3o","link":"https:\/\/noticiasribeiraopreto.com.br\/index.php\/category\/noticias-de-ribeirao-preto-sp-e-regiao-ismael-colosi\/"},"img":{"alt_text":"","src":"https:\/\/i0.wp.com\/noticiasribeiraopreto.com.br\/wp-content\/uploads\/2025\/02\/Copia-de-Copia-de-Copia-de-TAMANHO-EXATO-PARA-FOTOS-NO-SISTEMA-NOVO-8_2025-02-24_14-28-59_jpg_2025-02-24_14-28-59.webp.webp?fit=1200%2C675&ssl=1&resize=350%2C200","width":350,"height":200,"srcset":"https:\/\/i0.wp.com\/noticiasribeiraopreto.com.br\/wp-content\/uploads\/2025\/02\/Copia-de-Copia-de-Copia-de-TAMANHO-EXATO-PARA-FOTOS-NO-SISTEMA-NOVO-8_2025-02-24_14-28-59_jpg_2025-02-24_14-28-59.webp.webp?fit=1200%2C675&ssl=1&resize=350%2C200 1x, https:\/\/i0.wp.com\/noticiasribeiraopreto.com.br\/wp-content\/uploads\/2025\/02\/Copia-de-Copia-de-Copia-de-TAMANHO-EXATO-PARA-FOTOS-NO-SISTEMA-NOVO-8_2025-02-24_14-28-59_jpg_2025-02-24_14-28-59.webp.webp?fit=1200%2C675&ssl=1&resize=525%2C300 1.5x, https:\/\/i0.wp.com\/noticiasribeiraopreto.com.br\/wp-content\/uploads\/2025\/02\/Copia-de-Copia-de-Copia-de-TAMANHO-EXATO-PARA-FOTOS-NO-SISTEMA-NOVO-8_2025-02-24_14-28-59_jpg_2025-02-24_14-28-59.webp.webp?fit=1200%2C675&ssl=1&resize=700%2C400 2x, https:\/\/i0.wp.com\/noticiasribeiraopreto.com.br\/wp-content\/uploads\/2025\/02\/Copia-de-Copia-de-Copia-de-TAMANHO-EXATO-PARA-FOTOS-NO-SISTEMA-NOVO-8_2025-02-24_14-28-59_jpg_2025-02-24_14-28-59.webp.webp?fit=1200%2C675&ssl=1&resize=1050%2C600 3x"},"classes":[]},{"id":52697,"url":"https:\/\/noticiasribeiraopreto.com.br\/index.php\/2024\/06\/11\/danca-musica-e-teatro-projeto-abre-200-novas-vagas-para-oficinas-em-ribeirao-preto\/","url_meta":{"origin":74578,"position":5},"title":"Dan\u00e7a, m\u00fasica e teatro: Projeto abre 200 novas vagas para oficinas em Ribeir\u00e3o Preto","author":"noticiasribeiraopreto.com.br","date":"11 de June de 2024","format":false,"excerpt":"O projeto cultural Saci Perer\u00ea abriu 200 novas vagas para interessados em participar de oficinas de artes c\u00eanicas e circenses, ballet, dan\u00e7as afro e de sal\u00e3o, piano e viol\u00e3o, em Ribeir\u00e3o Preto. O projeto tem o intuito de promover inclus\u00e3o cultural e art\u00edstica, atrav\u00e9s de oficinas gratuitas em v\u00e1rias modalidades,\u2026","rel":"","context":"In &quot;Not\u00edcias de Ribeir\u00e3o Preto-SP e Regi\u00e3o&quot;","block_context":{"text":"Not\u00edcias de Ribeir\u00e3o Preto-SP e Regi\u00e3o","link":"https:\/\/noticiasribeiraopreto.com.br\/index.php\/category\/noticias-de-ribeirao-preto-sp-e-regiao-ismael-colosi\/"},"img":{"alt_text":"","src":"https:\/\/i0.wp.com\/noticiasribeiraopreto.com.br\/wp-content\/uploads\/2024\/06\/voltaaulas_saciperere_1_2024-06-11_17-54-18_jpeg_2024-06-11_17-54-18.webp.webp?fit=847%2C560&ssl=1&resize=350%2C200","width":350,"height":200,"srcset":"https:\/\/i0.wp.com\/noticiasribeiraopreto.com.br\/wp-content\/uploads\/2024\/06\/voltaaulas_saciperere_1_2024-06-11_17-54-18_jpeg_2024-06-11_17-54-18.webp.webp?fit=847%2C560&ssl=1&resize=350%2C200 1x, https:\/\/i0.wp.com\/noticiasribeiraopreto.com.br\/wp-content\/uploads\/2024\/06\/voltaaulas_saciperere_1_2024-06-11_17-54-18_jpeg_2024-06-11_17-54-18.webp.webp?fit=847%2C560&ssl=1&resize=525%2C300 1.5x, https:\/\/i0.wp.com\/noticiasribeiraopreto.com.br\/wp-content\/uploads\/2024\/06\/voltaaulas_saciperere_1_2024-06-11_17-54-18_jpeg_2024-06-11_17-54-18.webp.webp?fit=847%2C560&ssl=1&resize=700%2C400 2x"},"classes":[]}],"jetpack_sharing_enabled":true,"jetpack_shortlink":"https:\/\/wp.me\/peQAOb-joS","_links":{"self":[{"href":"https:\/\/noticiasribeiraopreto.com.br\/index.php\/wp-json\/wp\/v2\/posts\/74578","targetHints":{"allow":["GET"]}}],"collection":[{"href":"https:\/\/noticiasribeiraopreto.com.br\/index.php\/wp-json\/wp\/v2\/posts"}],"about":[{"href":"https:\/\/noticiasribeiraopreto.com.br\/index.php\/wp-json\/wp\/v2\/types\/post"}],"author":[{"embeddable":true,"href":"https:\/\/noticiasribeiraopreto.com.br\/index.php\/wp-json\/wp\/v2\/users\/1"}],"replies":[{"embeddable":true,"href":"https:\/\/noticiasribeiraopreto.com.br\/index.php\/wp-json\/wp\/v2\/comments?post=74578"}],"version-history":[{"count":0,"href":"https:\/\/noticiasribeiraopreto.com.br\/index.php\/wp-json\/wp\/v2\/posts\/74578\/revisions"}],"wp:featuredmedia":[{"embeddable":true,"href":"https:\/\/noticiasribeiraopreto.com.br\/index.php\/wp-json\/wp\/v2\/media\/74552"}],"wp:attachment":[{"href":"https:\/\/noticiasribeiraopreto.com.br\/index.php\/wp-json\/wp\/v2\/media?parent=74578"}],"wp:term":[{"taxonomy":"category","embeddable":true,"href":"https:\/\/noticiasribeiraopreto.com.br\/index.php\/wp-json\/wp\/v2\/categories?post=74578"},{"taxonomy":"post_tag","embeddable":true,"href":"https:\/\/noticiasribeiraopreto.com.br\/index.php\/wp-json\/wp\/v2\/tags?post=74578"}],"curies":[{"name":"wp","href":"https:\/\/api.w.org\/{rel}","templated":true}]}}