{"id":74581,"date":"2025-07-24T21:32:50","date_gmt":"2025-07-25T00:32:50","guid":{"rendered":"https:\/\/noticiasribeiraopreto.com.br\/index.php\/2025\/07\/24\/botafogo-soma-mais-uma-derrota-e-assume-a-lanterna-da-serie-b\/"},"modified":"2025-07-24T21:32:50","modified_gmt":"2025-07-25T00:32:50","slug":"botafogo-soma-mais-uma-derrota-e-assume-a-lanterna-da-serie-b","status":"publish","type":"post","link":"https:\/\/noticiasribeiraopreto.com.br\/index.php\/2025\/07\/24\/botafogo-soma-mais-uma-derrota-e-assume-a-lanterna-da-serie-b\/","title":{"rendered":"Botafogo soma mais uma derrota e assume a lanterna da S\u00e9rie B"},"content":{"rendered":"<div class='code-block code-block-1' style='margin: 8px 0 8px auto; text-align: right; display: block; clear: both;'>\n<p><a href=\"https:\/\/wa.link\/vpicfd\"><img data-recalc-dims=\"1\" class=\"wp-image-4922\" style=\"aspect-ratio: 2.0253164556962027; width: 561px; height: auto;\" src=\"https:\/\/i0.wp.com\/ismaelcolosi.com.br\/wp-content\/uploads\/2023\/11\/grupo-de-empregos-whatsapp-e-facebook-ismael-colosi-vagas.jpg?ssl=1\" alt=\"\" \/><\/a><\/p>\n<!-- \/wp:image -->\n<\/div>\n<p> <br \/>\n<\/p>\n<div data-td-block-uid=\"tdi_95\">\n<div class=\"tdb-block-inner td-fix-index\">\n<p>O <strong>Botafogo foi derrotado por<\/strong> <strong>2 a 0 pelo Crici\u00fama <\/strong>na noite desta quinta-feira (24), no Est\u00e1dio Santa Cruz, em Ribeir\u00e3o Preto, pela 18\u00aa rodada do Campeonato Brasileiro da S\u00e9rie B. Com o resultado, o <strong>Pantera caiu para a \u00faltima coloca\u00e7\u00e3o da tabela,<\/strong> com 18 pontos.<\/p>\n<p><strong>Os gols do Tigre foram marcados pelo atacante Diego Gon\u00e7alves<\/strong>, camisa 77, que aplicou a conhecida<strong> \u201clei do ex\u201d<\/strong>. O jogador integrou o elenco do Botafogo na temporada de 2019 e voltou a balan\u00e7ar as redes em Ribeir\u00e3o Preto, desta vez como advers\u00e1rio.<\/p>\n<figure class=\"wp-block-gallery has-nested-images columns-default is-cropped wp-block-gallery-1 is-layout-flex wp-block-gallery-is-layout-flex\">\n<figure class=\"wp-block-image size-large\"><img data-recalc-dims=\"1\" fetchpriority=\"high\" decoding=\"async\" width=\"1024\" height=\"683\" data-id=\"123733\" src=\"https:\/\/i0.wp.com\/cdn.media-acidadeon.com.br\/ribeiraopreto\/wp-content\/uploads\/sites\/3\/2025\/07\/WhatsApp-Image-2025-07-24-at-20.01.26_2025-07-24_23-52-33-1024x683.webp?resize=1024%2C683&#038;ssl=1\" alt=\"\" class=\"wp-image-123733\" srcset=\"https:\/\/cdn.media-acidadeon.com.br\/ribeiraopreto\/wp-content\/uploads\/sites\/3\/2025\/07\/WhatsApp-Image-2025-07-24-at-20.01.26_2025-07-24_23-52-33-1024x683.webp 1024w, https:\/\/cdn.media-acidadeon.com.br\/ribeiraopreto\/wp-content\/uploads\/sites\/3\/2025\/07\/WhatsApp-Image-2025-07-24-at-20.01.26_2025-07-24_23-52-33-300x200.webp 300w, https:\/\/cdn.media-acidadeon.com.br\/ribeiraopreto\/wp-content\/uploads\/sites\/3\/2025\/07\/WhatsApp-Image-2025-07-24-at-20.01.26_2025-07-24_23-52-33-768x512.webp 768w, https:\/\/cdn.media-acidadeon.com.br\/ribeiraopreto\/wp-content\/uploads\/sites\/3\/2025\/07\/WhatsApp-Image-2025-07-24-at-20.01.26_2025-07-24_23-52-33-696x464.webp 696w, https:\/\/cdn.media-acidadeon.com.br\/ribeiraopreto\/wp-content\/uploads\/sites\/3\/2025\/07\/WhatsApp-Image-2025-07-24-at-20.01.26_2025-07-24_23-52-33-1068x712.webp 1068w, https:\/\/cdn.media-acidadeon.com.br\/ribeiraopreto\/wp-content\/uploads\/sites\/3\/2025\/07\/WhatsApp-Image-2025-07-24-at-20.01.26_2025-07-24_23-52-33.webp 1200w\" sizes=\"(max-width: 1024px) 100vw, 1024px\"\/><figcaption class=\"wp-element-caption\">Jo\u00e3o Victor Menezes de Souza\/Ag\u00eancia Botafogo<\/figcaption><\/figure>\n<figure class=\"wp-block-image size-large\"><img data-recalc-dims=\"1\" loading=\"lazy\" decoding=\"async\" width=\"1024\" height=\"683\" data-id=\"123734\" src=\"https:\/\/i0.wp.com\/cdn.media-acidadeon.com.br\/ribeiraopreto\/wp-content\/uploads\/sites\/3\/2025\/07\/WhatsApp-Image-2025-07-24-at-20.01.27-1_2025-07-24_23-52-33-1024x683.webp?resize=1024%2C683&#038;ssl=1\" alt=\"\" class=\"wp-image-123734\" srcset=\"https:\/\/cdn.media-acidadeon.com.br\/ribeiraopreto\/wp-content\/uploads\/sites\/3\/2025\/07\/WhatsApp-Image-2025-07-24-at-20.01.27-1_2025-07-24_23-52-33-1024x683.webp 1024w, https:\/\/cdn.media-acidadeon.com.br\/ribeiraopreto\/wp-content\/uploads\/sites\/3\/2025\/07\/WhatsApp-Image-2025-07-24-at-20.01.27-1_2025-07-24_23-52-33-300x200.webp 300w, https:\/\/cdn.media-acidadeon.com.br\/ribeiraopreto\/wp-content\/uploads\/sites\/3\/2025\/07\/WhatsApp-Image-2025-07-24-at-20.01.27-1_2025-07-24_23-52-33-768x512.webp 768w, https:\/\/cdn.media-acidadeon.com.br\/ribeiraopreto\/wp-content\/uploads\/sites\/3\/2025\/07\/WhatsApp-Image-2025-07-24-at-20.01.27-1_2025-07-24_23-52-33-696x464.webp 696w, https:\/\/cdn.media-acidadeon.com.br\/ribeiraopreto\/wp-content\/uploads\/sites\/3\/2025\/07\/WhatsApp-Image-2025-07-24-at-20.01.27-1_2025-07-24_23-52-33-1068x712.webp 1068w, https:\/\/cdn.media-acidadeon.com.br\/ribeiraopreto\/wp-content\/uploads\/sites\/3\/2025\/07\/WhatsApp-Image-2025-07-24-at-20.01.27-1_2025-07-24_23-52-33.webp 1200w\" sizes=\"auto, (max-width: 1024px) 100vw, 1024px\"\/><figcaption class=\"wp-element-caption\">Jo\u00e3o Victor Menezes de Souza\/Ag\u00eancia Botafogo<\/figcaption><\/figure>\n<\/figure>\n<h3 class=\"wp-block-heading\"><strong>Pr\u00f3ximos jogos<\/strong><\/h3>\n<p>Na pr\u00f3xima segunda-feira (28), o Botafogo volta a campo contra o Ava\u00ed, fora de casa, \u00e0s 19h. J\u00e1 o Crici\u00fama recebe o Cuiab\u00e1 na ter\u00e7a-feira (29), \u00e0s 20h30, no Est\u00e1dio Heriberto H\u00fclse.<\/p>\n<hr class=\"wp-block-separator has-alpha-channel-opacity\"\/>\n<p>SAIBA MAIS<\/p>\n<p>Interior de SP recebe alerta da Defesa Civil para alto risco de queimadas; Veja regi\u00f5es<\/p>\n<h4 class=\"wp-block-heading\"><strong>FIQUE ON<\/strong><\/h4>\n<p>Quer ficar por dentro de tudo que acontece em Ribeir\u00e3o Preto e regi\u00e3o? Ent\u00e3o siga os perfis do\u202facidade on\u202fno\u202f<a href=\"https:\/\/www.instagram.com\/acidadeonribeirao\" target=\"_blank\" rel=\"noreferrer noopener\">Instagram<\/a>\u202fe no\u202f<a href=\"https:\/\/www.facebook.com\/acidadeonribeirao\/\" target=\"_blank\" rel=\"noreferrer noopener\">Facebook<\/a>.<\/p>\n<p>Al\u00e9m disso, voc\u00ea pode receber as principais not\u00edcias diretamente no WhatsApp. Para isso, basta\u00a0<a href=\"https:\/\/chat.whatsapp.com\/BjKQZ9oJwlz8VVT50NuePq\" target=\"_blank\" rel=\"noreferrer noopener\">entrar no grupo clicando aqui<\/a>.<\/p>\n<p>Por fim, se quiser fazer uma den\u00fancia ou sugerir uma reportagem sobre Ribeir\u00e3o Preto e regi\u00e3o, envie uma mensagem pelo WhatsApp: (16) 99117-7802.<\/p>\n<p>VEJA TAMB\u00c9M<\/p>\n<p>Quem estava no avi\u00e3o que caiu na It\u00e1lia?<\/p>\n<p><!-- AI CONTENT END 1 -->\n<\/div>\n<\/div>\n<p><script async src=\"\/\/www.instagram.com\/embed.js\"><\/script><br \/>\n<br \/><br \/>\n<br \/><a href=\"https:\/\/www.acidadeon.com\/ribeiraopreto\/esportes\/botafogo-soma-mais-uma-derrota-e-assume-a-lanterna-da-serie-b\/\">Source link <\/a><\/p>\n<!-- CONTENT END 1 -->\n","protected":false},"excerpt":{"rendered":"<p>O Botafogo foi derrotado por 2 a 0 pelo Crici\u00fama na noite desta quinta-feira (24), no Est\u00e1dio Santa Cruz, em Ribeir\u00e3o Preto, pela 18\u00aa rodada&#8230;<\/p>\n","protected":false},"author":1,"featured_media":74582,"comment_status":"open","ping_status":"open","sticky":false,"template":"","format":"standard","meta":{"advanced_seo_description":"","jetpack_seo_html_title":"","jetpack_seo_noindex":false,"jetpack_post_was_ever_published":false,"_jetpack_newsletter_access":"","_jetpack_dont_email_post_to_subs":false,"_jetpack_newsletter_tier_id":0,"_jetpack_memberships_contains_paywalled_content":false,"_jetpack_memberships_contains_paid_content":false,"footnotes":"","jetpack_publicize_message":"","jetpack_publicize_feature_enabled":true,"jetpack_social_post_already_shared":true,"jetpack_social_options":{"image_generator_settings":{"template":"highway","default_image_id":0,"font":"","enabled":false},"version":2}},"categories":[11],"tags":[],"class_list":["post-74581","post","type-post","status-publish","format-standard","has-post-thumbnail","hentry","category-noticias-de-ribeirao-preto-sp-e-regiao-ismael-colosi"],"jetpack_publicize_connections":[],"jetpack_featured_media_url":"https:\/\/i0.wp.com\/noticiasribeiraopreto.com.br\/wp-content\/uploads\/2025\/07\/Copia-de-Copia-de-Copia-de-TAMANHO-EXATO-PARA-FOTOS-NO-SISTEMA-NOVO-2025-07-24T205932.261_2025-07-24_23-59-40.webp.webp?fit=1200%2C675&ssl=1","jetpack-related-posts":[{"id":60400,"url":"https:\/\/noticiasribeiraopreto.com.br\/index.php\/2024\/11\/12\/serie-b-botafogo-e-goleado-pelo-ceara-em-ribeirao-preto\/","url_meta":{"origin":74581,"position":0},"title":"S\u00e9rie B: Botafogo \u00e9 goleado pelo Cear\u00e1 em Ribeir\u00e3o Preto","author":"noticiasribeiraopreto.com.br","date":"12 de November de 2024","format":false,"excerpt":"O Botafogo foi goleado por 4 a 1 pelo Cear\u00e1 na noite desta ter\u00e7a-feira (12), na Arena Nicnet\/est\u00e1dio Santa Cruz, em Ribeir\u00e3o Preto. A partida foi v\u00e1lida pela 36\u00aa rodada do Campeonato Brasileiro da S\u00e9rie B. Os gols do Cear\u00e1 na partida foram marcados por Saulo Mineiro, aos 38 minutos\u2026","rel":"","context":"In &quot;Not\u00edcias de Ribeir\u00e3o Preto-SP e Regi\u00e3o&quot;","block_context":{"text":"Not\u00edcias de Ribeir\u00e3o Preto-SP e Regi\u00e3o","link":"https:\/\/noticiasribeiraopreto.com.br\/index.php\/category\/noticias-de-ribeirao-preto-sp-e-regiao-ismael-colosi\/"},"img":{"alt_text":"","src":"https:\/\/i0.wp.com\/noticiasribeiraopreto.com.br\/wp-content\/uploads\/2024\/11\/botafogo-ceara_2024-11-13_02-27-43_jpeg_2024-11-13_02-27-43.webp.webp?fit=1200%2C800&ssl=1&resize=350%2C200","width":350,"height":200,"srcset":"https:\/\/i0.wp.com\/noticiasribeiraopreto.com.br\/wp-content\/uploads\/2024\/11\/botafogo-ceara_2024-11-13_02-27-43_jpeg_2024-11-13_02-27-43.webp.webp?fit=1200%2C800&ssl=1&resize=350%2C200 1x, https:\/\/i0.wp.com\/noticiasribeiraopreto.com.br\/wp-content\/uploads\/2024\/11\/botafogo-ceara_2024-11-13_02-27-43_jpeg_2024-11-13_02-27-43.webp.webp?fit=1200%2C800&ssl=1&resize=525%2C300 1.5x, https:\/\/i0.wp.com\/noticiasribeiraopreto.com.br\/wp-content\/uploads\/2024\/11\/botafogo-ceara_2024-11-13_02-27-43_jpeg_2024-11-13_02-27-43.webp.webp?fit=1200%2C800&ssl=1&resize=700%2C400 2x, https:\/\/i0.wp.com\/noticiasribeiraopreto.com.br\/wp-content\/uploads\/2024\/11\/botafogo-ceara_2024-11-13_02-27-43_jpeg_2024-11-13_02-27-43.webp.webp?fit=1200%2C800&ssl=1&resize=1050%2C600 3x"},"classes":[]},{"id":72775,"url":"https:\/\/noticiasribeiraopreto.com.br\/index.php\/2025\/06\/20\/botafogo-vence-chapecoense-e-deixa-a-zona-de-rebaixamento-na-serie-b\/","url_meta":{"origin":74581,"position":1},"title":"Botafogo vence Chapecoense e deixa a zona de rebaixamento na S\u00e9rie B","author":"noticiasribeiraopreto.com.br","date":"20 de June de 2025","format":false,"excerpt":"O Botafogo venceu por 1 a 0 a Chapecoense, durante partida realizada na noite desta sexta-feira (20), no Est\u00e1dio Santa Cruz Arena Nicnet, em Ribeir\u00e3o Preto, pela 13\u00aa rodada da S\u00e9rie B do Campeonato Brasileiro. O \u00fanico gol da partida foi marcado j\u00e1 na reta final, aos 49 minutos do\u2026","rel":"","context":"In &quot;Not\u00edcias de Ribeir\u00e3o Preto-SP e Regi\u00e3o&quot;","block_context":{"text":"Not\u00edcias de Ribeir\u00e3o Preto-SP e Regi\u00e3o","link":"https:\/\/noticiasribeiraopreto.com.br\/index.php\/category\/noticias-de-ribeirao-preto-sp-e-regiao-ismael-colosi\/"},"img":{"alt_text":"","src":"https:\/\/i0.wp.com\/noticiasribeiraopreto.com.br\/wp-content\/uploads\/2025\/06\/WhatsApp-Image-2025-06-20-at-20.03.38_2025-06-21_00-13-18.webp.webp?fit=1200%2C800&ssl=1&resize=350%2C200","width":350,"height":200,"srcset":"https:\/\/i0.wp.com\/noticiasribeiraopreto.com.br\/wp-content\/uploads\/2025\/06\/WhatsApp-Image-2025-06-20-at-20.03.38_2025-06-21_00-13-18.webp.webp?fit=1200%2C800&ssl=1&resize=350%2C200 1x, https:\/\/i0.wp.com\/noticiasribeiraopreto.com.br\/wp-content\/uploads\/2025\/06\/WhatsApp-Image-2025-06-20-at-20.03.38_2025-06-21_00-13-18.webp.webp?fit=1200%2C800&ssl=1&resize=525%2C300 1.5x, https:\/\/i0.wp.com\/noticiasribeiraopreto.com.br\/wp-content\/uploads\/2025\/06\/WhatsApp-Image-2025-06-20-at-20.03.38_2025-06-21_00-13-18.webp.webp?fit=1200%2C800&ssl=1&resize=700%2C400 2x, https:\/\/i0.wp.com\/noticiasribeiraopreto.com.br\/wp-content\/uploads\/2025\/06\/WhatsApp-Image-2025-06-20-at-20.03.38_2025-06-21_00-13-18.webp.webp?fit=1200%2C800&ssl=1&resize=1050%2C600 3x"},"classes":[]},{"id":70801,"url":"https:\/\/noticiasribeiraopreto.com.br\/index.php\/2025\/05\/30\/botafogo-empata-com-a-ferroviaria-em-classico-regional-pela-serie-b\/","url_meta":{"origin":74581,"position":2},"title":"Botafogo empata com a Ferrovi\u00e1ria em cl\u00e1ssico regional pela S\u00e9rie B","author":"noticiasribeiraopreto.com.br","date":"30 de May de 2025","format":false,"excerpt":"Botafogo e Ferrovi\u00e1ria ficaram no empate por 1 a 1\u00a0na noite desta quinta-feira (29), em confronto v\u00e1lida pela 10\u00aa rodada da S\u00e9rie B do Campeonato Brasileiro. A partida foi realizada na Arena da Fonte Luminosa, em Araraquara, e marcou mais um cap\u00edtulo do cl\u00e1ssico regional entre as equipes paulistas. Com\u2026","rel":"","context":"In &quot;Not\u00edcias de Ribeir\u00e3o Preto-SP e Regi\u00e3o&quot;","block_context":{"text":"Not\u00edcias de Ribeir\u00e3o Preto-SP e Regi\u00e3o","link":"https:\/\/noticiasribeiraopreto.com.br\/index.php\/category\/noticias-de-ribeirao-preto-sp-e-regiao-ismael-colosi\/"},"img":{"alt_text":"","src":"https:\/\/i0.wp.com\/noticiasribeiraopreto.com.br\/wp-content\/uploads\/2025\/05\/8d8a7561-771a-4ca4-9815-063549f47fac_2025-05-30_02-26-55.webp.webp?fit=1200%2C725&ssl=1&resize=350%2C200","width":350,"height":200,"srcset":"https:\/\/i0.wp.com\/noticiasribeiraopreto.com.br\/wp-content\/uploads\/2025\/05\/8d8a7561-771a-4ca4-9815-063549f47fac_2025-05-30_02-26-55.webp.webp?fit=1200%2C725&ssl=1&resize=350%2C200 1x, https:\/\/i0.wp.com\/noticiasribeiraopreto.com.br\/wp-content\/uploads\/2025\/05\/8d8a7561-771a-4ca4-9815-063549f47fac_2025-05-30_02-26-55.webp.webp?fit=1200%2C725&ssl=1&resize=525%2C300 1.5x, https:\/\/i0.wp.com\/noticiasribeiraopreto.com.br\/wp-content\/uploads\/2025\/05\/8d8a7561-771a-4ca4-9815-063549f47fac_2025-05-30_02-26-55.webp.webp?fit=1200%2C725&ssl=1&resize=700%2C400 2x, https:\/\/i0.wp.com\/noticiasribeiraopreto.com.br\/wp-content\/uploads\/2025\/05\/8d8a7561-771a-4ca4-9815-063549f47fac_2025-05-30_02-26-55.webp.webp?fit=1200%2C725&ssl=1&resize=1050%2C600 3x"},"classes":[]},{"id":76269,"url":"https:\/\/noticiasribeiraopreto.com.br\/index.php\/2025\/08\/25\/botafogo-vence-o-vila-nova-e-deixa-a-zona-de-rebaixamento-da-serie-b\/","url_meta":{"origin":74581,"position":3},"title":"Botafogo vence o Vila Nova e deixa a zona de rebaixamento da S\u00e9rie B","author":"noticiasribeiraopreto.com.br","date":"25 de August de 2025","format":false,"excerpt":"O Botafogo derrotou o Vila Nova por 2 a 0, na noite desta segunda-feira (25), no est\u00e1dio Santa Cruz, em Ribeir\u00e3o Preto, pela S\u00e9rie B do Campeonato Brasileiro. Com a vit\u00f3ria, o Pantera sobe para a 16\u00aa coloca\u00e7\u00e3o e deixa a zona de rebaixamento. Os gols foram marcados por Marquinho,\u2026","rel":"","context":"In &quot;Not\u00edcias de Ribeir\u00e3o Preto-SP e Regi\u00e3o&quot;","block_context":{"text":"Not\u00edcias de Ribeir\u00e3o Preto-SP e Regi\u00e3o","link":"https:\/\/noticiasribeiraopreto.com.br\/index.php\/category\/noticias-de-ribeirao-preto-sp-e-regiao-ismael-colosi\/"},"img":{"alt_text":"","src":"https:\/\/i0.wp.com\/noticiasribeiraopreto.com.br\/wp-content\/uploads\/2025\/08\/Copia-de-Copia-de-Copia-de-TAMANHO-EXATO-PARA-FOTOS-NO-SISTEMA-NOVO-2025-08-25T204225.095_2025-08-25_23-43-44.webp.webp?fit=1200%2C675&ssl=1&resize=350%2C200","width":350,"height":200,"srcset":"https:\/\/i0.wp.com\/noticiasribeiraopreto.com.br\/wp-content\/uploads\/2025\/08\/Copia-de-Copia-de-Copia-de-TAMANHO-EXATO-PARA-FOTOS-NO-SISTEMA-NOVO-2025-08-25T204225.095_2025-08-25_23-43-44.webp.webp?fit=1200%2C675&ssl=1&resize=350%2C200 1x, https:\/\/i0.wp.com\/noticiasribeiraopreto.com.br\/wp-content\/uploads\/2025\/08\/Copia-de-Copia-de-Copia-de-TAMANHO-EXATO-PARA-FOTOS-NO-SISTEMA-NOVO-2025-08-25T204225.095_2025-08-25_23-43-44.webp.webp?fit=1200%2C675&ssl=1&resize=525%2C300 1.5x, https:\/\/i0.wp.com\/noticiasribeiraopreto.com.br\/wp-content\/uploads\/2025\/08\/Copia-de-Copia-de-Copia-de-TAMANHO-EXATO-PARA-FOTOS-NO-SISTEMA-NOVO-2025-08-25T204225.095_2025-08-25_23-43-44.webp.webp?fit=1200%2C675&ssl=1&resize=700%2C400 2x, https:\/\/i0.wp.com\/noticiasribeiraopreto.com.br\/wp-content\/uploads\/2025\/08\/Copia-de-Copia-de-Copia-de-TAMANHO-EXATO-PARA-FOTOS-NO-SISTEMA-NOVO-2025-08-25T204225.095_2025-08-25_23-43-44.webp.webp?fit=1200%2C675&ssl=1&resize=1050%2C600 3x"},"classes":[]},{"id":56950,"url":"https:\/\/noticiasribeiraopreto.com.br\/index.php\/2024\/08\/18\/em-ribeirao-preto-botafogo-empata-com-o-paysandu-pelo-brasileiro-da-serie-b\/","url_meta":{"origin":74581,"position":4},"title":"Em Ribeir\u00e3o Preto, Botafogo empata com o Paysandu pelo Brasileiro da S\u00e9rie B","author":"noticiasribeiraopreto.com.br","date":"18 de August de 2024","format":false,"excerpt":"O Botafogo empatou em 1 a 1 com o Paysandu na noite deste domingo (18), pela 21\u00aa do Campeonato Brasileiro da S\u00e9rie B. O confronto foi realizado no est\u00e1dio Santa Cruz\/Arena Nicnet, em Ribeir\u00e3o Preto. Os gols O Paysandu abriu o placar aos 13 minutos de partida com Borasi. J\u00e1\u2026","rel":"","context":"In &quot;Not\u00edcias de Ribeir\u00e3o Preto-SP e Regi\u00e3o&quot;","block_context":{"text":"Not\u00edcias de Ribeir\u00e3o Preto-SP e Regi\u00e3o","link":"https:\/\/noticiasribeiraopreto.com.br\/index.php\/category\/noticias-de-ribeirao-preto-sp-e-regiao-ismael-colosi\/"},"img":{"alt_text":"","src":"https:\/\/i0.wp.com\/noticiasribeiraopreto.com.br\/wp-content\/uploads\/2024\/08\/botafogo-paysandu_2024-08-18_23-18-15_jpg_2024-08-18_23-18-16.webp.webp?fit=799%2C533&ssl=1&resize=350%2C200","width":350,"height":200,"srcset":"https:\/\/i0.wp.com\/noticiasribeiraopreto.com.br\/wp-content\/uploads\/2024\/08\/botafogo-paysandu_2024-08-18_23-18-15_jpg_2024-08-18_23-18-16.webp.webp?fit=799%2C533&ssl=1&resize=350%2C200 1x, https:\/\/i0.wp.com\/noticiasribeiraopreto.com.br\/wp-content\/uploads\/2024\/08\/botafogo-paysandu_2024-08-18_23-18-15_jpg_2024-08-18_23-18-16.webp.webp?fit=799%2C533&ssl=1&resize=525%2C300 1.5x, https:\/\/i0.wp.com\/noticiasribeiraopreto.com.br\/wp-content\/uploads\/2024\/08\/botafogo-paysandu_2024-08-18_23-18-15_jpg_2024-08-18_23-18-16.webp.webp?fit=799%2C533&ssl=1&resize=700%2C400 2x"},"classes":[]},{"id":60097,"url":"https:\/\/noticiasribeiraopreto.com.br\/index.php\/2024\/11\/05\/com-gol-nos-acrescimos-botafogo-vence-o-brusque-pela-serie-b\/","url_meta":{"origin":74581,"position":5},"title":"Com gol nos acr\u00e9scimos, Botafogo vence o Brusque pela S\u00e9rie B","author":"noticiasribeiraopreto.com.br","date":"5 de November de 2024","format":false,"excerpt":"O Botafogo venceu o Brusque por 1 a 0 pelo Campeonato Brasileiro da S\u00e9rie B, na noite desta ter\u00e7a-feira (5). A partida foi v\u00e1lida pela 35\u00aa rodada da competi\u00e7\u00e3o nacional e foi disputada no est\u00e1dio Augusto Bauer, em Brusque-SC. O Pantera marcou nos acr\u00e9scimos do segundo tempo com Patrick Brey,\u2026","rel":"","context":"In &quot;Not\u00edcias de Ribeir\u00e3o Preto-SP e Regi\u00e3o&quot;","block_context":{"text":"Not\u00edcias de Ribeir\u00e3o Preto-SP e Regi\u00e3o","link":"https:\/\/noticiasribeiraopreto.com.br\/index.php\/category\/noticias-de-ribeirao-preto-sp-e-regiao-ismael-colosi\/"},"img":{"alt_text":"","src":"https:\/\/i0.wp.com\/noticiasribeiraopreto.com.br\/wp-content\/uploads\/2024\/11\/botafogo-brusque-2_2024-11-06_02-05-37_jpeg_2024-11-06_02-05-37.webp.webp?fit=1200%2C798&ssl=1&resize=350%2C200","width":350,"height":200,"srcset":"https:\/\/i0.wp.com\/noticiasribeiraopreto.com.br\/wp-content\/uploads\/2024\/11\/botafogo-brusque-2_2024-11-06_02-05-37_jpeg_2024-11-06_02-05-37.webp.webp?fit=1200%2C798&ssl=1&resize=350%2C200 1x, https:\/\/i0.wp.com\/noticiasribeiraopreto.com.br\/wp-content\/uploads\/2024\/11\/botafogo-brusque-2_2024-11-06_02-05-37_jpeg_2024-11-06_02-05-37.webp.webp?fit=1200%2C798&ssl=1&resize=525%2C300 1.5x, https:\/\/i0.wp.com\/noticiasribeiraopreto.com.br\/wp-content\/uploads\/2024\/11\/botafogo-brusque-2_2024-11-06_02-05-37_jpeg_2024-11-06_02-05-37.webp.webp?fit=1200%2C798&ssl=1&resize=700%2C400 2x, https:\/\/i0.wp.com\/noticiasribeiraopreto.com.br\/wp-content\/uploads\/2024\/11\/botafogo-brusque-2_2024-11-06_02-05-37_jpeg_2024-11-06_02-05-37.webp.webp?fit=1200%2C798&ssl=1&resize=1050%2C600 3x"},"classes":[]}],"jetpack_sharing_enabled":true,"jetpack_shortlink":"https:\/\/wp.me\/peQAOb-joV","_links":{"self":[{"href":"https:\/\/noticiasribeiraopreto.com.br\/index.php\/wp-json\/wp\/v2\/posts\/74581","targetHints":{"allow":["GET"]}}],"collection":[{"href":"https:\/\/noticiasribeiraopreto.com.br\/index.php\/wp-json\/wp\/v2\/posts"}],"about":[{"href":"https:\/\/noticiasribeiraopreto.com.br\/index.php\/wp-json\/wp\/v2\/types\/post"}],"author":[{"embeddable":true,"href":"https:\/\/noticiasribeiraopreto.com.br\/index.php\/wp-json\/wp\/v2\/users\/1"}],"replies":[{"embeddable":true,"href":"https:\/\/noticiasribeiraopreto.com.br\/index.php\/wp-json\/wp\/v2\/comments?post=74581"}],"version-history":[{"count":0,"href":"https:\/\/noticiasribeiraopreto.com.br\/index.php\/wp-json\/wp\/v2\/posts\/74581\/revisions"}],"wp:featuredmedia":[{"embeddable":true,"href":"https:\/\/noticiasribeiraopreto.com.br\/index.php\/wp-json\/wp\/v2\/media\/74582"}],"wp:attachment":[{"href":"https:\/\/noticiasribeiraopreto.com.br\/index.php\/wp-json\/wp\/v2\/media?parent=74581"}],"wp:term":[{"taxonomy":"category","embeddable":true,"href":"https:\/\/noticiasribeiraopreto.com.br\/index.php\/wp-json\/wp\/v2\/categories?post=74581"},{"taxonomy":"post_tag","embeddable":true,"href":"https:\/\/noticiasribeiraopreto.com.br\/index.php\/wp-json\/wp\/v2\/tags?post=74581"}],"curies":[{"name":"wp","href":"https:\/\/api.w.org\/{rel}","templated":true}]}}