{"id":74583,"date":"2025-07-24T21:39:16","date_gmt":"2025-07-25T00:39:16","guid":{"rendered":"https:\/\/noticiasribeiraopreto.com.br\/index.php\/2025\/07\/24\/obra-emergencial-causa-interdicao-no-centro-de-ribeirao-preto-veja-rota-alternativa\/"},"modified":"2025-07-24T21:39:16","modified_gmt":"2025-07-25T00:39:16","slug":"obra-emergencial-causa-interdicao-no-centro-de-ribeirao-preto-veja-rota-alternativa","status":"publish","type":"post","link":"https:\/\/noticiasribeiraopreto.com.br\/index.php\/2025\/07\/24\/obra-emergencial-causa-interdicao-no-centro-de-ribeirao-preto-veja-rota-alternativa\/","title":{"rendered":"Obra emergencial causa interdi\u00e7\u00e3o no Centro de Ribeir\u00e3o Preto; veja rota alternativa"},"content":{"rendered":"<div class='code-block code-block-1' style='margin: 8px 0 8px auto; text-align: right; display: block; clear: both;'>\n<p><a href=\"https:\/\/wa.link\/vpicfd\"><img data-recalc-dims=\"1\" class=\"wp-image-4922\" style=\"aspect-ratio: 2.0253164556962027; width: 561px; height: auto;\" src=\"https:\/\/i0.wp.com\/ismaelcolosi.com.br\/wp-content\/uploads\/2023\/11\/grupo-de-empregos-whatsapp-e-facebook-ismael-colosi-vagas.jpg?ssl=1\" alt=\"\" \/><\/a><\/p>\n<!-- \/wp:image -->\n<\/div>\n<p> <br \/>\n<\/p>\n<div data-td-block-uid=\"tdi_95\">\n<div class=\"tdb-block-inner td-fix-index\">\n<p>Agentes de Tr\u00e2nsito interditaram, na noite desta quinta-feira (24), o trecho da<strong> rua Campos Sales<\/strong> a partir do cruzamento com a <strong>rua Amador Bueno<\/strong>, no Centro de Ribeir\u00e3o Preto. A<strong> interdi\u00e7\u00e3o total ocorre devido a uma obra emergencia<\/strong>l feita por uma empresa terceirizada da Secretaria Municipal de \u00c1gua e Esgotos (Saerp).<\/p>\n<p>Segundo a RP Mobi, <strong>ainda n\u00e3o h\u00e1 previs\u00e3o para a libera\u00e7\u00e3o da via.<\/strong> O bloqueio afeta o fluxo de ve\u00edculos em dire\u00e7\u00e3o \u00e0 avenida Independ\u00eancia, uma das principais da cidade.<\/p>\n<div class=\"wp-block-image\">\n<figure class=\"aligncenter size-large\"><img data-recalc-dims=\"1\" fetchpriority=\"high\" decoding=\"async\" width=\"1024\" height=\"576\" src=\"https:\/\/i0.wp.com\/cdn.media-acidadeon.com.br\/ribeiraopreto\/wp-content\/uploads\/sites\/3\/2025\/07\/Imagem-do-WhatsApp-de-2025-07-24-as-19.42.57_6c67f5b4_2025-07-24_22-52-15-1024x576.webp?resize=1024%2C576&#038;ssl=1\" alt=\"\" class=\"wp-image-123729\" srcset=\"https:\/\/cdn.media-acidadeon.com.br\/ribeiraopreto\/wp-content\/uploads\/sites\/3\/2025\/07\/Imagem-do-WhatsApp-de-2025-07-24-as-19.42.57_6c67f5b4_2025-07-24_22-52-15-1024x576.webp 1024w, https:\/\/cdn.media-acidadeon.com.br\/ribeiraopreto\/wp-content\/uploads\/sites\/3\/2025\/07\/Imagem-do-WhatsApp-de-2025-07-24-as-19.42.57_6c67f5b4_2025-07-24_22-52-15-300x169.webp 300w, https:\/\/cdn.media-acidadeon.com.br\/ribeiraopreto\/wp-content\/uploads\/sites\/3\/2025\/07\/Imagem-do-WhatsApp-de-2025-07-24-as-19.42.57_6c67f5b4_2025-07-24_22-52-15-768x432.webp 768w, https:\/\/cdn.media-acidadeon.com.br\/ribeiraopreto\/wp-content\/uploads\/sites\/3\/2025\/07\/Imagem-do-WhatsApp-de-2025-07-24-as-19.42.57_6c67f5b4_2025-07-24_22-52-15-696x392.webp 696w, https:\/\/cdn.media-acidadeon.com.br\/ribeiraopreto\/wp-content\/uploads\/sites\/3\/2025\/07\/Imagem-do-WhatsApp-de-2025-07-24-as-19.42.57_6c67f5b4_2025-07-24_22-52-15-1068x601.webp 1068w, https:\/\/cdn.media-acidadeon.com.br\/ribeiraopreto\/wp-content\/uploads\/sites\/3\/2025\/07\/Imagem-do-WhatsApp-de-2025-07-24-as-19.42.57_6c67f5b4_2025-07-24_22-52-15.webp 1200w\" sizes=\"(max-width: 1024px) 100vw, 1024px\"\/><figcaption class=\"wp-element-caption\">Bloqueio no Centro de Ribeir\u00e3o Preto \u2013 Foto: RP Mobi<\/figcaption><\/figure>\n<\/div>\n<p>A RP Mobi orienta que os motoristas utilizem <strong>a rua Lafaiete como rota alternativa <\/strong>enquanto durar a interven\u00e7\u00e3o. Equipes de tr\u00e2nsito est\u00e3o no local para orientar os condutores.<\/p>\n<hr class=\"wp-block-separator has-alpha-channel-opacity\"\/>\n<p>SAIBA MAIS<\/p>\n<p>Interior de SP recebe alerta da Defesa Civil para alto risco de queimadas; Veja regi\u00f5es<\/p>\n<h4 class=\"wp-block-heading\"><strong>FIQUE ON<\/strong><\/h4>\n<p>Quer ficar por dentro de tudo que acontece em Ribeir\u00e3o Preto e regi\u00e3o? Ent\u00e3o siga os perfis do\u202facidade on\u202fno\u202f<a href=\"https:\/\/www.instagram.com\/acidadeonribeirao\" target=\"_blank\" rel=\"noreferrer noopener\">Instagram<\/a>\u202fe no\u202f<a href=\"https:\/\/www.facebook.com\/acidadeonribeirao\/\" target=\"_blank\" rel=\"noreferrer noopener\">Facebook<\/a>.<\/p>\n<p>Al\u00e9m disso, voc\u00ea pode receber as principais not\u00edcias diretamente no WhatsApp. Para isso, basta\u00a0<a href=\"https:\/\/chat.whatsapp.com\/BjKQZ9oJwlz8VVT50NuePq\" target=\"_blank\" rel=\"noreferrer noopener\">entrar no grupo clicando aqui<\/a>.<\/p>\n<p>Por fim, se quiser fazer uma den\u00fancia ou sugerir uma reportagem sobre Ribeir\u00e3o Preto e regi\u00e3o, envie uma mensagem pelo WhatsApp: (16) 99117-7802.<\/p>\n<p>VEJA TAMB\u00c9M<\/p>\n<p>Quem estava no avi\u00e3o que caiu na It\u00e1lia?<\/p>\n<p><!-- AI CONTENT END 1 -->\n<\/div>\n<\/div>\n<p><script async src=\"\/\/www.instagram.com\/embed.js\"><\/script><br \/>\n<br \/><br \/>\n<br \/><a href=\"https:\/\/www.acidadeon.com\/ribeiraopreto\/cotidiano\/obra-emergencial-causa-interdicao-no-centro-de-ribeirao-preto-veja-rota-alternativa\/\">Source link <\/a><\/p>\n<!-- CONTENT END 1 -->\n","protected":false},"excerpt":{"rendered":"<p>Agentes de Tr\u00e2nsito interditaram, na noite desta quinta-feira (24), o trecho da rua Campos Sales a partir do cruzamento com a rua Amador Bueno, no&#8230;<\/p>\n","protected":false},"author":1,"featured_media":74584,"comment_status":"open","ping_status":"open","sticky":false,"template":"","format":"standard","meta":{"advanced_seo_description":"","jetpack_seo_html_title":"","jetpack_seo_noindex":false,"jetpack_post_was_ever_published":false,"_jetpack_newsletter_access":"","_jetpack_dont_email_post_to_subs":false,"_jetpack_newsletter_tier_id":0,"_jetpack_memberships_contains_paywalled_content":false,"_jetpack_memberships_contains_paid_content":false,"footnotes":"","jetpack_publicize_message":"","jetpack_publicize_feature_enabled":true,"jetpack_social_post_already_shared":true,"jetpack_social_options":{"image_generator_settings":{"template":"highway","default_image_id":0,"font":"","enabled":false},"version":2}},"categories":[11],"tags":[],"class_list":["post-74583","post","type-post","status-publish","format-standard","has-post-thumbnail","hentry","category-noticias-de-ribeirao-preto-sp-e-regiao-ismael-colosi"],"jetpack_publicize_connections":[],"jetpack_featured_media_url":"https:\/\/i0.wp.com\/noticiasribeiraopreto.com.br\/wp-content\/uploads\/2025\/07\/Copia-de-Copia-de-Copia-de-TAMANHO-EXATO-PARA-FOTOS-NO-SISTEMA-NOVO-2025-07-24T195432.425_2025-07-24_22-54-47.webp.webp?fit=1200%2C675&ssl=1","jetpack-related-posts":[{"id":83396,"url":"https:\/\/noticiasribeiraopreto.com.br\/index.php\/2026\/03\/17\/interdicao-emergencial-fecha-acesso-a-avenida-independencia-a-partir-da-nove-de-julho\/","url_meta":{"origin":74583,"position":0},"title":"Interdi\u00e7\u00e3o emergencial fecha acesso \u00e0 Avenida Independ\u00eancia a partir da Nove de Julho","author":"noticiasribeiraopreto.com.br","date":"17 de March de 2026","format":false,"excerpt":"\r \r \r 17 de mar\u00e7o de 2026 18:28 \r Compartilhar0 A RP Mobi informa que, na manh\u00e3 desta ter\u00e7a-feira, 17 de mar\u00e7o, foi iniciada uma interdi\u00e7\u00e3o emergencial no acesso \u00e0 Avenida Independ\u00eancia, para quem trafega pela pista Centro\/Bairro da Avenida Nove de Julho. A medida \u00e9 necess\u00e1ria para a\u2026","rel":"","context":"In &quot;Not\u00edcias de Ribeir\u00e3o Preto-SP e Regi\u00e3o&quot;","block_context":{"text":"Not\u00edcias de Ribeir\u00e3o Preto-SP e Regi\u00e3o","link":"https:\/\/noticiasribeiraopreto.com.br\/index.php\/category\/noticias-de-ribeirao-preto-sp-e-regiao-ismael-colosi\/"},"img":{"alt_text":"","src":"https:\/\/i0.wp.com\/noticiasribeiraopreto.com.br\/wp-content\/uploads\/2026\/03\/interdicao_-_av_nove_de_julho_capa_2_foto_fernando_gonzaga17-scaled.jpg?fit=1171%2C780&ssl=1&resize=350%2C200","width":350,"height":200,"srcset":"https:\/\/i0.wp.com\/noticiasribeiraopreto.com.br\/wp-content\/uploads\/2026\/03\/interdicao_-_av_nove_de_julho_capa_2_foto_fernando_gonzaga17-scaled.jpg?fit=1171%2C780&ssl=1&resize=350%2C200 1x, https:\/\/i0.wp.com\/noticiasribeiraopreto.com.br\/wp-content\/uploads\/2026\/03\/interdicao_-_av_nove_de_julho_capa_2_foto_fernando_gonzaga17-scaled.jpg?fit=1171%2C780&ssl=1&resize=525%2C300 1.5x, https:\/\/i0.wp.com\/noticiasribeiraopreto.com.br\/wp-content\/uploads\/2026\/03\/interdicao_-_av_nove_de_julho_capa_2_foto_fernando_gonzaga17-scaled.jpg?fit=1171%2C780&ssl=1&resize=700%2C400 2x, https:\/\/i0.wp.com\/noticiasribeiraopreto.com.br\/wp-content\/uploads\/2026\/03\/interdicao_-_av_nove_de_julho_capa_2_foto_fernando_gonzaga17-scaled.jpg?fit=1171%2C780&ssl=1&resize=1050%2C600 3x"},"classes":[]},{"id":24198,"url":"https:\/\/noticiasribeiraopreto.com.br\/index.php\/2024\/01\/03\/trecho-da-avenida-nove-de-julho-em-ribeirao-e-liberado-apos-seis-meses-de-interdicao\/","url_meta":{"origin":74583,"position":1},"title":"Trecho da avenida Nove de Julho em Ribeir\u00e3o \u00e9 liberado ap\u00f3s seis meses de interdi\u00e7\u00e3o","author":"noticiasribeiraopreto.com.br","date":"3 de January de 2024","format":false,"excerpt":"A RP Mobi, empresa de mobilidade urbana em Ribeir\u00e3o Preto, informou que o cruzamento da avenida Nove de Julho com a rua S\u00e3o Jos\u00e9 foi liberado, no final da tarde desta quarta-feira (3), ap\u00f3s o t\u00e9rmino do servi\u00e7o de pavimenta\u00e7\u00e3o do trecho. O local estava interditado desde junho de 2023,\u2026","rel":"","context":"In &quot;Not\u00edcias de Ribeir\u00e3o Preto-SP e Regi\u00e3o&quot;","block_context":{"text":"Not\u00edcias de Ribeir\u00e3o Preto-SP e Regi\u00e3o","link":"https:\/\/noticiasribeiraopreto.com.br\/index.php\/category\/noticias-de-ribeirao-preto-sp-e-regiao-ismael-colosi\/"},"img":{"alt_text":"","src":"https:\/\/i0.wp.com\/noticiasribeiraopreto.com.br\/wp-content\/uploads\/2024\/01\/liberacao_nove_de_julho_1.jpeg?fit=1200%2C800&ssl=1&resize=350%2C200","width":350,"height":200,"srcset":"https:\/\/i0.wp.com\/noticiasribeiraopreto.com.br\/wp-content\/uploads\/2024\/01\/liberacao_nove_de_julho_1.jpeg?fit=1200%2C800&ssl=1&resize=350%2C200 1x, https:\/\/i0.wp.com\/noticiasribeiraopreto.com.br\/wp-content\/uploads\/2024\/01\/liberacao_nove_de_julho_1.jpeg?fit=1200%2C800&ssl=1&resize=525%2C300 1.5x, https:\/\/i0.wp.com\/noticiasribeiraopreto.com.br\/wp-content\/uploads\/2024\/01\/liberacao_nove_de_julho_1.jpeg?fit=1200%2C800&ssl=1&resize=700%2C400 2x, https:\/\/i0.wp.com\/noticiasribeiraopreto.com.br\/wp-content\/uploads\/2024\/01\/liberacao_nove_de_julho_1.jpeg?fit=1200%2C800&ssl=1&resize=1050%2C600 3x"},"classes":[]},{"id":46308,"url":"https:\/\/noticiasribeiraopreto.com.br\/index.php\/2024\/04\/10\/obra-da-saerp-provoca-interdicao-total-em-cruzamento-no-centro-de-ribeirao-preto\/","url_meta":{"origin":74583,"position":2},"title":"Obra da Saerp provoca interdi\u00e7\u00e3o total em cruzamento no Centro de Ribeir\u00e3o Preto","author":"noticiasribeiraopreto.com.br","date":"10 de April de 2024","format":false,"excerpt":"O cruzamento das ruas S\u00e3o Sebasti\u00e3o com a Visconde de Inha\u00fama, no Centro de Ribeir\u00e3o Preto est\u00e1 com interdi\u00e7\u00e3o total para que a Saerp (Secretaria de \u00c1gua e Esgoto de Ribeir\u00e3o Preto) realize os servi\u00e7os de reparos em uma rede de abastecimento de \u00e1gua, que provocou a interrup\u00e7\u00e3o de \u00e1gua\u2026","rel":"","context":"In &quot;Not\u00edcias de Ribeir\u00e3o Preto-SP e Regi\u00e3o&quot;","block_context":{"text":"Not\u00edcias de Ribeir\u00e3o Preto-SP e Regi\u00e3o","link":"https:\/\/noticiasribeiraopreto.com.br\/index.php\/category\/noticias-de-ribeirao-preto-sp-e-regiao-ismael-colosi\/"},"img":{"alt_text":"","src":"https:\/\/i0.wp.com\/noticiasribeiraopreto.com.br\/wp-content\/uploads\/2024\/04\/Copia-de-Copia-de-TAMANHO-EXATO-PARA-FOTOS-NO-SISTEMA-NOVO-17-1.jpg?fit=1200%2C675&ssl=1&resize=350%2C200","width":350,"height":200,"srcset":"https:\/\/i0.wp.com\/noticiasribeiraopreto.com.br\/wp-content\/uploads\/2024\/04\/Copia-de-Copia-de-TAMANHO-EXATO-PARA-FOTOS-NO-SISTEMA-NOVO-17-1.jpg?fit=1200%2C675&ssl=1&resize=350%2C200 1x, https:\/\/i0.wp.com\/noticiasribeiraopreto.com.br\/wp-content\/uploads\/2024\/04\/Copia-de-Copia-de-TAMANHO-EXATO-PARA-FOTOS-NO-SISTEMA-NOVO-17-1.jpg?fit=1200%2C675&ssl=1&resize=525%2C300 1.5x, https:\/\/i0.wp.com\/noticiasribeiraopreto.com.br\/wp-content\/uploads\/2024\/04\/Copia-de-Copia-de-TAMANHO-EXATO-PARA-FOTOS-NO-SISTEMA-NOVO-17-1.jpg?fit=1200%2C675&ssl=1&resize=700%2C400 2x, https:\/\/i0.wp.com\/noticiasribeiraopreto.com.br\/wp-content\/uploads\/2024\/04\/Copia-de-Copia-de-TAMANHO-EXATO-PARA-FOTOS-NO-SISTEMA-NOVO-17-1.jpg?fit=1200%2C675&ssl=1&resize=1050%2C600 3x"},"classes":[]},{"id":13248,"url":"https:\/\/noticiasribeiraopreto.com.br\/index.php\/2023\/12\/09\/confira-os-12-trechos-com-interdicoes-por-causa-de-obras-em-ribeirao-preto\/","url_meta":{"origin":74583,"position":3},"title":"Confira os 12 trechos com interdi\u00e7\u00f5es por causa de obras em Ribeir\u00e3o Preto","author":"noticiasribeiraopreto.com.br","date":"9 de December de 2023","format":false,"excerpt":"Ribeir\u00e3o Preto tem, neste s\u00e1bado (9), doze trechos de interdi\u00e7\u00f5es por causa de obras. As informa\u00e7\u00f5es constam no site da Prefeitura e s\u00e3o divulgadas pela RP Mobi. A \u00fanica interdi\u00e7\u00e3o parcial \u00e9 no cruzamento da avenida Antonio e Helena Zerrener com S\u00e3o Salvador. O motivo \u00e9 a reconstru\u00e7\u00e3o do talude\u2026","rel":"","context":"In &quot;Not\u00edcias de Ribeir\u00e3o Preto-SP e Regi\u00e3o&quot;","block_context":{"text":"Not\u00edcias de Ribeir\u00e3o Preto-SP e Regi\u00e3o","link":"https:\/\/noticiasribeiraopreto.com.br\/index.php\/category\/noticias-de-ribeirao-preto-sp-e-regiao-ismael-colosi\/"},"img":{"alt_text":"","src":"https:\/\/i0.wp.com\/noticiasribeiraopreto.com.br\/wp-content\/uploads\/2023\/12\/WhatsApp-Image-2023-12-09-at-15.40.47.jpeg?fit=1200%2C675&ssl=1&resize=350%2C200","width":350,"height":200,"srcset":"https:\/\/i0.wp.com\/noticiasribeiraopreto.com.br\/wp-content\/uploads\/2023\/12\/WhatsApp-Image-2023-12-09-at-15.40.47.jpeg?fit=1200%2C675&ssl=1&resize=350%2C200 1x, https:\/\/i0.wp.com\/noticiasribeiraopreto.com.br\/wp-content\/uploads\/2023\/12\/WhatsApp-Image-2023-12-09-at-15.40.47.jpeg?fit=1200%2C675&ssl=1&resize=525%2C300 1.5x, https:\/\/i0.wp.com\/noticiasribeiraopreto.com.br\/wp-content\/uploads\/2023\/12\/WhatsApp-Image-2023-12-09-at-15.40.47.jpeg?fit=1200%2C675&ssl=1&resize=700%2C400 2x, https:\/\/i0.wp.com\/noticiasribeiraopreto.com.br\/wp-content\/uploads\/2023\/12\/WhatsApp-Image-2023-12-09-at-15.40.47.jpeg?fit=1200%2C675&ssl=1&resize=1050%2C600 3x"},"classes":[]},{"id":83546,"url":"https:\/\/noticiasribeiraopreto.com.br\/index.php\/2026\/03\/20\/rua-e-interditada-para-intervencao-emergencial-no-centro-de-ribeirao-preto\/","url_meta":{"origin":74583,"position":4},"title":"Rua \u00e9 interditada para interven\u00e7\u00e3o emergencial no Centro de Ribeir\u00e3o Preto","author":"noticiasribeiraopreto.com.br","date":"20 de March de 2026","format":false,"excerpt":"A rua Rui Barbosa tem um trecho com interdi\u00e7\u00e3o nesta sexta-feira (20), devido a uma interven\u00e7\u00e3o emergencial da Saerp (Secretaria de \u00c1gua e Esgoto de Ribeir\u00e3o Preto), no Centro da cidade. A RP Mobi informou que o fechamento \u00e9 parcial no trecho da Rui logo ap\u00f3s a Visconde de Inha\u00fama,\u2026","rel":"","context":"In &quot;Not\u00edcias de Ribeir\u00e3o Preto-SP e Regi\u00e3o&quot;","block_context":{"text":"Not\u00edcias de Ribeir\u00e3o Preto-SP e Regi\u00e3o","link":"https:\/\/noticiasribeiraopreto.com.br\/index.php\/category\/noticias-de-ribeirao-preto-sp-e-regiao-ismael-colosi\/"},"img":{"alt_text":"","src":"https:\/\/i0.wp.com\/noticiasribeiraopreto.com.br\/wp-content\/uploads\/2026\/03\/WhatsApp-Image-2026-03-20-at-11.13.18_2026-03-20_14-43-23.webp.webp?fit=1200%2C675&ssl=1&resize=350%2C200","width":350,"height":200,"srcset":"https:\/\/i0.wp.com\/noticiasribeiraopreto.com.br\/wp-content\/uploads\/2026\/03\/WhatsApp-Image-2026-03-20-at-11.13.18_2026-03-20_14-43-23.webp.webp?fit=1200%2C675&ssl=1&resize=350%2C200 1x, https:\/\/i0.wp.com\/noticiasribeiraopreto.com.br\/wp-content\/uploads\/2026\/03\/WhatsApp-Image-2026-03-20-at-11.13.18_2026-03-20_14-43-23.webp.webp?fit=1200%2C675&ssl=1&resize=525%2C300 1.5x, https:\/\/i0.wp.com\/noticiasribeiraopreto.com.br\/wp-content\/uploads\/2026\/03\/WhatsApp-Image-2026-03-20-at-11.13.18_2026-03-20_14-43-23.webp.webp?fit=1200%2C675&ssl=1&resize=700%2C400 2x, https:\/\/i0.wp.com\/noticiasribeiraopreto.com.br\/wp-content\/uploads\/2026\/03\/WhatsApp-Image-2026-03-20-at-11.13.18_2026-03-20_14-43-23.webp.webp?fit=1200%2C675&ssl=1&resize=1050%2C600 3x"},"classes":[]},{"id":84333,"url":"https:\/\/noticiasribeiraopreto.com.br\/index.php\/2026\/04\/07\/centro-de-ribeirao-preto-tera-interdicao-e-falta-dagua-entenda\/","url_meta":{"origin":74583,"position":5},"title":"Centro de Ribeir\u00e3o Preto ter\u00e1 interdi\u00e7\u00e3o e falta d&#8217;\u00e1gua; entenda","author":"noticiasribeiraopreto.com.br","date":"7 de April de 2026","format":false,"excerpt":"Ler o resumo da not\u00edcia Centro de Ribeir\u00e3o Preto ter\u00e1 interdi\u00e7\u00e3o parcial e falta de \u00e1gua nesta quarta-feira (8) devido a reparo emergencial. Equipes da Saerp atuar\u00e3o a partir das 8h30 na esquina das ruas Garibaldi e S\u00e3o Sebasti\u00e3o para consertar tubula\u00e7\u00e3o rompida. A RP Mobi far\u00e1 a sinaliza\u00e7\u00e3o e\u2026","rel":"","context":"In &quot;Not\u00edcias de Ribeir\u00e3o Preto-SP e Regi\u00e3o&quot;","block_context":{"text":"Not\u00edcias de Ribeir\u00e3o Preto-SP e Regi\u00e3o","link":"https:\/\/noticiasribeiraopreto.com.br\/index.php\/category\/noticias-de-ribeirao-preto-sp-e-regiao-ismael-colosi\/"},"img":{"alt_text":"","src":"https:\/\/i0.wp.com\/noticiasribeiraopreto.com.br\/wp-content\/uploads\/2026\/04\/WhatsApp-Image-2026-04-07-at-18.13.03-1_2026-04-07_21-13-53.webp.webp?fit=1200%2C801&ssl=1&resize=350%2C200","width":350,"height":200,"srcset":"https:\/\/i0.wp.com\/noticiasribeiraopreto.com.br\/wp-content\/uploads\/2026\/04\/WhatsApp-Image-2026-04-07-at-18.13.03-1_2026-04-07_21-13-53.webp.webp?fit=1200%2C801&ssl=1&resize=350%2C200 1x, https:\/\/i0.wp.com\/noticiasribeiraopreto.com.br\/wp-content\/uploads\/2026\/04\/WhatsApp-Image-2026-04-07-at-18.13.03-1_2026-04-07_21-13-53.webp.webp?fit=1200%2C801&ssl=1&resize=525%2C300 1.5x, https:\/\/i0.wp.com\/noticiasribeiraopreto.com.br\/wp-content\/uploads\/2026\/04\/WhatsApp-Image-2026-04-07-at-18.13.03-1_2026-04-07_21-13-53.webp.webp?fit=1200%2C801&ssl=1&resize=700%2C400 2x, https:\/\/i0.wp.com\/noticiasribeiraopreto.com.br\/wp-content\/uploads\/2026\/04\/WhatsApp-Image-2026-04-07-at-18.13.03-1_2026-04-07_21-13-53.webp.webp?fit=1200%2C801&ssl=1&resize=1050%2C600 3x"},"classes":[]}],"jetpack_sharing_enabled":true,"jetpack_shortlink":"https:\/\/wp.me\/peQAOb-joX","_links":{"self":[{"href":"https:\/\/noticiasribeiraopreto.com.br\/index.php\/wp-json\/wp\/v2\/posts\/74583","targetHints":{"allow":["GET"]}}],"collection":[{"href":"https:\/\/noticiasribeiraopreto.com.br\/index.php\/wp-json\/wp\/v2\/posts"}],"about":[{"href":"https:\/\/noticiasribeiraopreto.com.br\/index.php\/wp-json\/wp\/v2\/types\/post"}],"author":[{"embeddable":true,"href":"https:\/\/noticiasribeiraopreto.com.br\/index.php\/wp-json\/wp\/v2\/users\/1"}],"replies":[{"embeddable":true,"href":"https:\/\/noticiasribeiraopreto.com.br\/index.php\/wp-json\/wp\/v2\/comments?post=74583"}],"version-history":[{"count":0,"href":"https:\/\/noticiasribeiraopreto.com.br\/index.php\/wp-json\/wp\/v2\/posts\/74583\/revisions"}],"wp:featuredmedia":[{"embeddable":true,"href":"https:\/\/noticiasribeiraopreto.com.br\/index.php\/wp-json\/wp\/v2\/media\/74584"}],"wp:attachment":[{"href":"https:\/\/noticiasribeiraopreto.com.br\/index.php\/wp-json\/wp\/v2\/media?parent=74583"}],"wp:term":[{"taxonomy":"category","embeddable":true,"href":"https:\/\/noticiasribeiraopreto.com.br\/index.php\/wp-json\/wp\/v2\/categories?post=74583"},{"taxonomy":"post_tag","embeddable":true,"href":"https:\/\/noticiasribeiraopreto.com.br\/index.php\/wp-json\/wp\/v2\/tags?post=74583"}],"curies":[{"name":"wp","href":"https:\/\/api.w.org\/{rel}","templated":true}]}}