{"id":74588,"date":"2025-07-25T09:12:54","date_gmt":"2025-07-25T12:12:54","guid":{"rendered":"https:\/\/noticiasribeiraopreto.com.br\/index.php\/2025\/07\/25\/blitze-apreendem-10-veiculos-por-dia\/"},"modified":"2025-07-25T09:12:54","modified_gmt":"2025-07-25T12:12:54","slug":"blitze-apreendem-10-veiculos-por-dia","status":"publish","type":"post","link":"https:\/\/noticiasribeiraopreto.com.br\/index.php\/2025\/07\/25\/blitze-apreendem-10-veiculos-por-dia\/","title":{"rendered":"Blitze apreendem 10 ve\u00edculos por dia"},"content":{"rendered":"<div class='code-block code-block-1' style='margin: 8px 0 8px auto; text-align: right; display: block; clear: both;'>\n<p><a href=\"https:\/\/wa.link\/vpicfd\"><img data-recalc-dims=\"1\" class=\"wp-image-4922\" style=\"aspect-ratio: 2.0253164556962027; width: 561px; height: auto;\" src=\"https:\/\/i0.wp.com\/ismaelcolosi.com.br\/wp-content\/uploads\/2023\/11\/grupo-de-empregos-whatsapp-e-facebook-ismael-colosi-vagas.jpg?ssl=1\" alt=\"\" \/><\/a><\/p>\n<!-- \/wp:image -->\n<\/div>\n<p> <br \/>\n<\/p>\n<div>\n<p>Entre 1\u00ba janeiro e 23 de julho deste ano, 2.063 ve\u00edculos j\u00e1 foram aprendidos nas blitze realizadas pela RP Mobi \u2013 Empresa de Mobilidade Urbana de Ribeir\u00e3o Preto S.A, a antiga Transerp, respons\u00e1vel pelo tr\u00e2nsito e transporte \u2013 ou pela Pol\u00edcia Militar porque os motoristas cometeram algum tipo de infra\u00e7\u00e3o.<\/p>\n<p>Nesses casos, a apreens\u00e3o \u00e9 efetivada at\u00e9 que os propriet\u00e1rios resolvam os problemas e regularizem a situa\u00e7\u00e3o. Foram recolhidos, em m\u00e9dia, dez ve\u00edculos por dia \u2013 um a cada duas horas e 40 minutos. Carros, motos, caminh\u00f5es, \u00f4nibus e afins foram levados para um dos dois p\u00e1tios da RP Mobi, um no Jardim Paulistano e outro ao lado da sede da empresa, no Ipiranga.<\/p>\n<p>Foram apreendidos e levados aos p\u00e1tios 269 ve\u00edculos em janeiro, 374 em \u00a0fevereiro, 346 em mar\u00e7o, 329 em abril, 320 em maio, 271 em junho e 154 em julho, at\u00e9 a \u00faltima quarta-feira (23). Atualmente, somando os autom\u00f3veis que deram entrada no ano passado e que ainda n\u00e3o foram regularizados, existem 3.558 ve\u00edculos apreendidos.<\/p>\n<p>No come\u00e7o de julho, a RP Mobi adotou, experimentalmente, o sistema de guincho e p\u00e1tio virtuais, in\u00e9dito no Brasil. A tecnologia permite que o ve\u00edculo seja mantido sob a guarda do pr\u00f3prio propriet\u00e1rio, mediante a instala\u00e7\u00e3o de um dispositivo eletr\u00f4nico de rastreamento. O equipamento conta com sensores de localiza\u00e7\u00e3o, calor, movimenta\u00e7\u00e3o e viola\u00e7\u00e3o territorial, funcionando como uma alternativa segura e moderna \u00e0 remo\u00e7\u00e3o tradicional por guincho.<\/p>\n<p>A inova\u00e7\u00e3o \u00e9 para carros flagrados com pend\u00eancias no licenciamento anual. Motos n\u00e3o participam do experimento. Desde a implanta\u00e7\u00e3o do sistema, no dia 8 de julho e at\u00e9 o dia 23, foram feitas 243 abordagens em blitze realizadas pelos agentes de tr\u00e2nsito.<\/p>\n<p>Deste total, 29 ve\u00edculos (11,9%) estavam com documenta\u00e7\u00e3o irregular e 24 motoristas ((82,8%) aderiram ao p\u00e1tio virtual. Um carro foi removido com guincho convencional paro um dos p\u00e1tios da RP Mobi, al\u00e9m de quatro motocicletas. Elas n\u00e3o podem aderir ao sistema p\u00e1tio virtual.<\/p>\n<p><strong>Como funciona o p\u00e1tio virtual? \u2013 <\/strong>Durante a fiscaliza\u00e7\u00e3o presencial, quando um agente de tr\u00e2nsito identifica um ve\u00edculo irregular pass\u00edvel de remo\u00e7\u00e3o, o condutor poder\u00e1 optar pela instala\u00e7\u00e3o do novo sistema. Ap\u00f3s autoriza\u00e7\u00e3o da autoridade de tr\u00e2nsito, o equipamento de rastreamento \u00e9 acoplado ao ve\u00edculo, que dever\u00e1 permanecer no endere\u00e7o indicado pelo propriet\u00e1rio at\u00e9 a regulariza\u00e7\u00e3o das pend\u00eancias.<\/p>\n<p>Quando o ve\u00edculo \u00e9 autuado, o agente identifica e registra a infra\u00e7\u00e3o. Com autoriza\u00e7\u00e3o do propriet\u00e1rio, o equipamento \u00e9 instalado. O condutor tem de manter o ve\u00edculo em local fixo, monitorado remotamente. Ap\u00f3s o pagamento dos d\u00e9bitos, o rastreador \u00e9 devolvido e o ve\u00edculo liberado.<\/p>\n<p>O novo sistema evita o uso do guincho tradicional e a estadia do ve\u00edculo em p\u00e1tios f\u00edsicos. Dispensa o pagamento das tr\u00eas primeiras di\u00e1rias, caso o ve\u00edculo permane\u00e7a apreendido virtualmente. Ainda reduz o deslocamento dos condutores e o impacto ambiental causado por p\u00e1tios e remo\u00e7\u00f5es f\u00edsicas e garante mais seguran\u00e7a e controle, com rastreamento em tempo real.<\/p>\n<p>A ado\u00e7\u00e3o do p\u00e1tio virtual representa mais um passo da RP Mobi na moderniza\u00e7\u00e3o da gest\u00e3o do tr\u00e2nsito, buscando solu\u00e7\u00f5es sustent\u00e1veis, eficientes e centradas no cidad\u00e3o. O sistema de p\u00e1tio virtual garante ao condutor a op\u00e7\u00e3o de n\u00e3o submeter seu ve\u00edculo ao modelo tradicional de remo\u00e7\u00e3o com guincho e estadia em p\u00e1tio f\u00edsico.<\/p>\n<p>Ao escolher essa nova modalidade, o propriet\u00e1rio torna-se o fiel deposit\u00e1rio do pr\u00f3prio bem, mantendo o ve\u00edculo acautelado em local seguro, monitorado por um dispositivo GPS via sat\u00e9lite. Durante a autua\u00e7\u00e3o, o condutor \u00e9 orientado a assinar digitalmente, via aplicativo, um \u201cContrato de Corresponsabilidade Social e C\u00edvica\u201d, formalizando o acautelamento e sua responsabilidade pelo cumprimento das exig\u00eancias legais.<\/p>\n<p>Depois de quitar todos os d\u00e9bitos veiculares e tarifas p\u00fablicas, o condutor deve devolver o rastreador presencialmente na sede da RP Mobi, na rua General C\u00e2mara n\u00ba 2.910, nho Setor de P\u00e1tio\/Guincho.\u00a0 A libera\u00e7\u00e3o definitiva do ve\u00edculo exige a apresenta\u00e7\u00e3o do CRLV-e atualizado e do protocolo de libera\u00e7\u00e3o emitido pela Si8ga Mobilidade.<\/p>\n<p>A tarifa p\u00fablica para auto remo\u00e7\u00e3o\/guincho virtual custa R$ 407,22 (valor fixo). O p\u00e1tio virtual oferece isen\u00e7\u00e3o das tr\u00eas primeiras di\u00e1rias. A partir da quarta, o valor \u00e9 de R$ 40,72 por dia corrido.\u00a0 O uso do sistema \u00e9 facultativo e deve ser autorizado. Ao optar pela recolha virtual, o condutor assume a responsabilidade pela guarda do ve\u00edculo.<\/p>\n<p>A indevida movimenta\u00e7\u00e3o fora do per\u00edmetro configura descumprimento aos termos firmados, resultando na impossibilidade de ser aderido novamente em fiscaliza\u00e7\u00e3o posterior. A n\u00e3o devolu\u00e7\u00e3o do equipamento ou o seu dano\/extravio poder\u00e1 ser enquadrada como infra\u00e7\u00e3o civil e penal, de acordo com os Artigos 163 do C\u00f3digo Civil e 168 do C\u00f3digo Penal.<\/p>\n<p>A implanta\u00e7\u00e3o do p\u00e1tio virtual em Ribeir\u00e3o Preto faz parte de um projeto de Sandbox Regulat\u00f3rio autorizado pela Secretaria Nacional de Tr\u00e2nsito (Senatran), sendo um modelo de gest\u00e3o que permite \u00e0 Administra\u00e7\u00e3o P\u00fablica experimentar solu\u00e7\u00f5es inovadoras com regras tempor\u00e1rias e monitoramento t\u00e9cnico. \u00a0A RP Mobi recebeu autoriza\u00e7\u00e3o para aplicar a medida em car\u00e1ter experimental, pelo prazo de 60 dias.<\/p>\n<p>\u00a0<\/p>\n<\/div>\n<p><br \/>\n<br \/><a href=\"https:\/\/www.tribunaribeirao.com.br\/blitze-apreendem-10-veiculos-por-dia\/\">Source link <\/a><\/p>\n<!-- CONTENT END 1 -->\n","protected":false},"excerpt":{"rendered":"<p>Entre 1\u00ba janeiro e 23 de julho deste ano, 2.063 ve\u00edculos j\u00e1 foram aprendidos nas blitze realizadas pela RP Mobi \u2013 Empresa de Mobilidade Urbana&#8230;<\/p>\n","protected":false},"author":1,"featured_media":74589,"comment_status":"open","ping_status":"open","sticky":false,"template":"","format":"standard","meta":{"advanced_seo_description":"","jetpack_seo_html_title":"","jetpack_seo_noindex":false,"jetpack_post_was_ever_published":false,"_jetpack_newsletter_access":"","_jetpack_dont_email_post_to_subs":false,"_jetpack_newsletter_tier_id":0,"_jetpack_memberships_contains_paywalled_content":false,"_jetpack_memberships_contains_paid_content":false,"footnotes":"","jetpack_publicize_message":"","jetpack_publicize_feature_enabled":true,"jetpack_social_post_already_shared":true,"jetpack_social_options":{"image_generator_settings":{"template":"highway","default_image_id":0,"font":"","enabled":false},"version":2}},"categories":[11],"tags":[],"class_list":["post-74588","post","type-post","status-publish","format-standard","has-post-thumbnail","hentry","category-noticias-de-ribeirao-preto-sp-e-regiao-ismael-colosi"],"jetpack_publicize_connections":[],"jetpack_featured_media_url":"https:\/\/i0.wp.com\/noticiasribeiraopreto.com.br\/wp-content\/uploads\/2025\/07\/PatioRP-Alfredo-Risk-scaled.jpg?fit=2560%2C1707&ssl=1","jetpack-related-posts":[{"id":74511,"url":"https:\/\/noticiasribeiraopreto.com.br\/index.php\/2025\/07\/24\/rp-mobi-lanca-guincho-e-patio-virtual\/","url_meta":{"origin":74588,"position":0},"title":"RP Mobi lan\u00e7a guincho e p\u00e1tio virtual","author":"noticiasribeiraopreto.com.br","date":"24 de July de 2025","format":false,"excerpt":"A RP Mobi \u2013 Empresa de Mobilidade Urbana de Ribeir\u00e3o Preto S.A, a antiga Transerp, respons\u00e1vel pelo tr\u00e2nsito e transporte \u2013 lan\u00e7ou neste m\u00eas de julho os testes de solu\u00e7\u00e3o tecnol\u00f3gica in\u00e9dita no Brasil nas opera\u00e7\u00f5es de tr\u00e2nsito em vias municipais: o sistema de guincho e p\u00e1tio virtual. A inova\u00e7\u00e3o\u2026","rel":"","context":"In &quot;Not\u00edcias de Ribeir\u00e3o Preto-SP e Regi\u00e3o&quot;","block_context":{"text":"Not\u00edcias de Ribeir\u00e3o Preto-SP e Regi\u00e3o","link":"https:\/\/noticiasribeiraopreto.com.br\/index.php\/category\/noticias-de-ribeirao-preto-sp-e-regiao-ismael-colosi\/"},"img":{"alt_text":"","src":"https:\/\/i0.wp.com\/noticiasribeiraopreto.com.br\/wp-content\/uploads\/2025\/07\/Guincho-Detalhe-Divulgacao.jpg?fit=1000%2C666&ssl=1&resize=350%2C200","width":350,"height":200,"srcset":"https:\/\/i0.wp.com\/noticiasribeiraopreto.com.br\/wp-content\/uploads\/2025\/07\/Guincho-Detalhe-Divulgacao.jpg?fit=1000%2C666&ssl=1&resize=350%2C200 1x, https:\/\/i0.wp.com\/noticiasribeiraopreto.com.br\/wp-content\/uploads\/2025\/07\/Guincho-Detalhe-Divulgacao.jpg?fit=1000%2C666&ssl=1&resize=525%2C300 1.5x, https:\/\/i0.wp.com\/noticiasribeiraopreto.com.br\/wp-content\/uploads\/2025\/07\/Guincho-Detalhe-Divulgacao.jpg?fit=1000%2C666&ssl=1&resize=700%2C400 2x"},"classes":[]},{"id":82100,"url":"https:\/\/noticiasribeiraopreto.com.br\/index.php\/2026\/02\/04\/quatro-bicicletas-sao-recolhidas-em-operacao-contra-rabeira\/","url_meta":{"origin":74588,"position":1},"title":"Quatro bicicletas s\u00e3o recolhidas em opera\u00e7\u00e3o contra rabeira","author":"noticiasribeiraopreto.com.br","date":"4 de February de 2026","format":false,"excerpt":"\r RP Mobi e Guarda Civil Metropolitana fizeram opera\u00e7\u00e3o na zona Norte da cidade para coibir pr\u00e1tica ilegal\r \r 4 de fevereiro de 2026 07:12 \r Compartilhar2 Por: Adalberto Luque \u2013 Uma opera\u00e7\u00e3o para coibir a pr\u00e1tica da \u201crabeira\u201d nos \u00f4nibus do transporte coletivo urbano de Ribeir\u00e3o Preto foi realizada,\u2026","rel":"","context":"In &quot;Not\u00edcias de Ribeir\u00e3o Preto-SP e Regi\u00e3o&quot;","block_context":{"text":"Not\u00edcias de Ribeir\u00e3o Preto-SP e Regi\u00e3o","link":"https:\/\/noticiasribeiraopreto.com.br\/index.php\/category\/noticias-de-ribeirao-preto-sp-e-regiao-ismael-colosi\/"},"img":{"alt_text":"","src":"https:\/\/i0.wp.com\/noticiasribeiraopreto.com.br\/wp-content\/uploads\/2026\/02\/04-fev-2026-rabeiranao1-scaled.jpg?fit=1200%2C675&ssl=1&resize=350%2C200","width":350,"height":200,"srcset":"https:\/\/i0.wp.com\/noticiasribeiraopreto.com.br\/wp-content\/uploads\/2026\/02\/04-fev-2026-rabeiranao1-scaled.jpg?fit=1200%2C675&ssl=1&resize=350%2C200 1x, https:\/\/i0.wp.com\/noticiasribeiraopreto.com.br\/wp-content\/uploads\/2026\/02\/04-fev-2026-rabeiranao1-scaled.jpg?fit=1200%2C675&ssl=1&resize=525%2C300 1.5x, https:\/\/i0.wp.com\/noticiasribeiraopreto.com.br\/wp-content\/uploads\/2026\/02\/04-fev-2026-rabeiranao1-scaled.jpg?fit=1200%2C675&ssl=1&resize=700%2C400 2x, https:\/\/i0.wp.com\/noticiasribeiraopreto.com.br\/wp-content\/uploads\/2026\/02\/04-fev-2026-rabeiranao1-scaled.jpg?fit=1200%2C675&ssl=1&resize=1050%2C600 3x"},"classes":[]},{"id":74533,"url":"https:\/\/noticiasribeiraopreto.com.br\/index.php\/2025\/07\/24\/ribeirao-preto-comeca-testes-com-guincho-e-patio-virtual-entenda\/","url_meta":{"origin":74588,"position":2},"title":"Ribeir\u00e3o Preto come\u00e7a testes com guincho e p\u00e1tio virtual; Entenda","author":"noticiasribeiraopreto.com.br","date":"24 de July de 2025","format":false,"excerpt":"A RP Mobi, empresa respons\u00e1vel pelo gerenciamento do tr\u00e2nsito em Ribeir\u00e3o Preto, come\u00e7ou neste m\u00eas de julho os testes com o sistema de guincho e p\u00e1tio virtual. De acordo com a empresa, Ribeir\u00e3o Preto \u00e9 a primeira cidade do Brasil a adotar o sistema. O novo modelo \u00e9 utilizado quando\u2026","rel":"","context":"In &quot;Not\u00edcias de Ribeir\u00e3o Preto-SP e Regi\u00e3o&quot;","block_context":{"text":"Not\u00edcias de Ribeir\u00e3o Preto-SP e Regi\u00e3o","link":"https:\/\/noticiasribeiraopreto.com.br\/index.php\/category\/noticias-de-ribeirao-preto-sp-e-regiao-ismael-colosi\/"},"img":{"alt_text":"","src":"https:\/\/i0.wp.com\/noticiasribeiraopreto.com.br\/wp-content\/uploads\/2025\/07\/guincho-virtual-1_2025-07-24_12-51-03.webp.webp?fit=1200%2C796&ssl=1&resize=350%2C200","width":350,"height":200,"srcset":"https:\/\/i0.wp.com\/noticiasribeiraopreto.com.br\/wp-content\/uploads\/2025\/07\/guincho-virtual-1_2025-07-24_12-51-03.webp.webp?fit=1200%2C796&ssl=1&resize=350%2C200 1x, https:\/\/i0.wp.com\/noticiasribeiraopreto.com.br\/wp-content\/uploads\/2025\/07\/guincho-virtual-1_2025-07-24_12-51-03.webp.webp?fit=1200%2C796&ssl=1&resize=525%2C300 1.5x, https:\/\/i0.wp.com\/noticiasribeiraopreto.com.br\/wp-content\/uploads\/2025\/07\/guincho-virtual-1_2025-07-24_12-51-03.webp.webp?fit=1200%2C796&ssl=1&resize=700%2C400 2x, https:\/\/i0.wp.com\/noticiasribeiraopreto.com.br\/wp-content\/uploads\/2025\/07\/guincho-virtual-1_2025-07-24_12-51-03.webp.webp?fit=1200%2C796&ssl=1&resize=1050%2C600 3x"},"classes":[]},{"id":68138,"url":"https:\/\/noticiasribeiraopreto.com.br\/index.php\/2025\/04\/22\/rp-mobi-arrecadou-r-54-milhoes-com-multas-de-transito-em-2024-confira\/","url_meta":{"origin":74588,"position":3},"title":"RP Mobi arrecadou R$ 54 milh\u00f5es com multas de tr\u00e2nsito em 2024; Confira","author":"noticiasribeiraopreto.com.br","date":"22 de April de 2025","format":false,"excerpt":"A RP Mobi, empresa respons\u00e1vel pela gest\u00e3o do tr\u00e2nsito em Ribeir\u00e3o Preto, arrecadou R$ 54,3 milh\u00f5es com multas de tr\u00e2nsito em 2024. O n\u00famero consta nas demonstra\u00e7\u00f5es cont\u00e1beis da empresa, publicada nesta ter\u00e7a-feira (22) no Di\u00e1rio Oficial do Munic\u00edpio. O n\u00famero \u00e9 R$ 17,8 milh\u00f5es superior ao registrado no ano\u2026","rel":"","context":"In &quot;Not\u00edcias de Ribeir\u00e3o Preto-SP e Regi\u00e3o&quot;","block_context":{"text":"Not\u00edcias de Ribeir\u00e3o Preto-SP e Regi\u00e3o","link":"https:\/\/noticiasribeiraopreto.com.br\/index.php\/category\/noticias-de-ribeirao-preto-sp-e-regiao-ismael-colosi\/"},"img":{"alt_text":"","src":"https:\/\/i0.wp.com\/noticiasribeiraopreto.com.br\/wp-content\/uploads\/2025\/04\/Copy-of-3.png?fit=1200%2C800&ssl=1&resize=350%2C200","width":350,"height":200,"srcset":"https:\/\/i0.wp.com\/noticiasribeiraopreto.com.br\/wp-content\/uploads\/2025\/04\/Copy-of-3.png?fit=1200%2C800&ssl=1&resize=350%2C200 1x, https:\/\/i0.wp.com\/noticiasribeiraopreto.com.br\/wp-content\/uploads\/2025\/04\/Copy-of-3.png?fit=1200%2C800&ssl=1&resize=525%2C300 1.5x, https:\/\/i0.wp.com\/noticiasribeiraopreto.com.br\/wp-content\/uploads\/2025\/04\/Copy-of-3.png?fit=1200%2C800&ssl=1&resize=700%2C400 2x, https:\/\/i0.wp.com\/noticiasribeiraopreto.com.br\/wp-content\/uploads\/2025\/04\/Copy-of-3.png?fit=1200%2C800&ssl=1&resize=1050%2C600 3x"},"classes":[]},{"id":27703,"url":"https:\/\/noticiasribeiraopreto.com.br\/index.php\/2024\/01\/13\/video-fogo-em-veiculo-na-maurilio-biagi\/","url_meta":{"origin":74588,"position":4},"title":"V\u00cdDEO &#8211; Fogo em ve\u00edculo na Maur\u00edlio Biagi","author":"noticiasribeiraopreto.com.br","date":"13 de January de 2024","format":false,"excerpt":"N\u00e3o h\u00e1 registros de feridos, mas RP Mobi interditou pista para combate \u00e0s chamas 12 de janeiro de 2024 | 15:5312 de janeiro de 2024 | 15:56 2Por: Adalberto LuqueUm ve\u00edculo e um reboque atrelado foram completamente destru\u00eddos pelo fogo, no final da manh\u00e3 desta sexta-feira (12). O inc\u00eandio ocorreu\u2026","rel":"","context":"In &quot;Not\u00edcias de Ribeir\u00e3o Preto-SP e Regi\u00e3o&quot;","block_context":{"text":"Not\u00edcias de Ribeir\u00e3o Preto-SP e Regi\u00e3o","link":"https:\/\/noticiasribeiraopreto.com.br\/index.php\/category\/noticias-de-ribeirao-preto-sp-e-regiao-ismael-colosi\/"},"img":{"alt_text":"","src":"https:\/\/i0.wp.com\/noticiasribeiraopreto.com.br\/wp-content\/uploads\/2024\/01\/00-12-jan-2024-veiculo-incendiado-b-foto-rp-mobi.jpg?fit=812%2C645&ssl=1&resize=350%2C200","width":350,"height":200,"srcset":"https:\/\/i0.wp.com\/noticiasribeiraopreto.com.br\/wp-content\/uploads\/2024\/01\/00-12-jan-2024-veiculo-incendiado-b-foto-rp-mobi.jpg?fit=812%2C645&ssl=1&resize=350%2C200 1x, https:\/\/i0.wp.com\/noticiasribeiraopreto.com.br\/wp-content\/uploads\/2024\/01\/00-12-jan-2024-veiculo-incendiado-b-foto-rp-mobi.jpg?fit=812%2C645&ssl=1&resize=525%2C300 1.5x, https:\/\/i0.wp.com\/noticiasribeiraopreto.com.br\/wp-content\/uploads\/2024\/01\/00-12-jan-2024-veiculo-incendiado-b-foto-rp-mobi.jpg?fit=812%2C645&ssl=1&resize=700%2C400 2x"},"classes":[]},{"id":73243,"url":"https:\/\/noticiasribeiraopreto.com.br\/index.php\/2025\/06\/27\/rp-mobi-alerta-para-golpe-envolvendo-liberacao-de-veiculos-apreendidos\/","url_meta":{"origin":74588,"position":5},"title":"RP Mobi alerta para golpe envolvendo libera\u00e7\u00e3o de ve\u00edculos apreendidos\u00a0","author":"noticiasribeiraopreto.com.br","date":"27 de June de 2025","format":false,"excerpt":"RP Mobi alerta para golpe envolvendo libera\u00e7\u00e3o de ve\u00edculos apreendidos A RP Mobi, empresa respons\u00e1vel pela gest\u00e3o do tr\u00e2nsito em Ribeir\u00e3o Preto, emitiu um alerta nesta sexta-feira (27) sobre um golpe aplicado por sites e intermedi\u00e1rios que oferecem, de forma fraudulenta, a libera\u00e7\u00e3o de ve\u00edculos apreendidos mediante o pagamento de\u2026","rel":"","context":"In &quot;Not\u00edcias de Ribeir\u00e3o Preto-SP e Regi\u00e3o&quot;","block_context":{"text":"Not\u00edcias de Ribeir\u00e3o Preto-SP e Regi\u00e3o","link":"https:\/\/noticiasribeiraopreto.com.br\/index.php\/category\/noticias-de-ribeirao-preto-sp-e-regiao-ismael-colosi\/"},"img":{"alt_text":"","src":"https:\/\/i0.wp.com\/noticiasribeiraopreto.com.br\/wp-content\/uploads\/2025\/06\/rpmobi_golpe.jpeg?fit=768%2C432&ssl=1&resize=350%2C200","width":350,"height":200,"srcset":"https:\/\/i0.wp.com\/noticiasribeiraopreto.com.br\/wp-content\/uploads\/2025\/06\/rpmobi_golpe.jpeg?fit=768%2C432&ssl=1&resize=350%2C200 1x, https:\/\/i0.wp.com\/noticiasribeiraopreto.com.br\/wp-content\/uploads\/2025\/06\/rpmobi_golpe.jpeg?fit=768%2C432&ssl=1&resize=525%2C300 1.5x, https:\/\/i0.wp.com\/noticiasribeiraopreto.com.br\/wp-content\/uploads\/2025\/06\/rpmobi_golpe.jpeg?fit=768%2C432&ssl=1&resize=700%2C400 2x"},"classes":[]}],"jetpack_sharing_enabled":true,"jetpack_shortlink":"https:\/\/wp.me\/peQAOb-jp2","_links":{"self":[{"href":"https:\/\/noticiasribeiraopreto.com.br\/index.php\/wp-json\/wp\/v2\/posts\/74588","targetHints":{"allow":["GET"]}}],"collection":[{"href":"https:\/\/noticiasribeiraopreto.com.br\/index.php\/wp-json\/wp\/v2\/posts"}],"about":[{"href":"https:\/\/noticiasribeiraopreto.com.br\/index.php\/wp-json\/wp\/v2\/types\/post"}],"author":[{"embeddable":true,"href":"https:\/\/noticiasribeiraopreto.com.br\/index.php\/wp-json\/wp\/v2\/users\/1"}],"replies":[{"embeddable":true,"href":"https:\/\/noticiasribeiraopreto.com.br\/index.php\/wp-json\/wp\/v2\/comments?post=74588"}],"version-history":[{"count":0,"href":"https:\/\/noticiasribeiraopreto.com.br\/index.php\/wp-json\/wp\/v2\/posts\/74588\/revisions"}],"wp:featuredmedia":[{"embeddable":true,"href":"https:\/\/noticiasribeiraopreto.com.br\/index.php\/wp-json\/wp\/v2\/media\/74589"}],"wp:attachment":[{"href":"https:\/\/noticiasribeiraopreto.com.br\/index.php\/wp-json\/wp\/v2\/media?parent=74588"}],"wp:term":[{"taxonomy":"category","embeddable":true,"href":"https:\/\/noticiasribeiraopreto.com.br\/index.php\/wp-json\/wp\/v2\/categories?post=74588"},{"taxonomy":"post_tag","embeddable":true,"href":"https:\/\/noticiasribeiraopreto.com.br\/index.php\/wp-json\/wp\/v2\/tags?post=74588"}],"curies":[{"name":"wp","href":"https:\/\/api.w.org\/{rel}","templated":true}]}}