{"id":74590,"date":"2025-07-25T09:30:01","date_gmt":"2025-07-25T12:30:01","guid":{"rendered":"https:\/\/noticiasribeiraopreto.com.br\/index.php\/2025\/07\/25\/acidente-com-5-veiculos-trava-transito-na-anhanguera-na-regiao-de-ribeirao-preto-fotos\/"},"modified":"2025-07-25T09:30:01","modified_gmt":"2025-07-25T12:30:01","slug":"acidente-com-5-veiculos-trava-transito-na-anhanguera-na-regiao-de-ribeirao-preto-fotos","status":"publish","type":"post","link":"https:\/\/noticiasribeiraopreto.com.br\/index.php\/2025\/07\/25\/acidente-com-5-veiculos-trava-transito-na-anhanguera-na-regiao-de-ribeirao-preto-fotos\/","title":{"rendered":"Acidente com 5 ve\u00edculos trava tr\u00e2nsito na Anhanguera na regi\u00e3o de Ribeir\u00e3o Preto; Fotos"},"content":{"rendered":"<div class='code-block code-block-1' style='margin: 8px 0 8px auto; text-align: right; display: block; clear: both;'>\n<p><a href=\"https:\/\/wa.link\/vpicfd\"><img data-recalc-dims=\"1\" class=\"wp-image-4922\" style=\"aspect-ratio: 2.0253164556962027; width: 561px; height: auto;\" src=\"https:\/\/i0.wp.com\/ismaelcolosi.com.br\/wp-content\/uploads\/2023\/11\/grupo-de-empregos-whatsapp-e-facebook-ismael-colosi-vagas.jpg?ssl=1\" alt=\"\" \/><\/a><\/p>\n<!-- \/wp:image -->\n<\/div>\n<p> <br \/>\n<\/p>\n<div data-td-block-uid=\"tdi_95\">\n<div class=\"tdb-block-inner td-fix-index\">\n<p><strong>Um grave acidente travou o tr\u00e2nsito na pista sentido sul (Capital) da rodovia Anhanguera (SP-330), na manh\u00e3 desta sexta-feira (25), em Cravinhos, na regi\u00e3o de Ribeir\u00e3o Preto.<\/strong>\u00a0<strong\/><\/p>\n<p>Segundo as informa\u00e7\u00f5es,\u00a0<mark style=\"background-color:#fcb900\" class=\"has-inline-color has-black-color\">cinco ve\u00edculos \u2013 quatro caminh\u00f5es e um carro \u2013 se envolveram em um engavetamento. H\u00e1 pelo menos tr\u00eas v\u00edtimas, entre as quais duas consideradas mais graves.<\/mark><\/p>\n<p>Com a interdi\u00e7\u00e3o de todas as faixas e o acostamento, o tr\u00e2nsito foi desviado para a pista marginal, no entanto, h\u00e1 uma fila de ve\u00edculos de aproximadamente 5,5 quil\u00f4metros, conforme a Artesp (Ag\u00eancia de Transporte do Estado de S\u00e3o Paulo).<\/p>\n<p>N\u00e3o h\u00e1 previs\u00e3o para libera\u00e7\u00e3o do trecho onde ocorreu o acidente.<\/p>\n<p>As causas ainda dever\u00e3o ser apuradas.<\/p>\n<figure class=\"wp-block-gallery has-nested-images columns-default is-cropped wp-block-gallery-1 is-layout-flex wp-block-gallery-is-layout-flex\">\n<figure class=\"wp-block-image size-large\"><img data-recalc-dims=\"1\" fetchpriority=\"high\" decoding=\"async\" width=\"1024\" height=\"768\" data-id=\"123776\" src=\"https:\/\/i0.wp.com\/cdn.media-acidadeon.com.br\/ribeiraopreto\/wp-content\/uploads\/sites\/3\/2025\/07\/WhatsApp-Image-2025-07-25-at-08.16.06-1_2025-07-25_12-04-29-1024x768.webp?resize=1024%2C768&#038;ssl=1\" alt=\"\" class=\"wp-image-123776\" srcset=\"https:\/\/cdn.media-acidadeon.com.br\/ribeiraopreto\/wp-content\/uploads\/sites\/3\/2025\/07\/WhatsApp-Image-2025-07-25-at-08.16.06-1_2025-07-25_12-04-29-1024x768.webp 1024w, https:\/\/cdn.media-acidadeon.com.br\/ribeiraopreto\/wp-content\/uploads\/sites\/3\/2025\/07\/WhatsApp-Image-2025-07-25-at-08.16.06-1_2025-07-25_12-04-29-300x225.webp 300w, https:\/\/cdn.media-acidadeon.com.br\/ribeiraopreto\/wp-content\/uploads\/sites\/3\/2025\/07\/WhatsApp-Image-2025-07-25-at-08.16.06-1_2025-07-25_12-04-29-768x576.webp 768w, https:\/\/cdn.media-acidadeon.com.br\/ribeiraopreto\/wp-content\/uploads\/sites\/3\/2025\/07\/WhatsApp-Image-2025-07-25-at-08.16.06-1_2025-07-25_12-04-29-696x522.webp 696w, https:\/\/cdn.media-acidadeon.com.br\/ribeiraopreto\/wp-content\/uploads\/sites\/3\/2025\/07\/WhatsApp-Image-2025-07-25-at-08.16.06-1_2025-07-25_12-04-29-1068x801.webp 1068w, https:\/\/cdn.media-acidadeon.com.br\/ribeiraopreto\/wp-content\/uploads\/sites\/3\/2025\/07\/WhatsApp-Image-2025-07-25-at-08.16.06-1_2025-07-25_12-04-29.webp 1200w\" sizes=\"(max-width: 1024px) 100vw, 1024px\"\/><\/figure>\n<figure class=\"wp-block-image size-large\"><img data-recalc-dims=\"1\" loading=\"lazy\" decoding=\"async\" width=\"1024\" height=\"768\" data-id=\"123772\" src=\"https:\/\/i0.wp.com\/cdn.media-acidadeon.com.br\/ribeiraopreto\/wp-content\/uploads\/sites\/3\/2025\/07\/WhatsApp-Image-2025-07-25-at-08.16.18-1_2025-07-25_12-04-28-1024x768.webp?resize=1024%2C768&#038;ssl=1\" alt=\"\" class=\"wp-image-123772\" srcset=\"https:\/\/cdn.media-acidadeon.com.br\/ribeiraopreto\/wp-content\/uploads\/sites\/3\/2025\/07\/WhatsApp-Image-2025-07-25-at-08.16.18-1_2025-07-25_12-04-28-1024x768.webp 1024w, https:\/\/cdn.media-acidadeon.com.br\/ribeiraopreto\/wp-content\/uploads\/sites\/3\/2025\/07\/WhatsApp-Image-2025-07-25-at-08.16.18-1_2025-07-25_12-04-28-300x225.webp 300w, https:\/\/cdn.media-acidadeon.com.br\/ribeiraopreto\/wp-content\/uploads\/sites\/3\/2025\/07\/WhatsApp-Image-2025-07-25-at-08.16.18-1_2025-07-25_12-04-28-768x576.webp 768w, https:\/\/cdn.media-acidadeon.com.br\/ribeiraopreto\/wp-content\/uploads\/sites\/3\/2025\/07\/WhatsApp-Image-2025-07-25-at-08.16.18-1_2025-07-25_12-04-28-696x522.webp 696w, https:\/\/cdn.media-acidadeon.com.br\/ribeiraopreto\/wp-content\/uploads\/sites\/3\/2025\/07\/WhatsApp-Image-2025-07-25-at-08.16.18-1_2025-07-25_12-04-28-1068x801.webp 1068w, https:\/\/cdn.media-acidadeon.com.br\/ribeiraopreto\/wp-content\/uploads\/sites\/3\/2025\/07\/WhatsApp-Image-2025-07-25-at-08.16.18-1_2025-07-25_12-04-28.webp 1200w\" sizes=\"auto, (max-width: 1024px) 100vw, 1024px\"\/><\/figure>\n<figure class=\"wp-block-image size-large\"><img data-recalc-dims=\"1\" loading=\"lazy\" decoding=\"async\" width=\"1024\" height=\"768\" data-id=\"123771\" src=\"https:\/\/i0.wp.com\/cdn.media-acidadeon.com.br\/ribeiraopreto\/wp-content\/uploads\/sites\/3\/2025\/07\/WhatsApp-Image-2025-07-25-at-08.16.15_2025-07-25_12-04-28-1024x768.webp?resize=1024%2C768&#038;ssl=1\" alt=\"\" class=\"wp-image-123771\" srcset=\"https:\/\/cdn.media-acidadeon.com.br\/ribeiraopreto\/wp-content\/uploads\/sites\/3\/2025\/07\/WhatsApp-Image-2025-07-25-at-08.16.15_2025-07-25_12-04-28-1024x768.webp 1024w, https:\/\/cdn.media-acidadeon.com.br\/ribeiraopreto\/wp-content\/uploads\/sites\/3\/2025\/07\/WhatsApp-Image-2025-07-25-at-08.16.15_2025-07-25_12-04-28-300x225.webp 300w, https:\/\/cdn.media-acidadeon.com.br\/ribeiraopreto\/wp-content\/uploads\/sites\/3\/2025\/07\/WhatsApp-Image-2025-07-25-at-08.16.15_2025-07-25_12-04-28-768x576.webp 768w, https:\/\/cdn.media-acidadeon.com.br\/ribeiraopreto\/wp-content\/uploads\/sites\/3\/2025\/07\/WhatsApp-Image-2025-07-25-at-08.16.15_2025-07-25_12-04-28-696x522.webp 696w, https:\/\/cdn.media-acidadeon.com.br\/ribeiraopreto\/wp-content\/uploads\/sites\/3\/2025\/07\/WhatsApp-Image-2025-07-25-at-08.16.15_2025-07-25_12-04-28-1068x801.webp 1068w, https:\/\/cdn.media-acidadeon.com.br\/ribeiraopreto\/wp-content\/uploads\/sites\/3\/2025\/07\/WhatsApp-Image-2025-07-25-at-08.16.15_2025-07-25_12-04-28.webp 1200w\" sizes=\"auto, (max-width: 1024px) 100vw, 1024px\"\/><\/figure>\n<figure class=\"wp-block-image size-large\"><img data-recalc-dims=\"1\" loading=\"lazy\" decoding=\"async\" width=\"1024\" height=\"768\" data-id=\"123774\" src=\"https:\/\/i0.wp.com\/cdn.media-acidadeon.com.br\/ribeiraopreto\/wp-content\/uploads\/sites\/3\/2025\/07\/WhatsApp-Image-2025-07-25-at-08.16.13_2025-07-25_12-04-29-1024x768.webp?resize=1024%2C768&#038;ssl=1\" alt=\"\" class=\"wp-image-123774\" srcset=\"https:\/\/cdn.media-acidadeon.com.br\/ribeiraopreto\/wp-content\/uploads\/sites\/3\/2025\/07\/WhatsApp-Image-2025-07-25-at-08.16.13_2025-07-25_12-04-29-1024x768.webp 1024w, https:\/\/cdn.media-acidadeon.com.br\/ribeiraopreto\/wp-content\/uploads\/sites\/3\/2025\/07\/WhatsApp-Image-2025-07-25-at-08.16.13_2025-07-25_12-04-29-300x225.webp 300w, https:\/\/cdn.media-acidadeon.com.br\/ribeiraopreto\/wp-content\/uploads\/sites\/3\/2025\/07\/WhatsApp-Image-2025-07-25-at-08.16.13_2025-07-25_12-04-29-768x576.webp 768w, https:\/\/cdn.media-acidadeon.com.br\/ribeiraopreto\/wp-content\/uploads\/sites\/3\/2025\/07\/WhatsApp-Image-2025-07-25-at-08.16.13_2025-07-25_12-04-29-696x522.webp 696w, https:\/\/cdn.media-acidadeon.com.br\/ribeiraopreto\/wp-content\/uploads\/sites\/3\/2025\/07\/WhatsApp-Image-2025-07-25-at-08.16.13_2025-07-25_12-04-29-1068x801.webp 1068w, https:\/\/cdn.media-acidadeon.com.br\/ribeiraopreto\/wp-content\/uploads\/sites\/3\/2025\/07\/WhatsApp-Image-2025-07-25-at-08.16.13_2025-07-25_12-04-29.webp 1200w\" sizes=\"auto, (max-width: 1024px) 100vw, 1024px\"\/><\/figure>\n<figure class=\"wp-block-image size-large\"><img data-recalc-dims=\"1\" loading=\"lazy\" decoding=\"async\" width=\"1024\" height=\"768\" data-id=\"123773\" src=\"https:\/\/i0.wp.com\/cdn.media-acidadeon.com.br\/ribeiraopreto\/wp-content\/uploads\/sites\/3\/2025\/07\/WhatsApp-Image-2025-07-25-at-08.16.06_2025-07-25_12-04-28-1024x768.webp?resize=1024%2C768&#038;ssl=1\" alt=\"\" class=\"wp-image-123773\" srcset=\"https:\/\/cdn.media-acidadeon.com.br\/ribeiraopreto\/wp-content\/uploads\/sites\/3\/2025\/07\/WhatsApp-Image-2025-07-25-at-08.16.06_2025-07-25_12-04-28-1024x768.webp 1024w, https:\/\/cdn.media-acidadeon.com.br\/ribeiraopreto\/wp-content\/uploads\/sites\/3\/2025\/07\/WhatsApp-Image-2025-07-25-at-08.16.06_2025-07-25_12-04-28-300x225.webp 300w, https:\/\/cdn.media-acidadeon.com.br\/ribeiraopreto\/wp-content\/uploads\/sites\/3\/2025\/07\/WhatsApp-Image-2025-07-25-at-08.16.06_2025-07-25_12-04-28-768x576.webp 768w, https:\/\/cdn.media-acidadeon.com.br\/ribeiraopreto\/wp-content\/uploads\/sites\/3\/2025\/07\/WhatsApp-Image-2025-07-25-at-08.16.06_2025-07-25_12-04-28-696x522.webp 696w, https:\/\/cdn.media-acidadeon.com.br\/ribeiraopreto\/wp-content\/uploads\/sites\/3\/2025\/07\/WhatsApp-Image-2025-07-25-at-08.16.06_2025-07-25_12-04-28-1068x801.webp 1068w, https:\/\/cdn.media-acidadeon.com.br\/ribeiraopreto\/wp-content\/uploads\/sites\/3\/2025\/07\/WhatsApp-Image-2025-07-25-at-08.16.06_2025-07-25_12-04-28.webp 1200w\" sizes=\"auto, (max-width: 1024px) 100vw, 1024px\"\/><\/figure>\n<figure class=\"wp-block-image size-large\"><img data-recalc-dims=\"1\" loading=\"lazy\" decoding=\"async\" width=\"1024\" height=\"768\" data-id=\"123775\" src=\"https:\/\/i0.wp.com\/cdn.media-acidadeon.com.br\/ribeiraopreto\/wp-content\/uploads\/sites\/3\/2025\/07\/WhatsApp-Image-2025-07-25-at-08.15.59_2025-07-25_12-04-29-1024x768.webp?resize=1024%2C768&#038;ssl=1\" alt=\"\" class=\"wp-image-123775\" srcset=\"https:\/\/cdn.media-acidadeon.com.br\/ribeiraopreto\/wp-content\/uploads\/sites\/3\/2025\/07\/WhatsApp-Image-2025-07-25-at-08.15.59_2025-07-25_12-04-29-1024x768.webp 1024w, https:\/\/cdn.media-acidadeon.com.br\/ribeiraopreto\/wp-content\/uploads\/sites\/3\/2025\/07\/WhatsApp-Image-2025-07-25-at-08.15.59_2025-07-25_12-04-29-300x225.webp 300w, https:\/\/cdn.media-acidadeon.com.br\/ribeiraopreto\/wp-content\/uploads\/sites\/3\/2025\/07\/WhatsApp-Image-2025-07-25-at-08.15.59_2025-07-25_12-04-29-768x576.webp 768w, https:\/\/cdn.media-acidadeon.com.br\/ribeiraopreto\/wp-content\/uploads\/sites\/3\/2025\/07\/WhatsApp-Image-2025-07-25-at-08.15.59_2025-07-25_12-04-29-696x522.webp 696w, https:\/\/cdn.media-acidadeon.com.br\/ribeiraopreto\/wp-content\/uploads\/sites\/3\/2025\/07\/WhatsApp-Image-2025-07-25-at-08.15.59_2025-07-25_12-04-29-1068x801.webp 1068w, https:\/\/cdn.media-acidadeon.com.br\/ribeiraopreto\/wp-content\/uploads\/sites\/3\/2025\/07\/WhatsApp-Image-2025-07-25-at-08.15.59_2025-07-25_12-04-29.webp 1200w\" sizes=\"auto, (max-width: 1024px) 100vw, 1024px\"\/><\/figure>\n<\/figure>\n<p><!-- AI CONTENT END 1 -->\n<\/div>\n<\/div>\n<p><br \/>\n<br \/><a href=\"https:\/\/www.acidadeon.com\/ribeiraopreto\/cotidiano\/acidente-com-5-veiculos-trava-transito-na-anhanguera-na-regiao-de-ribeirao-preto-fotos\/\">Source link <\/a><\/p>\n<!-- CONTENT END 1 -->\n","protected":false},"excerpt":{"rendered":"<p>Um grave acidente travou o tr\u00e2nsito na pista sentido sul (Capital) da rodovia Anhanguera (SP-330), na manh\u00e3 desta sexta-feira (25), em Cravinhos, na regi\u00e3o de&#8230;<\/p>\n","protected":false},"author":1,"featured_media":74591,"comment_status":"open","ping_status":"open","sticky":false,"template":"","format":"standard","meta":{"advanced_seo_description":"","jetpack_seo_html_title":"","jetpack_seo_noindex":false,"jetpack_post_was_ever_published":false,"_jetpack_newsletter_access":"","_jetpack_dont_email_post_to_subs":false,"_jetpack_newsletter_tier_id":0,"_jetpack_memberships_contains_paywalled_content":false,"_jetpack_memberships_contains_paid_content":false,"footnotes":"","jetpack_publicize_message":"","jetpack_publicize_feature_enabled":true,"jetpack_social_post_already_shared":true,"jetpack_social_options":{"image_generator_settings":{"template":"highway","default_image_id":0,"font":"","enabled":false},"version":2}},"categories":[11],"tags":[],"class_list":["post-74590","post","type-post","status-publish","format-standard","has-post-thumbnail","hentry","category-noticias-de-ribeirao-preto-sp-e-regiao-ismael-colosi"],"jetpack_publicize_connections":[],"jetpack_featured_media_url":"https:\/\/i0.wp.com\/noticiasribeiraopreto.com.br\/wp-content\/uploads\/2025\/07\/WhatsApp-Image-2025-07-25-at-08.16.18_2025-07-25_11-32-30.webp.webp?fit=1200%2C900&ssl=1","jetpack-related-posts":[{"id":74605,"url":"https:\/\/noticiasribeiraopreto.com.br\/index.php\/2025\/07\/25\/anhanguera-e-liberada-apos-grave-acidente-na-regiao-de-ribeirao-preto\/","url_meta":{"origin":74590,"position":0},"title":"Anhanguera \u00e9 liberada ap\u00f3s grave acidente na regi\u00e3o de Ribeir\u00e3o Preto","author":"noticiasribeiraopreto.com.br","date":"25 de July de 2025","format":false,"excerpt":"A pista sentido sul (Capital) da rodovia Anhanguera (SP-330) foi liberada por volta das 9h desta sexta-feira (25), depois de um greve acidente com cinco ve\u00edculos no in\u00edcio da manh\u00e3, no km 294+500, em Cravinhos, na regi\u00e3o de Ribeir\u00e3o Preto.\u00a0A informa\u00e7\u00e3o foi divulgada pela concession\u00e1ria ViaPaulista. Segundo as informa\u00e7\u00f5es,\u00a0cinco ve\u00edculos\u2026","rel":"","context":"In &quot;Not\u00edcias de Ribeir\u00e3o Preto-SP e Regi\u00e3o&quot;","block_context":{"text":"Not\u00edcias de Ribeir\u00e3o Preto-SP e Regi\u00e3o","link":"https:\/\/noticiasribeiraopreto.com.br\/index.php\/category\/noticias-de-ribeirao-preto-sp-e-regiao-ismael-colosi\/"},"img":{"alt_text":"","src":"https:\/\/i0.wp.com\/noticiasribeiraopreto.com.br\/wp-content\/uploads\/2025\/07\/WhatsApp-Image-2025-07-25-at-10.00.38_2025-07-25_13-01-52.webp.webp?fit=1200%2C711&ssl=1&resize=350%2C200","width":350,"height":200,"srcset":"https:\/\/i0.wp.com\/noticiasribeiraopreto.com.br\/wp-content\/uploads\/2025\/07\/WhatsApp-Image-2025-07-25-at-10.00.38_2025-07-25_13-01-52.webp.webp?fit=1200%2C711&ssl=1&resize=350%2C200 1x, https:\/\/i0.wp.com\/noticiasribeiraopreto.com.br\/wp-content\/uploads\/2025\/07\/WhatsApp-Image-2025-07-25-at-10.00.38_2025-07-25_13-01-52.webp.webp?fit=1200%2C711&ssl=1&resize=525%2C300 1.5x, https:\/\/i0.wp.com\/noticiasribeiraopreto.com.br\/wp-content\/uploads\/2025\/07\/WhatsApp-Image-2025-07-25-at-10.00.38_2025-07-25_13-01-52.webp.webp?fit=1200%2C711&ssl=1&resize=700%2C400 2x, https:\/\/i0.wp.com\/noticiasribeiraopreto.com.br\/wp-content\/uploads\/2025\/07\/WhatsApp-Image-2025-07-25-at-10.00.38_2025-07-25_13-01-52.webp.webp?fit=1200%2C711&ssl=1&resize=1050%2C600 3x"},"classes":[]},{"id":74592,"url":"https:\/\/noticiasribeiraopreto.com.br\/index.php\/2025\/07\/25\/grave-acidente-interdita-pista-da-anhanguera-na-regiao-de-ribeirao-preto\/","url_meta":{"origin":74590,"position":1},"title":"Grave acidente interdita pista da Anhanguera na regi\u00e3o de Ribeir\u00e3o Preto","author":"noticiasribeiraopreto.com.br","date":"25 de July de 2025","format":false,"excerpt":"Um grave acidente interditou a pista sentido sul (Capital) da rodovia Anhanguera (SP-330) na manh\u00e3 desta sexta-feira (25), no km 294+500, em Cravinhos, na regi\u00e3o de Ribeir\u00e3o Preto. Assista ao v\u00eddeo abaixo. Segundo as primeiras informa\u00e7\u00f5es, h\u00e1 pelo menos tr\u00eas v\u00edtimas \u2013 duas consideradas mais graves. Quatro caminh\u00f5es e um\u2026","rel":"","context":"In &quot;Not\u00edcias de Ribeir\u00e3o Preto-SP e Regi\u00e3o&quot;","block_context":{"text":"Not\u00edcias de Ribeir\u00e3o Preto-SP e Regi\u00e3o","link":"https:\/\/noticiasribeiraopreto.com.br\/index.php\/category\/noticias-de-ribeirao-preto-sp-e-regiao-ismael-colosi\/"},"img":{"alt_text":"","src":"https:\/\/i0.wp.com\/noticiasribeiraopreto.com.br\/wp-content\/uploads\/2025\/07\/ACIDENTE_2025-07-25_10-38-09.webp.webp?fit=1200%2C743&ssl=1&resize=350%2C200","width":350,"height":200,"srcset":"https:\/\/i0.wp.com\/noticiasribeiraopreto.com.br\/wp-content\/uploads\/2025\/07\/ACIDENTE_2025-07-25_10-38-09.webp.webp?fit=1200%2C743&ssl=1&resize=350%2C200 1x, https:\/\/i0.wp.com\/noticiasribeiraopreto.com.br\/wp-content\/uploads\/2025\/07\/ACIDENTE_2025-07-25_10-38-09.webp.webp?fit=1200%2C743&ssl=1&resize=525%2C300 1.5x, https:\/\/i0.wp.com\/noticiasribeiraopreto.com.br\/wp-content\/uploads\/2025\/07\/ACIDENTE_2025-07-25_10-38-09.webp.webp?fit=1200%2C743&ssl=1&resize=700%2C400 2x, https:\/\/i0.wp.com\/noticiasribeiraopreto.com.br\/wp-content\/uploads\/2025\/07\/ACIDENTE_2025-07-25_10-38-09.webp.webp?fit=1200%2C743&ssl=1&resize=1050%2C600 3x"},"classes":[]},{"id":52576,"url":"https:\/\/noticiasribeiraopreto.com.br\/index.php\/2024\/06\/10\/acidente-trava-o-transito-na-rodovia-anhanguera-em-ribeirao-preto\/","url_meta":{"origin":74590,"position":2},"title":"Acidente trava o tr\u00e2nsito na rodovia Anhanguera em Ribeir\u00e3o Preto","author":"noticiasribeiraopreto.com.br","date":"10 de June de 2024","format":false,"excerpt":"Um acidente com ao menos quatro ve\u00edculos prejudica o tr\u00e2nsito na manh\u00e3 desta segunda-feira (10), no km 311 da rodovia Anhanguera (SP-330), zona Leste em Ribeir\u00e3o Preto. Segundo as primeiras informa\u00e7\u00f5es da concession\u00e1ria ViaPaulista, tr\u00eas carros e uma moto foram envolvidos na pista sentido Norte (Capital-interior), na altura do Jardim\u2026","rel":"","context":"In &quot;Not\u00edcias de Ribeir\u00e3o Preto-SP e Regi\u00e3o&quot;","block_context":{"text":"Not\u00edcias de Ribeir\u00e3o Preto-SP e Regi\u00e3o","link":"https:\/\/noticiasribeiraopreto.com.br\/index.php\/category\/noticias-de-ribeirao-preto-sp-e-regiao-ismael-colosi\/"},"img":{"alt_text":"","src":"https:\/\/i0.wp.com\/noticiasribeiraopreto.com.br\/wp-content\/uploads\/2024\/06\/ACIDENTE_2024-06-10_12-03-42_jpg_2024-06-10_12-03-42.webp.webp?fit=1200%2C608&ssl=1&resize=350%2C200","width":350,"height":200,"srcset":"https:\/\/i0.wp.com\/noticiasribeiraopreto.com.br\/wp-content\/uploads\/2024\/06\/ACIDENTE_2024-06-10_12-03-42_jpg_2024-06-10_12-03-42.webp.webp?fit=1200%2C608&ssl=1&resize=350%2C200 1x, https:\/\/i0.wp.com\/noticiasribeiraopreto.com.br\/wp-content\/uploads\/2024\/06\/ACIDENTE_2024-06-10_12-03-42_jpg_2024-06-10_12-03-42.webp.webp?fit=1200%2C608&ssl=1&resize=525%2C300 1.5x, https:\/\/i0.wp.com\/noticiasribeiraopreto.com.br\/wp-content\/uploads\/2024\/06\/ACIDENTE_2024-06-10_12-03-42_jpg_2024-06-10_12-03-42.webp.webp?fit=1200%2C608&ssl=1&resize=700%2C400 2x, https:\/\/i0.wp.com\/noticiasribeiraopreto.com.br\/wp-content\/uploads\/2024\/06\/ACIDENTE_2024-06-10_12-03-42_jpg_2024-06-10_12-03-42.webp.webp?fit=1200%2C608&ssl=1&resize=1050%2C600 3x"},"classes":[]},{"id":74869,"url":"https:\/\/noticiasribeiraopreto.com.br\/index.php\/2025\/07\/30\/acidente-entre-caminhoes-provoca-lentidao-na-anhanguera-veja-fotos\/","url_meta":{"origin":74590,"position":3},"title":"Acidente entre caminh\u00f5es provoca lentid\u00e3o na Anhanguera; Veja fotos","author":"noticiasribeiraopreto.com.br","date":"30 de July de 2025","format":false,"excerpt":"O acidente que envolveu dois caminh\u00f5es na madrugada desta quarta-feira (30) causa lentid\u00e3o no tr\u00e2nsito da rodovia Anhanguera (SP-330), em Ribeir\u00e3o Preto. Um dos ve\u00edculos, que transportava quatro toneladas\u00a0de\u00a0morangos, tombou na pista sentido sul (Capital), depois de ser atingido pelo outro caminh\u00e3o na pista contr\u00e1ria e cruzar o canteiro, no\u2026","rel":"","context":"In &quot;Not\u00edcias de Ribeir\u00e3o Preto-SP e Regi\u00e3o&quot;","block_context":{"text":"Not\u00edcias de Ribeir\u00e3o Preto-SP e Regi\u00e3o","link":"https:\/\/noticiasribeiraopreto.com.br\/index.php\/category\/noticias-de-ribeirao-preto-sp-e-regiao-ismael-colosi\/"},"img":{"alt_text":"","src":"https:\/\/i0.wp.com\/noticiasribeiraopreto.com.br\/wp-content\/uploads\/2025\/07\/WhatsApp-Image-2025-07-30-at-07.38.26_2025-07-30_11-42-27.webp.webp?fit=1200%2C900&ssl=1&resize=350%2C200","width":350,"height":200,"srcset":"https:\/\/i0.wp.com\/noticiasribeiraopreto.com.br\/wp-content\/uploads\/2025\/07\/WhatsApp-Image-2025-07-30-at-07.38.26_2025-07-30_11-42-27.webp.webp?fit=1200%2C900&ssl=1&resize=350%2C200 1x, https:\/\/i0.wp.com\/noticiasribeiraopreto.com.br\/wp-content\/uploads\/2025\/07\/WhatsApp-Image-2025-07-30-at-07.38.26_2025-07-30_11-42-27.webp.webp?fit=1200%2C900&ssl=1&resize=525%2C300 1.5x, https:\/\/i0.wp.com\/noticiasribeiraopreto.com.br\/wp-content\/uploads\/2025\/07\/WhatsApp-Image-2025-07-30-at-07.38.26_2025-07-30_11-42-27.webp.webp?fit=1200%2C900&ssl=1&resize=700%2C400 2x, https:\/\/i0.wp.com\/noticiasribeiraopreto.com.br\/wp-content\/uploads\/2025\/07\/WhatsApp-Image-2025-07-30-at-07.38.26_2025-07-30_11-42-27.webp.webp?fit=1200%2C900&ssl=1&resize=1050%2C600 3x"},"classes":[]},{"id":77123,"url":"https:\/\/noticiasribeiraopreto.com.br\/index.php\/2025\/09\/11\/acidente-com-onibus-e-dois-carros-deixa-o-transito-lento-na-rodovia-anhanguera\/","url_meta":{"origin":74590,"position":4},"title":"Acidente com \u00f4nibus e dois carros deixa o tr\u00e2nsito lento na rodovia Anhanguera","author":"noticiasribeiraopreto.com.br","date":"11 de September de 2025","format":false,"excerpt":"Um engavetamento envolvendo um \u00f4nibus e dois carros deixou o tr\u00e2nsito lento na noite desta quinta-feira (11) na rodovia Anhanguera (SP-330), em Ribeir\u00e3o Preto. O acidente aconteceu no km 309, no sentido norte da via. Segundo informa\u00e7\u00f5es do Centro de Controle e Informa\u00e7\u00f5es da Artesp, o coletivo colidiu na traseira\u2026","rel":"","context":"In &quot;Not\u00edcias de Ribeir\u00e3o Preto-SP e Regi\u00e3o&quot;","block_context":{"text":"Not\u00edcias de Ribeir\u00e3o Preto-SP e Regi\u00e3o","link":"https:\/\/noticiasribeiraopreto.com.br\/index.php\/category\/noticias-de-ribeirao-preto-sp-e-regiao-ismael-colosi\/"},"img":{"alt_text":"","src":"https:\/\/i0.wp.com\/noticiasribeiraopreto.com.br\/wp-content\/uploads\/2025\/09\/Copia-de-Copia-de-Copia-de-TAMANHO-EXATO-PARA-FOTOS-NO-SISTEMA-NOVO-2025-09-11T202023.327_2025-09-11_23-20-45.webp.webp?fit=1200%2C675&ssl=1&resize=350%2C200","width":350,"height":200,"srcset":"https:\/\/i0.wp.com\/noticiasribeiraopreto.com.br\/wp-content\/uploads\/2025\/09\/Copia-de-Copia-de-Copia-de-TAMANHO-EXATO-PARA-FOTOS-NO-SISTEMA-NOVO-2025-09-11T202023.327_2025-09-11_23-20-45.webp.webp?fit=1200%2C675&ssl=1&resize=350%2C200 1x, https:\/\/i0.wp.com\/noticiasribeiraopreto.com.br\/wp-content\/uploads\/2025\/09\/Copia-de-Copia-de-Copia-de-TAMANHO-EXATO-PARA-FOTOS-NO-SISTEMA-NOVO-2025-09-11T202023.327_2025-09-11_23-20-45.webp.webp?fit=1200%2C675&ssl=1&resize=525%2C300 1.5x, https:\/\/i0.wp.com\/noticiasribeiraopreto.com.br\/wp-content\/uploads\/2025\/09\/Copia-de-Copia-de-Copia-de-TAMANHO-EXATO-PARA-FOTOS-NO-SISTEMA-NOVO-2025-09-11T202023.327_2025-09-11_23-20-45.webp.webp?fit=1200%2C675&ssl=1&resize=700%2C400 2x, https:\/\/i0.wp.com\/noticiasribeiraopreto.com.br\/wp-content\/uploads\/2025\/09\/Copia-de-Copia-de-Copia-de-TAMANHO-EXATO-PARA-FOTOS-NO-SISTEMA-NOVO-2025-09-11T202023.327_2025-09-11_23-20-45.webp.webp?fit=1200%2C675&ssl=1&resize=1050%2C600 3x"},"classes":[]},{"id":75411,"url":"https:\/\/noticiasribeiraopreto.com.br\/index.php\/2025\/08\/08\/acidente-envolve-4-caminhoes-e-deixa-transito-travado-na-anhanguera-fotos\/","url_meta":{"origin":74590,"position":5},"title":"Acidente envolve 4 caminh\u00f5es e deixa tr\u00e2nsito travado na Anhanguera; Fotos","author":"noticiasribeiraopreto.com.br","date":"8 de August de 2025","format":false,"excerpt":"Um acidente envolveu quatro caminh\u00f5es na manh\u00e3 desta sexta-feira (8), no km 308 da rodovia Anhanguera (SP-330), em Ribeir\u00e3o Preto. Segundo as informa\u00e7\u00f5es, os ve\u00edculos se envolveram em colis\u00f5es e houve reflexos no tr\u00e2nsito, com congestionamento de aproximadamente cinco quil\u00f4metros. O tr\u00e1fego foi liberado por volta das 9h30. Apesar dos\u2026","rel":"","context":"In &quot;Not\u00edcias de Ribeir\u00e3o Preto-SP e Regi\u00e3o&quot;","block_context":{"text":"Not\u00edcias de Ribeir\u00e3o Preto-SP e Regi\u00e3o","link":"https:\/\/noticiasribeiraopreto.com.br\/index.php\/category\/noticias-de-ribeirao-preto-sp-e-regiao-ismael-colosi\/"},"img":{"alt_text":"","src":"https:\/\/i0.wp.com\/noticiasribeiraopreto.com.br\/wp-content\/uploads\/2025\/08\/WhatsApp-Image-2025-08-08-at-09.40.01_2025-08-08_13-27-20.webp.webp?fit=1200%2C900&ssl=1&resize=350%2C200","width":350,"height":200,"srcset":"https:\/\/i0.wp.com\/noticiasribeiraopreto.com.br\/wp-content\/uploads\/2025\/08\/WhatsApp-Image-2025-08-08-at-09.40.01_2025-08-08_13-27-20.webp.webp?fit=1200%2C900&ssl=1&resize=350%2C200 1x, https:\/\/i0.wp.com\/noticiasribeiraopreto.com.br\/wp-content\/uploads\/2025\/08\/WhatsApp-Image-2025-08-08-at-09.40.01_2025-08-08_13-27-20.webp.webp?fit=1200%2C900&ssl=1&resize=525%2C300 1.5x, https:\/\/i0.wp.com\/noticiasribeiraopreto.com.br\/wp-content\/uploads\/2025\/08\/WhatsApp-Image-2025-08-08-at-09.40.01_2025-08-08_13-27-20.webp.webp?fit=1200%2C900&ssl=1&resize=700%2C400 2x, https:\/\/i0.wp.com\/noticiasribeiraopreto.com.br\/wp-content\/uploads\/2025\/08\/WhatsApp-Image-2025-08-08-at-09.40.01_2025-08-08_13-27-20.webp.webp?fit=1200%2C900&ssl=1&resize=1050%2C600 3x"},"classes":[]}],"jetpack_sharing_enabled":true,"jetpack_shortlink":"https:\/\/wp.me\/peQAOb-jp4","_links":{"self":[{"href":"https:\/\/noticiasribeiraopreto.com.br\/index.php\/wp-json\/wp\/v2\/posts\/74590","targetHints":{"allow":["GET"]}}],"collection":[{"href":"https:\/\/noticiasribeiraopreto.com.br\/index.php\/wp-json\/wp\/v2\/posts"}],"about":[{"href":"https:\/\/noticiasribeiraopreto.com.br\/index.php\/wp-json\/wp\/v2\/types\/post"}],"author":[{"embeddable":true,"href":"https:\/\/noticiasribeiraopreto.com.br\/index.php\/wp-json\/wp\/v2\/users\/1"}],"replies":[{"embeddable":true,"href":"https:\/\/noticiasribeiraopreto.com.br\/index.php\/wp-json\/wp\/v2\/comments?post=74590"}],"version-history":[{"count":0,"href":"https:\/\/noticiasribeiraopreto.com.br\/index.php\/wp-json\/wp\/v2\/posts\/74590\/revisions"}],"wp:featuredmedia":[{"embeddable":true,"href":"https:\/\/noticiasribeiraopreto.com.br\/index.php\/wp-json\/wp\/v2\/media\/74591"}],"wp:attachment":[{"href":"https:\/\/noticiasribeiraopreto.com.br\/index.php\/wp-json\/wp\/v2\/media?parent=74590"}],"wp:term":[{"taxonomy":"category","embeddable":true,"href":"https:\/\/noticiasribeiraopreto.com.br\/index.php\/wp-json\/wp\/v2\/categories?post=74590"},{"taxonomy":"post_tag","embeddable":true,"href":"https:\/\/noticiasribeiraopreto.com.br\/index.php\/wp-json\/wp\/v2\/tags?post=74590"}],"curies":[{"name":"wp","href":"https:\/\/api.w.org\/{rel}","templated":true}]}}