{"id":74594,"date":"2025-07-25T09:43:09","date_gmt":"2025-07-25T12:43:09","guid":{"rendered":"https:\/\/noticiasribeiraopreto.com.br\/index.php\/2025\/07\/25\/reembolso-do-inss-atinge-400-mil-idosos-no-1o-dia\/"},"modified":"2025-07-25T09:43:09","modified_gmt":"2025-07-25T12:43:09","slug":"reembolso-do-inss-atinge-400-mil-idosos-no-1o-dia","status":"publish","type":"post","link":"https:\/\/noticiasribeiraopreto.com.br\/index.php\/2025\/07\/25\/reembolso-do-inss-atinge-400-mil-idosos-no-1o-dia\/","title":{"rendered":"Reembolso do INSS atinge 400 mil idosos no 1\u00ba dia"},"content":{"rendered":"<div class='code-block code-block-1' style='margin: 8px 0 8px auto; text-align: right; display: block; clear: both;'>\n<p><a href=\"https:\/\/wa.link\/vpicfd\"><img data-recalc-dims=\"1\" class=\"wp-image-4922\" style=\"aspect-ratio: 2.0253164556962027; width: 561px; height: auto;\" src=\"https:\/\/i0.wp.com\/ismaelcolosi.com.br\/wp-content\/uploads\/2023\/11\/grupo-de-empregos-whatsapp-e-facebook-ismael-colosi-vagas.jpg?ssl=1\" alt=\"\" \/><\/a><\/p>\n<!-- \/wp:image -->\n<\/div>\n<p> <br \/>\n<\/p>\n<div id=\"\">\n<p>\n\t\t\t\t\t\t\t\t\t<span class=\"entry-meta-item penci-posted-on\"><i class=\"fa fa-clock-o\"\/><time class=\"entry-date published updated\" datetime=\"2025-07-25T09:37:27-03:00\">25 de julho de 2025 09:37<\/time><\/span><span class=\"entry-meta-item penci-post-countview\"><span class=\"entry-meta-item penci-post-countview penci_post-meta_item\"><i class=\"fa fa-eye\"\/><span class=\"penci-post-countview-number penci-post-countview-p432626\">0<\/span><\/span><\/span>\t\t\t\t\t\t\t\t<\/p>\n<p><!-- .entry-meta --><br \/>\n\t\t\t\t\t\t\t\t<span class=\"penci-social-buttons penci-social-share-footer\"><span class=\"penci-social-share-text\">Compartilhar<\/span><a href=\"#\" class=\"penci-post-like penci_post-meta_item  single-like-button penci-social-item like\" data-post_id=\"432626\" title=\"Like\" data-like=\"Like\" data-unlike=\"Unlike\"><i class=\"fa fa-thumbs-o-up\"\/><span class=\"penci-share-number\">0<\/span><\/a><i class=\"fa fa-facebook\"\/><a class=\"penci-social-item twitter\" target=\"_blank\" rel=\"noopener\" title=\"\" href=\"https:\/\/twitter.com\/intent\/tweet?text=Reembolso%20do%20INSS%20atinge%20400%20mil%20idosos%20no%201\u00ba%20dia%20-%20https:\/\/www.tribunaribeirao.com.br\/reembolso-do-inss-atinge-400-mil-idosos-no-1o-dia\/\"><i class=\"fa fa-twitter\"\/><\/a><i class=\"fa fa-linkedin\"\/><i class=\"fa fa-whatsapp\"\/><i class=\"fa fa-telegram\"\/><i class=\"fa fa-envelope\"\/><\/span>\t\t\t\t\t\t\t<\/div>\n<div>\n<p>O governo federal iniciou nesta quinta-feira, 24 de julho, os dep\u00f3sitos para benefici\u00e1rios que formalizaram a ades\u00e3o ao acordo de ressarcimento a aposentados e pensionistas que sofreram descontos indevidos no INSS. Os pagamentos s\u00e3o feitos na mesma conta em que o benef\u00edcio do Instituto Nacional do Seguro Social (INSS) \u00e9 depositado, com corre\u00e7\u00e3o pelo \u00cdndice Nacional de Pre\u00e7os ao Consumidor Amplo (IPCA), sem necessidade de informar dados extras.<\/p>\n<p>Tudo por via administrativa, sem a\u00e7\u00e3o judicial. Na \u00faltima semana, o presidente Luiz In\u00e1cio Lula da Silva assinou Medida Provis\u00f3ria que abre cr\u00e9dito extraordin\u00e1rio de R$ 3,31 bilh\u00f5es para agilizar a devolu\u00e7\u00e3o dos recursos sacados de forma irregular por entidades associativas de mar\u00e7o de 2020 a mar\u00e7o de 2025. Nesta quinta-feira, 400 mil pessoas come\u00e7aram a ser ressarcidas. A partir desta sexta-feira (25), ser\u00e3o 100 mil por dia.<\/p>\n<p>At\u00e9 quarta-feira, 23 de julho, mais de um milh\u00e3o de aposentados e pensionistas j\u00e1 tinham aderido ao acordo do governo federal homologado pelo Supremo Tribunal Federal (STF). O n\u00famero representa 48,4% do total de benefici\u00e1rios aptos a assinar a ades\u00e3o. Quem aderiu primeiro \u00e9 contemplado nos primeiros dias de pagamento.<\/p>\n<p>Segundo o INSS, 1.052.128 de pessoas j\u00e1 formalizaram o pedido de ressarcimento. Destas, 196.160 residem em S\u00e3o Paulo; 99.949, em Minas Gerais e 93.738 no Rio de Janeiro. Em seguida, v\u00eam os estados do Cear\u00e1 (56.417); de Pernambuco (50.206); do Rio Grande do Sul (48.316) e do Maranh\u00e3o (43.116). At\u00e9 a manh\u00e3 desta quinta-feira (24), Roraima era o estado com o menor n\u00famero de ades\u00f5es (1.960).<\/p>\n<p>Mesmo ap\u00f3s o in\u00edcio dos pagamentos, o prazo para contesta\u00e7\u00e3o de descontos indevidos segue aberto at\u00e9, pelo menos, 14 de novembro de 2025. A ades\u00e3o ao acordo continuar\u00e1 dispon\u00edvel mesmo ap\u00f3s essa data. \u201cO governo firmou um acordo hist\u00f3rico para acelerar a devolu\u00e7\u00e3o dos descontos ilegais em benef\u00edcios. Caso voc\u00ea ainda n\u00e3o tenha contestado os descontos indevidos, pode fazer at\u00e9 14 de novembro\u201d, ressaltou o presidente Lula em postagem nas redes sociais.<\/p>\n<p>O ministro Wolney Queiroz (Previd\u00eancia Social) destacou que o governo federal est\u00e1 adiantando o dinheiro aos benefici\u00e1rios, mas que seguem as apura\u00e7\u00f5es para responsabilizar os culpados pelos descontos. \u201cO governo est\u00e1 adiantando esse dinheiro, mas n\u00e3o vai abrir m\u00e3o de nenhum centavo nas a\u00e7\u00f5es de regresso em busca de ressarcimento do Tesouro Nacional\u201d.<\/p>\n<p>O plano de ressarcimento foi homologado pelo STF a partir de concilia\u00e7\u00e3o assinada entre v\u00e1rias institui\u00e7\u00f5es. Al\u00e9m do Minist\u00e9rio da Previd\u00eancia Social e do INSS, assinaram o pacto a Advocacia-Geral da Uni\u00e3o (AGU), a Defensoria P\u00fablica da Uni\u00e3o (DPU), o Minist\u00e9rio P\u00fablico Federal (MPF) e o Conselho Federal da Ordem dos Advogados do Brasil (CFOAB).<\/p>\n<p>Primeiro, o benefici\u00e1rio precisa contestar o desconto indevido (pelo aplicativo Meu INSS, Central 135 ou ag\u00eancias dos Correios). A entidade tem at\u00e9 15 dias \u00fateis para responder. Se n\u00e3o houver resposta, o sistema libera a op\u00e7\u00e3o para aderir ao acordo.<\/p>\n<p>Aposentados e pensionistas que contestaram descontos indevidos entre mar\u00e7o de 2020 e mar\u00e7o de 2025 e ficaram sem resposta das entidades associativas recebem o valor de volta sem precisar entrar na Justi\u00e7a. Basta aderir \u00e0 proposta pelo aplicativo Meu INSS ou presencialmente nas ag\u00eancias dos Correios.<\/p>\n<p>Se o aposentado contestar a validade da documenta\u00e7\u00e3o, a entidade ser\u00e1 intimada a devolver os valores no prazo de cinco dias \u00fateis e o caso vai passar por auditoria. Se a entidade n\u00e3o fizer a devolu\u00e7\u00e3o, o benefici\u00e1rio ser\u00e1 orientado sobre as medidas judiciais cab\u00edveis. O INSS est\u00e1 propondo uma parceria com as Defensorias P\u00fablicas dos Estados para o apoio jur\u00eddico aos benefici\u00e1rios nesses casos.<\/p>\n<\/div>\n<p><script async src=\"\/\/platform.twitter.com\/widgets.js\" charset=\"utf-8\"><\/script><br \/>\n<br \/><br \/>\n<br \/><a href=\"https:\/\/www.tribunaribeirao.com.br\/reembolso-do-inss-atinge-400-mil-idosos-no-1o-dia\/\">Source link <\/a><\/p>\n<!-- CONTENT END 1 -->\n","protected":false},"excerpt":{"rendered":"<p>25 de julho de 2025 09:370 Compartilhar0 O governo federal iniciou nesta quinta-feira, 24 de julho, os dep\u00f3sitos para benefici\u00e1rios que formalizaram a ades\u00e3o ao&#8230;<\/p>\n","protected":false},"author":1,"featured_media":74595,"comment_status":"open","ping_status":"open","sticky":false,"template":"","format":"standard","meta":{"advanced_seo_description":"","jetpack_seo_html_title":"","jetpack_seo_noindex":false,"jetpack_post_was_ever_published":false,"_jetpack_newsletter_access":"","_jetpack_dont_email_post_to_subs":false,"_jetpack_newsletter_tier_id":0,"_jetpack_memberships_contains_paywalled_content":false,"_jetpack_memberships_contains_paid_content":false,"footnotes":"","jetpack_publicize_message":"","jetpack_publicize_feature_enabled":true,"jetpack_social_post_already_shared":true,"jetpack_social_options":{"image_generator_settings":{"template":"highway","default_image_id":0,"font":"","enabled":false},"version":2}},"categories":[11],"tags":[],"class_list":["post-74594","post","type-post","status-publish","format-standard","has-post-thumbnail","hentry","category-noticias-de-ribeirao-preto-sp-e-regiao-ismael-colosi"],"jetpack_publicize_connections":[],"jetpack_featured_media_url":"https:\/\/i0.wp.com\/noticiasribeiraopreto.com.br\/wp-content\/uploads\/2025\/07\/FraudeINSS-Joedson-Alves-Ag.Br_-2.jpg?fit=1170%2C700&ssl=1","jetpack-related-posts":[{"id":73847,"url":"https:\/\/noticiasribeiraopreto.com.br\/index.php\/2025\/07\/10\/inss-inicia-reembolso-de-desconto-indevido-no-dia-24-veja-como-solicitar\/","url_meta":{"origin":74594,"position":0},"title":"INSS inicia reembolso de desconto indevido no dia 24; veja como solicitar","author":"noticiasribeiraopreto.com.br","date":"10 de July de 2025","format":false,"excerpt":"O INSS abre nesta sexta-feira (11) o per\u00edodo de ades\u00e3o ao acordo de reembolso para aposentados e pensionistas que sofreram descontos associativos n\u00e3o autorizados nos benef\u00edcios. Quem tem direito ao reembolso? T\u00eam direito ao valor os benefici\u00e1rios que sofreram descontos n\u00e3o autorizados entre mar\u00e7o de 2020 e mar\u00e7o de 2025.\u2026","rel":"","context":"In &quot;Not\u00edcias de Ribeir\u00e3o Preto-SP e Regi\u00e3o&quot;","block_context":{"text":"Not\u00edcias de Ribeir\u00e3o Preto-SP e Regi\u00e3o","link":"https:\/\/noticiasribeiraopreto.com.br\/index.php\/category\/noticias-de-ribeirao-preto-sp-e-regiao-ismael-colosi\/"},"img":{"alt_text":"","src":"https:\/\/i0.wp.com\/noticiasribeiraopreto.com.br\/wp-content\/uploads\/2025\/06\/aposentadoria-13-salario.webp.webp?fit=1163%2C693&ssl=1&resize=350%2C200","width":350,"height":200,"srcset":"https:\/\/i0.wp.com\/noticiasribeiraopreto.com.br\/wp-content\/uploads\/2025\/06\/aposentadoria-13-salario.webp.webp?fit=1163%2C693&ssl=1&resize=350%2C200 1x, https:\/\/i0.wp.com\/noticiasribeiraopreto.com.br\/wp-content\/uploads\/2025\/06\/aposentadoria-13-salario.webp.webp?fit=1163%2C693&ssl=1&resize=525%2C300 1.5x, https:\/\/i0.wp.com\/noticiasribeiraopreto.com.br\/wp-content\/uploads\/2025\/06\/aposentadoria-13-salario.webp.webp?fit=1163%2C693&ssl=1&resize=700%2C400 2x, https:\/\/i0.wp.com\/noticiasribeiraopreto.com.br\/wp-content\/uploads\/2025\/06\/aposentadoria-13-salario.webp.webp?fit=1163%2C693&ssl=1&resize=1050%2C600 3x"},"classes":[]},{"id":74378,"url":"https:\/\/noticiasribeiraopreto.com.br\/index.php\/2025\/07\/21\/inss-quem-aderir-ao-ressarcimento-ate-hoje-pode-receber-ainda-nesta-semana\/","url_meta":{"origin":74594,"position":1},"title":"INSS: quem aderir ao ressarcimento at\u00e9 hoje pode receber ainda nesta semana","author":"noticiasribeiraopreto.com.br","date":"21 de July de 2025","format":false,"excerpt":"Aposentados e pensionistas que sofreram descontos indevidos por causa de fraudes relacionadas ao Instituto Nacional do Seguro Social (INSS) t\u00eam at\u00e9 esta segunda-feira (21) para aderir ao acordo de ressarcimento. Quem aceitar os termos at\u00e9 o fim do dia pode receber os valores de volta ainda nesta semana. O governo\u2026","rel":"","context":"In &quot;Not\u00edcias de Ribeir\u00e3o Preto-SP e Regi\u00e3o&quot;","block_context":{"text":"Not\u00edcias de Ribeir\u00e3o Preto-SP e Regi\u00e3o","link":"https:\/\/noticiasribeiraopreto.com.br\/index.php\/category\/noticias-de-ribeirao-preto-sp-e-regiao-ismael-colosi\/"},"img":{"alt_text":"","src":"https:\/\/i0.wp.com\/noticiasribeiraopreto.com.br\/wp-content\/uploads\/2025\/07\/MEU-INSS_2025-05-13_11-36-54.webp.webp?fit=1200%2C716&ssl=1&resize=350%2C200","width":350,"height":200,"srcset":"https:\/\/i0.wp.com\/noticiasribeiraopreto.com.br\/wp-content\/uploads\/2025\/07\/MEU-INSS_2025-05-13_11-36-54.webp.webp?fit=1200%2C716&ssl=1&resize=350%2C200 1x, https:\/\/i0.wp.com\/noticiasribeiraopreto.com.br\/wp-content\/uploads\/2025\/07\/MEU-INSS_2025-05-13_11-36-54.webp.webp?fit=1200%2C716&ssl=1&resize=525%2C300 1.5x, https:\/\/i0.wp.com\/noticiasribeiraopreto.com.br\/wp-content\/uploads\/2025\/07\/MEU-INSS_2025-05-13_11-36-54.webp.webp?fit=1200%2C716&ssl=1&resize=700%2C400 2x, https:\/\/i0.wp.com\/noticiasribeiraopreto.com.br\/wp-content\/uploads\/2025\/07\/MEU-INSS_2025-05-13_11-36-54.webp.webp?fit=1200%2C716&ssl=1&resize=1050%2C600 3x"},"classes":[]},{"id":62837,"url":"https:\/\/noticiasribeiraopreto.com.br\/index.php\/2025\/01\/25\/defensoria-publica-de-sp-anuncia-concurso-publico-com-400-vagas-e-salarios-de-r-9-mil\/","url_meta":{"origin":74594,"position":2},"title":"Defensoria P\u00fablica de SP anuncia concurso p\u00fablico com 400 vagas e sal\u00e1rios de R$ 9 mil","author":"noticiasribeiraopreto.com.br","date":"25 de January de 2025","format":false,"excerpt":"A Defensoria P\u00fablica do Estado de S\u00e3o Paulo (DPE-SP) anunciou a abertura de concurso p\u00fablico com 400 vagas ao cargo de Analista de Defensoria P\u00fablica, cujo sal\u00e1rio \u00e9 de R$ 9.123,70. A prova est\u00e1 prevista para ser realizada no dia 13 de abril deste ano. Os candidatos ainda ter\u00e3o a\u2026","rel":"","context":"In &quot;Not\u00edcias de Ribeir\u00e3o Preto-SP e Regi\u00e3o&quot;","block_context":{"text":"Not\u00edcias de Ribeir\u00e3o Preto-SP e Regi\u00e3o","link":"https:\/\/noticiasribeiraopreto.com.br\/index.php\/category\/noticias-de-ribeirao-preto-sp-e-regiao-ismael-colosi\/"},"img":{"alt_text":"","src":"https:\/\/i0.wp.com\/noticiasribeiraopreto.com.br\/wp-content\/uploads\/2024\/10\/close-up-woman-filling-application-form_2024-10-02_18-06-48_jpg_2024-10-02_18-06-50-scaled.webp.webp?fit=1200%2C800&ssl=1&resize=350%2C200","width":350,"height":200,"srcset":"https:\/\/i0.wp.com\/noticiasribeiraopreto.com.br\/wp-content\/uploads\/2024\/10\/close-up-woman-filling-application-form_2024-10-02_18-06-48_jpg_2024-10-02_18-06-50-scaled.webp.webp?fit=1200%2C800&ssl=1&resize=350%2C200 1x, https:\/\/i0.wp.com\/noticiasribeiraopreto.com.br\/wp-content\/uploads\/2024\/10\/close-up-woman-filling-application-form_2024-10-02_18-06-48_jpg_2024-10-02_18-06-50-scaled.webp.webp?fit=1200%2C800&ssl=1&resize=525%2C300 1.5x, https:\/\/i0.wp.com\/noticiasribeiraopreto.com.br\/wp-content\/uploads\/2024\/10\/close-up-woman-filling-application-form_2024-10-02_18-06-48_jpg_2024-10-02_18-06-50-scaled.webp.webp?fit=1200%2C800&ssl=1&resize=700%2C400 2x, https:\/\/i0.wp.com\/noticiasribeiraopreto.com.br\/wp-content\/uploads\/2024\/10\/close-up-woman-filling-application-form_2024-10-02_18-06-48_jpg_2024-10-02_18-06-50-scaled.webp.webp?fit=1200%2C800&ssl=1&resize=1050%2C600 3x"},"classes":[]},{"id":77034,"url":"https:\/\/noticiasribeiraopreto.com.br\/index.php\/2025\/09\/10\/incendio-atinge-vegetacao-em-bairro-da-zona-leste-de-ribeirao-video\/","url_meta":{"origin":74594,"position":3},"title":"Inc\u00eandio atinge vegeta\u00e7\u00e3o em bairro da zona Leste de Ribeir\u00e3o; V\u00eddeo","author":"noticiasribeiraopreto.com.br","date":"10 de September de 2025","format":false,"excerpt":"Um inc\u00eandio atinge uma \u00e1rea de vegeta\u00e7\u00e3o pr\u00f3xima ao bairro Ribeir\u00e3o Verde, na zona Leste de Ribeir\u00e3o Preto, na tarde desta quarta-feira (10). Ainda n\u00e3o h\u00e1 informa\u00e7\u00f5es sobre a causa do inc\u00eandio. A intensa fuma\u00e7a escura pode ser observada de diversas \u00e1reas da cidade. Equipes do Corpo de Bombeiros e\u2026","rel":"","context":"In &quot;Not\u00edcias de Ribeir\u00e3o Preto-SP e Regi\u00e3o&quot;","block_context":{"text":"Not\u00edcias de Ribeir\u00e3o Preto-SP e Regi\u00e3o","link":"https:\/\/noticiasribeiraopreto.com.br\/index.php\/category\/noticias-de-ribeirao-preto-sp-e-regiao-ismael-colosi\/"},"img":{"alt_text":"","src":"https:\/\/i0.wp.com\/noticiasribeiraopreto.com.br\/wp-content\/uploads\/2025\/09\/Copia-de-Copia-de-Copia-de-TAMANHO-EXATO-PARA-FOTOS-NO-SISTEMA-NOVO-2025-09-10T150430.514_2025-09-10_18-04-37.webp.webp?fit=1200%2C675&ssl=1&resize=350%2C200","width":350,"height":200,"srcset":"https:\/\/i0.wp.com\/noticiasribeiraopreto.com.br\/wp-content\/uploads\/2025\/09\/Copia-de-Copia-de-Copia-de-TAMANHO-EXATO-PARA-FOTOS-NO-SISTEMA-NOVO-2025-09-10T150430.514_2025-09-10_18-04-37.webp.webp?fit=1200%2C675&ssl=1&resize=350%2C200 1x, https:\/\/i0.wp.com\/noticiasribeiraopreto.com.br\/wp-content\/uploads\/2025\/09\/Copia-de-Copia-de-Copia-de-TAMANHO-EXATO-PARA-FOTOS-NO-SISTEMA-NOVO-2025-09-10T150430.514_2025-09-10_18-04-37.webp.webp?fit=1200%2C675&ssl=1&resize=525%2C300 1.5x, https:\/\/i0.wp.com\/noticiasribeiraopreto.com.br\/wp-content\/uploads\/2025\/09\/Copia-de-Copia-de-Copia-de-TAMANHO-EXATO-PARA-FOTOS-NO-SISTEMA-NOVO-2025-09-10T150430.514_2025-09-10_18-04-37.webp.webp?fit=1200%2C675&ssl=1&resize=700%2C400 2x, https:\/\/i0.wp.com\/noticiasribeiraopreto.com.br\/wp-content\/uploads\/2025\/09\/Copia-de-Copia-de-Copia-de-TAMANHO-EXATO-PARA-FOTOS-NO-SISTEMA-NOVO-2025-09-10T150430.514_2025-09-10_18-04-37.webp.webp?fit=1200%2C675&ssl=1&resize=1050%2C600 3x"},"classes":[]},{"id":51984,"url":"https:\/\/noticiasribeiraopreto.com.br\/index.php\/2024\/06\/02\/incendio-atinge-residencia-com-casal-de-idosos-na-regiao-de-ribeirao-preto\/","url_meta":{"origin":74594,"position":4},"title":"Inc\u00eandio atinge resid\u00eancia com casal de idosos na regi\u00e3o de Ribeir\u00e3o Preto","author":"noticiasribeiraopreto.com.br","date":"2 de June de 2024","format":false,"excerpt":"Um inc\u00eandio atingiu uma resid\u00eancia onde estava um casal de idosos e um filho na tarde deste domingo (2), em Sert\u00e3ozinho, na regi\u00e3o de Ribeir\u00e3o Preto. Segundo informa\u00e7\u00f5es, os idosos foram retirados do im\u00f3vel pelo filho, que rapidamente percebeu as chamas na rua Carlos Gomes, no Jardim Nova Sert\u00e3ozinho. Apesar\u2026","rel":"","context":"In &quot;Not\u00edcias de Ribeir\u00e3o Preto-SP e Regi\u00e3o&quot;","block_context":{"text":"Not\u00edcias de Ribeir\u00e3o Preto-SP e Regi\u00e3o","link":"https:\/\/noticiasribeiraopreto.com.br\/index.php\/category\/noticias-de-ribeirao-preto-sp-e-regiao-ismael-colosi\/"},"img":{"alt_text":"","src":"https:\/\/i0.wp.com\/noticiasribeiraopreto.com.br\/wp-content\/uploads\/2024\/06\/viaturas_2024-06-02_21-54-54_jpg_2024-06-02_21-54-54.webp.webp?fit=1029%2C578&ssl=1&resize=350%2C200","width":350,"height":200,"srcset":"https:\/\/i0.wp.com\/noticiasribeiraopreto.com.br\/wp-content\/uploads\/2024\/06\/viaturas_2024-06-02_21-54-54_jpg_2024-06-02_21-54-54.webp.webp?fit=1029%2C578&ssl=1&resize=350%2C200 1x, https:\/\/i0.wp.com\/noticiasribeiraopreto.com.br\/wp-content\/uploads\/2024\/06\/viaturas_2024-06-02_21-54-54_jpg_2024-06-02_21-54-54.webp.webp?fit=1029%2C578&ssl=1&resize=525%2C300 1.5x, https:\/\/i0.wp.com\/noticiasribeiraopreto.com.br\/wp-content\/uploads\/2024\/06\/viaturas_2024-06-02_21-54-54_jpg_2024-06-02_21-54-54.webp.webp?fit=1029%2C578&ssl=1&resize=700%2C400 2x"},"classes":[]},{"id":73142,"url":"https:\/\/noticiasribeiraopreto.com.br\/index.php\/2025\/06\/25\/programa-oferece-atividades-gratuitas-para-idosos-em-ribeirao-preto-veja-como-participar\/","url_meta":{"origin":74594,"position":5},"title":"Programa oferece atividades gratuitas para idosos em Ribeir\u00e3o Preto; veja como participar","author":"noticiasribeiraopreto.com.br","date":"25 de June de 2025","format":false,"excerpt":"Idosos com 60 anos ou mais j\u00e1 podem se inscrever no programa \u201cBem-Viver \u2013 Envelhecer com sa\u00fade, viver com alegria\u201d, que oferece atividades semanais voltadas ao bem-estar, \u00e0 pr\u00e1tica esportiva, \u00e0 sa\u00fade mental e \u00e0 integra\u00e7\u00e3o social. A iniciativa \u00e9 destinada a aposentados, pensionistas do munic\u00edpio e credenciados ao Sassom.\u2026","rel":"","context":"In &quot;Not\u00edcias de Ribeir\u00e3o Preto-SP e Regi\u00e3o&quot;","block_context":{"text":"Not\u00edcias de Ribeir\u00e3o Preto-SP e Regi\u00e3o","link":"https:\/\/noticiasribeiraopreto.com.br\/index.php\/category\/noticias-de-ribeirao-preto-sp-e-regiao-ismael-colosi\/"},"img":{"alt_text":"","src":"https:\/\/i0.wp.com\/noticiasribeiraopreto.com.br\/wp-content\/uploads\/2025\/06\/Copia-de-Copia-de-Copia-de-TAMANHO-EXATO-PARA-FOTOS-NO-SISTEMA-NOVO-2025-06-25T200734.029_2025-06-25_23-07-51.webp.webp?fit=1200%2C675&ssl=1&resize=350%2C200","width":350,"height":200,"srcset":"https:\/\/i0.wp.com\/noticiasribeiraopreto.com.br\/wp-content\/uploads\/2025\/06\/Copia-de-Copia-de-Copia-de-TAMANHO-EXATO-PARA-FOTOS-NO-SISTEMA-NOVO-2025-06-25T200734.029_2025-06-25_23-07-51.webp.webp?fit=1200%2C675&ssl=1&resize=350%2C200 1x, https:\/\/i0.wp.com\/noticiasribeiraopreto.com.br\/wp-content\/uploads\/2025\/06\/Copia-de-Copia-de-Copia-de-TAMANHO-EXATO-PARA-FOTOS-NO-SISTEMA-NOVO-2025-06-25T200734.029_2025-06-25_23-07-51.webp.webp?fit=1200%2C675&ssl=1&resize=525%2C300 1.5x, https:\/\/i0.wp.com\/noticiasribeiraopreto.com.br\/wp-content\/uploads\/2025\/06\/Copia-de-Copia-de-Copia-de-TAMANHO-EXATO-PARA-FOTOS-NO-SISTEMA-NOVO-2025-06-25T200734.029_2025-06-25_23-07-51.webp.webp?fit=1200%2C675&ssl=1&resize=700%2C400 2x, https:\/\/i0.wp.com\/noticiasribeiraopreto.com.br\/wp-content\/uploads\/2025\/06\/Copia-de-Copia-de-Copia-de-TAMANHO-EXATO-PARA-FOTOS-NO-SISTEMA-NOVO-2025-06-25T200734.029_2025-06-25_23-07-51.webp.webp?fit=1200%2C675&ssl=1&resize=1050%2C600 3x"},"classes":[]}],"jetpack_sharing_enabled":true,"jetpack_shortlink":"https:\/\/wp.me\/peQAOb-jp8","_links":{"self":[{"href":"https:\/\/noticiasribeiraopreto.com.br\/index.php\/wp-json\/wp\/v2\/posts\/74594","targetHints":{"allow":["GET"]}}],"collection":[{"href":"https:\/\/noticiasribeiraopreto.com.br\/index.php\/wp-json\/wp\/v2\/posts"}],"about":[{"href":"https:\/\/noticiasribeiraopreto.com.br\/index.php\/wp-json\/wp\/v2\/types\/post"}],"author":[{"embeddable":true,"href":"https:\/\/noticiasribeiraopreto.com.br\/index.php\/wp-json\/wp\/v2\/users\/1"}],"replies":[{"embeddable":true,"href":"https:\/\/noticiasribeiraopreto.com.br\/index.php\/wp-json\/wp\/v2\/comments?post=74594"}],"version-history":[{"count":0,"href":"https:\/\/noticiasribeiraopreto.com.br\/index.php\/wp-json\/wp\/v2\/posts\/74594\/revisions"}],"wp:featuredmedia":[{"embeddable":true,"href":"https:\/\/noticiasribeiraopreto.com.br\/index.php\/wp-json\/wp\/v2\/media\/74595"}],"wp:attachment":[{"href":"https:\/\/noticiasribeiraopreto.com.br\/index.php\/wp-json\/wp\/v2\/media?parent=74594"}],"wp:term":[{"taxonomy":"category","embeddable":true,"href":"https:\/\/noticiasribeiraopreto.com.br\/index.php\/wp-json\/wp\/v2\/categories?post=74594"},{"taxonomy":"post_tag","embeddable":true,"href":"https:\/\/noticiasribeiraopreto.com.br\/index.php\/wp-json\/wp\/v2\/tags?post=74594"}],"curies":[{"name":"wp","href":"https:\/\/api.w.org\/{rel}","templated":true}]}}