{"id":74597,"date":"2025-07-25T10:14:10","date_gmt":"2025-07-25T13:14:10","guid":{"rendered":"https:\/\/noticiasribeiraopreto.com.br\/index.php\/2025\/07\/25\/video-engavetamento-deixa-ferido-grave-na-anhanguera\/"},"modified":"2025-07-25T10:14:10","modified_gmt":"2025-07-25T13:14:10","slug":"video-engavetamento-deixa-ferido-grave-na-anhanguera","status":"publish","type":"post","link":"https:\/\/noticiasribeiraopreto.com.br\/index.php\/2025\/07\/25\/video-engavetamento-deixa-ferido-grave-na-anhanguera\/","title":{"rendered":"V\u00cdDEO &#8211; Engavetamento deixa ferido grave na Anhanguera"},"content":{"rendered":"<div class='code-block code-block-1' style='margin: 8px 0 8px auto; text-align: right; display: block; clear: both;'>\n<p><a href=\"https:\/\/wa.link\/vpicfd\"><img data-recalc-dims=\"1\" class=\"wp-image-4922\" style=\"aspect-ratio: 2.0253164556962027; width: 561px; height: auto;\" src=\"https:\/\/i0.wp.com\/ismaelcolosi.com.br\/wp-content\/uploads\/2023\/11\/grupo-de-empregos-whatsapp-e-facebook-ismael-colosi-vagas.jpg?ssl=1\" alt=\"\" \/><\/a><\/p>\n<!-- \/wp:image -->\n<\/div>\n<p> <br \/>\n<\/p>\n<div id=\"\">\n<p>\n\t\t\t\t\t\t\t\t\t<span class=\"entry-meta-item penci-posted-on\"><i class=\"fa fa-clock-o\"\/><time class=\"entry-date published\" datetime=\"2025-07-25T10:09:46-03:00\">25 de julho de 2025 10:09<\/time><time class=\"updated\" datetime=\"2025-07-25T10:10:03-03:00\">25 de julho de 2025 10:10<\/time><\/span><span class=\"entry-meta-item penci-post-countview\"><span class=\"entry-meta-item penci-post-countview penci_post-meta_item\"><i class=\"fa fa-eye\"\/><span class=\"penci-post-countview-number penci-post-countview-p432634\">2<\/span><\/span><\/span>\t\t\t\t\t\t\t\t<\/p>\n<p><!-- .entry-meta --><br \/>\n\t\t\t\t\t\t\t\t<span class=\"penci-social-buttons penci-social-share-footer\"><span class=\"penci-social-share-text\">Compartilhar<\/span><a href=\"#\" class=\"penci-post-like penci_post-meta_item  single-like-button penci-social-item like\" data-post_id=\"432634\" title=\"Like\" data-like=\"Like\" data-unlike=\"Unlike\"><i class=\"fa fa-thumbs-o-up\"\/><span class=\"penci-share-number\">0<\/span><\/a><i class=\"fa fa-facebook\"\/><a class=\"penci-social-item twitter\" target=\"_blank\" rel=\"noopener\" title=\"\" href=\"https:\/\/twitter.com\/intent\/tweet?text=V\u00cdDEO%20-%20Engavetamento%20deixa%20ferido%20grave%20na%20Anhanguera%20-%20https:\/\/www.tribunaribeirao.com.br\/video-engavetamento-deixa-ferido-grave-na-anhanguera\/\"><i class=\"fa fa-twitter\"\/><\/a><i class=\"fa fa-linkedin\"\/><i class=\"fa fa-whatsapp\"\/><i class=\"fa fa-telegram\"\/><i class=\"fa fa-envelope\"\/><\/span>\t\t\t\t\t\t\t<\/div>\n<div>\n<p>Por: Adalberto Luque<\/p>\n<p>Um acidente envolvendo quatro caminh\u00f5es e um ve\u00edculo deixou pelo menos duas pessoas feridas com gravidade e outras tr\u00eas com ferimentos leves, na manh\u00e3 desta sexta-feira (25). O acidente ocorreu na Rodovia Anhanguera (SP-330), altura do km 293 sentido Sul, em Cravinhos, regi\u00e3o metropolitana.<\/p>\n<p>Segundo informa\u00e7\u00f5es colhidas no local do acidente, pelo menos duas pessoas sofreram ferimentos graves e precisaram ser retiradas das ferragens de um dos caminh\u00f5es envolvidos pelo Corpo de Bombeiros. As v\u00edtimas foram levadas para hospitais na regi\u00e3o.<\/p>\n<figure id=\"attachment_432638\" aria-describedby=\"caption-attachment-432638\" style=\"width: 2172px\" class=\"wp-caption alignnone\"><img data-recalc-dims=\"1\" loading=\"lazy\" decoding=\"async\" class=\"size-full wp-image-432638\" src=\"https:\/\/i0.wp.com\/www.tribunaribeirao.com.br\/wp-content\/uploads\/2025\/07\/25-jul-2025-acidentecravinhos3.jpg?resize=2172%2C1439&#038;ssl=1\" alt=\"\" width=\"2172\" height=\"1439\" srcset=\"https:\/\/www.tribunaribeirao.com.br\/wp-content\/uploads\/2025\/07\/25-jul-2025-acidentecravinhos3.jpg 2172w, https:\/\/www.tribunaribeirao.com.br\/wp-content\/uploads\/2025\/07\/25-jul-2025-acidentecravinhos3-300x199.jpg 300w, https:\/\/www.tribunaribeirao.com.br\/wp-content\/uploads\/2025\/07\/25-jul-2025-acidentecravinhos3-1024x678.jpg 1024w, https:\/\/www.tribunaribeirao.com.br\/wp-content\/uploads\/2025\/07\/25-jul-2025-acidentecravinhos3-768x509.jpg 768w, https:\/\/www.tribunaribeirao.com.br\/wp-content\/uploads\/2025\/07\/25-jul-2025-acidentecravinhos3-1536x1018.jpg 1536w, https:\/\/www.tribunaribeirao.com.br\/wp-content\/uploads\/2025\/07\/25-jul-2025-acidentecravinhos3-2048x1357.jpg 2048w, https:\/\/www.tribunaribeirao.com.br\/wp-content\/uploads\/2025\/07\/25-jul-2025-acidentecravinhos3-280x186.jpg 280w, https:\/\/www.tribunaribeirao.com.br\/wp-content\/uploads\/2025\/07\/25-jul-2025-acidentecravinhos3-1920x1272.jpg 1920w, https:\/\/www.tribunaribeirao.com.br\/wp-content\/uploads\/2025\/07\/25-jul-2025-acidentecravinhos3-960x636.jpg 960w, https:\/\/www.tribunaribeirao.com.br\/wp-content\/uploads\/2025\/07\/25-jul-2025-acidentecravinhos3-604x400.jpg 604w, https:\/\/www.tribunaribeirao.com.br\/wp-content\/uploads\/2025\/07\/25-jul-2025-acidentecravinhos3-585x388.jpg 585w\" sizes=\"auto, (max-width: 2172px) 100vw, 2172px\"\/><figcaption id=\"caption-attachment-432638\" class=\"wp-caption-text\">V\u00edtimas graves estavam em caminh\u00e3o que transportava abacaxis e precisaram ser retiradas das ferragens (Fotos e v\u00eddeo: Divulga\u00e7\u00e3o\/Redes Sociais)<\/figcaption><\/figure>\n<p>Outras tr\u00eas pessoas sofreram ferimentos leves e tamb\u00e9m foram encaminhadas para hospitais. Uma pessoa escapou ilesa do acidente. Testemunhas disseram que um caminh\u00e3o carregando abacaxi, por motivos a serem apurados, atingiu a traseira de uma carreta. As v\u00edtimas em estado grave estavam neste caminh\u00e3o que transportava as frutas.<\/p>\n<p>Outro caminh\u00e3o vinha atr\u00e1s e freou bruscamente. Um ve\u00edculo fez o mesmo, mas outro caminh\u00e3o n\u00e3o teria conseguido parar e atingiu os outros dois \u00e0 sua frente. O carro ficou muito danificado, mas o condutor sofreu ferimentos leves.<\/p>\n<figure id=\"attachment_432639\" aria-describedby=\"caption-attachment-432639\" style=\"width: 2560px\" class=\"wp-caption alignnone\"><img data-recalc-dims=\"1\" loading=\"lazy\" decoding=\"async\" class=\"size-full wp-image-432639\" src=\"https:\/\/i0.wp.com\/www.tribunaribeirao.com.br\/wp-content\/uploads\/2025\/07\/25-jul-2025-acidentecravinhos4-scaled.jpg?resize=2560%2C1920&#038;ssl=1\" alt=\"\" width=\"2560\" height=\"1920\" srcset=\"https:\/\/www.tribunaribeirao.com.br\/wp-content\/uploads\/2025\/07\/25-jul-2025-acidentecravinhos4-scaled.jpg 2560w, https:\/\/www.tribunaribeirao.com.br\/wp-content\/uploads\/2025\/07\/25-jul-2025-acidentecravinhos4-300x225.jpg 300w, https:\/\/www.tribunaribeirao.com.br\/wp-content\/uploads\/2025\/07\/25-jul-2025-acidentecravinhos4-1024x768.jpg 1024w, https:\/\/www.tribunaribeirao.com.br\/wp-content\/uploads\/2025\/07\/25-jul-2025-acidentecravinhos4-768x576.jpg 768w, https:\/\/www.tribunaribeirao.com.br\/wp-content\/uploads\/2025\/07\/25-jul-2025-acidentecravinhos4-1536x1152.jpg 1536w, https:\/\/www.tribunaribeirao.com.br\/wp-content\/uploads\/2025\/07\/25-jul-2025-acidentecravinhos4-2048x1536.jpg 2048w, https:\/\/www.tribunaribeirao.com.br\/wp-content\/uploads\/2025\/07\/25-jul-2025-acidentecravinhos4-760x570.jpg 760w, https:\/\/www.tribunaribeirao.com.br\/wp-content\/uploads\/2025\/07\/25-jul-2025-acidentecravinhos4-1920x1440.jpg 1920w, https:\/\/www.tribunaribeirao.com.br\/wp-content\/uploads\/2025\/07\/25-jul-2025-acidentecravinhos4-960x720.jpg 960w, https:\/\/www.tribunaribeirao.com.br\/wp-content\/uploads\/2025\/07\/25-jul-2025-acidentecravinhos4-533x400.jpg 533w, https:\/\/www.tribunaribeirao.com.br\/wp-content\/uploads\/2025\/07\/25-jul-2025-acidentecravinhos4-585x439.jpg 585w\" sizes=\"auto, (max-width: 2560px) 100vw, 2560px\"\/><figcaption id=\"caption-attachment-432639\" class=\"wp-caption-text\">Outros dois caminh\u00f5es e um autom\u00f3vel se envolveram no acidente (Foto: Divulga\u00e7\u00e3o)<\/figcaption><\/figure>\n<p>A Arteris ViaPaulista, concession\u00e1ria que administra o trecho, confirmou que a rodovia foi totalmente interditada no sentido sul, rumo \u00e0 Capital. Viaturas do Corpo de Bombeiros, Servi\u00e7o de Atendimento M\u00f3vel de Urg\u00eancia (SAMU), Pol\u00edcia Militar Rodovi\u00e1ria (PMRv) e da concession\u00e1ria estiveram no local para atendimento \u00e0s v\u00edtimas.<\/p>\n<p>Os motoristas tiveram duas op\u00e7\u00f5es: quem ainda n\u00e3o tinha acessado o trecho da Anhanguera podia seguir pela Rodovia Ant\u00f4nio Machado Sant\u2019Anna (SP-255) at\u00e9 a Rodovia Jos\u00e9 Fregonezi, e seguir at\u00e9 a Rodovia Anhanguera, para seguir viagem.<\/p>\n<figure id=\"attachment_432637\" aria-describedby=\"caption-attachment-432637\" style=\"width: 1280px\" class=\"wp-caption alignnone\"><img data-recalc-dims=\"1\" loading=\"lazy\" decoding=\"async\" class=\"size-full wp-image-432637\" src=\"https:\/\/i0.wp.com\/www.tribunaribeirao.com.br\/wp-content\/uploads\/2025\/07\/25-jul-2025-acidentecravinhos2.jpg?resize=1280%2C720&#038;ssl=1\" alt=\"\" width=\"1280\" height=\"720\" srcset=\"https:\/\/www.tribunaribeirao.com.br\/wp-content\/uploads\/2025\/07\/25-jul-2025-acidentecravinhos2.jpg 1280w, https:\/\/www.tribunaribeirao.com.br\/wp-content\/uploads\/2025\/07\/25-jul-2025-acidentecravinhos2-300x169.jpg 300w, https:\/\/www.tribunaribeirao.com.br\/wp-content\/uploads\/2025\/07\/25-jul-2025-acidentecravinhos2-1024x576.jpg 1024w, https:\/\/www.tribunaribeirao.com.br\/wp-content\/uploads\/2025\/07\/25-jul-2025-acidentecravinhos2-768x432.jpg 768w, https:\/\/www.tribunaribeirao.com.br\/wp-content\/uploads\/2025\/07\/25-jul-2025-acidentecravinhos2-960x540.jpg 960w, https:\/\/www.tribunaribeirao.com.br\/wp-content\/uploads\/2025\/07\/25-jul-2025-acidentecravinhos2-711x400.jpg 711w, https:\/\/www.tribunaribeirao.com.br\/wp-content\/uploads\/2025\/07\/25-jul-2025-acidentecravinhos2-585x329.jpg 585w\" sizes=\"auto, (max-width: 1280px) 100vw, 1280px\"\/><figcaption id=\"caption-attachment-432637\" class=\"wp-caption-text\">Congestionamento chegou a seis quil\u00f4metros (Foto: Artesp\/Divulga\u00e7\u00e3o)<\/figcaption><\/figure>\n<p>Outra op\u00e7\u00e3o foi o desvio pela via marginal, por dentro da cidade de Cravinhos. Apesar da orienta\u00e7\u00e3o dos policiais rodovi\u00e1rios e agentes da concession\u00e1ria, o tr\u00e2nsito chegou a ter congestionamento de seis quil\u00f4metros.<\/p>\n<p>A rodovia foi totalmente liberada por volta de 09h00. O estado de sa\u00fade das v\u00edtimas n\u00e3o foi atualizado. As circunst\u00e2ncias do acidente ser\u00e3o apuradas pela Pol\u00edcia Civil.<\/p>\n<p>\u00a0<\/p>\n<p>_____<\/p>\n<p>\u00a0<\/p>\n<p>Jornal Tribuna Ribeir\u00e3o<br \/>Um Jornal com a cara de Ribeir\u00e3o!<\/p>\n<p>Impresso | WEB | Redes sociais<br \/>Tribuna Ribeir\u00e3o \u2013 Fone: (16) 3632-2200 \u2013 Whatsapp: (16) 98161-8743<br \/>Av. Bar\u00e3o do Bananal, 880 \u2013 Jardim Anhanguera, Ribeir\u00e3o Preto<\/p>\n<p>@tribunaribeirao<br \/>@meiaderibeirao<br \/>@dinoderibeirao<br \/>#TribunaRibeir\u00e3o<br \/>#News<br \/>#Not\u00edcia<br \/>#Ribeir\u00e3oPreto #Not\u00edciasDeRibeir\u00e3oPreto<br \/>#ClassificadosTribunaRibeir\u00e3o<br \/>#Jornalismo<br \/>#ClassificadosRibeir\u00e3o<\/p>\n<\/div>\n<p><script async src=\"\/\/platform.twitter.com\/widgets.js\" charset=\"utf-8\"><\/script><br \/>\n<br \/><br \/>\n<br \/><a href=\"https:\/\/www.tribunaribeirao.com.br\/video-engavetamento-deixa-ferido-grave-na-anhanguera\/\">Source link <\/a><\/p>\n<!-- CONTENT END 1 -->\n","protected":false},"excerpt":{"rendered":"<p>25 de julho de 2025 10:0925 de julho de 2025 10:102 Compartilhar0 Por: Adalberto Luque Um acidente envolvendo quatro caminh\u00f5es e um ve\u00edculo deixou pelo&#8230;<\/p>\n","protected":false},"author":1,"featured_media":74598,"comment_status":"open","ping_status":"open","sticky":false,"template":"","format":"standard","meta":{"advanced_seo_description":"","jetpack_seo_html_title":"","jetpack_seo_noindex":false,"jetpack_post_was_ever_published":false,"_jetpack_newsletter_access":"","_jetpack_dont_email_post_to_subs":false,"_jetpack_newsletter_tier_id":0,"_jetpack_memberships_contains_paywalled_content":false,"_jetpack_memberships_contains_paid_content":false,"footnotes":"","jetpack_publicize_message":"","jetpack_publicize_feature_enabled":true,"jetpack_social_post_already_shared":true,"jetpack_social_options":{"image_generator_settings":{"template":"highway","default_image_id":0,"font":"","enabled":false},"version":2}},"categories":[11],"tags":[],"class_list":["post-74597","post","type-post","status-publish","format-standard","has-post-thumbnail","hentry","category-noticias-de-ribeirao-preto-sp-e-regiao-ismael-colosi"],"jetpack_publicize_connections":[],"jetpack_featured_media_url":"https:\/\/i0.wp.com\/noticiasribeiraopreto.com.br\/wp-content\/uploads\/2025\/07\/25-jul-2025-acidentecravinhos1.jpg?fit=807%2C456&ssl=1","jetpack-related-posts":[{"id":54571,"url":"https:\/\/noticiasribeiraopreto.com.br\/index.php\/2024\/07\/12\/bolsa-familia-lei-confirmada-hoje-12-07-entra-em-vigor-nos-pagamentos-de-julho-confira-detalhes\/","url_meta":{"origin":74597,"position":0},"title":"Bolsa Fam\u00edlia: Lei Confirmada Hoje (12\/07) Entra em Vigor nos Pagamentos de Julho; Confira detalhes","author":"noticiasribeiraopreto.com.br","date":"12 de July de 2024","format":false,"excerpt":"Atendendo a 20,8 milh\u00f5es de brasileiros, o Bolsa Fam\u00edlia \u00e9 um dos maiores programas sociais do Brasil. Em julho deste ano, os pagamentos come\u00e7ar\u00e3o na pr\u00f3xima quinta-feira (18). No entanto, os benefici\u00e1rios ficaram surpreendidos com a redu\u00e7\u00e3o do montante da ajuda. O desconto ocorre devido \u00e0 interrup\u00e7\u00e3o do aux\u00edlio g\u00e1s\u2026","rel":"","context":"In &quot;Dinheiro e Investimento&quot;","block_context":{"text":"Dinheiro e Investimento","link":"https:\/\/noticiasribeiraopreto.com.br\/index.php\/category\/dinheiro-e-investimento-como-fazer-como-ganhar\/"},"img":{"alt_text":"","src":"https:\/\/i0.wp.com\/noticiasribeiraopreto.com.br\/wp-content\/uploads\/2024\/07\/www.reallygreatsite.com_.webp.webp?fit=1200%2C630&ssl=1&resize=350%2C200","width":350,"height":200,"srcset":"https:\/\/i0.wp.com\/noticiasribeiraopreto.com.br\/wp-content\/uploads\/2024\/07\/www.reallygreatsite.com_.webp.webp?fit=1200%2C630&ssl=1&resize=350%2C200 1x, https:\/\/i0.wp.com\/noticiasribeiraopreto.com.br\/wp-content\/uploads\/2024\/07\/www.reallygreatsite.com_.webp.webp?fit=1200%2C630&ssl=1&resize=525%2C300 1.5x, https:\/\/i0.wp.com\/noticiasribeiraopreto.com.br\/wp-content\/uploads\/2024\/07\/www.reallygreatsite.com_.webp.webp?fit=1200%2C630&ssl=1&resize=700%2C400 2x, https:\/\/i0.wp.com\/noticiasribeiraopreto.com.br\/wp-content\/uploads\/2024\/07\/www.reallygreatsite.com_.webp.webp?fit=1200%2C630&ssl=1&resize=1050%2C600 3x"},"classes":[]},{"id":53667,"url":"https:\/\/noticiasribeiraopreto.com.br\/index.php\/2024\/06\/22\/novo-valor-do-bolsa-familia-em-julho-r-850-para-beneficiarios-selecionados-confira-se-voce-faz-parte-do-grupo\/","url_meta":{"origin":74597,"position":1},"title":"Novo Valor do Bolsa Fam\u00edlia em Julho: R$ 850 para Benefici\u00e1rios Selecionados; Confira se voc\u00ea faz parte do grupo","author":"noticiasribeiraopreto.com.br","date":"22 de June de 2024","format":false,"excerpt":"O ciclo de pagamento do Bolsa Fam\u00edlia em julho come\u00e7a em poucas semanas e os benefici\u00e1rios com N\u00famero de Identifica\u00e7\u00e3o Social (NIS) terminam em 1. O programa, executado pela Caixa Econ\u00f4mica Federal (CEF), \u00e9 um importante componente da pol\u00edtica de assist\u00eancia social do Brasil. O Bolsa Fam\u00edlia de julho continua\u2026","rel":"","context":"In &quot;Dinheiro e Investimento&quot;","block_context":{"text":"Dinheiro e Investimento","link":"https:\/\/noticiasribeiraopreto.com.br\/index.php\/category\/dinheiro-e-investimento-como-fazer-como-ganhar\/"},"img":{"alt_text":"","src":"https:\/\/i0.wp.com\/noticiasribeiraopreto.com.br\/wp-content\/uploads\/2024\/06\/Design-sem-nome-3.webp.webp?fit=1200%2C630&ssl=1&resize=350%2C200","width":350,"height":200,"srcset":"https:\/\/i0.wp.com\/noticiasribeiraopreto.com.br\/wp-content\/uploads\/2024\/06\/Design-sem-nome-3.webp.webp?fit=1200%2C630&ssl=1&resize=350%2C200 1x, https:\/\/i0.wp.com\/noticiasribeiraopreto.com.br\/wp-content\/uploads\/2024\/06\/Design-sem-nome-3.webp.webp?fit=1200%2C630&ssl=1&resize=525%2C300 1.5x, https:\/\/i0.wp.com\/noticiasribeiraopreto.com.br\/wp-content\/uploads\/2024\/06\/Design-sem-nome-3.webp.webp?fit=1200%2C630&ssl=1&resize=700%2C400 2x, https:\/\/i0.wp.com\/noticiasribeiraopreto.com.br\/wp-content\/uploads\/2024\/06\/Design-sem-nome-3.webp.webp?fit=1200%2C630&ssl=1&resize=1050%2C600 3x"},"classes":[]},{"id":54137,"url":"https:\/\/noticiasribeiraopreto.com.br\/index.php\/2024\/06\/29\/governo-anuncia-3-beneficios-do-bolsa-familia-em-julho-com-pagamentos-juntos-confira\/","url_meta":{"origin":74597,"position":2},"title":"Governo Anuncia 3 Benef\u00edcios do Bolsa Fam\u00edlia em JULHO com Pagamentos Juntos; Confira!","author":"noticiasribeiraopreto.com.br","date":"29 de June de 2024","format":false,"excerpt":"O Governo Federal anunciou recentemente que implementar\u00e1 tr\u00eas novos benef\u00edcios dentro do programa Bolsa Fam\u00edlia, que tem lan\u00e7amento previsto para Julho. Esses acr\u00e9scimos visam fornecer apoio financeiro adicional \u00e0s fam\u00edlias de baixa renda, com foco em crian\u00e7as pequenas, adolescentes e gestantes. O pagamento desses novos benef\u00edcios ser\u00e1 feito ao mesmo\u2026","rel":"","context":"In &quot;Dinheiro e Investimento&quot;","block_context":{"text":"Dinheiro e Investimento","link":"https:\/\/noticiasribeiraopreto.com.br\/index.php\/category\/dinheiro-e-investimento-como-fazer-como-ganhar\/"},"img":{"alt_text":"","src":"https:\/\/i0.wp.com\/noticiasribeiraopreto.com.br\/wp-content\/uploads\/2024\/06\/www.Financasbrasil.org-1-1.webp.webp?fit=1200%2C630&ssl=1&resize=350%2C200","width":350,"height":200,"srcset":"https:\/\/i0.wp.com\/noticiasribeiraopreto.com.br\/wp-content\/uploads\/2024\/06\/www.Financasbrasil.org-1-1.webp.webp?fit=1200%2C630&ssl=1&resize=350%2C200 1x, https:\/\/i0.wp.com\/noticiasribeiraopreto.com.br\/wp-content\/uploads\/2024\/06\/www.Financasbrasil.org-1-1.webp.webp?fit=1200%2C630&ssl=1&resize=525%2C300 1.5x, https:\/\/i0.wp.com\/noticiasribeiraopreto.com.br\/wp-content\/uploads\/2024\/06\/www.Financasbrasil.org-1-1.webp.webp?fit=1200%2C630&ssl=1&resize=700%2C400 2x, https:\/\/i0.wp.com\/noticiasribeiraopreto.com.br\/wp-content\/uploads\/2024\/06\/www.Financasbrasil.org-1-1.webp.webp?fit=1200%2C630&ssl=1&resize=1050%2C600 3x"},"classes":[]},{"id":73283,"url":"https:\/\/noticiasribeiraopreto.com.br\/index.php\/2025\/06\/28\/museu-casa-de-portinari-tem-programacao-especial-nas-ferias-de-julho-confira\/","url_meta":{"origin":74597,"position":3},"title":"Museu Casa de Portinari tem programa\u00e7\u00e3o especial nas f\u00e9rias de julho; Confira","author":"noticiasribeiraopreto.com.br","date":"28 de June de 2025","format":false,"excerpt":"O Museu Casa de Portinari, em Brodowski, na regi\u00e3o de Ribeir\u00e3o Preto, oferece uma programa\u00e7\u00e3o especial de f\u00e9rias gratuita com oficinas, brincadeiras, jogos e espa\u00e7os de leitura. O projeto \u201cF\u00e9rias no Museu\u201d estimula a criatividade e aproxima as crian\u00e7as do universo art\u00edstico de Portinari. As atividades acontecem na esplanada do\u2026","rel":"","context":"In &quot;Not\u00edcias de Ribeir\u00e3o Preto-SP e Regi\u00e3o&quot;","block_context":{"text":"Not\u00edcias de Ribeir\u00e3o Preto-SP e Regi\u00e3o","link":"https:\/\/noticiasribeiraopreto.com.br\/index.php\/category\/noticias-de-ribeirao-preto-sp-e-regiao-ismael-colosi\/"},"img":{"alt_text":"","src":"https:\/\/i0.wp.com\/noticiasribeiraopreto.com.br\/wp-content\/uploads\/2025\/06\/5b6b7a56-6e5e-497d-8fe3-fe7aeed37d26_2025-06-28_17-41-04.webp.webp?fit=1200%2C728&ssl=1&resize=350%2C200","width":350,"height":200,"srcset":"https:\/\/i0.wp.com\/noticiasribeiraopreto.com.br\/wp-content\/uploads\/2025\/06\/5b6b7a56-6e5e-497d-8fe3-fe7aeed37d26_2025-06-28_17-41-04.webp.webp?fit=1200%2C728&ssl=1&resize=350%2C200 1x, https:\/\/i0.wp.com\/noticiasribeiraopreto.com.br\/wp-content\/uploads\/2025\/06\/5b6b7a56-6e5e-497d-8fe3-fe7aeed37d26_2025-06-28_17-41-04.webp.webp?fit=1200%2C728&ssl=1&resize=525%2C300 1.5x, https:\/\/i0.wp.com\/noticiasribeiraopreto.com.br\/wp-content\/uploads\/2025\/06\/5b6b7a56-6e5e-497d-8fe3-fe7aeed37d26_2025-06-28_17-41-04.webp.webp?fit=1200%2C728&ssl=1&resize=700%2C400 2x, https:\/\/i0.wp.com\/noticiasribeiraopreto.com.br\/wp-content\/uploads\/2025\/06\/5b6b7a56-6e5e-497d-8fe3-fe7aeed37d26_2025-06-28_17-41-04.webp.webp?fit=1200%2C728&ssl=1&resize=1050%2C600 3x"},"classes":[]},{"id":54622,"url":"https:\/\/noticiasribeiraopreto.com.br\/index.php\/2024\/07\/15\/atencao-beneficiarios-bolsa-familia-anuncia-suspensao-em-julho-confira-se-seu-nis-esta-na-lista\/","url_meta":{"origin":74597,"position":4},"title":"Aten\u00e7\u00e3o Benefici\u00e1rios! Bolsa Fam\u00edlia Anuncia Suspens\u00e3o em Julho: Confira se Seu NIS Est\u00e1 na Lista","author":"noticiasribeiraopreto.com.br","date":"15 de July de 2024","format":false,"excerpt":"Em julho deste ano, o programa Bolsa Fam\u00edlia passou por rigorosas fiscaliza\u00e7\u00f5es, que podem resultar na suspens\u00e3o ou exclus\u00e3o de alguns benefici\u00e1rios. Implementada pelo Minist\u00e9rio do Desenvolvimento, Assist\u00eancia Social, Fam\u00edlia e Combate \u00e0 Fome (MDS), essa iniciativa tem como objetivo garantir que os recursos p\u00fablicos sejam direcionados corretamente para as\u2026","rel":"","context":"In &quot;Dinheiro e Investimento&quot;","block_context":{"text":"Dinheiro e Investimento","link":"https:\/\/noticiasribeiraopreto.com.br\/index.php\/category\/dinheiro-e-investimento-como-fazer-como-ganhar\/"},"img":{"alt_text":"","src":"https:\/\/i0.wp.com\/noticiasribeiraopreto.com.br\/wp-content\/uploads\/2024\/07\/Liberdade.webp.webp?fit=1200%2C630&ssl=1&resize=350%2C200","width":350,"height":200,"srcset":"https:\/\/i0.wp.com\/noticiasribeiraopreto.com.br\/wp-content\/uploads\/2024\/07\/Liberdade.webp.webp?fit=1200%2C630&ssl=1&resize=350%2C200 1x, https:\/\/i0.wp.com\/noticiasribeiraopreto.com.br\/wp-content\/uploads\/2024\/07\/Liberdade.webp.webp?fit=1200%2C630&ssl=1&resize=525%2C300 1.5x, https:\/\/i0.wp.com\/noticiasribeiraopreto.com.br\/wp-content\/uploads\/2024\/07\/Liberdade.webp.webp?fit=1200%2C630&ssl=1&resize=700%2C400 2x, https:\/\/i0.wp.com\/noticiasribeiraopreto.com.br\/wp-content\/uploads\/2024\/07\/Liberdade.webp.webp?fit=1200%2C630&ssl=1&resize=1050%2C600 3x"},"classes":[]},{"id":53941,"url":"https:\/\/noticiasribeiraopreto.com.br\/index.php\/2024\/06\/26\/bolsa-familia-julho-aumento-nas-mensalidades-e-novas-datas-de-pagamento-confira-calendario\/","url_meta":{"origin":74597,"position":5},"title":"Bolsa Fam\u00edlia Julho: Aumento nas mensalidades e novas datas de pagamento; Confira calend\u00e1rio","author":"noticiasribeiraopreto.com.br","date":"26 de June de 2024","format":false,"excerpt":"O Bolsa Fam\u00edlia de julho traz novidades importantes para o combate \u00e0 pobreza no Brasil. Em 2024, o programa continuar\u00e1 sendo um pilar fundamental para milh\u00f5es de brasileiros. A Caixa Econ\u00f4mica Federal (CEF) gerencia os pagamentos com o objetivo de distribuir de forma eficiente os recursos para melhorar as condi\u00e7\u00f5es\u2026","rel":"","context":"In &quot;Dinheiro e Investimento&quot;","block_context":{"text":"Dinheiro e Investimento","link":"https:\/\/noticiasribeiraopreto.com.br\/index.php\/category\/dinheiro-e-investimento-como-fazer-como-ganhar\/"},"img":{"alt_text":"","src":"https:\/\/i0.wp.com\/noticiasribeiraopreto.com.br\/wp-content\/uploads\/2024\/06\/Design-sem-nome-1-1.webp.webp?fit=1200%2C630&ssl=1&resize=350%2C200","width":350,"height":200,"srcset":"https:\/\/i0.wp.com\/noticiasribeiraopreto.com.br\/wp-content\/uploads\/2024\/06\/Design-sem-nome-1-1.webp.webp?fit=1200%2C630&ssl=1&resize=350%2C200 1x, https:\/\/i0.wp.com\/noticiasribeiraopreto.com.br\/wp-content\/uploads\/2024\/06\/Design-sem-nome-1-1.webp.webp?fit=1200%2C630&ssl=1&resize=525%2C300 1.5x, https:\/\/i0.wp.com\/noticiasribeiraopreto.com.br\/wp-content\/uploads\/2024\/06\/Design-sem-nome-1-1.webp.webp?fit=1200%2C630&ssl=1&resize=700%2C400 2x, https:\/\/i0.wp.com\/noticiasribeiraopreto.com.br\/wp-content\/uploads\/2024\/06\/Design-sem-nome-1-1.webp.webp?fit=1200%2C630&ssl=1&resize=1050%2C600 3x"},"classes":[]}],"jetpack_sharing_enabled":true,"jetpack_shortlink":"https:\/\/wp.me\/peQAOb-jpb","_links":{"self":[{"href":"https:\/\/noticiasribeiraopreto.com.br\/index.php\/wp-json\/wp\/v2\/posts\/74597","targetHints":{"allow":["GET"]}}],"collection":[{"href":"https:\/\/noticiasribeiraopreto.com.br\/index.php\/wp-json\/wp\/v2\/posts"}],"about":[{"href":"https:\/\/noticiasribeiraopreto.com.br\/index.php\/wp-json\/wp\/v2\/types\/post"}],"author":[{"embeddable":true,"href":"https:\/\/noticiasribeiraopreto.com.br\/index.php\/wp-json\/wp\/v2\/users\/1"}],"replies":[{"embeddable":true,"href":"https:\/\/noticiasribeiraopreto.com.br\/index.php\/wp-json\/wp\/v2\/comments?post=74597"}],"version-history":[{"count":0,"href":"https:\/\/noticiasribeiraopreto.com.br\/index.php\/wp-json\/wp\/v2\/posts\/74597\/revisions"}],"wp:featuredmedia":[{"embeddable":true,"href":"https:\/\/noticiasribeiraopreto.com.br\/index.php\/wp-json\/wp\/v2\/media\/74598"}],"wp:attachment":[{"href":"https:\/\/noticiasribeiraopreto.com.br\/index.php\/wp-json\/wp\/v2\/media?parent=74597"}],"wp:term":[{"taxonomy":"category","embeddable":true,"href":"https:\/\/noticiasribeiraopreto.com.br\/index.php\/wp-json\/wp\/v2\/categories?post=74597"},{"taxonomy":"post_tag","embeddable":true,"href":"https:\/\/noticiasribeiraopreto.com.br\/index.php\/wp-json\/wp\/v2\/tags?post=74597"}],"curies":[{"name":"wp","href":"https:\/\/api.w.org\/{rel}","templated":true}]}}