{"id":74599,"date":"2025-07-25T12:32:35","date_gmt":"2025-07-25T15:32:35","guid":{"rendered":"https:\/\/noticiasribeiraopreto.com.br\/index.php\/2025\/07\/25\/procura-por-morango-do-amor-causa-tumulto-em-confeitaria-de-ribeirao-preto\/"},"modified":"2025-07-25T12:32:35","modified_gmt":"2025-07-25T15:32:35","slug":"procura-por-morango-do-amor-causa-tumulto-em-confeitaria-de-ribeirao-preto","status":"publish","type":"post","link":"https:\/\/noticiasribeiraopreto.com.br\/index.php\/2025\/07\/25\/procura-por-morango-do-amor-causa-tumulto-em-confeitaria-de-ribeirao-preto\/","title":{"rendered":"Procura por morango do amor causa tumulto em confeitaria de Ribeir\u00e3o Preto"},"content":{"rendered":"<div class='code-block code-block-1' style='margin: 8px 0 8px auto; text-align: right; display: block; clear: both;'>\n<p><a href=\"https:\/\/wa.link\/vpicfd\"><img data-recalc-dims=\"1\" class=\"wp-image-4922\" style=\"aspect-ratio: 2.0253164556962027; width: 561px; height: auto;\" src=\"https:\/\/i0.wp.com\/ismaelcolosi.com.br\/wp-content\/uploads\/2023\/11\/grupo-de-empregos-whatsapp-e-facebook-ismael-colosi-vagas.jpg?ssl=1\" alt=\"\" \/><\/a><\/p>\n<!-- \/wp:image -->\n<\/div>\n<p> <br \/>\n<\/p>\n<div>\n<p>A grande procura pelo doce do momento nas redes sociais, o morango do amor, chamou a aten\u00e7\u00e3o em uma confeitaria de <strong>Ribeir\u00e3o Preto<\/strong> na \u00faltima quinta-feira (24). Alguns clientes que procuravam pelo produto chegaram a discutir com os funcion\u00e1rios do estabelecimento.<\/p>\n<p>A loja, que fica na regi\u00e3o do Boulevard, anunciou o <strong>Festival do Amor<\/strong>, no qual ofereceria os produtos com pre\u00e7os promocionais, em raz\u00e3o de negocia\u00e7\u00f5es com os fornecedores. Al\u00e9m do morango do amor, a a\u00e7\u00e3o tamb\u00e9m contava com bombom de morango e a coxinha de morango, entre outros.<\/p>\n<p>A empres\u00e1ria Let\u00edcia Botelho conta que <mark style=\"background-color:#fcb900\" class=\"has-inline-color has-black-color\">foram produzidos mais de mil morangos do amor<\/mark>. \u201cEst\u00e1 todo mundo procurando morango do amor. Muita gente reclamando do pre\u00e7o e a gente quis trazer uma coisa acess\u00edvel, uma a\u00e7\u00e3o legal\u201d, conta Let\u00edcia.<\/p>\n<p>No entanto, ap\u00f3s a grande procura na loja o produto esgotou e os atendentes passaram vender o produto sob encomenda. \u201cQuando fal\u00e1vamos que t\u00ednhamos produzido muito, mas j\u00e1 tinha sido vendido, e que mesmo assim est\u00e1vamos tentando produzir mais, as pessoas duvidaram, falaram que foi um falso festival\u201d, lamenta Let\u00edcia.<\/p>\n<p>A empres\u00e1ria conta que algumas pessoas chegaram a ir em outra loja para cobrar os atendentes. \u201cNos dias 5 e 6 de julho, foi nossa festa junina, recebemos cerca de 5 mil pessoas nesses dois dias, tivemos morango do amor na festa e foi tudo tranquilo, vendemos bem conforme esperado\u201d, recorda.<\/p>\n<h2 class=\"wp-block-heading\"><strong>Doce do momento<\/strong><\/h2>\n<p><mark style=\"background-color:#fcb900\" class=\"has-inline-color has-black-color\">Let\u00edcia conta que o morango do amor \u00e9 um doce muito delicado, feito com frutas frescas e que \u00e9 comercializado no mesmo dia para garantir o frescor do produto final<\/mark>. A empres\u00e1ria recorda que na edi\u00e7\u00e3o do ano passado do festival foram vendidos 300 morangos do amor, n\u00famero tr\u00eas vezes menor do que agora.<\/p>\n<p>\u201cFazemos esses festivais de vez em quando, j\u00e1 t\u00ednhamos feito antes e tinha sido tudo sob controle. Mas acredito que o fato de estar muito em alta nas redes sociais causou esse tumulto\u201d, comenta.<\/p>\n<p>Por conta da procura, o segundo dia do festival, que seria realizado nesta sexta-feira (25), precisou ser cancelado. Let\u00edcia relata que ap\u00f3s explicar a situa\u00e7\u00e3o nas redes sociais, o final foi positivo. \u201cMuitos clientes mandaram mensagens positivas para n\u00f3s\u201d, comemora.<\/p>\n<p>SAIBA MAIS<br \/>Vem chuva? Veja previs\u00e3o no \u00faltimo fim de semana de julho em Ribeir\u00e3o Preto<\/p>\n<h2 class=\"wp-block-heading\"><strong>FIQUE ON<\/strong><\/h2>\n<p>Fique ligado em tudo que acontece em Ribeir\u00e3o Preto e regi\u00e3o. Siga os perfis do<strong>\u00a0acidade on\u00a0<\/strong>no Instagram e no Facebook.<\/p>\n<p>Receba not\u00edcias do<strong>\u00a0acidade on<\/strong>\u00a0no WhatsApp.<a href=\"https:\/\/chat.whatsapp.com\/BjKQZ9oJwlz8VVT50NuePq\" target=\"_blank\" rel=\"noreferrer noopener\">\u00a0Para entrar no grupo, basta clicar aqui.<\/a><\/p>\n<p>Fa\u00e7a uma den\u00fancia ou sugira uma reportagem sobre Ribeir\u00e3o Preto e regi\u00e3o pelo WhatsApp: 16 99117 7802.<\/p>\n<p>VEJA TAMB\u00c9M<br \/>O que um copo de suco de uva pode fazer pelo seu corpo?<\/p>\n<p><!-- AI CONTENT END 1 -->\n<\/div>\n<p><br \/>\n<br \/><a href=\"https:\/\/www.acidadeon.com\/ribeiraopreto\/cotidiano\/procura-por-morango-do-amor-causa-tumulto-em-confeitaria-de-ribeirao-preto\/\">Source link <\/a><\/p>\n<!-- CONTENT END 1 -->\n","protected":false},"excerpt":{"rendered":"<p>A grande procura pelo doce do momento nas redes sociais, o morango do amor, chamou a aten\u00e7\u00e3o em uma confeitaria de Ribeir\u00e3o Preto na \u00faltima&#8230;<\/p>\n","protected":false},"author":1,"featured_media":74600,"comment_status":"open","ping_status":"open","sticky":false,"template":"","format":"standard","meta":{"advanced_seo_description":"","jetpack_seo_html_title":"","jetpack_seo_noindex":false,"jetpack_post_was_ever_published":false,"_jetpack_newsletter_access":"","_jetpack_dont_email_post_to_subs":false,"_jetpack_newsletter_tier_id":0,"_jetpack_memberships_contains_paywalled_content":false,"_jetpack_memberships_contains_paid_content":false,"footnotes":"","jetpack_publicize_message":"","jetpack_publicize_feature_enabled":true,"jetpack_social_post_already_shared":true,"jetpack_social_options":{"image_generator_settings":{"template":"highway","default_image_id":0,"font":"","enabled":false},"version":2}},"categories":[11],"tags":[],"class_list":["post-74599","post","type-post","status-publish","format-standard","has-post-thumbnail","hentry","category-noticias-de-ribeirao-preto-sp-e-regiao-ismael-colosi"],"jetpack_publicize_connections":[],"jetpack_featured_media_url":"https:\/\/i0.wp.com\/noticiasribeiraopreto.com.br\/wp-content\/uploads\/2025\/07\/morango-do-amor_2025-07-25_14-54-21.webp.webp?fit=1200%2C674&ssl=1","jetpack-related-posts":[{"id":74623,"url":"https:\/\/noticiasribeiraopreto.com.br\/index.php\/2025\/07\/25\/praca-da-bicicleta-recebe-festival-com-morango-do-amor-veja-quando\/","url_meta":{"origin":74599,"position":0},"title":"Pra\u00e7a da Bicicleta recebe festival com morango do amor; Veja quando","author":"noticiasribeiraopreto.com.br","date":"25 de July de 2025","format":false,"excerpt":"A Pra\u00e7a da Bicicleta, na zona Sul de Ribeir\u00e3o Preto, recebe a partir desta sexta-feira (25) o Festival do Morango. E entre os quitutes presentes na festa, est\u00e1 o morango do amor, doce que est\u00e1 fazendo sucesso nas redes sociais. O festival segue at\u00e9 domingo (27) e depois retorna entre\u2026","rel":"","context":"In &quot;Not\u00edcias de Ribeir\u00e3o Preto-SP e Regi\u00e3o&quot;","block_context":{"text":"Not\u00edcias de Ribeir\u00e3o Preto-SP e Regi\u00e3o","link":"https:\/\/noticiasribeiraopreto.com.br\/index.php\/category\/noticias-de-ribeirao-preto-sp-e-regiao-ismael-colosi\/"},"img":{"alt_text":"","src":"https:\/\/i0.wp.com\/noticiasribeiraopreto.com.br\/wp-content\/uploads\/2025\/07\/morango-do-amor-festival_2025-07-25_20-09-38.webp.webp?fit=1200%2C674&ssl=1&resize=350%2C200","width":350,"height":200,"srcset":"https:\/\/i0.wp.com\/noticiasribeiraopreto.com.br\/wp-content\/uploads\/2025\/07\/morango-do-amor-festival_2025-07-25_20-09-38.webp.webp?fit=1200%2C674&ssl=1&resize=350%2C200 1x, https:\/\/i0.wp.com\/noticiasribeiraopreto.com.br\/wp-content\/uploads\/2025\/07\/morango-do-amor-festival_2025-07-25_20-09-38.webp.webp?fit=1200%2C674&ssl=1&resize=525%2C300 1.5x, https:\/\/i0.wp.com\/noticiasribeiraopreto.com.br\/wp-content\/uploads\/2025\/07\/morango-do-amor-festival_2025-07-25_20-09-38.webp.webp?fit=1200%2C674&ssl=1&resize=700%2C400 2x, https:\/\/i0.wp.com\/noticiasribeiraopreto.com.br\/wp-content\/uploads\/2025\/07\/morango-do-amor-festival_2025-07-25_20-09-38.webp.webp?fit=1200%2C674&ssl=1&resize=1050%2C600 3x"},"classes":[]},{"id":75305,"url":"https:\/\/noticiasribeiraopreto.com.br\/index.php\/2025\/08\/06\/morango-do-amor-doce-viral-pode-prejudicar-dentes-das-criancas-alerta-especialista\/","url_meta":{"origin":74599,"position":1},"title":"Morango do amor: doce viral pode prejudicar dentes das crian\u00e7as, alerta especialista","author":"noticiasribeiraopreto.com.br","date":"6 de August de 2025","format":false,"excerpt":"O \u201cmorango do amor\u201d ganhou destaque nas redes sociais, nas confeitarias, festas escolares e lancheiras. A sobremesa, feita com morangos envolvidos em caramelo, conquistou crian\u00e7as em todo o pa\u00eds. Por\u00e9m, profissionais de sa\u00fade bucal alertam para os riscos que o doce pode causar nos dentes infantis. O Conselho Federal de\u2026","rel":"","context":"In &quot;Not\u00edcias de Ribeir\u00e3o Preto-SP e Regi\u00e3o&quot;","block_context":{"text":"Not\u00edcias de Ribeir\u00e3o Preto-SP e Regi\u00e3o","link":"https:\/\/noticiasribeiraopreto.com.br\/index.php\/category\/noticias-de-ribeirao-preto-sp-e-regiao-ismael-colosi\/"},"img":{"alt_text":"","src":"https:\/\/i0.wp.com\/noticiasribeiraopreto.com.br\/wp-content\/uploads\/2025\/08\/Copia-de-Copia-de-Copia-de-TAMANHO-EXATO-PARA-FOTOS-NO-SISTEMA-NOVO-2025-08-06T163501.707_2025-08-06_19-35-16.webp.webp?fit=1200%2C675&ssl=1&resize=350%2C200","width":350,"height":200,"srcset":"https:\/\/i0.wp.com\/noticiasribeiraopreto.com.br\/wp-content\/uploads\/2025\/08\/Copia-de-Copia-de-Copia-de-TAMANHO-EXATO-PARA-FOTOS-NO-SISTEMA-NOVO-2025-08-06T163501.707_2025-08-06_19-35-16.webp.webp?fit=1200%2C675&ssl=1&resize=350%2C200 1x, https:\/\/i0.wp.com\/noticiasribeiraopreto.com.br\/wp-content\/uploads\/2025\/08\/Copia-de-Copia-de-Copia-de-TAMANHO-EXATO-PARA-FOTOS-NO-SISTEMA-NOVO-2025-08-06T163501.707_2025-08-06_19-35-16.webp.webp?fit=1200%2C675&ssl=1&resize=525%2C300 1.5x, https:\/\/i0.wp.com\/noticiasribeiraopreto.com.br\/wp-content\/uploads\/2025\/08\/Copia-de-Copia-de-Copia-de-TAMANHO-EXATO-PARA-FOTOS-NO-SISTEMA-NOVO-2025-08-06T163501.707_2025-08-06_19-35-16.webp.webp?fit=1200%2C675&ssl=1&resize=700%2C400 2x, https:\/\/i0.wp.com\/noticiasribeiraopreto.com.br\/wp-content\/uploads\/2025\/08\/Copia-de-Copia-de-Copia-de-TAMANHO-EXATO-PARA-FOTOS-NO-SISTEMA-NOVO-2025-08-06T163501.707_2025-08-06_19-35-16.webp.webp?fit=1200%2C675&ssl=1&resize=1050%2C600 3x"},"classes":[]},{"id":64153,"url":"https:\/\/noticiasribeiraopreto.com.br\/index.php\/2025\/03\/03\/ribeirao-tera-edicao-especial-da-festa-do-morango-e-pistache-com-entrada-gratuita\/","url_meta":{"origin":74599,"position":2},"title":"Ribeir\u00e3o ter\u00e1 edi\u00e7\u00e3o especial da \u2018Festa do Morango e Pistache\u2019 com entrada gratuita","author":"noticiasribeiraopreto.com.br","date":"3 de March de 2025","format":false,"excerpt":"A partir desta quinta-feira (6), uma edi\u00e7\u00e3o especial da \u2018Festa do Morango\u2019 chega a Ribeir\u00e3o Preto. Desta vez, o evento que ser\u00e1 realizado no estacionamento do Novo Shopping, na zona Leste da cidade, traz o pistache como novidade. Com entrada gratuita, a festa acontecer\u00e1 at\u00e9 domingo (9) e contar\u00e1 com\u2026","rel":"","context":"In &quot;Not\u00edcias de Ribeir\u00e3o Preto-SP e Regi\u00e3o&quot;","block_context":{"text":"Not\u00edcias de Ribeir\u00e3o Preto-SP e Regi\u00e3o","link":"https:\/\/noticiasribeiraopreto.com.br\/index.php\/category\/noticias-de-ribeirao-preto-sp-e-regiao-ismael-colosi\/"},"img":{"alt_text":"","src":"https:\/\/i0.wp.com\/noticiasribeiraopreto.com.br\/wp-content\/uploads\/2025\/03\/Copia-de-Copia-de-Copia-de-TAMANHO-EXATO-PARA-FOTOS-NO-SISTEMA-NOVO-2025-03-03T151239.926_2025-03-03_18-12-48_png_2025-03-03_18-12-48.webp.webp?fit=1200%2C675&ssl=1&resize=350%2C200","width":350,"height":200,"srcset":"https:\/\/i0.wp.com\/noticiasribeiraopreto.com.br\/wp-content\/uploads\/2025\/03\/Copia-de-Copia-de-Copia-de-TAMANHO-EXATO-PARA-FOTOS-NO-SISTEMA-NOVO-2025-03-03T151239.926_2025-03-03_18-12-48_png_2025-03-03_18-12-48.webp.webp?fit=1200%2C675&ssl=1&resize=350%2C200 1x, https:\/\/i0.wp.com\/noticiasribeiraopreto.com.br\/wp-content\/uploads\/2025\/03\/Copia-de-Copia-de-Copia-de-TAMANHO-EXATO-PARA-FOTOS-NO-SISTEMA-NOVO-2025-03-03T151239.926_2025-03-03_18-12-48_png_2025-03-03_18-12-48.webp.webp?fit=1200%2C675&ssl=1&resize=525%2C300 1.5x, https:\/\/i0.wp.com\/noticiasribeiraopreto.com.br\/wp-content\/uploads\/2025\/03\/Copia-de-Copia-de-Copia-de-TAMANHO-EXATO-PARA-FOTOS-NO-SISTEMA-NOVO-2025-03-03T151239.926_2025-03-03_18-12-48_png_2025-03-03_18-12-48.webp.webp?fit=1200%2C675&ssl=1&resize=700%2C400 2x, https:\/\/i0.wp.com\/noticiasribeiraopreto.com.br\/wp-content\/uploads\/2025\/03\/Copia-de-Copia-de-Copia-de-TAMANHO-EXATO-PARA-FOTOS-NO-SISTEMA-NOVO-2025-03-03T151239.926_2025-03-03_18-12-48_png_2025-03-03_18-12-48.webp.webp?fit=1200%2C675&ssl=1&resize=1050%2C600 3x"},"classes":[]},{"id":75799,"url":"https:\/\/noticiasribeiraopreto.com.br\/index.php\/2025\/08\/15\/morango-do-aumor-chama-a-atencao-em-feira-do-mercado-pet\/","url_meta":{"origin":74599,"position":3},"title":"\u2018Morango do aumor\u2019 chama a aten\u00e7\u00e3o em feira do mercado pet","author":"noticiasribeiraopreto.com.br","date":"15 de August de 2025","format":false,"excerpt":"O \u201cmorango do aumor\u201d, iguaria criada por uma confeiteira pet de Ribeir\u00e3o Preto, chamou a aten\u00e7\u00e3o no estande do Sebrae-SP na feira Pet South America, que termina nesta sexta-feira (15), no Distrito Anhembi, em S\u00e3o Paulo. A ideia foi da empres\u00e1ria Catia Stegle, que tem uma confeitaria em Ribeir\u00e3o Preto\u2026","rel":"","context":"In &quot;Not\u00edcias de Ribeir\u00e3o Preto-SP e Regi\u00e3o&quot;","block_context":{"text":"Not\u00edcias de Ribeir\u00e3o Preto-SP e Regi\u00e3o","link":"https:\/\/noticiasribeiraopreto.com.br\/index.php\/category\/noticias-de-ribeirao-preto-sp-e-regiao-ismael-colosi\/"},"img":{"alt_text":"","src":"https:\/\/i0.wp.com\/noticiasribeiraopreto.com.br\/wp-content\/uploads\/2025\/08\/morango-do-aumor_2025-08-15_17-58-23.webp.webp?fit=1200%2C749&ssl=1&resize=350%2C200","width":350,"height":200,"srcset":"https:\/\/i0.wp.com\/noticiasribeiraopreto.com.br\/wp-content\/uploads\/2025\/08\/morango-do-aumor_2025-08-15_17-58-23.webp.webp?fit=1200%2C749&ssl=1&resize=350%2C200 1x, https:\/\/i0.wp.com\/noticiasribeiraopreto.com.br\/wp-content\/uploads\/2025\/08\/morango-do-aumor_2025-08-15_17-58-23.webp.webp?fit=1200%2C749&ssl=1&resize=525%2C300 1.5x, https:\/\/i0.wp.com\/noticiasribeiraopreto.com.br\/wp-content\/uploads\/2025\/08\/morango-do-aumor_2025-08-15_17-58-23.webp.webp?fit=1200%2C749&ssl=1&resize=700%2C400 2x, https:\/\/i0.wp.com\/noticiasribeiraopreto.com.br\/wp-content\/uploads\/2025\/08\/morango-do-aumor_2025-08-15_17-58-23.webp.webp?fit=1200%2C749&ssl=1&resize=1050%2C600 3x"},"classes":[]},{"id":64307,"url":"https:\/\/noticiasribeiraopreto.com.br\/index.php\/2025\/03\/06\/festa-do-morango-e-pistache-chega-a-ribeirao-preto-com-entrada-gratuita\/","url_meta":{"origin":74599,"position":4},"title":"Festa\u00a0do\u00a0Morango\u00a0e Pistache chega a Ribeir\u00e3o Preto com entrada gratuita","author":"noticiasribeiraopreto.com.br","date":"6 de March de 2025","format":false,"excerpt":"Come\u00e7a nesta quinta-feira (6), mais uma edi\u00e7\u00e3o da \u201cFesta do Morango\u201d no estacionamento do Novo Shopping Center, na zona Leste de Ribeir\u00e3o Preto. Neste ano, o Pistache \u00e9 uma novidade do evento. A festa acontece at\u00e9 o domingo (9) e tem entrada gratuita. Al\u00e9m da variedade de op\u00e7\u00f5es gastron\u00f4micas, o\u2026","rel":"","context":"In &quot;Not\u00edcias de Ribeir\u00e3o Preto-SP e Regi\u00e3o&quot;","block_context":{"text":"Not\u00edcias de Ribeir\u00e3o Preto-SP e Regi\u00e3o","link":"https:\/\/noticiasribeiraopreto.com.br\/index.php\/category\/noticias-de-ribeirao-preto-sp-e-regiao-ismael-colosi\/"},"img":{"alt_text":"","src":"https:\/\/i0.wp.com\/noticiasribeiraopreto.com.br\/wp-content\/uploads\/2025\/03\/fundo_morango_capa_2025-03-06_19-47-47_jpeg_2025-03-06_19-47-47.webp.webp?fit=1200%2C882&ssl=1&resize=350%2C200","width":350,"height":200,"srcset":"https:\/\/i0.wp.com\/noticiasribeiraopreto.com.br\/wp-content\/uploads\/2025\/03\/fundo_morango_capa_2025-03-06_19-47-47_jpeg_2025-03-06_19-47-47.webp.webp?fit=1200%2C882&ssl=1&resize=350%2C200 1x, https:\/\/i0.wp.com\/noticiasribeiraopreto.com.br\/wp-content\/uploads\/2025\/03\/fundo_morango_capa_2025-03-06_19-47-47_jpeg_2025-03-06_19-47-47.webp.webp?fit=1200%2C882&ssl=1&resize=525%2C300 1.5x, https:\/\/i0.wp.com\/noticiasribeiraopreto.com.br\/wp-content\/uploads\/2025\/03\/fundo_morango_capa_2025-03-06_19-47-47_jpeg_2025-03-06_19-47-47.webp.webp?fit=1200%2C882&ssl=1&resize=700%2C400 2x, https:\/\/i0.wp.com\/noticiasribeiraopreto.com.br\/wp-content\/uploads\/2025\/03\/fundo_morango_capa_2025-03-06_19-47-47_jpeg_2025-03-06_19-47-47.webp.webp?fit=1200%2C882&ssl=1&resize=1050%2C600 3x"},"classes":[]},{"id":57489,"url":"https:\/\/noticiasribeiraopreto.com.br\/index.php\/2024\/09\/02\/ribeirao-preto-recebe-festa-do-morango-com-entrada-gratuita-e-musica-ao-vivo\/","url_meta":{"origin":74599,"position":5},"title":"Ribeir\u00e3o Preto recebe &#8216;Festa do Morango&#8217; com entrada gratuita e m\u00fasica ao vivo","author":"noticiasribeiraopreto.com.br","date":"2 de September de 2024","format":false,"excerpt":"Ribeir\u00e3o Preto recebe a partir desta quinta-feira (5), a \u201c1\u00aa Festa do Morango\u201d, no estacionamento do Novo Shopping Center, na zona Leste do munic\u00edpio. Com entrada gratuita, o evento acontece at\u00e9 o domingo (8) e re\u00fane v\u00e1rias op\u00e7\u00f5es gastron\u00f4micas, al\u00e9m de diversas atra\u00e7\u00f5es musicais. As mulheres interessadas tamb\u00e9m podem participar\u2026","rel":"","context":"In &quot;Not\u00edcias de Ribeir\u00e3o Preto-SP e Regi\u00e3o&quot;","block_context":{"text":"Not\u00edcias de Ribeir\u00e3o Preto-SP e Regi\u00e3o","link":"https:\/\/noticiasribeiraopreto.com.br\/index.php\/category\/noticias-de-ribeirao-preto-sp-e-regiao-ismael-colosi\/"},"img":{"alt_text":"","src":"https:\/\/i0.wp.com\/noticiasribeiraopreto.com.br\/wp-content\/uploads\/2024\/09\/festa-do-morango-1_2024-09-02_18-53-11_jpeg_2024-09-02_18-53-11.webp.webp?fit=1200%2C675&ssl=1&resize=350%2C200","width":350,"height":200,"srcset":"https:\/\/i0.wp.com\/noticiasribeiraopreto.com.br\/wp-content\/uploads\/2024\/09\/festa-do-morango-1_2024-09-02_18-53-11_jpeg_2024-09-02_18-53-11.webp.webp?fit=1200%2C675&ssl=1&resize=350%2C200 1x, https:\/\/i0.wp.com\/noticiasribeiraopreto.com.br\/wp-content\/uploads\/2024\/09\/festa-do-morango-1_2024-09-02_18-53-11_jpeg_2024-09-02_18-53-11.webp.webp?fit=1200%2C675&ssl=1&resize=525%2C300 1.5x, https:\/\/i0.wp.com\/noticiasribeiraopreto.com.br\/wp-content\/uploads\/2024\/09\/festa-do-morango-1_2024-09-02_18-53-11_jpeg_2024-09-02_18-53-11.webp.webp?fit=1200%2C675&ssl=1&resize=700%2C400 2x, https:\/\/i0.wp.com\/noticiasribeiraopreto.com.br\/wp-content\/uploads\/2024\/09\/festa-do-morango-1_2024-09-02_18-53-11_jpeg_2024-09-02_18-53-11.webp.webp?fit=1200%2C675&ssl=1&resize=1050%2C600 3x"},"classes":[]}],"jetpack_sharing_enabled":true,"jetpack_shortlink":"https:\/\/wp.me\/peQAOb-jpd","_links":{"self":[{"href":"https:\/\/noticiasribeiraopreto.com.br\/index.php\/wp-json\/wp\/v2\/posts\/74599","targetHints":{"allow":["GET"]}}],"collection":[{"href":"https:\/\/noticiasribeiraopreto.com.br\/index.php\/wp-json\/wp\/v2\/posts"}],"about":[{"href":"https:\/\/noticiasribeiraopreto.com.br\/index.php\/wp-json\/wp\/v2\/types\/post"}],"author":[{"embeddable":true,"href":"https:\/\/noticiasribeiraopreto.com.br\/index.php\/wp-json\/wp\/v2\/users\/1"}],"replies":[{"embeddable":true,"href":"https:\/\/noticiasribeiraopreto.com.br\/index.php\/wp-json\/wp\/v2\/comments?post=74599"}],"version-history":[{"count":0,"href":"https:\/\/noticiasribeiraopreto.com.br\/index.php\/wp-json\/wp\/v2\/posts\/74599\/revisions"}],"wp:featuredmedia":[{"embeddable":true,"href":"https:\/\/noticiasribeiraopreto.com.br\/index.php\/wp-json\/wp\/v2\/media\/74600"}],"wp:attachment":[{"href":"https:\/\/noticiasribeiraopreto.com.br\/index.php\/wp-json\/wp\/v2\/media?parent=74599"}],"wp:term":[{"taxonomy":"category","embeddable":true,"href":"https:\/\/noticiasribeiraopreto.com.br\/index.php\/wp-json\/wp\/v2\/categories?post=74599"},{"taxonomy":"post_tag","embeddable":true,"href":"https:\/\/noticiasribeiraopreto.com.br\/index.php\/wp-json\/wp\/v2\/tags?post=74599"}],"curies":[{"name":"wp","href":"https:\/\/api.w.org\/{rel}","templated":true}]}}