{"id":74601,"date":"2025-07-25T12:38:57","date_gmt":"2025-07-25T15:38:57","guid":{"rendered":"https:\/\/noticiasribeiraopreto.com.br\/index.php\/2025\/07\/25\/ribeirao-preto-recebe-feira-vegana-com-opcoes-de-gastronomia-artesanato-e-moda\/"},"modified":"2025-07-25T12:38:57","modified_gmt":"2025-07-25T15:38:57","slug":"ribeirao-preto-recebe-feira-vegana-com-opcoes-de-gastronomia-artesanato-e-moda","status":"publish","type":"post","link":"https:\/\/noticiasribeiraopreto.com.br\/index.php\/2025\/07\/25\/ribeirao-preto-recebe-feira-vegana-com-opcoes-de-gastronomia-artesanato-e-moda\/","title":{"rendered":"Ribeir\u00e3o Preto recebe feira vegana com op\u00e7\u00f5es de gastronomia, artesanato e moda"},"content":{"rendered":"<div class='code-block code-block-1' style='margin: 8px 0 8px auto; text-align: right; display: block; clear: both;'>\n<p><a href=\"https:\/\/wa.link\/vpicfd\"><img data-recalc-dims=\"1\" class=\"wp-image-4922\" style=\"aspect-ratio: 2.0253164556962027; width: 561px; height: auto;\" src=\"https:\/\/i0.wp.com\/ismaelcolosi.com.br\/wp-content\/uploads\/2023\/11\/grupo-de-empregos-whatsapp-e-facebook-ismael-colosi-vagas.jpg?ssl=1\" alt=\"\" \/><\/a><\/p>\n<!-- \/wp:image -->\n<\/div>\n<p> <br \/>\n<\/p>\n<div data-td-block-uid=\"tdi_95\">\n<div class=\"tdb-block-inner td-fix-index\">\n<p><strong>Ribeir\u00e3o Preto recebe a Feira Arte Verde no pr\u00f3ximo domingo (27), das 10h \u00e0s 19h, no Espa\u00e7o Cultural Cer\u00e2mica S\u00e3o Luiz. \u00a0<\/strong><\/p>\n<p>Segundo os <strong>organizadores<\/strong>, <mark style=\"background-color:#fcb900\" class=\"has-inline-color has-black-color\">os expositores ter\u00e3o op\u00e7\u00f5es de gastronomia vegana, cosm\u00e9ticos naturais, artesanato sustent\u00e1vel e moda circular, tudo produzido com o compromisso de n\u00e3o utilizar ingredientes de origem animal.<\/mark><\/p>\n<p>Ainda haver\u00e1 oficinas gratuitas voltadas para adultos e crian\u00e7as, com atividade de produ\u00e7\u00e3o sustent\u00e1vel e veganismo criativo.<\/p>\n<p>Durante todo o evento haver\u00e1 \u00e1rea de jogos de tabuleiro, espa\u00e7o de colorir, troca de livros e HQs, e de plantas, mudas e sementes, feira de ado\u00e7\u00e3o de c\u00e3es e gatos da ONG Focinhos SA e discotecagem em Vinil com DJ Lina.<\/p>\n<h2 class=\"wp-block-heading\"><strong>Confira a programa\u00e7\u00e3o:<\/strong><\/h2>\n<ul class=\"wp-block-list\">\n<li>10h30 \u00e0s 11h30: Oficina \u201cBrinquedo Sustent\u00e1vel\u201d com Dani Bombonato \u2013 20 vagas<\/li>\n<\/ul>\n<ul class=\"wp-block-list\">\n<li>12h \u00e0s 13h: Oficina \u201cOrganiza Cores com Tampinhas\u201d com Jo\u00e3o Mendon\u00e7a \u2013 20 vagas<\/li>\n<\/ul>\n<ul class=\"wp-block-list\">\n<li>13h30 \u00e0s 14h30: Oficina \u201cCustomiza\u00e7\u00e3o de Ecobags\u201d com R\u00f4sangela \u2013 20 vagas<\/li>\n<\/ul>\n<ul class=\"wp-block-list\">\n<li>15h \u00e0s 16h: Oficina \u201cBichinhos de Papel\u00e3o\u201d com Grazi \u2013 20 vagas<\/li>\n<\/ul>\n<ul class=\"wp-block-list\">\n<li>15h \u00e0s 16h: Oficina \u201cProdutos de limpeza naturais\u201d com Catherine Palis \u2013 20 vagas<\/li>\n<\/ul>\n<ul class=\"wp-block-list\">\n<li>16h30 \u00e0s 17h30: Oficina \u201cConfec\u00e7\u00e3o de acess\u00f3rios sustent\u00e1veis\u201d com Pri Medeiros \u2013 20 vagas<\/li>\n<\/ul>\n<ul class=\"wp-block-list\">\n<li>16h30 \u00e0s 17h30: Roda de Conversa \u201cTransi\u00e7\u00e3o Veg\u201d com terapeuta Thais Watanabe \u2013 20 vagas<\/li>\n<\/ul>\n<ul class=\"wp-block-list\">\n<li>18h \u00e0s 19h: Oficina \u201cMinha primeira hortinha\u201d com Priscila \u2013 20 vagas<\/li>\n<\/ul>\n<p>As atividades s\u00e3o gratuitas, por\u00e9m, as vagas s\u00e3o limitadas e \u00e9 recomendado realizar inscri\u00e7\u00e3o pr\u00e9via (<a href=\"https:\/\/docs.google.com\/forms\/d\/e\/1FAIpQLSfJK1X64hexJ61gyYMxEgNLEgYerd-Da_s38fUA1BvfUjeu0g\/viewform\" data-type=\"link\" data-id=\"https:\/\/docs.google.com\/forms\/d\/e\/1FAIpQLSfJK1X64hexJ61gyYMxEgNLEgYerd-Da_s38fUA1BvfUjeu0g\/viewform\" target=\"_blank\" rel=\"noopener\">clique aqui<\/a>).<\/p>\n<h3 class=\"wp-block-heading\"><strong>Servi\u00e7o<\/strong><\/h3>\n<p><em>Feira Arte Verde em Ribeir\u00e3o Preto<\/em><\/p>\n<p>Quando: 27 de julho de 2025 (domingo)<br \/>Hor\u00e1rio: 10h \u00e0s 19h<br \/>Local: Espa\u00e7o Cultural Cer\u00e2mica S\u00e3o Luiz \u2013 Rua Municipal, 32 (estacionamento do Carrefour Via Norte) \u2013 Ribeir\u00e3o Preto<br \/>Entrada gratuita<br \/>Informa\u00e7\u00f5es <a href=\"https:\/\/www.instagram.com\/vegribeirao\/\" data-type=\"link\" data-id=\"https:\/\/www.instagram.com\/vegribeirao\/\" target=\"_blank\" rel=\"noopener\">clique aqui<\/a><\/p>\n<p><!-- AI CONTENT END 1 -->\n<\/div>\n<\/div>\n<p><script async src=\"\/\/www.instagram.com\/embed.js\"><\/script><br \/>\n<br \/><br \/>\n<br \/><a href=\"https:\/\/www.acidadeon.com\/ribeiraopreto\/lazer-e-cultura\/ribeirao-preto-recebe-feira-vegana-com-opcoes-de-gastronomia-artesanato-e-moda\/\">Source link <\/a><\/p>\n<!-- CONTENT END 1 -->\n","protected":false},"excerpt":{"rendered":"<p>Ribeir\u00e3o Preto recebe a Feira Arte Verde no pr\u00f3ximo domingo (27), das 10h \u00e0s 19h, no Espa\u00e7o Cultural Cer\u00e2mica S\u00e3o Luiz. \u00a0 Segundo os organizadores,&#8230;<\/p>\n","protected":false},"author":1,"featured_media":74602,"comment_status":"open","ping_status":"open","sticky":false,"template":"","format":"standard","meta":{"advanced_seo_description":"","jetpack_seo_html_title":"","jetpack_seo_noindex":false,"jetpack_post_was_ever_published":false,"_jetpack_newsletter_access":"","_jetpack_dont_email_post_to_subs":false,"_jetpack_newsletter_tier_id":0,"_jetpack_memberships_contains_paywalled_content":false,"_jetpack_memberships_contains_paid_content":false,"footnotes":"","jetpack_publicize_message":"","jetpack_publicize_feature_enabled":true,"jetpack_social_post_already_shared":true,"jetpack_social_options":{"image_generator_settings":{"template":"highway","default_image_id":0,"font":"","enabled":false},"version":2}},"categories":[11],"tags":[],"class_list":["post-74601","post","type-post","status-publish","format-standard","has-post-thumbnail","hentry","category-noticias-de-ribeirao-preto-sp-e-regiao-ismael-colosi"],"jetpack_publicize_connections":[],"jetpack_featured_media_url":"https:\/\/i0.wp.com\/noticiasribeiraopreto.com.br\/wp-content\/uploads\/2025\/07\/20240818_162339_2025-07-25_14-48-19.webp.webp?fit=1200%2C829&ssl=1","jetpack-related-posts":[{"id":78210,"url":"https:\/\/noticiasribeiraopreto.com.br\/index.php\/2025\/10\/04\/ribeirao-preto-recebe-feira-com-gastronomia-vegana-artesanato-e-atividades-gratuitas\/","url_meta":{"origin":74601,"position":0},"title":"Ribeir\u00e3o Preto recebe feira com gastronomia vegana, artesanato e atividades gratuitas","author":"noticiasribeiraopreto.com.br","date":"4 de October de 2025","format":false,"excerpt":"Em parceria com o Sesc Ribeir\u00e3o acontece mais uma edi\u00e7\u00e3o da Feira Veg, em Ribeir\u00e3o Preto, neste domingo (5), das 9h \u00e0s 12h. O evento conta expositores locais oferecendo uma ampla variedade de produtos veganos. Esta edi\u00e7\u00e3o d\u00e1 in\u00edcio oficial das atividades do Sesc Ribeir\u00e3o na nova unidade, localizada na\u2026","rel":"","context":"In &quot;Not\u00edcias de Ribeir\u00e3o Preto-SP e Regi\u00e3o&quot;","block_context":{"text":"Not\u00edcias de Ribeir\u00e3o Preto-SP e Regi\u00e3o","link":"https:\/\/noticiasribeiraopreto.com.br\/index.php\/category\/noticias-de-ribeirao-preto-sp-e-regiao-ismael-colosi\/"},"img":{"alt_text":"","src":"https:\/\/i0.wp.com\/noticiasribeiraopreto.com.br\/wp-content\/uploads\/2025\/10\/feira-veg_2025-10-04_15-05-37.webp.webp?fit=1200%2C675&ssl=1&resize=350%2C200","width":350,"height":200,"srcset":"https:\/\/i0.wp.com\/noticiasribeiraopreto.com.br\/wp-content\/uploads\/2025\/10\/feira-veg_2025-10-04_15-05-37.webp.webp?fit=1200%2C675&ssl=1&resize=350%2C200 1x, https:\/\/i0.wp.com\/noticiasribeiraopreto.com.br\/wp-content\/uploads\/2025\/10\/feira-veg_2025-10-04_15-05-37.webp.webp?fit=1200%2C675&ssl=1&resize=525%2C300 1.5x, https:\/\/i0.wp.com\/noticiasribeiraopreto.com.br\/wp-content\/uploads\/2025\/10\/feira-veg_2025-10-04_15-05-37.webp.webp?fit=1200%2C675&ssl=1&resize=700%2C400 2x, https:\/\/i0.wp.com\/noticiasribeiraopreto.com.br\/wp-content\/uploads\/2025\/10\/feira-veg_2025-10-04_15-05-37.webp.webp?fit=1200%2C675&ssl=1&resize=1050%2C600 3x"},"classes":[]},{"id":77072,"url":"https:\/\/noticiasribeiraopreto.com.br\/index.php\/2025\/09\/11\/ribeirao-preto-recebe-nova-edicao-de-feira-vegana-veja-quando\/","url_meta":{"origin":74601,"position":1},"title":"Ribeir\u00e3o Preto recebe nova edi\u00e7\u00e3o de feira vegana; Veja quando","author":"noticiasribeiraopreto.com.br","date":"11 de September de 2025","format":false,"excerpt":"Ribeir\u00e3o Preto recebe a edi\u00e7\u00e3o de primavera da Feira Veg, com op\u00e7\u00f5es de gastronomia vegana, cosm\u00e9ticos naturais, moda consciente e artesanato sustent\u00e1vel. O evento acontecer\u00e1 no pr\u00f3ximo s\u00e1bado (13), das 10h \u00e0s 17h, no Sesi Ribeir\u00e3o, com entrada pela rua Artur Jos\u00e9 Suzana, s\/n\u00ba, no Jardim Castelo Branco, zona Leste.\u2026","rel":"","context":"In &quot;Not\u00edcias de Ribeir\u00e3o Preto-SP e Regi\u00e3o&quot;","block_context":{"text":"Not\u00edcias de Ribeir\u00e3o Preto-SP e Regi\u00e3o","link":"https:\/\/noticiasribeiraopreto.com.br\/index.php\/category\/noticias-de-ribeirao-preto-sp-e-regiao-ismael-colosi\/"},"img":{"alt_text":"","src":"https:\/\/i0.wp.com\/noticiasribeiraopreto.com.br\/wp-content\/uploads\/2025\/09\/queijo_2025-09-11_12-31-13.webp.webp?fit=1200%2C863&ssl=1&resize=350%2C200","width":350,"height":200,"srcset":"https:\/\/i0.wp.com\/noticiasribeiraopreto.com.br\/wp-content\/uploads\/2025\/09\/queijo_2025-09-11_12-31-13.webp.webp?fit=1200%2C863&ssl=1&resize=350%2C200 1x, https:\/\/i0.wp.com\/noticiasribeiraopreto.com.br\/wp-content\/uploads\/2025\/09\/queijo_2025-09-11_12-31-13.webp.webp?fit=1200%2C863&ssl=1&resize=525%2C300 1.5x, https:\/\/i0.wp.com\/noticiasribeiraopreto.com.br\/wp-content\/uploads\/2025\/09\/queijo_2025-09-11_12-31-13.webp.webp?fit=1200%2C863&ssl=1&resize=700%2C400 2x, https:\/\/i0.wp.com\/noticiasribeiraopreto.com.br\/wp-content\/uploads\/2025\/09\/queijo_2025-09-11_12-31-13.webp.webp?fit=1200%2C863&ssl=1&resize=1050%2C600 3x"},"classes":[]},{"id":61767,"url":"https:\/\/noticiasribeiraopreto.com.br\/index.php\/2024\/12\/21\/feira-vegana-tem-local-alterado-em-ribeirao-preto-confira\/","url_meta":{"origin":74601,"position":2},"title":"Feira vegana tem local alterado em Ribeir\u00e3o Preto; Confira","author":"noticiasribeiraopreto.com.br","date":"21 de December de 2024","format":false,"excerpt":"Ribeir\u00e3o Preto recebe neste s\u00e1bado (21), a edi\u00e7\u00e3o especial de Natal da Feira Veg, evento com entrada gratuita que re\u00fane uma sele\u00e7\u00e3o de expositores locais e oferece op\u00e7\u00f5es livre de ingredientes de origem animal ou testes em animais. O evento aconteceria em uma pra\u00e7a da zona Leste da cidade, no\u2026","rel":"","context":"In &quot;Not\u00edcias de Ribeir\u00e3o Preto-SP e Regi\u00e3o&quot;","block_context":{"text":"Not\u00edcias de Ribeir\u00e3o Preto-SP e Regi\u00e3o","link":"https:\/\/noticiasribeiraopreto.com.br\/index.php\/category\/noticias-de-ribeirao-preto-sp-e-regiao-ismael-colosi\/"},"img":{"alt_text":"","src":"https:\/\/i0.wp.com\/noticiasribeiraopreto.com.br\/wp-content\/uploads\/2024\/12\/WhatsApp-Image-2024-12-21-at-08.34.29_2024-12-21_13-09-56_jpeg_2024-12-21_13-09-57.webp.webp?fit=1200%2C800&ssl=1&resize=350%2C200","width":350,"height":200,"srcset":"https:\/\/i0.wp.com\/noticiasribeiraopreto.com.br\/wp-content\/uploads\/2024\/12\/WhatsApp-Image-2024-12-21-at-08.34.29_2024-12-21_13-09-56_jpeg_2024-12-21_13-09-57.webp.webp?fit=1200%2C800&ssl=1&resize=350%2C200 1x, https:\/\/i0.wp.com\/noticiasribeiraopreto.com.br\/wp-content\/uploads\/2024\/12\/WhatsApp-Image-2024-12-21-at-08.34.29_2024-12-21_13-09-56_jpeg_2024-12-21_13-09-57.webp.webp?fit=1200%2C800&ssl=1&resize=525%2C300 1.5x, https:\/\/i0.wp.com\/noticiasribeiraopreto.com.br\/wp-content\/uploads\/2024\/12\/WhatsApp-Image-2024-12-21-at-08.34.29_2024-12-21_13-09-56_jpeg_2024-12-21_13-09-57.webp.webp?fit=1200%2C800&ssl=1&resize=700%2C400 2x, https:\/\/i0.wp.com\/noticiasribeiraopreto.com.br\/wp-content\/uploads\/2024\/12\/WhatsApp-Image-2024-12-21-at-08.34.29_2024-12-21_13-09-56_jpeg_2024-12-21_13-09-57.webp.webp?fit=1200%2C800&ssl=1&resize=1050%2C600 3x"},"classes":[]},{"id":63341,"url":"https:\/\/noticiasribeiraopreto.com.br\/index.php\/2025\/02\/10\/feira-vegana-em-ribeirao-preto-tera-edicao-especial-de-carnaval-veja-quando\/","url_meta":{"origin":74601,"position":3},"title":"Feira vegana em Ribeir\u00e3o Preto ter\u00e1 edi\u00e7\u00e3o especial de Carnaval; veja quando","author":"noticiasribeiraopreto.com.br","date":"10 de February de 2025","format":false,"excerpt":"No pr\u00f3ximo s\u00e1bado, 15 de fevereiro, Ribeir\u00e3o Preto recebe a edi\u00e7\u00e3o especial de Carnaval da Feira Veg. O evento, com entrada gratuita, traz uma sele\u00e7\u00e3o de expositores locais e oferece uma gama de op\u00e7\u00f5es livres de ingredientes de origem animal e n\u00e3o testados em animais. A Feira Veg acontece na\u2026","rel":"","context":"In &quot;Not\u00edcias de Ribeir\u00e3o Preto-SP e Regi\u00e3o&quot;","block_context":{"text":"Not\u00edcias de Ribeir\u00e3o Preto-SP e Regi\u00e3o","link":"https:\/\/noticiasribeiraopreto.com.br\/index.php\/category\/noticias-de-ribeirao-preto-sp-e-regiao-ismael-colosi\/"},"img":{"alt_text":"","src":"https:\/\/i0.wp.com\/noticiasribeiraopreto.com.br\/wp-content\/uploads\/2024\/12\/WhatsApp-Image-2024-12-21-at-08.34.29_2024-12-21_13-09-56_jpeg_2024-12-21_13-09-57.webp.webp?fit=1200%2C800&ssl=1&resize=350%2C200","width":350,"height":200,"srcset":"https:\/\/i0.wp.com\/noticiasribeiraopreto.com.br\/wp-content\/uploads\/2024\/12\/WhatsApp-Image-2024-12-21-at-08.34.29_2024-12-21_13-09-56_jpeg_2024-12-21_13-09-57.webp.webp?fit=1200%2C800&ssl=1&resize=350%2C200 1x, https:\/\/i0.wp.com\/noticiasribeiraopreto.com.br\/wp-content\/uploads\/2024\/12\/WhatsApp-Image-2024-12-21-at-08.34.29_2024-12-21_13-09-56_jpeg_2024-12-21_13-09-57.webp.webp?fit=1200%2C800&ssl=1&resize=525%2C300 1.5x, https:\/\/i0.wp.com\/noticiasribeiraopreto.com.br\/wp-content\/uploads\/2024\/12\/WhatsApp-Image-2024-12-21-at-08.34.29_2024-12-21_13-09-56_jpeg_2024-12-21_13-09-57.webp.webp?fit=1200%2C800&ssl=1&resize=700%2C400 2x, https:\/\/i0.wp.com\/noticiasribeiraopreto.com.br\/wp-content\/uploads\/2024\/12\/WhatsApp-Image-2024-12-21-at-08.34.29_2024-12-21_13-09-56_jpeg_2024-12-21_13-09-57.webp.webp?fit=1200%2C800&ssl=1&resize=1050%2C600 3x"},"classes":[]},{"id":80085,"url":"https:\/\/noticiasribeiraopreto.com.br\/index.php\/2025\/11\/14\/ribeirao-preto-recebe-edicao-especial-de-feira-vegana-no-feriado\/","url_meta":{"origin":74601,"position":4},"title":"Ribeir\u00e3o Preto recebe edi\u00e7\u00e3o especial de feira vegana no feriado","author":"noticiasribeiraopreto.com.br","date":"14 de November de 2025","format":false,"excerpt":"Ribeir\u00e3o Preto recebe neste s\u00e1bado (15) uma edi\u00e7\u00e3o especial da Feira Veg, com op\u00e7\u00f5es de gastronomia vegana, cosm\u00e9ticos naturais, moda, artesanato, plantas e marcas autorais de diversos segmentos. Esta edi\u00e7\u00e3o celebra os 13 anos do movimento que deu origem ao evento. A feira, que acontece a partir das 16h na\u2026","rel":"","context":"In &quot;Not\u00edcias de Ribeir\u00e3o Preto-SP e Regi\u00e3o&quot;","block_context":{"text":"Not\u00edcias de Ribeir\u00e3o Preto-SP e Regi\u00e3o","link":"https:\/\/noticiasribeiraopreto.com.br\/index.php\/category\/noticias-de-ribeirao-preto-sp-e-regiao-ismael-colosi\/"},"img":{"alt_text":"","src":"https:\/\/i0.wp.com\/noticiasribeiraopreto.com.br\/wp-content\/uploads\/2025\/11\/Veg-19-11-92_2025-11-14_12-29-40.webp.webp?fit=1200%2C801&ssl=1&resize=350%2C200","width":350,"height":200,"srcset":"https:\/\/i0.wp.com\/noticiasribeiraopreto.com.br\/wp-content\/uploads\/2025\/11\/Veg-19-11-92_2025-11-14_12-29-40.webp.webp?fit=1200%2C801&ssl=1&resize=350%2C200 1x, https:\/\/i0.wp.com\/noticiasribeiraopreto.com.br\/wp-content\/uploads\/2025\/11\/Veg-19-11-92_2025-11-14_12-29-40.webp.webp?fit=1200%2C801&ssl=1&resize=525%2C300 1.5x, https:\/\/i0.wp.com\/noticiasribeiraopreto.com.br\/wp-content\/uploads\/2025\/11\/Veg-19-11-92_2025-11-14_12-29-40.webp.webp?fit=1200%2C801&ssl=1&resize=700%2C400 2x, https:\/\/i0.wp.com\/noticiasribeiraopreto.com.br\/wp-content\/uploads\/2025\/11\/Veg-19-11-92_2025-11-14_12-29-40.webp.webp?fit=1200%2C801&ssl=1&resize=1050%2C600 3x"},"classes":[]},{"id":83268,"url":"https:\/\/noticiasribeiraopreto.com.br\/index.php\/2026\/03\/14\/avenida-nove-de-julho-recebe-evento-gratuito-com-musica-gastronomia-e-artesanato\/","url_meta":{"origin":74601,"position":5},"title":"Avenida Nove de Julho recebe evento gratuito com m\u00fasica, gastronomia e artesanato","author":"noticiasribeiraopreto.com.br","date":"14 de March de 2026","format":false,"excerpt":"A avenida Nove de Julho, em Ribeir\u00e3o Preto, recebe neste domingo (15), das 15h \u00e0s 19h, a 6\u00aa edi\u00e7\u00e3o do Viva a Nove. O evento gratuito re\u00fane atividades culturais, esportivas e gastron\u00f4micas ao longo da via. A programa\u00e7\u00e3o prev\u00ea apresenta\u00e7\u00f5es musicais, oficinas, brincadeiras, incentivo \u00e0 leitura, feira de artesanato, a\u00e7\u00f5es\u2026","rel":"","context":"In &quot;Not\u00edcias de Ribeir\u00e3o Preto-SP e Regi\u00e3o&quot;","block_context":{"text":"Not\u00edcias de Ribeir\u00e3o Preto-SP e Regi\u00e3o","link":"https:\/\/noticiasribeiraopreto.com.br\/index.php\/category\/noticias-de-ribeirao-preto-sp-e-regiao-ismael-colosi\/"},"img":{"alt_text":"","src":"https:\/\/i0.wp.com\/noticiasribeiraopreto.com.br\/wp-content\/uploads\/2025\/11\/encontro-de-brechos_2025-11-15_17-57-25.webp.webp?fit=1200%2C889&ssl=1&resize=350%2C200","width":350,"height":200,"srcset":"https:\/\/i0.wp.com\/noticiasribeiraopreto.com.br\/wp-content\/uploads\/2025\/11\/encontro-de-brechos_2025-11-15_17-57-25.webp.webp?fit=1200%2C889&ssl=1&resize=350%2C200 1x, https:\/\/i0.wp.com\/noticiasribeiraopreto.com.br\/wp-content\/uploads\/2025\/11\/encontro-de-brechos_2025-11-15_17-57-25.webp.webp?fit=1200%2C889&ssl=1&resize=525%2C300 1.5x, https:\/\/i0.wp.com\/noticiasribeiraopreto.com.br\/wp-content\/uploads\/2025\/11\/encontro-de-brechos_2025-11-15_17-57-25.webp.webp?fit=1200%2C889&ssl=1&resize=700%2C400 2x, https:\/\/i0.wp.com\/noticiasribeiraopreto.com.br\/wp-content\/uploads\/2025\/11\/encontro-de-brechos_2025-11-15_17-57-25.webp.webp?fit=1200%2C889&ssl=1&resize=1050%2C600 3x"},"classes":[]}],"jetpack_sharing_enabled":true,"jetpack_shortlink":"https:\/\/wp.me\/peQAOb-jpf","_links":{"self":[{"href":"https:\/\/noticiasribeiraopreto.com.br\/index.php\/wp-json\/wp\/v2\/posts\/74601","targetHints":{"allow":["GET"]}}],"collection":[{"href":"https:\/\/noticiasribeiraopreto.com.br\/index.php\/wp-json\/wp\/v2\/posts"}],"about":[{"href":"https:\/\/noticiasribeiraopreto.com.br\/index.php\/wp-json\/wp\/v2\/types\/post"}],"author":[{"embeddable":true,"href":"https:\/\/noticiasribeiraopreto.com.br\/index.php\/wp-json\/wp\/v2\/users\/1"}],"replies":[{"embeddable":true,"href":"https:\/\/noticiasribeiraopreto.com.br\/index.php\/wp-json\/wp\/v2\/comments?post=74601"}],"version-history":[{"count":0,"href":"https:\/\/noticiasribeiraopreto.com.br\/index.php\/wp-json\/wp\/v2\/posts\/74601\/revisions"}],"wp:featuredmedia":[{"embeddable":true,"href":"https:\/\/noticiasribeiraopreto.com.br\/index.php\/wp-json\/wp\/v2\/media\/74602"}],"wp:attachment":[{"href":"https:\/\/noticiasribeiraopreto.com.br\/index.php\/wp-json\/wp\/v2\/media?parent=74601"}],"wp:term":[{"taxonomy":"category","embeddable":true,"href":"https:\/\/noticiasribeiraopreto.com.br\/index.php\/wp-json\/wp\/v2\/categories?post=74601"},{"taxonomy":"post_tag","embeddable":true,"href":"https:\/\/noticiasribeiraopreto.com.br\/index.php\/wp-json\/wp\/v2\/tags?post=74601"}],"curies":[{"name":"wp","href":"https:\/\/api.w.org\/{rel}","templated":true}]}}