{"id":74603,"date":"2025-07-25T12:45:39","date_gmt":"2025-07-25T15:45:39","guid":{"rendered":"https:\/\/noticiasribeiraopreto.com.br\/index.php\/2025\/07\/25\/fgts-vai-distribuir-r-129-bilhoes-de-lucro-aos-trabalhadores-veja-como-consultar-o-saldo\/"},"modified":"2025-07-25T12:45:39","modified_gmt":"2025-07-25T15:45:39","slug":"fgts-vai-distribuir-r-129-bilhoes-de-lucro-aos-trabalhadores-veja-como-consultar-o-saldo","status":"publish","type":"post","link":"https:\/\/noticiasribeiraopreto.com.br\/index.php\/2025\/07\/25\/fgts-vai-distribuir-r-129-bilhoes-de-lucro-aos-trabalhadores-veja-como-consultar-o-saldo\/","title":{"rendered":"FGTS vai distribuir R$ 12,9 bilh\u00f5es de lucro aos trabalhadores; Veja como consultar o saldo"},"content":{"rendered":"<div class='code-block code-block-1' style='margin: 8px 0 8px auto; text-align: right; display: block; clear: both;'>\n<p><a href=\"https:\/\/wa.link\/vpicfd\"><img data-recalc-dims=\"1\" class=\"wp-image-4922\" style=\"aspect-ratio: 2.0253164556962027; width: 561px; height: auto;\" src=\"https:\/\/i0.wp.com\/ismaelcolosi.com.br\/wp-content\/uploads\/2023\/11\/grupo-de-empregos-whatsapp-e-facebook-ismael-colosi-vagas.jpg?ssl=1\" alt=\"\" \/><\/a><\/p>\n<!-- \/wp:image -->\n<\/div>\n<p> <br \/>\n<\/p>\n<div>\n<p>O Conselho Curador do <strong>FGTS (Fundo de Garantia do Tempo de Servi\u00e7o) <\/strong>definiu na \u00faltima quinta-feira (24) que <mark style=\"background-color:#fcb900\" class=\"has-inline-color has-black-color\">ser\u00e3o distribu\u00eddos R$ 12,9 bilh\u00f5es como lucro entre 134 milh\u00f5es de trabalhadores<\/mark>. O valor equivale a 95% do lucro de R$ 13,61 bilh\u00f5es registrado no ano passado.<\/p>\n<p>Como um trabalhador pode ter mais de uma conta no FGTS, os R$ 12,969 bilh\u00f5es ser\u00e3o repartidos entre 235 milh\u00f5es de contas. O dinheiro \u00e9 distribu\u00eddo proporcionalmente ao saldo em cada conta em nome do trabalhador em 31 de dezembro do ano anterior.<\/p>\n<p><mark style=\"background-color:#fcb900\" class=\"has-inline-color has-black-color\">A Caixa Econ\u00f4mica Federal tem at\u00e9 31 de agosto para creditar a parcela dos lucros do FGTS <\/mark>repartida entre os cotistas.<\/p>\n<p>Pela legisla\u00e7\u00e3o, o FGTS rende 3% ao ano mais a taxa referencial (TR). No entanto, a distribui\u00e7\u00e3o dos lucros \u2013 existente desde 2017 \u2013 melhora o rendimento do fundo. O cr\u00e9dito \u2013 rendimento tradicional mais a distribui\u00e7\u00e3o do lucro \u2013 \u00e9 incorporado ao saldo da conta.<\/p>\n<h2 class=\"wp-block-heading\"><strong>Como consultar o saldo<\/strong><\/h2>\n<p>O trabalhador pode verificar o saldo do FGTS por meio do aplicativo FGTS, dispon\u00edvel para os telefones com sistema Android e iOS.<\/p>\n<p>Quem n\u00e3o puder fazer a consulta pela internet deve ir a qualquer ag\u00eancia da Caixa pedir o extrato no balc\u00e3o de atendimento.<\/p>\n<p>O banco tamb\u00e9m envia o extrato do FGTS em papel a cada dois meses, no endere\u00e7o cadastrado.<\/p>\n<p>Quem mudou de resid\u00eancia deve procurar uma ag\u00eancia da Caixa ou ligar para o n\u00famero 0800-726-0101 e informar o novo endere\u00e7o.<\/p>\n<h2 class=\"wp-block-heading\"><strong>Posso sacar?<\/strong><\/h2>\n<p>O dinheiro, por\u00e9m, s\u00f3 poder\u00e1 ser retirado de acordo com as regras de saque, como demiss\u00e3o sem justa causa, compra da casa pr\u00f3pria, doen\u00e7as graves ou saque-anivers\u00e1rio.<\/p>\n<p>(com informa\u00e7\u00f5es Ag\u00eancia Brasil)<\/p>\n<p>SAIBA MAIS<br \/>Vem chuva? Veja previs\u00e3o no \u00faltimo fim de semana de julho em Ribeir\u00e3o Preto<\/p>\n<h2 class=\"wp-block-heading\"><strong>FIQUE ON<\/strong><\/h2>\n<p>Fique ligado em tudo que acontece em Ribeir\u00e3o Preto e regi\u00e3o. Siga os perfis do<strong> acidade on <\/strong>no Instagram e no Facebook.<\/p>\n<p>Receba not\u00edcias do<strong> acidade on<\/strong> no WhatsApp.<a href=\"https:\/\/chat.whatsapp.com\/BjKQZ9oJwlz8VVT50NuePq\" data-type=\"link\" data-id=\"https:\/\/chat.whatsapp.com\/BjKQZ9oJwlz8VVT50NuePq\" target=\"_blank\" rel=\"noopener\"> Para entrar no grupo, basta clicar aqui.<\/a><\/p>\n<p>Fa\u00e7a uma den\u00fancia ou sugira uma reportagem sobre Ribeir\u00e3o Preto e regi\u00e3o pelo WhatsApp: 16 99117 7802.<\/p>\n<p>VEJA TAMB\u00c9M<br \/>O que um copo de suco de uva pode fazer pelo seu corpo?<\/p>\n<p><!-- AI CONTENT END 1 -->\n<\/div>\n<p><br \/>\n<br \/><a href=\"https:\/\/www.acidadeon.com\/ribeiraopreto\/economia\/fgts-vai-distribuir-r-129-bilhoes-de-lucro-aos-trabalhadores-veja-como-consultar-o-saldo\/\">Source link <\/a><\/p>\n<!-- CONTENT END 1 -->\n","protected":false},"excerpt":{"rendered":"<p>O Conselho Curador do FGTS (Fundo de Garantia do Tempo de Servi\u00e7o) definiu na \u00faltima quinta-feira (24) que ser\u00e3o distribu\u00eddos R$ 12,9 bilh\u00f5es como lucro&#8230;<\/p>\n","protected":false},"author":1,"featured_media":74604,"comment_status":"open","ping_status":"open","sticky":false,"template":"","format":"standard","meta":{"advanced_seo_description":"","jetpack_seo_html_title":"","jetpack_seo_noindex":false,"jetpack_post_was_ever_published":false,"_jetpack_newsletter_access":"","_jetpack_dont_email_post_to_subs":false,"_jetpack_newsletter_tier_id":0,"_jetpack_memberships_contains_paywalled_content":false,"_jetpack_memberships_contains_paid_content":false,"footnotes":"","jetpack_publicize_message":"","jetpack_publicize_feature_enabled":true,"jetpack_social_post_already_shared":true,"jetpack_social_options":{"image_generator_settings":{"template":"highway","default_image_id":0,"font":"","enabled":false},"version":2}},"categories":[11],"tags":[],"class_list":["post-74603","post","type-post","status-publish","format-standard","has-post-thumbnail","hentry","category-noticias-de-ribeirao-preto-sp-e-regiao-ismael-colosi"],"jetpack_publicize_connections":[],"jetpack_featured_media_url":"https:\/\/i0.wp.com\/noticiasribeiraopreto.com.br\/wp-content\/uploads\/2025\/07\/dinheiro-fgts_2025-07-25_13-27-21.webp.webp?fit=1170%2C700&ssl=1","jetpack-related-posts":[{"id":55008,"url":"https:\/\/noticiasribeiraopreto.com.br\/index.php\/2024\/07\/27\/caixa-anuncia-pagamento-do-lucro-do-fgts-descubra-a-data-que-voce-vai-receber\/","url_meta":{"origin":74603,"position":0},"title":"Caixa Anuncia Pagamento do Lucro do FGTS: Descubra a Data Que Voc\u00ea Vai Receber","author":"noticiasribeiraopreto.com.br","date":"27 de July de 2024","format":false,"excerpt":"A Caixa Econ\u00f4mica Federal anunciou uma importante medida que afeta diretamente os trabalhadores no Brasil. Com a \u00faltima decis\u00e3o, a institui\u00e7\u00e3o confirmou a libera\u00e7\u00e3o dos benef\u00edcios recebidos pelo FGTS e proporcionou al\u00edvio financeiro a muitos cidad\u00e3os. Este dividendo \u00e9 aguardado com ansiedade e promete grandes benef\u00edcios financeiros. Essa a\u00e7\u00e3o representa\u2026","rel":"","context":"In &quot;Dinheiro e Investimento&quot;","block_context":{"text":"Dinheiro e Investimento","link":"https:\/\/noticiasribeiraopreto.com.br\/index.php\/category\/dinheiro-e-investimento-como-fazer-como-ganhar\/"},"img":{"alt_text":"","src":"https:\/\/i0.wp.com\/noticiasribeiraopreto.com.br\/wp-content\/uploads\/2024\/07\/www.Financasbrasil.org_-2.webp.webp?fit=1200%2C630&ssl=1&resize=350%2C200","width":350,"height":200,"srcset":"https:\/\/i0.wp.com\/noticiasribeiraopreto.com.br\/wp-content\/uploads\/2024\/07\/www.Financasbrasil.org_-2.webp.webp?fit=1200%2C630&ssl=1&resize=350%2C200 1x, https:\/\/i0.wp.com\/noticiasribeiraopreto.com.br\/wp-content\/uploads\/2024\/07\/www.Financasbrasil.org_-2.webp.webp?fit=1200%2C630&ssl=1&resize=525%2C300 1.5x, https:\/\/i0.wp.com\/noticiasribeiraopreto.com.br\/wp-content\/uploads\/2024\/07\/www.Financasbrasil.org_-2.webp.webp?fit=1200%2C630&ssl=1&resize=700%2C400 2x, https:\/\/i0.wp.com\/noticiasribeiraopreto.com.br\/wp-content\/uploads\/2024\/07\/www.Financasbrasil.org_-2.webp.webp?fit=1200%2C630&ssl=1&resize=1050%2C600 3x"},"classes":[]},{"id":55619,"url":"https:\/\/noticiasribeiraopreto.com.br\/index.php\/2024\/08\/04\/caixa-anuncia-pagamento-do-lucro-do-fgts-descubra-a-data-que-voce-vai-receber-2\/","url_meta":{"origin":74603,"position":1},"title":"Caixa Anuncia Pagamento do Lucro do FGTS: Descubra a Data Que Voc\u00ea Vai Receber","author":"noticiasribeiraopreto.com.br","date":"4 de August de 2024","format":false,"excerpt":"A Caixa Econ\u00f4mica Federal anunciou uma importante medida que afeta diretamente os trabalhadores no Brasil. Com a \u00faltima decis\u00e3o, a institui\u00e7\u00e3o confirmou a libera\u00e7\u00e3o dos benef\u00edcios recebidos pelo FGTS e proporcionou al\u00edvio financeiro a muitos cidad\u00e3os. Este dividendo \u00e9 aguardado com ansiedade e promete grandes benef\u00edcios financeiros. Essa a\u00e7\u00e3o representa\u2026","rel":"","context":"In &quot;Dinheiro e Investimento&quot;","block_context":{"text":"Dinheiro e Investimento","link":"https:\/\/noticiasribeiraopreto.com.br\/index.php\/category\/dinheiro-e-investimento-como-fazer-como-ganhar\/"},"img":{"alt_text":"","src":"https:\/\/i0.wp.com\/noticiasribeiraopreto.com.br\/wp-content\/uploads\/2024\/07\/www.Financasbrasil.org_-2.webp.webp?fit=1200%2C630&ssl=1&resize=350%2C200","width":350,"height":200,"srcset":"https:\/\/i0.wp.com\/noticiasribeiraopreto.com.br\/wp-content\/uploads\/2024\/07\/www.Financasbrasil.org_-2.webp.webp?fit=1200%2C630&ssl=1&resize=350%2C200 1x, https:\/\/i0.wp.com\/noticiasribeiraopreto.com.br\/wp-content\/uploads\/2024\/07\/www.Financasbrasil.org_-2.webp.webp?fit=1200%2C630&ssl=1&resize=525%2C300 1.5x, https:\/\/i0.wp.com\/noticiasribeiraopreto.com.br\/wp-content\/uploads\/2024\/07\/www.Financasbrasil.org_-2.webp.webp?fit=1200%2C630&ssl=1&resize=700%2C400 2x, https:\/\/i0.wp.com\/noticiasribeiraopreto.com.br\/wp-content\/uploads\/2024\/07\/www.Financasbrasil.org_-2.webp.webp?fit=1200%2C630&ssl=1&resize=1050%2C600 3x"},"classes":[]},{"id":81146,"url":"https:\/\/noticiasribeiraopreto.com.br\/index.php\/2025\/12\/25\/saiba-quem-pode-realizar-o-saque-aniversario-do-fgts\/","url_meta":{"origin":74603,"position":2},"title":"Saiba quem pode realizar o Saque-Anivers\u00e1rio do FGTS","author":"noticiasribeiraopreto.com.br","date":"25 de December de 2025","format":false,"excerpt":"A Caixa inicia na segunda-feira (29) o pagamento do FGTS (Fundo de Garantia do Tempo de Servi\u00e7o) aos trabalhadores que optaram pelo Saque-Anivers\u00e1rio e tiveram seu contrato de trabalho suspenso ou extinto entre 01\/01\/2020 e 23\/12\/2025. Nesta ter\u00e7a-feira, o Governo Federal publicou a Medida Provis\u00f3ria n\u00ba 1.331\/2025, que autoriza o\u2026","rel":"","context":"In &quot;Not\u00edcias de Ribeir\u00e3o Preto-SP e Regi\u00e3o&quot;","block_context":{"text":"Not\u00edcias de Ribeir\u00e3o Preto-SP e Regi\u00e3o","link":"https:\/\/noticiasribeiraopreto.com.br\/index.php\/category\/noticias-de-ribeirao-preto-sp-e-regiao-ismael-colosi\/"},"img":{"alt_text":"","src":"https:\/\/i0.wp.com\/noticiasribeiraopreto.com.br\/wp-content\/uploads\/2025\/12\/saque_2025-12-24_13-51-39.webp.webp?fit=1080%2C720&ssl=1&resize=350%2C200","width":350,"height":200,"srcset":"https:\/\/i0.wp.com\/noticiasribeiraopreto.com.br\/wp-content\/uploads\/2025\/12\/saque_2025-12-24_13-51-39.webp.webp?fit=1080%2C720&ssl=1&resize=350%2C200 1x, https:\/\/i0.wp.com\/noticiasribeiraopreto.com.br\/wp-content\/uploads\/2025\/12\/saque_2025-12-24_13-51-39.webp.webp?fit=1080%2C720&ssl=1&resize=525%2C300 1.5x, https:\/\/i0.wp.com\/noticiasribeiraopreto.com.br\/wp-content\/uploads\/2025\/12\/saque_2025-12-24_13-51-39.webp.webp?fit=1080%2C720&ssl=1&resize=700%2C400 2x, https:\/\/i0.wp.com\/noticiasribeiraopreto.com.br\/wp-content\/uploads\/2025\/12\/saque_2025-12-24_13-51-39.webp.webp?fit=1080%2C720&ssl=1&resize=1050%2C600 3x"},"classes":[]},{"id":78276,"url":"https:\/\/noticiasribeiraopreto.com.br\/index.php\/2025\/10\/07\/antecipacao-do-saque-aniversario-do-fgts-ganha-restricao-veja-o-que-muda\/","url_meta":{"origin":74603,"position":3},"title":"Antecipa\u00e7\u00e3o do saque-anivers\u00e1rio do FGTS ganha restri\u00e7\u00e3o; Veja o que muda","author":"noticiasribeiraopreto.com.br","date":"7 de October de 2025","format":false,"excerpt":"A partir de 1\u00ba de novembro, o trabalhador que aderiu ao saque-anivers\u00e1rio do FGTS (Fundo de Garantia do Tempo de Servi\u00e7o) ter\u00e1 limita\u00e7\u00f5es na hora de antecipar o benef\u00edcio nos bancos. O valor e o n\u00famero de parcelas passar\u00e3o a ser limitados, assim como haver\u00e1 restri\u00e7\u00f5es de prazo e um\u2026","rel":"","context":"In &quot;Not\u00edcias de Ribeir\u00e3o Preto-SP e Regi\u00e3o&quot;","block_context":{"text":"Not\u00edcias de Ribeir\u00e3o Preto-SP e Regi\u00e3o","link":"https:\/\/noticiasribeiraopreto.com.br\/index.php\/category\/noticias-de-ribeirao-preto-sp-e-regiao-ismael-colosi\/"},"img":{"alt_text":"","src":"https:\/\/i0.wp.com\/noticiasribeiraopreto.com.br\/wp-content\/uploads\/2025\/10\/saque-aniversario_2025-10-07_19-53-31.webp.webp?fit=1200%2C717&ssl=1&resize=350%2C200","width":350,"height":200,"srcset":"https:\/\/i0.wp.com\/noticiasribeiraopreto.com.br\/wp-content\/uploads\/2025\/10\/saque-aniversario_2025-10-07_19-53-31.webp.webp?fit=1200%2C717&ssl=1&resize=350%2C200 1x, https:\/\/i0.wp.com\/noticiasribeiraopreto.com.br\/wp-content\/uploads\/2025\/10\/saque-aniversario_2025-10-07_19-53-31.webp.webp?fit=1200%2C717&ssl=1&resize=525%2C300 1.5x, https:\/\/i0.wp.com\/noticiasribeiraopreto.com.br\/wp-content\/uploads\/2025\/10\/saque-aniversario_2025-10-07_19-53-31.webp.webp?fit=1200%2C717&ssl=1&resize=700%2C400 2x, https:\/\/i0.wp.com\/noticiasribeiraopreto.com.br\/wp-content\/uploads\/2025\/10\/saque-aniversario_2025-10-07_19-53-31.webp.webp?fit=1200%2C717&ssl=1&resize=1050%2C600 3x"},"classes":[]},{"id":23472,"url":"https:\/\/noticiasribeiraopreto.com.br\/index.php\/2024\/01\/02\/saque-aniversario-do-fgts-em-2024-ja-esta-disponivel\/","url_meta":{"origin":74603,"position":4},"title":"Saque-anivers\u00e1rio do FGTS em 2024 j\u00e1 est\u00e1 dispon\u00edvel","author":"noticiasribeiraopreto.com.br","date":"2 de January de 2024","format":false,"excerpt":"Os trabalhadores que optarem pelo saque-anivers\u00e1rio do Fundo de Garantia do Tempo de Servi\u00e7o (FGTS) aos poucos come\u00e7am a ter acesso \u00e0 cota de 2024. As retiradas ocorrem conforme o m\u00eas de anivers\u00e1rio do trabalhador. Os cotistas nascidos em janeiro podem fazer o saque a partir desta ter\u00e7a-feira (2).Criada em\u2026","rel":"","context":"In &quot;Not\u00edcias de Ribeir\u00e3o Preto-SP e Regi\u00e3o&quot;","block_context":{"text":"Not\u00edcias de Ribeir\u00e3o Preto-SP e Regi\u00e3o","link":"https:\/\/noticiasribeiraopreto.com.br\/index.php\/category\/noticias-de-ribeirao-preto-sp-e-regiao-ismael-colosi\/"},"img":{"alt_text":"","src":"https:\/\/i0.wp.com\/noticiasribeiraopreto.com.br\/wp-content\/uploads\/2024\/01\/pis-pasep-fgts.jpg?fit=700%2C396&ssl=1&resize=350%2C200","width":350,"height":200,"srcset":"https:\/\/i0.wp.com\/noticiasribeiraopreto.com.br\/wp-content\/uploads\/2024\/01\/pis-pasep-fgts.jpg?fit=700%2C396&ssl=1&resize=350%2C200 1x, https:\/\/i0.wp.com\/noticiasribeiraopreto.com.br\/wp-content\/uploads\/2024\/01\/pis-pasep-fgts.jpg?fit=700%2C396&ssl=1&resize=525%2C300 1.5x, https:\/\/i0.wp.com\/noticiasribeiraopreto.com.br\/wp-content\/uploads\/2024\/01\/pis-pasep-fgts.jpg?fit=700%2C396&ssl=1&resize=700%2C400 2x"},"classes":[]},{"id":64245,"url":"https:\/\/noticiasribeiraopreto.com.br\/index.php\/2025\/03\/06\/veja-quem-pode-receber-o-pagamento-especial-do-saque-aniversario-do-fgts\/","url_meta":{"origin":74603,"position":5},"title":"Veja quem pode receber o pagamento especial do saque-anivers\u00e1rio do FGTS","author":"noticiasribeiraopreto.com.br","date":"6 de March de 2025","format":false,"excerpt":"Os trabalhadores que aderiram ao saque-anivers\u00e1rio do FGTS (Fundo de Garantia do Tempo de Servi\u00e7o) e foram demitidos sem justa causa de janeiro de 2020 at\u00e9 o fim de fevereiro deste ano come\u00e7am a receber, nesta quinta-feira (6), o saldo integral dos dep\u00f3sitos dos antigos empregadores. O dinheiro estava bloqueado\u2026","rel":"","context":"In &quot;Not\u00edcias de Ribeir\u00e3o Preto-SP e Regi\u00e3o&quot;","block_context":{"text":"Not\u00edcias de Ribeir\u00e3o Preto-SP e Regi\u00e3o","link":"https:\/\/noticiasribeiraopreto.com.br\/index.php\/category\/noticias-de-ribeirao-preto-sp-e-regiao-ismael-colosi\/"},"img":{"alt_text":"","src":"https:\/\/i0.wp.com\/noticiasribeiraopreto.com.br\/wp-content\/uploads\/2025\/03\/saque-aniversario_2025-03-06_12-51-30_jpg_2025-03-06_12-51-30.webp.webp?fit=1170%2C700&ssl=1&resize=350%2C200","width":350,"height":200,"srcset":"https:\/\/i0.wp.com\/noticiasribeiraopreto.com.br\/wp-content\/uploads\/2025\/03\/saque-aniversario_2025-03-06_12-51-30_jpg_2025-03-06_12-51-30.webp.webp?fit=1170%2C700&ssl=1&resize=350%2C200 1x, https:\/\/i0.wp.com\/noticiasribeiraopreto.com.br\/wp-content\/uploads\/2025\/03\/saque-aniversario_2025-03-06_12-51-30_jpg_2025-03-06_12-51-30.webp.webp?fit=1170%2C700&ssl=1&resize=525%2C300 1.5x, https:\/\/i0.wp.com\/noticiasribeiraopreto.com.br\/wp-content\/uploads\/2025\/03\/saque-aniversario_2025-03-06_12-51-30_jpg_2025-03-06_12-51-30.webp.webp?fit=1170%2C700&ssl=1&resize=700%2C400 2x, https:\/\/i0.wp.com\/noticiasribeiraopreto.com.br\/wp-content\/uploads\/2025\/03\/saque-aniversario_2025-03-06_12-51-30_jpg_2025-03-06_12-51-30.webp.webp?fit=1170%2C700&ssl=1&resize=1050%2C600 3x"},"classes":[]}],"jetpack_sharing_enabled":true,"jetpack_shortlink":"https:\/\/wp.me\/peQAOb-jph","_links":{"self":[{"href":"https:\/\/noticiasribeiraopreto.com.br\/index.php\/wp-json\/wp\/v2\/posts\/74603","targetHints":{"allow":["GET"]}}],"collection":[{"href":"https:\/\/noticiasribeiraopreto.com.br\/index.php\/wp-json\/wp\/v2\/posts"}],"about":[{"href":"https:\/\/noticiasribeiraopreto.com.br\/index.php\/wp-json\/wp\/v2\/types\/post"}],"author":[{"embeddable":true,"href":"https:\/\/noticiasribeiraopreto.com.br\/index.php\/wp-json\/wp\/v2\/users\/1"}],"replies":[{"embeddable":true,"href":"https:\/\/noticiasribeiraopreto.com.br\/index.php\/wp-json\/wp\/v2\/comments?post=74603"}],"version-history":[{"count":0,"href":"https:\/\/noticiasribeiraopreto.com.br\/index.php\/wp-json\/wp\/v2\/posts\/74603\/revisions"}],"wp:featuredmedia":[{"embeddable":true,"href":"https:\/\/noticiasribeiraopreto.com.br\/index.php\/wp-json\/wp\/v2\/media\/74604"}],"wp:attachment":[{"href":"https:\/\/noticiasribeiraopreto.com.br\/index.php\/wp-json\/wp\/v2\/media?parent=74603"}],"wp:term":[{"taxonomy":"category","embeddable":true,"href":"https:\/\/noticiasribeiraopreto.com.br\/index.php\/wp-json\/wp\/v2\/categories?post=74603"},{"taxonomy":"post_tag","embeddable":true,"href":"https:\/\/noticiasribeiraopreto.com.br\/index.php\/wp-json\/wp\/v2\/tags?post=74603"}],"curies":[{"name":"wp","href":"https:\/\/api.w.org\/{rel}","templated":true}]}}