{"id":74605,"date":"2025-07-25T12:51:59","date_gmt":"2025-07-25T15:51:59","guid":{"rendered":"https:\/\/noticiasribeiraopreto.com.br\/index.php\/2025\/07\/25\/anhanguera-e-liberada-apos-grave-acidente-na-regiao-de-ribeirao-preto\/"},"modified":"2025-07-25T12:51:59","modified_gmt":"2025-07-25T15:51:59","slug":"anhanguera-e-liberada-apos-grave-acidente-na-regiao-de-ribeirao-preto","status":"publish","type":"post","link":"https:\/\/noticiasribeiraopreto.com.br\/index.php\/2025\/07\/25\/anhanguera-e-liberada-apos-grave-acidente-na-regiao-de-ribeirao-preto\/","title":{"rendered":"Anhanguera \u00e9 liberada ap\u00f3s grave acidente na regi\u00e3o de Ribeir\u00e3o Preto"},"content":{"rendered":"<div class='code-block code-block-1' style='margin: 8px 0 8px auto; text-align: right; display: block; clear: both;'>\n<p><a href=\"https:\/\/wa.link\/vpicfd\"><img data-recalc-dims=\"1\" class=\"wp-image-4922\" style=\"aspect-ratio: 2.0253164556962027; width: 561px; height: auto;\" src=\"https:\/\/i0.wp.com\/ismaelcolosi.com.br\/wp-content\/uploads\/2023\/11\/grupo-de-empregos-whatsapp-e-facebook-ismael-colosi-vagas.jpg?ssl=1\" alt=\"\" \/><\/a><\/p>\n<!-- \/wp:image -->\n<\/div>\n<p> <br \/>\n<\/p>\n<div data-td-block-uid=\"tdi_95\">\n<div class=\"tdb-block-inner td-fix-index\">\n<p><strong>A pista sentido sul (Capital) da rodovia Anhanguera (SP-330) foi liberada por volta das 9h desta sexta-feira (25), depois de um greve acidente com cinco ve\u00edculos no in\u00edcio da manh\u00e3, no km 294+500, em Cravinhos, na regi\u00e3o de Ribeir\u00e3o Preto.<\/strong>\u00a0A <strong>informa\u00e7\u00e3o <\/strong>foi <strong>divulgada <\/strong>pela <strong>concession\u00e1ria ViaPaulista<\/strong>.<\/p>\n<p>Segundo as informa\u00e7\u00f5es,\u00a0cinco ve\u00edculos \u2013 quatro caminh\u00f5es e um carro \u2013 se envolveram em um engavetamento no in\u00edcio da manh\u00e3. Foram registradas quatro v\u00edtimas, sendo duas consideradas mais graves e duas leves. Outras duas pessoas sa\u00edram sem ferimentos.<\/p>\n<p>O tr\u00e2nsito foi desviado para a pista marginal, no entanto, a fila de ve\u00edculos chegou de aproximadamente 5,5 quil\u00f4metros, conforme a Artesp (Ag\u00eancia de Transporte do Estado de S\u00e3o Paulo).<\/p>\n<p>As causas ainda dever\u00e3o ser apuradas.<\/p>\n<p><!-- AI CONTENT END 1 -->\n<\/div>\n<\/div>\n<p><br \/>\n<br \/><a href=\"https:\/\/www.acidadeon.com\/ribeiraopreto\/cotidiano\/anhanguera-e-liberada-apos-grave-acidente-na-regiao-de-ribeirao-preto\/\">Source link <\/a><\/p>\n<!-- CONTENT END 1 -->\n","protected":false},"excerpt":{"rendered":"<p>A pista sentido sul (Capital) da rodovia Anhanguera (SP-330) foi liberada por volta das 9h desta sexta-feira (25), depois de um greve acidente com cinco&#8230;<\/p>\n","protected":false},"author":1,"featured_media":74606,"comment_status":"open","ping_status":"open","sticky":false,"template":"","format":"standard","meta":{"advanced_seo_description":"","jetpack_seo_html_title":"","jetpack_seo_noindex":false,"jetpack_post_was_ever_published":false,"_jetpack_newsletter_access":"","_jetpack_dont_email_post_to_subs":false,"_jetpack_newsletter_tier_id":0,"_jetpack_memberships_contains_paywalled_content":false,"_jetpack_memberships_contains_paid_content":false,"footnotes":"","jetpack_publicize_message":"","jetpack_publicize_feature_enabled":true,"jetpack_social_post_already_shared":true,"jetpack_social_options":{"image_generator_settings":{"template":"highway","default_image_id":0,"font":"","enabled":false},"version":2}},"categories":[11],"tags":[],"class_list":["post-74605","post","type-post","status-publish","format-standard","has-post-thumbnail","hentry","category-noticias-de-ribeirao-preto-sp-e-regiao-ismael-colosi"],"jetpack_publicize_connections":[],"jetpack_featured_media_url":"https:\/\/i0.wp.com\/noticiasribeiraopreto.com.br\/wp-content\/uploads\/2025\/07\/WhatsApp-Image-2025-07-25-at-10.00.38_2025-07-25_13-01-52.webp.webp?fit=1200%2C711&ssl=1","jetpack-related-posts":[{"id":74590,"url":"https:\/\/noticiasribeiraopreto.com.br\/index.php\/2025\/07\/25\/acidente-com-5-veiculos-trava-transito-na-anhanguera-na-regiao-de-ribeirao-preto-fotos\/","url_meta":{"origin":74605,"position":0},"title":"Acidente com 5 ve\u00edculos trava tr\u00e2nsito na Anhanguera na regi\u00e3o de Ribeir\u00e3o Preto; Fotos","author":"noticiasribeiraopreto.com.br","date":"25 de July de 2025","format":false,"excerpt":"Um grave acidente travou o tr\u00e2nsito na pista sentido sul (Capital) da rodovia Anhanguera (SP-330), na manh\u00e3 desta sexta-feira (25), em Cravinhos, na regi\u00e3o de Ribeir\u00e3o Preto.\u00a0 Segundo as informa\u00e7\u00f5es,\u00a0cinco ve\u00edculos \u2013 quatro caminh\u00f5es e um carro \u2013 se envolveram em um engavetamento. H\u00e1 pelo menos tr\u00eas v\u00edtimas, entre as\u2026","rel":"","context":"In &quot;Not\u00edcias de Ribeir\u00e3o Preto-SP e Regi\u00e3o&quot;","block_context":{"text":"Not\u00edcias de Ribeir\u00e3o Preto-SP e Regi\u00e3o","link":"https:\/\/noticiasribeiraopreto.com.br\/index.php\/category\/noticias-de-ribeirao-preto-sp-e-regiao-ismael-colosi\/"},"img":{"alt_text":"","src":"https:\/\/i0.wp.com\/noticiasribeiraopreto.com.br\/wp-content\/uploads\/2025\/07\/WhatsApp-Image-2025-07-25-at-08.16.18_2025-07-25_11-32-30.webp.webp?fit=1200%2C900&ssl=1&resize=350%2C200","width":350,"height":200,"srcset":"https:\/\/i0.wp.com\/noticiasribeiraopreto.com.br\/wp-content\/uploads\/2025\/07\/WhatsApp-Image-2025-07-25-at-08.16.18_2025-07-25_11-32-30.webp.webp?fit=1200%2C900&ssl=1&resize=350%2C200 1x, https:\/\/i0.wp.com\/noticiasribeiraopreto.com.br\/wp-content\/uploads\/2025\/07\/WhatsApp-Image-2025-07-25-at-08.16.18_2025-07-25_11-32-30.webp.webp?fit=1200%2C900&ssl=1&resize=525%2C300 1.5x, https:\/\/i0.wp.com\/noticiasribeiraopreto.com.br\/wp-content\/uploads\/2025\/07\/WhatsApp-Image-2025-07-25-at-08.16.18_2025-07-25_11-32-30.webp.webp?fit=1200%2C900&ssl=1&resize=700%2C400 2x, https:\/\/i0.wp.com\/noticiasribeiraopreto.com.br\/wp-content\/uploads\/2025\/07\/WhatsApp-Image-2025-07-25-at-08.16.18_2025-07-25_11-32-30.webp.webp?fit=1200%2C900&ssl=1&resize=1050%2C600 3x"},"classes":[]},{"id":74592,"url":"https:\/\/noticiasribeiraopreto.com.br\/index.php\/2025\/07\/25\/grave-acidente-interdita-pista-da-anhanguera-na-regiao-de-ribeirao-preto\/","url_meta":{"origin":74605,"position":1},"title":"Grave acidente interdita pista da Anhanguera na regi\u00e3o de Ribeir\u00e3o Preto","author":"noticiasribeiraopreto.com.br","date":"25 de July de 2025","format":false,"excerpt":"Um grave acidente interditou a pista sentido sul (Capital) da rodovia Anhanguera (SP-330) na manh\u00e3 desta sexta-feira (25), no km 294+500, em Cravinhos, na regi\u00e3o de Ribeir\u00e3o Preto. Assista ao v\u00eddeo abaixo. Segundo as primeiras informa\u00e7\u00f5es, h\u00e1 pelo menos tr\u00eas v\u00edtimas \u2013 duas consideradas mais graves. Quatro caminh\u00f5es e um\u2026","rel":"","context":"In &quot;Not\u00edcias de Ribeir\u00e3o Preto-SP e Regi\u00e3o&quot;","block_context":{"text":"Not\u00edcias de Ribeir\u00e3o Preto-SP e Regi\u00e3o","link":"https:\/\/noticiasribeiraopreto.com.br\/index.php\/category\/noticias-de-ribeirao-preto-sp-e-regiao-ismael-colosi\/"},"img":{"alt_text":"","src":"https:\/\/i0.wp.com\/noticiasribeiraopreto.com.br\/wp-content\/uploads\/2025\/07\/ACIDENTE_2025-07-25_10-38-09.webp.webp?fit=1200%2C743&ssl=1&resize=350%2C200","width":350,"height":200,"srcset":"https:\/\/i0.wp.com\/noticiasribeiraopreto.com.br\/wp-content\/uploads\/2025\/07\/ACIDENTE_2025-07-25_10-38-09.webp.webp?fit=1200%2C743&ssl=1&resize=350%2C200 1x, https:\/\/i0.wp.com\/noticiasribeiraopreto.com.br\/wp-content\/uploads\/2025\/07\/ACIDENTE_2025-07-25_10-38-09.webp.webp?fit=1200%2C743&ssl=1&resize=525%2C300 1.5x, https:\/\/i0.wp.com\/noticiasribeiraopreto.com.br\/wp-content\/uploads\/2025\/07\/ACIDENTE_2025-07-25_10-38-09.webp.webp?fit=1200%2C743&ssl=1&resize=700%2C400 2x, https:\/\/i0.wp.com\/noticiasribeiraopreto.com.br\/wp-content\/uploads\/2025\/07\/ACIDENTE_2025-07-25_10-38-09.webp.webp?fit=1200%2C743&ssl=1&resize=1050%2C600 3x"},"classes":[]},{"id":57969,"url":"https:\/\/noticiasribeiraopreto.com.br\/index.php\/2024\/09\/15\/acidente-envolvendo-sete-veiculos-deixa-feridos-na-rodovia-anhanguera\/","url_meta":{"origin":74605,"position":2},"title":"Acidente envolvendo sete ve\u00edculos deixa feridos na rodovia Anhanguera","author":"noticiasribeiraopreto.com.br","date":"15 de September de 2024","format":false,"excerpt":"Um acidente envolvendo sete ve\u00edculos foi registrado no inicio da tarde deste domingo (15), na rodovia Anhanguera, em S\u00e3o Joaquim da Barra, regi\u00e3o de Ribeir\u00e3o Preto. Duas pessoas foram socorridas em estado grave. De acordo com a Pol\u00edcia Rodovi\u00e1ria Federal, a fuma\u00e7a no local pode ter causado o acidente. A\u2026","rel":"","context":"In &quot;Not\u00edcias de Ribeir\u00e3o Preto-SP e Regi\u00e3o&quot;","block_context":{"text":"Not\u00edcias de Ribeir\u00e3o Preto-SP e Regi\u00e3o","link":"https:\/\/noticiasribeiraopreto.com.br\/index.php\/category\/noticias-de-ribeirao-preto-sp-e-regiao-ismael-colosi\/"},"img":{"alt_text":"","src":"https:\/\/i0.wp.com\/noticiasribeiraopreto.com.br\/wp-content\/uploads\/2024\/09\/Copia-de-Copia-de-Copia-de-TAMANHO-EXATO-PARA-FOTOS-NO-SISTEMA-NOVO-19_2024-09-15_16-19-48_png_2024-09-15_16-19-49.webp.webp?fit=1200%2C675&ssl=1&resize=350%2C200","width":350,"height":200,"srcset":"https:\/\/i0.wp.com\/noticiasribeiraopreto.com.br\/wp-content\/uploads\/2024\/09\/Copia-de-Copia-de-Copia-de-TAMANHO-EXATO-PARA-FOTOS-NO-SISTEMA-NOVO-19_2024-09-15_16-19-48_png_2024-09-15_16-19-49.webp.webp?fit=1200%2C675&ssl=1&resize=350%2C200 1x, https:\/\/i0.wp.com\/noticiasribeiraopreto.com.br\/wp-content\/uploads\/2024\/09\/Copia-de-Copia-de-Copia-de-TAMANHO-EXATO-PARA-FOTOS-NO-SISTEMA-NOVO-19_2024-09-15_16-19-48_png_2024-09-15_16-19-49.webp.webp?fit=1200%2C675&ssl=1&resize=525%2C300 1.5x, https:\/\/i0.wp.com\/noticiasribeiraopreto.com.br\/wp-content\/uploads\/2024\/09\/Copia-de-Copia-de-Copia-de-TAMANHO-EXATO-PARA-FOTOS-NO-SISTEMA-NOVO-19_2024-09-15_16-19-48_png_2024-09-15_16-19-49.webp.webp?fit=1200%2C675&ssl=1&resize=700%2C400 2x, https:\/\/i0.wp.com\/noticiasribeiraopreto.com.br\/wp-content\/uploads\/2024\/09\/Copia-de-Copia-de-Copia-de-TAMANHO-EXATO-PARA-FOTOS-NO-SISTEMA-NOVO-19_2024-09-15_16-19-48_png_2024-09-15_16-19-49.webp.webp?fit=1200%2C675&ssl=1&resize=1050%2C600 3x"},"classes":[]},{"id":65758,"url":"https:\/\/noticiasribeiraopreto.com.br\/index.php\/2025\/03\/24\/acidente-deixa-uma-pessoa-morta-e-duas-em-estado-grave-em-rodovia-na-regiao-de-ribeirao\/","url_meta":{"origin":74605,"position":3},"title":"Acidente deixa uma pessoa morta e duas em estado grave em rodovia na regi\u00e3o de Ribeir\u00e3o","author":"noticiasribeiraopreto.com.br","date":"24 de March de 2025","format":false,"excerpt":"Uma pessoa morreu e tr\u00eas pessoas ficaram feridas em estado grave em um acidente na rodovia Armando de Salles Oliveira, em Monte Azul Paulista, na regi\u00e3o de Ribeir\u00e3o Preto. O acidente aconteceu no final da manh\u00e3 deste domingo (23). Segundo o DER-SP (Departamento de Estradas de Rodagem de S\u00e3o Paulo),\u2026","rel":"","context":"In &quot;Not\u00edcias de Ribeir\u00e3o Preto-SP e Regi\u00e3o&quot;","block_context":{"text":"Not\u00edcias de Ribeir\u00e3o Preto-SP e Regi\u00e3o","link":"https:\/\/noticiasribeiraopreto.com.br\/index.php\/category\/noticias-de-ribeirao-preto-sp-e-regiao-ismael-colosi\/"},"img":{"alt_text":"","src":"https:\/\/i0.wp.com\/noticiasribeiraopreto.com.br\/wp-content\/uploads\/2025\/03\/ACIDENTE-MONTE-AZUL_2025-03-23_21-10-39_jpg_2025-03-23_21-10-39.webp.webp?fit=1200%2C707&ssl=1&resize=350%2C200","width":350,"height":200,"srcset":"https:\/\/i0.wp.com\/noticiasribeiraopreto.com.br\/wp-content\/uploads\/2025\/03\/ACIDENTE-MONTE-AZUL_2025-03-23_21-10-39_jpg_2025-03-23_21-10-39.webp.webp?fit=1200%2C707&ssl=1&resize=350%2C200 1x, https:\/\/i0.wp.com\/noticiasribeiraopreto.com.br\/wp-content\/uploads\/2025\/03\/ACIDENTE-MONTE-AZUL_2025-03-23_21-10-39_jpg_2025-03-23_21-10-39.webp.webp?fit=1200%2C707&ssl=1&resize=525%2C300 1.5x, https:\/\/i0.wp.com\/noticiasribeiraopreto.com.br\/wp-content\/uploads\/2025\/03\/ACIDENTE-MONTE-AZUL_2025-03-23_21-10-39_jpg_2025-03-23_21-10-39.webp.webp?fit=1200%2C707&ssl=1&resize=700%2C400 2x, https:\/\/i0.wp.com\/noticiasribeiraopreto.com.br\/wp-content\/uploads\/2025\/03\/ACIDENTE-MONTE-AZUL_2025-03-23_21-10-39_jpg_2025-03-23_21-10-39.webp.webp?fit=1200%2C707&ssl=1&resize=1050%2C600 3x"},"classes":[]},{"id":65702,"url":"https:\/\/noticiasribeiraopreto.com.br\/index.php\/2025\/03\/23\/duas-pessoas-ficam-em-estado-grave-apos-acidente-na-rodovia-candido-portinari\/","url_meta":{"origin":74605,"position":4},"title":"Duas pessoas ficam em estado grave ap\u00f3s acidente na rodovia C\u00e2ndido Portinari","author":"noticiasribeiraopreto.com.br","date":"23 de March de 2025","format":false,"excerpt":"Duas pessoas ficaram feridas em estado grave ap\u00f3s um acidente na rodovia C\u00e2ndido Portinari, entre Jardin\u00f3polis e Ribeir\u00e3o Preto, no final da tarde do \u00faltimo s\u00e1bado (22). Uma das v\u00edtimas \u00e9 um policial militar que estava indo para o trabalho. O acidente aconteceu na altura do quil\u00f4metro 323. De acordo\u2026","rel":"","context":"In &quot;Not\u00edcias de Ribeir\u00e3o Preto-SP e Regi\u00e3o&quot;","block_context":{"text":"Not\u00edcias de Ribeir\u00e3o Preto-SP e Regi\u00e3o","link":"https:\/\/noticiasribeiraopreto.com.br\/index.php\/category\/noticias-de-ribeirao-preto-sp-e-regiao-ismael-colosi\/"},"img":{"alt_text":"","src":"https:\/\/i0.wp.com\/noticiasribeiraopreto.com.br\/wp-content\/uploads\/2025\/03\/gol-acidente_2025-03-23_14-20-19_jpg_2025-03-23_14-20-19.webp.webp?fit=1200%2C729&ssl=1&resize=350%2C200","width":350,"height":200,"srcset":"https:\/\/i0.wp.com\/noticiasribeiraopreto.com.br\/wp-content\/uploads\/2025\/03\/gol-acidente_2025-03-23_14-20-19_jpg_2025-03-23_14-20-19.webp.webp?fit=1200%2C729&ssl=1&resize=350%2C200 1x, https:\/\/i0.wp.com\/noticiasribeiraopreto.com.br\/wp-content\/uploads\/2025\/03\/gol-acidente_2025-03-23_14-20-19_jpg_2025-03-23_14-20-19.webp.webp?fit=1200%2C729&ssl=1&resize=525%2C300 1.5x, https:\/\/i0.wp.com\/noticiasribeiraopreto.com.br\/wp-content\/uploads\/2025\/03\/gol-acidente_2025-03-23_14-20-19_jpg_2025-03-23_14-20-19.webp.webp?fit=1200%2C729&ssl=1&resize=700%2C400 2x, https:\/\/i0.wp.com\/noticiasribeiraopreto.com.br\/wp-content\/uploads\/2025\/03\/gol-acidente_2025-03-23_14-20-19_jpg_2025-03-23_14-20-19.webp.webp?fit=1200%2C729&ssl=1&resize=1050%2C600 3x"},"classes":[]},{"id":74725,"url":"https:\/\/noticiasribeiraopreto.com.br\/index.php\/2025\/07\/28\/caminhoes-batem-na-anhanguera-proximo-ao-acidente-da-ultima-semana\/","url_meta":{"origin":74605,"position":5},"title":"Caminh\u00f5es batem na Anhanguera pr\u00f3ximo ao acidente da \u00faltima semana","author":"noticiasribeiraopreto.com.br","date":"28 de July de 2025","format":false,"excerpt":"N\u00e3o h\u00e1 informa\u00e7\u00f5es de v\u00edtimas, mas uma das faixas da pista sentido Capital precisou ser interditada 28 de julho de 2025 13:025 Compartilhar2 Por: Adalberto Luque Um acidente envolvendo dois caminh\u00f5es foi registrado, no final da manh\u00e3 desta segunda-feira (28). A colis\u00e3o ocorreu no km 294 da Rodovia Anhanguera (SP-330),\u2026","rel":"","context":"In &quot;Not\u00edcias de Ribeir\u00e3o Preto-SP e Regi\u00e3o&quot;","block_context":{"text":"Not\u00edcias de Ribeir\u00e3o Preto-SP e Regi\u00e3o","link":"https:\/\/noticiasribeiraopreto.com.br\/index.php\/category\/noticias-de-ribeirao-preto-sp-e-regiao-ismael-colosi\/"},"img":{"alt_text":"","src":"https:\/\/i0.wp.com\/noticiasribeiraopreto.com.br\/wp-content\/uploads\/2025\/07\/28-jul-2025-acidentecravinhos0.jpg?fit=802%2C750&ssl=1&resize=350%2C200","width":350,"height":200,"srcset":"https:\/\/i0.wp.com\/noticiasribeiraopreto.com.br\/wp-content\/uploads\/2025\/07\/28-jul-2025-acidentecravinhos0.jpg?fit=802%2C750&ssl=1&resize=350%2C200 1x, https:\/\/i0.wp.com\/noticiasribeiraopreto.com.br\/wp-content\/uploads\/2025\/07\/28-jul-2025-acidentecravinhos0.jpg?fit=802%2C750&ssl=1&resize=525%2C300 1.5x, https:\/\/i0.wp.com\/noticiasribeiraopreto.com.br\/wp-content\/uploads\/2025\/07\/28-jul-2025-acidentecravinhos0.jpg?fit=802%2C750&ssl=1&resize=700%2C400 2x"},"classes":[]}],"jetpack_sharing_enabled":true,"jetpack_shortlink":"https:\/\/wp.me\/peQAOb-jpj","_links":{"self":[{"href":"https:\/\/noticiasribeiraopreto.com.br\/index.php\/wp-json\/wp\/v2\/posts\/74605","targetHints":{"allow":["GET"]}}],"collection":[{"href":"https:\/\/noticiasribeiraopreto.com.br\/index.php\/wp-json\/wp\/v2\/posts"}],"about":[{"href":"https:\/\/noticiasribeiraopreto.com.br\/index.php\/wp-json\/wp\/v2\/types\/post"}],"author":[{"embeddable":true,"href":"https:\/\/noticiasribeiraopreto.com.br\/index.php\/wp-json\/wp\/v2\/users\/1"}],"replies":[{"embeddable":true,"href":"https:\/\/noticiasribeiraopreto.com.br\/index.php\/wp-json\/wp\/v2\/comments?post=74605"}],"version-history":[{"count":0,"href":"https:\/\/noticiasribeiraopreto.com.br\/index.php\/wp-json\/wp\/v2\/posts\/74605\/revisions"}],"wp:featuredmedia":[{"embeddable":true,"href":"https:\/\/noticiasribeiraopreto.com.br\/index.php\/wp-json\/wp\/v2\/media\/74606"}],"wp:attachment":[{"href":"https:\/\/noticiasribeiraopreto.com.br\/index.php\/wp-json\/wp\/v2\/media?parent=74605"}],"wp:term":[{"taxonomy":"category","embeddable":true,"href":"https:\/\/noticiasribeiraopreto.com.br\/index.php\/wp-json\/wp\/v2\/categories?post=74605"},{"taxonomy":"post_tag","embeddable":true,"href":"https:\/\/noticiasribeiraopreto.com.br\/index.php\/wp-json\/wp\/v2\/tags?post=74605"}],"curies":[{"name":"wp","href":"https:\/\/api.w.org\/{rel}","templated":true}]}}