{"id":74610,"date":"2025-07-25T15:37:05","date_gmt":"2025-07-25T18:37:05","guid":{"rendered":"https:\/\/noticiasribeiraopreto.com.br\/index.php\/2025\/07\/25\/professor-da-usp-ribeirao-preto-recebe-premio-internacional-por-trabalho-com-atletas\/"},"modified":"2025-07-25T15:37:05","modified_gmt":"2025-07-25T18:37:05","slug":"professor-da-usp-ribeirao-preto-recebe-premio-internacional-por-trabalho-com-atletas","status":"publish","type":"post","link":"https:\/\/noticiasribeiraopreto.com.br\/index.php\/2025\/07\/25\/professor-da-usp-ribeirao-preto-recebe-premio-internacional-por-trabalho-com-atletas\/","title":{"rendered":"Professor da USP Ribeir\u00e3o Preto recebe pr\u00eamio internacional por trabalho com atletas"},"content":{"rendered":"<div class='code-block code-block-1' style='margin: 8px 0 8px auto; text-align: right; display: block; clear: both;'>\n<p><a href=\"https:\/\/wa.link\/vpicfd\"><img data-recalc-dims=\"1\" class=\"wp-image-4922\" style=\"aspect-ratio: 2.0253164556962027; width: 561px; height: auto;\" src=\"https:\/\/i0.wp.com\/ismaelcolosi.com.br\/wp-content\/uploads\/2023\/11\/grupo-de-empregos-whatsapp-e-facebook-ismael-colosi-vagas.jpg?ssl=1\" alt=\"\" \/><\/a><\/p>\n<!-- \/wp:image -->\n<\/div>\n<p> <br \/>\n<\/p>\n<div>\n<p>O m\u00e9dico oftalmologista <strong>Jo\u00e3o Marcello Furtado<\/strong>, professor da<strong><a href=\"https:\/\/www.fmrp.usp.br\/pb\/arquivos\/18809\" data-type=\"link\" data-id=\"https:\/\/www.fmrp.usp.br\/pb\/arquivos\/18809\" target=\"_blank\" rel=\"noopener\"> FMRP (Faculdade de Medicina de Ribeir\u00e3o Preto) da USP (Universidade de S\u00e3o Paulo)<\/a><\/strong>, foi um dos ganhadores do <strong>Pr\u00eamio Mission: Inclusion<\/strong>, concedido durante a Conven\u00e7\u00e3o Internacional do Lions Clubs International, realizada de 13 a 17 de julho, em <strong>Orlando<\/strong>, nos<strong> Estados Unidos<\/strong>.<\/p>\n<p>A premia\u00e7\u00e3o \u00e9 promovida em parceria com a Special Olympics (organiza\u00e7\u00e3o que atua com pessoas com defici\u00eancia intelectual) e reconhece lideran\u00e7as que atuam de forma destacada na promo\u00e7\u00e3o da inclus\u00e3o social por meio do servi\u00e7o volunt\u00e1rio.<\/p>\n<p>Furtado \u00e9 diretor cl\u00ednico volunt\u00e1rio do programa Abrindo Teus Olhos (Opening Eyes), que oferece avalia\u00e7\u00f5es oftalmol\u00f3gicas gratuitas e fornece \u00f3culos a atletas participantes da Special Olympics.<\/p>\n<p>\u201cA maior honra \u00e9 trabalhar e aprender com os atletas da Special Olympics. S\u00e3o pessoas que me inspiram todos os dias com sua for\u00e7a, alegria e determina\u00e7\u00e3o\u201d, disse o professor ao <strong>Jornal da USP<\/strong>.<\/p>\n<h2 class=\"wp-block-heading\"><strong>O programa<\/strong><\/h2>\n<p>Al\u00e9m de melhorar a acuidade visual dos atletas, o programa tem impacto direto na qualidade de vida, segundo Jo\u00e3o Marcello.<\/p>\n<p>\u201cPara muitos participantes, esse \u00e9 o \u00fanico momento em que t\u00eam acesso a esse tipo de cuidado, j\u00e1 que v\u00eam de fam\u00edlias com poucos recursos. Melhorar a vis\u00e3o n\u00e3o s\u00f3 contribui para o desempenho esportivo, como tamb\u00e9m favorece a inclus\u00e3o social, ajudando a maximizar o potencial de cada indiv\u00edduo\u201d, afirma.<\/p>\n<p>(com informa\u00e7\u00f5es Jornal da USP).<\/p>\n<p>SAIBA MAIS<br \/>Vem chuva? Veja previs\u00e3o no \u00faltimo fim de semana de julho em Ribeir\u00e3o Preto<\/p>\n<h2 class=\"wp-block-heading\"><strong>FIQUE ON<\/strong><\/h2>\n<p>Fique ligado em tudo que acontece em Ribeir\u00e3o Preto e regi\u00e3o. Siga os perfis do<strong>\u00a0acidade on\u00a0<\/strong>no<a href=\"https:\/\/www.instagram.com\/acidadeonribeirao\" target=\"_blank\" rel=\"noreferrer noopener\">\u00a0Instagram\u00a0<\/a>e no\u00a0<a href=\"https:\/\/www.facebook.com\/acidadeonribeirao\/\" target=\"_blank\" rel=\"noreferrer noopener\">Facebook.<\/a><\/p>\n<p>Receba not\u00edcias do<strong>\u00a0acidade on<\/strong>\u00a0no WhatsApp.<a href=\"https:\/\/chat.whatsapp.com\/BjKQZ9oJwlz8VVT50NuePq\" target=\"_blank\" rel=\"noreferrer noopener\">\u00a0Para entrar no grupo, basta clicar aqui.<\/a><\/p>\n<p>Fa\u00e7a uma den\u00fancia ou sugira uma reportagem sobre Ribeir\u00e3o Preto e regi\u00e3o pelo WhatsApp: 16 99117 7802.<\/p>\n<p>VEJA TAMB\u00c9M<br \/>O que um copo de suco de uva pode fazer pelo seu corpo?<\/p>\n<p><!-- AI CONTENT END 1 -->\n<\/div>\n<p><script async src=\"\/\/www.instagram.com\/embed.js\"><\/script><br \/>\n<br \/><br \/>\n<br \/><a href=\"https:\/\/www.acidadeon.com\/ribeiraopreto\/esportes\/professor-da-usp-ribeirao-preto-recebe-premio-internacional-por-trabalho-com-atletas\/\">Source link <\/a><\/p>\n<!-- CONTENT END 1 -->\n","protected":false},"excerpt":{"rendered":"<p>O m\u00e9dico oftalmologista Jo\u00e3o Marcello Furtado, professor da FMRP (Faculdade de Medicina de Ribeir\u00e3o Preto) da USP (Universidade de S\u00e3o Paulo), foi um dos ganhadores&#8230;<\/p>\n","protected":false},"author":1,"featured_media":74611,"comment_status":"open","ping_status":"open","sticky":false,"template":"","format":"standard","meta":{"advanced_seo_description":"","jetpack_seo_html_title":"","jetpack_seo_noindex":false,"jetpack_post_was_ever_published":false,"_jetpack_newsletter_access":"","_jetpack_dont_email_post_to_subs":false,"_jetpack_newsletter_tier_id":0,"_jetpack_memberships_contains_paywalled_content":false,"_jetpack_memberships_contains_paid_content":false,"footnotes":"","jetpack_publicize_message":"","jetpack_publicize_feature_enabled":true,"jetpack_social_post_already_shared":true,"jetpack_social_options":{"image_generator_settings":{"template":"highway","default_image_id":0,"font":"","enabled":false},"version":2}},"categories":[11],"tags":[],"class_list":["post-74610","post","type-post","status-publish","format-standard","has-post-thumbnail","hentry","category-noticias-de-ribeirao-preto-sp-e-regiao-ismael-colosi"],"jetpack_publicize_connections":[],"jetpack_featured_media_url":"https:\/\/i0.wp.com\/noticiasribeiraopreto.com.br\/wp-content\/uploads\/2025\/07\/joao-marcello-furtado_2025-07-25_18-10-56.webp.webp?fit=800%2C420&ssl=1","jetpack-related-posts":[{"id":65995,"url":"https:\/\/noticiasribeiraopreto.com.br\/index.php\/2025\/03\/26\/professor-da-usp-ribeirao-recebe-premio-internacional-por-estudo-sobre-esquizofrenia\/","url_meta":{"origin":74610,"position":0},"title":"Professor da USP Ribeir\u00e3o recebe pr\u00eamio internacional por estudo sobre esquizofrenia","author":"noticiasribeiraopreto.com.br","date":"26 de March de 2025","format":false,"excerpt":"O professor Felipe Villela Gomes, do Departamento de Farmacologia da Faculdade de Medicina de Ribeir\u00e3o Preto (FMRP) da USP, foi o primeiro pesquisador latino-americano a receber o Rising Star Award, concedido pela Schizophrenia International Research Society (SIRS). O pr\u00eamio reconhece jovens cientistas com at\u00e9 40 anos que fazem contribui\u00e7\u00f5es significativas\u2026","rel":"","context":"In &quot;Not\u00edcias de Ribeir\u00e3o Preto-SP e Regi\u00e3o&quot;","block_context":{"text":"Not\u00edcias de Ribeir\u00e3o Preto-SP e Regi\u00e3o","link":"https:\/\/noticiasribeiraopreto.com.br\/index.php\/category\/noticias-de-ribeirao-preto-sp-e-regiao-ismael-colosi\/"},"img":{"alt_text":"","src":"https:\/\/i0.wp.com\/noticiasribeiraopreto.com.br\/wp-content\/uploads\/2025\/03\/Copia-de-Copia-de-Copia-de-TAMANHO-EXATO-PARA-FOTOS-NO-SISTEMA-NOVO-2025-03-26T144326.450_2025-03-26_17-43-57_png_2025-03-26_17-43-57.webp.webp?fit=1200%2C675&ssl=1&resize=350%2C200","width":350,"height":200,"srcset":"https:\/\/i0.wp.com\/noticiasribeiraopreto.com.br\/wp-content\/uploads\/2025\/03\/Copia-de-Copia-de-Copia-de-TAMANHO-EXATO-PARA-FOTOS-NO-SISTEMA-NOVO-2025-03-26T144326.450_2025-03-26_17-43-57_png_2025-03-26_17-43-57.webp.webp?fit=1200%2C675&ssl=1&resize=350%2C200 1x, https:\/\/i0.wp.com\/noticiasribeiraopreto.com.br\/wp-content\/uploads\/2025\/03\/Copia-de-Copia-de-Copia-de-TAMANHO-EXATO-PARA-FOTOS-NO-SISTEMA-NOVO-2025-03-26T144326.450_2025-03-26_17-43-57_png_2025-03-26_17-43-57.webp.webp?fit=1200%2C675&ssl=1&resize=525%2C300 1.5x, https:\/\/i0.wp.com\/noticiasribeiraopreto.com.br\/wp-content\/uploads\/2025\/03\/Copia-de-Copia-de-Copia-de-TAMANHO-EXATO-PARA-FOTOS-NO-SISTEMA-NOVO-2025-03-26T144326.450_2025-03-26_17-43-57_png_2025-03-26_17-43-57.webp.webp?fit=1200%2C675&ssl=1&resize=700%2C400 2x, https:\/\/i0.wp.com\/noticiasribeiraopreto.com.br\/wp-content\/uploads\/2025\/03\/Copia-de-Copia-de-Copia-de-TAMANHO-EXATO-PARA-FOTOS-NO-SISTEMA-NOVO-2025-03-26T144326.450_2025-03-26_17-43-57_png_2025-03-26_17-43-57.webp.webp?fit=1200%2C675&ssl=1&resize=1050%2C600 3x"},"classes":[]},{"id":11623,"url":"https:\/\/noticiasribeiraopreto.com.br\/index.php\/2023\/12\/06\/pesquisadora-da-usp-de-ribeirao-preto-recebe-premio-internacional\/","url_meta":{"origin":74610,"position":1},"title":"Pesquisadora da USP de Ribeir\u00e3o Preto recebe pr\u00eamio internacional","author":"noticiasribeiraopreto.com.br","date":"6 de December de 2023","format":false,"excerpt":"Uma pesquisadora da Faculdade de Medicina de Ribeir\u00e3o Preto da USP (Universidade de S\u00e3o Paulo) foi uma das premiadas pelo 2023 Paul Dudley White International Scholar da American Heart Association, dos Estados Unidos. A pesquisadora Tereza Cristina Buzinari foi homenageada da categoria Hypertension Scientific Sessions, com um estudo sobre a\u2026","rel":"","context":"In &quot;Not\u00edcias de Ribeir\u00e3o Preto-SP e Regi\u00e3o&quot;","block_context":{"text":"Not\u00edcias de Ribeir\u00e3o Preto-SP e Regi\u00e3o","link":"https:\/\/noticiasribeiraopreto.com.br\/index.php\/category\/noticias-de-ribeirao-preto-sp-e-regiao-ismael-colosi\/"},"img":{"alt_text":"","src":"https:\/\/i0.wp.com\/noticiasribeiraopreto.com.br\/wp-content\/uploads\/2023\/12\/CAMPUS-DA-USP-DE-RIBEIRAO-PRETO-1024x683.jpg?fit=1024%2C683&ssl=1&resize=350%2C200","width":350,"height":200,"srcset":"https:\/\/i0.wp.com\/noticiasribeiraopreto.com.br\/wp-content\/uploads\/2023\/12\/CAMPUS-DA-USP-DE-RIBEIRAO-PRETO-1024x683.jpg?fit=1024%2C683&ssl=1&resize=350%2C200 1x, https:\/\/i0.wp.com\/noticiasribeiraopreto.com.br\/wp-content\/uploads\/2023\/12\/CAMPUS-DA-USP-DE-RIBEIRAO-PRETO-1024x683.jpg?fit=1024%2C683&ssl=1&resize=525%2C300 1.5x, https:\/\/i0.wp.com\/noticiasribeiraopreto.com.br\/wp-content\/uploads\/2023\/12\/CAMPUS-DA-USP-DE-RIBEIRAO-PRETO-1024x683.jpg?fit=1024%2C683&ssl=1&resize=700%2C400 2x"},"classes":[]},{"id":78019,"url":"https:\/\/noticiasribeiraopreto.com.br\/index.php\/2025\/09\/30\/usp-precisa-de-voluntarios-para-estudo-sobre-gordura-nos-rins-saiba-como-participar\/","url_meta":{"origin":74610,"position":2},"title":"USP precisa de volunt\u00e1rios para estudo sobre gordura nos rins; Saiba como participar","author":"noticiasribeiraopreto.com.br","date":"30 de September de 2025","format":false,"excerpt":"A Faculdade de Medicina de Ribeir\u00e3o Preto da USP (Universidade de S\u00e3o Paulo) est\u00e1 em busca de volunt\u00e1rios para uma pesquisa cl\u00ednica sobre ac\u00famulo de gordura nos rins em pacientes com obesidade grau um. O intuito do estudo \u00e9 avaliar as potenciais consequ\u00eancias desse ac\u00famulo na fun\u00e7\u00e3o renal, na perda\u2026","rel":"","context":"In &quot;Not\u00edcias de Ribeir\u00e3o Preto-SP e Regi\u00e3o&quot;","block_context":{"text":"Not\u00edcias de Ribeir\u00e3o Preto-SP e Regi\u00e3o","link":"https:\/\/noticiasribeiraopreto.com.br\/index.php\/category\/noticias-de-ribeirao-preto-sp-e-regiao-ismael-colosi\/"},"img":{"alt_text":"","src":"https:\/\/i0.wp.com\/noticiasribeiraopreto.com.br\/wp-content\/uploads\/2025\/06\/20170216_00_campus_ribeirao1.webp.webp?fit=800%2C420&ssl=1&resize=350%2C200","width":350,"height":200,"srcset":"https:\/\/i0.wp.com\/noticiasribeiraopreto.com.br\/wp-content\/uploads\/2025\/06\/20170216_00_campus_ribeirao1.webp.webp?fit=800%2C420&ssl=1&resize=350%2C200 1x, https:\/\/i0.wp.com\/noticiasribeiraopreto.com.br\/wp-content\/uploads\/2025\/06\/20170216_00_campus_ribeirao1.webp.webp?fit=800%2C420&ssl=1&resize=525%2C300 1.5x, https:\/\/i0.wp.com\/noticiasribeiraopreto.com.br\/wp-content\/uploads\/2025\/06\/20170216_00_campus_ribeirao1.webp.webp?fit=800%2C420&ssl=1&resize=700%2C400 2x"},"classes":[]},{"id":77722,"url":"https:\/\/noticiasribeiraopreto.com.br\/index.php\/2025\/09\/24\/usp-busca-voluntarios-para-pesquisa-sobre-sorriso-gengival-saiba-como-participar\/","url_meta":{"origin":74610,"position":3},"title":"USP busca volunt\u00e1rios para pesquisa sobre sorriso gengival; Saiba como participar","author":"noticiasribeiraopreto.com.br","date":"24 de September de 2025","format":false,"excerpt":"Pesquisadores da FORP-USP (Faculdade de Odontologia de Ribeir\u00e3o Preto da Universidade de S\u00e3o Paulo) est\u00e3o em busca de volunt\u00e1rios para uma pesquisa cl\u00ednica que avalia o tratamento do sorriso gengival por meio de cirurgia gengival. Segundo a doutoranda D\u00e9bora S\u00e1vio, o sorriso gengival \u00e9 uma condi\u00e7\u00e3o caracterizada pela exposi\u00e7\u00e3o excessiva\u2026","rel":"","context":"In &quot;Not\u00edcias de Ribeir\u00e3o Preto-SP e Regi\u00e3o&quot;","block_context":{"text":"Not\u00edcias de Ribeir\u00e3o Preto-SP e Regi\u00e3o","link":"https:\/\/noticiasribeiraopreto.com.br\/index.php\/category\/noticias-de-ribeirao-preto-sp-e-regiao-ismael-colosi\/"},"img":{"alt_text":"","src":"https:\/\/i0.wp.com\/noticiasribeiraopreto.com.br\/wp-content\/uploads\/2025\/09\/campus-usp-ribeirao-preto_2025-01-27_15-21-07_jpg_2025-01-27_15-21-07.webp.webp?fit=1200%2C900&ssl=1&resize=350%2C200","width":350,"height":200,"srcset":"https:\/\/i0.wp.com\/noticiasribeiraopreto.com.br\/wp-content\/uploads\/2025\/09\/campus-usp-ribeirao-preto_2025-01-27_15-21-07_jpg_2025-01-27_15-21-07.webp.webp?fit=1200%2C900&ssl=1&resize=350%2C200 1x, https:\/\/i0.wp.com\/noticiasribeiraopreto.com.br\/wp-content\/uploads\/2025\/09\/campus-usp-ribeirao-preto_2025-01-27_15-21-07_jpg_2025-01-27_15-21-07.webp.webp?fit=1200%2C900&ssl=1&resize=525%2C300 1.5x, https:\/\/i0.wp.com\/noticiasribeiraopreto.com.br\/wp-content\/uploads\/2025\/09\/campus-usp-ribeirao-preto_2025-01-27_15-21-07_jpg_2025-01-27_15-21-07.webp.webp?fit=1200%2C900&ssl=1&resize=700%2C400 2x, https:\/\/i0.wp.com\/noticiasribeiraopreto.com.br\/wp-content\/uploads\/2025\/09\/campus-usp-ribeirao-preto_2025-01-27_15-21-07_jpg_2025-01-27_15-21-07.webp.webp?fit=1200%2C900&ssl=1&resize=1050%2C600 3x"},"classes":[]},{"id":77380,"url":"https:\/\/noticiasribeiraopreto.com.br\/index.php\/2025\/09\/17\/usp-de-ribeirao-busca-voluntarios-para-pesquisa-sobre-percepcao-de-fala\/","url_meta":{"origin":74610,"position":4},"title":"USP de Ribeir\u00e3o busca volunt\u00e1rios para pesquisa sobre percep\u00e7\u00e3o de fala","author":"noticiasribeiraopreto.com.br","date":"17 de September de 2025","format":false,"excerpt":"A USP de Ribeir\u00e3o Preto est\u00e1 em busca volunt\u00e1rios para uma pesquisa sobre percep\u00e7\u00e3o de fala. O estudo tem como objetivo elaborar uma nova lista de palavras monossil\u00e1bicas. Podem participar homens e mulheres, com 18 anos ou mais e sem queixas auditivas. Para se inscrever, os interessados devem responder a\u2026","rel":"","context":"In &quot;Not\u00edcias de Ribeir\u00e3o Preto-SP e Regi\u00e3o&quot;","block_context":{"text":"Not\u00edcias de Ribeir\u00e3o Preto-SP e Regi\u00e3o","link":"https:\/\/noticiasribeiraopreto.com.br\/index.php\/category\/noticias-de-ribeirao-preto-sp-e-regiao-ismael-colosi\/"},"img":{"alt_text":"","src":"https:\/\/i0.wp.com\/noticiasribeiraopreto.com.br\/wp-content\/uploads\/2025\/09\/20210909_usp_fachada-1024x538-1_2025-09-17_18-42-07.webp.webp?fit=1024%2C538&ssl=1&resize=350%2C200","width":350,"height":200,"srcset":"https:\/\/i0.wp.com\/noticiasribeiraopreto.com.br\/wp-content\/uploads\/2025\/09\/20210909_usp_fachada-1024x538-1_2025-09-17_18-42-07.webp.webp?fit=1024%2C538&ssl=1&resize=350%2C200 1x, https:\/\/i0.wp.com\/noticiasribeiraopreto.com.br\/wp-content\/uploads\/2025\/09\/20210909_usp_fachada-1024x538-1_2025-09-17_18-42-07.webp.webp?fit=1024%2C538&ssl=1&resize=525%2C300 1.5x, https:\/\/i0.wp.com\/noticiasribeiraopreto.com.br\/wp-content\/uploads\/2025\/09\/20210909_usp_fachada-1024x538-1_2025-09-17_18-42-07.webp.webp?fit=1024%2C538&ssl=1&resize=700%2C400 2x"},"classes":[]},{"id":35790,"url":"https:\/\/noticiasribeiraopreto.com.br\/index.php\/2024\/02\/07\/usp-ribeirao-precisa-de-voluntarios-para-pesquisa-sobre-gordura-nos-rins\/","url_meta":{"origin":74610,"position":5},"title":"USP Ribeir\u00e3o precisa de volunt\u00e1rios para pesquisa sobre gordura nos rins","author":"noticiasribeiraopreto.com.br","date":"7 de February de 2024","format":false,"excerpt":"A Faculdade de Medicina de Ribeir\u00e3o Preto da USP (Universidade de S\u00e3o Paulo) precisa de volunt\u00e1rios com obesidade grau I para pesquisa sobre deposi\u00e7\u00e3o de gordura nos rins e complica\u00e7\u00f5es renais associadas com o problema. Podem participar do estudo pessoas com idades entre 18 e 35 anos, com IMC (\u00cdndice\u2026","rel":"","context":"In &quot;Not\u00edcias de Ribeir\u00e3o Preto-SP e Regi\u00e3o&quot;","block_context":{"text":"Not\u00edcias de Ribeir\u00e3o Preto-SP e Regi\u00e3o","link":"https:\/\/noticiasribeiraopreto.com.br\/index.php\/category\/noticias-de-ribeirao-preto-sp-e-regiao-ismael-colosi\/"},"img":{"alt_text":"","src":"https:\/\/i0.wp.com\/noticiasribeiraopreto.com.br\/wp-content\/uploads\/2024\/02\/CAMPUS-DA-USP-DE-RIBEIRAO-PRETO-1024x683.jpg?fit=1024%2C683&ssl=1&resize=350%2C200","width":350,"height":200,"srcset":"https:\/\/i0.wp.com\/noticiasribeiraopreto.com.br\/wp-content\/uploads\/2024\/02\/CAMPUS-DA-USP-DE-RIBEIRAO-PRETO-1024x683.jpg?fit=1024%2C683&ssl=1&resize=350%2C200 1x, https:\/\/i0.wp.com\/noticiasribeiraopreto.com.br\/wp-content\/uploads\/2024\/02\/CAMPUS-DA-USP-DE-RIBEIRAO-PRETO-1024x683.jpg?fit=1024%2C683&ssl=1&resize=525%2C300 1.5x, https:\/\/i0.wp.com\/noticiasribeiraopreto.com.br\/wp-content\/uploads\/2024\/02\/CAMPUS-DA-USP-DE-RIBEIRAO-PRETO-1024x683.jpg?fit=1024%2C683&ssl=1&resize=700%2C400 2x"},"classes":[]}],"jetpack_sharing_enabled":true,"jetpack_shortlink":"https:\/\/wp.me\/peQAOb-jpo","_links":{"self":[{"href":"https:\/\/noticiasribeiraopreto.com.br\/index.php\/wp-json\/wp\/v2\/posts\/74610","targetHints":{"allow":["GET"]}}],"collection":[{"href":"https:\/\/noticiasribeiraopreto.com.br\/index.php\/wp-json\/wp\/v2\/posts"}],"about":[{"href":"https:\/\/noticiasribeiraopreto.com.br\/index.php\/wp-json\/wp\/v2\/types\/post"}],"author":[{"embeddable":true,"href":"https:\/\/noticiasribeiraopreto.com.br\/index.php\/wp-json\/wp\/v2\/users\/1"}],"replies":[{"embeddable":true,"href":"https:\/\/noticiasribeiraopreto.com.br\/index.php\/wp-json\/wp\/v2\/comments?post=74610"}],"version-history":[{"count":0,"href":"https:\/\/noticiasribeiraopreto.com.br\/index.php\/wp-json\/wp\/v2\/posts\/74610\/revisions"}],"wp:featuredmedia":[{"embeddable":true,"href":"https:\/\/noticiasribeiraopreto.com.br\/index.php\/wp-json\/wp\/v2\/media\/74611"}],"wp:attachment":[{"href":"https:\/\/noticiasribeiraopreto.com.br\/index.php\/wp-json\/wp\/v2\/media?parent=74610"}],"wp:term":[{"taxonomy":"category","embeddable":true,"href":"https:\/\/noticiasribeiraopreto.com.br\/index.php\/wp-json\/wp\/v2\/categories?post=74610"},{"taxonomy":"post_tag","embeddable":true,"href":"https:\/\/noticiasribeiraopreto.com.br\/index.php\/wp-json\/wp\/v2\/tags?post=74610"}],"curies":[{"name":"wp","href":"https:\/\/api.w.org\/{rel}","templated":true}]}}