{"id":74612,"date":"2025-07-25T15:43:27","date_gmt":"2025-07-25T18:43:27","guid":{"rendered":"https:\/\/noticiasribeiraopreto.com.br\/index.php\/2025\/07\/25\/ribeirao-preto-oferece-curso-gratuito-em-marketing-digital-saiba-como-se-inscrever\/"},"modified":"2025-07-25T15:43:27","modified_gmt":"2025-07-25T18:43:27","slug":"ribeirao-preto-oferece-curso-gratuito-em-marketing-digital-saiba-como-se-inscrever","status":"publish","type":"post","link":"https:\/\/noticiasribeiraopreto.com.br\/index.php\/2025\/07\/25\/ribeirao-preto-oferece-curso-gratuito-em-marketing-digital-saiba-como-se-inscrever\/","title":{"rendered":"Ribeir\u00e3o Preto oferece curso gratuito em marketing digital; saiba como se inscrever"},"content":{"rendered":"<div class='code-block code-block-1' style='margin: 8px 0 8px auto; text-align: right; display: block; clear: both;'>\n<p><a href=\"https:\/\/wa.link\/vpicfd\"><img data-recalc-dims=\"1\" class=\"wp-image-4922\" style=\"aspect-ratio: 2.0253164556962027; width: 561px; height: auto;\" src=\"https:\/\/i0.wp.com\/ismaelcolosi.com.br\/wp-content\/uploads\/2023\/11\/grupo-de-empregos-whatsapp-e-facebook-ismael-colosi-vagas.jpg?ssl=1\" alt=\"\" \/><\/a><\/p>\n<!-- \/wp:image -->\n<\/div>\n<p> <br \/>\n<\/p>\n<div data-td-block-uid=\"tdi_95\">\n<div class=\"tdb-block-inner td-fix-index\">\n<p>Est\u00e3o abertas as inscri\u00e7\u00f5es para a segunda turma do <strong>Programa \u2018Join to MKT\u2019<\/strong>, em <strong>Ribeir\u00e3o Preto<\/strong>. O curso oferece capacita\u00e7\u00e3o <strong>gratuita<\/strong> em marketing digital para pessoas a partir de 15 anos com ensino fundamental completo.<\/p>\n<p>O curso ter\u00e1 in\u00edcio em 30 de julho e tem como objetivo formar profissionais aptos a atuar no ambiente digital, por meio de aulas te\u00f3ricas e pr\u00e1ticas ministradas por volunt\u00e1rios com dom\u00ednio nos temas abordados.<\/p>\n<p>As aulas ser\u00e3o presenciais e ministradas no <strong>Dabi Business Park <\/strong>(rua General Augusto Soares dos Santos, 100, Parque Industrial Lagoinha), sempre \u00e0s ter\u00e7as-feiras, das 19h30 \u00e0s 21h30. S\u00e3o disponibilizadas 30 vagas.<\/p>\n<p>O programa tem dura\u00e7\u00e3o de dois meses, com nove encontros semanais, totalizando 20 horas de conte\u00fado.<\/p>\n<h2 class=\"wp-block-heading\"><strong>Inscri\u00e7\u00f5es<\/strong><\/h2>\n<p>A grade curricular inclui temas como Google Ads, intelig\u00eancia artificial aplicada, linguagens de programa\u00e7\u00e3o, redes sociais, monetiza\u00e7\u00e3o digital, tr\u00e1fego pago e m\u00eddia program\u00e1tica.<\/p>\n<p>Para obter o certificado, os participantes devem ter o m\u00ednimo de 75% de presen\u00e7a nas aulas. A cerim\u00f4nia de encerramento est\u00e1 prevista para 23 de setembro.<\/p>\n<p><mark style=\"background-color:#fcb900\" class=\"has-inline-color has-black-color\">As inscri\u00e7\u00f5es devem ser realizadas pelo WhatsApp (16) 98178-9253 ou pelo e-mail cristian@oheducacao.com.br<\/mark><\/p>\n<p>SAIBA MAIS<br \/>Vem chuva? Veja previs\u00e3o no \u00faltimo fim de semana de julho em Ribeir\u00e3o Preto<\/p>\n<h2 class=\"wp-block-heading\"><strong>FIQUE ON<\/strong><\/h2>\n<p>Fique ligado em tudo que acontece em Ribeir\u00e3o Preto e regi\u00e3o. Siga os perfis do<strong>\u00a0acidade on\u00a0<\/strong>no<a href=\"https:\/\/www.instagram.com\/acidadeonribeirao\" target=\"_blank\" rel=\"noreferrer noopener\">\u00a0Instagram\u00a0<\/a>e no\u00a0<a href=\"https:\/\/www.facebook.com\/acidadeonribeirao\/\" target=\"_blank\" rel=\"noreferrer noopener\">Facebook.<\/a><\/p>\n<p>Receba not\u00edcias do<strong>\u00a0acidade on<\/strong>\u00a0no WhatsApp.<a href=\"https:\/\/chat.whatsapp.com\/BjKQZ9oJwlz8VVT50NuePq\" target=\"_blank\" rel=\"noreferrer noopener\">\u00a0Para entrar no grupo, basta clicar aqui.<\/a><\/p>\n<p>Fa\u00e7a uma den\u00fancia ou sugira uma reportagem sobre Ribeir\u00e3o Preto e regi\u00e3o pelo WhatsApp: 16 99117 7802.<\/p>\n<p>VEJA TAMB\u00c9M<br \/>O que um copo de suco de uva pode fazer pelo seu corpo?<\/p>\n<p><!-- AI CONTENT END 1 -->\n<\/div>\n<\/div>\n<p><script async src=\"\/\/www.instagram.com\/embed.js\"><\/script><br \/>\n<br \/><br \/>\n<br \/><a href=\"https:\/\/www.acidadeon.com\/ribeiraopreto\/economia\/ribeirao-preto-oferece-curso-gratuito-em-marketing-digital-saiba-como-se-inscrever\/\">Source link <\/a><\/p>\n<!-- CONTENT END 1 -->\n","protected":false},"excerpt":{"rendered":"<p>Est\u00e3o abertas as inscri\u00e7\u00f5es para a segunda turma do Programa \u2018Join to MKT\u2019, em Ribeir\u00e3o Preto. O curso oferece capacita\u00e7\u00e3o gratuita em marketing digital para&#8230;<\/p>\n","protected":false},"author":1,"featured_media":74613,"comment_status":"open","ping_status":"open","sticky":false,"template":"","format":"standard","meta":{"advanced_seo_description":"","jetpack_seo_html_title":"","jetpack_seo_noindex":false,"jetpack_post_was_ever_published":false,"_jetpack_newsletter_access":"","_jetpack_dont_email_post_to_subs":false,"_jetpack_newsletter_tier_id":0,"_jetpack_memberships_contains_paywalled_content":false,"_jetpack_memberships_contains_paid_content":false,"footnotes":"","jetpack_publicize_message":"","jetpack_publicize_feature_enabled":true,"jetpack_social_post_already_shared":true,"jetpack_social_options":{"image_generator_settings":{"template":"highway","default_image_id":0,"font":"","enabled":false},"version":2}},"categories":[11],"tags":[],"class_list":["post-74612","post","type-post","status-publish","format-standard","has-post-thumbnail","hentry","category-noticias-de-ribeirao-preto-sp-e-regiao-ismael-colosi"],"jetpack_publicize_connections":[],"jetpack_featured_media_url":"https:\/\/i0.wp.com\/noticiasribeiraopreto.com.br\/wp-content\/uploads\/2025\/07\/marketing-digital_2025-07-25_17-18-12.webp.webp?fit=1200%2C900&ssl=1","jetpack-related-posts":[{"id":51056,"url":"https:\/\/noticiasribeiraopreto.com.br\/index.php\/2024\/05\/22\/ribeirao-tem-inscricoes-para-cursos-gratuitos-nas-areas-tecnicas-das-artes-cenicas\/","url_meta":{"origin":74612,"position":0},"title":"Ribeir\u00e3o tem inscri\u00e7\u00f5es para cursos gratuitos nas \u00e1reas t\u00e9cnicas das artes c\u00eanicas","author":"noticiasribeiraopreto.com.br","date":"22 de May de 2024","format":false,"excerpt":"Ainda est\u00e3o abertas as inscri\u00e7\u00f5es para o programa de cursos profissionalizantes PTAC (Pr\u00e1ticas e T\u00e9cnicas para as Artes C\u00eanicas), em Ribeir\u00e3o Preto, para a forma\u00e7\u00e3o de profissionais nas \u00e1reas t\u00e9cnicas das artes c\u00eanicas. As aulas s\u00e3o oferecidas de forma gratuita pelo Instituto do Teatro Brasileiro (ITB), que oferece quatro cursos\u2026","rel":"","context":"In &quot;Not\u00edcias de Ribeir\u00e3o Preto-SP e Regi\u00e3o&quot;","block_context":{"text":"Not\u00edcias de Ribeir\u00e3o Preto-SP e Regi\u00e3o","link":"https:\/\/noticiasribeiraopreto.com.br\/index.php\/category\/noticias-de-ribeirao-preto-sp-e-regiao-ismael-colosi\/"},"img":{"alt_text":"","src":"https:\/\/i0.wp.com\/noticiasribeiraopreto.com.br\/wp-content\/uploads\/2024\/05\/PTAC_aula2023_divulgacao.jpg?fit=1024%2C768&ssl=1&resize=350%2C200","width":350,"height":200,"srcset":"https:\/\/i0.wp.com\/noticiasribeiraopreto.com.br\/wp-content\/uploads\/2024\/05\/PTAC_aula2023_divulgacao.jpg?fit=1024%2C768&ssl=1&resize=350%2C200 1x, https:\/\/i0.wp.com\/noticiasribeiraopreto.com.br\/wp-content\/uploads\/2024\/05\/PTAC_aula2023_divulgacao.jpg?fit=1024%2C768&ssl=1&resize=525%2C300 1.5x, https:\/\/i0.wp.com\/noticiasribeiraopreto.com.br\/wp-content\/uploads\/2024\/05\/PTAC_aula2023_divulgacao.jpg?fit=1024%2C768&ssl=1&resize=700%2C400 2x"},"classes":[]},{"id":73875,"url":"https:\/\/noticiasribeiraopreto.com.br\/index.php\/2025\/07\/11\/ribeirao-preto-tem-vagas-para-curso-de-empregabilidade-veja-como-participar\/","url_meta":{"origin":74612,"position":1},"title":"Ribeir\u00e3o Preto tem vagas para curso de empregabilidade; Veja como participar","author":"noticiasribeiraopreto.com.br","date":"11 de July de 2025","format":false,"excerpt":"Est\u00e3o abertas as inscri\u00e7\u00f5es para mais uma edi\u00e7\u00e3o do Programa Emprego e Futuro, que oferece um curso gratuito de empregabilidade para jovens de 16 a 24 anos em Ribeir\u00e3o Preto. O programa disponibiliza 30 vagas e \u00e9 direcionado para jovens que estejam cursando ou tenham conclu\u00eddo o ensino m\u00e9dio. O\u2026","rel":"","context":"In &quot;Not\u00edcias de Ribeir\u00e3o Preto-SP e Regi\u00e3o&quot;","block_context":{"text":"Not\u00edcias de Ribeir\u00e3o Preto-SP e Regi\u00e3o","link":"https:\/\/noticiasribeiraopreto.com.br\/index.php\/category\/noticias-de-ribeirao-preto-sp-e-regiao-ismael-colosi\/"},"img":{"alt_text":"","src":"https:\/\/i0.wp.com\/noticiasribeiraopreto.com.br\/wp-content\/uploads\/2025\/07\/emprego_2025-07-11_15-35-50.webp.webp?fit=1200%2C753&ssl=1&resize=350%2C200","width":350,"height":200,"srcset":"https:\/\/i0.wp.com\/noticiasribeiraopreto.com.br\/wp-content\/uploads\/2025\/07\/emprego_2025-07-11_15-35-50.webp.webp?fit=1200%2C753&ssl=1&resize=350%2C200 1x, https:\/\/i0.wp.com\/noticiasribeiraopreto.com.br\/wp-content\/uploads\/2025\/07\/emprego_2025-07-11_15-35-50.webp.webp?fit=1200%2C753&ssl=1&resize=525%2C300 1.5x, https:\/\/i0.wp.com\/noticiasribeiraopreto.com.br\/wp-content\/uploads\/2025\/07\/emprego_2025-07-11_15-35-50.webp.webp?fit=1200%2C753&ssl=1&resize=700%2C400 2x, https:\/\/i0.wp.com\/noticiasribeiraopreto.com.br\/wp-content\/uploads\/2025\/07\/emprego_2025-07-11_15-35-50.webp.webp?fit=1200%2C753&ssl=1&resize=1050%2C600 3x"},"classes":[]},{"id":1689,"url":"https:\/\/noticiasribeiraopreto.com.br\/index.php\/2023\/11\/13\/funtec-oferece-180-vagas-gratuitas-para-cursos-de-qualificacao-profissional-em-ribeirao\/","url_meta":{"origin":74612,"position":2},"title":"Funtec oferece 180 vagas gratuitas para cursos de qualifica\u00e7\u00e3o profissional em Ribeir\u00e3o","author":"noticiasribeiraopreto.com.br","date":"13 de November de 2023","format":false,"excerpt":"A Funtec (Funda\u00e7\u00e3o de Forma\u00e7\u00e3o Tecnol\u00f3gica), no Centro de Ribeir\u00e3o Preto, est\u00e1 com 180 vagas abertas para seis cursos gratuitos de qualifica\u00e7\u00e3o profissional. As oportunidades est\u00e3o dispon\u00edveis em \u00e1reas como marketing, departamento de pessoal e cuidador de idosos (veja abaixo). Ser\u00e3o ministradas aulas t\u00e9cnicas e pr\u00e1ticas, que possibilitam maior conhecimento\u2026","rel":"","context":"In &quot;Not\u00edcias de Ribeir\u00e3o Preto-SP e Regi\u00e3o&quot;","block_context":{"text":"Not\u00edcias de Ribeir\u00e3o Preto-SP e Regi\u00e3o","link":"https:\/\/noticiasribeiraopreto.com.br\/index.php\/category\/noticias-de-ribeirao-preto-sp-e-regiao-ismael-colosi\/"},"img":{"alt_text":"","src":"https:\/\/i0.wp.com\/noticiasribeiraopreto.com.br\/wp-content\/uploads\/2023\/11\/1cursos_funtec_-_foto_guilherme_sircili_33.jpg?fit=1200%2C799&ssl=1&resize=350%2C200","width":350,"height":200,"srcset":"https:\/\/i0.wp.com\/noticiasribeiraopreto.com.br\/wp-content\/uploads\/2023\/11\/1cursos_funtec_-_foto_guilherme_sircili_33.jpg?fit=1200%2C799&ssl=1&resize=350%2C200 1x, https:\/\/i0.wp.com\/noticiasribeiraopreto.com.br\/wp-content\/uploads\/2023\/11\/1cursos_funtec_-_foto_guilherme_sircili_33.jpg?fit=1200%2C799&ssl=1&resize=525%2C300 1.5x, https:\/\/i0.wp.com\/noticiasribeiraopreto.com.br\/wp-content\/uploads\/2023\/11\/1cursos_funtec_-_foto_guilherme_sircili_33.jpg?fit=1200%2C799&ssl=1&resize=700%2C400 2x, https:\/\/i0.wp.com\/noticiasribeiraopreto.com.br\/wp-content\/uploads\/2023\/11\/1cursos_funtec_-_foto_guilherme_sircili_33.jpg?fit=1200%2C799&ssl=1&resize=1050%2C600 3x"},"classes":[]},{"id":62333,"url":"https:\/\/noticiasribeiraopreto.com.br\/index.php\/2025\/01\/10\/curso-gratuito-de-empregabilidade-para-jovens-tem-inscricoes-abertas-em-ribeirao-preto\/","url_meta":{"origin":74612,"position":3},"title":"Curso gratuito de empregabilidade para jovens tem inscri\u00e7\u00f5es abertas em Ribeir\u00e3o Preto","author":"noticiasribeiraopreto.com.br","date":"10 de January de 2025","format":false,"excerpt":"Est\u00e3o abertas em Ribeir\u00e3o Preto as inscri\u00e7\u00f5es para um curso gratuito de empregabilidade para jovens de 15 a 24 anos, que cursam ou tenham conclu\u00eddo o ensino m\u00e9dio. Clique aqui para se inscrever. Com in\u00edcio em 16 de janeiro, o Programa Emprego e Futuro tem como objetivo capacitar com conhecimento\u2026","rel":"","context":"In &quot;Not\u00edcias de Ribeir\u00e3o Preto-SP e Regi\u00e3o&quot;","block_context":{"text":"Not\u00edcias de Ribeir\u00e3o Preto-SP e Regi\u00e3o","link":"https:\/\/noticiasribeiraopreto.com.br\/index.php\/category\/noticias-de-ribeirao-preto-sp-e-regiao-ismael-colosi\/"},"img":{"alt_text":"","src":"https:\/\/i0.wp.com\/noticiasribeiraopreto.com.br\/wp-content\/uploads\/2024\/10\/concurso-publico-6_2024-08-26_18-49-03_jpg_2024-08-26_18-49-03.webp.webp?fit=1200%2C800&ssl=1&resize=350%2C200","width":350,"height":200,"srcset":"https:\/\/i0.wp.com\/noticiasribeiraopreto.com.br\/wp-content\/uploads\/2024\/10\/concurso-publico-6_2024-08-26_18-49-03_jpg_2024-08-26_18-49-03.webp.webp?fit=1200%2C800&ssl=1&resize=350%2C200 1x, https:\/\/i0.wp.com\/noticiasribeiraopreto.com.br\/wp-content\/uploads\/2024\/10\/concurso-publico-6_2024-08-26_18-49-03_jpg_2024-08-26_18-49-03.webp.webp?fit=1200%2C800&ssl=1&resize=525%2C300 1.5x, https:\/\/i0.wp.com\/noticiasribeiraopreto.com.br\/wp-content\/uploads\/2024\/10\/concurso-publico-6_2024-08-26_18-49-03_jpg_2024-08-26_18-49-03.webp.webp?fit=1200%2C800&ssl=1&resize=700%2C400 2x, https:\/\/i0.wp.com\/noticiasribeiraopreto.com.br\/wp-content\/uploads\/2024\/10\/concurso-publico-6_2024-08-26_18-49-03_jpg_2024-08-26_18-49-03.webp.webp?fit=1200%2C800&ssl=1&resize=1050%2C600 3x"},"classes":[]},{"id":82116,"url":"https:\/\/noticiasribeiraopreto.com.br\/index.php\/2026\/02\/04\/usp-ribeirao-abre-inscricoes-de-curso-gratuito-sobre-nocoes-de-direito-para-idosos\/","url_meta":{"origin":74612,"position":4},"title":"USP Ribeir\u00e3o abre inscri\u00e7\u00f5es de curso gratuito sobre no\u00e7\u00f5es de direito para idosos","author":"noticiasribeiraopreto.com.br","date":"4 de February de 2026","format":false,"excerpt":"A FDRP (Faculdade de Direito de Ribeir\u00e3o Preto) da USP (Universidade de S\u00e3o Paulo) est\u00e1 com inscri\u00e7\u00f5es abertas, at\u00e9 23 de fevereiro, para o Curso de No\u00e7\u00f5es Gerais de Direito, oferecido dentro do programa USP 60+, da Pr\u00f3-Reitoria de Cultura e Extens\u00e3o Universit\u00e1ria da USP. Gratuito e semestral, o curso\u2026","rel":"","context":"In &quot;Not\u00edcias de Ribeir\u00e3o Preto-SP e Regi\u00e3o&quot;","block_context":{"text":"Not\u00edcias de Ribeir\u00e3o Preto-SP e Regi\u00e3o","link":"https:\/\/noticiasribeiraopreto.com.br\/index.php\/category\/noticias-de-ribeirao-preto-sp-e-regiao-ismael-colosi\/"},"img":{"alt_text":"","src":"https:\/\/i0.wp.com\/noticiasribeiraopreto.com.br\/wp-content\/uploads\/2026\/02\/direito-curso_2026-02-03_19-07-51.webp.webp?fit=1200%2C630&ssl=1&resize=350%2C200","width":350,"height":200,"srcset":"https:\/\/i0.wp.com\/noticiasribeiraopreto.com.br\/wp-content\/uploads\/2026\/02\/direito-curso_2026-02-03_19-07-51.webp.webp?fit=1200%2C630&ssl=1&resize=350%2C200 1x, https:\/\/i0.wp.com\/noticiasribeiraopreto.com.br\/wp-content\/uploads\/2026\/02\/direito-curso_2026-02-03_19-07-51.webp.webp?fit=1200%2C630&ssl=1&resize=525%2C300 1.5x, https:\/\/i0.wp.com\/noticiasribeiraopreto.com.br\/wp-content\/uploads\/2026\/02\/direito-curso_2026-02-03_19-07-51.webp.webp?fit=1200%2C630&ssl=1&resize=700%2C400 2x, https:\/\/i0.wp.com\/noticiasribeiraopreto.com.br\/wp-content\/uploads\/2026\/02\/direito-curso_2026-02-03_19-07-51.webp.webp?fit=1200%2C630&ssl=1&resize=1050%2C600 3x"},"classes":[]},{"id":8922,"url":"https:\/\/noticiasribeiraopreto.com.br\/index.php\/2023\/12\/01\/curso-gratuito-de-midias-digitais-na-capital-paulista-inscricoes-estao-chegando-ao-fim\/","url_meta":{"origin":74612,"position":5},"title":"Curso GRATUITO de m\u00eddias digitais na capital paulista; inscri\u00e7\u00f5es est\u00e3o chegando ao fim","author":"noticiasribeiraopreto.com.br","date":"1 de December de 2023","format":false,"excerpt":"Para incentivar o acesso profissional \u00e0 \u00e1rea de m\u00eddia, a All Set, ag\u00eancia que faz gest\u00e3o de in-houses para marcas como Nestl\u00e9, Ambev e Amazon, lan\u00e7ou curso gratuito para jovens que desejam entrar na carreira de m\u00eddia performance. Com inscri\u00e7\u00f5es online at\u00e9 7 de dezembro (acesse aqui), o programa Media4All\u2026","rel":"","context":"In &quot;Variedades&quot;","block_context":{"text":"Variedades","link":"https:\/\/noticiasribeiraopreto.com.br\/index.php\/category\/variedades\/"},"img":{"alt_text":"","src":"https:\/\/i0.wp.com\/noticiasribeiraopreto.com.br\/wp-content\/uploads\/2023\/12\/midia-digital.jpg?fit=1200%2C638&ssl=1&resize=350%2C200","width":350,"height":200,"srcset":"https:\/\/i0.wp.com\/noticiasribeiraopreto.com.br\/wp-content\/uploads\/2023\/12\/midia-digital.jpg?fit=1200%2C638&ssl=1&resize=350%2C200 1x, https:\/\/i0.wp.com\/noticiasribeiraopreto.com.br\/wp-content\/uploads\/2023\/12\/midia-digital.jpg?fit=1200%2C638&ssl=1&resize=525%2C300 1.5x, https:\/\/i0.wp.com\/noticiasribeiraopreto.com.br\/wp-content\/uploads\/2023\/12\/midia-digital.jpg?fit=1200%2C638&ssl=1&resize=700%2C400 2x, https:\/\/i0.wp.com\/noticiasribeiraopreto.com.br\/wp-content\/uploads\/2023\/12\/midia-digital.jpg?fit=1200%2C638&ssl=1&resize=1050%2C600 3x"},"classes":[]}],"jetpack_sharing_enabled":true,"jetpack_shortlink":"https:\/\/wp.me\/peQAOb-jpq","_links":{"self":[{"href":"https:\/\/noticiasribeiraopreto.com.br\/index.php\/wp-json\/wp\/v2\/posts\/74612","targetHints":{"allow":["GET"]}}],"collection":[{"href":"https:\/\/noticiasribeiraopreto.com.br\/index.php\/wp-json\/wp\/v2\/posts"}],"about":[{"href":"https:\/\/noticiasribeiraopreto.com.br\/index.php\/wp-json\/wp\/v2\/types\/post"}],"author":[{"embeddable":true,"href":"https:\/\/noticiasribeiraopreto.com.br\/index.php\/wp-json\/wp\/v2\/users\/1"}],"replies":[{"embeddable":true,"href":"https:\/\/noticiasribeiraopreto.com.br\/index.php\/wp-json\/wp\/v2\/comments?post=74612"}],"version-history":[{"count":0,"href":"https:\/\/noticiasribeiraopreto.com.br\/index.php\/wp-json\/wp\/v2\/posts\/74612\/revisions"}],"wp:featuredmedia":[{"embeddable":true,"href":"https:\/\/noticiasribeiraopreto.com.br\/index.php\/wp-json\/wp\/v2\/media\/74613"}],"wp:attachment":[{"href":"https:\/\/noticiasribeiraopreto.com.br\/index.php\/wp-json\/wp\/v2\/media?parent=74612"}],"wp:term":[{"taxonomy":"category","embeddable":true,"href":"https:\/\/noticiasribeiraopreto.com.br\/index.php\/wp-json\/wp\/v2\/categories?post=74612"},{"taxonomy":"post_tag","embeddable":true,"href":"https:\/\/noticiasribeiraopreto.com.br\/index.php\/wp-json\/wp\/v2\/tags?post=74612"}],"curies":[{"name":"wp","href":"https:\/\/api.w.org\/{rel}","templated":true}]}}