{"id":74614,"date":"2025-07-25T15:50:12","date_gmt":"2025-07-25T18:50:12","guid":{"rendered":"https:\/\/noticiasribeiraopreto.com.br\/index.php\/2025\/07\/25\/fim-de-semana-em-ribeirao-tem-show-do-angra-arraia-e-teatro-veja-a-programacao\/"},"modified":"2025-07-25T15:50:12","modified_gmt":"2025-07-25T18:50:12","slug":"fim-de-semana-em-ribeirao-tem-show-do-angra-arraia-e-teatro-veja-a-programacao","status":"publish","type":"post","link":"https:\/\/noticiasribeiraopreto.com.br\/index.php\/2025\/07\/25\/fim-de-semana-em-ribeirao-tem-show-do-angra-arraia-e-teatro-veja-a-programacao\/","title":{"rendered":"Fim de semana em Ribeir\u00e3o tem show do Angra, arrai\u00e1 e teatro; Veja a programa\u00e7\u00e3o"},"content":{"rendered":"<div class='code-block code-block-1' style='margin: 8px 0 8px auto; text-align: right; display: block; clear: both;'>\n<p><a href=\"https:\/\/wa.link\/vpicfd\"><img data-recalc-dims=\"1\" class=\"wp-image-4922\" style=\"aspect-ratio: 2.0253164556962027; width: 561px; height: auto;\" src=\"https:\/\/i0.wp.com\/ismaelcolosi.com.br\/wp-content\/uploads\/2023\/11\/grupo-de-empregos-whatsapp-e-facebook-ismael-colosi-vagas.jpg?ssl=1\" alt=\"\" \/><\/a><\/p>\n<!-- \/wp:image -->\n<\/div>\n<p> <br \/>\n<\/p>\n<div>\n<p>O fim de semana chegou com muita m\u00fasica e teatro em Ribeir\u00e3o Preto. Entre as atra\u00e7\u00f5es, est\u00e3o os shows das bandas <strong>Angra<\/strong> e do<strong> Necrofobia<\/strong>. O <strong>Teatro Municipal de Ribeir\u00e3o Preto <\/strong>tamb\u00e9m recebe a pe\u00e7a \u201cEntre Irm\u00e3os\u201d. Confira a agenda completa:<\/p>\n<h2 class=\"wp-block-heading\"><strong>Angra<\/strong><\/h2>\n<p>A banda <strong>Angra<\/strong> traz sua turn\u00ea \u201cTemple of Shadows 20th Anniversary \u2013 Tour Interlude: Final Lap\u201d para Ribeir\u00e3o Preto, no pr\u00f3ximo s\u00e1bado, dia 26 de julho, a partir das 20h, no <strong>Alcans Hall<\/strong>. Os ingressos j\u00e1 podem ser adquiridos on-line<a href=\"https:\/\/www.meubilhete.com.br\/angra---temple-of-shadows\" data-type=\"link\" data-id=\"https:\/\/www.meubilhete.com.br\/angra---temple-of-shadows\" target=\"_blank\" rel=\"noopener\"> (clique aqui)<\/a>.<\/p>\n<h3 class=\"wp-block-heading\"><strong>Servi\u00e7o<\/strong><\/h3>\n<p><strong>Angra \u2013 \u201cTemple of Shadows 20th Anniversary \u2013 Tour Interlude: Final Lap\u201d<br \/>Quando:<\/strong> 26 de julho, s\u00e1bado<br \/><strong>Hor\u00e1rio: <\/strong>20h<br \/><strong>Local:<\/strong> Alcans Hall | Rodovia Anhanguera (SP-330), km 302 \u2013 Ribeir\u00e3o Preto<br \/><strong>Ingressos: <\/strong>A partir de R$ 80 (<a href=\"https:\/\/www.meubilhete.com.br\/angra---temple-of-shadows\" data-type=\"link\" data-id=\"https:\/\/www.meubilhete.com.br\/angra---temple-of-shadows\" target=\"_blank\" rel=\"noopener\">clique aqui<\/a>)<\/p>\n<h2 class=\"wp-block-heading\"><strong>Arrai\u00e1 Viva Ribeir\u00e3o 2025<\/strong><\/h2>\n<p>O <strong>Arrai\u00e1 Viva Ribeir\u00e3o 2025<\/strong> acontece no pr\u00f3ximo fim de semana no Parque Maur\u00edlio Biagi. A festa julina tem entrada gratuita e re\u00fane shows, dan\u00e7as, comidas t\u00edpicas e atra\u00e7\u00f5es para todas as idades. Veja todas as quermesses de Ribeir\u00e3o Preto no <strong>Rota do Arrai\u00e1 <\/strong>(clique aqui).<\/p>\n<h3 class=\"wp-block-heading\"><strong>Servi\u00e7o<\/strong><\/h3>\n<p><strong>Arrai\u00e1 Viva Ribeir\u00e3o! 2025<br \/>Quando:<\/strong> 25, 26 e 27 de julho de 2025<br \/><strong>Onde: <\/strong>Parque Maur\u00edlio Biagi \u2013 Ribeir\u00e3o Preto<br \/><strong>Entrada: <\/strong>Gratuita<\/p>\n<h2 class=\"wp-block-heading\"><strong>Pe\u00e7a \u201cEntre Irm\u00e3os\u201d<\/strong><\/h2>\n<p>Os atores <strong>Fernando Pav\u00e3o <\/strong>e <strong>Ot\u00e1vio Martins<\/strong> apresentam a pe\u00e7a <strong>\u201cEntre Irm\u00e3os\u201d<\/strong>, no dia 27 de julho, \u00e0s 20h, no <strong>Teatro Municipal de Ribeir\u00e3o Preto<\/strong>. A trama gira em torno do reencontro de dois irm\u00e3os no vel\u00f3rio do pai ap\u00f3s 23 anos afastados. \u00a0Os ingressos est\u00e3o \u00e0 venda on-line<a href=\"https:\/\/www.bilheteriaexpress.com.br\/ingressos-para-entre-irmaos-com-otavio-martins-e-fernando-pavao-teatro-municipal-de-ribeirao-preto-teatro-adulto-262973044428396.html\" data-type=\"link\" data-id=\"https:\/\/www.bilheteriaexpress.com.br\/ingressos-para-entre-irmaos-com-otavio-martins-e-fernando-pavao-teatro-municipal-de-ribeirao-preto-teatro-adulto-262973044428396.html\" target=\"_blank\" rel=\"noopener\"> (clique aqui)<\/a> e custam a partir de R$ 40.<\/p>\n<h3 class=\"wp-block-heading\"><strong>Servi\u00e7o<\/strong><\/h3>\n<p><strong>Entre Irm\u00e3os<br \/>Quando: <\/strong>27 de julho, domingo<br \/><strong>Hor\u00e1rio: <\/strong>20h<br \/><strong>Local<\/strong>: Teatro Municipal de Ribeir\u00e3o Preto \u2013 Jardim Mosteiro \u2013 Ribeir\u00e3o Preto<br \/><strong>Ingressos: <\/strong>A partir de R$ 40 (<a href=\"https:\/\/www.bilheteriaexpress.com.br\/ingressos-para-entre-irmaos-com-otavio-martins-e-fernando-pavao-teatro-municipal-de-ribeirao-preto-teatro-adulto-262973044428396.html\" data-type=\"link\" data-id=\"https:\/\/www.bilheteriaexpress.com.br\/ingressos-para-entre-irmaos-com-otavio-martins-e-fernando-pavao-teatro-municipal-de-ribeirao-preto-teatro-adulto-262973044428396.html\" target=\"_blank\" rel=\"noopener\">clique aqui<\/a>)<\/p>\n<h2 class=\"wp-block-heading\"><strong>Necrofobia<\/strong><\/h2>\n<p>Comemorando 30 anos de exist\u00eancia, a banda <strong>Necrofobia <\/strong>apresenta o repert\u00f3rio autoral de toda sua carreira, incluindo as faixas de seu \u00faltimo \u00e1lbum, Membership, com o peso marcante do thrash metal. O show acontece domingo (27), a partir das 16h, no galp\u00e3o do <strong>Sesc Ribeir\u00e3o<\/strong>. <mark style=\"background-color:#fcb900\" class=\"has-inline-color has-black-color\">A entrada \u00e9 gratuita.<\/mark><\/p>\n<h3 class=\"wp-block-heading\"><strong>Servi\u00e7o<\/strong><\/h3>\n<p><strong>Necrofobia<br \/>Quando:<\/strong> domingo (27), a partir das 16h<br \/><strong>Onde: <\/strong>Galp\u00e3o do Sesc Ribeir\u00e3o \u2013 rua Tibiri\u00e7a, 50 \u2013 Centro \u2013 Ribeir\u00e3o Preto.<br \/><strong>Entrada: <\/strong>Gratuita.<\/p>\n<h2 class=\"wp-block-heading\"><strong>Verbo \u2013 Mostra de Performance Arte<\/strong><\/h2>\n<p>Ribeir\u00e3o Preto recebe nos dias 25 e 26 de julho, a <strong>18\u00aa edi\u00e7\u00e3o da Verbo \u2013 Mostra de Performance Arte<\/strong>. A mostra tem entrada gratuita e acontece no Espa\u00e7o Escada, que fica na rua Campos Salles, 315, no Centro.<\/p>\n<h3 class=\"wp-block-heading\"><strong>Servi\u00e7o<\/strong><\/h3>\n<p><strong>Verbo \u2013 Mostra de Performance Arte (18\u00aa edi\u00e7\u00e3o)<br \/>Onde: <\/strong>Espa\u00e7o Escada \u2013 Rua Campos Salles, 315 \u2013 Centro \u2013 Ribeir\u00e3o Preto<br \/><strong>Quando: <\/strong>25 e 26 de julho<br \/><strong>Ingressos: <\/strong>Gratuitos, sujeitos \u00e0 lota\u00e7\u00e3o do espa\u00e7o<\/p>\n<h2 class=\"wp-block-heading\"><strong>Minaz Jazz com o Grupo P\u00f3 de Caf\u00e9<\/strong><\/h2>\n<p>O Minaz Jazz recebe o <strong>Grupo P\u00f3 de Caf\u00e9 <\/strong>no <strong>Teatro Minaz<\/strong>, em Ribeir\u00e3o Preto. A banda instrumental apresenta um show em homenagem ao ic\u00f4nico \u00e1lbum Clube da Esquina (1972), de Milton Nascimento, L\u00f4 Borges e Beto Guedes. No repert\u00f3rio, releituras instrumentais do disco e outros cl\u00e1ssicos de Milton das d\u00e9cadas de 60 e 70. Os ingressos s\u00e3o vendidos pela internet <a href=\"https:\/\/ciaminaz.byinti.com\/#\/event\/minaz-jazz-convida-grupo-po-de-cafe\" data-type=\"link\" data-id=\"https:\/\/ciaminaz.byinti.com\/#\/event\/minaz-jazz-convida-grupo-po-de-cafe\" target=\"_blank\" rel=\"noopener\">(clique aqui) <\/a>e custam a partir de R$ 30.<\/p>\n<h2 class=\"wp-block-heading\"><strong>Servi\u00e7o<\/strong><\/h2>\n<p><strong>Minaz Jazz com o Grupo P\u00f3 de Caf\u00e9<br \/>Onde: <\/strong>Teatro Minaz \u2013 rua Carlos Chagas, 273 \u2013 Jardim Paulista \u2013 Ribeir\u00e3o Preto.<br \/><strong>Quando:<\/strong> 25 de julho, a partir das 20h.<br \/><strong>Ingressos: <\/strong>pela internet (<a href=\"https:\/\/ciaminaz.byinti.com\/#\/event\/minaz-jazz-convida-grupo-po-de-cafe\" data-type=\"link\" data-id=\"https:\/\/ciaminaz.byinti.com\/#\/event\/minaz-jazz-convida-grupo-po-de-cafe\" target=\"_blank\" rel=\"noopener\">clique aqui<\/a>) \u2013 a partir de R$ 30.<\/p>\n<h2 class=\"wp-block-heading\"><strong>Morto Vivo<\/strong><\/h2>\n<p><strong>\u201cMorto Vivo\u201d<\/strong> \u00e9 um <mark style=\"background-color:#fcb900\" class=\"has-inline-color has-black-color\">espet\u00e1culo de teatro de bonecos que narra a hist\u00f3ria de um menino com medo de fantasmas e uma caveirinha amedrontada por humanos.<\/mark> A apresenta\u00e7\u00e3o acontece nesta sexta-feira (25), \u00e0s 17h, no Sesc Ribeir\u00e3o Preto. A entrada \u00e9 gratuita.<\/p>\n<h3 class=\"wp-block-heading\"><strong>Servi\u00e7o<\/strong><\/h3>\n<p><strong>Morto Vivo<br \/>Quando<\/strong>: sexta-feira (25), a partir das 17h<br \/><strong>Onde: <\/strong>Sesc Ribeir\u00e3o \u2013 rua Tibiri\u00e7a, 50 \u2013 Centro \u2013 Ribeir\u00e3o Preto.<br \/><strong>Entrada:<\/strong> Gratuita.<\/p>\n<h2 class=\"wp-block-heading\"><strong>Caquilhos de Munchausen<\/strong><\/h2>\n<p>O<strong> Bar\u00e3o de Munchausen<\/strong> por vezes re\u00fane pessoas em sua sala para contar suas aventuras. Algumas pessoas adoram ouvi-lo, mas duvidam que as palavras que saem de sua boca sejam verdadeiras; j\u00e1 outras, al\u00e9m de n\u00e3o acreditarem, j\u00e1 est\u00e3o cansadas de escutarem tais hist\u00f3rias; uma dessas pessoas \u00e9 sua fiel empregada Russa. Mas ser\u00e1 que tudo o que ele diz \u00e9 mentira mesmo? \u202f<mark style=\"background-color:#fcb900\" class=\"has-inline-color has-black-color\">A pe\u00e7a acontece neste s\u00e1bado (26), \u00e0s 16h, no Sesc Ribeir\u00e3o Preto. A entrada \u00e9 gratuita.<\/mark><\/p>\n<h3 class=\"wp-block-heading\"><strong>Servi\u00e7o<\/strong><\/h3>\n<p><strong>Caquilhos de Munchausen<br \/>Quando:<\/strong> s\u00e1bado (26), a partir das 16h<br \/><strong>Onde:<\/strong> Sesc Ribeir\u00e3o \u2013 rua Tibiri\u00e7a, 50 \u2013 Centro \u2013 Ribeir\u00e3o Preto.<br \/><strong>Entrada: <\/strong>Gratuita.<\/p>\n<p>SAIBA MAIS<br \/>Vem chuva? Veja previs\u00e3o no \u00faltimo fim de semana de julho em Ribeir\u00e3o Preto<\/p>\n<h2 class=\"wp-block-heading\"><strong>FIQUE ON<\/strong><\/h2>\n<p>Fique ligado em tudo que acontece em Ribeir\u00e3o Preto e regi\u00e3o. Siga os perfis do<strong>\u00a0acidade on\u00a0<\/strong>no<a href=\"https:\/\/www.instagram.com\/acidadeonribeirao\" data-type=\"link\" data-id=\"https:\/\/www.instagram.com\/acidadeonribeirao\" target=\"_blank\" rel=\"noopener\"> Instagram <\/a>e no <a href=\"https:\/\/www.facebook.com\/acidadeonribeirao\/\" data-type=\"link\" data-id=\"https:\/\/www.facebook.com\/acidadeonribeirao\/\" target=\"_blank\" rel=\"noopener\">Facebook.<\/a><\/p>\n<p>Receba not\u00edcias do<strong>\u00a0acidade on<\/strong>\u00a0no WhatsApp.<a href=\"https:\/\/chat.whatsapp.com\/BjKQZ9oJwlz8VVT50NuePq\" target=\"_blank\" rel=\"noreferrer noopener\">\u00a0Para entrar no grupo, basta clicar aqui.<\/a><\/p>\n<p>Fa\u00e7a uma den\u00fancia ou sugira uma reportagem sobre Ribeir\u00e3o Preto e regi\u00e3o pelo WhatsApp: 16 99117 7802.<\/p>\n<p>VEJA TAMB\u00c9M<br \/>O que um copo de suco de uva pode fazer pelo seu corpo?<\/p>\n<p><!-- AI CONTENT END 1 -->\n<\/div>\n<p><script async src=\"\/\/www.instagram.com\/embed.js\"><\/script><br \/>\n<br \/><br \/>\n<br \/><a href=\"https:\/\/www.acidadeon.com\/ribeiraopreto\/lazer-e-cultura\/fim-de-semana-em-ribeirao-tem-show-do-angra-arraia-e-teatro-veja-a-programacao\/\">Source link <\/a><\/p>\n<!-- CONTENT END 1 -->\n","protected":false},"excerpt":{"rendered":"<p>O fim de semana chegou com muita m\u00fasica e teatro em Ribeir\u00e3o Preto. Entre as atra\u00e7\u00f5es, est\u00e3o os shows das bandas Angra e do Necrofobia&#8230;.<\/p>\n","protected":false},"author":1,"featured_media":74615,"comment_status":"open","ping_status":"open","sticky":false,"template":"","format":"standard","meta":{"advanced_seo_description":"","jetpack_seo_html_title":"","jetpack_seo_noindex":false,"jetpack_post_was_ever_published":false,"_jetpack_newsletter_access":"","_jetpack_dont_email_post_to_subs":false,"_jetpack_newsletter_tier_id":0,"_jetpack_memberships_contains_paywalled_content":false,"_jetpack_memberships_contains_paid_content":false,"footnotes":"","jetpack_publicize_message":"","jetpack_publicize_feature_enabled":true,"jetpack_social_post_already_shared":true,"jetpack_social_options":{"image_generator_settings":{"template":"highway","default_image_id":0,"font":"","enabled":false},"version":2}},"categories":[11],"tags":[],"class_list":["post-74614","post","type-post","status-publish","format-standard","has-post-thumbnail","hentry","category-noticias-de-ribeirao-preto-sp-e-regiao-ismael-colosi"],"jetpack_publicize_connections":[],"jetpack_featured_media_url":"https:\/\/i0.wp.com\/noticiasribeiraopreto.com.br\/wp-content\/uploads\/2025\/07\/angra-banda-foto-henrique-grandi_2025-06-11_12-21-29.webp.webp?fit=1200%2C675&ssl=1","jetpack-related-posts":[{"id":71911,"url":"https:\/\/noticiasribeiraopreto.com.br\/index.php\/2025\/06\/11\/ribeirao-preto-recebe-show-de-turne-especial-da-banda-angra-veja-como-comprar-ingressos\/","url_meta":{"origin":74614,"position":0},"title":"Ribeir\u00e3o Preto recebe show de turn\u00ea especial da banda Angra; Veja como comprar ingressos","author":"noticiasribeiraopreto.com.br","date":"11 de June de 2025","format":false,"excerpt":"A banda Angra traz sua turn\u00ea \u201cTemple of Shadows 20th Anniversary \u2013 Tour Interlude: Final Lap\u201d para Ribeir\u00e3o Preto, no pr\u00f3ximo dia 26 de julho, a partir das 20h, no Alcans Hall. Os ingressos j\u00e1 podem ser adquiridos on-line (clique aqui). A banda colocou no mercado um novo registro ac\u00fastico\u2026","rel":"","context":"In &quot;Not\u00edcias de Ribeir\u00e3o Preto-SP e Regi\u00e3o&quot;","block_context":{"text":"Not\u00edcias de Ribeir\u00e3o Preto-SP e Regi\u00e3o","link":"https:\/\/noticiasribeiraopreto.com.br\/index.php\/category\/noticias-de-ribeirao-preto-sp-e-regiao-ismael-colosi\/"},"img":{"alt_text":"","src":"https:\/\/i0.wp.com\/noticiasribeiraopreto.com.br\/wp-content\/uploads\/2025\/06\/angra-banda-foto-henrique-grandi_2025-06-11_12-21-29.webp.webp?fit=1200%2C675&ssl=1&resize=350%2C200","width":350,"height":200,"srcset":"https:\/\/i0.wp.com\/noticiasribeiraopreto.com.br\/wp-content\/uploads\/2025\/06\/angra-banda-foto-henrique-grandi_2025-06-11_12-21-29.webp.webp?fit=1200%2C675&ssl=1&resize=350%2C200 1x, https:\/\/i0.wp.com\/noticiasribeiraopreto.com.br\/wp-content\/uploads\/2025\/06\/angra-banda-foto-henrique-grandi_2025-06-11_12-21-29.webp.webp?fit=1200%2C675&ssl=1&resize=525%2C300 1.5x, https:\/\/i0.wp.com\/noticiasribeiraopreto.com.br\/wp-content\/uploads\/2025\/06\/angra-banda-foto-henrique-grandi_2025-06-11_12-21-29.webp.webp?fit=1200%2C675&ssl=1&resize=700%2C400 2x, https:\/\/i0.wp.com\/noticiasribeiraopreto.com.br\/wp-content\/uploads\/2025\/06\/angra-banda-foto-henrique-grandi_2025-06-11_12-21-29.webp.webp?fit=1200%2C675&ssl=1&resize=1050%2C600 3x"},"classes":[]},{"id":48801,"url":"https:\/\/noticiasribeiraopreto.com.br\/index.php\/2024\/05\/06\/ribeirao-preto-recebe-show-com-ex-integrantes-do-shaman-e-do-angra\/","url_meta":{"origin":74614,"position":1},"title":"Ribeir\u00e3o Preto recebe show com ex-integrantes do Shaman e do Angra","author":"noticiasribeiraopreto.com.br","date":"6 de May de 2024","format":false,"excerpt":"Ex-integrantes das bandas Shaman e Angra trazem o show do projeto \u201cShamAngra\u201d para Ribeir\u00e3o Preto, no pr\u00f3ximo dia 24 de maio. Os ingressos ainda est\u00e3o dispon\u00edveis pela internet \u2013 veja abaixo como adquirir. O ShamAngra comemora a hist\u00f3ria das bandas e teve sucesso em sua primeira edi\u00e7\u00e3o, que aconteceu em\u2026","rel":"","context":"In &quot;Not\u00edcias de Ribeir\u00e3o Preto-SP e Regi\u00e3o&quot;","block_context":{"text":"Not\u00edcias de Ribeir\u00e3o Preto-SP e Regi\u00e3o","link":"https:\/\/noticiasribeiraopreto.com.br\/index.php\/category\/noticias-de-ribeirao-preto-sp-e-regiao-ismael-colosi\/"},"img":{"alt_text":"","src":"https:\/\/i0.wp.com\/noticiasribeiraopreto.com.br\/wp-content\/uploads\/2024\/05\/shamangra_2024-05-06_15-14-41_jpg_2024-05-06_15-14-41.webp.webp?fit=550%2C352&ssl=1&resize=350%2C200","width":350,"height":200,"srcset":"https:\/\/i0.wp.com\/noticiasribeiraopreto.com.br\/wp-content\/uploads\/2024\/05\/shamangra_2024-05-06_15-14-41_jpg_2024-05-06_15-14-41.webp.webp?fit=550%2C352&ssl=1&resize=350%2C200 1x, https:\/\/i0.wp.com\/noticiasribeiraopreto.com.br\/wp-content\/uploads\/2024\/05\/shamangra_2024-05-06_15-14-41_jpg_2024-05-06_15-14-41.webp.webp?fit=550%2C352&ssl=1&resize=525%2C300 1.5x"},"classes":[]},{"id":54997,"url":"https:\/\/noticiasribeiraopreto.com.br\/index.php\/2024\/07\/27\/beatles-cordel-kiko-loureiro-e-festival-no-arena-veja-o-que-fazer-em-ribeirao-preto\/","url_meta":{"origin":74614,"position":2},"title":"Beatles Cordel, Kiko Loureiro e festival no Arena: Veja o que fazer em Ribeir\u00e3o Preto","author":"noticiasribeiraopreto.com.br","date":"27 de July de 2024","format":false,"excerpt":"O final de semana conta com op\u00e7\u00f5es para quem gosta de Beatles em Ribeir\u00e3o Preto. Tamb\u00e9m h\u00e1 op\u00e7\u00f5es para ver o guitarrista Kiko Loureiro e o festival de diversidade religiosa no Teatro de Arena. Confira o que fazer em Ribeir\u00e3o Preto no final de semana: Beatles Cordel O Beatles Cordel\u2026","rel":"","context":"In &quot;Not\u00edcias de Ribeir\u00e3o Preto-SP e Regi\u00e3o&quot;","block_context":{"text":"Not\u00edcias de Ribeir\u00e3o Preto-SP e Regi\u00e3o","link":"https:\/\/noticiasribeiraopreto.com.br\/index.php\/category\/noticias-de-ribeirao-preto-sp-e-regiao-ismael-colosi\/"},"img":{"alt_text":"","src":"https:\/\/i0.wp.com\/noticiasribeiraopreto.com.br\/wp-content\/uploads\/2024\/07\/beatles-cordel_2024-07-26_16-42-40_jpg_2024-07-26_16-42-40.webp.webp?fit=970%2C647&ssl=1&resize=350%2C200","width":350,"height":200,"srcset":"https:\/\/i0.wp.com\/noticiasribeiraopreto.com.br\/wp-content\/uploads\/2024\/07\/beatles-cordel_2024-07-26_16-42-40_jpg_2024-07-26_16-42-40.webp.webp?fit=970%2C647&ssl=1&resize=350%2C200 1x, https:\/\/i0.wp.com\/noticiasribeiraopreto.com.br\/wp-content\/uploads\/2024\/07\/beatles-cordel_2024-07-26_16-42-40_jpg_2024-07-26_16-42-40.webp.webp?fit=970%2C647&ssl=1&resize=525%2C300 1.5x, https:\/\/i0.wp.com\/noticiasribeiraopreto.com.br\/wp-content\/uploads\/2024\/07\/beatles-cordel_2024-07-26_16-42-40_jpg_2024-07-26_16-42-40.webp.webp?fit=970%2C647&ssl=1&resize=700%2C400 2x"},"classes":[]},{"id":56043,"url":"https:\/\/noticiasribeiraopreto.com.br\/index.php\/2024\/08\/09\/henrique-e-juliano-rodrigo-bocardi-e-muito-rock-veja-a-programacao-do-fim-de-semana-em-ribeirao-preto\/","url_meta":{"origin":74614,"position":3},"title":"Henrique e Juliano, Rodrigo Bocardi e muito rock: Veja a programa\u00e7\u00e3o do fim de semana em Ribeir\u00e3o Preto","author":"noticiasribeiraopreto.com.br","date":"9 de August de 2024","format":false,"excerpt":"Ribeir\u00e3o Preto conta com uma agenda cultural recheada de op\u00e7\u00f5es para quem quer aproveitar o fim de semana. Henrique e Juliano, Rodrigo Bocardi e shows de diversas bandas de rock marcam presen\u00e7a na programa\u00e7\u00e3o. Confira: Henrique e Juliano A dupla se apresenta neste s\u00e1bado (10), no Parque Permanente de Exposi\u00e7\u00f5es,\u2026","rel":"","context":"In &quot;Not\u00edcias de Ribeir\u00e3o Preto-SP e Regi\u00e3o&quot;","block_context":{"text":"Not\u00edcias de Ribeir\u00e3o Preto-SP e Regi\u00e3o","link":"https:\/\/noticiasribeiraopreto.com.br\/index.php\/category\/noticias-de-ribeirao-preto-sp-e-regiao-ismael-colosi\/"},"img":{"alt_text":"","src":"https:\/\/i0.wp.com\/noticiasribeiraopreto.com.br\/wp-content\/uploads\/2024\/08\/Copia-de-Copia-de-TAMANHO-EXATO-PARA-FOTOS-NO-SISTEMA-NOVO-39_2024-08-09_12-48-12_jpg_2024-08-09_12-48-12.webp.webp?fit=1200%2C675&ssl=1&resize=350%2C200","width":350,"height":200,"srcset":"https:\/\/i0.wp.com\/noticiasribeiraopreto.com.br\/wp-content\/uploads\/2024\/08\/Copia-de-Copia-de-TAMANHO-EXATO-PARA-FOTOS-NO-SISTEMA-NOVO-39_2024-08-09_12-48-12_jpg_2024-08-09_12-48-12.webp.webp?fit=1200%2C675&ssl=1&resize=350%2C200 1x, https:\/\/i0.wp.com\/noticiasribeiraopreto.com.br\/wp-content\/uploads\/2024\/08\/Copia-de-Copia-de-TAMANHO-EXATO-PARA-FOTOS-NO-SISTEMA-NOVO-39_2024-08-09_12-48-12_jpg_2024-08-09_12-48-12.webp.webp?fit=1200%2C675&ssl=1&resize=525%2C300 1.5x, https:\/\/i0.wp.com\/noticiasribeiraopreto.com.br\/wp-content\/uploads\/2024\/08\/Copia-de-Copia-de-TAMANHO-EXATO-PARA-FOTOS-NO-SISTEMA-NOVO-39_2024-08-09_12-48-12_jpg_2024-08-09_12-48-12.webp.webp?fit=1200%2C675&ssl=1&resize=700%2C400 2x, https:\/\/i0.wp.com\/noticiasribeiraopreto.com.br\/wp-content\/uploads\/2024\/08\/Copia-de-Copia-de-TAMANHO-EXATO-PARA-FOTOS-NO-SISTEMA-NOVO-39_2024-08-09_12-48-12_jpg_2024-08-09_12-48-12.webp.webp?fit=1200%2C675&ssl=1&resize=1050%2C600 3x"},"classes":[]},{"id":16463,"url":"https:\/\/noticiasribeiraopreto.com.br\/index.php\/2023\/12\/15\/em-clima-de-natal-ribeirao-preto-tem-atracoes-para-todos-os-gostos-neste-final-de-semana-confira\/","url_meta":{"origin":74614,"position":4},"title":"Em clima de Natal, Ribeir\u00e3o Preto tem atra\u00e7\u00f5es para todos os gostos neste final de semana; Confira","author":"noticiasribeiraopreto.com.br","date":"15 de December de 2023","format":false,"excerpt":"O fim de semana chegou e Ribeir\u00e3o Preto conta com diversas atra\u00e7\u00f5es para voc\u00ea aproveitar, a partir desta sexta-feira (15). A programa\u00e7\u00e3o de Natal toma conta da cidade, com apresenta\u00e7\u00e3o do Coral dos Meninos Cantores da Cia Minaz e visita do Papai Noel aos bairros. Contudo, op\u00e7\u00f5es como teatro, feira\u2026","rel":"","context":"In &quot;Not\u00edcias de Ribeir\u00e3o Preto-SP e Regi\u00e3o&quot;","block_context":{"text":"Not\u00edcias de Ribeir\u00e3o Preto-SP e Regi\u00e3o","link":"https:\/\/noticiasribeiraopreto.com.br\/index.php\/category\/noticias-de-ribeirao-preto-sp-e-regiao-ismael-colosi\/"},"img":{"alt_text":"","src":"https:\/\/i0.wp.com\/noticiasribeiraopreto.com.br\/wp-content\/uploads\/2023\/12\/Copia-de-Copia-de-TAMANHO-EXATO-PARA-FOTOS-NO-SISTEMA-NOVO-25.png?fit=1200%2C675&ssl=1&resize=350%2C200","width":350,"height":200,"srcset":"https:\/\/i0.wp.com\/noticiasribeiraopreto.com.br\/wp-content\/uploads\/2023\/12\/Copia-de-Copia-de-TAMANHO-EXATO-PARA-FOTOS-NO-SISTEMA-NOVO-25.png?fit=1200%2C675&ssl=1&resize=350%2C200 1x, https:\/\/i0.wp.com\/noticiasribeiraopreto.com.br\/wp-content\/uploads\/2023\/12\/Copia-de-Copia-de-TAMANHO-EXATO-PARA-FOTOS-NO-SISTEMA-NOVO-25.png?fit=1200%2C675&ssl=1&resize=525%2C300 1.5x, https:\/\/i0.wp.com\/noticiasribeiraopreto.com.br\/wp-content\/uploads\/2023\/12\/Copia-de-Copia-de-TAMANHO-EXATO-PARA-FOTOS-NO-SISTEMA-NOVO-25.png?fit=1200%2C675&ssl=1&resize=700%2C400 2x, https:\/\/i0.wp.com\/noticiasribeiraopreto.com.br\/wp-content\/uploads\/2023\/12\/Copia-de-Copia-de-TAMANHO-EXATO-PARA-FOTOS-NO-SISTEMA-NOVO-25.png?fit=1200%2C675&ssl=1&resize=1050%2C600 3x"},"classes":[]},{"id":59241,"url":"https:\/\/noticiasribeiraopreto.com.br\/index.php\/2024\/10\/18\/festivais-musica-e-teatro-veja-a-agenda-cultural-do-fim-de-semana-em-ribeirao-preto\/","url_meta":{"origin":74614,"position":5},"title":"Festivais, m\u00fasica e teatro: Veja a agenda cultural do fim de semana em Ribeir\u00e3o Preto","author":"noticiasribeiraopreto.com.br","date":"18 de October de 2024","format":false,"excerpt":"Para aproveitar o fim de semana em Ribeir\u00e3o Preto, a popula\u00e7\u00e3o conta com diversos eventos culturais para aproveitar com a fam\u00edlia e amigos. Entre os destaques da programa\u00e7\u00e3o, est\u00e3o os shows de Humberto Gessinger, Edu Faslaschi, Gabriel O Pensador, Di Ferrero, al\u00e9m da Feira de Orqu\u00eddeas e Suculentas e o\u2026","rel":"","context":"In &quot;Not\u00edcias de Ribeir\u00e3o Preto-SP e Regi\u00e3o&quot;","block_context":{"text":"Not\u00edcias de Ribeir\u00e3o Preto-SP e Regi\u00e3o","link":"https:\/\/noticiasribeiraopreto.com.br\/index.php\/category\/noticias-de-ribeirao-preto-sp-e-regiao-ismael-colosi\/"},"img":{"alt_text":"","src":"https:\/\/i0.wp.com\/noticiasribeiraopreto.com.br\/wp-content\/uploads\/2024\/10\/Copia-de-Copia-de-Copia-de-TAMANHO-EXATO-PARA-FOTOS-NO-SISTEMA-NOVO-19_2024-10-18_14-28-01_jpg_2024-10-18_14-28-01.webp.webp?fit=1200%2C675&ssl=1&resize=350%2C200","width":350,"height":200,"srcset":"https:\/\/i0.wp.com\/noticiasribeiraopreto.com.br\/wp-content\/uploads\/2024\/10\/Copia-de-Copia-de-Copia-de-TAMANHO-EXATO-PARA-FOTOS-NO-SISTEMA-NOVO-19_2024-10-18_14-28-01_jpg_2024-10-18_14-28-01.webp.webp?fit=1200%2C675&ssl=1&resize=350%2C200 1x, https:\/\/i0.wp.com\/noticiasribeiraopreto.com.br\/wp-content\/uploads\/2024\/10\/Copia-de-Copia-de-Copia-de-TAMANHO-EXATO-PARA-FOTOS-NO-SISTEMA-NOVO-19_2024-10-18_14-28-01_jpg_2024-10-18_14-28-01.webp.webp?fit=1200%2C675&ssl=1&resize=525%2C300 1.5x, https:\/\/i0.wp.com\/noticiasribeiraopreto.com.br\/wp-content\/uploads\/2024\/10\/Copia-de-Copia-de-Copia-de-TAMANHO-EXATO-PARA-FOTOS-NO-SISTEMA-NOVO-19_2024-10-18_14-28-01_jpg_2024-10-18_14-28-01.webp.webp?fit=1200%2C675&ssl=1&resize=700%2C400 2x, https:\/\/i0.wp.com\/noticiasribeiraopreto.com.br\/wp-content\/uploads\/2024\/10\/Copia-de-Copia-de-Copia-de-TAMANHO-EXATO-PARA-FOTOS-NO-SISTEMA-NOVO-19_2024-10-18_14-28-01_jpg_2024-10-18_14-28-01.webp.webp?fit=1200%2C675&ssl=1&resize=1050%2C600 3x"},"classes":[]}],"jetpack_sharing_enabled":true,"jetpack_shortlink":"https:\/\/wp.me\/peQAOb-jps","_links":{"self":[{"href":"https:\/\/noticiasribeiraopreto.com.br\/index.php\/wp-json\/wp\/v2\/posts\/74614","targetHints":{"allow":["GET"]}}],"collection":[{"href":"https:\/\/noticiasribeiraopreto.com.br\/index.php\/wp-json\/wp\/v2\/posts"}],"about":[{"href":"https:\/\/noticiasribeiraopreto.com.br\/index.php\/wp-json\/wp\/v2\/types\/post"}],"author":[{"embeddable":true,"href":"https:\/\/noticiasribeiraopreto.com.br\/index.php\/wp-json\/wp\/v2\/users\/1"}],"replies":[{"embeddable":true,"href":"https:\/\/noticiasribeiraopreto.com.br\/index.php\/wp-json\/wp\/v2\/comments?post=74614"}],"version-history":[{"count":0,"href":"https:\/\/noticiasribeiraopreto.com.br\/index.php\/wp-json\/wp\/v2\/posts\/74614\/revisions"}],"wp:featuredmedia":[{"embeddable":true,"href":"https:\/\/noticiasribeiraopreto.com.br\/index.php\/wp-json\/wp\/v2\/media\/74615"}],"wp:attachment":[{"href":"https:\/\/noticiasribeiraopreto.com.br\/index.php\/wp-json\/wp\/v2\/media?parent=74614"}],"wp:term":[{"taxonomy":"category","embeddable":true,"href":"https:\/\/noticiasribeiraopreto.com.br\/index.php\/wp-json\/wp\/v2\/categories?post=74614"},{"taxonomy":"post_tag","embeddable":true,"href":"https:\/\/noticiasribeiraopreto.com.br\/index.php\/wp-json\/wp\/v2\/tags?post=74614"}],"curies":[{"name":"wp","href":"https:\/\/api.w.org\/{rel}","templated":true}]}}