{"id":74616,"date":"2025-07-25T16:03:11","date_gmt":"2025-07-25T19:03:11","guid":{"rendered":"https:\/\/noticiasribeiraopreto.com.br\/index.php\/2025\/07\/25\/cesta-abrasmercado-cai-043-em-junho\/"},"modified":"2025-07-25T16:03:11","modified_gmt":"2025-07-25T19:03:11","slug":"cesta-abrasmercado-cai-043-em-junho","status":"publish","type":"post","link":"https:\/\/noticiasribeiraopreto.com.br\/index.php\/2025\/07\/25\/cesta-abrasmercado-cai-043-em-junho\/","title":{"rendered":"Cesta Abrasmercado cai 0,43% em junho"},"content":{"rendered":"<div class='code-block code-block-1' style='margin: 8px 0 8px auto; text-align: right; display: block; clear: both;'>\n<p><a href=\"https:\/\/wa.link\/vpicfd\"><img data-recalc-dims=\"1\" class=\"wp-image-4922\" style=\"aspect-ratio: 2.0253164556962027; width: 561px; height: auto;\" src=\"https:\/\/i0.wp.com\/ismaelcolosi.com.br\/wp-content\/uploads\/2023\/11\/grupo-de-empregos-whatsapp-e-facebook-ismael-colosi-vagas.jpg?ssl=1\" alt=\"\" \/><\/a><\/p>\n<!-- \/wp:image -->\n<\/div>\n<p> <br \/>\n<\/p>\n<div>\n<p>A infla\u00e7\u00e3o medida pela Abrasmercado \u2013 cesta composta por 35 produtos de largo consumo, dentre eles alimentos, bebidas, carnes, produtos de limpeza, itens de higiene e beleza \u2013, que mede a varia\u00e7\u00e3o de pre\u00e7os nos supermercados, registrou defla\u00e7\u00e3o de 0,43% em junho, ap\u00f3s nove altas consecutivas.<\/p>\n<p>At\u00e9 ent\u00e3o, a \u00faltima queda havia ocorrido em agosto do ano passado, com varia\u00e7\u00e3o de -1,32%. O vi\u00e9s de baixa come\u00e7ou a dar sinais em maio, quando a infla\u00e7\u00e3o ficou em 0,51%, conta 0,82% de abril e ap\u00f3s altas de 0,74% em mar\u00e7o, 0,73% em fevereiro e 0,78% em janeiro.<\/p>\n<p>Fechou 2024 com aumento de 1,82% em dezembro. J\u00e1 havia registrado alta de 3,02% em novembro, de 2,44% em outubro e 0,90% em setembro. Agora, passou de R$ 823,37 em maio para R$ 819,81 em junho na m\u00e9dia nacional, desconto de R$ 3,56, mas acima de R$ 800 pela sexta vez seguida.<\/p>\n<p>O valor absoluto de maio \u00e9 o mais elevado da s\u00e9rie hist\u00f3rica, que come\u00e7ou em agosto de 2001, superando o do m\u00eas anterior. Fechou o ano passado com infla\u00e7\u00e3o acumulada de 9,96%. Apesar da redu\u00e7\u00e3o em junho, os pre\u00e7os nos supermercados acumulam alta de 3,18% no semestre \u2013 era de R$ 794,56 em dezembro, R$ 25,25 a mais.<\/p>\n<p>Tamb\u00e9m sobem 9% no intervalo de doze meses \u2013 custava R$ 752,11 em junho de 2024 \u2013, ante 10,46% at\u00e9 maio. S\u00e3o R$ 67,70 a mais. A pesquisa foi divulgada nesta quinta-feira, 24 de julho, pela Associa\u00e7\u00e3o Brasileira de Supermercados (Abras). A maior varia\u00e7\u00e3o mensal em 25 anos pertence a novembro de 2022, de 7,24%.<\/p>\n<p>Terminou 2023 com defla\u00e7\u00e3o de 4,22%, maior queda anual registrada desde 2017, quando ficou em -7,05%. O \u00cdndice Nacional de Pre\u00e7os ao Consumidor Amplo (IPCA) encerrou junho em alta de 0,24%. Acumulava aumento de 2,99% no ano e de 5,35% em doze meses.<\/p>\n<p><strong>Varia\u00e7\u00f5es \u2013 <\/strong>Entre as prote\u00ednas animais que mais contribu\u00edram para a desacelera\u00e7\u00e3o no m\u00eas, destacam-se os ovos (-6,58%), a carne bovina corte traseiro (-1,17%) e dianteiro (-0,64%) e o frango congelado (-0,47%). A \u00fanica alta foi registrada no pernil (+0,32%).<\/p>\n<p>No grupo dos produtos b\u00e1sicos, sobressa\u00edram as quedas do arroz (- 3,23%), da farinha de trigo (-0,66%), do \u00f3leo de soja (-0,59%), do feij\u00e3o (-0,49%) e do leite longa vida (-0,25%). No hortifr\u00fati, a batata (-1,90%) e a cebola (-0,13%) registraram queda, enquanto o tomate (+3,25%) pressionou o indicador.<\/p>\n<p>Em higiene e limpeza, o comportamento foi predominantemente de alta, com varia\u00e7\u00f5es no creme dental (+0,09%), xampu (+0,55%), sabonete (+0,71%) e papel higi\u00eanico (+0,82%).<\/p>\n<p>Entre os itens voltados \u00e0 limpeza dom\u00e9stica, os aumentos foram registrados no desinfetante (+1,69%), no sab\u00e3o em p\u00f3 (+0,85%), no detergente l\u00edquido para lou\u00e7as (+0,37%). J\u00e1 o pre\u00e7o da \u00e1gua sanit\u00e1ria (-0,01%) se manteve est\u00e1vel.<\/p>\n<p><strong>B\u00e1sicos \u2013 <\/strong>Na cesta de alimentos b\u00e1sicos (que monitora doze produtos), os pre\u00e7os recuaram 0,48% em junho ap\u00f3s nove meses seguidos de alta \u2013 0,73% em maio, 0,32% em abril, 0,99% em mar\u00e7o, 0,70% em fevereiro, 0,10% em janeiro, 2,03% em dezembro, 2,97% em novembro, 3,31% em outubro e 1,32% em setembro.<\/p>\n<p>Encerrou o primeiro semestre de 2025 em R$ 353,42, alta de 2,37% em rela\u00e7\u00e3o aos R$ 345,23 de dezembro, aporte de R$ 8,19. Em compara\u00e7\u00e3o com os R$ 355,13 de maio \u2013 o valor mais elevado em doze meses \u2013, o desconto chega a R$ 1,71, queda de 0,48%. Em doze meses, s\u00e3o R$ 36,63 a mais que os R$ 316,79 de junho de 2024, alta de 11,56%<\/p>\n<p>Ficaram mais baratos a farinha de trigo (-0,66%), o \u00f3leo de soja (-0,59%), o feij\u00e3o (-0,49%) e o leite longa vida (-0,25%). O arroz lidera as quedas no acumulado do ano, com varia\u00e7\u00e3o de -14,48%, seguido pelo \u00f3leo de soja (-7,45%). Em sentido oposto, registraram alta a margarina cremosa (+1,15%), a farinha de mandioca (+0,95%) e a massa s\u00eamola de espaguete (+0,69%) e o a\u00e7\u00facar refinado (+0,17%).<\/p>\n<p>\u00a0<\/p>\n<p>\u00a0<\/p>\n<p>\u00a0<\/p>\n<p>\u00a0<\/p>\n<p>\u00a0<\/p>\n<\/div>\n<p><br \/>\n<br \/><a href=\"https:\/\/www.tribunaribeirao.com.br\/cesta-abrasmercado-cai-043-em-junho\/\">Source link <\/a><\/p>\n<!-- CONTENT END 1 -->\n","protected":false},"excerpt":{"rendered":"<p>A infla\u00e7\u00e3o medida pela Abrasmercado \u2013 cesta composta por 35 produtos de largo consumo, dentre eles alimentos, bebidas, carnes, produtos de limpeza, itens de higiene&#8230;<\/p>\n","protected":false},"author":1,"featured_media":74617,"comment_status":"open","ping_status":"open","sticky":false,"template":"","format":"standard","meta":{"advanced_seo_description":"","jetpack_seo_html_title":"","jetpack_seo_noindex":false,"jetpack_post_was_ever_published":false,"_jetpack_newsletter_access":"","_jetpack_dont_email_post_to_subs":false,"_jetpack_newsletter_tier_id":0,"_jetpack_memberships_contains_paywalled_content":false,"_jetpack_memberships_contains_paid_content":false,"footnotes":"","jetpack_publicize_message":"","jetpack_publicize_feature_enabled":true,"jetpack_social_post_already_shared":true,"jetpack_social_options":{"image_generator_settings":{"template":"highway","default_image_id":0,"font":"","enabled":false},"version":2}},"categories":[11],"tags":[],"class_list":["post-74616","post","type-post","status-publish","format-standard","has-post-thumbnail","hentry","category-noticias-de-ribeirao-preto-sp-e-regiao-ismael-colosi"],"jetpack_publicize_connections":[],"jetpack_featured_media_url":"https:\/\/i0.wp.com\/noticiasribeiraopreto.com.br\/wp-content\/uploads\/2025\/07\/Abras-Aro-Pixabay.jpg?fit=593%2C851&ssl=1","jetpack-related-posts":[{"id":32650,"url":"https:\/\/noticiasribeiraopreto.com.br\/index.php\/2024\/01\/25\/abrasmercado-tem-deflacao-de-422\/","url_meta":{"origin":74616,"position":0},"title":"Abrasmercado tem defla\u00e7\u00e3o de 4,22% \u00a0","author":"noticiasribeiraopreto.com.br","date":"25 de January de 2024","format":false,"excerpt":"A Abrasmercado \u2013 indicador que mede a varia\u00e7\u00e3o de pre\u00e7os nos supermercados \u2013, cesta composta por 35 produtos de largo consumo, dentre eles alimentos, bebidas, carnes, produtos de limpeza, itens de higiene e beleza, fechou o ano passado com defla\u00e7\u00e3o de 4,22% em doze meses, maior queda anual registrada desde\u2026","rel":"","context":"In &quot;Not\u00edcias de Ribeir\u00e3o Preto-SP e Regi\u00e3o&quot;","block_context":{"text":"Not\u00edcias de Ribeir\u00e3o Preto-SP e Regi\u00e3o","link":"https:\/\/noticiasribeiraopreto.com.br\/index.php\/category\/noticias-de-ribeirao-preto-sp-e-regiao-ismael-colosi\/"},"img":{"alt_text":"","src":"https:\/\/i0.wp.com\/noticiasribeiraopreto.com.br\/wp-content\/uploads\/2024\/01\/Abras-Acu-Alfredo-Risk-scaled.jpg?fit=860%2C645&ssl=1&resize=350%2C200","width":350,"height":200,"srcset":"https:\/\/i0.wp.com\/noticiasribeiraopreto.com.br\/wp-content\/uploads\/2024\/01\/Abras-Acu-Alfredo-Risk-scaled.jpg?fit=860%2C645&ssl=1&resize=350%2C200 1x, https:\/\/i0.wp.com\/noticiasribeiraopreto.com.br\/wp-content\/uploads\/2024\/01\/Abras-Acu-Alfredo-Risk-scaled.jpg?fit=860%2C645&ssl=1&resize=525%2C300 1.5x, https:\/\/i0.wp.com\/noticiasribeiraopreto.com.br\/wp-content\/uploads\/2024\/01\/Abras-Acu-Alfredo-Risk-scaled.jpg?fit=860%2C645&ssl=1&resize=700%2C400 2x"},"classes":[]},{"id":81961,"url":"https:\/\/noticiasribeiraopreto.com.br\/index.php\/2026\/01\/31\/cesta-basica-sobe-e-atinge-r-73101\/","url_meta":{"origin":74616,"position":1},"title":"Cesta b\u00e1sica sobe e atinge R$ 731,01","author":"noticiasribeiraopreto.com.br","date":"31 de January de 2026","format":false,"excerpt":"O pre\u00e7o da cesta b\u00e1sica de alimentos essenciais nos mercados de Ribeir\u00e3o Preto avan\u00e7ou 0,97% em janeiro, terceira alta seguida \u2013 subiu 0,47% em dezembro e 2,10% em novembro, ap\u00f3s sequ\u00eancia de cinco quedas consecutivas: 0,55% em outubro, 1,91% em setembro, 1,46% em agosto, 1,64% em julho e 1,87% em\u2026","rel":"","context":"In &quot;Not\u00edcias de Ribeir\u00e3o Preto-SP e Regi\u00e3o&quot;","block_context":{"text":"Not\u00edcias de Ribeir\u00e3o Preto-SP e Regi\u00e3o","link":"https:\/\/noticiasribeiraopreto.com.br\/index.php\/category\/noticias-de-ribeirao-preto-sp-e-regiao-ismael-colosi\/"},"img":{"alt_text":"","src":"https:\/\/i0.wp.com\/noticiasribeiraopreto.com.br\/wp-content\/uploads\/2026\/01\/CestaRP-Canva-01-scaled.jpg?fit=1200%2C618&ssl=1&resize=350%2C200","width":350,"height":200,"srcset":"https:\/\/i0.wp.com\/noticiasribeiraopreto.com.br\/wp-content\/uploads\/2026\/01\/CestaRP-Canva-01-scaled.jpg?fit=1200%2C618&ssl=1&resize=350%2C200 1x, https:\/\/i0.wp.com\/noticiasribeiraopreto.com.br\/wp-content\/uploads\/2026\/01\/CestaRP-Canva-01-scaled.jpg?fit=1200%2C618&ssl=1&resize=525%2C300 1.5x, https:\/\/i0.wp.com\/noticiasribeiraopreto.com.br\/wp-content\/uploads\/2026\/01\/CestaRP-Canva-01-scaled.jpg?fit=1200%2C618&ssl=1&resize=700%2C400 2x, https:\/\/i0.wp.com\/noticiasribeiraopreto.com.br\/wp-content\/uploads\/2026\/01\/CestaRP-Canva-01-scaled.jpg?fit=1200%2C618&ssl=1&resize=1050%2C600 3x"},"classes":[]},{"id":69039,"url":"https:\/\/noticiasribeiraopreto.com.br\/index.php\/2025\/05\/01\/cesta-abrasmercado-avanca-074-no-mes\/","url_meta":{"origin":74616,"position":2},"title":"Cesta Abrasmercado avan\u00e7a 0,74% no m\u00eas \u00a0","author":"noticiasribeiraopreto.com.br","date":"1 de May de 2025","format":false,"excerpt":"A infla\u00e7\u00e3o medida pela Abrasmercado \u2013 cesta composta por 35 produtos de largo consumo, dentre eles alimentos, bebidas, carnes, produtos de limpeza, itens de higiene e beleza \u2013, que mede a varia\u00e7\u00e3o de pre\u00e7os nos supermercados, acelerou de 0,73% em fevereiro para 0,74% em mar\u00e7o, ap\u00f3s alta de 0,78% em\u2026","rel":"","context":"In &quot;Not\u00edcias de Ribeir\u00e3o Preto-SP e Regi\u00e3o&quot;","block_context":{"text":"Not\u00edcias de Ribeir\u00e3o Preto-SP e Regi\u00e3o","link":"https:\/\/noticiasribeiraopreto.com.br\/index.php\/category\/noticias-de-ribeirao-preto-sp-e-regiao-ismael-colosi\/"},"img":{"alt_text":"","src":"https:\/\/i0.wp.com\/noticiasribeiraopreto.com.br\/wp-content\/uploads\/2025\/05\/Abras-Tom-Pexels.jpg?fit=371%2C500&ssl=1&resize=350%2C200","width":350,"height":200},"classes":[]},{"id":68547,"url":"https:\/\/noticiasribeiraopreto.com.br\/index.php\/2025\/04\/26\/previa-da-inflacao-desacelera-a-043\/","url_meta":{"origin":74616,"position":3},"title":"Pr\u00e9via da infla\u00e7\u00e3o desacelera a 0,43% \u00a0","author":"noticiasribeiraopreto.com.br","date":"26 de April de 2025","format":false,"excerpt":"O \u00cdndice Nacional de Pre\u00e7os ao Consumidor Amplo 15 \u2013 pr\u00e9via da infla\u00e7\u00e3o oficial no pa\u00eds \u2013 desacelerou de 0,64% em mar\u00e7o para 0,43% em abril, 0,21 ponto percentual abaixo ao do m\u00eas anterior, ap\u00f3s registrar taxas de 1,23% em fevereiro, 0,11% em janeiro, 0,34% em dezembro, 0,62% em novembro\u2026","rel":"","context":"In &quot;Not\u00edcias de Ribeir\u00e3o Preto-SP e Regi\u00e3o&quot;","block_context":{"text":"Not\u00edcias de Ribeir\u00e3o Preto-SP e Regi\u00e3o","link":"https:\/\/noticiasribeiraopreto.com.br\/index.php\/category\/noticias-de-ribeirao-preto-sp-e-regiao-ismael-colosi\/"},"img":{"alt_text":"","src":"https:\/\/i0.wp.com\/noticiasribeiraopreto.com.br\/wp-content\/uploads\/2025\/04\/InflaIPCA-Pas-Fernando-Frazao-Ag.Br_-scaled.jpg?fit=800%2C479&ssl=1&resize=350%2C200","width":350,"height":200,"srcset":"https:\/\/i0.wp.com\/noticiasribeiraopreto.com.br\/wp-content\/uploads\/2025\/04\/InflaIPCA-Pas-Fernando-Frazao-Ag.Br_-scaled.jpg?fit=800%2C479&ssl=1&resize=350%2C200 1x, https:\/\/i0.wp.com\/noticiasribeiraopreto.com.br\/wp-content\/uploads\/2025\/04\/InflaIPCA-Pas-Fernando-Frazao-Ag.Br_-scaled.jpg?fit=800%2C479&ssl=1&resize=525%2C300 1.5x, https:\/\/i0.wp.com\/noticiasribeiraopreto.com.br\/wp-content\/uploads\/2025\/04\/InflaIPCA-Pas-Fernando-Frazao-Ag.Br_-scaled.jpg?fit=800%2C479&ssl=1&resize=700%2C400 2x"},"classes":[]},{"id":40172,"url":"https:\/\/noticiasribeiraopreto.com.br\/index.php\/2024\/03\/01\/abrasmercado-tem-inflacao-de-140\/","url_meta":{"origin":74616,"position":4},"title":"Abrasmercado tem infla\u00e7\u00e3o de 1,40% \u00a0","author":"noticiasribeiraopreto.com.br","date":"1 de March de 2024","format":false,"excerpt":"A Abrasmercado \u2013 indicador que mede a varia\u00e7\u00e3o de pre\u00e7os nos supermercados \u2013, cesta composta por 35 produtos de largo consumo, dentre eles alimentos, bebidas, carnes, produtos de limpeza, itens de higiene e beleza, subiu 1,40% na passagem de dezembro para janeiro, de R$ 722,57 para R$ 732,69, acr\u00e9scimo de\u2026","rel":"","context":"In &quot;Not\u00edcias de Ribeir\u00e3o Preto-SP e Regi\u00e3o&quot;","block_context":{"text":"Not\u00edcias de Ribeir\u00e3o Preto-SP e Regi\u00e3o","link":"https:\/\/noticiasribeiraopreto.com.br\/index.php\/category\/noticias-de-ribeirao-preto-sp-e-regiao-ismael-colosi\/"},"img":{"alt_text":"","src":"https:\/\/i0.wp.com\/noticiasribeiraopreto.com.br\/wp-content\/uploads\/2024\/03\/Abras-Pra-Redes-sociais-Reproducao-scaled.jpg?fit=966%2C645&ssl=1&resize=350%2C200","width":350,"height":200,"srcset":"https:\/\/i0.wp.com\/noticiasribeiraopreto.com.br\/wp-content\/uploads\/2024\/03\/Abras-Pra-Redes-sociais-Reproducao-scaled.jpg?fit=966%2C645&ssl=1&resize=350%2C200 1x, https:\/\/i0.wp.com\/noticiasribeiraopreto.com.br\/wp-content\/uploads\/2024\/03\/Abras-Pra-Redes-sociais-Reproducao-scaled.jpg?fit=966%2C645&ssl=1&resize=525%2C300 1.5x, https:\/\/i0.wp.com\/noticiasribeiraopreto.com.br\/wp-content\/uploads\/2024\/03\/Abras-Pra-Redes-sociais-Reproducao-scaled.jpg?fit=966%2C645&ssl=1&resize=700%2C400 2x"},"classes":[]},{"id":70196,"url":"https:\/\/noticiasribeiraopreto.com.br\/index.php\/2025\/05\/23\/inflacao-dos-alimentos-cai-em-ribeirao-preto-veja-os-principais-fatores-dessa-queda\/","url_meta":{"origin":74616,"position":5},"title":"Infla\u00e7\u00e3o dos alimentos cai em Ribeir\u00e3o Preto; veja os principais fatores dessa queda","author":"noticiasribeiraopreto.com.br","date":"23 de May de 2025","format":false,"excerpt":"A pesquisa mensal sobre o custo da cesta b\u00e1sica feita pela Acirp (Associa\u00e7\u00e3o Comercial e Industrial de Ribeir\u00e3o Preto) apontou redu\u00e7\u00e3o na infla\u00e7\u00e3o do pre\u00e7o dos alimentos em Ribeir\u00e3o Preto. O levantamento aponta que em maio de 2025, o valor total m\u00e9dio da cesta b\u00e1sica foi estimado em R$ 746,43\u2026","rel":"","context":"In &quot;Not\u00edcias de Ribeir\u00e3o Preto-SP e Regi\u00e3o&quot;","block_context":{"text":"Not\u00edcias de Ribeir\u00e3o Preto-SP e Regi\u00e3o","link":"https:\/\/noticiasribeiraopreto.com.br\/index.php\/category\/noticias-de-ribeirao-preto-sp-e-regiao-ismael-colosi\/"},"img":{"alt_text":"","src":"https:\/\/i0.wp.com\/noticiasribeiraopreto.com.br\/wp-content\/uploads\/2025\/05\/carne-acougue_2025-05-23_17-04-07.webp.webp?fit=1200%2C800&ssl=1&resize=350%2C200","width":350,"height":200,"srcset":"https:\/\/i0.wp.com\/noticiasribeiraopreto.com.br\/wp-content\/uploads\/2025\/05\/carne-acougue_2025-05-23_17-04-07.webp.webp?fit=1200%2C800&ssl=1&resize=350%2C200 1x, https:\/\/i0.wp.com\/noticiasribeiraopreto.com.br\/wp-content\/uploads\/2025\/05\/carne-acougue_2025-05-23_17-04-07.webp.webp?fit=1200%2C800&ssl=1&resize=525%2C300 1.5x, https:\/\/i0.wp.com\/noticiasribeiraopreto.com.br\/wp-content\/uploads\/2025\/05\/carne-acougue_2025-05-23_17-04-07.webp.webp?fit=1200%2C800&ssl=1&resize=700%2C400 2x, https:\/\/i0.wp.com\/noticiasribeiraopreto.com.br\/wp-content\/uploads\/2025\/05\/carne-acougue_2025-05-23_17-04-07.webp.webp?fit=1200%2C800&ssl=1&resize=1050%2C600 3x"},"classes":[]}],"jetpack_sharing_enabled":true,"jetpack_shortlink":"https:\/\/wp.me\/peQAOb-jpu","_links":{"self":[{"href":"https:\/\/noticiasribeiraopreto.com.br\/index.php\/wp-json\/wp\/v2\/posts\/74616","targetHints":{"allow":["GET"]}}],"collection":[{"href":"https:\/\/noticiasribeiraopreto.com.br\/index.php\/wp-json\/wp\/v2\/posts"}],"about":[{"href":"https:\/\/noticiasribeiraopreto.com.br\/index.php\/wp-json\/wp\/v2\/types\/post"}],"author":[{"embeddable":true,"href":"https:\/\/noticiasribeiraopreto.com.br\/index.php\/wp-json\/wp\/v2\/users\/1"}],"replies":[{"embeddable":true,"href":"https:\/\/noticiasribeiraopreto.com.br\/index.php\/wp-json\/wp\/v2\/comments?post=74616"}],"version-history":[{"count":0,"href":"https:\/\/noticiasribeiraopreto.com.br\/index.php\/wp-json\/wp\/v2\/posts\/74616\/revisions"}],"wp:featuredmedia":[{"embeddable":true,"href":"https:\/\/noticiasribeiraopreto.com.br\/index.php\/wp-json\/wp\/v2\/media\/74617"}],"wp:attachment":[{"href":"https:\/\/noticiasribeiraopreto.com.br\/index.php\/wp-json\/wp\/v2\/media?parent=74616"}],"wp:term":[{"taxonomy":"category","embeddable":true,"href":"https:\/\/noticiasribeiraopreto.com.br\/index.php\/wp-json\/wp\/v2\/categories?post=74616"},{"taxonomy":"post_tag","embeddable":true,"href":"https:\/\/noticiasribeiraopreto.com.br\/index.php\/wp-json\/wp\/v2\/tags?post=74616"}],"curies":[{"name":"wp","href":"https:\/\/api.w.org\/{rel}","templated":true}]}}