{"id":74621,"date":"2025-07-25T18:39:54","date_gmt":"2025-07-25T21:39:54","guid":{"rendered":"https:\/\/noticiasribeiraopreto.com.br\/index.php\/2025\/07\/25\/empresa-inicia-doacao-de-area-proxima-a-marginal-de-avenida-de-ribeirao-preto\/"},"modified":"2025-07-25T18:39:54","modified_gmt":"2025-07-25T21:39:54","slug":"empresa-inicia-doacao-de-area-proxima-a-marginal-de-avenida-de-ribeirao-preto","status":"publish","type":"post","link":"https:\/\/noticiasribeiraopreto.com.br\/index.php\/2025\/07\/25\/empresa-inicia-doacao-de-area-proxima-a-marginal-de-avenida-de-ribeirao-preto\/","title":{"rendered":"Empresa inicia doa\u00e7\u00e3o de \u00e1rea pr\u00f3xima \u00e0 marginal de avenida de Ribeir\u00e3o Preto"},"content":{"rendered":"<div class='code-block code-block-1' style='margin: 8px 0 8px auto; text-align: right; display: block; clear: both;'>\n<p><a href=\"https:\/\/wa.link\/vpicfd\"><img data-recalc-dims=\"1\" class=\"wp-image-4922\" style=\"aspect-ratio: 2.0253164556962027; width: 561px; height: auto;\" src=\"https:\/\/i0.wp.com\/ismaelcolosi.com.br\/wp-content\/uploads\/2023\/11\/grupo-de-empregos-whatsapp-e-facebook-ismael-colosi-vagas.jpg?ssl=1\" alt=\"\" \/><\/a><\/p>\n<!-- \/wp:image -->\n<\/div>\n<p> <br \/>\n<\/p>\n<div>\n<p>A <strong>Swift<\/strong>, marca de alimentos congelados da <strong>JBS<\/strong>, iniciou o processo de doa\u00e7\u00e3o de parte de sua \u00e1rea localizada na <strong>avenida Maur\u00edlio Biagi <\/strong>para <strong><a href=\"https:\/\/www.ribeiraopreto.sp.gov.br\/portal\/\" data-type=\"link\" data-id=\"https:\/\/www.ribeiraopreto.sp.gov.br\/portal\/\" target=\"_blank\" rel=\"noopener\">Prefeitura de Ribeir\u00e3o Preto<\/a><\/strong>. Caso a doa\u00e7\u00e3o seja concretizada, a via marginal da avenida poder\u00e1 ser completamente interligada.<\/p>\n<p>No trecho, atualmente, funciona uma parte do estacionamento da loja da marca. Segundo comunicado da Swift,<mark style=\"background-color:#fcb900\" class=\"has-inline-color has-black-color\"> a efetiva\u00e7\u00e3o da doa\u00e7\u00e3o da \u00e1rea, agora, depende de tr\u00e2mites por parte do Poder P\u00fablico.<\/mark><\/p>\n<p>\u201cCom presen\u00e7a na regi\u00e3o desde os anos 2000, a empresa tem contribu\u00eddo e acompanhado o crescimento e a evolu\u00e7\u00e3o da infraestrutura local\u201d, afirmou.<\/p>\n<h2 class=\"wp-block-heading\"><strong>Viabilidade<\/strong><\/h2>\n<p>J\u00e1 a Prefeitura de Ribeir\u00e3o Preto disse ao<strong> acidade on Ribeir\u00e3o <\/strong>que <mark style=\"background-color:#fcb900\" class=\"has-inline-color has-black-color\">estuda tecnicamente a viabilidade da libera\u00e7\u00e3o do trecho, considerando aspectos de mobilidade urbana, seguran\u00e7a vi\u00e1ria e impacto local<\/mark>.<\/p>\n<p>Lembrando que em 2021, foi assinado um acordo de contrapartida entre a Administra\u00e7\u00e3o Municipal e a Sneek Empreendimentos Imobili\u00e1rios, empresa respons\u00e1vel por um centro de compras nas proximidades, para executar as obras de interliga\u00e7\u00e3o da via marginal da avenida Maur\u00edlio Biagi.<\/p>\n<p>O local fica pr\u00f3ximo das duas pontes que liga as avenidas Le\u00e3o XIII e Carlos Consoni, passando pela avenida Maur\u00edlio Biagi, que ser\u00e3o inauguradas neste s\u00e1bado (26). A obra custou R$ 8,3 milh\u00f5es e foi realizada pela empresa Autem Engenharia Ltda.<\/p>\n<p>SAIBA MAIS<br \/>Vem chuva? Veja previs\u00e3o no \u00faltimo fim de semana de julho em Ribeir\u00e3o Preto<\/p>\n<h2 class=\"wp-block-heading\"><strong>FIQUE ON<\/strong><\/h2>\n<p>Fique ligado em tudo que acontece em Ribeir\u00e3o Preto e regi\u00e3o. Siga os perfis do<strong>\u00a0acidade on\u00a0<\/strong>no<a href=\"https:\/\/www.instagram.com\/acidadeonribeirao\" target=\"_blank\" rel=\"noreferrer noopener\">\u00a0Instagram\u00a0<\/a>e no\u00a0<a href=\"https:\/\/www.facebook.com\/acidadeonribeirao\/\" target=\"_blank\" rel=\"noreferrer noopener\">Facebook.<\/a><\/p>\n<p>Receba not\u00edcias do<strong>\u00a0acidade on<\/strong>\u00a0no WhatsApp.<a href=\"https:\/\/chat.whatsapp.com\/BjKQZ9oJwlz8VVT50NuePq\" target=\"_blank\" rel=\"noreferrer noopener\">\u00a0Para entrar no grupo, basta clicar aqui.<\/a><\/p>\n<p>Fa\u00e7a uma den\u00fancia ou sugira uma reportagem sobre Ribeir\u00e3o Preto e regi\u00e3o pelo WhatsApp: 16 99117 7802.<\/p>\n<p>VEJA TAMB\u00c9M<br \/>O que um copo de suco de uva pode fazer pelo seu corpo?<\/p>\n<p><!-- AI CONTENT END 1 -->\n<\/div>\n<p><script async src=\"\/\/www.instagram.com\/embed.js\"><\/script><br \/>\n<br \/><br \/>\n<br \/><a href=\"https:\/\/www.acidadeon.com\/ribeiraopreto\/politica\/nevio-archibald\/empresa-inicia-doacao-de-area-proxima-a-marginal-de-avenida-de-ribeirao-preto\/\">Source link <\/a><\/p>\n<!-- CONTENT END 1 -->\n","protected":false},"excerpt":{"rendered":"<p>A Swift, marca de alimentos congelados da JBS, iniciou o processo de doa\u00e7\u00e3o de parte de sua \u00e1rea localizada na avenida Maur\u00edlio Biagi para Prefeitura&#8230;<\/p>\n","protected":false},"author":1,"featured_media":74622,"comment_status":"open","ping_status":"open","sticky":false,"template":"","format":"standard","meta":{"advanced_seo_description":"","jetpack_seo_html_title":"","jetpack_seo_noindex":false,"jetpack_post_was_ever_published":false,"_jetpack_newsletter_access":"","_jetpack_dont_email_post_to_subs":false,"_jetpack_newsletter_tier_id":0,"_jetpack_memberships_contains_paywalled_content":false,"_jetpack_memberships_contains_paid_content":false,"footnotes":"","jetpack_publicize_message":"","jetpack_publicize_feature_enabled":true,"jetpack_social_post_already_shared":true,"jetpack_social_options":{"image_generator_settings":{"template":"highway","default_image_id":0,"font":"","enabled":false},"version":2}},"categories":[11],"tags":[],"class_list":["post-74621","post","type-post","status-publish","format-standard","has-post-thumbnail","hentry","category-noticias-de-ribeirao-preto-sp-e-regiao-ismael-colosi"],"jetpack_publicize_connections":[],"jetpack_featured_media_url":"https:\/\/i0.wp.com\/noticiasribeiraopreto.com.br\/wp-content\/uploads\/2025\/07\/estacionamento-swift_2025-07-25_21-07-07.webp.webp?fit=1200%2C760&ssl=1","jetpack-related-posts":[{"id":51188,"url":"https:\/\/noticiasribeiraopreto.com.br\/index.php\/2024\/05\/23\/evento-em-ribeirao-preto-doara-mudas-ornamentais-e-frutiferas-veja-quando\/","url_meta":{"origin":74621,"position":0},"title":"Evento em Ribeir\u00e3o Preto doar\u00e1 mudas ornamentais e frut\u00edferas; Veja quando","author":"noticiasribeiraopreto.com.br","date":"23 de May de 2024","format":false,"excerpt":"A Secretaria do Meio Ambiente de Ribeir\u00e3o Preto vai promover, no domingo (26), uma a\u00e7\u00e3o para doa\u00e7\u00e3o de mudas ornamentais e frut\u00edferas. As doa\u00e7\u00f5es acontecem durante o evento \u201cVem Pra Nove Cultural\u201d, que acontece das 09h \u00e0s 12h, na avenida Nove de Julho. O intuito, de acordo com a Prefeitura,\u2026","rel":"","context":"In &quot;Not\u00edcias de Ribeir\u00e3o Preto-SP e Regi\u00e3o&quot;","block_context":{"text":"Not\u00edcias de Ribeir\u00e3o Preto-SP e Regi\u00e3o","link":"https:\/\/noticiasribeiraopreto.com.br\/index.php\/category\/noticias-de-ribeirao-preto-sp-e-regiao-ismael-colosi\/"},"img":{"alt_text":"","src":"https:\/\/i0.wp.com\/noticiasribeiraopreto.com.br\/wp-content\/uploads\/2024\/05\/distribuicao_de_mudas_-_fotos_fernando_gonzaga_11_2024-05-23_23-08-13_jpg_2024-05-23_23-08-13.webp.webp?fit=1200%2C800&ssl=1&resize=350%2C200","width":350,"height":200,"srcset":"https:\/\/i0.wp.com\/noticiasribeiraopreto.com.br\/wp-content\/uploads\/2024\/05\/distribuicao_de_mudas_-_fotos_fernando_gonzaga_11_2024-05-23_23-08-13_jpg_2024-05-23_23-08-13.webp.webp?fit=1200%2C800&ssl=1&resize=350%2C200 1x, https:\/\/i0.wp.com\/noticiasribeiraopreto.com.br\/wp-content\/uploads\/2024\/05\/distribuicao_de_mudas_-_fotos_fernando_gonzaga_11_2024-05-23_23-08-13_jpg_2024-05-23_23-08-13.webp.webp?fit=1200%2C800&ssl=1&resize=525%2C300 1.5x, https:\/\/i0.wp.com\/noticiasribeiraopreto.com.br\/wp-content\/uploads\/2024\/05\/distribuicao_de_mudas_-_fotos_fernando_gonzaga_11_2024-05-23_23-08-13_jpg_2024-05-23_23-08-13.webp.webp?fit=1200%2C800&ssl=1&resize=700%2C400 2x, https:\/\/i0.wp.com\/noticiasribeiraopreto.com.br\/wp-content\/uploads\/2024\/05\/distribuicao_de_mudas_-_fotos_fernando_gonzaga_11_2024-05-23_23-08-13_jpg_2024-05-23_23-08-13.webp.webp?fit=1200%2C800&ssl=1&resize=1050%2C600 3x"},"classes":[]},{"id":63656,"url":"https:\/\/noticiasribeiraopreto.com.br\/index.php\/2025\/02\/18\/horto-municipal-de-ribeirao-preto-realiza-doacao-de-5-mil-mudas-de-arvores\/","url_meta":{"origin":74621,"position":1},"title":"Horto Municipal de Ribeir\u00e3o Preto realiza doa\u00e7\u00e3o de 5 mil mudas de \u00e1rvores","author":"noticiasribeiraopreto.com.br","date":"18 de February de 2025","format":false,"excerpt":"O Horto Municipal de Ribeir\u00e3o Preto est\u00e1 disponibilizando 5 mil mudas de \u00e1rvores para doa\u00e7\u00e3o. As esp\u00e9cies dispon\u00edveis variam entre ex\u00f3ticas e nativas, frut\u00edferas e para arboriza\u00e7\u00e3o urbana. A a\u00e7\u00e3o faz parte do programa \u201cPlanta A\u00ed Ribeir\u00e3o\u201d, que tem o intuito de reduzir o d\u00e9ficit de \u00e1reas arborizadas na cidade,\u2026","rel":"","context":"In &quot;Not\u00edcias de Ribeir\u00e3o Preto-SP e Regi\u00e3o&quot;","block_context":{"text":"Not\u00edcias de Ribeir\u00e3o Preto-SP e Regi\u00e3o","link":"https:\/\/noticiasribeiraopreto.com.br\/index.php\/category\/noticias-de-ribeirao-preto-sp-e-regiao-ismael-colosi\/"},"img":{"alt_text":"","src":"https:\/\/i0.wp.com\/noticiasribeiraopreto.com.br\/wp-content\/uploads\/2025\/02\/2021_09_18_horto_municipal_-_foto_guilherme_sircili_29_2025-02-18_20-39-58_jpg_2025-02-18_20-39-59.webp.webp?fit=1200%2C800&ssl=1&resize=350%2C200","width":350,"height":200,"srcset":"https:\/\/i0.wp.com\/noticiasribeiraopreto.com.br\/wp-content\/uploads\/2025\/02\/2021_09_18_horto_municipal_-_foto_guilherme_sircili_29_2025-02-18_20-39-58_jpg_2025-02-18_20-39-59.webp.webp?fit=1200%2C800&ssl=1&resize=350%2C200 1x, https:\/\/i0.wp.com\/noticiasribeiraopreto.com.br\/wp-content\/uploads\/2025\/02\/2021_09_18_horto_municipal_-_foto_guilherme_sircili_29_2025-02-18_20-39-58_jpg_2025-02-18_20-39-59.webp.webp?fit=1200%2C800&ssl=1&resize=525%2C300 1.5x, https:\/\/i0.wp.com\/noticiasribeiraopreto.com.br\/wp-content\/uploads\/2025\/02\/2021_09_18_horto_municipal_-_foto_guilherme_sircili_29_2025-02-18_20-39-58_jpg_2025-02-18_20-39-59.webp.webp?fit=1200%2C800&ssl=1&resize=700%2C400 2x, https:\/\/i0.wp.com\/noticiasribeiraopreto.com.br\/wp-content\/uploads\/2025\/02\/2021_09_18_horto_municipal_-_foto_guilherme_sircili_29_2025-02-18_20-39-58_jpg_2025-02-18_20-39-59.webp.webp?fit=1200%2C800&ssl=1&resize=1050%2C600 3x"},"classes":[]},{"id":76075,"url":"https:\/\/noticiasribeiraopreto.com.br\/index.php\/2025\/08\/21\/prefeitura-vai-retomar-area-doada-para-corpo-de-bombeiros-no-distrito-empresarial\/","url_meta":{"origin":74621,"position":2},"title":"Prefeitura vai retomar \u00e1rea doada para Corpo de Bombeiros no Distrito empresarial","author":"noticiasribeiraopreto.com.br","date":"21 de August de 2025","format":false,"excerpt":"21 de agosto de 2025 17:301 Compartilhar0 Projeto de lei que revoga a doa\u00e7\u00e3o de um terreno no Distrito Empresarial foi enviado para a C\u00e2mara nesta quarta-feira; Corpora\u00e7\u00e3o n\u00e3o cumpriu o prazo de tr\u00eas anos para fazer uma base no local A prefeitura de Ribeir\u00e3o Preto decidiu revogar a Lei\u2026","rel":"","context":"In &quot;Not\u00edcias de Ribeir\u00e3o Preto-SP e Regi\u00e3o&quot;","block_context":{"text":"Not\u00edcias de Ribeir\u00e3o Preto-SP e Regi\u00e3o","link":"https:\/\/noticiasribeiraopreto.com.br\/index.php\/category\/noticias-de-ribeirao-preto-sp-e-regiao-ismael-colosi\/"},"img":{"alt_text":"","src":"https:\/\/i0.wp.com\/noticiasribeiraopreto.com.br\/wp-content\/uploads\/2025\/08\/DistritoRP-Dis-Alfredo-Risk-scaled.jpg?fit=800%2C413&ssl=1&resize=350%2C200","width":350,"height":200,"srcset":"https:\/\/i0.wp.com\/noticiasribeiraopreto.com.br\/wp-content\/uploads\/2025\/08\/DistritoRP-Dis-Alfredo-Risk-scaled.jpg?fit=800%2C413&ssl=1&resize=350%2C200 1x, https:\/\/i0.wp.com\/noticiasribeiraopreto.com.br\/wp-content\/uploads\/2025\/08\/DistritoRP-Dis-Alfredo-Risk-scaled.jpg?fit=800%2C413&ssl=1&resize=525%2C300 1.5x, https:\/\/i0.wp.com\/noticiasribeiraopreto.com.br\/wp-content\/uploads\/2025\/08\/DistritoRP-Dis-Alfredo-Risk-scaled.jpg?fit=800%2C413&ssl=1&resize=700%2C400 2x"},"classes":[]},{"id":42629,"url":"https:\/\/noticiasribeiraopreto.com.br\/index.php\/2024\/03\/15\/aprovado-novo-projeto-que-doa-ciane-para-campus-do-ifsp-em-ribeirao-preto\/","url_meta":{"origin":74621,"position":3},"title":"Aprovado novo projeto que doa Cian\u00ea para campus do IFSP em Ribeir\u00e3o Preto","author":"noticiasribeiraopreto.com.br","date":"15 de March de 2024","format":false,"excerpt":"A C\u00e2mara de Ribeir\u00e3o Preto aprovou na \u00faltima quinta-feira (14) o projeto de lei complementar 5\/2024 que autoriza a doa\u00e7\u00e3o da \u00e1rea da antiga Cian\u00ea para constru\u00e7\u00e3o do campus do IFSP (Instituto Federal de Educa\u00e7\u00e3o, Ci\u00eancia e Tecnologia de S\u00e3o Paulo) em Ribeir\u00e3o Preto. A implanta\u00e7\u00e3o do IFSP foi anunciada\u2026","rel":"","context":"In &quot;Not\u00edcias de Ribeir\u00e3o Preto-SP e Regi\u00e3o&quot;","block_context":{"text":"Not\u00edcias de Ribeir\u00e3o Preto-SP e Regi\u00e3o","link":"https:\/\/noticiasribeiraopreto.com.br\/index.php\/category\/noticias-de-ribeirao-preto-sp-e-regiao-ismael-colosi\/"},"img":{"alt_text":"","src":"https:\/\/i0.wp.com\/noticiasribeiraopreto.com.br\/wp-content\/uploads\/2024\/03\/AnyConv.com__CIANE.webp.webp?fit=981%2C545&ssl=1&resize=350%2C200","width":350,"height":200,"srcset":"https:\/\/i0.wp.com\/noticiasribeiraopreto.com.br\/wp-content\/uploads\/2024\/03\/AnyConv.com__CIANE.webp.webp?fit=981%2C545&ssl=1&resize=350%2C200 1x, https:\/\/i0.wp.com\/noticiasribeiraopreto.com.br\/wp-content\/uploads\/2024\/03\/AnyConv.com__CIANE.webp.webp?fit=981%2C545&ssl=1&resize=525%2C300 1.5x, https:\/\/i0.wp.com\/noticiasribeiraopreto.com.br\/wp-content\/uploads\/2024\/03\/AnyConv.com__CIANE.webp.webp?fit=981%2C545&ssl=1&resize=700%2C400 2x"},"classes":[]},{"id":51386,"url":"https:\/\/noticiasribeiraopreto.com.br\/index.php\/2024\/05\/25\/evento-distribuira-mudas-ornamentais-e-frutiferas-em-ribeirao-preto-veja-como-participar\/","url_meta":{"origin":74621,"position":4},"title":"Evento distribuir\u00e1 mudas ornamentais e frut\u00edferas em Ribeir\u00e3o Preto; Veja como participar","author":"noticiasribeiraopreto.com.br","date":"25 de May de 2024","format":false,"excerpt":"Ribeir\u00e3o Preto realiza neste domingo, das 09 \u00e0s 12h, um evento cultural na avenida Nove de Julho, que contar\u00e1 com a distribui\u00e7\u00e3o gratuita de mudas ornamentais e frut\u00edferas. O \u201cVem Pra Nove Cultural\u201d \u00e9 um evento organizado pela Prefeitura de Ribeir\u00e3o Preto e oferece atividades l\u00fadicas, art\u00edsticas, culturais, esportivas, ambientais\u2026","rel":"","context":"In &quot;Not\u00edcias de Ribeir\u00e3o Preto-SP e Regi\u00e3o&quot;","block_context":{"text":"Not\u00edcias de Ribeir\u00e3o Preto-SP e Regi\u00e3o","link":"https:\/\/noticiasribeiraopreto.com.br\/index.php\/category\/noticias-de-ribeirao-preto-sp-e-regiao-ismael-colosi\/"},"img":{"alt_text":"","src":"https:\/\/i0.wp.com\/noticiasribeiraopreto.com.br\/wp-content\/uploads\/2024\/05\/person-transplanting-plants-new-pots_2024-05-25_19-12-58_jpg_2024-05-25_19-13-02-scaled.webp.webp?fit=1200%2C800&ssl=1&resize=350%2C200","width":350,"height":200,"srcset":"https:\/\/i0.wp.com\/noticiasribeiraopreto.com.br\/wp-content\/uploads\/2024\/05\/person-transplanting-plants-new-pots_2024-05-25_19-12-58_jpg_2024-05-25_19-13-02-scaled.webp.webp?fit=1200%2C800&ssl=1&resize=350%2C200 1x, https:\/\/i0.wp.com\/noticiasribeiraopreto.com.br\/wp-content\/uploads\/2024\/05\/person-transplanting-plants-new-pots_2024-05-25_19-12-58_jpg_2024-05-25_19-13-02-scaled.webp.webp?fit=1200%2C800&ssl=1&resize=525%2C300 1.5x, https:\/\/i0.wp.com\/noticiasribeiraopreto.com.br\/wp-content\/uploads\/2024\/05\/person-transplanting-plants-new-pots_2024-05-25_19-12-58_jpg_2024-05-25_19-13-02-scaled.webp.webp?fit=1200%2C800&ssl=1&resize=700%2C400 2x, https:\/\/i0.wp.com\/noticiasribeiraopreto.com.br\/wp-content\/uploads\/2024\/05\/person-transplanting-plants-new-pots_2024-05-25_19-12-58_jpg_2024-05-25_19-13-02-scaled.webp.webp?fit=1200%2C800&ssl=1&resize=1050%2C600 3x"},"classes":[]},{"id":70754,"url":"https:\/\/noticiasribeiraopreto.com.br\/index.php\/2025\/05\/29\/novo-projeto-visa-incentivar-doacao-do-imposto-de-renda-em-ribeirao-preto-veja-os-beneficios\/","url_meta":{"origin":74621,"position":5},"title":"Novo projeto visa incentivar doa\u00e7\u00e3o do Imposto de Renda em Ribeir\u00e3o Preto; Veja os benef\u00edcios","author":"noticiasribeiraopreto.com.br","date":"29 de May de 2025","format":false,"excerpt":"O prefeito de Ribeir\u00e3o Preto, Ricardo Silva (PSD), encaminhou para C\u00e2mara o projeto de lei que cria o Programa Destina Ribeir\u00e3o. A proposta apresentada semana passada tem o objetivo de incentivar a destina\u00e7\u00e3o de parte do Imposto de Renda para fundos sociais de Ribeir\u00e3o Preto \u2013 veja os benef\u00edcios abaixo.\u2026","rel":"","context":"In &quot;Not\u00edcias de Ribeir\u00e3o Preto-SP e Regi\u00e3o&quot;","block_context":{"text":"Not\u00edcias de Ribeir\u00e3o Preto-SP e Regi\u00e3o","link":"https:\/\/noticiasribeiraopreto.com.br\/index.php\/category\/noticias-de-ribeirao-preto-sp-e-regiao-ismael-colosi\/"},"img":{"alt_text":"","src":"https:\/\/i0.wp.com\/noticiasribeiraopreto.com.br\/wp-content\/uploads\/2025\/05\/1748543231_novo_lote_1024x576_22072020125933.jpg?fit=1024%2C575&ssl=1&resize=350%2C200","width":350,"height":200,"srcset":"https:\/\/i0.wp.com\/noticiasribeiraopreto.com.br\/wp-content\/uploads\/2025\/05\/1748543231_novo_lote_1024x576_22072020125933.jpg?fit=1024%2C575&ssl=1&resize=350%2C200 1x, https:\/\/i0.wp.com\/noticiasribeiraopreto.com.br\/wp-content\/uploads\/2025\/05\/1748543231_novo_lote_1024x576_22072020125933.jpg?fit=1024%2C575&ssl=1&resize=525%2C300 1.5x, https:\/\/i0.wp.com\/noticiasribeiraopreto.com.br\/wp-content\/uploads\/2025\/05\/1748543231_novo_lote_1024x576_22072020125933.jpg?fit=1024%2C575&ssl=1&resize=700%2C400 2x"},"classes":[]}],"jetpack_sharing_enabled":true,"jetpack_shortlink":"https:\/\/wp.me\/peQAOb-jpz","_links":{"self":[{"href":"https:\/\/noticiasribeiraopreto.com.br\/index.php\/wp-json\/wp\/v2\/posts\/74621","targetHints":{"allow":["GET"]}}],"collection":[{"href":"https:\/\/noticiasribeiraopreto.com.br\/index.php\/wp-json\/wp\/v2\/posts"}],"about":[{"href":"https:\/\/noticiasribeiraopreto.com.br\/index.php\/wp-json\/wp\/v2\/types\/post"}],"author":[{"embeddable":true,"href":"https:\/\/noticiasribeiraopreto.com.br\/index.php\/wp-json\/wp\/v2\/users\/1"}],"replies":[{"embeddable":true,"href":"https:\/\/noticiasribeiraopreto.com.br\/index.php\/wp-json\/wp\/v2\/comments?post=74621"}],"version-history":[{"count":0,"href":"https:\/\/noticiasribeiraopreto.com.br\/index.php\/wp-json\/wp\/v2\/posts\/74621\/revisions"}],"wp:featuredmedia":[{"embeddable":true,"href":"https:\/\/noticiasribeiraopreto.com.br\/index.php\/wp-json\/wp\/v2\/media\/74622"}],"wp:attachment":[{"href":"https:\/\/noticiasribeiraopreto.com.br\/index.php\/wp-json\/wp\/v2\/media?parent=74621"}],"wp:term":[{"taxonomy":"category","embeddable":true,"href":"https:\/\/noticiasribeiraopreto.com.br\/index.php\/wp-json\/wp\/v2\/categories?post=74621"},{"taxonomy":"post_tag","embeddable":true,"href":"https:\/\/noticiasribeiraopreto.com.br\/index.php\/wp-json\/wp\/v2\/tags?post=74621"}],"curies":[{"name":"wp","href":"https:\/\/api.w.org\/{rel}","templated":true}]}}