{"id":74625,"date":"2025-07-25T18:53:48","date_gmt":"2025-07-25T21:53:48","guid":{"rendered":"https:\/\/noticiasribeiraopreto.com.br\/index.php\/2025\/07\/25\/chuva-de-granizo-atinge-cidade-do-interior-de-sp-veja-video\/"},"modified":"2025-07-25T18:53:48","modified_gmt":"2025-07-25T21:53:48","slug":"chuva-de-granizo-atinge-cidade-do-interior-de-sp-veja-video","status":"publish","type":"post","link":"https:\/\/noticiasribeiraopreto.com.br\/index.php\/2025\/07\/25\/chuva-de-granizo-atinge-cidade-do-interior-de-sp-veja-video\/","title":{"rendered":"Chuva de granizo atinge cidade do interior de SP; veja v\u00eddeo"},"content":{"rendered":"<div class='code-block code-block-1' style='margin: 8px 0 8px auto; text-align: right; display: block; clear: both;'>\n<p><a href=\"https:\/\/wa.link\/vpicfd\"><img data-recalc-dims=\"1\" class=\"wp-image-4922\" style=\"aspect-ratio: 2.0253164556962027; width: 561px; height: auto;\" src=\"https:\/\/i0.wp.com\/ismaelcolosi.com.br\/wp-content\/uploads\/2023\/11\/grupo-de-empregos-whatsapp-e-facebook-ismael-colosi-vagas.jpg?ssl=1\" alt=\"\" \/><\/a><\/p>\n<!-- \/wp:image -->\n<\/div>\n<p> <br \/>\n<\/p>\n<div data-td-block-uid=\"tdi_95\">\n<div class=\"tdb-block-inner td-fix-index\">\n<p>Uma <strong>chuva de granizo<\/strong> surpreendeu moradores de C\u00e1ssia dos Coqueiros, munic\u00edpio localizado <strong>a cerca de 79 km de Ribeir\u00e3o Preto<\/strong>, na tarde desta sexta-feira (25). Ainda n\u00e3o h\u00e1 informa\u00e7\u00f5es sobre danos ou ocorr\u00eancias relacionadas ao fen\u00f4meno.<\/p>\n<h3 class=\"wp-block-heading\"><strong>Veja video:<\/strong><\/h3>\n<blockquote class=\"instagram-media\" data-instgrm-permalink=\"https:\/\/www.instagram.com\/reel\/DMiw5xFPQwY\/?utm_source=ig_embed&amp;utm_campaign=loading\" data-instgrm-version=\"14\" style=\"background:#FFF;border:0;border-radius:3px;margin: 1px;max-width:540px;min-width:326px;padding:0;width:99.375%;width:-webkit-calc(100% - 2px);width:calc(100% - 2px)\"\/>\n<p>O interior de S\u00e3o Paulo tem dois alertas do <a href=\"https:\/\/alertas2.inmet.gov.br\/\" data-type=\"link\" data-id=\"https:\/\/alertas2.inmet.gov.br\/\" target=\"_blank\" rel=\"noopener\">Inmet (Instituto Nacional de Meteorologia)<\/a> v\u00e1lidos para esta sexta-feira: <strong>um de chuvas intensas e outro de baixa umidade<\/strong>. O aviso de chuvas intensas abrange o litoral do estado e as regi\u00f5es de <strong>Bauru<\/strong>, <strong>Piracicaba<\/strong>, <strong>Itapetininga<\/strong>, <strong>Campinas<\/strong>, <strong>Vale do Para\u00edba<\/strong>, <strong>Assis <\/strong>e a <strong>Grande S\u00e3o Paulo.<\/strong><\/p>\n<p>J\u00e1 as regi\u00f5es de <strong>Ribeir\u00e3o Preto<\/strong>, <strong>Presidente Prudente<\/strong>, <strong>S\u00e3o Jos\u00e9 do Rio Preto<\/strong>, <strong>Ara\u00e7atuba<\/strong>, <strong>Araraquara <\/strong>e <strong>Mar\u00edlia <\/strong>est\u00e3o sob alerta de baixa umidade. Os dois avisos seguem v\u00e1lidos at\u00e9 o fim do dia.<\/p>\n<hr class=\"wp-block-separator has-alpha-channel-opacity\"\/>\n<p>SAIBA MAIS<\/p>\n<p>Acidente com 5 ve\u00edculos trava tr\u00e2nsito na Anhanguera na regi\u00e3o de Ribeir\u00e3o Preto; Fotos<\/p>\n<h2 class=\"wp-block-heading\"><strong>FIQUE ON<\/strong><\/h2>\n<p>Quer ficar por dentro de tudo que acontece em Ribeir\u00e3o Preto e regi\u00e3o? Ent\u00e3o siga os perfis do\u202facidade on\u202fno\u202f<a href=\"https:\/\/www.instagram.com\/acidadeonribeirao\" target=\"_blank\" rel=\"noreferrer noopener\">Instagram<\/a>\u202fe no\u202f<a href=\"https:\/\/www.facebook.com\/acidadeonribeirao\/\" target=\"_blank\" rel=\"noreferrer noopener\">Facebook<\/a>.<\/p>\n<p>Al\u00e9m disso, voc\u00ea pode receber as principais not\u00edcias diretamente no WhatsApp. Para isso, basta\u00a0<a href=\"https:\/\/chat.whatsapp.com\/BjKQZ9oJwlz8VVT50NuePq\" target=\"_blank\" rel=\"noreferrer noopener\">entrar no grupo clicando aqui<\/a>.<\/p>\n<p>Por fim, se quiser fazer uma den\u00fancia ou sugerir uma reportagem sobre Ribeir\u00e3o Preto e regi\u00e3o, envie uma mensagem pelo WhatsApp: (16) 99117-7802.<\/p>\n<p>VEJA TAMB\u00c9M<\/p>\n<p>Qual o hor\u00e1rio em que celulares s\u00e3o mais furtados?<\/p>\n<p><!-- AI CONTENT END 1 -->\n<\/div>\n<\/div>\n<p><script async src=\"\/\/www.instagram.com\/embed.js\"><\/script><br \/>\n<br \/><br \/>\n<br \/><a href=\"https:\/\/www.acidadeon.com\/ribeiraopreto\/cotidiano\/chuva-de-granizo-atinge-cidade-do-interior-de-sp-veja-video\/\">Source link <\/a><\/p>\n<!-- CONTENT END 1 -->\n","protected":false},"excerpt":{"rendered":"<p>Uma chuva de granizo surpreendeu moradores de C\u00e1ssia dos Coqueiros, munic\u00edpio localizado a cerca de 79 km de Ribeir\u00e3o Preto, na tarde desta sexta-feira (25)&#8230;.<\/p>\n","protected":false},"author":1,"featured_media":74626,"comment_status":"open","ping_status":"open","sticky":false,"template":"","format":"standard","meta":{"advanced_seo_description":"","jetpack_seo_html_title":"","jetpack_seo_noindex":false,"jetpack_post_was_ever_published":false,"_jetpack_newsletter_access":"","_jetpack_dont_email_post_to_subs":false,"_jetpack_newsletter_tier_id":0,"_jetpack_memberships_contains_paywalled_content":false,"_jetpack_memberships_contains_paid_content":false,"footnotes":"","jetpack_publicize_message":"","jetpack_publicize_feature_enabled":true,"jetpack_social_post_already_shared":true,"jetpack_social_options":{"image_generator_settings":{"template":"highway","default_image_id":0,"font":"","enabled":false},"version":2}},"categories":[11],"tags":[],"class_list":["post-74625","post","type-post","status-publish","format-standard","has-post-thumbnail","hentry","category-noticias-de-ribeirao-preto-sp-e-regiao-ismael-colosi"],"jetpack_publicize_connections":[],"jetpack_featured_media_url":"https:\/\/i0.wp.com\/noticiasribeiraopreto.com.br\/wp-content\/uploads\/2025\/07\/Copia-de-Copia-de-Copia-de-TAMANHO-EXATO-PARA-FOTOS-NO-SISTEMA-NOVO-2025-07-25T170026.464_2025-07-25_20-00-44.webp.webp?fit=1200%2C675&ssl=1","jetpack-related-posts":[{"id":62747,"url":"https:\/\/noticiasribeiraopreto.com.br\/index.php\/2025\/01\/23\/interior-de-sao-paulo-registra-chuva-de-granizo-veja-video\/","url_meta":{"origin":74625,"position":0},"title":"Interior de S\u00e3o Paulo registra chuva de granizo; Veja v\u00eddeo","author":"noticiasribeiraopreto.com.br","date":"23 de January de 2025","format":false,"excerpt":"Moradores de Franca, no interior de S\u00e3o Paulo, registraram chuva de granizo no in\u00edcio da tarde desta quinta-feira (23) \u2013 veja o v\u00eddeo. Chove em diversas cidades da regi\u00e3o, incluindo Ribeir\u00e3o Preto. Ver essa foto no Instagram Uma publica\u00e7\u00e3o compartilhada por acidade on Ribeir\u00e3o (@acidadeonribeirao) Todo o interior de S\u00e3o\u2026","rel":"","context":"In &quot;Not\u00edcias de Ribeir\u00e3o Preto-SP e Regi\u00e3o&quot;","block_context":{"text":"Not\u00edcias de Ribeir\u00e3o Preto-SP e Regi\u00e3o","link":"https:\/\/noticiasribeiraopreto.com.br\/index.php\/category\/noticias-de-ribeirao-preto-sp-e-regiao-ismael-colosi\/"},"img":{"alt_text":"","src":"https:\/\/i0.wp.com\/noticiasribeiraopreto.com.br\/wp-content\/uploads\/2025\/01\/granizo-chuva_2025-01-23_16-21-47_jpeg_2025-01-23_16-21-47.webp.webp?fit=1200%2C675&ssl=1&resize=350%2C200","width":350,"height":200,"srcset":"https:\/\/i0.wp.com\/noticiasribeiraopreto.com.br\/wp-content\/uploads\/2025\/01\/granizo-chuva_2025-01-23_16-21-47_jpeg_2025-01-23_16-21-47.webp.webp?fit=1200%2C675&ssl=1&resize=350%2C200 1x, https:\/\/i0.wp.com\/noticiasribeiraopreto.com.br\/wp-content\/uploads\/2025\/01\/granizo-chuva_2025-01-23_16-21-47_jpeg_2025-01-23_16-21-47.webp.webp?fit=1200%2C675&ssl=1&resize=525%2C300 1.5x, https:\/\/i0.wp.com\/noticiasribeiraopreto.com.br\/wp-content\/uploads\/2025\/01\/granizo-chuva_2025-01-23_16-21-47_jpeg_2025-01-23_16-21-47.webp.webp?fit=1200%2C675&ssl=1&resize=700%2C400 2x, https:\/\/i0.wp.com\/noticiasribeiraopreto.com.br\/wp-content\/uploads\/2025\/01\/granizo-chuva_2025-01-23_16-21-47_jpeg_2025-01-23_16-21-47.webp.webp?fit=1200%2C675&ssl=1&resize=1050%2C600 3x"},"classes":[]},{"id":5503,"url":"https:\/\/noticiasribeiraopreto.com.br\/index.php\/2023\/11\/23\/interior-de-sp-segue-com-alerta-de-chuva-com-ventos-intensos-e-granizo-veja-os-locais\/","url_meta":{"origin":74625,"position":1},"title":"Interior de SP segue com alerta de chuva com ventos intensos e granizo; Veja os locais","author":"noticiasribeiraopreto.com.br","date":"23 de November de 2023","format":false,"excerpt":"O Inmet (Instituto Nacional de Meteorologia) publicou um alerta de \u201cperigo\u201d para tempestade com ventos intensos e possibilidade de granizo no interior de S\u00e3o Paulo. A Defesa Civil estadual tamb\u00e9m publicou um aviso para chuva intensa para S\u00e3o Paulo nos pr\u00f3ximos dias. O aviso do Inmet \u00e9 v\u00e1lido at\u00e9 as\u2026","rel":"","context":"In &quot;Not\u00edcias de Ribeir\u00e3o Preto-SP e Regi\u00e3o&quot;","block_context":{"text":"Not\u00edcias de Ribeir\u00e3o Preto-SP e Regi\u00e3o","link":"https:\/\/noticiasribeiraopreto.com.br\/index.php\/category\/noticias-de-ribeirao-preto-sp-e-regiao-ismael-colosi\/"},"img":{"alt_text":"","src":"https:\/\/i0.wp.com\/noticiasribeiraopreto.com.br\/wp-content\/uploads\/2023\/11\/chuva_temporal_1024x576_07012021130023.jpg?fit=1024%2C575&ssl=1&resize=350%2C200","width":350,"height":200,"srcset":"https:\/\/i0.wp.com\/noticiasribeiraopreto.com.br\/wp-content\/uploads\/2023\/11\/chuva_temporal_1024x576_07012021130023.jpg?fit=1024%2C575&ssl=1&resize=350%2C200 1x, https:\/\/i0.wp.com\/noticiasribeiraopreto.com.br\/wp-content\/uploads\/2023\/11\/chuva_temporal_1024x576_07012021130023.jpg?fit=1024%2C575&ssl=1&resize=525%2C300 1.5x, https:\/\/i0.wp.com\/noticiasribeiraopreto.com.br\/wp-content\/uploads\/2023\/11\/chuva_temporal_1024x576_07012021130023.jpg?fit=1024%2C575&ssl=1&resize=700%2C400 2x"},"classes":[]},{"id":63457,"url":"https:\/\/noticiasribeiraopreto.com.br\/index.php\/2025\/02\/13\/regiao-de-ribeirao-preto-registra-chuva-de-granizo-veja-video-2\/","url_meta":{"origin":74625,"position":2},"title":"Regi\u00e3o de Ribeir\u00e3o Preto registra chuva de granizo; veja video","author":"noticiasribeiraopreto.com.br","date":"13 de February de 2025","format":false,"excerpt":"Na tarde desta quinta-feira (6), moradores de Batatais, na regi\u00e3ode Ribeir\u00e3o Preto registraram uma r\u00e1pida chuva de granizo na cidade. O\u00a0fen\u00f4meno \u00e9 causado por uma queda brusca de temperatura na atmosfera, que congela as gotas de \u00e1gua dentro das nuvens. Essas nuvens se formam em \u00e1reas quentes e \u00famidas. Veja\u2026","rel":"","context":"In &quot;Not\u00edcias de Ribeir\u00e3o Preto-SP e Regi\u00e3o&quot;","block_context":{"text":"Not\u00edcias de Ribeir\u00e3o Preto-SP e Regi\u00e3o","link":"https:\/\/noticiasribeiraopreto.com.br\/index.php\/category\/noticias-de-ribeirao-preto-sp-e-regiao-ismael-colosi\/"},"img":{"alt_text":"","src":"https:\/\/i0.wp.com\/noticiasribeiraopreto.com.br\/wp-content\/uploads\/2025\/02\/chuva_2025-02-13_19-18-28_png_2025-02-13_19-18-28.webp.webp?fit=1200%2C675&ssl=1&resize=350%2C200","width":350,"height":200,"srcset":"https:\/\/i0.wp.com\/noticiasribeiraopreto.com.br\/wp-content\/uploads\/2025\/02\/chuva_2025-02-13_19-18-28_png_2025-02-13_19-18-28.webp.webp?fit=1200%2C675&ssl=1&resize=350%2C200 1x, https:\/\/i0.wp.com\/noticiasribeiraopreto.com.br\/wp-content\/uploads\/2025\/02\/chuva_2025-02-13_19-18-28_png_2025-02-13_19-18-28.webp.webp?fit=1200%2C675&ssl=1&resize=525%2C300 1.5x, https:\/\/i0.wp.com\/noticiasribeiraopreto.com.br\/wp-content\/uploads\/2025\/02\/chuva_2025-02-13_19-18-28_png_2025-02-13_19-18-28.webp.webp?fit=1200%2C675&ssl=1&resize=700%2C400 2x, https:\/\/i0.wp.com\/noticiasribeiraopreto.com.br\/wp-content\/uploads\/2025\/02\/chuva_2025-02-13_19-18-28_png_2025-02-13_19-18-28.webp.webp?fit=1200%2C675&ssl=1&resize=1050%2C600 3x"},"classes":[]},{"id":78767,"url":"https:\/\/noticiasribeiraopreto.com.br\/index.php\/2025\/10\/17\/granizo-ventos-fortes-e-queda-de-temperatura-veja-o-alerta-da-defesa-civil-para-o-interior-de-sp\/","url_meta":{"origin":74625,"position":3},"title":"Granizo, ventos fortes e queda de temperatura: Veja o alerta da Defesa Civil para o interior de SP","author":"noticiasribeiraopreto.com.br","date":"17 de October de 2025","format":false,"excerpt":"A Defesa Civil do Estado de S\u00e3o Paulo emitiu alerta para chuvas de granizo, ventos fortes e queda na temperatura no interior de SP entre a noite desta sexta-feira (17) e o domingo (19). O aviso indica ocorr\u00eancia de raios, rajadas de vento e granizo isolado. No interior paulista, as\u2026","rel":"","context":"In &quot;Not\u00edcias de Ribeir\u00e3o Preto-SP e Regi\u00e3o&quot;","block_context":{"text":"Not\u00edcias de Ribeir\u00e3o Preto-SP e Regi\u00e3o","link":"https:\/\/noticiasribeiraopreto.com.br\/index.php\/category\/noticias-de-ribeirao-preto-sp-e-regiao-ismael-colosi\/"},"img":{"alt_text":"","src":"https:\/\/i0.wp.com\/noticiasribeiraopreto.com.br\/wp-content\/uploads\/2025\/10\/chuva_temporal_1024x576_07012021130023_2024-10-24_18-15-47_jpg_2024-10-24_18-15-47.webp.webp?fit=1024%2C575&ssl=1&resize=350%2C200","width":350,"height":200,"srcset":"https:\/\/i0.wp.com\/noticiasribeiraopreto.com.br\/wp-content\/uploads\/2025\/10\/chuva_temporal_1024x576_07012021130023_2024-10-24_18-15-47_jpg_2024-10-24_18-15-47.webp.webp?fit=1024%2C575&ssl=1&resize=350%2C200 1x, https:\/\/i0.wp.com\/noticiasribeiraopreto.com.br\/wp-content\/uploads\/2025\/10\/chuva_temporal_1024x576_07012021130023_2024-10-24_18-15-47_jpg_2024-10-24_18-15-47.webp.webp?fit=1024%2C575&ssl=1&resize=525%2C300 1.5x, https:\/\/i0.wp.com\/noticiasribeiraopreto.com.br\/wp-content\/uploads\/2025\/10\/chuva_temporal_1024x576_07012021130023_2024-10-24_18-15-47_jpg_2024-10-24_18-15-47.webp.webp?fit=1024%2C575&ssl=1&resize=700%2C400 2x"},"classes":[]},{"id":81664,"url":"https:\/\/noticiasribeiraopreto.com.br\/index.php\/2026\/01\/13\/chuva-de-granizo-e-registrada-na-regiao-de-ribeirao-preto\/","url_meta":{"origin":74625,"position":4},"title":"Chuva de granizo \u00e9 registrada na regi\u00e3o de Ribeir\u00e3o Preto","author":"noticiasribeiraopreto.com.br","date":"13 de January de 2026","format":false,"excerpt":"Franca, na regi\u00e3o de Ribeir\u00e3o Preto, registrou chuva de granizo na tarde desta segunda-feira (12). O fen\u00f4meno ocorreu durante uma pancada de chuva e foi registrado por moradores. Veja v\u00eddeo: Franca, na regi\u00e3o de Ribeir\u00e3o Preto, registrou chuva de granizo na tarde desta segunda-feira (12). O fen\u00f4meno ocorreu durante uma\u2026","rel":"","context":"In &quot;Not\u00edcias de Ribeir\u00e3o Preto-SP e Regi\u00e3o&quot;","block_context":{"text":"Not\u00edcias de Ribeir\u00e3o Preto-SP e Regi\u00e3o","link":"https:\/\/noticiasribeiraopreto.com.br\/index.php\/category\/noticias-de-ribeirao-preto-sp-e-regiao-ismael-colosi\/"},"img":{"alt_text":"","src":"https:\/\/i0.wp.com\/noticiasribeiraopreto.com.br\/wp-content\/uploads\/2026\/01\/image_2026-01-12_19-53-01.webp.webp?fit=1200%2C675&ssl=1&resize=350%2C200","width":350,"height":200,"srcset":"https:\/\/i0.wp.com\/noticiasribeiraopreto.com.br\/wp-content\/uploads\/2026\/01\/image_2026-01-12_19-53-01.webp.webp?fit=1200%2C675&ssl=1&resize=350%2C200 1x, https:\/\/i0.wp.com\/noticiasribeiraopreto.com.br\/wp-content\/uploads\/2026\/01\/image_2026-01-12_19-53-01.webp.webp?fit=1200%2C675&ssl=1&resize=525%2C300 1.5x, https:\/\/i0.wp.com\/noticiasribeiraopreto.com.br\/wp-content\/uploads\/2026\/01\/image_2026-01-12_19-53-01.webp.webp?fit=1200%2C675&ssl=1&resize=700%2C400 2x, https:\/\/i0.wp.com\/noticiasribeiraopreto.com.br\/wp-content\/uploads\/2026\/01\/image_2026-01-12_19-53-01.webp.webp?fit=1200%2C675&ssl=1&resize=1050%2C600 3x"},"classes":[]},{"id":63261,"url":"https:\/\/noticiasribeiraopreto.com.br\/index.php\/2025\/02\/07\/interior-de-sp-tem-alerta-de-tempestade-e-queda-de-granizo-veja-onde\/","url_meta":{"origin":74625,"position":5},"title":"Interior de SP tem alerta de tempestade e queda de granizo; veja onde","author":"noticiasribeiraopreto.com.br","date":"7 de February de 2025","format":false,"excerpt":"Na tarde desta sexta-feira (7), o Instituto Nacional de Meteorologia (Inmet), publicou um alerta de tempestade, ventos fortes e queda de granizo para algumas cidades do interior de S\u00e3o Paulo. De acordo com o comunicado, as regi\u00f5es podem chuva entre 30 e 60 mil\u00edmetros por hora ou 50 e 100\u2026","rel":"","context":"In &quot;Not\u00edcias de Ribeir\u00e3o Preto-SP e Regi\u00e3o&quot;","block_context":{"text":"Not\u00edcias de Ribeir\u00e3o Preto-SP e Regi\u00e3o","link":"https:\/\/noticiasribeiraopreto.com.br\/index.php\/category\/noticias-de-ribeirao-preto-sp-e-regiao-ismael-colosi\/"},"img":{"alt_text":"","src":"https:\/\/i0.wp.com\/noticiasribeiraopreto.com.br\/wp-content\/uploads\/2025\/02\/chuva-ribeirao-preto-2_2025-02-02_20-25-14_jpeg_2025-02-02_20-25-14.webp.webp?fit=1166%2C874&ssl=1&resize=350%2C200","width":350,"height":200,"srcset":"https:\/\/i0.wp.com\/noticiasribeiraopreto.com.br\/wp-content\/uploads\/2025\/02\/chuva-ribeirao-preto-2_2025-02-02_20-25-14_jpeg_2025-02-02_20-25-14.webp.webp?fit=1166%2C874&ssl=1&resize=350%2C200 1x, https:\/\/i0.wp.com\/noticiasribeiraopreto.com.br\/wp-content\/uploads\/2025\/02\/chuva-ribeirao-preto-2_2025-02-02_20-25-14_jpeg_2025-02-02_20-25-14.webp.webp?fit=1166%2C874&ssl=1&resize=525%2C300 1.5x, https:\/\/i0.wp.com\/noticiasribeiraopreto.com.br\/wp-content\/uploads\/2025\/02\/chuva-ribeirao-preto-2_2025-02-02_20-25-14_jpeg_2025-02-02_20-25-14.webp.webp?fit=1166%2C874&ssl=1&resize=700%2C400 2x, https:\/\/i0.wp.com\/noticiasribeiraopreto.com.br\/wp-content\/uploads\/2025\/02\/chuva-ribeirao-preto-2_2025-02-02_20-25-14_jpeg_2025-02-02_20-25-14.webp.webp?fit=1166%2C874&ssl=1&resize=1050%2C600 3x"},"classes":[]}],"jetpack_sharing_enabled":true,"jetpack_shortlink":"https:\/\/wp.me\/peQAOb-jpD","_links":{"self":[{"href":"https:\/\/noticiasribeiraopreto.com.br\/index.php\/wp-json\/wp\/v2\/posts\/74625","targetHints":{"allow":["GET"]}}],"collection":[{"href":"https:\/\/noticiasribeiraopreto.com.br\/index.php\/wp-json\/wp\/v2\/posts"}],"about":[{"href":"https:\/\/noticiasribeiraopreto.com.br\/index.php\/wp-json\/wp\/v2\/types\/post"}],"author":[{"embeddable":true,"href":"https:\/\/noticiasribeiraopreto.com.br\/index.php\/wp-json\/wp\/v2\/users\/1"}],"replies":[{"embeddable":true,"href":"https:\/\/noticiasribeiraopreto.com.br\/index.php\/wp-json\/wp\/v2\/comments?post=74625"}],"version-history":[{"count":0,"href":"https:\/\/noticiasribeiraopreto.com.br\/index.php\/wp-json\/wp\/v2\/posts\/74625\/revisions"}],"wp:featuredmedia":[{"embeddable":true,"href":"https:\/\/noticiasribeiraopreto.com.br\/index.php\/wp-json\/wp\/v2\/media\/74626"}],"wp:attachment":[{"href":"https:\/\/noticiasribeiraopreto.com.br\/index.php\/wp-json\/wp\/v2\/media?parent=74625"}],"wp:term":[{"taxonomy":"category","embeddable":true,"href":"https:\/\/noticiasribeiraopreto.com.br\/index.php\/wp-json\/wp\/v2\/categories?post=74625"},{"taxonomy":"post_tag","embeddable":true,"href":"https:\/\/noticiasribeiraopreto.com.br\/index.php\/wp-json\/wp\/v2\/tags?post=74625"}],"curies":[{"name":"wp","href":"https:\/\/api.w.org\/{rel}","templated":true}]}}