{"id":74627,"date":"2025-07-25T19:00:10","date_gmt":"2025-07-25T22:00:10","guid":{"rendered":"https:\/\/noticiasribeiraopreto.com.br\/index.php\/2025\/07\/25\/massa-de-ar-polar-tem-data-para-chegar-ao-interior-de-sp-estado-tem-alerta\/"},"modified":"2025-07-25T19:00:10","modified_gmt":"2025-07-25T22:00:10","slug":"massa-de-ar-polar-tem-data-para-chegar-ao-interior-de-sp-estado-tem-alerta","status":"publish","type":"post","link":"https:\/\/noticiasribeiraopreto.com.br\/index.php\/2025\/07\/25\/massa-de-ar-polar-tem-data-para-chegar-ao-interior-de-sp-estado-tem-alerta\/","title":{"rendered":"Massa de ar polar tem data para chegar ao interior de SP; estado tem alerta"},"content":{"rendered":"<div class='code-block code-block-1' style='margin: 8px 0 8px auto; text-align: right; display: block; clear: both;'>\n<p><a href=\"https:\/\/wa.link\/vpicfd\"><img data-recalc-dims=\"1\" class=\"wp-image-4922\" style=\"aspect-ratio: 2.0253164556962027; width: 561px; height: auto;\" src=\"https:\/\/i0.wp.com\/ismaelcolosi.com.br\/wp-content\/uploads\/2023\/11\/grupo-de-empregos-whatsapp-e-facebook-ismael-colosi-vagas.jpg?ssl=1\" alt=\"\" \/><\/a><\/p>\n<!-- \/wp:image -->\n<\/div>\n<p> <br \/>\n<\/p>\n<div>\n<p>Al\u00e9m da <strong>frente fria<\/strong> que come\u00e7ou a se aproximar nos \u00faltimos dias, uma <strong>massa de ar polar<\/strong> ganhou data para chegar ao <strong>interior de S\u00e3o Paulo<\/strong>. O fen\u00f4meno deve atingir 12 estados brasileiros, incluindo<strong> S\u00e3o Paulo<\/strong>, <mark style=\"background-color:#fcb900\" class=\"has-inline-color has-black-color\">a partir da pr\u00f3xima segunda-feira (28)<\/mark>, segundo o site <strong><a href=\"https:\/\/www.tempo.com\/noticias\/previsao\/massa-de-ar-polar-atinge-12-estados-no-inicio-da-semana-alerta-de-geadas-e-frio-intenso-confira-a-lista.html\" data-type=\"link\" data-id=\"https:\/\/www.tempo.com\/noticias\/previsao\/massa-de-ar-polar-atinge-12-estados-no-inicio-da-semana-alerta-de-geadas-e-frio-intenso-confira-a-lista.html\" target=\"_blank\" rel=\"noopener\">Meteored<\/a><\/strong>.<\/p>\n<p>\u201c[\u2026] o sistema vai manter as temperaturas mais amenas, al\u00e9m de elevar as chances de geadas nos munic\u00edpios com maiores altitudes\u201d, informa. Segundo os meteorologistas, o ar frio avan\u00e7a pelo Pa\u00eds na tarde de segunda-feira.<\/p>\n<p>Al\u00e9m disso, o amanhecer ser\u00e1 com temperaturas amenas em algumas \u00e1reas de S\u00e3o Paulo. Em <strong>Ribeir\u00e3o Preto<\/strong>, por exemplo, a temperatura m\u00ednima prevista para quarta-feira (30), \u00e9 de 12\u00b0C, com m\u00e1xima de 27\u00b0C, conforme a <strong><a href=\"https:\/\/www.climatempo.com.br\/previsao-do-tempo\/15-dias\/cidade\/530\/ribeiraopreto-sp\" data-type=\"link\" data-id=\"https:\/\/www.climatempo.com.br\/previsao-do-tempo\/15-dias\/cidade\/530\/ribeiraopreto-sp\" target=\"_blank\" rel=\"noopener\">Climatempo<\/a><\/strong>. Antes, na ter\u00e7a-feira (29), a m\u00e1xima prevista \u00e9 de 26\u00b0C.<\/p>\n<p>\u201cAs temperaturas n\u00e3o diminuem muito, mas a presen\u00e7a do ar gelado, deixa uma sensa\u00e7\u00e3o de frio nessas \u00e1reas\u201d, apontam os meteorologistas.<\/p>\n<h2 class=\"wp-block-heading\"><strong>Alertas no interior de SP<\/strong><\/h2>\n<p>Enquanto isso, o interior de S\u00e3o Paulo tem dois alertas do<strong> Inmet (Instituto Nacional de Meteorologia) <\/strong>para esta sexta-feira (25): um de chuvas intensas e outro de baixa umidade.<\/p>\n<p><a href=\"https:\/\/alertas2.inmet.gov.br\/51105\" data-type=\"link\" data-id=\"https:\/\/alertas2.inmet.gov.br\/51105\" target=\"_blank\" rel=\"noopener\">O alerta de chuvas intensas <\/a>\u00e9 v\u00e1lido para o litoral do estado e as regi\u00f5es de Bauru, Piracicaba, Itapetininga, Campinas, Vale do Para\u00edba, Assis, al\u00e9m da Grande S\u00e3o Paulo.<\/p>\n<p>J\u00e1 para as regi\u00f5es de Ribeir\u00e3o Preto, Presidente Prudente, S\u00e3o Jos\u00e9 do Rio Preto, Ara\u00e7atuba, Araraquara e Mar\u00edlia contam com um <a href=\"https:\/\/alertas2.inmet.gov.br\/51103\" data-type=\"link\" data-id=\"https:\/\/alertas2.inmet.gov.br\/51103\" target=\"_blank\" rel=\"noopener\">alerta de baixa umidade<\/a>. Os dois avisos s\u00e3o v\u00e1lidos at\u00e9 o final do dia.<\/p>\n<p>SAIBA MAIS<br \/>Vem chuva? Veja previs\u00e3o no \u00faltimo fim de semana de julho em Ribeir\u00e3o Preto<\/p>\n<h2 class=\"wp-block-heading\"><strong>FIQUE ON<\/strong><\/h2>\n<p>Fique ligado em tudo que acontece em Ribeir\u00e3o Preto e regi\u00e3o. Siga os perfis do<strong>\u00a0acidade on\u00a0<\/strong>no<a href=\"https:\/\/www.instagram.com\/acidadeonribeirao\" target=\"_blank\" rel=\"noreferrer noopener\">\u00a0Instagram\u00a0<\/a>e no\u00a0<a href=\"https:\/\/www.facebook.com\/acidadeonribeirao\/\" target=\"_blank\" rel=\"noreferrer noopener\">Facebook.<\/a><\/p>\n<p>Receba not\u00edcias do<strong>\u00a0acidade on<\/strong>\u00a0no WhatsApp.<a href=\"https:\/\/chat.whatsapp.com\/BjKQZ9oJwlz8VVT50NuePq\" target=\"_blank\" rel=\"noreferrer noopener\">\u00a0Para entrar no grupo, basta clicar aqui.<\/a><\/p>\n<p>Fa\u00e7a uma den\u00fancia ou sugira uma reportagem sobre Ribeir\u00e3o Preto e regi\u00e3o pelo WhatsApp: 16 99117 7802.<\/p>\n<p>VEJA TAMB\u00c9M<br \/>O que um copo de suco de uva pode fazer pelo seu corpo?<\/p>\n<p><!-- AI CONTENT END 1 -->\n<\/div>\n<p><script async src=\"\/\/www.instagram.com\/embed.js\"><\/script><br \/>\n<br \/><br \/>\n<br \/><a href=\"https:\/\/www.acidadeon.com\/ribeiraopreto\/cotidiano\/massa-de-ar-polar-tem-data-para-chegar-ao-interior-de-sp-estado-tem-alerta\/\">Source link <\/a><\/p>\n<!-- CONTENT END 1 -->\n","protected":false},"excerpt":{"rendered":"<p>Al\u00e9m da frente fria que come\u00e7ou a se aproximar nos \u00faltimos dias, uma massa de ar polar ganhou data para chegar ao interior de S\u00e3o&#8230;<\/p>\n","protected":false},"author":1,"featured_media":73436,"comment_status":"open","ping_status":"open","sticky":false,"template":"","format":"standard","meta":{"advanced_seo_description":"","jetpack_seo_html_title":"","jetpack_seo_noindex":false,"jetpack_post_was_ever_published":false,"_jetpack_newsletter_access":"","_jetpack_dont_email_post_to_subs":false,"_jetpack_newsletter_tier_id":0,"_jetpack_memberships_contains_paywalled_content":false,"_jetpack_memberships_contains_paid_content":false,"footnotes":"","jetpack_publicize_message":"","jetpack_publicize_feature_enabled":true,"jetpack_social_post_already_shared":true,"jetpack_social_options":{"image_generator_settings":{"template":"highway","default_image_id":0,"font":"","enabled":false},"version":2}},"categories":[11],"tags":[],"class_list":["post-74627","post","type-post","status-publish","format-standard","has-post-thumbnail","hentry","category-noticias-de-ribeirao-preto-sp-e-regiao-ismael-colosi"],"jetpack_publicize_connections":[],"jetpack_featured_media_url":"https:\/\/i0.wp.com\/noticiasribeiraopreto.com.br\/wp-content\/uploads\/2025\/07\/AnyConv.com__onda-de-frio_2024-07-05_16-31-44.webp.webp?fit=2000%2C1333&ssl=1","jetpack-related-posts":[{"id":74167,"url":"https:\/\/noticiasribeiraopreto.com.br\/index.php\/2025\/07\/17\/nova-massa-de-ar-frio-tem-data-para-chegar-ao-estado-de-sp-veja-quando\/","url_meta":{"origin":74627,"position":0},"title":"Nova massa de ar frio tem data para chegar ao estado de SP; Veja quando","author":"noticiasribeiraopreto.com.br","date":"17 de July de 2025","format":false,"excerpt":"Uma nova massa de ar frio de origem polar dever\u00e1 avan\u00e7ar sobre o pa\u00eds nos pr\u00f3ximos dias. Uma queda na temperatura est\u00e1 prevista at\u00e9 no Norte, em estados como Rond\u00f4nia e Acre. Segundo a meteorologista da Climatempo Jos\u00e9lia Pegorim, essa massa de ar polar come\u00e7a a evoluir nesta quinta-feira (17).\u2026","rel":"","context":"In &quot;Not\u00edcias de Ribeir\u00e3o Preto-SP e Regi\u00e3o&quot;","block_context":{"text":"Not\u00edcias de Ribeir\u00e3o Preto-SP e Regi\u00e3o","link":"https:\/\/noticiasribeiraopreto.com.br\/index.php\/category\/noticias-de-ribeirao-preto-sp-e-regiao-ismael-colosi\/"},"img":{"alt_text":"","src":"https:\/\/i0.wp.com\/noticiasribeiraopreto.com.br\/wp-content\/uploads\/2025\/06\/AnyConv.com__frio.webp.webp?fit=1200%2C800&ssl=1&resize=350%2C200","width":350,"height":200,"srcset":"https:\/\/i0.wp.com\/noticiasribeiraopreto.com.br\/wp-content\/uploads\/2025\/06\/AnyConv.com__frio.webp.webp?fit=1200%2C800&ssl=1&resize=350%2C200 1x, https:\/\/i0.wp.com\/noticiasribeiraopreto.com.br\/wp-content\/uploads\/2025\/06\/AnyConv.com__frio.webp.webp?fit=1200%2C800&ssl=1&resize=525%2C300 1.5x, https:\/\/i0.wp.com\/noticiasribeiraopreto.com.br\/wp-content\/uploads\/2025\/06\/AnyConv.com__frio.webp.webp?fit=1200%2C800&ssl=1&resize=700%2C400 2x, https:\/\/i0.wp.com\/noticiasribeiraopreto.com.br\/wp-content\/uploads\/2025\/06\/AnyConv.com__frio.webp.webp?fit=1200%2C800&ssl=1&resize=1050%2C600 3x"},"classes":[]},{"id":70308,"url":"https:\/\/noticiasribeiraopreto.com.br\/index.php\/2025\/05\/24\/onda-de-frio-veja-quando-a-massa-de-ar-polar-chega-ao-estado-de-sp\/","url_meta":{"origin":74627,"position":1},"title":"Onda de frio: Veja quando a massa de ar polar chega ao estado de SP","author":"noticiasribeiraopreto.com.br","date":"24 de May de 2025","format":false,"excerpt":"A primeira onda de frio de 2025 j\u00e1 tem data para chegar, de acordo com a Climatempo. Os meteorologistas apontam que a chegada de ar polar muito intenso sobre a Am\u00e9rica do Sul vai provocar uma virada de tempo entre o fim de maio e o in\u00edcio de junho. Contudo,\u2026","rel":"","context":"In &quot;Not\u00edcias de Ribeir\u00e3o Preto-SP e Regi\u00e3o&quot;","block_context":{"text":"Not\u00edcias de Ribeir\u00e3o Preto-SP e Regi\u00e3o","link":"https:\/\/noticiasribeiraopreto.com.br\/index.php\/category\/noticias-de-ribeirao-preto-sp-e-regiao-ismael-colosi\/"},"img":{"alt_text":"","src":"https:\/\/i0.wp.com\/noticiasribeiraopreto.com.br\/wp-content\/uploads\/2024\/08\/AnyConv.com__onda-de-frio_2024-07-05_16-31-44.webp.webp?fit=1200%2C800&ssl=1&resize=350%2C200","width":350,"height":200,"srcset":"https:\/\/i0.wp.com\/noticiasribeiraopreto.com.br\/wp-content\/uploads\/2024\/08\/AnyConv.com__onda-de-frio_2024-07-05_16-31-44.webp.webp?fit=1200%2C800&ssl=1&resize=350%2C200 1x, https:\/\/i0.wp.com\/noticiasribeiraopreto.com.br\/wp-content\/uploads\/2024\/08\/AnyConv.com__onda-de-frio_2024-07-05_16-31-44.webp.webp?fit=1200%2C800&ssl=1&resize=525%2C300 1.5x, https:\/\/i0.wp.com\/noticiasribeiraopreto.com.br\/wp-content\/uploads\/2024\/08\/AnyConv.com__onda-de-frio_2024-07-05_16-31-44.webp.webp?fit=1200%2C800&ssl=1&resize=700%2C400 2x, https:\/\/i0.wp.com\/noticiasribeiraopreto.com.br\/wp-content\/uploads\/2024\/08\/AnyConv.com__onda-de-frio_2024-07-05_16-31-44.webp.webp?fit=1200%2C800&ssl=1&resize=1050%2C600 3x"},"classes":[]},{"id":72878,"url":"https:\/\/noticiasribeiraopreto.com.br\/index.php\/2025\/06\/22\/saiba-tudo-sobre-a-primeira-onda-de-frio-do-inverno-que-atinge-o-estado-de-sp\/","url_meta":{"origin":74627,"position":2},"title":"Saiba tudo sobre a primeira onda de frio do inverno que atinge o estado de SP","author":"noticiasribeiraopreto.com.br","date":"22 de June de 2025","format":false,"excerpt":"A primeira onda de frio do inverno 2025 \u2013 a terceira do ano \u2013 deve come\u00e7ar nesta segunda-feira (23) e a previs\u00e3o \u00e9 que se estenda at\u00e9 a pr\u00f3xima sexta-feira (27). \u00a0 Segundo a Climatempo, entre este domingo (22) e a pr\u00f3xima segunda uma frente fria associada a um ciclone\u2026","rel":"","context":"In &quot;Not\u00edcias de Ribeir\u00e3o Preto-SP e Regi\u00e3o&quot;","block_context":{"text":"Not\u00edcias de Ribeir\u00e3o Preto-SP e Regi\u00e3o","link":"https:\/\/noticiasribeiraopreto.com.br\/index.php\/category\/noticias-de-ribeirao-preto-sp-e-regiao-ismael-colosi\/"},"img":{"alt_text":"","src":"https:\/\/i0.wp.com\/noticiasribeiraopreto.com.br\/wp-content\/uploads\/2025\/06\/ceu_nublado_e_tempo_frio_em_campinas_cxdigo_19_166036-scaled.jpg?fit=1200%2C800&ssl=1&resize=350%2C200","width":350,"height":200,"srcset":"https:\/\/i0.wp.com\/noticiasribeiraopreto.com.br\/wp-content\/uploads\/2025\/06\/ceu_nublado_e_tempo_frio_em_campinas_cxdigo_19_166036-scaled.jpg?fit=1200%2C800&ssl=1&resize=350%2C200 1x, https:\/\/i0.wp.com\/noticiasribeiraopreto.com.br\/wp-content\/uploads\/2025\/06\/ceu_nublado_e_tempo_frio_em_campinas_cxdigo_19_166036-scaled.jpg?fit=1200%2C800&ssl=1&resize=525%2C300 1.5x, https:\/\/i0.wp.com\/noticiasribeiraopreto.com.br\/wp-content\/uploads\/2025\/06\/ceu_nublado_e_tempo_frio_em_campinas_cxdigo_19_166036-scaled.jpg?fit=1200%2C800&ssl=1&resize=700%2C400 2x, https:\/\/i0.wp.com\/noticiasribeiraopreto.com.br\/wp-content\/uploads\/2025\/06\/ceu_nublado_e_tempo_frio_em_campinas_cxdigo_19_166036-scaled.jpg?fit=1200%2C800&ssl=1&resize=1050%2C600 3x"},"classes":[]},{"id":66164,"url":"https:\/\/noticiasribeiraopreto.com.br\/index.php\/2025\/03\/28\/quatro-massas-de-ar-frio-chegam-no-mes-de-abril-veja-previsao-no-estado-de-sp\/","url_meta":{"origin":74627,"position":3},"title":"Quatro massas de ar frio chegam no m\u00eas de abril; Veja previs\u00e3o no estado de SP","author":"noticiasribeiraopreto.com.br","date":"28 de March de 2025","format":false,"excerpt":"O m\u00eas de abril, que come\u00e7a na pr\u00f3xima ter\u00e7a-feira, tem previs\u00e3o de quatro massas de ar frio e ao menos tr\u00eas delas podem chegar ao estado de S\u00e3o Paulo. Segundo a Climatempo, na primeira quinzena est\u00e3o previstas tr\u00eas massas de ar de origem polar. A meteorologista Jos\u00e9lia Pegorim diz que\u2026","rel":"","context":"In &quot;Not\u00edcias de Ribeir\u00e3o Preto-SP e Regi\u00e3o&quot;","block_context":{"text":"Not\u00edcias de Ribeir\u00e3o Preto-SP e Regi\u00e3o","link":"https:\/\/noticiasribeiraopreto.com.br\/index.php\/category\/noticias-de-ribeirao-preto-sp-e-regiao-ismael-colosi\/"},"img":{"alt_text":"","src":"https:\/\/i0.wp.com\/noticiasribeiraopreto.com.br\/wp-content\/uploads\/2025\/03\/1743181393_frio_luva_1200x675_16042022092951.jpg?fit=1200%2C675&ssl=1&resize=350%2C200","width":350,"height":200,"srcset":"https:\/\/i0.wp.com\/noticiasribeiraopreto.com.br\/wp-content\/uploads\/2025\/03\/1743181393_frio_luva_1200x675_16042022092951.jpg?fit=1200%2C675&ssl=1&resize=350%2C200 1x, https:\/\/i0.wp.com\/noticiasribeiraopreto.com.br\/wp-content\/uploads\/2025\/03\/1743181393_frio_luva_1200x675_16042022092951.jpg?fit=1200%2C675&ssl=1&resize=525%2C300 1.5x, https:\/\/i0.wp.com\/noticiasribeiraopreto.com.br\/wp-content\/uploads\/2025\/03\/1743181393_frio_luva_1200x675_16042022092951.jpg?fit=1200%2C675&ssl=1&resize=700%2C400 2x, https:\/\/i0.wp.com\/noticiasribeiraopreto.com.br\/wp-content\/uploads\/2025\/03\/1743181393_frio_luva_1200x675_16042022092951.jpg?fit=1200%2C675&ssl=1&resize=1050%2C600 3x"},"classes":[]},{"id":75280,"url":"https:\/\/noticiasribeiraopreto.com.br\/index.php\/2025\/08\/06\/massa-de-ar-polar-forte-deve-derrubar-as-temperaturas-veja-previsao\/","url_meta":{"origin":74627,"position":4},"title":"Massa de ar polar forte deve derrubar as temperaturas; Veja previs\u00e3o","author":"noticiasribeiraopreto.com.br","date":"6 de August de 2025","format":false,"excerpt":"Uma massa de ar polar de forte intensidade dever\u00e1 derrubar as temperaturas no Sudeste. Segundo a Climatempo, o ar frio dever\u00e1 chegar na retaguarda de uma nova frente fria associada a um ciclone extratropical, que avan\u00e7a para a regi\u00e3o entre quinta-feira (7) sexta-feira (8). Para o Sul, h\u00e1 at\u00e9 possibilidade\u2026","rel":"","context":"In &quot;Not\u00edcias de Ribeir\u00e3o Preto-SP e Regi\u00e3o&quot;","block_context":{"text":"Not\u00edcias de Ribeir\u00e3o Preto-SP e Regi\u00e3o","link":"https:\/\/noticiasribeiraopreto.com.br\/index.php\/category\/noticias-de-ribeirao-preto-sp-e-regiao-ismael-colosi\/"},"img":{"alt_text":"","src":"https:\/\/i0.wp.com\/noticiasribeiraopreto.com.br\/wp-content\/uploads\/2025\/07\/frio_sp06_2025-07-29_09-28-55.webp.webp?fit=1200%2C808&ssl=1&resize=350%2C200","width":350,"height":200,"srcset":"https:\/\/i0.wp.com\/noticiasribeiraopreto.com.br\/wp-content\/uploads\/2025\/07\/frio_sp06_2025-07-29_09-28-55.webp.webp?fit=1200%2C808&ssl=1&resize=350%2C200 1x, https:\/\/i0.wp.com\/noticiasribeiraopreto.com.br\/wp-content\/uploads\/2025\/07\/frio_sp06_2025-07-29_09-28-55.webp.webp?fit=1200%2C808&ssl=1&resize=525%2C300 1.5x, https:\/\/i0.wp.com\/noticiasribeiraopreto.com.br\/wp-content\/uploads\/2025\/07\/frio_sp06_2025-07-29_09-28-55.webp.webp?fit=1200%2C808&ssl=1&resize=700%2C400 2x, https:\/\/i0.wp.com\/noticiasribeiraopreto.com.br\/wp-content\/uploads\/2025\/07\/frio_sp06_2025-07-29_09-28-55.webp.webp?fit=1200%2C808&ssl=1&resize=1050%2C600 3x"},"classes":[]},{"id":66140,"url":"https:\/\/noticiasribeiraopreto.com.br\/index.php\/2025\/03\/28\/quatro-massas-de-ar-frio-estao-previstas-no-mes-de-abril-veja-previsao-no-estado-de-sp\/","url_meta":{"origin":74627,"position":5},"title":"Quatro massas de ar frio est\u00e3o previstas no m\u00eas de abril; Veja previs\u00e3o no estado de SP","author":"noticiasribeiraopreto.com.br","date":"28 de March de 2025","format":false,"excerpt":"O m\u00eas de abril, que come\u00e7a na pr\u00f3xima ter\u00e7a-feira, tem previs\u00e3o de quatro massas de ar frio e ao menos tr\u00eas delas podem chegar ao estado de S\u00e3o Paulo. Segundo a Climatempo, na primeira quinzena est\u00e3o previstas tr\u00eas massas de ar de origem polar. A meteorologista Jos\u00e9lia Pegorim diz que\u2026","rel":"","context":"In &quot;Not\u00edcias de Ribeir\u00e3o Preto-SP e Regi\u00e3o&quot;","block_context":{"text":"Not\u00edcias de Ribeir\u00e3o Preto-SP e Regi\u00e3o","link":"https:\/\/noticiasribeiraopreto.com.br\/index.php\/category\/noticias-de-ribeirao-preto-sp-e-regiao-ismael-colosi\/"},"img":{"alt_text":"","src":"https:\/\/i0.wp.com\/noticiasribeiraopreto.com.br\/wp-content\/uploads\/2025\/03\/frio_luva_1200x675_16042022092951.jpg?fit=1200%2C675&ssl=1&resize=350%2C200","width":350,"height":200,"srcset":"https:\/\/i0.wp.com\/noticiasribeiraopreto.com.br\/wp-content\/uploads\/2025\/03\/frio_luva_1200x675_16042022092951.jpg?fit=1200%2C675&ssl=1&resize=350%2C200 1x, https:\/\/i0.wp.com\/noticiasribeiraopreto.com.br\/wp-content\/uploads\/2025\/03\/frio_luva_1200x675_16042022092951.jpg?fit=1200%2C675&ssl=1&resize=525%2C300 1.5x, https:\/\/i0.wp.com\/noticiasribeiraopreto.com.br\/wp-content\/uploads\/2025\/03\/frio_luva_1200x675_16042022092951.jpg?fit=1200%2C675&ssl=1&resize=700%2C400 2x, https:\/\/i0.wp.com\/noticiasribeiraopreto.com.br\/wp-content\/uploads\/2025\/03\/frio_luva_1200x675_16042022092951.jpg?fit=1200%2C675&ssl=1&resize=1050%2C600 3x"},"classes":[]}],"jetpack_sharing_enabled":true,"jetpack_shortlink":"https:\/\/wp.me\/peQAOb-jpF","_links":{"self":[{"href":"https:\/\/noticiasribeiraopreto.com.br\/index.php\/wp-json\/wp\/v2\/posts\/74627","targetHints":{"allow":["GET"]}}],"collection":[{"href":"https:\/\/noticiasribeiraopreto.com.br\/index.php\/wp-json\/wp\/v2\/posts"}],"about":[{"href":"https:\/\/noticiasribeiraopreto.com.br\/index.php\/wp-json\/wp\/v2\/types\/post"}],"author":[{"embeddable":true,"href":"https:\/\/noticiasribeiraopreto.com.br\/index.php\/wp-json\/wp\/v2\/users\/1"}],"replies":[{"embeddable":true,"href":"https:\/\/noticiasribeiraopreto.com.br\/index.php\/wp-json\/wp\/v2\/comments?post=74627"}],"version-history":[{"count":0,"href":"https:\/\/noticiasribeiraopreto.com.br\/index.php\/wp-json\/wp\/v2\/posts\/74627\/revisions"}],"wp:featuredmedia":[{"embeddable":true,"href":"https:\/\/noticiasribeiraopreto.com.br\/index.php\/wp-json\/wp\/v2\/media\/73436"}],"wp:attachment":[{"href":"https:\/\/noticiasribeiraopreto.com.br\/index.php\/wp-json\/wp\/v2\/media?parent=74627"}],"wp:term":[{"taxonomy":"category","embeddable":true,"href":"https:\/\/noticiasribeiraopreto.com.br\/index.php\/wp-json\/wp\/v2\/categories?post=74627"},{"taxonomy":"post_tag","embeddable":true,"href":"https:\/\/noticiasribeiraopreto.com.br\/index.php\/wp-json\/wp\/v2\/tags?post=74627"}],"curies":[{"name":"wp","href":"https:\/\/api.w.org\/{rel}","templated":true}]}}