{"id":74630,"date":"2025-07-25T21:49:38","date_gmt":"2025-07-26T00:49:38","guid":{"rendered":"https:\/\/noticiasribeiraopreto.com.br\/index.php\/2025\/07\/25\/discussao-por-bebida-de-r-3-termina-com-homem-em-estado-grave-no-interior-de-sp\/"},"modified":"2025-07-25T21:49:38","modified_gmt":"2025-07-26T00:49:38","slug":"discussao-por-bebida-de-r-3-termina-com-homem-em-estado-grave-no-interior-de-sp","status":"publish","type":"post","link":"https:\/\/noticiasribeiraopreto.com.br\/index.php\/2025\/07\/25\/discussao-por-bebida-de-r-3-termina-com-homem-em-estado-grave-no-interior-de-sp\/","title":{"rendered":"Discuss\u00e3o por bebida de R$ 3 termina com homem em estado grave no interior de SP"},"content":{"rendered":"<div class='code-block code-block-1' style='margin: 8px 0 8px auto; text-align: right; display: block; clear: both;'>\n<p><a href=\"https:\/\/wa.link\/vpicfd\"><img data-recalc-dims=\"1\" class=\"wp-image-4922\" style=\"aspect-ratio: 2.0253164556962027; width: 561px; height: auto;\" src=\"https:\/\/i0.wp.com\/ismaelcolosi.com.br\/wp-content\/uploads\/2023\/11\/grupo-de-empregos-whatsapp-e-facebook-ismael-colosi-vagas.jpg?ssl=1\" alt=\"\" \/><\/a><\/p>\n<!-- \/wp:image -->\n<\/div>\n<p> <br \/>\n<\/p>\n<div data-td-block-uid=\"tdi_95\">\n<div class=\"tdb-block-inner td-fix-index\">\n<p><strong>Um homem de 44 anos<\/strong> foi internado em estado grave na tarde desta sexta-feira (25) <strong>ap\u00f3s sofrer uma agress\u00e3o em Franca<\/strong>, no interior de S\u00e3o Paulo. A suspeita da Pol\u00edcia Civil \u00e9 de que a<strong> briga tenha come\u00e7ado por causa de um corote<\/strong>, bebida alco\u00f3lica vendida por<strong> R$ 3.<\/strong><\/p>\n<p>O caso aconteceu na avenida Carlos Roberto Haddad, no bairro Jardim Aeroporto 2. <strong>A v\u00edtima e o agressor discutiram<\/strong>, at\u00e9 que um deles atravessou a via com um peda\u00e7o de pau nas m\u00e3os e <strong>atingiu o outro homem na cabe\u00e7a.<\/strong><\/p>\n<p>O <strong>Servi\u00e7o de Atendimento M\u00f3vel de Urg\u00eancia (Samu)<\/strong> foi acionado e socorreu o homem, que foi encaminhado com ferimentos graves \u00e0 Santa Casa de Franca. O agressor foi preso em flagrante. <\/p>\n<p>At\u00e9 o momento, as identidades da v\u00edtima e do agressor n\u00e3o foram divulgadas.<\/p>\n<hr class=\"wp-block-separator has-alpha-channel-opacity\"\/>\n<p>SAIBA MAIS<\/p>\n<p>Acidente com 5 ve\u00edculos trava tr\u00e2nsito na Anhanguera na regi\u00e3o de Ribeir\u00e3o Preto; Fotos<\/p>\n<h2 class=\"wp-block-heading\"><strong>FIQUE ON<\/strong><\/h2>\n<p>Quer ficar por dentro de tudo que acontece em Ribeir\u00e3o Preto e regi\u00e3o? Ent\u00e3o siga os perfis do\u202facidade on\u202fno\u202f<a href=\"https:\/\/www.instagram.com\/acidadeonribeirao\" target=\"_blank\" rel=\"noreferrer noopener\">Instagram<\/a>\u202fe no\u202f<a href=\"https:\/\/www.facebook.com\/acidadeonribeirao\/\" target=\"_blank\" rel=\"noreferrer noopener\">Facebook<\/a>.<\/p>\n<p>Al\u00e9m disso, voc\u00ea pode receber as principais not\u00edcias diretamente no WhatsApp. Para isso, basta\u00a0<a href=\"https:\/\/chat.whatsapp.com\/BjKQZ9oJwlz8VVT50NuePq\" target=\"_blank\" rel=\"noreferrer noopener\">entrar no grupo clicando aqui<\/a>.<\/p>\n<p>Por fim, se quiser fazer uma den\u00fancia ou sugerir uma reportagem sobre Ribeir\u00e3o Preto e regi\u00e3o, envie uma mensagem pelo WhatsApp: (16) 99117-7802.<\/p>\n<p>VEJA TAMB\u00c9M<\/p>\n<p>Qual o hor\u00e1rio em que celulares s\u00e3o mais furtados?<\/p>\n<p><!-- AI CONTENT END 1 -->\n<\/div>\n<\/div>\n<p><script async src=\"\/\/www.instagram.com\/embed.js\"><\/script><br \/>\n<br \/><br \/>\n<br \/><a href=\"https:\/\/www.acidadeon.com\/ribeiraopreto\/cotidiano\/discussao-por-bebida-de-r-3-termina-com-homem-em-estado-grave-no-interior-de-sp\/\">Source link <\/a><\/p>\n<!-- CONTENT END 1 -->\n","protected":false},"excerpt":{"rendered":"<p>Um homem de 44 anos foi internado em estado grave na tarde desta sexta-feira (25) ap\u00f3s sofrer uma agress\u00e3o em Franca, no interior de S\u00e3o&#8230;<\/p>\n","protected":false},"author":1,"featured_media":74631,"comment_status":"open","ping_status":"open","sticky":false,"template":"","format":"standard","meta":{"advanced_seo_description":"","jetpack_seo_html_title":"","jetpack_seo_noindex":false,"jetpack_post_was_ever_published":false,"_jetpack_newsletter_access":"","_jetpack_dont_email_post_to_subs":false,"_jetpack_newsletter_tier_id":0,"_jetpack_memberships_contains_paywalled_content":false,"_jetpack_memberships_contains_paid_content":false,"footnotes":"","jetpack_publicize_message":"","jetpack_publicize_feature_enabled":true,"jetpack_social_post_already_shared":true,"jetpack_social_options":{"image_generator_settings":{"template":"highway","default_image_id":0,"font":"","enabled":false},"version":2}},"categories":[11],"tags":[],"class_list":["post-74630","post","type-post","status-publish","format-standard","has-post-thumbnail","hentry","category-noticias-de-ribeirao-preto-sp-e-regiao-ismael-colosi"],"jetpack_publicize_connections":[],"jetpack_featured_media_url":"https:\/\/i0.wp.com\/noticiasribeiraopreto.com.br\/wp-content\/uploads\/2025\/07\/Copia-de-Copia-de-Copia-de-TAMANHO-EXATO-PARA-FOTOS-NO-SISTEMA-NOVO-2025-07-25T193113.797_2025-07-25_22-31-20.webp.webp?fit=1200%2C675&ssl=1","jetpack-related-posts":[{"id":75512,"url":"https:\/\/noticiasribeiraopreto.com.br\/index.php\/2025\/08\/10\/homem-com-bebe-no-colo-agride-cliente-e-ameaca-atendente-com-faca-no-interior-de-sp\/","url_meta":{"origin":74630,"position":0},"title":"Homem com beb\u00ea no colo agride cliente e amea\u00e7a atendente com faca no interior de SP","author":"noticiasribeiraopreto.com.br","date":"10 de August de 2025","format":false,"excerpt":"Uma confus\u00e3o envolvendo um homem com um beb\u00ea no colo aconteceu na noite de sexta-feira (8) em uma distribuidora de bebidas em Franca, interior de S\u00e3o Paulo. C\u00e2meras de seguran\u00e7a registraram o momento da briga. Por volta das 20h21, o agressor aparece nas imagens passando por tr\u00e1s do caixa enquanto\u2026","rel":"","context":"In &quot;Not\u00edcias de Ribeir\u00e3o Preto-SP e Regi\u00e3o&quot;","block_context":{"text":"Not\u00edcias de Ribeir\u00e3o Preto-SP e Regi\u00e3o","link":"https:\/\/noticiasribeiraopreto.com.br\/index.php\/category\/noticias-de-ribeirao-preto-sp-e-regiao-ismael-colosi\/"},"img":{"alt_text":"","src":"https:\/\/i0.wp.com\/noticiasribeiraopreto.com.br\/wp-content\/uploads\/2025\/08\/Copia-de-Copia-de-Copia-de-TAMANHO-EXATO-PARA-FOTOS-NO-SISTEMA-NOVO-2025-08-10T112119.859_2025-08-10_14-21-31.webp.webp?fit=1200%2C675&ssl=1&resize=350%2C200","width":350,"height":200,"srcset":"https:\/\/i0.wp.com\/noticiasribeiraopreto.com.br\/wp-content\/uploads\/2025\/08\/Copia-de-Copia-de-Copia-de-TAMANHO-EXATO-PARA-FOTOS-NO-SISTEMA-NOVO-2025-08-10T112119.859_2025-08-10_14-21-31.webp.webp?fit=1200%2C675&ssl=1&resize=350%2C200 1x, https:\/\/i0.wp.com\/noticiasribeiraopreto.com.br\/wp-content\/uploads\/2025\/08\/Copia-de-Copia-de-Copia-de-TAMANHO-EXATO-PARA-FOTOS-NO-SISTEMA-NOVO-2025-08-10T112119.859_2025-08-10_14-21-31.webp.webp?fit=1200%2C675&ssl=1&resize=525%2C300 1.5x, https:\/\/i0.wp.com\/noticiasribeiraopreto.com.br\/wp-content\/uploads\/2025\/08\/Copia-de-Copia-de-Copia-de-TAMANHO-EXATO-PARA-FOTOS-NO-SISTEMA-NOVO-2025-08-10T112119.859_2025-08-10_14-21-31.webp.webp?fit=1200%2C675&ssl=1&resize=700%2C400 2x, https:\/\/i0.wp.com\/noticiasribeiraopreto.com.br\/wp-content\/uploads\/2025\/08\/Copia-de-Copia-de-Copia-de-TAMANHO-EXATO-PARA-FOTOS-NO-SISTEMA-NOVO-2025-08-10T112119.859_2025-08-10_14-21-31.webp.webp?fit=1200%2C675&ssl=1&resize=1050%2C600 3x"},"classes":[]},{"id":71869,"url":"https:\/\/noticiasribeiraopreto.com.br\/index.php\/2025\/06\/10\/homem-e-esfaqueado-na-fila-do-bom-prato-em-franca\/","url_meta":{"origin":74630,"position":1},"title":"Homem \u00e9 esfaqueado na fila do Bom Prato em Franca","author":"noticiasribeiraopreto.com.br","date":"10 de June de 2025","format":false,"excerpt":"10 de junho de 2025 16:4310 de junho de 2025 22:3645 Compartilhar0 Um homem foi esfaqueado no final da manh\u00e3 desta ter\u00e7a-feira (10), enquanto aguardava na fila do restaurante popular Bom Prato, no centro de Franca. A v\u00edtima foi atingida na regi\u00e3o abdominal e socorrida em estado grave pelo Corpo\u2026","rel":"","context":"In &quot;Not\u00edcias de Ribeir\u00e3o Preto-SP e Regi\u00e3o&quot;","block_context":{"text":"Not\u00edcias de Ribeir\u00e3o Preto-SP e Regi\u00e3o","link":"https:\/\/noticiasribeiraopreto.com.br\/index.php\/category\/noticias-de-ribeirao-preto-sp-e-regiao-ismael-colosi\/"},"img":{"alt_text":"","src":"https:\/\/i0.wp.com\/noticiasribeiraopreto.com.br\/wp-content\/uploads\/2025\/06\/bom_prato_franca-scaled.jpeg?fit=800%2C501&ssl=1&resize=350%2C200","width":350,"height":200,"srcset":"https:\/\/i0.wp.com\/noticiasribeiraopreto.com.br\/wp-content\/uploads\/2025\/06\/bom_prato_franca-scaled.jpeg?fit=800%2C501&ssl=1&resize=350%2C200 1x, https:\/\/i0.wp.com\/noticiasribeiraopreto.com.br\/wp-content\/uploads\/2025\/06\/bom_prato_franca-scaled.jpeg?fit=800%2C501&ssl=1&resize=525%2C300 1.5x, https:\/\/i0.wp.com\/noticiasribeiraopreto.com.br\/wp-content\/uploads\/2025\/06\/bom_prato_franca-scaled.jpeg?fit=800%2C501&ssl=1&resize=700%2C400 2x"},"classes":[]},{"id":69074,"url":"https:\/\/noticiasribeiraopreto.com.br\/index.php\/2025\/05\/01\/homem-vai-separar-briga-em-show-na-avenida-rio-amazonas-e-acaba-agredido-e-colocado-para-fora-da-festa\/","url_meta":{"origin":74630,"position":2},"title":"Homem vai separar briga em show na avenida rio Amazonas e acaba agredido e colocado para fora da festa","author":"noticiasribeiraopreto.com.br","date":"1 de May de 2025","format":false,"excerpt":"A Pol\u00edcia Civil em Franca investiga a agress\u00e3o sofrida por um homem de 42 anos que estava no show dos cantores C\u00e9sar Menotti e Fabiano, em espa\u00e7o de shows na avenida rio Amazonas. A v\u00edtima sofreu um tapa porque alegou que tentou separar uma briga que acontecia no estacionamento. Depois\u2026","rel":"","context":"In &quot;Not\u00edcias de Franca-SP&quot;","block_context":{"text":"Not\u00edcias de Franca-SP","link":"https:\/\/noticiasribeiraopreto.com.br\/index.php\/category\/noticias-de-ribeirao-preto-sp-e-regiao-ismael-colosi\/noticias-franca-sp\/"},"img":{"alt_text":"","src":"https:\/\/i0.wp.com\/noticiasribeiraopreto.com.br\/wp-content\/uploads\/2025\/05\/policia_civil-forum_franca-2.jpg?fit=600%2C450&ssl=1&resize=350%2C200","width":350,"height":200,"srcset":"https:\/\/i0.wp.com\/noticiasribeiraopreto.com.br\/wp-content\/uploads\/2025\/05\/policia_civil-forum_franca-2.jpg?fit=600%2C450&ssl=1&resize=350%2C200 1x, https:\/\/i0.wp.com\/noticiasribeiraopreto.com.br\/wp-content\/uploads\/2025\/05\/policia_civil-forum_franca-2.jpg?fit=600%2C450&ssl=1&resize=525%2C300 1.5x"},"classes":[]},{"id":60684,"url":"https:\/\/noticiasribeiraopreto.com.br\/index.php\/2024\/11\/21\/morre-homem-que-foi-espancado-por-ex-da-namorada-em-ribeirao-preto\/","url_meta":{"origin":74630,"position":3},"title":"Morre homem que foi espancado por ex da namorada em Ribeir\u00e3o Preto","author":"noticiasribeiraopreto.com.br","date":"21 de November de 2024","format":false,"excerpt":"Morreu, na noite desta quinta-feira (21), o entregador Francisco Machado Fortuna, de 43 anos,\u00a0espancado pelo ex-marido da namorada dele em Ribeir\u00e3o Preto. A morte foi confirmada pela fam\u00edlia. Francisco estava internado na ala vermelha da unidade de emerg\u00eancia do Hospital das Cl\u00ednicas (HC-UE) desde o dia 31 de outubro,\u00a0quando foi\u2026","rel":"","context":"In &quot;Not\u00edcias de Ribeir\u00e3o Preto-SP e Regi\u00e3o&quot;","block_context":{"text":"Not\u00edcias de Ribeir\u00e3o Preto-SP e Regi\u00e3o","link":"https:\/\/noticiasribeiraopreto.com.br\/index.php\/category\/noticias-de-ribeirao-preto-sp-e-regiao-ismael-colosi\/"},"img":{"alt_text":"","src":"https:\/\/i0.wp.com\/noticiasribeiraopreto.com.br\/wp-content\/uploads\/2024\/11\/Copia-de-Copia-de-Copia-de-TAMANHO-EXATO-PARA-FOTOS-NO-SISTEMA-NOVO-72_2024-11-04_19-10-37_png_2024-11-04_19-10-37.webp.webp?fit=1200%2C675&ssl=1&resize=350%2C200","width":350,"height":200,"srcset":"https:\/\/i0.wp.com\/noticiasribeiraopreto.com.br\/wp-content\/uploads\/2024\/11\/Copia-de-Copia-de-Copia-de-TAMANHO-EXATO-PARA-FOTOS-NO-SISTEMA-NOVO-72_2024-11-04_19-10-37_png_2024-11-04_19-10-37.webp.webp?fit=1200%2C675&ssl=1&resize=350%2C200 1x, https:\/\/i0.wp.com\/noticiasribeiraopreto.com.br\/wp-content\/uploads\/2024\/11\/Copia-de-Copia-de-Copia-de-TAMANHO-EXATO-PARA-FOTOS-NO-SISTEMA-NOVO-72_2024-11-04_19-10-37_png_2024-11-04_19-10-37.webp.webp?fit=1200%2C675&ssl=1&resize=525%2C300 1.5x, https:\/\/i0.wp.com\/noticiasribeiraopreto.com.br\/wp-content\/uploads\/2024\/11\/Copia-de-Copia-de-Copia-de-TAMANHO-EXATO-PARA-FOTOS-NO-SISTEMA-NOVO-72_2024-11-04_19-10-37_png_2024-11-04_19-10-37.webp.webp?fit=1200%2C675&ssl=1&resize=700%2C400 2x, https:\/\/i0.wp.com\/noticiasribeiraopreto.com.br\/wp-content\/uploads\/2024\/11\/Copia-de-Copia-de-Copia-de-TAMANHO-EXATO-PARA-FOTOS-NO-SISTEMA-NOVO-72_2024-11-04_19-10-37_png_2024-11-04_19-10-37.webp.webp?fit=1200%2C675&ssl=1&resize=1050%2C600 3x"},"classes":[]},{"id":41193,"url":"https:\/\/noticiasribeiraopreto.com.br\/index.php\/2024\/03\/06\/homem-e-preso-na-regiao-apos-ameacar-mulher-com-faca\/","url_meta":{"origin":74630,"position":4},"title":"Homem \u00e9 preso na regi\u00e3o ap\u00f3s amea\u00e7ar mulher com faca","author":"noticiasribeiraopreto.com.br","date":"6 de March de 2024","format":false,"excerpt":"V\u00edtima teria registrado boletim de ocorr\u00eancia horas antes por amea\u00e7a a sua filha 6 de mar\u00e7o de 2024 | 16:34 2Por: Adalberto LuqueUm homem foi preso, na tarde desta ter\u00e7a-feira (05), ap\u00f3s amea\u00e7ar esfaquear uma mulher. O fato ocorreu na cidade de Cravinhos, horas depois que a mulher registrou um\u2026","rel":"","context":"In &quot;Not\u00edcias de Ribeir\u00e3o Preto-SP e Regi\u00e3o&quot;","block_context":{"text":"Not\u00edcias de Ribeir\u00e3o Preto-SP e Regi\u00e3o","link":"https:\/\/noticiasribeiraopreto.com.br\/index.php\/category\/noticias-de-ribeirao-preto-sp-e-regiao-ismael-colosi\/"},"img":{"alt_text":"","src":"https:\/\/i0.wp.com\/noticiasribeiraopreto.com.br\/wp-content\/uploads\/2024\/03\/00-06-fev-2024-maria-da-penha-cravinhos-foto-policia-civil-scaled.jpg?fit=1000%2C563&ssl=1&resize=350%2C200","width":350,"height":200,"srcset":"https:\/\/i0.wp.com\/noticiasribeiraopreto.com.br\/wp-content\/uploads\/2024\/03\/00-06-fev-2024-maria-da-penha-cravinhos-foto-policia-civil-scaled.jpg?fit=1000%2C563&ssl=1&resize=350%2C200 1x, https:\/\/i0.wp.com\/noticiasribeiraopreto.com.br\/wp-content\/uploads\/2024\/03\/00-06-fev-2024-maria-da-penha-cravinhos-foto-policia-civil-scaled.jpg?fit=1000%2C563&ssl=1&resize=525%2C300 1.5x, https:\/\/i0.wp.com\/noticiasribeiraopreto.com.br\/wp-content\/uploads\/2024\/03\/00-06-fev-2024-maria-da-penha-cravinhos-foto-policia-civil-scaled.jpg?fit=1000%2C563&ssl=1&resize=700%2C400 2x"},"classes":[]},{"id":56897,"url":"https:\/\/noticiasribeiraopreto.com.br\/index.php\/2024\/08\/16\/aposentado-fica-em-estado-grave-apos-ser-agredido-com-chutes-na-regiao-de-ribeirao\/","url_meta":{"origin":74630,"position":5},"title":"Aposentado fica em estado grave ap\u00f3s ser agredido com chutes na regi\u00e3o de Ribeir\u00e3o","author":"noticiasribeiraopreto.com.br","date":"16 de August de 2024","format":false,"excerpt":"Um aposentado de 72 anos ficou em estado grave ap\u00f3s ser agredido por um morador de rua no Centro de Sert\u00e3ozinho, cidade na regi\u00e3o de Ribeir\u00e3o Preto, na manh\u00e3 desta sexta-feira (16). O caso foi registrado por c\u00e2meras de seguran\u00e7a \u2013 veja abaixo. Nas imagens \u00e9 poss\u00edvel ver o momento\u2026","rel":"","context":"In &quot;Not\u00edcias de Ribeir\u00e3o Preto-SP e Regi\u00e3o&quot;","block_context":{"text":"Not\u00edcias de Ribeir\u00e3o Preto-SP e Regi\u00e3o","link":"https:\/\/noticiasribeiraopreto.com.br\/index.php\/category\/noticias-de-ribeirao-preto-sp-e-regiao-ismael-colosi\/"},"img":{"alt_text":"","src":"https:\/\/i0.wp.com\/noticiasribeiraopreto.com.br\/wp-content\/uploads\/2024\/08\/Copia-de-Copia-de-Copia-de-TAMANHO-EXATO-PARA-FOTOS-NO-SISTEMA-NOVO-11_2024-08-16_22-28-27_png_2024-08-16_22-28-27.webp.webp?fit=1200%2C675&ssl=1&resize=350%2C200","width":350,"height":200,"srcset":"https:\/\/i0.wp.com\/noticiasribeiraopreto.com.br\/wp-content\/uploads\/2024\/08\/Copia-de-Copia-de-Copia-de-TAMANHO-EXATO-PARA-FOTOS-NO-SISTEMA-NOVO-11_2024-08-16_22-28-27_png_2024-08-16_22-28-27.webp.webp?fit=1200%2C675&ssl=1&resize=350%2C200 1x, https:\/\/i0.wp.com\/noticiasribeiraopreto.com.br\/wp-content\/uploads\/2024\/08\/Copia-de-Copia-de-Copia-de-TAMANHO-EXATO-PARA-FOTOS-NO-SISTEMA-NOVO-11_2024-08-16_22-28-27_png_2024-08-16_22-28-27.webp.webp?fit=1200%2C675&ssl=1&resize=525%2C300 1.5x, https:\/\/i0.wp.com\/noticiasribeiraopreto.com.br\/wp-content\/uploads\/2024\/08\/Copia-de-Copia-de-Copia-de-TAMANHO-EXATO-PARA-FOTOS-NO-SISTEMA-NOVO-11_2024-08-16_22-28-27_png_2024-08-16_22-28-27.webp.webp?fit=1200%2C675&ssl=1&resize=700%2C400 2x, https:\/\/i0.wp.com\/noticiasribeiraopreto.com.br\/wp-content\/uploads\/2024\/08\/Copia-de-Copia-de-Copia-de-TAMANHO-EXATO-PARA-FOTOS-NO-SISTEMA-NOVO-11_2024-08-16_22-28-27_png_2024-08-16_22-28-27.webp.webp?fit=1200%2C675&ssl=1&resize=1050%2C600 3x"},"classes":[]}],"jetpack_sharing_enabled":true,"jetpack_shortlink":"https:\/\/wp.me\/peQAOb-jpI","_links":{"self":[{"href":"https:\/\/noticiasribeiraopreto.com.br\/index.php\/wp-json\/wp\/v2\/posts\/74630","targetHints":{"allow":["GET"]}}],"collection":[{"href":"https:\/\/noticiasribeiraopreto.com.br\/index.php\/wp-json\/wp\/v2\/posts"}],"about":[{"href":"https:\/\/noticiasribeiraopreto.com.br\/index.php\/wp-json\/wp\/v2\/types\/post"}],"author":[{"embeddable":true,"href":"https:\/\/noticiasribeiraopreto.com.br\/index.php\/wp-json\/wp\/v2\/users\/1"}],"replies":[{"embeddable":true,"href":"https:\/\/noticiasribeiraopreto.com.br\/index.php\/wp-json\/wp\/v2\/comments?post=74630"}],"version-history":[{"count":0,"href":"https:\/\/noticiasribeiraopreto.com.br\/index.php\/wp-json\/wp\/v2\/posts\/74630\/revisions"}],"wp:featuredmedia":[{"embeddable":true,"href":"https:\/\/noticiasribeiraopreto.com.br\/index.php\/wp-json\/wp\/v2\/media\/74631"}],"wp:attachment":[{"href":"https:\/\/noticiasribeiraopreto.com.br\/index.php\/wp-json\/wp\/v2\/media?parent=74630"}],"wp:term":[{"taxonomy":"category","embeddable":true,"href":"https:\/\/noticiasribeiraopreto.com.br\/index.php\/wp-json\/wp\/v2\/categories?post=74630"},{"taxonomy":"post_tag","embeddable":true,"href":"https:\/\/noticiasribeiraopreto.com.br\/index.php\/wp-json\/wp\/v2\/tags?post=74630"}],"curies":[{"name":"wp","href":"https:\/\/api.w.org\/{rel}","templated":true}]}}