{"id":74632,"date":"2025-07-25T21:56:16","date_gmt":"2025-07-26T00:56:16","guid":{"rendered":"https:\/\/noticiasribeiraopreto.com.br\/index.php\/2025\/07\/25\/empresario-e-condenado-por-desvio-de-cafe-no-interior-de-sp-prejuizo-passa-de-r-63-milhoes\/"},"modified":"2025-07-25T21:56:16","modified_gmt":"2025-07-26T00:56:16","slug":"empresario-e-condenado-por-desvio-de-cafe-no-interior-de-sp-prejuizo-passa-de-r-63-milhoes","status":"publish","type":"post","link":"https:\/\/noticiasribeiraopreto.com.br\/index.php\/2025\/07\/25\/empresario-e-condenado-por-desvio-de-cafe-no-interior-de-sp-prejuizo-passa-de-r-63-milhoes\/","title":{"rendered":"Empres\u00e1rio \u00e9 condenado por desvio de caf\u00e9 no interior de SP; preju\u00edzo passa de R$ 63 milh\u00f5es"},"content":{"rendered":"<div class='code-block code-block-1' style='margin: 8px 0 8px auto; text-align: right; display: block; clear: both;'>\n<p><a href=\"https:\/\/wa.link\/vpicfd\"><img data-recalc-dims=\"1\" class=\"wp-image-4922\" style=\"aspect-ratio: 2.0253164556962027; width: 561px; height: auto;\" src=\"https:\/\/i0.wp.com\/ismaelcolosi.com.br\/wp-content\/uploads\/2023\/11\/grupo-de-empregos-whatsapp-e-facebook-ismael-colosi-vagas.jpg?ssl=1\" alt=\"\" \/><\/a><\/p>\n<!-- \/wp:image -->\n<\/div>\n<p> <br \/>\n<\/p>\n<div>\n<p>A <strong>Justi\u00e7a condenou Guilherme Os\u00f3rio de Oliveira<\/strong> a<strong> 8 anos e 10 meses de pris\u00e3o por apropria\u00e7\u00e3o ind\u00e9bita<\/strong>, ap\u00f3s o<strong> desvio de sacas de caf\u00e9 avaliadas em R$ 63 milh\u00f5es<\/strong>. O produto estava armazenado em galp\u00f5es localizados em Altin\u00f3polis, no interior de S\u00e3o Paulo, sob responsabilidade do empres\u00e1rio. A esposa dele, Marina C\u00e9lia Lopes da Cruz Oliveira, que tamb\u00e9m era investigada,<strong> foi absolvida.<\/strong><\/p>\n<p>Segundo produtores rurais que utilizavam os servi\u00e7os de armazenagem oferecidos pelo casal, mais de 20 mil sacas de caf\u00e9 sumiram dos dep\u00f3sitos. Os <strong>estabelecimentos pertenciam \u00e0 empresa mantida pelos dois e serviam para estocar a produ\u00e7\u00e3o at\u00e9 a comercializa\u00e7\u00e3o.<\/strong><\/p>\n<h3 class=\"wp-block-heading\"><strong>Relembre o caso<\/strong><\/h3>\n<p>Em janeiro deste ano, ap\u00f3s den\u00fancias, a <strong>Pol\u00edcia Civil vistoriou os galp\u00f5es em Altin\u00f3polis e n\u00e3o encontrou nenhum vest\u00edgio da carga<\/strong>. A estimativa \u00e9 que <strong>55 produtores<\/strong> tenham sido lesados. Um dos clientes afirma ter perdido cerca de R$ 1 milh\u00e3o.<\/p>\n<figure class=\"wp-block-image size-large\"><img data-recalc-dims=\"1\" fetchpriority=\"high\" decoding=\"async\" width=\"1024\" height=\"576\" src=\"https:\/\/i0.wp.com\/cdn.media-acidadeon.com.br\/ribeiraopreto\/wp-content\/uploads\/sites\/3\/2025\/01\/Copia-de-Copia-de-Copia-de-TAMANHO-EXATO-PARA-FOTOS-NO-SISTEMA-NOVO-2025-01-17T161025.474_2025-01-17_19-10-32_png_2025-01-17_19-10-32-1024x576.webp?resize=1024%2C576&#038;ssl=1\" alt=\"Caf\u00e9s estavam sendo armazenados em galp\u00f5es de Altin\u00f3polis. (Foto: reprodu\u00e7\u00e3o\/ EPTV)\" class=\"wp-image-105798\" srcset=\"https:\/\/cdn.media-acidadeon.com.br\/ribeiraopreto\/wp-content\/uploads\/sites\/3\/2025\/01\/Copia-de-Copia-de-Copia-de-TAMANHO-EXATO-PARA-FOTOS-NO-SISTEMA-NOVO-2025-01-17T161025.474_2025-01-17_19-10-32_png_2025-01-17_19-10-32-1024x576.webp 1024w, https:\/\/cdn.media-acidadeon.com.br\/ribeiraopreto\/wp-content\/uploads\/sites\/3\/2025\/01\/Copia-de-Copia-de-Copia-de-TAMANHO-EXATO-PARA-FOTOS-NO-SISTEMA-NOVO-2025-01-17T161025.474_2025-01-17_19-10-32_png_2025-01-17_19-10-32-300x169.webp 300w, https:\/\/cdn.media-acidadeon.com.br\/ribeiraopreto\/wp-content\/uploads\/sites\/3\/2025\/01\/Copia-de-Copia-de-Copia-de-TAMANHO-EXATO-PARA-FOTOS-NO-SISTEMA-NOVO-2025-01-17T161025.474_2025-01-17_19-10-32_png_2025-01-17_19-10-32-768x432.webp 768w, https:\/\/cdn.media-acidadeon.com.br\/ribeiraopreto\/wp-content\/uploads\/sites\/3\/2025\/01\/Copia-de-Copia-de-Copia-de-TAMANHO-EXATO-PARA-FOTOS-NO-SISTEMA-NOVO-2025-01-17T161025.474_2025-01-17_19-10-32_png_2025-01-17_19-10-32-696x392.webp 696w, https:\/\/cdn.media-acidadeon.com.br\/ribeiraopreto\/wp-content\/uploads\/sites\/3\/2025\/01\/Copia-de-Copia-de-Copia-de-TAMANHO-EXATO-PARA-FOTOS-NO-SISTEMA-NOVO-2025-01-17T161025.474_2025-01-17_19-10-32_png_2025-01-17_19-10-32-1068x601.webp 1068w, https:\/\/cdn.media-acidadeon.com.br\/ribeiraopreto\/wp-content\/uploads\/sites\/3\/2025\/01\/Copia-de-Copia-de-Copia-de-TAMANHO-EXATO-PARA-FOTOS-NO-SISTEMA-NOVO-2025-01-17T161025.474_2025-01-17_19-10-32_png_2025-01-17_19-10-32.webp 1200w\" sizes=\"(max-width: 1024px) 100vw, 1024px\"\/><figcaption class=\"wp-element-caption\">Caf\u00e9s estavam sendo armazenados em galp\u00f5es de Altin\u00f3polis. (Foto: reprodu\u00e7\u00e3o\/ EPTV)<\/figcaption><\/figure>\n<p>O casal atuava no ramo de armazenagem de gr\u00e3os h\u00e1 mais de dez anos e mantinha rela\u00e7\u00f5es comerciais pr\u00f3ximas com os cafeicultores da regi\u00e3o. Ambos foram presos no fim de janeiro em Caraguatatuba, mas a Justi\u00e7a revogou a pris\u00e3o em abril. Desde ent\u00e3o, respondiam ao processo em liberdade.<\/p>\n<p>Em nota, os advogados Raphael Guimar\u00e3es Carneiro, Danielle Godoi Santiago e Victor Santiago afirmaram que \u201co enfrentamento das acusa\u00e7\u00f5es seguir\u00e1 sendo feito de forma t\u00e9cnica e serena, nos autos, que correm em segredo de justi\u00e7a, inclusive para preserva\u00e7\u00e3o da seguran\u00e7a dos envolvidos\u201d.<\/p>\n<p>Ap\u00f3s a condena\u00e7\u00e3o, os produtores tentam agora reaver os valores perdidos com a carga desaparecida.<\/p>\n<hr class=\"wp-block-separator has-alpha-channel-opacity\"\/>\n<p>SAIBA MAIS<\/p>\n<p>Acidente com 5 ve\u00edculos trava tr\u00e2nsito na Anhanguera na regi\u00e3o de Ribeir\u00e3o Preto; Fotos<\/p>\n<h2 class=\"wp-block-heading\"><strong>FIQUE ON<\/strong><\/h2>\n<p>Quer ficar por dentro de tudo que acontece em Ribeir\u00e3o Preto e regi\u00e3o? Ent\u00e3o siga os perfis do\u202facidade on\u202fno\u202f<a href=\"https:\/\/www.instagram.com\/acidadeonribeirao\" target=\"_blank\" rel=\"noreferrer noopener\">Instagram<\/a>\u202fe no\u202f<a href=\"https:\/\/www.facebook.com\/acidadeonribeirao\/\" target=\"_blank\" rel=\"noreferrer noopener\">Facebook<\/a>.<\/p>\n<p>Al\u00e9m disso, voc\u00ea pode receber as principais not\u00edcias diretamente no WhatsApp. Para isso, basta\u00a0<a href=\"https:\/\/chat.whatsapp.com\/BjKQZ9oJwlz8VVT50NuePq\" target=\"_blank\" rel=\"noreferrer noopener\">entrar no grupo clicando aqui<\/a>.<\/p>\n<p>Por fim, se quiser fazer uma den\u00fancia ou sugerir uma reportagem sobre Ribeir\u00e3o Preto e regi\u00e3o, envie uma mensagem pelo WhatsApp: (16) 99117-7802.<\/p>\n<p>VEJA TAMB\u00c9M<\/p>\n<p>Qual o hor\u00e1rio em que celulares s\u00e3o mais furtados?<\/p>\n<p><!-- AI CONTENT END 1 -->\n<\/div>\n<p><script async src=\"\/\/www.instagram.com\/embed.js\"><\/script><br \/>\n<br \/><br \/>\n<br \/><a href=\"https:\/\/www.acidadeon.com\/ribeiraopreto\/cotidiano\/empresario-e-condenado-por-desvio-de-cafe-no-interior-de-sp-prejuizo-passa-de-r-63-milhoes\/\">Source link <\/a><\/p>\n<!-- CONTENT END 1 -->\n","protected":false},"excerpt":{"rendered":"<p>A Justi\u00e7a condenou Guilherme Os\u00f3rio de Oliveira a 8 anos e 10 meses de pris\u00e3o por apropria\u00e7\u00e3o ind\u00e9bita, ap\u00f3s o desvio de sacas de caf\u00e9&#8230;<\/p>\n","protected":false},"author":1,"featured_media":74633,"comment_status":"open","ping_status":"open","sticky":false,"template":"","format":"standard","meta":{"advanced_seo_description":"","jetpack_seo_html_title":"","jetpack_seo_noindex":false,"jetpack_post_was_ever_published":false,"_jetpack_newsletter_access":"","_jetpack_dont_email_post_to_subs":false,"_jetpack_newsletter_tier_id":0,"_jetpack_memberships_contains_paywalled_content":false,"_jetpack_memberships_contains_paid_content":false,"footnotes":"","jetpack_publicize_message":"","jetpack_publicize_feature_enabled":true,"jetpack_social_post_already_shared":true,"jetpack_social_options":{"image_generator_settings":{"template":"highway","default_image_id":0,"font":"","enabled":false},"version":2}},"categories":[11],"tags":[],"class_list":["post-74632","post","type-post","status-publish","format-standard","has-post-thumbnail","hentry","category-noticias-de-ribeirao-preto-sp-e-regiao-ismael-colosi"],"jetpack_publicize_connections":[],"jetpack_featured_media_url":"https:\/\/i0.wp.com\/noticiasribeiraopreto.com.br\/wp-content\/uploads\/2025\/07\/Copia-de-Copia-de-Copia-de-TAMANHO-EXATO-PARA-FOTOS-NO-SISTEMA-NOVO-2025-07-25T185048.303_2025-07-25_21-51-40.webp.webp?fit=1200%2C675&ssl=1","jetpack-related-posts":[{"id":67296,"url":"https:\/\/noticiasribeiraopreto.com.br\/index.php\/2025\/04\/11\/justica-solta-casal-acusado-de-sumir-com-r-63-milhoes-em-sacas-de-cafe\/","url_meta":{"origin":74632,"position":0},"title":"Justi\u00e7a solta casal acusado de &#8216;sumir&#8217; com R$ 63 milh\u00f5es em sacas de caf\u00e9","author":"noticiasribeiraopreto.com.br","date":"11 de April de 2025","format":false,"excerpt":"O Tribunal de Justi\u00e7a do Estado de S\u00e3o Paulo determinou a revoga\u00e7\u00e3o da pris\u00e3o preventiva dos empres\u00e1rios Guilherme Os\u00f3rio de Oliveira e Marina C\u00e9lia Oliveira. Eles foram presos em janeiro, suspeitos de terem desaparecido com aproximadamente R$ 63 milh\u00f5es em sacas de caf\u00e9 armazenadas em Altin\u00f3polis, no interior de S\u00e3o\u2026","rel":"","context":"In &quot;Not\u00edcias de Ribeir\u00e3o Preto-SP e Regi\u00e3o&quot;","block_context":{"text":"Not\u00edcias de Ribeir\u00e3o Preto-SP e Regi\u00e3o","link":"https:\/\/noticiasribeiraopreto.com.br\/index.php\/category\/noticias-de-ribeirao-preto-sp-e-regiao-ismael-colosi\/"},"img":{"alt_text":"","src":"https:\/\/i0.wp.com\/noticiasribeiraopreto.com.br\/wp-content\/uploads\/2025\/01\/Copia-de-Copia-de-Copia-de-TAMANHO-EXATO-PARA-FOTOS-NO-SISTEMA-NOVO-2025-01-29T110907.693_2025-01-29_14-09-12_png_2025-01-29_14-09-12.webp.webp?fit=1200%2C675&ssl=1&resize=350%2C200","width":350,"height":200,"srcset":"https:\/\/i0.wp.com\/noticiasribeiraopreto.com.br\/wp-content\/uploads\/2025\/01\/Copia-de-Copia-de-Copia-de-TAMANHO-EXATO-PARA-FOTOS-NO-SISTEMA-NOVO-2025-01-29T110907.693_2025-01-29_14-09-12_png_2025-01-29_14-09-12.webp.webp?fit=1200%2C675&ssl=1&resize=350%2C200 1x, https:\/\/i0.wp.com\/noticiasribeiraopreto.com.br\/wp-content\/uploads\/2025\/01\/Copia-de-Copia-de-Copia-de-TAMANHO-EXATO-PARA-FOTOS-NO-SISTEMA-NOVO-2025-01-29T110907.693_2025-01-29_14-09-12_png_2025-01-29_14-09-12.webp.webp?fit=1200%2C675&ssl=1&resize=525%2C300 1.5x, https:\/\/i0.wp.com\/noticiasribeiraopreto.com.br\/wp-content\/uploads\/2025\/01\/Copia-de-Copia-de-Copia-de-TAMANHO-EXATO-PARA-FOTOS-NO-SISTEMA-NOVO-2025-01-29T110907.693_2025-01-29_14-09-12_png_2025-01-29_14-09-12.webp.webp?fit=1200%2C675&ssl=1&resize=700%2C400 2x, https:\/\/i0.wp.com\/noticiasribeiraopreto.com.br\/wp-content\/uploads\/2025\/01\/Copia-de-Copia-de-Copia-de-TAMANHO-EXATO-PARA-FOTOS-NO-SISTEMA-NOVO-2025-01-29T110907.693_2025-01-29_14-09-12_png_2025-01-29_14-09-12.webp.webp?fit=1200%2C675&ssl=1&resize=1050%2C600 3x"},"classes":[]},{"id":62946,"url":"https:\/\/noticiasribeiraopreto.com.br\/index.php\/2025\/01\/29\/casal-suspeito-de-desaparecer-com-estoque-milionario-de-cafe-e-preso-em-sp\/","url_meta":{"origin":74632,"position":1},"title":"Casal suspeito de \u2018desaparecer\u2019 com estoque milion\u00e1rio de caf\u00e9 \u00e9 preso em SP","author":"noticiasribeiraopreto.com.br","date":"29 de January de 2025","format":false,"excerpt":"O casal suspeito de ter sumido com diversas sacas de caf\u00e9 e causado um preju\u00edzo milion\u00e1rio em produtores rurais de Altin\u00f3polis, cidade no interior de S\u00e3o Paulo, foi preso na noite desta ter\u00e7a-feira (28), em Caraguatatuba. Guilherme Os\u00f3rio de Oliveira, de 50 anos, e Marina C\u00e9lia Lopes da Cruz Oliveira,\u2026","rel":"","context":"In &quot;Not\u00edcias de Ribeir\u00e3o Preto-SP e Regi\u00e3o&quot;","block_context":{"text":"Not\u00edcias de Ribeir\u00e3o Preto-SP e Regi\u00e3o","link":"https:\/\/noticiasribeiraopreto.com.br\/index.php\/category\/noticias-de-ribeirao-preto-sp-e-regiao-ismael-colosi\/"},"img":{"alt_text":"","src":"https:\/\/i0.wp.com\/noticiasribeiraopreto.com.br\/wp-content\/uploads\/2025\/01\/Copia-de-Copia-de-Copia-de-TAMANHO-EXATO-PARA-FOTOS-NO-SISTEMA-NOVO-2025-01-29T110907.693_2025-01-29_14-09-12_png_2025-01-29_14-09-12.webp.webp?fit=1200%2C675&ssl=1&resize=350%2C200","width":350,"height":200,"srcset":"https:\/\/i0.wp.com\/noticiasribeiraopreto.com.br\/wp-content\/uploads\/2025\/01\/Copia-de-Copia-de-Copia-de-TAMANHO-EXATO-PARA-FOTOS-NO-SISTEMA-NOVO-2025-01-29T110907.693_2025-01-29_14-09-12_png_2025-01-29_14-09-12.webp.webp?fit=1200%2C675&ssl=1&resize=350%2C200 1x, https:\/\/i0.wp.com\/noticiasribeiraopreto.com.br\/wp-content\/uploads\/2025\/01\/Copia-de-Copia-de-Copia-de-TAMANHO-EXATO-PARA-FOTOS-NO-SISTEMA-NOVO-2025-01-29T110907.693_2025-01-29_14-09-12_png_2025-01-29_14-09-12.webp.webp?fit=1200%2C675&ssl=1&resize=525%2C300 1.5x, https:\/\/i0.wp.com\/noticiasribeiraopreto.com.br\/wp-content\/uploads\/2025\/01\/Copia-de-Copia-de-Copia-de-TAMANHO-EXATO-PARA-FOTOS-NO-SISTEMA-NOVO-2025-01-29T110907.693_2025-01-29_14-09-12_png_2025-01-29_14-09-12.webp.webp?fit=1200%2C675&ssl=1&resize=700%2C400 2x, https:\/\/i0.wp.com\/noticiasribeiraopreto.com.br\/wp-content\/uploads\/2025\/01\/Copia-de-Copia-de-Copia-de-TAMANHO-EXATO-PARA-FOTOS-NO-SISTEMA-NOVO-2025-01-29T110907.693_2025-01-29_14-09-12_png_2025-01-29_14-09-12.webp.webp?fit=1200%2C675&ssl=1&resize=1050%2C600 3x"},"classes":[]},{"id":62970,"url":"https:\/\/noticiasribeiraopreto.com.br\/index.php\/2025\/01\/29\/o-que-se-sabe-sobre-casal-que-sumiu-com-sacas-de-cafe-na-regiao-de-ribeirao-preto\/","url_meta":{"origin":74632,"position":2},"title":"O que se sabe sobre casal que sumiu com sacas de caf\u00e9 na regi\u00e3o de Ribeir\u00e3o Preto","author":"noticiasribeiraopreto.com.br","date":"29 de January de 2025","format":false,"excerpt":"O casal de empres\u00e1rios Guilherme Os\u00f3rio de Oliveira e Marina C\u00e9lia Lopes da Cruz Oliveira est\u00e1 envolvido em um esquema que pode ter causado preju\u00edzos de at\u00e9 R$ 70 milh\u00f5es a produtores de caf\u00e9 na regi\u00e3o de Ribeir\u00e3o Preto. Eles s\u00e3o acusados de desaparecer com sacas de caf\u00e9 armazenadas em\u2026","rel":"","context":"In &quot;Not\u00edcias de Ribeir\u00e3o Preto-SP e Regi\u00e3o&quot;","block_context":{"text":"Not\u00edcias de Ribeir\u00e3o Preto-SP e Regi\u00e3o","link":"https:\/\/noticiasribeiraopreto.com.br\/index.php\/category\/noticias-de-ribeirao-preto-sp-e-regiao-ismael-colosi\/"},"img":{"alt_text":"","src":"https:\/\/i0.wp.com\/noticiasribeiraopreto.com.br\/wp-content\/uploads\/2025\/01\/Copia-de-Copia-de-Copia-de-TAMANHO-EXATO-PARA-FOTOS-NO-SISTEMA-NOVO-2025-01-29T110907.693_2025-01-29_14-09-12_png_2025-01-29_14-09-12.webp.webp?fit=1200%2C675&ssl=1&resize=350%2C200","width":350,"height":200,"srcset":"https:\/\/i0.wp.com\/noticiasribeiraopreto.com.br\/wp-content\/uploads\/2025\/01\/Copia-de-Copia-de-Copia-de-TAMANHO-EXATO-PARA-FOTOS-NO-SISTEMA-NOVO-2025-01-29T110907.693_2025-01-29_14-09-12_png_2025-01-29_14-09-12.webp.webp?fit=1200%2C675&ssl=1&resize=350%2C200 1x, https:\/\/i0.wp.com\/noticiasribeiraopreto.com.br\/wp-content\/uploads\/2025\/01\/Copia-de-Copia-de-Copia-de-TAMANHO-EXATO-PARA-FOTOS-NO-SISTEMA-NOVO-2025-01-29T110907.693_2025-01-29_14-09-12_png_2025-01-29_14-09-12.webp.webp?fit=1200%2C675&ssl=1&resize=525%2C300 1.5x, https:\/\/i0.wp.com\/noticiasribeiraopreto.com.br\/wp-content\/uploads\/2025\/01\/Copia-de-Copia-de-Copia-de-TAMANHO-EXATO-PARA-FOTOS-NO-SISTEMA-NOVO-2025-01-29T110907.693_2025-01-29_14-09-12_png_2025-01-29_14-09-12.webp.webp?fit=1200%2C675&ssl=1&resize=700%2C400 2x, https:\/\/i0.wp.com\/noticiasribeiraopreto.com.br\/wp-content\/uploads\/2025\/01\/Copia-de-Copia-de-Copia-de-TAMANHO-EXATO-PARA-FOTOS-NO-SISTEMA-NOVO-2025-01-29T110907.693_2025-01-29_14-09-12_png_2025-01-29_14-09-12.webp.webp?fit=1200%2C675&ssl=1&resize=1050%2C600 3x"},"classes":[]},{"id":62569,"url":"https:\/\/noticiasribeiraopreto.com.br\/index.php\/2025\/01\/17\/estoque-milionario-de-cafe-desaparece-no-interior-de-sp\/","url_meta":{"origin":74632,"position":3},"title":"Estoque milion\u00e1rio de caf\u00e9 desaparece no interior de SP","author":"noticiasribeiraopreto.com.br","date":"17 de January de 2025","format":false,"excerpt":"A Pol\u00edcia Civil investiga um casal de empres\u00e1rios, donos de armaz\u00e9ns de caf\u00e9, pelo sumi\u00e7o de sacas do produto e um preju\u00edzo milion\u00e1rio para produtores rurais de Altin\u00f3polis, cidade no interior de S\u00e3o Paulo. De acordo com as informa\u00e7\u00f5es, pelo menos 16 produtores de caf\u00e9 registraram um boletim de ocorr\u00eancia.\u2026","rel":"","context":"In &quot;Not\u00edcias de Ribeir\u00e3o Preto-SP e Regi\u00e3o&quot;","block_context":{"text":"Not\u00edcias de Ribeir\u00e3o Preto-SP e Regi\u00e3o","link":"https:\/\/noticiasribeiraopreto.com.br\/index.php\/category\/noticias-de-ribeirao-preto-sp-e-regiao-ismael-colosi\/"},"img":{"alt_text":"","src":"https:\/\/i0.wp.com\/noticiasribeiraopreto.com.br\/wp-content\/uploads\/2025\/01\/Copia-de-Copia-de-Copia-de-TAMANHO-EXATO-PARA-FOTOS-NO-SISTEMA-NOVO-2025-01-17T161025.474_2025-01-17_19-10-32_png_2025-01-17_19-10-32.webp.webp?fit=1200%2C675&ssl=1&resize=350%2C200","width":350,"height":200,"srcset":"https:\/\/i0.wp.com\/noticiasribeiraopreto.com.br\/wp-content\/uploads\/2025\/01\/Copia-de-Copia-de-Copia-de-TAMANHO-EXATO-PARA-FOTOS-NO-SISTEMA-NOVO-2025-01-17T161025.474_2025-01-17_19-10-32_png_2025-01-17_19-10-32.webp.webp?fit=1200%2C675&ssl=1&resize=350%2C200 1x, https:\/\/i0.wp.com\/noticiasribeiraopreto.com.br\/wp-content\/uploads\/2025\/01\/Copia-de-Copia-de-Copia-de-TAMANHO-EXATO-PARA-FOTOS-NO-SISTEMA-NOVO-2025-01-17T161025.474_2025-01-17_19-10-32_png_2025-01-17_19-10-32.webp.webp?fit=1200%2C675&ssl=1&resize=525%2C300 1.5x, https:\/\/i0.wp.com\/noticiasribeiraopreto.com.br\/wp-content\/uploads\/2025\/01\/Copia-de-Copia-de-Copia-de-TAMANHO-EXATO-PARA-FOTOS-NO-SISTEMA-NOVO-2025-01-17T161025.474_2025-01-17_19-10-32_png_2025-01-17_19-10-32.webp.webp?fit=1200%2C675&ssl=1&resize=700%2C400 2x, https:\/\/i0.wp.com\/noticiasribeiraopreto.com.br\/wp-content\/uploads\/2025\/01\/Copia-de-Copia-de-Copia-de-TAMANHO-EXATO-PARA-FOTOS-NO-SISTEMA-NOVO-2025-01-17T161025.474_2025-01-17_19-10-32_png_2025-01-17_19-10-32.webp.webp?fit=1200%2C675&ssl=1&resize=1050%2C600 3x"},"classes":[]},{"id":63542,"url":"https:\/\/noticiasribeiraopreto.com.br\/index.php\/2025\/02\/15\/casal-de-empresarios-acusado-de-fraude-desvia-sacas-de-cafe-avaliadas-em-r-63-milhoes-no-interior-de-sp\/","url_meta":{"origin":74632,"position":4},"title":"Casal de Empres\u00e1rios Acusado de Fraude Desvia Sacas de Caf\u00e9 Avaliadas em R$ 63 Milh\u00f5es no Interior de SP","author":"noticiasribeiraopreto.com.br","date":"15 de February de 2025","format":false,"excerpt":"Um esquema que abalou o setor agr\u00edcola do interior de S\u00e3o Paulo vem ganhando contornos de fraude de grandes propor\u00e7\u00f5es. Um casal de empres\u00e1rios, que administrava um dos armaz\u00e9ns de caf\u00e9 da regi\u00e3o, \u00e9 acusado de desviar sacas de caf\u00e9, avaliadas em R$ 63 milh\u00f5es, atrav\u00e9s de manobras que mascararam\u2026","rel":"","context":"In &quot;Not\u00edcias de Ribeir\u00e3o Preto-SP e Regi\u00e3o&quot;","block_context":{"text":"Not\u00edcias de Ribeir\u00e3o Preto-SP e Regi\u00e3o","link":"https:\/\/noticiasribeiraopreto.com.br\/index.php\/category\/noticias-de-ribeirao-preto-sp-e-regiao-ismael-colosi\/"},"img":{"alt_text":"","src":"https:\/\/i0.wp.com\/noticiasribeiraopreto.com.br\/wp-content\/uploads\/2025\/02\/dsc-27-4.webp.webp?fit=1170%2C700&ssl=1&resize=350%2C200","width":350,"height":200,"srcset":"https:\/\/i0.wp.com\/noticiasribeiraopreto.com.br\/wp-content\/uploads\/2025\/02\/dsc-27-4.webp.webp?fit=1170%2C700&ssl=1&resize=350%2C200 1x, https:\/\/i0.wp.com\/noticiasribeiraopreto.com.br\/wp-content\/uploads\/2025\/02\/dsc-27-4.webp.webp?fit=1170%2C700&ssl=1&resize=525%2C300 1.5x, https:\/\/i0.wp.com\/noticiasribeiraopreto.com.br\/wp-content\/uploads\/2025\/02\/dsc-27-4.webp.webp?fit=1170%2C700&ssl=1&resize=700%2C400 2x, https:\/\/i0.wp.com\/noticiasribeiraopreto.com.br\/wp-content\/uploads\/2025\/02\/dsc-27-4.webp.webp?fit=1170%2C700&ssl=1&resize=1050%2C600 3x"},"classes":[]},{"id":62578,"url":"https:\/\/noticiasribeiraopreto.com.br\/index.php\/2025\/01\/17\/casal-suspeito-de-desaparecer-com-estoque-milionario-de-cafe-tem-prisao-decretada\/","url_meta":{"origin":74632,"position":5},"title":"Casal suspeito de &#8216;desaparecer&#8217; com estoque milion\u00e1rio de caf\u00e9 tem pris\u00e3o decretada","author":"noticiasribeiraopreto.com.br","date":"17 de January de 2025","format":false,"excerpt":"A Justi\u00e7a decretou a pris\u00e3o do casal suspeito de ter sumido com diversas sacas de caf\u00e9 e causado um preju\u00edzo milion\u00e1rio em produtores rurais de Altin\u00f3polis, cidade no interior de S\u00e3o Paulo. A informa\u00e7\u00e3o foi confirmada pela Pol\u00edcia Civil \u00e0 EPTV, na tarde desta sexta-feira (17). O caso \u00e9 investigado\u2026","rel":"","context":"In &quot;Not\u00edcias de Ribeir\u00e3o Preto-SP e Regi\u00e3o&quot;","block_context":{"text":"Not\u00edcias de Ribeir\u00e3o Preto-SP e Regi\u00e3o","link":"https:\/\/noticiasribeiraopreto.com.br\/index.php\/category\/noticias-de-ribeirao-preto-sp-e-regiao-ismael-colosi\/"},"img":{"alt_text":"","src":"https:\/\/i0.wp.com\/noticiasribeiraopreto.com.br\/wp-content\/uploads\/2025\/01\/Copia-de-Copia-de-Copia-de-TAMANHO-EXATO-PARA-FOTOS-NO-SISTEMA-NOVO-2025-01-17T201150.364_2025-01-17_23-11-53_png_2025-01-17_23-11-53.webp.webp?fit=1200%2C675&ssl=1&resize=350%2C200","width":350,"height":200,"srcset":"https:\/\/i0.wp.com\/noticiasribeiraopreto.com.br\/wp-content\/uploads\/2025\/01\/Copia-de-Copia-de-Copia-de-TAMANHO-EXATO-PARA-FOTOS-NO-SISTEMA-NOVO-2025-01-17T201150.364_2025-01-17_23-11-53_png_2025-01-17_23-11-53.webp.webp?fit=1200%2C675&ssl=1&resize=350%2C200 1x, https:\/\/i0.wp.com\/noticiasribeiraopreto.com.br\/wp-content\/uploads\/2025\/01\/Copia-de-Copia-de-Copia-de-TAMANHO-EXATO-PARA-FOTOS-NO-SISTEMA-NOVO-2025-01-17T201150.364_2025-01-17_23-11-53_png_2025-01-17_23-11-53.webp.webp?fit=1200%2C675&ssl=1&resize=525%2C300 1.5x, https:\/\/i0.wp.com\/noticiasribeiraopreto.com.br\/wp-content\/uploads\/2025\/01\/Copia-de-Copia-de-Copia-de-TAMANHO-EXATO-PARA-FOTOS-NO-SISTEMA-NOVO-2025-01-17T201150.364_2025-01-17_23-11-53_png_2025-01-17_23-11-53.webp.webp?fit=1200%2C675&ssl=1&resize=700%2C400 2x, https:\/\/i0.wp.com\/noticiasribeiraopreto.com.br\/wp-content\/uploads\/2025\/01\/Copia-de-Copia-de-Copia-de-TAMANHO-EXATO-PARA-FOTOS-NO-SISTEMA-NOVO-2025-01-17T201150.364_2025-01-17_23-11-53_png_2025-01-17_23-11-53.webp.webp?fit=1200%2C675&ssl=1&resize=1050%2C600 3x"},"classes":[]}],"jetpack_sharing_enabled":true,"jetpack_shortlink":"https:\/\/wp.me\/peQAOb-jpK","_links":{"self":[{"href":"https:\/\/noticiasribeiraopreto.com.br\/index.php\/wp-json\/wp\/v2\/posts\/74632","targetHints":{"allow":["GET"]}}],"collection":[{"href":"https:\/\/noticiasribeiraopreto.com.br\/index.php\/wp-json\/wp\/v2\/posts"}],"about":[{"href":"https:\/\/noticiasribeiraopreto.com.br\/index.php\/wp-json\/wp\/v2\/types\/post"}],"author":[{"embeddable":true,"href":"https:\/\/noticiasribeiraopreto.com.br\/index.php\/wp-json\/wp\/v2\/users\/1"}],"replies":[{"embeddable":true,"href":"https:\/\/noticiasribeiraopreto.com.br\/index.php\/wp-json\/wp\/v2\/comments?post=74632"}],"version-history":[{"count":0,"href":"https:\/\/noticiasribeiraopreto.com.br\/index.php\/wp-json\/wp\/v2\/posts\/74632\/revisions"}],"wp:featuredmedia":[{"embeddable":true,"href":"https:\/\/noticiasribeiraopreto.com.br\/index.php\/wp-json\/wp\/v2\/media\/74633"}],"wp:attachment":[{"href":"https:\/\/noticiasribeiraopreto.com.br\/index.php\/wp-json\/wp\/v2\/media?parent=74632"}],"wp:term":[{"taxonomy":"category","embeddable":true,"href":"https:\/\/noticiasribeiraopreto.com.br\/index.php\/wp-json\/wp\/v2\/categories?post=74632"},{"taxonomy":"post_tag","embeddable":true,"href":"https:\/\/noticiasribeiraopreto.com.br\/index.php\/wp-json\/wp\/v2\/tags?post=74632"}],"curies":[{"name":"wp","href":"https:\/\/api.w.org\/{rel}","templated":true}]}}