{"id":74639,"date":"2025-07-26T09:05:15","date_gmt":"2025-07-26T12:05:15","guid":{"rendered":"https:\/\/noticiasribeiraopreto.com.br\/index.php\/2025\/07\/26\/alunos-voltam-as-aulas-nesta-segunda-em-rp\/"},"modified":"2025-07-26T09:05:15","modified_gmt":"2025-07-26T12:05:15","slug":"alunos-voltam-as-aulas-nesta-segunda-em-rp","status":"publish","type":"post","link":"https:\/\/noticiasribeiraopreto.com.br\/index.php\/2025\/07\/26\/alunos-voltam-as-aulas-nesta-segunda-em-rp\/","title":{"rendered":"Alunos voltam \u00e0s aulas nesta segunda em RP"},"content":{"rendered":"<div class='code-block code-block-1' style='margin: 8px 0 8px auto; text-align: right; display: block; clear: both;'>\n<p><a href=\"https:\/\/wa.link\/vpicfd\"><img data-recalc-dims=\"1\" class=\"wp-image-4922\" style=\"aspect-ratio: 2.0253164556962027; width: 561px; height: auto;\" src=\"https:\/\/i0.wp.com\/ismaelcolosi.com.br\/wp-content\/uploads\/2023\/11\/grupo-de-empregos-whatsapp-e-facebook-ismael-colosi-vagas.jpg?ssl=1\" alt=\"\" \/><\/a><\/p>\n<!-- \/wp:image -->\n<\/div>\n<p> <br \/>\n<\/p>\n<div id=\"\">\n<p>\n\t\t\t\t\t\t\t\t\t<span class=\"entry-meta-item penci-posted-on\"><i class=\"fa fa-clock-o\"\/><time class=\"entry-date published\" datetime=\"2025-07-26T09:00:33-03:00\">26 de julho de 2025 09:00<\/time><time class=\"updated\" datetime=\"2025-07-25T23:39:30-03:00\">25 de julho de 2025 23:39<\/time><\/span><span class=\"entry-meta-item penci-post-countview\"><span class=\"entry-meta-item penci-post-countview penci_post-meta_item\"><i class=\"fa fa-eye\"\/><span class=\"penci-post-countview-number penci-post-countview-p432718\">11<\/span><\/span><\/span>\t\t\t\t\t\t\t\t<\/p>\n<p><!-- .entry-meta --><br \/>\n\t\t\t\t\t\t\t\t<span class=\"penci-social-buttons penci-social-share-footer\"><span class=\"penci-social-share-text\">Compartilhar<\/span><a href=\"#\" class=\"penci-post-like penci_post-meta_item  single-like-button penci-social-item like\" data-post_id=\"432718\" title=\"Like\" data-like=\"Like\" data-unlike=\"Unlike\"><i class=\"fa fa-thumbs-o-up\"\/><span class=\"penci-share-number\">0<\/span><\/a><i class=\"fa fa-facebook\"\/><a class=\"penci-social-item twitter\" target=\"_blank\" rel=\"noopener\" title=\"\" href=\"https:\/\/twitter.com\/intent\/tweet?text=Alunos%20voltam%20\u00e0s%20aulas%20nesta%20segunda%20em%20RP%20-%20https:\/\/www.tribunaribeirao.com.br\/alunos-voltam-as-aulas-nesta-segunda-em-rp\/\"><i class=\"fa fa-twitter\"\/><\/a><i class=\"fa fa-linkedin\"\/><i class=\"fa fa-whatsapp\"\/><i class=\"fa fa-telegram\"\/><i class=\"fa fa-envelope\"\/><\/span>\t\t\t\t\t\t\t<\/div>\n<div>\n<p><span class=\"TextRun SCXW248370154 BCX8\" lang=\"PT-BR\" xml:lang=\"PT-BR\" data-contrast=\"auto\"><span class=\"NormalTextRun SCXW248370154 BCX8\">Cerca de 50 mil alunos da <\/span><span class=\"NormalTextRun SCXW248370154 BCX8\">rede municipal de ensino retornam <\/span><span class=\"NormalTextRun SCXW248370154 BCX8\">\u00e0s aulas nesta <\/span><span class=\"NormalTextRun SCXW248370154 BCX8\">segunda-feira, 28 de julho, a partir das <\/span><span class=\"NormalTextRun SCXW248370154 BCX8\">sete <\/span><span class=\"NormalTextRun SpellingErrorV2Themed SCXW248370154 BCX8\">horas,<\/span><span class=\"NormalTextRun SpellingErrorV2Themed SCXW248370154 BCX8\">em<\/span><span class=\"NormalTextRun SCXW248370154 BCX8\"> 146 escolas ligadas \u00e0 prefeitura de Ribeir\u00e3o Preto. S\u00e3o <\/span><span class=\"NormalTextRun SCXW248370154 BCX8\">estudantes de Educa\u00e7\u00e3o Infantil, Ensino Fundamental e Educa\u00e7\u00e3o de Jovens e Adultos (EJA). <\/span><\/span><span class=\"LineBreakBlob BlobObject DragDrop SCXW248370154 BCX8\"><span class=\"SCXW248370154 BCX8\">\u00a0<\/span><br class=\"SCXW248370154 BCX8\"\/><\/span><span class=\"LineBreakBlob BlobObject DragDrop SCXW248370154 BCX8\"><span class=\"SCXW248370154 BCX8\">\u00a0<\/span><br class=\"SCXW248370154 BCX8\"\/><\/span><span class=\"TextRun SCXW248370154 BCX8\" lang=\"PT-BR\" xml:lang=\"PT-BR\" data-contrast=\"auto\"><span class=\"NormalTextRun SCXW248370154 BCX8\">Durante o recesso, dezenas de unidades passaram por manuten\u00e7<\/span><span class=\"NormalTextRun SCXW248370154 BCX8\">\u00e3o <\/span><span class=\"NormalTextRun SCXW248370154 BCX8\">e pequenos reparos, garantindo ambientes seguros e acolhedores para o segundo semestre letivo.<\/span> <span class=\"NormalTextRun SCXW248370154 BCX8\">A volta \u00e0s aulas <\/span><span class=\"NormalTextRun SCXW248370154 BCX8\">contar\u00e1<\/span><span class=\"NormalTextRun SCXW248370154 BCX8\"> com atividades especiais <\/span><span class=\"NormalTextRun SCXW248370154 BCX8\">no <\/span><span class=\"NormalTextRun SpellingErrorV2Themed SCXW248370154 BCX8\">priweiro<\/span> <span class=\"NormalTextRun ContextualSpellingAndGrammarErrorV2Themed SCXW248370154 BCX8\">e m<\/span><span class=\"NormalTextRun SCXW248370154 BCX8\"> algumas unidades <\/span><span class=\"NormalTextRun SCXW248370154 BCX8\">\u2013<\/span><span class=\"NormalTextRun SCXW248370154 BCX8\"> informa\u00e7\u00f5es no portal da prefeitura. <\/span><\/span><span class=\"LineBreakBlob BlobObject DragDrop SCXW248370154 BCX8\"><span class=\"SCXW248370154 BCX8\">\u00a0<\/span><br class=\"SCXW248370154 BCX8\"\/><\/span><span class=\"LineBreakBlob BlobObject DragDrop SCXW248370154 BCX8\"><span class=\"SCXW248370154 BCX8\">\u00a0<\/span><br class=\"SCXW248370154 BCX8\"\/><\/span><span class=\"TextRun SCXW248370154 BCX8\" lang=\"PT-BR\" xml:lang=\"PT-BR\" data-contrast=\"auto\"><span class=\"NormalTextRun SCXW248370154 BCX8\">\u201cEstamos iniciando mais um semestre com o compromisso de oferecer uma educa\u00e7\u00e3o de qualidade. Sabemos da import\u00e2ncia do ambiente escolar na forma\u00e7\u00e3o integral dos nossos estudantes, por isso, cada detalhe foi pensado com muito cuidado por nossas equipes. Desejo um excelente retorno a todos os alunos, professores e profissionais da educa\u00e7\u00e3o\u201d, conclui o secret\u00e1rio da Educa\u00e7\u00e3o, Valdir Martins.<\/span><\/span><span class=\"LineBreakBlob BlobObject DragDrop SCXW248370154 BCX8\"><span class=\"SCXW248370154 BCX8\">\u00a0<\/span><br class=\"SCXW248370154 BCX8\"\/><\/span><span class=\"LineBreakBlob BlobObject DragDrop SCXW248370154 BCX8\"><span class=\"SCXW248370154 BCX8\">\u00a0<\/span><br class=\"SCXW248370154 BCX8\"\/><\/span><span class=\"TextRun SCXW248370154 BCX8\" lang=\"PT-BR\" xml:lang=\"PT-BR\" data-contrast=\"auto\"><span class=\"NormalTextRun SCXW248370154 BCX8\">Durante o recesso escolar, 4.478 crian\u00e7as de 0 a <\/span><span class=\"NormalTextRun SCXW248370154 BCX8\">5<\/span><span class=\"NormalTextRun SCXW248370154 BCX8\"> anos foram inscritas para atendimento nas 51 unidades \u2013 22 escolas de Educa\u00e7\u00e3o Infantil e 29 conveniadas \u2013 da rede municipal de ensino de Ribeir\u00e3o Preto. O n\u00famero representa crescimento de 13,36% em rela\u00e7\u00e3o \u00e0s f\u00e9rias de janeiro<\/span><span class=\"NormalTextRun SCXW248370154 BCX8\">, <\/span><span class=\"NormalTextRun SCXW248370154 BCX8\">528 alunos<\/span><span class=\"NormalTextRun SCXW248370154 BCX8\"> a mais<\/span><span class=\"NormalTextRun SCXW248370154 BCX8\">.<\/span><\/span><span class=\"LineBreakBlob BlobObject DragDrop SCXW248370154 BCX8\"><span class=\"SCXW248370154 BCX8\">\u00a0<\/span><br class=\"SCXW248370154 BCX8\"\/><\/span><span class=\"LineBreakBlob BlobObject DragDrop SCXW248370154 BCX8\"><span class=\"SCXW248370154 BCX8\">\u00a0<\/span><br class=\"SCXW248370154 BCX8\"\/><\/span><span class=\"TextRun SCXW248370154 BCX8\" lang=\"PT-BR\" xml:lang=\"PT-BR\" data-contrast=\"auto\"><span class=\"NormalTextRun SCXW248370154 BCX8\">Desde o dia 10 de julho, <\/span><span class=\"NormalTextRun SCXW248370154 BCX8\">as crian\u00e7as <\/span><span class=\"NormalTextRun SCXW248370154 BCX8\">participa<\/span><span class=\"NormalTextRun SCXW248370154 BCX8\">ra<\/span><span class=\"NormalTextRun SCXW248370154 BCX8\">m de atividades recreativas e recebem alimenta\u00e7\u00e3o saud\u00e1vel nas creches que permanecem abertas neste m\u00eas. As a\u00e7\u00f5es t\u00eam como objetivo apoiar as fam\u00edlias que seguem a rotina de trabalho durante o recesso escolar.<\/span><\/span><span class=\"LineBreakBlob BlobObject DragDrop SCXW248370154 BCX8\"><span class=\"SCXW248370154 BCX8\">\u00a0<\/span><br class=\"SCXW248370154 BCX8\"\/><\/span><span class=\"LineBreakBlob BlobObject DragDrop SCXW248370154 BCX8\"><span class=\"SCXW248370154 BCX8\">\u00a0<\/span><br class=\"SCXW248370154 BCX8\"\/><\/span><span class=\"TextRun SCXW248370154 BCX8\" lang=\"PT-BR\" xml:lang=\"PT-BR\" data-contrast=\"auto\"><span class=\"NormalTextRun SCXW248370154 BCX8\">As a\u00e7\u00f5es s\u00e3o organizadas de forma especial, com equipes formadas exclusivamente para o recesso, turmas montadas conforme a demanda e uma programa\u00e7\u00e3o que valoriza o brincar, a conviv\u00eancia e o imagin\u00e1rio infantil, de forma leve e divertida.<\/span><\/span><span class=\"LineBreakBlob BlobObject DragDrop SCXW248370154 BCX8\"><span class=\"SCXW248370154 BCX8\">\u00a0<\/span><br class=\"SCXW248370154 BCX8\"\/><\/span><span class=\"LineBreakBlob BlobObject DragDrop SCXW248370154 BCX8\"><span class=\"SCXW248370154 BCX8\">\u00a0<\/span><br class=\"SCXW248370154 BCX8\"\/><\/span><span class=\"TextRun SCXW248370154 BCX8\" lang=\"PT-BR\" xml:lang=\"PT-BR\" data-contrast=\"auto\"><span class=\"NormalTextRun SCXW248370154 BCX8\"> As atividades contemplam brincadeiras ao ar livre, como jogos com fitas, pipas, petecas, avi\u00f5ezinhos, rodas cantadas e intera\u00e7\u00f5es com a natureza. <\/span><span class=\"NormalTextRun SCXW248370154 BCX8\">Tamb\u00e9m s\u00e3o realizadas oficinas de arte, culin\u00e1ria e <\/span><span class=\"NormalTextRun SCXW248370154 BCX8\">conta\u00e7\u00e3o<\/span><span class=\"NormalTextRun SCXW248370154 BCX8\"> de hist\u00f3rias. A proposta \u00e9 garantir um espa\u00e7o de recrea\u00e7\u00e3o e alegria, que respeite o ritmo de cada faixa et\u00e1ria e promova a amizade, a criatividade e a valoriza\u00e7\u00e3o da inf\u00e2ncia.<\/span><\/span><span class=\"LineBreakBlob BlobObject DragDrop SCXW248370154 BCX8\"><span class=\"SCXW248370154 BCX8\">\u00a0<\/span><br class=\"SCXW248370154 BCX8\"\/><\/span><span class=\"LineBreakBlob BlobObject DragDrop SCXW248370154 BCX8\"><span class=\"SCXW248370154 BCX8\">\u00a0<\/span><br class=\"SCXW248370154 BCX8\"\/><\/span><span class=\"TextRun SCXW248370154 BCX8\" lang=\"PT-BR\" xml:lang=\"PT-BR\" data-contrast=\"auto\"><span class=\"NormalTextRun SCXW248370154 BCX8\">Ao todo, o acolhimento <\/span><span class=\"NormalTextRun SCXW248370154 BCX8\">ocorreu <\/span><span class=\"NormalTextRun SCXW248370154 BCX8\">em 22 unidades <\/span><span class=\"NormalTextRun SCXW248370154 BCX8\">polo<\/span><span class=\"NormalTextRun SCXW248370154 BCX8\"> da rede municipal, sendo <\/span><span class=\"NormalTextRun SCXW248370154 BCX8\">onze <\/span><span class=\"NormalTextRun SCXW248370154 BCX8\">Centros de Educa\u00e7\u00e3o Infantil (<\/span><span class=\"NormalTextRun SCXW248370154 BCX8\">CEIs<\/span><span class=\"NormalTextRun SCXW248370154 BCX8\">) e <\/span><span class=\"NormalTextRun SCXW248370154 BCX8\">onze<\/span><span class=\"NormalTextRun SCXW248370154 BCX8\"> Escolas Municipais de Educa\u00e7\u00e3o Infantil (<\/span><span class=\"NormalTextRun SpellingErrorV2Themed SCXW248370154 BCX8\">EMEIs<\/span><span class=\"NormalTextRun SCXW248370154 BCX8\">), al\u00e9m das 29 escolas conveniadas que permanecem abertas durante o per\u00edodo.<\/span> <\/span><span class=\"LineBreakBlob BlobObject DragDrop SCXW248370154 BCX8\"><span class=\"SCXW248370154 BCX8\">\u00a0<\/span><br class=\"SCXW248370154 BCX8\"\/><\/span><span class=\"LineBreakBlob BlobObject DragDrop SCXW248370154 BCX8\"><span class=\"SCXW248370154 BCX8\">\u00a0<\/span><br class=\"SCXW248370154 BCX8\"\/><\/span><span class=\"TextRun SCXW248370154 BCX8\" lang=\"PT-BR\" xml:lang=\"PT-BR\" data-contrast=\"auto\"><span class=\"NormalTextRun SCXW248370154 BCX8\">As crian\u00e7as atendidas nas unidades <\/span><span class=\"NormalTextRun SCXW248370154 BCX8\">polo<\/span><span class=\"NormalTextRun SCXW248370154 BCX8\"> s\u00e3o encaminhadas conforme a matr\u00edcula regular. Nesses casos, a <\/span><span class=\"NormalTextRun SCXW248370154 BCX8\">p<\/span><span class=\"NormalTextRun SCXW248370154 BCX8\">refeitura <\/span><span class=\"NormalTextRun SCXW248370154 BCX8\">de Ribeir\u00e3o Preto <\/span><span class=\"NormalTextRun SCXW248370154 BCX8\">oferece transporte escolar. J\u00e1 nas conveniadas, o servi\u00e7o \u00e9 realizado na pr\u00f3pria unidade, sem necessidade de deslocamento.<\/span><\/span><span class=\"LineBreakBlob BlobObject DragDrop SCXW248370154 BCX8\"><span class=\"SCXW248370154 BCX8\">\u00a0<\/span><br class=\"SCXW248370154 BCX8\"\/><\/span><\/p>\n<\/div>\n<p><script async src=\"\/\/platform.twitter.com\/widgets.js\" charset=\"utf-8\"><\/script><br \/>\n<br \/><br \/>\n<br \/><a href=\"https:\/\/www.tribunaribeirao.com.br\/alunos-voltam-as-aulas-nesta-segunda-em-rp\/\">Source link <\/a><\/p>\n<!-- CONTENT END 1 -->\n","protected":false},"excerpt":{"rendered":"<p>26 de julho de 2025 09:0025 de julho de 2025 23:3911 Compartilhar0 Cerca de 50 mil alunos da rede municipal de ensino retornam \u00e0s aulas&#8230;<\/p>\n","protected":false},"author":1,"featured_media":74640,"comment_status":"open","ping_status":"open","sticky":false,"template":"","format":"standard","meta":{"advanced_seo_description":"","jetpack_seo_html_title":"","jetpack_seo_noindex":false,"jetpack_post_was_ever_published":false,"_jetpack_newsletter_access":"","_jetpack_dont_email_post_to_subs":false,"_jetpack_newsletter_tier_id":0,"_jetpack_memberships_contains_paywalled_content":false,"_jetpack_memberships_contains_paid_content":false,"footnotes":"","jetpack_publicize_message":"","jetpack_publicize_feature_enabled":true,"jetpack_social_post_already_shared":true,"jetpack_social_options":{"image_generator_settings":{"template":"highway","default_image_id":0,"font":"","enabled":false},"version":2}},"categories":[11],"tags":[],"class_list":["post-74639","post","type-post","status-publish","format-standard","has-post-thumbnail","hentry","category-noticias-de-ribeirao-preto-sp-e-regiao-ismael-colosi"],"jetpack_publicize_connections":[],"jetpack_featured_media_url":"https:\/\/i0.wp.com\/noticiasribeiraopreto.com.br\/wp-content\/uploads\/2025\/07\/AulaRP-Fernando-Gonzaga-scaled.jpg?fit=750%2C500&ssl=1","jetpack-related-posts":[{"id":54571,"url":"https:\/\/noticiasribeiraopreto.com.br\/index.php\/2024\/07\/12\/bolsa-familia-lei-confirmada-hoje-12-07-entra-em-vigor-nos-pagamentos-de-julho-confira-detalhes\/","url_meta":{"origin":74639,"position":0},"title":"Bolsa Fam\u00edlia: Lei Confirmada Hoje (12\/07) Entra em Vigor nos Pagamentos de Julho; Confira detalhes","author":"noticiasribeiraopreto.com.br","date":"12 de July de 2024","format":false,"excerpt":"Atendendo a 20,8 milh\u00f5es de brasileiros, o Bolsa Fam\u00edlia \u00e9 um dos maiores programas sociais do Brasil. Em julho deste ano, os pagamentos come\u00e7ar\u00e3o na pr\u00f3xima quinta-feira (18). No entanto, os benefici\u00e1rios ficaram surpreendidos com a redu\u00e7\u00e3o do montante da ajuda. O desconto ocorre devido \u00e0 interrup\u00e7\u00e3o do aux\u00edlio g\u00e1s\u2026","rel":"","context":"In &quot;Dinheiro e Investimento&quot;","block_context":{"text":"Dinheiro e Investimento","link":"https:\/\/noticiasribeiraopreto.com.br\/index.php\/category\/dinheiro-e-investimento-como-fazer-como-ganhar\/"},"img":{"alt_text":"","src":"https:\/\/i0.wp.com\/noticiasribeiraopreto.com.br\/wp-content\/uploads\/2024\/07\/www.reallygreatsite.com_.webp.webp?fit=1200%2C630&ssl=1&resize=350%2C200","width":350,"height":200,"srcset":"https:\/\/i0.wp.com\/noticiasribeiraopreto.com.br\/wp-content\/uploads\/2024\/07\/www.reallygreatsite.com_.webp.webp?fit=1200%2C630&ssl=1&resize=350%2C200 1x, https:\/\/i0.wp.com\/noticiasribeiraopreto.com.br\/wp-content\/uploads\/2024\/07\/www.reallygreatsite.com_.webp.webp?fit=1200%2C630&ssl=1&resize=525%2C300 1.5x, https:\/\/i0.wp.com\/noticiasribeiraopreto.com.br\/wp-content\/uploads\/2024\/07\/www.reallygreatsite.com_.webp.webp?fit=1200%2C630&ssl=1&resize=700%2C400 2x, https:\/\/i0.wp.com\/noticiasribeiraopreto.com.br\/wp-content\/uploads\/2024\/07\/www.reallygreatsite.com_.webp.webp?fit=1200%2C630&ssl=1&resize=1050%2C600 3x"},"classes":[]},{"id":53667,"url":"https:\/\/noticiasribeiraopreto.com.br\/index.php\/2024\/06\/22\/novo-valor-do-bolsa-familia-em-julho-r-850-para-beneficiarios-selecionados-confira-se-voce-faz-parte-do-grupo\/","url_meta":{"origin":74639,"position":1},"title":"Novo Valor do Bolsa Fam\u00edlia em Julho: R$ 850 para Benefici\u00e1rios Selecionados; Confira se voc\u00ea faz parte do grupo","author":"noticiasribeiraopreto.com.br","date":"22 de June de 2024","format":false,"excerpt":"O ciclo de pagamento do Bolsa Fam\u00edlia em julho come\u00e7a em poucas semanas e os benefici\u00e1rios com N\u00famero de Identifica\u00e7\u00e3o Social (NIS) terminam em 1. O programa, executado pela Caixa Econ\u00f4mica Federal (CEF), \u00e9 um importante componente da pol\u00edtica de assist\u00eancia social do Brasil. O Bolsa Fam\u00edlia de julho continua\u2026","rel":"","context":"In &quot;Dinheiro e Investimento&quot;","block_context":{"text":"Dinheiro e Investimento","link":"https:\/\/noticiasribeiraopreto.com.br\/index.php\/category\/dinheiro-e-investimento-como-fazer-como-ganhar\/"},"img":{"alt_text":"","src":"https:\/\/i0.wp.com\/noticiasribeiraopreto.com.br\/wp-content\/uploads\/2024\/06\/Design-sem-nome-3.webp.webp?fit=1200%2C630&ssl=1&resize=350%2C200","width":350,"height":200,"srcset":"https:\/\/i0.wp.com\/noticiasribeiraopreto.com.br\/wp-content\/uploads\/2024\/06\/Design-sem-nome-3.webp.webp?fit=1200%2C630&ssl=1&resize=350%2C200 1x, https:\/\/i0.wp.com\/noticiasribeiraopreto.com.br\/wp-content\/uploads\/2024\/06\/Design-sem-nome-3.webp.webp?fit=1200%2C630&ssl=1&resize=525%2C300 1.5x, https:\/\/i0.wp.com\/noticiasribeiraopreto.com.br\/wp-content\/uploads\/2024\/06\/Design-sem-nome-3.webp.webp?fit=1200%2C630&ssl=1&resize=700%2C400 2x, https:\/\/i0.wp.com\/noticiasribeiraopreto.com.br\/wp-content\/uploads\/2024\/06\/Design-sem-nome-3.webp.webp?fit=1200%2C630&ssl=1&resize=1050%2C600 3x"},"classes":[]},{"id":54137,"url":"https:\/\/noticiasribeiraopreto.com.br\/index.php\/2024\/06\/29\/governo-anuncia-3-beneficios-do-bolsa-familia-em-julho-com-pagamentos-juntos-confira\/","url_meta":{"origin":74639,"position":2},"title":"Governo Anuncia 3 Benef\u00edcios do Bolsa Fam\u00edlia em JULHO com Pagamentos Juntos; Confira!","author":"noticiasribeiraopreto.com.br","date":"29 de June de 2024","format":false,"excerpt":"O Governo Federal anunciou recentemente que implementar\u00e1 tr\u00eas novos benef\u00edcios dentro do programa Bolsa Fam\u00edlia, que tem lan\u00e7amento previsto para Julho. Esses acr\u00e9scimos visam fornecer apoio financeiro adicional \u00e0s fam\u00edlias de baixa renda, com foco em crian\u00e7as pequenas, adolescentes e gestantes. O pagamento desses novos benef\u00edcios ser\u00e1 feito ao mesmo\u2026","rel":"","context":"In &quot;Dinheiro e Investimento&quot;","block_context":{"text":"Dinheiro e Investimento","link":"https:\/\/noticiasribeiraopreto.com.br\/index.php\/category\/dinheiro-e-investimento-como-fazer-como-ganhar\/"},"img":{"alt_text":"","src":"https:\/\/i0.wp.com\/noticiasribeiraopreto.com.br\/wp-content\/uploads\/2024\/06\/www.Financasbrasil.org-1-1.webp.webp?fit=1200%2C630&ssl=1&resize=350%2C200","width":350,"height":200,"srcset":"https:\/\/i0.wp.com\/noticiasribeiraopreto.com.br\/wp-content\/uploads\/2024\/06\/www.Financasbrasil.org-1-1.webp.webp?fit=1200%2C630&ssl=1&resize=350%2C200 1x, https:\/\/i0.wp.com\/noticiasribeiraopreto.com.br\/wp-content\/uploads\/2024\/06\/www.Financasbrasil.org-1-1.webp.webp?fit=1200%2C630&ssl=1&resize=525%2C300 1.5x, https:\/\/i0.wp.com\/noticiasribeiraopreto.com.br\/wp-content\/uploads\/2024\/06\/www.Financasbrasil.org-1-1.webp.webp?fit=1200%2C630&ssl=1&resize=700%2C400 2x, https:\/\/i0.wp.com\/noticiasribeiraopreto.com.br\/wp-content\/uploads\/2024\/06\/www.Financasbrasil.org-1-1.webp.webp?fit=1200%2C630&ssl=1&resize=1050%2C600 3x"},"classes":[]},{"id":73283,"url":"https:\/\/noticiasribeiraopreto.com.br\/index.php\/2025\/06\/28\/museu-casa-de-portinari-tem-programacao-especial-nas-ferias-de-julho-confira\/","url_meta":{"origin":74639,"position":3},"title":"Museu Casa de Portinari tem programa\u00e7\u00e3o especial nas f\u00e9rias de julho; Confira","author":"noticiasribeiraopreto.com.br","date":"28 de June de 2025","format":false,"excerpt":"O Museu Casa de Portinari, em Brodowski, na regi\u00e3o de Ribeir\u00e3o Preto, oferece uma programa\u00e7\u00e3o especial de f\u00e9rias gratuita com oficinas, brincadeiras, jogos e espa\u00e7os de leitura. O projeto \u201cF\u00e9rias no Museu\u201d estimula a criatividade e aproxima as crian\u00e7as do universo art\u00edstico de Portinari. As atividades acontecem na esplanada do\u2026","rel":"","context":"In &quot;Not\u00edcias de Ribeir\u00e3o Preto-SP e Regi\u00e3o&quot;","block_context":{"text":"Not\u00edcias de Ribeir\u00e3o Preto-SP e Regi\u00e3o","link":"https:\/\/noticiasribeiraopreto.com.br\/index.php\/category\/noticias-de-ribeirao-preto-sp-e-regiao-ismael-colosi\/"},"img":{"alt_text":"","src":"https:\/\/i0.wp.com\/noticiasribeiraopreto.com.br\/wp-content\/uploads\/2025\/06\/5b6b7a56-6e5e-497d-8fe3-fe7aeed37d26_2025-06-28_17-41-04.webp.webp?fit=1200%2C728&ssl=1&resize=350%2C200","width":350,"height":200,"srcset":"https:\/\/i0.wp.com\/noticiasribeiraopreto.com.br\/wp-content\/uploads\/2025\/06\/5b6b7a56-6e5e-497d-8fe3-fe7aeed37d26_2025-06-28_17-41-04.webp.webp?fit=1200%2C728&ssl=1&resize=350%2C200 1x, https:\/\/i0.wp.com\/noticiasribeiraopreto.com.br\/wp-content\/uploads\/2025\/06\/5b6b7a56-6e5e-497d-8fe3-fe7aeed37d26_2025-06-28_17-41-04.webp.webp?fit=1200%2C728&ssl=1&resize=525%2C300 1.5x, https:\/\/i0.wp.com\/noticiasribeiraopreto.com.br\/wp-content\/uploads\/2025\/06\/5b6b7a56-6e5e-497d-8fe3-fe7aeed37d26_2025-06-28_17-41-04.webp.webp?fit=1200%2C728&ssl=1&resize=700%2C400 2x, https:\/\/i0.wp.com\/noticiasribeiraopreto.com.br\/wp-content\/uploads\/2025\/06\/5b6b7a56-6e5e-497d-8fe3-fe7aeed37d26_2025-06-28_17-41-04.webp.webp?fit=1200%2C728&ssl=1&resize=1050%2C600 3x"},"classes":[]},{"id":54622,"url":"https:\/\/noticiasribeiraopreto.com.br\/index.php\/2024\/07\/15\/atencao-beneficiarios-bolsa-familia-anuncia-suspensao-em-julho-confira-se-seu-nis-esta-na-lista\/","url_meta":{"origin":74639,"position":4},"title":"Aten\u00e7\u00e3o Benefici\u00e1rios! Bolsa Fam\u00edlia Anuncia Suspens\u00e3o em Julho: Confira se Seu NIS Est\u00e1 na Lista","author":"noticiasribeiraopreto.com.br","date":"15 de July de 2024","format":false,"excerpt":"Em julho deste ano, o programa Bolsa Fam\u00edlia passou por rigorosas fiscaliza\u00e7\u00f5es, que podem resultar na suspens\u00e3o ou exclus\u00e3o de alguns benefici\u00e1rios. Implementada pelo Minist\u00e9rio do Desenvolvimento, Assist\u00eancia Social, Fam\u00edlia e Combate \u00e0 Fome (MDS), essa iniciativa tem como objetivo garantir que os recursos p\u00fablicos sejam direcionados corretamente para as\u2026","rel":"","context":"In &quot;Dinheiro e Investimento&quot;","block_context":{"text":"Dinheiro e Investimento","link":"https:\/\/noticiasribeiraopreto.com.br\/index.php\/category\/dinheiro-e-investimento-como-fazer-como-ganhar\/"},"img":{"alt_text":"","src":"https:\/\/i0.wp.com\/noticiasribeiraopreto.com.br\/wp-content\/uploads\/2024\/07\/Liberdade.webp.webp?fit=1200%2C630&ssl=1&resize=350%2C200","width":350,"height":200,"srcset":"https:\/\/i0.wp.com\/noticiasribeiraopreto.com.br\/wp-content\/uploads\/2024\/07\/Liberdade.webp.webp?fit=1200%2C630&ssl=1&resize=350%2C200 1x, https:\/\/i0.wp.com\/noticiasribeiraopreto.com.br\/wp-content\/uploads\/2024\/07\/Liberdade.webp.webp?fit=1200%2C630&ssl=1&resize=525%2C300 1.5x, https:\/\/i0.wp.com\/noticiasribeiraopreto.com.br\/wp-content\/uploads\/2024\/07\/Liberdade.webp.webp?fit=1200%2C630&ssl=1&resize=700%2C400 2x, https:\/\/i0.wp.com\/noticiasribeiraopreto.com.br\/wp-content\/uploads\/2024\/07\/Liberdade.webp.webp?fit=1200%2C630&ssl=1&resize=1050%2C600 3x"},"classes":[]},{"id":53941,"url":"https:\/\/noticiasribeiraopreto.com.br\/index.php\/2024\/06\/26\/bolsa-familia-julho-aumento-nas-mensalidades-e-novas-datas-de-pagamento-confira-calendario\/","url_meta":{"origin":74639,"position":5},"title":"Bolsa Fam\u00edlia Julho: Aumento nas mensalidades e novas datas de pagamento; Confira calend\u00e1rio","author":"noticiasribeiraopreto.com.br","date":"26 de June de 2024","format":false,"excerpt":"O Bolsa Fam\u00edlia de julho traz novidades importantes para o combate \u00e0 pobreza no Brasil. Em 2024, o programa continuar\u00e1 sendo um pilar fundamental para milh\u00f5es de brasileiros. A Caixa Econ\u00f4mica Federal (CEF) gerencia os pagamentos com o objetivo de distribuir de forma eficiente os recursos para melhorar as condi\u00e7\u00f5es\u2026","rel":"","context":"In &quot;Dinheiro e Investimento&quot;","block_context":{"text":"Dinheiro e Investimento","link":"https:\/\/noticiasribeiraopreto.com.br\/index.php\/category\/dinheiro-e-investimento-como-fazer-como-ganhar\/"},"img":{"alt_text":"","src":"https:\/\/i0.wp.com\/noticiasribeiraopreto.com.br\/wp-content\/uploads\/2024\/06\/Design-sem-nome-1-1.webp.webp?fit=1200%2C630&ssl=1&resize=350%2C200","width":350,"height":200,"srcset":"https:\/\/i0.wp.com\/noticiasribeiraopreto.com.br\/wp-content\/uploads\/2024\/06\/Design-sem-nome-1-1.webp.webp?fit=1200%2C630&ssl=1&resize=350%2C200 1x, https:\/\/i0.wp.com\/noticiasribeiraopreto.com.br\/wp-content\/uploads\/2024\/06\/Design-sem-nome-1-1.webp.webp?fit=1200%2C630&ssl=1&resize=525%2C300 1.5x, https:\/\/i0.wp.com\/noticiasribeiraopreto.com.br\/wp-content\/uploads\/2024\/06\/Design-sem-nome-1-1.webp.webp?fit=1200%2C630&ssl=1&resize=700%2C400 2x, https:\/\/i0.wp.com\/noticiasribeiraopreto.com.br\/wp-content\/uploads\/2024\/06\/Design-sem-nome-1-1.webp.webp?fit=1200%2C630&ssl=1&resize=1050%2C600 3x"},"classes":[]}],"jetpack_sharing_enabled":true,"jetpack_shortlink":"https:\/\/wp.me\/peQAOb-jpR","_links":{"self":[{"href":"https:\/\/noticiasribeiraopreto.com.br\/index.php\/wp-json\/wp\/v2\/posts\/74639","targetHints":{"allow":["GET"]}}],"collection":[{"href":"https:\/\/noticiasribeiraopreto.com.br\/index.php\/wp-json\/wp\/v2\/posts"}],"about":[{"href":"https:\/\/noticiasribeiraopreto.com.br\/index.php\/wp-json\/wp\/v2\/types\/post"}],"author":[{"embeddable":true,"href":"https:\/\/noticiasribeiraopreto.com.br\/index.php\/wp-json\/wp\/v2\/users\/1"}],"replies":[{"embeddable":true,"href":"https:\/\/noticiasribeiraopreto.com.br\/index.php\/wp-json\/wp\/v2\/comments?post=74639"}],"version-history":[{"count":0,"href":"https:\/\/noticiasribeiraopreto.com.br\/index.php\/wp-json\/wp\/v2\/posts\/74639\/revisions"}],"wp:featuredmedia":[{"embeddable":true,"href":"https:\/\/noticiasribeiraopreto.com.br\/index.php\/wp-json\/wp\/v2\/media\/74640"}],"wp:attachment":[{"href":"https:\/\/noticiasribeiraopreto.com.br\/index.php\/wp-json\/wp\/v2\/media?parent=74639"}],"wp:term":[{"taxonomy":"category","embeddable":true,"href":"https:\/\/noticiasribeiraopreto.com.br\/index.php\/wp-json\/wp\/v2\/categories?post=74639"},{"taxonomy":"post_tag","embeddable":true,"href":"https:\/\/noticiasribeiraopreto.com.br\/index.php\/wp-json\/wp\/v2\/tags?post=74639"}],"curies":[{"name":"wp","href":"https:\/\/api.w.org\/{rel}","templated":true}]}}