{"id":74643,"date":"2025-07-26T09:46:41","date_gmt":"2025-07-26T12:46:41","guid":{"rendered":"https:\/\/noticiasribeiraopreto.com.br\/index.php\/2025\/07\/26\/cultura-abre-inscricoes-para-festival-de-teatro-de-ribeirao\/"},"modified":"2025-07-26T09:46:41","modified_gmt":"2025-07-26T12:46:41","slug":"cultura-abre-inscricoes-para-festival-de-teatro-de-ribeirao","status":"publish","type":"post","link":"https:\/\/noticiasribeiraopreto.com.br\/index.php\/2025\/07\/26\/cultura-abre-inscricoes-para-festival-de-teatro-de-ribeirao\/","title":{"rendered":"Cultura abre inscri\u00e7\u00f5es para Festival de Teatro de Ribeir\u00e3o"},"content":{"rendered":"<div class='code-block code-block-1' style='margin: 8px 0 8px auto; text-align: right; display: block; clear: both;'>\n<p><a href=\"https:\/\/wa.link\/vpicfd\"><img data-recalc-dims=\"1\" class=\"wp-image-4922\" style=\"aspect-ratio: 2.0253164556962027; width: 561px; height: auto;\" src=\"https:\/\/i0.wp.com\/ismaelcolosi.com.br\/wp-content\/uploads\/2023\/11\/grupo-de-empregos-whatsapp-e-facebook-ismael-colosi-vagas.jpg?ssl=1\" alt=\"\" \/><\/a><\/p>\n<!-- \/wp:image -->\n<\/div>\n<p> <br \/>\n<\/p>\n<div id=\"\">\n<p>\n\t\t\t\t\t\t\t\t\t<span class=\"entry-meta-item penci-posted-on\"><i class=\"fa fa-clock-o\"\/><time class=\"entry-date published\" datetime=\"2025-07-26T09:42:08-03:00\">26 de julho de 2025 09:42<\/time><time class=\"updated\" datetime=\"2025-07-25T23:45:40-03:00\">25 de julho de 2025 23:45<\/time><\/span><span class=\"entry-meta-item penci-post-countview\"><span class=\"entry-meta-item penci-post-countview penci_post-meta_item\"><i class=\"fa fa-eye\"\/><span class=\"penci-post-countview-number penci-post-countview-p432720\">7<\/span><\/span><\/span>\t\t\t\t\t\t\t\t<\/p>\n<p><!-- .entry-meta --><br \/>\n\t\t\t\t\t\t\t\t<span class=\"penci-social-buttons penci-social-share-footer\"><span class=\"penci-social-share-text\">Compartilhar<\/span><a href=\"#\" class=\"penci-post-like penci_post-meta_item  single-like-button penci-social-item like\" data-post_id=\"432720\" title=\"Like\" data-like=\"Like\" data-unlike=\"Unlike\"><i class=\"fa fa-thumbs-o-up\"\/><span class=\"penci-share-number\">0<\/span><\/a><i class=\"fa fa-facebook\"\/><a class=\"penci-social-item twitter\" target=\"_blank\" rel=\"noopener\" title=\"\" href=\"https:\/\/twitter.com\/intent\/tweet?text=Cultura%20abre%20inscri\u00e7\u00f5es%20para%20Festival%20de%20Teatro%20de%20Ribeir\u00e3o%20-%20https:\/\/www.tribunaribeirao.com.br\/cultura-abre-inscricoes-para-festival-de-teatro-de-ribeirao\/\"><i class=\"fa fa-twitter\"\/><\/a><i class=\"fa fa-linkedin\"\/><i class=\"fa fa-whatsapp\"\/><i class=\"fa fa-telegram\"\/><i class=\"fa fa-envelope\"\/><\/span>\t\t\t\t\t\t\t<\/div>\n<div>\n<p><span data-contrast=\"auto\">A prefeitura de Ribeir\u00e3o Preto, por meio da Secretaria Municipal da Cultura e Turismo, anuncia a abertura das inscri\u00e7\u00f5es para a nona edi\u00e7\u00e3o do Festival Nacional de Teatro de Ribeir\u00e3o Preto, que ser\u00e1 realizada de 12 a 21 de setembro de 2025.<\/span><\/p>\n<p><span data-contrast=\"auto\">Grupos teatrais de todo o Brasil podem inscrever seus espet\u00e1culos gratuitamente at\u00e9 o dia 8 de agosto. Est\u00e3o abertos, tamb\u00e9m, os chamamentos para participa\u00e7\u00e3o na curadoria do festival, a sele\u00e7\u00e3o de espet\u00e1culos independentes ou incentivados e o credenciamento de espa\u00e7os culturais interessados em integrar a programa\u00e7\u00e3o oficial.<\/span><\/p>\n<p><span data-contrast=\"auto\">\u201cO festival \u00e9 um convite para que artistas, grupos e espa\u00e7os culturais de todo o pa\u00eds estejam juntos em Ribeir\u00e3o Preto, valorizando a pluralidade do teatro brasileiro\u201d, afirma a secret\u00e1ria municipal da Cultura e Turismo, Maria Eug\u00eania Biffi.\u00a0 <\/span><\/p>\n<p><span data-contrast=\"auto\">Reconhecido nacionalmente entre os principais festivais de artes c\u00eanicas, o evento promove o interc\u00e2mbio entre artistas, amplia o acesso do p\u00fablico \u00e0 diversidade teatral e fortalece a cena cultural da cidade. <\/span><\/p>\n<p><span data-contrast=\"auto\">Inscri\u00e7\u00f5es e formul\u00e1rios dispon\u00edveis no portal <\/span><a href=\"http:\/\/www.ribeiraopreto.sp.gov.br\/portal\/culturaeturismo\"><span data-contrast=\"none\">www.ribeiraopreto.sp.gov.br\/portal\/culturaeturismo<\/span><\/a><span data-contrast=\"auto\">. Mais informa\u00e7\u00f5es no e-mail <\/span><span data-contrast=\"none\"><span class=\"__cf_email__\" data-cfemail=\"5e3f2a3728373a3f3a3b2d703d2b322a2b2c3f1e2c2e702c373c3b372c3f312e2c3b2a31702d2e70393128703c2c\">[email\u00a0protected]<\/span><\/span><span data-contrast=\"auto\">, no telefone 16) 3977-7414 ou no WhatsApp (16) 98109-2477.<\/span><\/p>\n<p><span data-contrast=\"auto\">O 8\u00ba Festival Nacional de Teatro de Ribeir\u00e3o Preto foi realizado entre 16 de agosto e 1\u00ba de setembro do ano passado, com 35 espet\u00e1culos, nove oficinas e tr\u00eas performances, tendo como palco principal o Teatro Municipal, al\u00e9m de espa\u00e7os alternativos, parques, pra\u00e7as e teatros. <\/span><\/p>\n<p><span data-contrast=\"auto\">Durante os 17 dias do festival, o p\u00fablico acompanhou duas mostras: uma Nacional e outra Local; e tamb\u00e9m espet\u00e1culos convidados e incentivados por Leis de Incentivo.\u00a0 A oitava edi\u00e7\u00e3o lan\u00e7ou o Pr\u00eamio Pedro Paulo, com uma mostra Local e outra Nacional, para homenagear esse importante artista, diretor do grupo Travessia e batalhador pelas causas da negritude. <\/span><\/p>\n<p><span data-contrast=\"auto\">A atriz Nany People foi a madrinha homenageada. O 8\u00ba Festival Nacional de Teatro de Ribeir\u00e3o Preto recebeu mais de 300 inscri\u00e7\u00f5es de grupos, espet\u00e1culos e atividades c\u00eanicas. Foram 299 inscri\u00e7\u00f5es para participar das Mostras Nacional e Local e 14 para atividades que possuem projetos aprovados via leis de incentivo.<\/span><\/p>\n<p><b><span data-contrast=\"auto\">Sobre o FNTRP \u2013 <\/span><\/b><span data-contrast=\"auto\">O Festival Nacional de Teatro de Ribeir\u00e3o Preto \u00e9 um evento de artes c\u00eanicas, de abrang\u00eancia nacional, que envolve artistas, grupos selecionados e convidados, promovendo a valoriza\u00e7\u00e3o da diversidade cultural de Ribeir\u00e3o Preto, forma\u00e7\u00e3o de plateias e o interc\u00e2mbio art\u00edstico em um grande encontro da cena cultural.<\/span><\/p>\n<p><span data-ccp-props=\"{}\">\u00a0<\/span><\/p>\n<p><span data-ccp-props=\"{}\">\u00a0<\/span><\/p>\n<\/div>\n<p><script async src=\"\/\/platform.twitter.com\/widgets.js\" charset=\"utf-8\"><\/script><br \/>\n<br \/><br \/>\n<br \/><a href=\"https:\/\/www.tribunaribeirao.com.br\/cultura-abre-inscricoes-para-festival-de-teatro-de-ribeirao\/\">Source link <\/a><\/p>\n<!-- CONTENT END 1 -->\n","protected":false},"excerpt":{"rendered":"<p>26 de julho de 2025 09:4225 de julho de 2025 23:457 Compartilhar0 A prefeitura de Ribeir\u00e3o Preto, por meio da Secretaria Municipal da Cultura e&#8230;<\/p>\n","protected":false},"author":1,"featured_media":74644,"comment_status":"open","ping_status":"open","sticky":false,"template":"","format":"standard","meta":{"advanced_seo_description":"","jetpack_seo_html_title":"","jetpack_seo_noindex":false,"jetpack_post_was_ever_published":false,"_jetpack_newsletter_access":"","_jetpack_dont_email_post_to_subs":false,"_jetpack_newsletter_tier_id":0,"_jetpack_memberships_contains_paywalled_content":false,"_jetpack_memberships_contains_paid_content":false,"footnotes":"","jetpack_publicize_message":"","jetpack_publicize_feature_enabled":true,"jetpack_social_post_already_shared":true,"jetpack_social_options":{"image_generator_settings":{"template":"highway","default_image_id":0,"font":"","enabled":false},"version":2}},"categories":[11],"tags":[],"class_list":["post-74643","post","type-post","status-publish","format-standard","has-post-thumbnail","hentry","category-noticias-de-ribeirao-preto-sp-e-regiao-ismael-colosi"],"jetpack_publicize_connections":[],"jetpack_featured_media_url":"https:\/\/i0.wp.com\/noticiasribeiraopreto.com.br\/wp-content\/uploads\/2025\/07\/TeatroRPsite.jpg?fit=1000%2C666&ssl=1","jetpack-related-posts":[{"id":18395,"url":"https:\/\/noticiasribeiraopreto.com.br\/index.php\/2023\/12\/20\/prefeitura-de-ribeirao-preto-vai-fazer-nova-licitacao-para-obra-da-nove-de-julho\/","url_meta":{"origin":74643,"position":0},"title":"Prefeitura de Ribeir\u00e3o Preto vai fazer nova licita\u00e7\u00e3o para obra da Nove de Julho","author":"noticiasribeiraopreto.com.br","date":"20 de December de 2023","format":false,"excerpt":"A Prefeitura de Ribeir\u00e3o Preto vai precisar fazer uma nova licita\u00e7\u00e3o para concluir a obra da avenida Nove de Julho, na regi\u00e3o central da cidade. A Construtora Metropolitana, que venceu a primeira licita\u00e7\u00e3o j\u00e1 foi, inclusive, multada pela Prefeitura de Ribeir\u00e3o Preto por n\u00e3o respeitar o cronograma \u2013 contrato tamb\u00e9m\u2026","rel":"","context":"In &quot;Not\u00edcias de Ribeir\u00e3o Preto-SP e Regi\u00e3o&quot;","block_context":{"text":"Not\u00edcias de Ribeir\u00e3o Preto-SP e Regi\u00e3o","link":"https:\/\/noticiasribeiraopreto.com.br\/index.php\/category\/noticias-de-ribeirao-preto-sp-e-regiao-ismael-colosi\/"},"img":{"alt_text":"","src":"https:\/\/i0.wp.com\/noticiasribeiraopreto.com.br\/wp-content\/uploads\/2023\/12\/WhatsApp-Image-2023-12-20-at-10.47.41.jpeg?fit=1200%2C675&ssl=1&resize=350%2C200","width":350,"height":200,"srcset":"https:\/\/i0.wp.com\/noticiasribeiraopreto.com.br\/wp-content\/uploads\/2023\/12\/WhatsApp-Image-2023-12-20-at-10.47.41.jpeg?fit=1200%2C675&ssl=1&resize=350%2C200 1x, https:\/\/i0.wp.com\/noticiasribeiraopreto.com.br\/wp-content\/uploads\/2023\/12\/WhatsApp-Image-2023-12-20-at-10.47.41.jpeg?fit=1200%2C675&ssl=1&resize=525%2C300 1.5x, https:\/\/i0.wp.com\/noticiasribeiraopreto.com.br\/wp-content\/uploads\/2023\/12\/WhatsApp-Image-2023-12-20-at-10.47.41.jpeg?fit=1200%2C675&ssl=1&resize=700%2C400 2x, https:\/\/i0.wp.com\/noticiasribeiraopreto.com.br\/wp-content\/uploads\/2023\/12\/WhatsApp-Image-2023-12-20-at-10.47.41.jpeg?fit=1200%2C675&ssl=1&resize=1050%2C600 3x"},"classes":[]},{"id":11091,"url":"https:\/\/noticiasribeiraopreto.com.br\/index.php\/2023\/12\/05\/prefeitura-de-ribeirao-preto-rompe-contrato-com-a-empresa-da-obra-da-nove-de-julho\/","url_meta":{"origin":74643,"position":1},"title":"Prefeitura de Ribeir\u00e3o Preto rompe contrato com a empresa da obra da Nove de Julho","author":"noticiasribeiraopreto.com.br","date":"5 de December de 2023","format":false,"excerpt":"A Prefeitura de Ribeir\u00e3o Preto oficializou, nesta ter\u00e7a-feira (5), o rompimento do contrato com a empresa Metropolitana, respons\u00e1vel pelas obras de restaura\u00e7\u00e3o da avenida Nove de Julho e pela coloca\u00e7\u00e3o de galerias de \u00e1gua pluvial no Centro. De acordo com o Executivo, a empresa foi notificada cinco vezes sobre o\u2026","rel":"","context":"In &quot;Not\u00edcias de Ribeir\u00e3o Preto-SP e Regi\u00e3o&quot;","block_context":{"text":"Not\u00edcias de Ribeir\u00e3o Preto-SP e Regi\u00e3o","link":"https:\/\/noticiasribeiraopreto.com.br\/index.php\/category\/noticias-de-ribeirao-preto-sp-e-regiao-ismael-colosi\/"},"img":{"alt_text":"","src":"https:\/\/i0.wp.com\/noticiasribeiraopreto.com.br\/wp-content\/uploads\/2023\/12\/WhatsApp-Image-2023-12-05-at-11.04.13.jpeg?fit=1200%2C764&ssl=1&resize=350%2C200","width":350,"height":200,"srcset":"https:\/\/i0.wp.com\/noticiasribeiraopreto.com.br\/wp-content\/uploads\/2023\/12\/WhatsApp-Image-2023-12-05-at-11.04.13.jpeg?fit=1200%2C764&ssl=1&resize=350%2C200 1x, https:\/\/i0.wp.com\/noticiasribeiraopreto.com.br\/wp-content\/uploads\/2023\/12\/WhatsApp-Image-2023-12-05-at-11.04.13.jpeg?fit=1200%2C764&ssl=1&resize=525%2C300 1.5x, https:\/\/i0.wp.com\/noticiasribeiraopreto.com.br\/wp-content\/uploads\/2023\/12\/WhatsApp-Image-2023-12-05-at-11.04.13.jpeg?fit=1200%2C764&ssl=1&resize=700%2C400 2x, https:\/\/i0.wp.com\/noticiasribeiraopreto.com.br\/wp-content\/uploads\/2023\/12\/WhatsApp-Image-2023-12-05-at-11.04.13.jpeg?fit=1200%2C764&ssl=1&resize=1050%2C600 3x"},"classes":[]},{"id":84395,"url":"https:\/\/noticiasribeiraopreto.com.br\/index.php\/2026\/04\/08\/evento-gratuito-transforma-avenida-nove-de-julho-em-espaco-de-cultura-e-diversao\/","url_meta":{"origin":74643,"position":2},"title":"Evento gratuito transforma avenida Nove de Julho em espa\u00e7o de cultura e divers\u00e3o","author":"noticiasribeiraopreto.com.br","date":"8 de April de 2026","format":false,"excerpt":"Ler o resumo da not\u00edcia Evento gratuito \"Viva a Nove\" ocorre em 12 de abril, das 15h \u00e0s 19h, na Avenida Nove de Julho em Ribeir\u00e3o Preto. A avenue ser\u00e1 transformada em espa\u00e7o de cultura e divers\u00e3o com apresenta\u00e7\u00f5es art\u00edsticas e atividades diversificadas. Participam do evento o Instituto do Livro,\u2026","rel":"","context":"In &quot;Not\u00edcias de Ribeir\u00e3o Preto-SP e Regi\u00e3o&quot;","block_context":{"text":"Not\u00edcias de Ribeir\u00e3o Preto-SP e Regi\u00e3o","link":"https:\/\/noticiasribeiraopreto.com.br\/index.php\/category\/noticias-de-ribeirao-preto-sp-e-regiao-ismael-colosi\/"},"img":{"alt_text":"","src":"https:\/\/i0.wp.com\/noticiasribeiraopreto.com.br\/wp-content\/uploads\/2026\/04\/avenida-nove-de-julho_2025-07-18_19-28-18.webp.webp?fit=1200%2C800&ssl=1&resize=350%2C200","width":350,"height":200,"srcset":"https:\/\/i0.wp.com\/noticiasribeiraopreto.com.br\/wp-content\/uploads\/2026\/04\/avenida-nove-de-julho_2025-07-18_19-28-18.webp.webp?fit=1200%2C800&ssl=1&resize=350%2C200 1x, https:\/\/i0.wp.com\/noticiasribeiraopreto.com.br\/wp-content\/uploads\/2026\/04\/avenida-nove-de-julho_2025-07-18_19-28-18.webp.webp?fit=1200%2C800&ssl=1&resize=525%2C300 1.5x, https:\/\/i0.wp.com\/noticiasribeiraopreto.com.br\/wp-content\/uploads\/2026\/04\/avenida-nove-de-julho_2025-07-18_19-28-18.webp.webp?fit=1200%2C800&ssl=1&resize=700%2C400 2x, https:\/\/i0.wp.com\/noticiasribeiraopreto.com.br\/wp-content\/uploads\/2026\/04\/avenida-nove-de-julho_2025-07-18_19-28-18.webp.webp?fit=1200%2C800&ssl=1&resize=1050%2C600 3x"},"classes":[]},{"id":69608,"url":"https:\/\/noticiasribeiraopreto.com.br\/index.php\/2025\/05\/07\/xico-sa-e-luciana-mello-participam-de-feira-do-livro-na-regiao-de-ribeirao-preto\/","url_meta":{"origin":74643,"position":3},"title":"Xico S\u00e1 e Luciana Mello participam de feira do livro na regi\u00e3o de Ribeir\u00e3o Preto","author":"noticiasribeiraopreto.com.br","date":"7 de May de 2025","format":false,"excerpt":"Entre os dias 8 e 11 de maio, Guar\u00e1, cidade na regi\u00e3o de Ribeir\u00e3o Preto, recebe a 7\u00aa edi\u00e7\u00e3o da Feira do Livro. Neste ano, a obra do escritor e desenhista Mauricio de Sousa \u00e9 homenageada. A programa\u00e7\u00e3o \u00e9 gratuita e acontece na pra\u00e7a Nove de Julho. O evento receber\u00e1\u2026","rel":"","context":"In &quot;Not\u00edcias de Ribeir\u00e3o Preto-SP e Regi\u00e3o&quot;","block_context":{"text":"Not\u00edcias de Ribeir\u00e3o Preto-SP e Regi\u00e3o","link":"https:\/\/noticiasribeiraopreto.com.br\/index.php\/category\/noticias-de-ribeirao-preto-sp-e-regiao-ismael-colosi\/"},"img":{"alt_text":"","src":"https:\/\/i0.wp.com\/noticiasribeiraopreto.com.br\/wp-content\/uploads\/2025\/05\/xico-sa-e-luciana-mello_2025-05-07_14-01-07.webp.webp?fit=1200%2C674&ssl=1&resize=350%2C200","width":350,"height":200,"srcset":"https:\/\/i0.wp.com\/noticiasribeiraopreto.com.br\/wp-content\/uploads\/2025\/05\/xico-sa-e-luciana-mello_2025-05-07_14-01-07.webp.webp?fit=1200%2C674&ssl=1&resize=350%2C200 1x, https:\/\/i0.wp.com\/noticiasribeiraopreto.com.br\/wp-content\/uploads\/2025\/05\/xico-sa-e-luciana-mello_2025-05-07_14-01-07.webp.webp?fit=1200%2C674&ssl=1&resize=525%2C300 1.5x, https:\/\/i0.wp.com\/noticiasribeiraopreto.com.br\/wp-content\/uploads\/2025\/05\/xico-sa-e-luciana-mello_2025-05-07_14-01-07.webp.webp?fit=1200%2C674&ssl=1&resize=700%2C400 2x, https:\/\/i0.wp.com\/noticiasribeiraopreto.com.br\/wp-content\/uploads\/2025\/05\/xico-sa-e-luciana-mello_2025-05-07_14-01-07.webp.webp?fit=1200%2C674&ssl=1&resize=1050%2C600 3x"},"classes":[]},{"id":12331,"url":"https:\/\/noticiasribeiraopreto.com.br\/index.php\/2023\/12\/07\/saiba-o-que-vai-acontecer-com-a-nove-de-julho-apos-rompimento-de-contrato-de-obra\/","url_meta":{"origin":74643,"position":4},"title":"Saiba o que vai acontecer com a Nove de Julho ap\u00f3s rompimento de contrato de obra","author":"noticiasribeiraopreto.com.br","date":"7 de December de 2023","format":false,"excerpt":"O secret\u00e1rio de Obras de Ribeir\u00e3o Preto, Pedro Luiz Pegoraro, disse nesta quinta-feira (7) que a prefeitura deve realizar interven\u00e7\u00f5es no local em que estavam sendo realizadas as obras da avenida Nove de Julho, a partir da pr\u00f3xima semana. Pegoraro participou de reuni\u00e3o da comiss\u00e3o de Obras da C\u00e2mara Municipal\u2026","rel":"","context":"In &quot;Not\u00edcias de Ribeir\u00e3o Preto-SP e Regi\u00e3o&quot;","block_context":{"text":"Not\u00edcias de Ribeir\u00e3o Preto-SP e Regi\u00e3o","link":"https:\/\/noticiasribeiraopreto.com.br\/index.php\/category\/noticias-de-ribeirao-preto-sp-e-regiao-ismael-colosi\/"},"img":{"alt_text":"","src":"https:\/\/i0.wp.com\/noticiasribeiraopreto.com.br\/wp-content\/uploads\/2023\/12\/avenida-nove-de-julho-3.jpeg?fit=1200%2C675&ssl=1&resize=350%2C200","width":350,"height":200,"srcset":"https:\/\/i0.wp.com\/noticiasribeiraopreto.com.br\/wp-content\/uploads\/2023\/12\/avenida-nove-de-julho-3.jpeg?fit=1200%2C675&ssl=1&resize=350%2C200 1x, https:\/\/i0.wp.com\/noticiasribeiraopreto.com.br\/wp-content\/uploads\/2023\/12\/avenida-nove-de-julho-3.jpeg?fit=1200%2C675&ssl=1&resize=525%2C300 1.5x, https:\/\/i0.wp.com\/noticiasribeiraopreto.com.br\/wp-content\/uploads\/2023\/12\/avenida-nove-de-julho-3.jpeg?fit=1200%2C675&ssl=1&resize=700%2C400 2x, https:\/\/i0.wp.com\/noticiasribeiraopreto.com.br\/wp-content\/uploads\/2023\/12\/avenida-nove-de-julho-3.jpeg?fit=1200%2C675&ssl=1&resize=1050%2C600 3x"},"classes":[]},{"id":66102,"url":"https:\/\/noticiasribeiraopreto.com.br\/index.php\/2025\/03\/27\/avenida-nove-de-julho-e-totalmente-liberada-ao-trafego-em-ribeirao-preto-apos-obras-de-revitalizacao\/","url_meta":{"origin":74643,"position":5},"title":"Avenida Nove de Julho \u00e9 Totalmente Liberada ao Tr\u00e1fego em Ribeir\u00e3o Preto Ap\u00f3s Obras de Revitaliza\u00e7\u00e3o","author":"noticiasribeiraopreto.com.br","date":"27 de March de 2025","format":false,"excerpt":"Ap\u00f3s um ano e nove meses de obras, a Avenida Nove de Julho, uma das principais vias de Ribeir\u00e3o Preto, foi totalmente liberada para o tr\u00e1fego nesta quinta-feira, 27 de mar\u00e7o de 2025. A via, que estava interditada desde julho de 2023, passou por um processo abrangente de revitaliza\u00e7\u00e3o e\u2026","rel":"","context":"In &quot;Not\u00edcias de Ribeir\u00e3o Preto-SP e Regi\u00e3o&quot;","block_context":{"text":"Not\u00edcias de Ribeir\u00e3o Preto-SP e Regi\u00e3o","link":"https:\/\/noticiasribeiraopreto.com.br\/index.php\/category\/noticias-de-ribeirao-preto-sp-e-regiao-ismael-colosi\/"},"img":{"alt_text":"","src":"https:\/\/i0.wp.com\/noticiasribeiraopreto.com.br\/wp-content\/uploads\/2025\/03\/reabertura_9_de_julho_-_foto_fernando_gonzaga_36.jpg?fit=1200%2C800&ssl=1&resize=350%2C200","width":350,"height":200,"srcset":"https:\/\/i0.wp.com\/noticiasribeiraopreto.com.br\/wp-content\/uploads\/2025\/03\/reabertura_9_de_julho_-_foto_fernando_gonzaga_36.jpg?fit=1200%2C800&ssl=1&resize=350%2C200 1x, https:\/\/i0.wp.com\/noticiasribeiraopreto.com.br\/wp-content\/uploads\/2025\/03\/reabertura_9_de_julho_-_foto_fernando_gonzaga_36.jpg?fit=1200%2C800&ssl=1&resize=525%2C300 1.5x, https:\/\/i0.wp.com\/noticiasribeiraopreto.com.br\/wp-content\/uploads\/2025\/03\/reabertura_9_de_julho_-_foto_fernando_gonzaga_36.jpg?fit=1200%2C800&ssl=1&resize=700%2C400 2x, https:\/\/i0.wp.com\/noticiasribeiraopreto.com.br\/wp-content\/uploads\/2025\/03\/reabertura_9_de_julho_-_foto_fernando_gonzaga_36.jpg?fit=1200%2C800&ssl=1&resize=1050%2C600 3x"},"classes":[]}],"jetpack_sharing_enabled":true,"jetpack_shortlink":"https:\/\/wp.me\/peQAOb-jpV","_links":{"self":[{"href":"https:\/\/noticiasribeiraopreto.com.br\/index.php\/wp-json\/wp\/v2\/posts\/74643","targetHints":{"allow":["GET"]}}],"collection":[{"href":"https:\/\/noticiasribeiraopreto.com.br\/index.php\/wp-json\/wp\/v2\/posts"}],"about":[{"href":"https:\/\/noticiasribeiraopreto.com.br\/index.php\/wp-json\/wp\/v2\/types\/post"}],"author":[{"embeddable":true,"href":"https:\/\/noticiasribeiraopreto.com.br\/index.php\/wp-json\/wp\/v2\/users\/1"}],"replies":[{"embeddable":true,"href":"https:\/\/noticiasribeiraopreto.com.br\/index.php\/wp-json\/wp\/v2\/comments?post=74643"}],"version-history":[{"count":0,"href":"https:\/\/noticiasribeiraopreto.com.br\/index.php\/wp-json\/wp\/v2\/posts\/74643\/revisions"}],"wp:featuredmedia":[{"embeddable":true,"href":"https:\/\/noticiasribeiraopreto.com.br\/index.php\/wp-json\/wp\/v2\/media\/74644"}],"wp:attachment":[{"href":"https:\/\/noticiasribeiraopreto.com.br\/index.php\/wp-json\/wp\/v2\/media?parent=74643"}],"wp:term":[{"taxonomy":"category","embeddable":true,"href":"https:\/\/noticiasribeiraopreto.com.br\/index.php\/wp-json\/wp\/v2\/categories?post=74643"},{"taxonomy":"post_tag","embeddable":true,"href":"https:\/\/noticiasribeiraopreto.com.br\/index.php\/wp-json\/wp\/v2\/tags?post=74643"}],"curies":[{"name":"wp","href":"https:\/\/api.w.org\/{rel}","templated":true}]}}