{"id":74645,"date":"2025-07-26T12:07:05","date_gmt":"2025-07-26T15:07:05","guid":{"rendered":"https:\/\/noticiasribeiraopreto.com.br\/index.php\/2025\/07\/26\/teatro-municipal-de-ribeirao-preto-recebe-classico-de-shakespeare\/"},"modified":"2025-07-26T12:07:05","modified_gmt":"2025-07-26T15:07:05","slug":"teatro-municipal-de-ribeirao-preto-recebe-classico-de-shakespeare","status":"publish","type":"post","link":"https:\/\/noticiasribeiraopreto.com.br\/index.php\/2025\/07\/26\/teatro-municipal-de-ribeirao-preto-recebe-classico-de-shakespeare\/","title":{"rendered":"Teatro Municipal de Ribeir\u00e3o Preto recebe cl\u00e1ssico de Shakespeare"},"content":{"rendered":"<div class='code-block code-block-1' style='margin: 8px 0 8px auto; text-align: right; display: block; clear: both;'>\n<p><a href=\"https:\/\/wa.link\/vpicfd\"><img data-recalc-dims=\"1\" class=\"wp-image-4922\" style=\"aspect-ratio: 2.0253164556962027; width: 561px; height: auto;\" src=\"https:\/\/i0.wp.com\/ismaelcolosi.com.br\/wp-content\/uploads\/2023\/11\/grupo-de-empregos-whatsapp-e-facebook-ismael-colosi-vagas.jpg?ssl=1\" alt=\"\" \/><\/a><\/p>\n<!-- \/wp:image -->\n<\/div>\n<p> <br \/>\n<\/p>\n<div data-td-block-uid=\"tdi_95\">\n<div class=\"tdb-block-inner td-fix-index\">\n<p>O <strong>Teatro Municipal de Ribeir\u00e3o Preto<\/strong> recebe no pr\u00f3ximo dia 31 de julho, \u00e0s 20h, a pe\u00e7a cl\u00e1ssica de <strong>Shakespeare: \u201cSonho de Uma Noite de Ver\u00e3o\u201d<\/strong>. Os ingressos custam a partir de R$ 20 e podem ser adquiridos pela internet (<a href=\"https:\/\/www.sympla.com.br\/evento\/sonho-de-uma-noite-de-verao\/3021951\" data-type=\"link\" data-id=\"https:\/\/www.sympla.com.br\/evento\/sonho-de-uma-noite-de-verao\/3021951\" target=\"_blank\" rel=\"noopener\">clique aqui<\/a>).<\/p>\n<p>Apresentada pela Trupe Mandacaru e com dire\u00e7\u00e3o de D\u00e9bora Rocha, a adapta\u00e7\u00e3o deste cl\u00e1ssico traz m\u00fasicas e elementos da cultura brasileira. <mark style=\"background-color:#fcb900\" class=\"has-inline-color has-black-color\">O espet\u00e1culo contar\u00e1 com int\u00e9rprete de libras e tem classifica\u00e7\u00e3o indicativa Livre<\/mark>.<\/p>\n<h2 class=\"wp-block-heading\"><strong>Sinopse<\/strong><\/h2>\n<p>\u00c0s v\u00e9speras do casamento de Teseu e Hip\u00f3lita, o jovem casal formado por H\u00e9rmia e Lisandro decide fugir para viver seu amor proibido, uma vez que o pai da jovem mo\u00e7a quer que a mesma se case com Dem\u00e9trio, paix\u00e3o de Helena.<\/p>\n<p>O que o casal e os outros dois jovens n\u00e3o esperavam ao fugirem para a floresta, seria a intromiss\u00e3o de Puck, fiel servo de Oberon, que acaba bagun\u00e7ando e confundindo a cabe\u00e7a dos jovens.<\/p>\n<p>Ao mesmo tempo, um grupo de artes\u00e3os se prepara para encenar uma pe\u00e7a teatral no esperado casamento que se aproxima, ainda que um de seus integrantes tenha tido um leve problema em meio aos ensaios pela floresta.<\/p>\n<p><!-- AI CONTENT END 1 -->\n<\/div>\n<\/div>\n<p><br \/>\n<br \/><a href=\"https:\/\/www.acidadeon.com\/ribeiraopreto\/lazer-e-cultura\/teatro-municipal-de-ribeirao-preto-recebe-classico-de-shakespeare\/\">Source link <\/a><\/p>\n<!-- CONTENT END 1 -->\n","protected":false},"excerpt":{"rendered":"<p>O Teatro Municipal de Ribeir\u00e3o Preto recebe no pr\u00f3ximo dia 31 de julho, \u00e0s 20h, a pe\u00e7a cl\u00e1ssica de Shakespeare: \u201cSonho de Uma Noite de&#8230;<\/p>\n","protected":false},"author":1,"featured_media":74646,"comment_status":"open","ping_status":"open","sticky":false,"template":"","format":"standard","meta":{"advanced_seo_description":"","jetpack_seo_html_title":"","jetpack_seo_noindex":false,"jetpack_post_was_ever_published":false,"_jetpack_newsletter_access":"","_jetpack_dont_email_post_to_subs":false,"_jetpack_newsletter_tier_id":0,"_jetpack_memberships_contains_paywalled_content":false,"_jetpack_memberships_contains_paid_content":false,"footnotes":"","jetpack_publicize_message":"","jetpack_publicize_feature_enabled":true,"jetpack_social_post_already_shared":true,"jetpack_social_options":{"image_generator_settings":{"template":"highway","default_image_id":0,"font":"","enabled":false},"version":2}},"categories":[11],"tags":[],"class_list":["post-74645","post","type-post","status-publish","format-standard","has-post-thumbnail","hentry","category-noticias-de-ribeirao-preto-sp-e-regiao-ismael-colosi"],"jetpack_publicize_connections":[],"jetpack_featured_media_url":"https:\/\/i0.wp.com\/noticiasribeiraopreto.com.br\/wp-content\/uploads\/2025\/07\/sonho-de-uma-noite-de-verao_2025-07-26_14-55-01.webp.webp?fit=1200%2C799&ssl=1","jetpack-related-posts":[{"id":68125,"url":"https:\/\/noticiasribeiraopreto.com.br\/index.php\/2025\/04\/22\/teatro-municipal-de-ribeirao-preto-recebe-classicos-infantis-no-fim-de-semana\/","url_meta":{"origin":74645,"position":0},"title":"Teatro Municipal de Ribeir\u00e3o Preto recebe cl\u00e1ssicos infantis no fim de semana","author":"noticiasribeiraopreto.com.br","date":"22 de April de 2025","format":false,"excerpt":"O Teatro Municipal de Ribeir\u00e3o Preto recebe dois espet\u00e1culos infantis no pr\u00f3ximo domingo (27). Entram em cartaz os cl\u00e1ssicos \u201cJo\u00e3o e Maria\u201d e \u201cA Turma do S\u00edtio do Picapau\u201d, com sess\u00f5es \u00e0s 15h e \u00e0s 18h, respectivamente. Os ingressos podem ser adquiridos on-line \u2013 veja como abaixo. Em \u201cJo\u00e3o e\u2026","rel":"","context":"In &quot;Not\u00edcias de Ribeir\u00e3o Preto-SP e Regi\u00e3o&quot;","block_context":{"text":"Not\u00edcias de Ribeir\u00e3o Preto-SP e Regi\u00e3o","link":"https:\/\/noticiasribeiraopreto.com.br\/index.php\/category\/noticias-de-ribeirao-preto-sp-e-regiao-ismael-colosi\/"},"img":{"alt_text":"","src":"https:\/\/i0.wp.com\/noticiasribeiraopreto.com.br\/wp-content\/uploads\/2025\/04\/20241126110347_2025-04-22_15-19-10.webp.webp?fit=1200%2C900&ssl=1&resize=350%2C200","width":350,"height":200,"srcset":"https:\/\/i0.wp.com\/noticiasribeiraopreto.com.br\/wp-content\/uploads\/2025\/04\/20241126110347_2025-04-22_15-19-10.webp.webp?fit=1200%2C900&ssl=1&resize=350%2C200 1x, https:\/\/i0.wp.com\/noticiasribeiraopreto.com.br\/wp-content\/uploads\/2025\/04\/20241126110347_2025-04-22_15-19-10.webp.webp?fit=1200%2C900&ssl=1&resize=525%2C300 1.5x, https:\/\/i0.wp.com\/noticiasribeiraopreto.com.br\/wp-content\/uploads\/2025\/04\/20241126110347_2025-04-22_15-19-10.webp.webp?fit=1200%2C900&ssl=1&resize=700%2C400 2x, https:\/\/i0.wp.com\/noticiasribeiraopreto.com.br\/wp-content\/uploads\/2025\/04\/20241126110347_2025-04-22_15-19-10.webp.webp?fit=1200%2C900&ssl=1&resize=1050%2C600 3x"},"classes":[]},{"id":83626,"url":"https:\/\/noticiasribeiraopreto.com.br\/index.php\/2026\/03\/22\/teatro-municipal-de-ribeirao-preto-recebe-espetaculo-tenente-seblon\/","url_meta":{"origin":74645,"position":1},"title":"Teatro Municipal de Ribeir\u00e3o Preto recebe espet\u00e1culo &#8216;Tenente Seblon&#8217;","author":"noticiasribeiraopreto.com.br","date":"22 de March de 2026","format":false,"excerpt":"O Teatro Municipal de Ribeir\u00e3o Preto recebe no pr\u00f3ximo dia 24 de abril, \u00e0s 20h, o espet\u00e1culo \u201cTenente Seblon\u201d.\u00a0 Os ingressos j\u00e1 est\u00e3o dispon\u00edveis pela internet (clique aqui) e custam entre R$ 40 e R$ 80. Sinopse \u00c9 um spin-off dram\u00e1tico criado por Francis Mayer, livremente inspirado na obra \u201cQuerelle\u201d\u2026","rel":"","context":"In &quot;Not\u00edcias de Ribeir\u00e3o Preto-SP e Regi\u00e3o&quot;","block_context":{"text":"Not\u00edcias de Ribeir\u00e3o Preto-SP e Regi\u00e3o","link":"https:\/\/noticiasribeiraopreto.com.br\/index.php\/category\/noticias-de-ribeirao-preto-sp-e-regiao-ismael-colosi\/"},"img":{"alt_text":"","src":"https:\/\/i0.wp.com\/noticiasribeiraopreto.com.br\/wp-content\/uploads\/2026\/03\/Tenente-seblon_2026-03-22_16-13-23.webp.webp?fit=1200%2C800&ssl=1&resize=350%2C200","width":350,"height":200,"srcset":"https:\/\/i0.wp.com\/noticiasribeiraopreto.com.br\/wp-content\/uploads\/2026\/03\/Tenente-seblon_2026-03-22_16-13-23.webp.webp?fit=1200%2C800&ssl=1&resize=350%2C200 1x, https:\/\/i0.wp.com\/noticiasribeiraopreto.com.br\/wp-content\/uploads\/2026\/03\/Tenente-seblon_2026-03-22_16-13-23.webp.webp?fit=1200%2C800&ssl=1&resize=525%2C300 1.5x, https:\/\/i0.wp.com\/noticiasribeiraopreto.com.br\/wp-content\/uploads\/2026\/03\/Tenente-seblon_2026-03-22_16-13-23.webp.webp?fit=1200%2C800&ssl=1&resize=700%2C400 2x, https:\/\/i0.wp.com\/noticiasribeiraopreto.com.br\/wp-content\/uploads\/2026\/03\/Tenente-seblon_2026-03-22_16-13-23.webp.webp?fit=1200%2C800&ssl=1&resize=1050%2C600 3x"},"classes":[]},{"id":79495,"url":"https:\/\/noticiasribeiraopreto.com.br\/index.php\/2025\/11\/02\/teatro-municipal-de-ribeirao-preto-recebe-espetaculo-a-verdadeira-historia-do-papai-noel\/","url_meta":{"origin":74645,"position":2},"title":"Teatro Municipal de Ribeir\u00e3o Preto recebe espet\u00e1culo \u2018A Verdadeira Hist\u00f3ria do Papai Noel\u2019","author":"noticiasribeiraopreto.com.br","date":"2 de November de 2025","format":false,"excerpt":"O Teatro Municipal de Ribeir\u00e3o Preto recebe na pr\u00f3xima ter\u00e7a-feira (5), \u00e0s 20h, o espet\u00e1culo \u201cA Verdadeira Hist\u00f3ria do Papai Noel\u201d. Os ingressos est\u00e3o dispon\u00edveis pela internet (clique aqui) e custam entre R$ 25 (meia) e R$ 50. O musical \u00e9 inspirado no livro hom\u00f4nimo da escritora M\u00e9rcia Gallo e\u2026","rel":"","context":"In &quot;Not\u00edcias de Ribeir\u00e3o Preto-SP e Regi\u00e3o&quot;","block_context":{"text":"Not\u00edcias de Ribeir\u00e3o Preto-SP e Regi\u00e3o","link":"https:\/\/noticiasribeiraopreto.com.br\/index.php\/category\/noticias-de-ribeirao-preto-sp-e-regiao-ismael-colosi\/"},"img":{"alt_text":"","src":"https:\/\/i0.wp.com\/noticiasribeiraopreto.com.br\/wp-content\/uploads\/2025\/11\/a-verdadeira-historia-do-papai-noel_2025-11-02_19-42-14.webp.webp?fit=1200%2C800&ssl=1&resize=350%2C200","width":350,"height":200,"srcset":"https:\/\/i0.wp.com\/noticiasribeiraopreto.com.br\/wp-content\/uploads\/2025\/11\/a-verdadeira-historia-do-papai-noel_2025-11-02_19-42-14.webp.webp?fit=1200%2C800&ssl=1&resize=350%2C200 1x, https:\/\/i0.wp.com\/noticiasribeiraopreto.com.br\/wp-content\/uploads\/2025\/11\/a-verdadeira-historia-do-papai-noel_2025-11-02_19-42-14.webp.webp?fit=1200%2C800&ssl=1&resize=525%2C300 1.5x, https:\/\/i0.wp.com\/noticiasribeiraopreto.com.br\/wp-content\/uploads\/2025\/11\/a-verdadeira-historia-do-papai-noel_2025-11-02_19-42-14.webp.webp?fit=1200%2C800&ssl=1&resize=700%2C400 2x, https:\/\/i0.wp.com\/noticiasribeiraopreto.com.br\/wp-content\/uploads\/2025\/11\/a-verdadeira-historia-do-papai-noel_2025-11-02_19-42-14.webp.webp?fit=1200%2C800&ssl=1&resize=1050%2C600 3x"},"classes":[]},{"id":84028,"url":"https:\/\/noticiasribeiraopreto.com.br\/index.php\/2026\/03\/31\/teatro-municipal-de-ribeirao-preto-recebe-show-divas-in-concert\/","url_meta":{"origin":74645,"position":3},"title":"Teatro Municipal de Ribeir\u00e3o Preto recebe show Divas In Concert","author":"noticiasribeiraopreto.com.br","date":"31 de March de 2026","format":false,"excerpt":"Ler o resumo da not\u00edcia Teatro Municipal de Ribeir\u00e3o Preto recebe show Divas in Concert nesta ter\u00e7a-feira (31), \u00e0s 20h. O espet\u00e1culo, com a orquestra Lyra, celebra vozes de artistas como Nina Simone, Elis Regina, Rita Lee e C\u00e1ssia Eller. As int\u00e9rpretes ser\u00e3o Fernanda Marx, Avinny, Bartira Sene, Gika Bacchi,\u2026","rel":"","context":"In &quot;Not\u00edcias de Ribeir\u00e3o Preto-SP e Regi\u00e3o&quot;","block_context":{"text":"Not\u00edcias de Ribeir\u00e3o Preto-SP e Regi\u00e3o","link":"https:\/\/noticiasribeiraopreto.com.br\/index.php\/category\/noticias-de-ribeirao-preto-sp-e-regiao-ismael-colosi\/"},"img":{"alt_text":"","src":"https:\/\/i0.wp.com\/noticiasribeiraopreto.com.br\/wp-content\/uploads\/2026\/03\/divas-in-concert-colagem_2026-03-31_14-17-53.webp.webp?fit=1200%2C674&ssl=1&resize=350%2C200","width":350,"height":200,"srcset":"https:\/\/i0.wp.com\/noticiasribeiraopreto.com.br\/wp-content\/uploads\/2026\/03\/divas-in-concert-colagem_2026-03-31_14-17-53.webp.webp?fit=1200%2C674&ssl=1&resize=350%2C200 1x, https:\/\/i0.wp.com\/noticiasribeiraopreto.com.br\/wp-content\/uploads\/2026\/03\/divas-in-concert-colagem_2026-03-31_14-17-53.webp.webp?fit=1200%2C674&ssl=1&resize=525%2C300 1.5x, https:\/\/i0.wp.com\/noticiasribeiraopreto.com.br\/wp-content\/uploads\/2026\/03\/divas-in-concert-colagem_2026-03-31_14-17-53.webp.webp?fit=1200%2C674&ssl=1&resize=700%2C400 2x, https:\/\/i0.wp.com\/noticiasribeiraopreto.com.br\/wp-content\/uploads\/2026\/03\/divas-in-concert-colagem_2026-03-31_14-17-53.webp.webp?fit=1200%2C674&ssl=1&resize=1050%2C600 3x"},"classes":[]},{"id":29142,"url":"https:\/\/noticiasribeiraopreto.com.br\/index.php\/2024\/01\/17\/teatro-municipal-de-ribeirao-recebe-musical-o-casamento-da-dona-baratinha\/","url_meta":{"origin":74645,"position":4},"title":"Teatro Municipal de Ribeir\u00e3o recebe musical \u2018O Casamento da Dona Baratinha\u2019","author":"noticiasribeiraopreto.com.br","date":"17 de January de 2024","format":false,"excerpt":"O musical infantil \u201cO Casamento da Dona Baratinha\u201d chega a Ribeir\u00e3o Preto no dia 25 de fevereiro, \u00e0s 16h, no Teatro Municipal. Os ingressos custam a partir de R$ 30 e podem ser comprados pela internet (clique aqui). Sinopse Na pe\u00e7a, Dona Baratinha herda de sua tia Baratonilda, todos os\u2026","rel":"","context":"In &quot;Not\u00edcias de Ribeir\u00e3o Preto-SP e Regi\u00e3o&quot;","block_context":{"text":"Not\u00edcias de Ribeir\u00e3o Preto-SP e Regi\u00e3o","link":"https:\/\/noticiasribeiraopreto.com.br\/index.php\/category\/noticias-de-ribeirao-preto-sp-e-regiao-ismael-colosi\/"},"img":{"alt_text":"","src":"https:\/\/i0.wp.com\/noticiasribeiraopreto.com.br\/wp-content\/uploads\/2024\/01\/com-macaco.jpg?fit=1200%2C900&ssl=1&resize=350%2C200","width":350,"height":200,"srcset":"https:\/\/i0.wp.com\/noticiasribeiraopreto.com.br\/wp-content\/uploads\/2024\/01\/com-macaco.jpg?fit=1200%2C900&ssl=1&resize=350%2C200 1x, https:\/\/i0.wp.com\/noticiasribeiraopreto.com.br\/wp-content\/uploads\/2024\/01\/com-macaco.jpg?fit=1200%2C900&ssl=1&resize=525%2C300 1.5x, https:\/\/i0.wp.com\/noticiasribeiraopreto.com.br\/wp-content\/uploads\/2024\/01\/com-macaco.jpg?fit=1200%2C900&ssl=1&resize=700%2C400 2x, https:\/\/i0.wp.com\/noticiasribeiraopreto.com.br\/wp-content\/uploads\/2024\/01\/com-macaco.jpg?fit=1200%2C900&ssl=1&resize=1050%2C600 3x"},"classes":[]},{"id":67073,"url":"https:\/\/noticiasribeiraopreto.com.br\/index.php\/2025\/04\/09\/teatro-municipal-de-ribeirao-preto-recebe-o-musical-refrao-da-furia\/","url_meta":{"origin":74645,"position":5},"title":"Teatro Municipal de Ribeir\u00e3o Preto recebe o musical \u2018Refr\u00e3o da F\u00faria\u2019","author":"noticiasribeiraopreto.com.br","date":"9 de April de 2025","format":false,"excerpt":"O Teatro Municipal de Ribeir\u00e3o Preto recebe no pr\u00f3ximo dia 17 de abril, \u00e0s 20h, o musical \u201cRefr\u00e3o da F\u00faria\u201d, inspirada em cantores da m\u00fasica popular brasileira e rock nacional. O espet\u00e1culo faz parte da programa\u00e7\u00e3o da 18\u00aa Mostra de Teatro TPC. A hist\u00f3ria acompanha a forma\u00e7\u00e3o de uma banda\u2026","rel":"","context":"In &quot;Not\u00edcias de Ribeir\u00e3o Preto-SP e Regi\u00e3o&quot;","block_context":{"text":"Not\u00edcias de Ribeir\u00e3o Preto-SP e Regi\u00e3o","link":"https:\/\/noticiasribeiraopreto.com.br\/index.php\/category\/noticias-de-ribeirao-preto-sp-e-regiao-ismael-colosi\/"},"img":{"alt_text":"","src":"https:\/\/i0.wp.com\/noticiasribeiraopreto.com.br\/wp-content\/uploads\/2025\/04\/Copia-de-Copia-de-Copia-de-TAMANHO-EXATO-PARA-FOTOS-NO-SISTEMA-NOVO-46_2025-04-09_16-25-55_jpg_2025-04-09_16-25-55.webp.webp?fit=1200%2C675&ssl=1&resize=350%2C200","width":350,"height":200,"srcset":"https:\/\/i0.wp.com\/noticiasribeiraopreto.com.br\/wp-content\/uploads\/2025\/04\/Copia-de-Copia-de-Copia-de-TAMANHO-EXATO-PARA-FOTOS-NO-SISTEMA-NOVO-46_2025-04-09_16-25-55_jpg_2025-04-09_16-25-55.webp.webp?fit=1200%2C675&ssl=1&resize=350%2C200 1x, https:\/\/i0.wp.com\/noticiasribeiraopreto.com.br\/wp-content\/uploads\/2025\/04\/Copia-de-Copia-de-Copia-de-TAMANHO-EXATO-PARA-FOTOS-NO-SISTEMA-NOVO-46_2025-04-09_16-25-55_jpg_2025-04-09_16-25-55.webp.webp?fit=1200%2C675&ssl=1&resize=525%2C300 1.5x, https:\/\/i0.wp.com\/noticiasribeiraopreto.com.br\/wp-content\/uploads\/2025\/04\/Copia-de-Copia-de-Copia-de-TAMANHO-EXATO-PARA-FOTOS-NO-SISTEMA-NOVO-46_2025-04-09_16-25-55_jpg_2025-04-09_16-25-55.webp.webp?fit=1200%2C675&ssl=1&resize=700%2C400 2x, https:\/\/i0.wp.com\/noticiasribeiraopreto.com.br\/wp-content\/uploads\/2025\/04\/Copia-de-Copia-de-Copia-de-TAMANHO-EXATO-PARA-FOTOS-NO-SISTEMA-NOVO-46_2025-04-09_16-25-55_jpg_2025-04-09_16-25-55.webp.webp?fit=1200%2C675&ssl=1&resize=1050%2C600 3x"},"classes":[]}],"jetpack_sharing_enabled":true,"jetpack_shortlink":"https:\/\/wp.me\/peQAOb-jpX","_links":{"self":[{"href":"https:\/\/noticiasribeiraopreto.com.br\/index.php\/wp-json\/wp\/v2\/posts\/74645","targetHints":{"allow":["GET"]}}],"collection":[{"href":"https:\/\/noticiasribeiraopreto.com.br\/index.php\/wp-json\/wp\/v2\/posts"}],"about":[{"href":"https:\/\/noticiasribeiraopreto.com.br\/index.php\/wp-json\/wp\/v2\/types\/post"}],"author":[{"embeddable":true,"href":"https:\/\/noticiasribeiraopreto.com.br\/index.php\/wp-json\/wp\/v2\/users\/1"}],"replies":[{"embeddable":true,"href":"https:\/\/noticiasribeiraopreto.com.br\/index.php\/wp-json\/wp\/v2\/comments?post=74645"}],"version-history":[{"count":0,"href":"https:\/\/noticiasribeiraopreto.com.br\/index.php\/wp-json\/wp\/v2\/posts\/74645\/revisions"}],"wp:featuredmedia":[{"embeddable":true,"href":"https:\/\/noticiasribeiraopreto.com.br\/index.php\/wp-json\/wp\/v2\/media\/74646"}],"wp:attachment":[{"href":"https:\/\/noticiasribeiraopreto.com.br\/index.php\/wp-json\/wp\/v2\/media?parent=74645"}],"wp:term":[{"taxonomy":"category","embeddable":true,"href":"https:\/\/noticiasribeiraopreto.com.br\/index.php\/wp-json\/wp\/v2\/categories?post=74645"},{"taxonomy":"post_tag","embeddable":true,"href":"https:\/\/noticiasribeiraopreto.com.br\/index.php\/wp-json\/wp\/v2\/tags?post=74645"}],"curies":[{"name":"wp","href":"https:\/\/api.w.org\/{rel}","templated":true}]}}